{"id":8264,"date":"2022-04-22T15:28:13","date_gmt":"2022-04-22T13:28:13","guid":{"rendered":"https:\/\/instytutpolski.pl\/stockholm\/?p=8264"},"modified":"2022-07-21T10:54:47","modified_gmt":"2022-07-21T08:54:47","slug":"kulturnatt-2022-polska-institutet-rekommenderar1","status":"publish","type":"post","link":"https:\/\/instytutpolski.pl\/stockholm\/2022\/04\/22\/kulturnatt-2022-polska-institutet-rekommenderar1\/","title":{"rendered":"Kulturnatt 2022: Polska institutet rekommenderar"},"content":{"rendered":"\n<p><\/p>\n\n\n<div class=\"wp-block-image is-style-rounded\">\n<figure class=\"aligncenter size-large is-resized\"><img loading=\"lazy\" decoding=\"async\" src=\"https:\/\/instytutpolski.pl\/stockholm\/wp-content\/uploads\/sites\/17\/2022\/04\/film2-1-1024x683.jpg\" alt=\"\" class=\"wp-image-8203\" width=\"564\" height=\"376\" srcset=\"https:\/\/instytutpolski.pl\/stockholm\/wp-content\/uploads\/sites\/17\/2022\/04\/film2-1-1024x683.jpg 1024w, https:\/\/instytutpolski.pl\/stockholm\/wp-content\/uploads\/sites\/17\/2022\/04\/film2-1-300x200.jpg 300w, https:\/\/instytutpolski.pl\/stockholm\/wp-content\/uploads\/sites\/17\/2022\/04\/film2-1-768x512.jpg 768w, https:\/\/instytutpolski.pl\/stockholm\/wp-content\/uploads\/sites\/17\/2022\/04\/film2-1-1536x1024.jpg 1536w, https:\/\/instytutpolski.pl\/stockholm\/wp-content\/uploads\/sites\/17\/2022\/04\/film2-1-2048x1365.jpg 2048w\" sizes=\"auto, (max-width: 564px) 100vw, 564px\" \/><\/figure><\/div>\n\n\n<pre class=\"wp-block-verse\"><\/pre>\n\n\n\n<p>Den 23 april, inom ramen f\u00f6r festivalen An Ordinary Day Film Festival, visas den experimentella filmen \u201dThe world that flew away on the back of the cow\u201d (pol. \u201c\u015awiat, kt\u00f3ry ulecia\u0142 na grzbiecie krowy\u201d) i regi av Wojciech Hoffmann. Alla bes\u00f6kare p\u00e5 Studio 44 f\u00e5r \u00e4ven en chans att se utst\u00e4llningen \u201dMaking of\u201d med skulpturer skapade av Wojciech Hoffmann. Utst\u00e4llningen best\u00e5r av figurer av karakt\u00e4rerna som anv\u00e4nds i filmen \u201dThe world that flew away on the back of a cow\u201d och \u00e4r en fysisk representation av det arbetet som ing\u00e5r i skapandet av en animerad film.<\/p>\n\n\n\n<p>Wojciech Hoffmann och Micha\u0142 Hudzikowski, representant f\u00f6r filmens producent &#8211; Munk Studio, kommer att visa f\u00f6r den svenska publiken hur filmen \u2019The world that flew away on the back of the cow\u2019 skapades.<\/p>\n\n\n\n<p>19:00 &#8211; 19:45 Q&amp;A med Michal Hudzikowski och Nils Claesson<\/p>\n\n\n\n<p>20:00 \u2013 21:40 filmer fr\u00e5n Munk Studion<\/p>\n\n\n\n<p>22:00 utst\u00e4llning och samtal med Wojciech Hoffmann<\/p>\n\n\n\n<p>Fri entr\u00e9 med anledning av Kulturnatt Stockholm. L\u00e4s mer <a href=\"https:\/\/instytutpolski.pl\/stockholm\/2022\/04\/11\/wojciech-hoffmann-och-michal-hudzikowski-pa-an-ordinary-day-film-festival-i-stockholm1\/\">h\u00e4r<\/a>.<\/p>\n\n\n\n<pre class=\"wp-block-verse\"><\/pre>\n\n\n<div class=\"wp-block-image is-style-rounded\">\n<figure class=\"aligncenter size-large is-resized\"><img loading=\"lazy\" decoding=\"async\" src=\"https:\/\/instytutpolski.pl\/stockholm\/wp-content\/uploads\/sites\/17\/2022\/04\/IMG_9020-1024x768.jpg\" alt=\"\" class=\"wp-image-8154\" width=\"555\" height=\"416\" srcset=\"https:\/\/instytutpolski.pl\/stockholm\/wp-content\/uploads\/sites\/17\/2022\/04\/IMG_9020-1024x768.jpg 1024w, https:\/\/instytutpolski.pl\/stockholm\/wp-content\/uploads\/sites\/17\/2022\/04\/IMG_9020-300x225.jpg 300w, https:\/\/instytutpolski.pl\/stockholm\/wp-content\/uploads\/sites\/17\/2022\/04\/IMG_9020-768x576.jpg 768w, https:\/\/instytutpolski.pl\/stockholm\/wp-content\/uploads\/sites\/17\/2022\/04\/IMG_9020-1536x1152.jpg 1536w, https:\/\/instytutpolski.pl\/stockholm\/wp-content\/uploads\/sites\/17\/2022\/04\/IMG_9020-2048x1536.jpg 2048w\" sizes=\"auto, (max-width: 555px) 100vw, 555px\" \/><\/figure><\/div>\n\n\n<pre class=\"wp-block-verse\"><\/pre>\n\n\n\n<p>Under \u00e5rets Kulturnatt Stockholm kommer Monika Patuszy\u0144ska h\u00e5lla tv\u00e5 korta presentationer om hur man jobbar med keramiken. Alla konst\u00e4lskare kommer att kunna bes\u00f6ka utst\u00e4llningen \u2019TransForms\u2019 med unika keramikverk som skapades av Monika p\u00e5 galleriet Bl\u00e5s&amp;Kn\u00e5da.<\/p>\n\n\n\n<p>Monika arbetar med keramik och anv\u00e4nder sin egen gjutteknik f\u00f6r att ge liv till unika variationer av klassiskt porslin. I sitt konstn\u00e4rliga skapande mots\u00e4tter hon sig upprepning och symmetri som \u00e4r egenskaper ofta f\u00f6rknippade med brukskonst. Kom till Bl\u00e5s&amp;Kn\u00e5da p\u00e5 l\u00f6rdag och tr\u00e4ffa konstn\u00e4ren sj\u00e4lv!<\/p>\n\n\n\n<p>19.00 \u2013 19.15: Monika Patuszy\u0144ska visar sin utst\u00e4llning<\/p>\n\n\n\n<p>21.00 \u2013 21.15: Monika Patuszy\u0144ska visar sin utst\u00e4llning<\/p>\n\n\n\n<p>L\u00e4s mer om utst\u00e4llningen <a href=\"https:\/\/instytutpolski.pl\/stockholm\/2022\/03\/30\/monika-patuszynskas-transforms1\/\" target=\"_blank\" rel=\"noreferrer noopener\">h\u00e4r<\/a>.<\/p>\n\n\n\n<pre class=\"wp-block-verse\"><\/pre>\n\n\n<div class=\"wp-block-image is-style-rounded\">\n<figure class=\"aligncenter size-large is-resized\"><img loading=\"lazy\" decoding=\"async\" src=\"https:\/\/instytutpolski.pl\/stockholm\/wp-content\/uploads\/sites\/17\/2022\/04\/Instagram-bilder-i-texten-2-1024x1024.png\" alt=\"\" class=\"wp-image-8276\" width=\"431\" height=\"431\" srcset=\"https:\/\/instytutpolski.pl\/stockholm\/wp-content\/uploads\/sites\/17\/2022\/04\/Instagram-bilder-i-texten-2-1024x1024.png 1024w, https:\/\/instytutpolski.pl\/stockholm\/wp-content\/uploads\/sites\/17\/2022\/04\/Instagram-bilder-i-texten-2-300x300.png 300w, https:\/\/instytutpolski.pl\/stockholm\/wp-content\/uploads\/sites\/17\/2022\/04\/Instagram-bilder-i-texten-2-150x150.png 150w, https:\/\/instytutpolski.pl\/stockholm\/wp-content\/uploads\/sites\/17\/2022\/04\/Instagram-bilder-i-texten-2-768x768.png 768w, https:\/\/instytutpolski.pl\/stockholm\/wp-content\/uploads\/sites\/17\/2022\/04\/Instagram-bilder-i-texten-2.png 1080w\" sizes=\"auto, (max-width: 431px) 100vw, 431px\" \/><\/figure><\/div>\n\n\n<pre class=\"wp-block-verse\"><\/pre>\n\n\n\n<p>Utst\u00e4llning och f\u00f6rel\u00e4sningar om F. Liszt och hans musik av A.G. Sundstr\u00f6m, pianist och f\u00f6rfattare av \u201dFranz Liszt. Kontrasternas man\u201d (2021). Gatuutst\u00e4llning om enast\u00e5ende komposit\u00f6rer fr\u00e5n Ungern, Slovakien, Tjeckien och Polen.<\/p>\n\n\n\n<p>18:00-24:00 Gatuutst\u00e4llning om komposit\u00f6rer fr\u00e5n Visegr\u00e1dgruppsl\u00e4nderna<\/p>\n\n\n\n<p>Mer om projektet hittar du <a href=\"https:\/\/kulturnattstockholm.se\/event\/den-sensationella-liszt-och-andra-enastaende-kompositorer-fran-visegrad-landerna\/\" target=\"_blank\" rel=\"noreferrer noopener\">h\u00e4r<\/a>.<\/p>\n\n\n\n<p><\/p>\n\n\n\n<p>F\u00f6r mer info om den lila natten bes\u00f6k <a href=\"https:\/\/kulturnattstockholm.se\/\" target=\"_blank\" rel=\"noreferrer noopener\">Kulturnattens officiella hemsida<\/a>.<\/p>\n","protected":false},"excerpt":{"rendered":"<p>Den 23 april, inom ramen f\u00f6r festivalen An Ordinary Day Film Festival, visas den experimentella filmen \u201dThe world that flew away on the back of the cow\u201d (pol. \u201c\u015awiat, kt\u00f3ry ulecia\u0142 na grzbiecie krowy\u201d) i regi av Wojciech Hoffmann. Alla bes\u00f6kare p\u00e5 Studio 44 f\u00e5r \u00e4ven en chans att se utst\u00e4llningen \u201dMaking of\u201d med skulpturer [&hellip;]<\/p>\n","protected":false},"author":29,"featured_media":8265,"comment_status":"closed","ping_status":"closed","sticky":false,"template":"","format":"standard","meta":{"inline_featured_image":false,"_monsterinsights_skip_tracking":false,"_monsterinsights_sitenote_active":false,"_monsterinsights_sitenote_note":"","_monsterinsights_sitenote_category":0,"footnotes":""},"categories":[164,12,95,102,99],"tags":[],"class_list":["post-8264","post","type-post","status-publish","format-standard","has-post-thumbnail","hentry","category-design","category-evenemang","category-film-evenemang","category-konst","category-musik"],"yoast_head":"<!-- This site is optimized with the Yoast SEO plugin v24.6 - https:\/\/yoast.com\/wordpress\/plugins\/seo\/ -->\n<title>Kulturnatt 2022: Polska institutet rekommenderar - Instytut Polski w Sztokholmie<\/title>\n<meta name=\"robots\" content=\"index, follow, max-snippet:-1, max-image-preview:large, max-video-preview:-1\" \/>\n<link rel=\"canonical\" href=\"https:\/\/instytutpolski.pl\/stockholm\/2022\/04\/22\/kulturnatt-2022-polska-institutet-rekommenderar1\/\" \/>\n<meta property=\"og:locale\" content=\"pl_PL\" \/>\n<meta property=\"og:type\" content=\"article\" \/>\n<meta property=\"og:title\" content=\"Kulturnatt 2022: Polska institutet rekommenderar - Instytut Polski w Sztokholmie\" \/>\n<meta property=\"og:description\" content=\"Den 23 april, inom ramen f\u00f6r festivalen An Ordinary Day Film Festival, visas den experimentella filmen \u201dThe world that flew away on the back of the cow\u201d (pol. \u201c\u015awiat, kt\u00f3ry ulecia\u0142 na grzbiecie krowy\u201d) i regi av Wojciech Hoffmann. Alla bes\u00f6kare p\u00e5 Studio 44 f\u00e5r \u00e4ven en chans att se utst\u00e4llningen \u201dMaking of\u201d med skulpturer [&hellip;]\" \/>\n<meta property=\"og:url\" content=\"https:\/\/instytutpolski.pl\/stockholm\/2022\/04\/22\/kulturnatt-2022-polska-institutet-rekommenderar1\/\" \/>\n<meta property=\"og:site_name\" content=\"Instytut Polski w Sztokholmie\" \/>\n<meta property=\"article:published_time\" content=\"2022-04-22T13:28:13+00:00\" \/>\n<meta property=\"article:modified_time\" content=\"2022-07-21T08:54:47+00:00\" \/>\n<meta property=\"og:image\" content=\"https:\/\/instytutpolski.pl\/stockholm\/wp-content\/uploads\/sites\/17\/2022\/04\/Hemsida-IP-banner-artikel.png\" \/>\n\t<meta property=\"og:image:width\" content=\"1120\" \/>\n\t<meta property=\"og:image:height\" content=\"630\" \/>\n\t<meta property=\"og:image:type\" content=\"image\/png\" \/>\n<meta name=\"author\" content=\"strozniake\" \/>\n<meta name=\"twitter:card\" content=\"summary_large_image\" \/>\n<meta name=\"twitter:label1\" content=\"Napisane przez\" \/>\n\t<meta name=\"twitter:data1\" content=\"strozniake\" \/>\n\t<meta name=\"twitter:label2\" content=\"Szacowany czas czytania\" \/>\n\t<meta name=\"twitter:data2\" content=\"3 minuty\" \/>\n<script type=\"application\/ld+json\" class=\"yoast-schema-graph\">{\"@context\":\"https:\/\/schema.org\",\"@graph\":[{\"@type\":\"event\",\"@id\":\"https:\/\/instytutpolski.pl\/stockholm\/2022\/04\/22\/kulturnatt-2022-polska-institutet-rekommenderar1\/\",\"url\":\"https:\/\/instytutpolski.pl\/stockholm\/2022\/04\/22\/kulturnatt-2022-polska-institutet-rekommenderar1\/\",\"name\":\"Kulturnatt 2022: Polska institutet rekommenderar\",\"isPartOf\":{\"@id\":\"https:\/\/instytutpolski.pl\/stockholm\/#website\"},\"primaryImageOfPage\":{\"@id\":\"https:\/\/instytutpolski.pl\/stockholm\/2022\/04\/22\/kulturnatt-2022-polska-institutet-rekommenderar1\/#primaryimage\"},\"image\":[\"https:\/\/instytutpolski.pl\/stockholm\/wp-content\/uploads\/sites\/17\/2022\/04\/Hemsida-IP-banner-artikel.png\",\"https:\/\/instytutpolski.pl\/stockholm\/wp-content\/uploads\/sites\/17\/2022\/04\/Hemsida-IP-banner-artikel-300x169.png\",\"https:\/\/instytutpolski.pl\/stockholm\/wp-content\/uploads\/sites\/17\/2022\/04\/Hemsida-IP-banner-artikel-1024x576.png\",\"https:\/\/instytutpolski.pl\/stockholm\/wp-content\/uploads\/sites\/17\/2022\/04\/Hemsida-IP-banner-artikel.png\"],\"thumbnailUrl\":\"https:\/\/instytutpolski.pl\/stockholm\/wp-content\/uploads\/sites\/17\/2022\/04\/Hemsida-IP-banner-artikel.png\",\"datePublished\":\"2022-04-22T13:28:13+02:00\",\"dateModified\":\"2022-07-21T08:54:47+02:00\",\"author\":{\"@id\":\"https:\/\/instytutpolski.pl\/stockholm\/#\/schema\/person\/062b5a5f61f32b17c98996975db8d556\"},\"breadcrumb\":{\"@id\":\"https:\/\/instytutpolski.pl\/stockholm\/2022\/04\/22\/kulturnatt-2022-polska-institutet-rekommenderar1\/#breadcrumb\"},\"inLanguage\":\"pl-PL\",\"potentialAction\":[{\"@type\":\"ReadAction\",\"target\":[\"https:\/\/instytutpolski.pl\/stockholm\/2022\/04\/22\/kulturnatt-2022-polska-institutet-rekommenderar1\/\"]}],\"@context\":\"https:\/\/schema.org\",\"startDate\":\"2022-04-23T06:00:00+02:00\",\"endDate\":\"2022-04-23T11:00:00+02:00\",\"eventStatus\":\"EventScheduled\",\"eventAttendanceMode\":\"OfflineEventAttendanceMode\",\"location\":{\"@type\":\"place\",\"name\":\"Stockholm\",\"address\":\"Stockholm\",\"geo\":{\"@type\":\"GeoCoordinates\",\"latitude\":\"59.31346625866331\",\"longitude\":\"18.10117528778326\"}},\"description\":\"Den 23 april, inom ramen f\u00f6r festivalen An Ordinary Day Film Festival, visas den experimentella filmen \u201dThe world that flew away on the back of the cow\u201d (pol. \u201c\u015awiat, kt\u00f3ry ulecia\u0142 na grzbiecie krowy\u201d) i regi av Wojciech Hoffmann. Alla bes\u00f6kare p\u00e5 Studio 44 f\u00e5r \u00e4ven en chans att se utst\u00e4llningen \u201dMaking of\u201d med skulpturer skapade av Wojciech Hoffmann. Utst\u00e4llningen best\u00e5r av figurer av karakt\u00e4rerna som anv\u00e4nds i filmen \u201dThe world that flew away on the back of a cow\u201d och \u00e4r en fysisk representation av det arbetet som ing\u00e5r i skapandet av en animerad film.\\nWojciech Hoffmann och Micha\u0142 Hudzikowski, representant f\u00f6r filmens producent - Munk Studio, kommer att visa f\u00f6r den svenska publiken hur filmen \u2019The world that flew away on the back of the cow\u2019 skapades.\\n19:00 - 19:45 Q&amp;A med Michal Hudzikowski och Nils Claesson\\n20:00 \u2013 21:40 filmer fr\u00e5n Munk Studion\\n22:00 utst\u00e4llning och samtal med Wojciech Hoffmann\\nFri entr\u00e9 med anledning av Kulturnatt Stockholm. L\u00e4s mer h\u00e4r.\\nUnder \u00e5rets Kulturnatt Stockholm kommer Monika Patuszy\u0144ska h\u00e5lla tv\u00e5 korta presentationer om hur man jobbar med keramiken. Alla konst\u00e4lskare kommer att kunna bes\u00f6ka utst\u00e4llningen \u2019TransForms\u2019 med unika keramikverk som skapades av Monika p\u00e5 galleriet Bl\u00e5s&amp;Kn\u00e5da.\\nMonika arbetar med keramik och anv\u00e4nder sin egen gjutteknik f\u00f6r att ge liv till unika variationer av klassiskt porslin. I sitt konstn\u00e4rliga skapande mots\u00e4tter hon sig upprepning och symmetri som \u00e4r egenskaper ofta f\u00f6rknippade med brukskonst. Kom till Bl\u00e5s&amp;Kn\u00e5da p\u00e5 l\u00f6rdag och tr\u00e4ffa konstn\u00e4ren sj\u00e4lv!\\n19.00 \u2013 19.15: Monika Patuszy\u0144ska visar sin utst\u00e4llning\\n21.00 \u2013 21.15: Monika Patuszy\u0144ska visar sin utst\u00e4llning\\nL\u00e4s mer om utst\u00e4llningen h\u00e4r.\\nUtst\u00e4llning och f\u00f6rel\u00e4sningar om F. Liszt och hans musik av A.G. Sundstr\u00f6m, pianist och f\u00f6rfattare av \u201dFranz Liszt. Kontrasternas man\u201d (2021). Gatuutst\u00e4llning om enast\u00e5ende komposit\u00f6rer fr\u00e5n Ungern, Slovakien, Tjeckien och Polen.\\n18:00-24:00 Gatuutst\u00e4llning om komposit\u00f6rer fr\u00e5n Visegr\u00e1dgruppsl\u00e4nderna\\nMer om projektet hittar du h\u00e4r.\\nF\u00f6r mer info om den lila natten bes\u00f6k Kulturnattens officiella hemsida.\"},{\"@type\":\"ImageObject\",\"inLanguage\":\"pl-PL\",\"@id\":\"https:\/\/instytutpolski.pl\/stockholm\/2022\/04\/22\/kulturnatt-2022-polska-institutet-rekommenderar1\/#primaryimage\",\"url\":\"https:\/\/instytutpolski.pl\/stockholm\/wp-content\/uploads\/sites\/17\/2022\/04\/Hemsida-IP-banner-artikel.png\",\"contentUrl\":\"https:\/\/instytutpolski.pl\/stockholm\/wp-content\/uploads\/sites\/17\/2022\/04\/Hemsida-IP-banner-artikel.png\",\"width\":1120,\"height\":630},{\"@type\":\"BreadcrumbList\",\"@id\":\"https:\/\/instytutpolski.pl\/stockholm\/2022\/04\/22\/kulturnatt-2022-polska-institutet-rekommenderar1\/#breadcrumb\",\"itemListElement\":[{\"@type\":\"ListItem\",\"position\":1,\"name\":\"Home\",\"item\":\"https:\/\/instytutpolski.pl\/stockholm\/\"},{\"@type\":\"ListItem\",\"position\":2,\"name\":\"Kulturnatt 2022: Polska institutet rekommenderar\"}]},{\"@type\":\"WebSite\",\"@id\":\"https:\/\/instytutpolski.pl\/stockholm\/#website\",\"url\":\"https:\/\/instytutpolski.pl\/stockholm\/\",\"name\":\"Instytut Polski w Sztokholmie\",\"description\":\"Instytuty Polskie\",\"potentialAction\":[{\"@type\":\"SearchAction\",\"target\":{\"@type\":\"EntryPoint\",\"urlTemplate\":\"https:\/\/instytutpolski.pl\/stockholm\/?s={search_term_string}\"},\"query-input\":{\"@type\":\"PropertyValueSpecification\",\"valueRequired\":true,\"valueName\":\"search_term_string\"}}],\"inLanguage\":\"pl-PL\"},{\"@type\":\"Person\",\"@id\":\"https:\/\/instytutpolski.pl\/stockholm\/#\/schema\/person\/062b5a5f61f32b17c98996975db8d556\",\"name\":\"strozniake\",\"image\":{\"@type\":\"ImageObject\",\"inLanguage\":\"pl-PL\",\"@id\":\"https:\/\/instytutpolski.pl\/stockholm\/#\/schema\/person\/image\/\",\"url\":\"https:\/\/secure.gravatar.com\/avatar\/25e0be9897787f9035155a882fde97cc?s=96&d=mm&r=g\",\"contentUrl\":\"https:\/\/secure.gravatar.com\/avatar\/25e0be9897787f9035155a882fde97cc?s=96&d=mm&r=g\",\"caption\":\"strozniake\"},\"sameAs\":[\"http:\/\/strozniake\"],\"url\":\"https:\/\/instytutpolski.pl\/stockholm\/author\/strozniake\/\"}]}<\/script>\n<!-- \/ Yoast SEO plugin. -->","yoast_head_json":{"title":"Kulturnatt 2022: Polska institutet rekommenderar - Instytut Polski w Sztokholmie","robots":{"index":"index","follow":"follow","max-snippet":"max-snippet:-1","max-image-preview":"max-image-preview:large","max-video-preview":"max-video-preview:-1"},"canonical":"https:\/\/instytutpolski.pl\/stockholm\/2022\/04\/22\/kulturnatt-2022-polska-institutet-rekommenderar1\/","og_locale":"pl_PL","og_type":"article","og_title":"Kulturnatt 2022: Polska institutet rekommenderar - Instytut Polski w Sztokholmie","og_description":"Den 23 april, inom ramen f\u00f6r festivalen An Ordinary Day Film Festival, visas den experimentella filmen \u201dThe world that flew away on the back of the cow\u201d (pol. \u201c\u015awiat, kt\u00f3ry ulecia\u0142 na grzbiecie krowy\u201d) i regi av Wojciech Hoffmann. Alla bes\u00f6kare p\u00e5 Studio 44 f\u00e5r \u00e4ven en chans att se utst\u00e4llningen \u201dMaking of\u201d med skulpturer [&hellip;]","og_url":"https:\/\/instytutpolski.pl\/stockholm\/2022\/04\/22\/kulturnatt-2022-polska-institutet-rekommenderar1\/","og_site_name":"Instytut Polski w Sztokholmie","article_published_time":"2022-04-22T13:28:13+00:00","article_modified_time":"2022-07-21T08:54:47+00:00","og_image":[{"width":1120,"height":630,"url":"https:\/\/instytutpolski.pl\/stockholm\/wp-content\/uploads\/sites\/17\/2022\/04\/Hemsida-IP-banner-artikel.png","type":"image\/png"}],"author":"strozniake","twitter_card":"summary_large_image","twitter_misc":{"Napisane przez":"strozniake","Szacowany czas czytania":"3 minuty"},"schema":{"@context":"https:\/\/schema.org","@graph":[{"@type":"event","@id":"https:\/\/instytutpolski.pl\/stockholm\/2022\/04\/22\/kulturnatt-2022-polska-institutet-rekommenderar1\/","url":"https:\/\/instytutpolski.pl\/stockholm\/2022\/04\/22\/kulturnatt-2022-polska-institutet-rekommenderar1\/","name":"Kulturnatt 2022: Polska institutet rekommenderar","isPartOf":{"@id":"https:\/\/instytutpolski.pl\/stockholm\/#website"},"primaryImageOfPage":{"@id":"https:\/\/instytutpolski.pl\/stockholm\/2022\/04\/22\/kulturnatt-2022-polska-institutet-rekommenderar1\/#primaryimage"},"image":["https:\/\/instytutpolski.pl\/stockholm\/wp-content\/uploads\/sites\/17\/2022\/04\/Hemsida-IP-banner-artikel.png","https:\/\/instytutpolski.pl\/stockholm\/wp-content\/uploads\/sites\/17\/2022\/04\/Hemsida-IP-banner-artikel-300x169.png","https:\/\/instytutpolski.pl\/stockholm\/wp-content\/uploads\/sites\/17\/2022\/04\/Hemsida-IP-banner-artikel-1024x576.png","https:\/\/instytutpolski.pl\/stockholm\/wp-content\/uploads\/sites\/17\/2022\/04\/Hemsida-IP-banner-artikel.png"],"thumbnailUrl":"https:\/\/instytutpolski.pl\/stockholm\/wp-content\/uploads\/sites\/17\/2022\/04\/Hemsida-IP-banner-artikel.png","datePublished":"2022-04-22T13:28:13+02:00","dateModified":"2022-07-21T08:54:47+02:00","author":{"@id":"https:\/\/instytutpolski.pl\/stockholm\/#\/schema\/person\/062b5a5f61f32b17c98996975db8d556"},"breadcrumb":{"@id":"https:\/\/instytutpolski.pl\/stockholm\/2022\/04\/22\/kulturnatt-2022-polska-institutet-rekommenderar1\/#breadcrumb"},"inLanguage":"pl-PL","potentialAction":[{"@type":"ReadAction","target":["https:\/\/instytutpolski.pl\/stockholm\/2022\/04\/22\/kulturnatt-2022-polska-institutet-rekommenderar1\/"]}],"@context":"https:\/\/schema.org","startDate":"2022-04-23T06:00:00+02:00","endDate":"2022-04-23T11:00:00+02:00","eventStatus":"EventScheduled","eventAttendanceMode":"OfflineEventAttendanceMode","location":{"@type":"place","name":"Stockholm","address":"Stockholm","geo":{"@type":"GeoCoordinates","latitude":"59.31346625866331","longitude":"18.10117528778326"}},"description":"Den 23 april, inom ramen f\u00f6r festivalen An Ordinary Day Film Festival, visas den experimentella filmen \u201dThe world that flew away on the back of the cow\u201d (pol. \u201c\u015awiat, kt\u00f3ry ulecia\u0142 na grzbiecie krowy\u201d) i regi av Wojciech Hoffmann. Alla bes\u00f6kare p\u00e5 Studio 44 f\u00e5r \u00e4ven en chans att se utst\u00e4llningen \u201dMaking of\u201d med skulpturer skapade av Wojciech Hoffmann. Utst\u00e4llningen best\u00e5r av figurer av karakt\u00e4rerna som anv\u00e4nds i filmen \u201dThe world that flew away on the back of a cow\u201d och \u00e4r en fysisk representation av det arbetet som ing\u00e5r i skapandet av en animerad film.\nWojciech Hoffmann och Micha\u0142 Hudzikowski, representant f\u00f6r filmens producent - Munk Studio, kommer att visa f\u00f6r den svenska publiken hur filmen \u2019The world that flew away on the back of the cow\u2019 skapades.\n19:00 - 19:45 Q&amp;A med Michal Hudzikowski och Nils Claesson\n20:00 \u2013 21:40 filmer fr\u00e5n Munk Studion\n22:00 utst\u00e4llning och samtal med Wojciech Hoffmann\nFri entr\u00e9 med anledning av Kulturnatt Stockholm. L\u00e4s mer h\u00e4r.\nUnder \u00e5rets Kulturnatt Stockholm kommer Monika Patuszy\u0144ska h\u00e5lla tv\u00e5 korta presentationer om hur man jobbar med keramiken. Alla konst\u00e4lskare kommer att kunna bes\u00f6ka utst\u00e4llningen \u2019TransForms\u2019 med unika keramikverk som skapades av Monika p\u00e5 galleriet Bl\u00e5s&amp;Kn\u00e5da.\nMonika arbetar med keramik och anv\u00e4nder sin egen gjutteknik f\u00f6r att ge liv till unika variationer av klassiskt porslin. I sitt konstn\u00e4rliga skapande mots\u00e4tter hon sig upprepning och symmetri som \u00e4r egenskaper ofta f\u00f6rknippade med brukskonst. Kom till Bl\u00e5s&amp;Kn\u00e5da p\u00e5 l\u00f6rdag och tr\u00e4ffa konstn\u00e4ren sj\u00e4lv!\n19.00 \u2013 19.15: Monika Patuszy\u0144ska visar sin utst\u00e4llning\n21.00 \u2013 21.15: Monika Patuszy\u0144ska visar sin utst\u00e4llning\nL\u00e4s mer om utst\u00e4llningen h\u00e4r.\nUtst\u00e4llning och f\u00f6rel\u00e4sningar om F. Liszt och hans musik av A.G. Sundstr\u00f6m, pianist och f\u00f6rfattare av \u201dFranz Liszt. Kontrasternas man\u201d (2021). Gatuutst\u00e4llning om enast\u00e5ende komposit\u00f6rer fr\u00e5n Ungern, Slovakien, Tjeckien och Polen.\n18:00-24:00 Gatuutst\u00e4llning om komposit\u00f6rer fr\u00e5n Visegr\u00e1dgruppsl\u00e4nderna\nMer om projektet hittar du h\u00e4r.\nF\u00f6r mer info om den lila natten bes\u00f6k Kulturnattens officiella hemsida."},{"@type":"ImageObject","inLanguage":"pl-PL","@id":"https:\/\/instytutpolski.pl\/stockholm\/2022\/04\/22\/kulturnatt-2022-polska-institutet-rekommenderar1\/#primaryimage","url":"https:\/\/instytutpolski.pl\/stockholm\/wp-content\/uploads\/sites\/17\/2022\/04\/Hemsida-IP-banner-artikel.png","contentUrl":"https:\/\/instytutpolski.pl\/stockholm\/wp-content\/uploads\/sites\/17\/2022\/04\/Hemsida-IP-banner-artikel.png","width":1120,"height":630},{"@type":"BreadcrumbList","@id":"https:\/\/instytutpolski.pl\/stockholm\/2022\/04\/22\/kulturnatt-2022-polska-institutet-rekommenderar1\/#breadcrumb","itemListElement":[{"@type":"ListItem","position":1,"name":"Home","item":"https:\/\/instytutpolski.pl\/stockholm\/"},{"@type":"ListItem","position":2,"name":"Kulturnatt 2022: Polska institutet rekommenderar"}]},{"@type":"WebSite","@id":"https:\/\/instytutpolski.pl\/stockholm\/#website","url":"https:\/\/instytutpolski.pl\/stockholm\/","name":"Instytut Polski w Sztokholmie","description":"Instytuty Polskie","potentialAction":[{"@type":"SearchAction","target":{"@type":"EntryPoint","urlTemplate":"https:\/\/instytutpolski.pl\/stockholm\/?s={search_term_string}"},"query-input":{"@type":"PropertyValueSpecification","valueRequired":true,"valueName":"search_term_string"}}],"inLanguage":"pl-PL"},{"@type":"Person","@id":"https:\/\/instytutpolski.pl\/stockholm\/#\/schema\/person\/062b5a5f61f32b17c98996975db8d556","name":"strozniake","image":{"@type":"ImageObject","inLanguage":"pl-PL","@id":"https:\/\/instytutpolski.pl\/stockholm\/#\/schema\/person\/image\/","url":"https:\/\/secure.gravatar.com\/avatar\/25e0be9897787f9035155a882fde97cc?s=96&d=mm&r=g","contentUrl":"https:\/\/secure.gravatar.com\/avatar\/25e0be9897787f9035155a882fde97cc?s=96&d=mm&r=g","caption":"strozniake"},"sameAs":["http:\/\/strozniake"],"url":"https:\/\/instytutpolski.pl\/stockholm\/author\/strozniake\/"}]}},"_links":{"self":[{"href":"https:\/\/instytutpolski.pl\/stockholm\/wp-json\/wp\/v2\/posts\/8264","targetHints":{"allow":["GET"]}}],"collection":[{"href":"https:\/\/instytutpolski.pl\/stockholm\/wp-json\/wp\/v2\/posts"}],"about":[{"href":"https:\/\/instytutpolski.pl\/stockholm\/wp-json\/wp\/v2\/types\/post"}],"author":[{"embeddable":true,"href":"https:\/\/instytutpolski.pl\/stockholm\/wp-json\/wp\/v2\/users\/29"}],"replies":[{"embeddable":true,"href":"https:\/\/instytutpolski.pl\/stockholm\/wp-json\/wp\/v2\/comments?post=8264"}],"version-history":[{"count":13,"href":"https:\/\/instytutpolski.pl\/stockholm\/wp-json\/wp\/v2\/posts\/8264\/revisions"}],"predecessor-version":[{"id":8881,"href":"https:\/\/instytutpolski.pl\/stockholm\/wp-json\/wp\/v2\/posts\/8264\/revisions\/8881"}],"wp:featuredmedia":[{"embeddable":true,"href":"https:\/\/instytutpolski.pl\/stockholm\/wp-json\/wp\/v2\/media\/8265"}],"wp:attachment":[{"href":"https:\/\/instytutpolski.pl\/stockholm\/wp-json\/wp\/v2\/media?parent=8264"}],"wp:term":[{"taxonomy":"category","embeddable":true,"href":"https:\/\/instytutpolski.pl\/stockholm\/wp-json\/wp\/v2\/categories?post=8264"},{"taxonomy":"post_tag","embeddable":true,"href":"https:\/\/instytutpolski.pl\/stockholm\/wp-json\/wp\/v2\/tags?post=8264"}],"curies":[{"name":"wp","href":"https:\/\/api.w.org\/{rel}","templated":true}]}}