{"id":8406,"date":"2022-05-11T13:19:39","date_gmt":"2022-05-11T11:19:39","guid":{"rendered":"https:\/\/instytutpolski.pl\/stockholm\/?p=8406"},"modified":"2022-05-25T11:13:51","modified_gmt":"2022-05-25T09:13:51","slug":"100-arsjubileet-av-polens-herrlandslag-i-fotbolls-forsta-seger","status":"publish","type":"post","link":"https:\/\/instytutpolski.pl\/stockholm\/2022\/05\/11\/100-arsjubileet-av-polens-herrlandslag-i-fotbolls-forsta-seger\/","title":{"rendered":"100-\u00e5rsjubileet av Polens herrlandslag i fotbolls f\u00f6rsta seger efter kriget"},"content":{"rendered":"\n<p>Den 27 maj kl 11 firar vi det 100-\u00e5rsjubileet av Polens herrlandslag i fotbolls f\u00f6rsta seger efter kriget. Under dagen kommer att h\u00e5llas f\u00f6redrag av Dr. habil. Robert Gawkowski och Anders Johr\u00e9n samt ett tal om en av de b\u00e4sta polska fotbollsspelarna \u2013 J\u00f3zef Klotz.<\/p>\n\n\n\n<p>Straffl\u00e4ggaren J\u00f3zef Klotz var en av hj\u00e4ltarna fr\u00e5n matchen mot Sverige 1922. Han f\u00f6ddes i Krak\u00f3w i januari 1900, i ett polsk-judiskt hem. Krigen som Polen utk\u00e4mpade 1919\u20131920 p\u00e5verkade \u00e4ven Klotz som anm\u00e4lt sig som frivillig i arm\u00e9n. Han stred p\u00e5 \u00f6stfronten mot bolsjevikerna och kunde \u00e5terv\u00e4nda till fotbollen f\u00f6rst i slutet av 1920. Klotz som var av judisk h\u00e4rkomst st\u00e4ngdes 1940 in i ghettot i Warszawa d\u00e4r han m\u00f6rdades av nazisterna 1941.<\/p>\n\n\n\n<p>Kom till Gymnastik- och idrottsh\u00f6gskolans (GIH) aula, Liding\u00f6v\u00e4gen 1 i Stockholm, och lyssna p\u00e5 den intressant f\u00f6rel\u00e4sning om polsk-svensk idrottshistoria. Micha\u0142 Listkiewicz, Robert Trzaska, Robert Gawkowski och Anders Johr\u00e9n kommer att visa och ber\u00e4tta bl a om en av de b\u00e4sta polska fotbollsspelarna \u2013 J\u00f3zef Klotz.<\/p>\n\n\n\n<div class=\"wp-block-image\"><figure class=\"aligncenter size-large\"><img loading=\"lazy\" decoding=\"async\" width=\"724\" height=\"1024\" src=\"https:\/\/instytutpolski.pl\/stockholm\/wp-content\/uploads\/sites\/17\/2022\/05\/Sport-event_27.05.2022_invitation_Wersja-ogolna_220428-724x1024.jpg\" alt=\"\" class=\"wp-image-8409\" srcset=\"https:\/\/instytutpolski.pl\/stockholm\/wp-content\/uploads\/sites\/17\/2022\/05\/Sport-event_27.05.2022_invitation_Wersja-ogolna_220428-724x1024.jpg 724w, https:\/\/instytutpolski.pl\/stockholm\/wp-content\/uploads\/sites\/17\/2022\/05\/Sport-event_27.05.2022_invitation_Wersja-ogolna_220428-212x300.jpg 212w, https:\/\/instytutpolski.pl\/stockholm\/wp-content\/uploads\/sites\/17\/2022\/05\/Sport-event_27.05.2022_invitation_Wersja-ogolna_220428-768x1086.jpg 768w, https:\/\/instytutpolski.pl\/stockholm\/wp-content\/uploads\/sites\/17\/2022\/05\/Sport-event_27.05.2022_invitation_Wersja-ogolna_220428-1086x1536.jpg 1086w, https:\/\/instytutpolski.pl\/stockholm\/wp-content\/uploads\/sites\/17\/2022\/05\/Sport-event_27.05.2022_invitation_Wersja-ogolna_220428-1448x2048.jpg 1448w, https:\/\/instytutpolski.pl\/stockholm\/wp-content\/uploads\/sites\/17\/2022\/05\/Sport-event_27.05.2022_invitation_Wersja-ogolna_220428-scaled.jpg 1811w\" sizes=\"auto, (max-width: 724px) 100vw, 724px\" \/><\/figure><\/div>\n","protected":false},"excerpt":{"rendered":"<p>Den 27 maj kl 11 firar vi det 100-\u00e5rsjubileet av Polens herrlandslag i fotbolls f\u00f6rsta seger efter kriget. Under dagen kommer att h\u00e5llas f\u00f6redrag av Dr. habil. Robert Gawkowski och Anders Johr\u00e9n samt ett tal om en av de b\u00e4sta polska fotbollsspelarna \u2013 J\u00f3zef Klotz. Straffl\u00e4ggaren J\u00f3zef Klotz var en av hj\u00e4ltarna fr\u00e5n matchen mot [&hellip;]<\/p>\n","protected":false},"author":29,"featured_media":8408,"comment_status":"closed","ping_status":"closed","sticky":false,"template":"","format":"standard","meta":{"inline_featured_image":false,"_monsterinsights_skip_tracking":false,"_monsterinsights_sitenote_active":false,"_monsterinsights_sitenote_note":"","_monsterinsights_sitenote_category":0,"footnotes":""},"categories":[12,111],"tags":[],"class_list":["post-8406","post","type-post","status-publish","format-standard","has-post-thumbnail","hentry","category-evenemang","category-historia-se"],"yoast_head":"<!-- This site is optimized with the Yoast SEO plugin v24.6 - https:\/\/yoast.com\/wordpress\/plugins\/seo\/ -->\n<title>100-\u00e5rsjubileet av Polens herrlandslag i fotbolls f\u00f6rsta seger efter kriget - Instytut Polski w Sztokholmie<\/title>\n<meta name=\"description\" content=\"Hj\u00e4rtligt v\u00e4lkommen till \u00e5rsjubileet av Polens herrlandslag i fotbolls f\u00f6rsta seger efter kriget som \u00e4gde rum 1922 i Stockholm.\" \/>\n<meta name=\"robots\" content=\"index, follow, max-snippet:-1, max-image-preview:large, max-video-preview:-1\" \/>\n<link rel=\"canonical\" href=\"https:\/\/instytutpolski.pl\/stockholm\/2022\/05\/11\/100-arsjubileet-av-polens-herrlandslag-i-fotbolls-forsta-seger\/\" \/>\n<meta property=\"og:locale\" content=\"pl_PL\" \/>\n<meta property=\"og:type\" content=\"article\" \/>\n<meta property=\"og:title\" content=\"100-\u00e5rsjubileet av Polens herrlandslag i fotbolls f\u00f6rsta seger efter kriget - Instytut Polski w Sztokholmie\" \/>\n<meta property=\"og:description\" content=\"Hj\u00e4rtligt v\u00e4lkommen till \u00e5rsjubileet av Polens herrlandslag i fotbolls f\u00f6rsta seger efter kriget som \u00e4gde rum 1922 i Stockholm.\" \/>\n<meta property=\"og:url\" content=\"https:\/\/instytutpolski.pl\/stockholm\/2022\/05\/11\/100-arsjubileet-av-polens-herrlandslag-i-fotbolls-forsta-seger\/\" \/>\n<meta property=\"og:site_name\" content=\"Instytut Polski w Sztokholmie\" \/>\n<meta property=\"article:published_time\" content=\"2022-05-11T11:19:39+00:00\" \/>\n<meta property=\"article:modified_time\" content=\"2022-05-25T09:13:51+00:00\" \/>\n<meta property=\"og:image\" content=\"https:\/\/instytutpolski.pl\/stockholm\/wp-content\/uploads\/sites\/17\/2022\/05\/baner1.jpg\" \/>\n\t<meta property=\"og:image:width\" content=\"1280\" \/>\n\t<meta property=\"og:image:height\" content=\"427\" \/>\n\t<meta property=\"og:image:type\" content=\"image\/jpeg\" \/>\n<meta name=\"author\" content=\"strozniake\" \/>\n<meta name=\"twitter:card\" content=\"summary_large_image\" \/>\n<meta name=\"twitter:label1\" content=\"Napisane przez\" \/>\n\t<meta name=\"twitter:data1\" content=\"strozniake\" \/>\n\t<meta name=\"twitter:label2\" content=\"Szacowany czas czytania\" \/>\n\t<meta name=\"twitter:data2\" content=\"2 minuty\" \/>\n<script type=\"application\/ld+json\" class=\"yoast-schema-graph\">{\"@context\":\"https:\/\/schema.org\",\"@graph\":[{\"@type\":\"event\",\"@id\":\"https:\/\/instytutpolski.pl\/stockholm\/2022\/05\/11\/100-arsjubileet-av-polens-herrlandslag-i-fotbolls-forsta-seger\/\",\"url\":\"https:\/\/instytutpolski.pl\/stockholm\/2022\/05\/11\/100-arsjubileet-av-polens-herrlandslag-i-fotbolls-forsta-seger\/\",\"name\":\"100-\u00e5rsjubileet av Polens herrlandslag i fotbolls f\u00f6rsta seger efter kriget\",\"isPartOf\":{\"@id\":\"https:\/\/instytutpolski.pl\/stockholm\/#website\"},\"primaryImageOfPage\":{\"@id\":\"https:\/\/instytutpolski.pl\/stockholm\/2022\/05\/11\/100-arsjubileet-av-polens-herrlandslag-i-fotbolls-forsta-seger\/#primaryimage\"},\"image\":[\"https:\/\/instytutpolski.pl\/stockholm\/wp-content\/uploads\/sites\/17\/2022\/05\/baner1.jpg\",\"https:\/\/instytutpolski.pl\/stockholm\/wp-content\/uploads\/sites\/17\/2022\/05\/baner1-300x100.jpg\",\"https:\/\/instytutpolski.pl\/stockholm\/wp-content\/uploads\/sites\/17\/2022\/05\/baner1-1024x342.jpg\",\"https:\/\/instytutpolski.pl\/stockholm\/wp-content\/uploads\/sites\/17\/2022\/05\/baner1.jpg\"],\"thumbnailUrl\":\"https:\/\/instytutpolski.pl\/stockholm\/wp-content\/uploads\/sites\/17\/2022\/05\/baner1.jpg\",\"datePublished\":\"2022-05-11T11:19:39+02:00\",\"dateModified\":\"2022-05-25T09:13:51+02:00\",\"author\":{\"@id\":\"https:\/\/instytutpolski.pl\/stockholm\/#\/schema\/person\/062b5a5f61f32b17c98996975db8d556\"},\"description\":\"Den 27 maj kl 11 firar vi det 100-\u00e5rsjubileet av Polens herrlandslag i fotbolls f\u00f6rsta seger efter kriget. Under dagen kommer att h\u00e5llas f\u00f6redrag av Dr. habil. Robert Gawkowski och Anders Johr\u00e9n samt ett tal om en av de b\u00e4sta polska fotbollsspelarna \u2013 J\u00f3zef Klotz.\\nStraffl\u00e4ggaren J\u00f3zef Klotz var en av hj\u00e4ltarna fr\u00e5n matchen mot Sverige 1922. Han f\u00f6ddes i Krak\u00f3w i januari 1900, i ett polsk-judiskt hem. Krigen som Polen utk\u00e4mpade 1919\u20131920 p\u00e5verkade \u00e4ven Klotz som anm\u00e4lt sig som frivillig i arm\u00e9n. Han stred p\u00e5 \u00f6stfronten mot bolsjevikerna och kunde \u00e5terv\u00e4nda till fotbollen f\u00f6rst i slutet av 1920. Klotz som var av judisk h\u00e4rkomst st\u00e4ngdes 1940 in i ghettot i Warszawa d\u00e4r han m\u00f6rdades av nazisterna 1941.\\nKom till Gymnastik- och idrottsh\u00f6gskolans (GIH) aula, Liding\u00f6v\u00e4gen 1 i Stockholm, och lyssna p\u00e5 den intressant f\u00f6rel\u00e4sning om polsk-svensk idrottshistoria. Micha\u0142 Listkiewicz, Robert Trzaska, Robert Gawkowski och Anders Johr\u00e9n kommer att visa och ber\u00e4tta bl a om en av de b\u00e4sta polska fotbollsspelarna \u2013 J\u00f3zef Klotz.\",\"breadcrumb\":{\"@id\":\"https:\/\/instytutpolski.pl\/stockholm\/2022\/05\/11\/100-arsjubileet-av-polens-herrlandslag-i-fotbolls-forsta-seger\/#breadcrumb\"},\"inLanguage\":\"pl-PL\",\"potentialAction\":[{\"@type\":\"ReadAction\",\"target\":[\"https:\/\/instytutpolski.pl\/stockholm\/2022\/05\/11\/100-arsjubileet-av-polens-herrlandslag-i-fotbolls-forsta-seger\/\"]}],\"@context\":\"https:\/\/schema.org\",\"startDate\":\"2022-05-27T11:00:00+02:00\",\"endDate\":\"2022-05-27T12:30:00+02:00\",\"eventStatus\":\"EventScheduled\",\"eventAttendanceMode\":\"OfflineEventAttendanceMode\",\"location\":{\"@type\":\"place\",\"name\":\"\",\"address\":\"\",\"geo\":{\"@type\":\"GeoCoordinates\",\"latitude\":\"\",\"longitude\":\"\"}}},{\"@type\":\"ImageObject\",\"inLanguage\":\"pl-PL\",\"@id\":\"https:\/\/instytutpolski.pl\/stockholm\/2022\/05\/11\/100-arsjubileet-av-polens-herrlandslag-i-fotbolls-forsta-seger\/#primaryimage\",\"url\":\"https:\/\/instytutpolski.pl\/stockholm\/wp-content\/uploads\/sites\/17\/2022\/05\/baner1.jpg\",\"contentUrl\":\"https:\/\/instytutpolski.pl\/stockholm\/wp-content\/uploads\/sites\/17\/2022\/05\/baner1.jpg\",\"width\":1280,\"height\":427},{\"@type\":\"BreadcrumbList\",\"@id\":\"https:\/\/instytutpolski.pl\/stockholm\/2022\/05\/11\/100-arsjubileet-av-polens-herrlandslag-i-fotbolls-forsta-seger\/#breadcrumb\",\"itemListElement\":[{\"@type\":\"ListItem\",\"position\":1,\"name\":\"Home\",\"item\":\"https:\/\/instytutpolski.pl\/stockholm\/\"},{\"@type\":\"ListItem\",\"position\":2,\"name\":\"100-\u00e5rsjubileet av Polens herrlandslag i fotbolls f\u00f6rsta seger efter kriget\"}]},{\"@type\":\"WebSite\",\"@id\":\"https:\/\/instytutpolski.pl\/stockholm\/#website\",\"url\":\"https:\/\/instytutpolski.pl\/stockholm\/\",\"name\":\"Instytut Polski w Sztokholmie\",\"description\":\"Instytuty Polskie\",\"potentialAction\":[{\"@type\":\"SearchAction\",\"target\":{\"@type\":\"EntryPoint\",\"urlTemplate\":\"https:\/\/instytutpolski.pl\/stockholm\/?s={search_term_string}\"},\"query-input\":{\"@type\":\"PropertyValueSpecification\",\"valueRequired\":true,\"valueName\":\"search_term_string\"}}],\"inLanguage\":\"pl-PL\"},{\"@type\":\"Person\",\"@id\":\"https:\/\/instytutpolski.pl\/stockholm\/#\/schema\/person\/062b5a5f61f32b17c98996975db8d556\",\"name\":\"strozniake\",\"image\":{\"@type\":\"ImageObject\",\"inLanguage\":\"pl-PL\",\"@id\":\"https:\/\/instytutpolski.pl\/stockholm\/#\/schema\/person\/image\/\",\"url\":\"https:\/\/secure.gravatar.com\/avatar\/25e0be9897787f9035155a882fde97cc?s=96&d=mm&r=g\",\"contentUrl\":\"https:\/\/secure.gravatar.com\/avatar\/25e0be9897787f9035155a882fde97cc?s=96&d=mm&r=g\",\"caption\":\"strozniake\"},\"sameAs\":[\"http:\/\/strozniake\"],\"url\":\"https:\/\/instytutpolski.pl\/stockholm\/author\/strozniake\/\"}]}<\/script>\n<!-- \/ Yoast SEO plugin. -->","yoast_head_json":{"title":"100-\u00e5rsjubileet av Polens herrlandslag i fotbolls f\u00f6rsta seger efter kriget - Instytut Polski w Sztokholmie","description":"Hj\u00e4rtligt v\u00e4lkommen till \u00e5rsjubileet av Polens herrlandslag i fotbolls f\u00f6rsta seger efter kriget som \u00e4gde rum 1922 i Stockholm.","robots":{"index":"index","follow":"follow","max-snippet":"max-snippet:-1","max-image-preview":"max-image-preview:large","max-video-preview":"max-video-preview:-1"},"canonical":"https:\/\/instytutpolski.pl\/stockholm\/2022\/05\/11\/100-arsjubileet-av-polens-herrlandslag-i-fotbolls-forsta-seger\/","og_locale":"pl_PL","og_type":"article","og_title":"100-\u00e5rsjubileet av Polens herrlandslag i fotbolls f\u00f6rsta seger efter kriget - Instytut Polski w Sztokholmie","og_description":"Hj\u00e4rtligt v\u00e4lkommen till \u00e5rsjubileet av Polens herrlandslag i fotbolls f\u00f6rsta seger efter kriget som \u00e4gde rum 1922 i Stockholm.","og_url":"https:\/\/instytutpolski.pl\/stockholm\/2022\/05\/11\/100-arsjubileet-av-polens-herrlandslag-i-fotbolls-forsta-seger\/","og_site_name":"Instytut Polski w Sztokholmie","article_published_time":"2022-05-11T11:19:39+00:00","article_modified_time":"2022-05-25T09:13:51+00:00","og_image":[{"width":1280,"height":427,"url":"https:\/\/instytutpolski.pl\/stockholm\/wp-content\/uploads\/sites\/17\/2022\/05\/baner1.jpg","type":"image\/jpeg"}],"author":"strozniake","twitter_card":"summary_large_image","twitter_misc":{"Napisane przez":"strozniake","Szacowany czas czytania":"2 minuty"},"schema":{"@context":"https:\/\/schema.org","@graph":[{"@type":"event","@id":"https:\/\/instytutpolski.pl\/stockholm\/2022\/05\/11\/100-arsjubileet-av-polens-herrlandslag-i-fotbolls-forsta-seger\/","url":"https:\/\/instytutpolski.pl\/stockholm\/2022\/05\/11\/100-arsjubileet-av-polens-herrlandslag-i-fotbolls-forsta-seger\/","name":"100-\u00e5rsjubileet av Polens herrlandslag i fotbolls f\u00f6rsta seger efter kriget","isPartOf":{"@id":"https:\/\/instytutpolski.pl\/stockholm\/#website"},"primaryImageOfPage":{"@id":"https:\/\/instytutpolski.pl\/stockholm\/2022\/05\/11\/100-arsjubileet-av-polens-herrlandslag-i-fotbolls-forsta-seger\/#primaryimage"},"image":["https:\/\/instytutpolski.pl\/stockholm\/wp-content\/uploads\/sites\/17\/2022\/05\/baner1.jpg","https:\/\/instytutpolski.pl\/stockholm\/wp-content\/uploads\/sites\/17\/2022\/05\/baner1-300x100.jpg","https:\/\/instytutpolski.pl\/stockholm\/wp-content\/uploads\/sites\/17\/2022\/05\/baner1-1024x342.jpg","https:\/\/instytutpolski.pl\/stockholm\/wp-content\/uploads\/sites\/17\/2022\/05\/baner1.jpg"],"thumbnailUrl":"https:\/\/instytutpolski.pl\/stockholm\/wp-content\/uploads\/sites\/17\/2022\/05\/baner1.jpg","datePublished":"2022-05-11T11:19:39+02:00","dateModified":"2022-05-25T09:13:51+02:00","author":{"@id":"https:\/\/instytutpolski.pl\/stockholm\/#\/schema\/person\/062b5a5f61f32b17c98996975db8d556"},"description":"Den 27 maj kl 11 firar vi det 100-\u00e5rsjubileet av Polens herrlandslag i fotbolls f\u00f6rsta seger efter kriget. Under dagen kommer att h\u00e5llas f\u00f6redrag av Dr. habil. Robert Gawkowski och Anders Johr\u00e9n samt ett tal om en av de b\u00e4sta polska fotbollsspelarna \u2013 J\u00f3zef Klotz.\nStraffl\u00e4ggaren J\u00f3zef Klotz var en av hj\u00e4ltarna fr\u00e5n matchen mot Sverige 1922. Han f\u00f6ddes i Krak\u00f3w i januari 1900, i ett polsk-judiskt hem. Krigen som Polen utk\u00e4mpade 1919\u20131920 p\u00e5verkade \u00e4ven Klotz som anm\u00e4lt sig som frivillig i arm\u00e9n. Han stred p\u00e5 \u00f6stfronten mot bolsjevikerna och kunde \u00e5terv\u00e4nda till fotbollen f\u00f6rst i slutet av 1920. Klotz som var av judisk h\u00e4rkomst st\u00e4ngdes 1940 in i ghettot i Warszawa d\u00e4r han m\u00f6rdades av nazisterna 1941.\nKom till Gymnastik- och idrottsh\u00f6gskolans (GIH) aula, Liding\u00f6v\u00e4gen 1 i Stockholm, och lyssna p\u00e5 den intressant f\u00f6rel\u00e4sning om polsk-svensk idrottshistoria. Micha\u0142 Listkiewicz, Robert Trzaska, Robert Gawkowski och Anders Johr\u00e9n kommer att visa och ber\u00e4tta bl a om en av de b\u00e4sta polska fotbollsspelarna \u2013 J\u00f3zef Klotz.","breadcrumb":{"@id":"https:\/\/instytutpolski.pl\/stockholm\/2022\/05\/11\/100-arsjubileet-av-polens-herrlandslag-i-fotbolls-forsta-seger\/#breadcrumb"},"inLanguage":"pl-PL","potentialAction":[{"@type":"ReadAction","target":["https:\/\/instytutpolski.pl\/stockholm\/2022\/05\/11\/100-arsjubileet-av-polens-herrlandslag-i-fotbolls-forsta-seger\/"]}],"@context":"https:\/\/schema.org","startDate":"2022-05-27T11:00:00+02:00","endDate":"2022-05-27T12:30:00+02:00","eventStatus":"EventScheduled","eventAttendanceMode":"OfflineEventAttendanceMode","location":{"@type":"place","name":"","address":"","geo":{"@type":"GeoCoordinates","latitude":"","longitude":""}}},{"@type":"ImageObject","inLanguage":"pl-PL","@id":"https:\/\/instytutpolski.pl\/stockholm\/2022\/05\/11\/100-arsjubileet-av-polens-herrlandslag-i-fotbolls-forsta-seger\/#primaryimage","url":"https:\/\/instytutpolski.pl\/stockholm\/wp-content\/uploads\/sites\/17\/2022\/05\/baner1.jpg","contentUrl":"https:\/\/instytutpolski.pl\/stockholm\/wp-content\/uploads\/sites\/17\/2022\/05\/baner1.jpg","width":1280,"height":427},{"@type":"BreadcrumbList","@id":"https:\/\/instytutpolski.pl\/stockholm\/2022\/05\/11\/100-arsjubileet-av-polens-herrlandslag-i-fotbolls-forsta-seger\/#breadcrumb","itemListElement":[{"@type":"ListItem","position":1,"name":"Home","item":"https:\/\/instytutpolski.pl\/stockholm\/"},{"@type":"ListItem","position":2,"name":"100-\u00e5rsjubileet av Polens herrlandslag i fotbolls f\u00f6rsta seger efter kriget"}]},{"@type":"WebSite","@id":"https:\/\/instytutpolski.pl\/stockholm\/#website","url":"https:\/\/instytutpolski.pl\/stockholm\/","name":"Instytut Polski w Sztokholmie","description":"Instytuty Polskie","potentialAction":[{"@type":"SearchAction","target":{"@type":"EntryPoint","urlTemplate":"https:\/\/instytutpolski.pl\/stockholm\/?s={search_term_string}"},"query-input":{"@type":"PropertyValueSpecification","valueRequired":true,"valueName":"search_term_string"}}],"inLanguage":"pl-PL"},{"@type":"Person","@id":"https:\/\/instytutpolski.pl\/stockholm\/#\/schema\/person\/062b5a5f61f32b17c98996975db8d556","name":"strozniake","image":{"@type":"ImageObject","inLanguage":"pl-PL","@id":"https:\/\/instytutpolski.pl\/stockholm\/#\/schema\/person\/image\/","url":"https:\/\/secure.gravatar.com\/avatar\/25e0be9897787f9035155a882fde97cc?s=96&d=mm&r=g","contentUrl":"https:\/\/secure.gravatar.com\/avatar\/25e0be9897787f9035155a882fde97cc?s=96&d=mm&r=g","caption":"strozniake"},"sameAs":["http:\/\/strozniake"],"url":"https:\/\/instytutpolski.pl\/stockholm\/author\/strozniake\/"}]}},"_links":{"self":[{"href":"https:\/\/instytutpolski.pl\/stockholm\/wp-json\/wp\/v2\/posts\/8406","targetHints":{"allow":["GET"]}}],"collection":[{"href":"https:\/\/instytutpolski.pl\/stockholm\/wp-json\/wp\/v2\/posts"}],"about":[{"href":"https:\/\/instytutpolski.pl\/stockholm\/wp-json\/wp\/v2\/types\/post"}],"author":[{"embeddable":true,"href":"https:\/\/instytutpolski.pl\/stockholm\/wp-json\/wp\/v2\/users\/29"}],"replies":[{"embeddable":true,"href":"https:\/\/instytutpolski.pl\/stockholm\/wp-json\/wp\/v2\/comments?post=8406"}],"version-history":[{"count":7,"href":"https:\/\/instytutpolski.pl\/stockholm\/wp-json\/wp\/v2\/posts\/8406\/revisions"}],"predecessor-version":[{"id":8577,"href":"https:\/\/instytutpolski.pl\/stockholm\/wp-json\/wp\/v2\/posts\/8406\/revisions\/8577"}],"wp:featuredmedia":[{"embeddable":true,"href":"https:\/\/instytutpolski.pl\/stockholm\/wp-json\/wp\/v2\/media\/8408"}],"wp:attachment":[{"href":"https:\/\/instytutpolski.pl\/stockholm\/wp-json\/wp\/v2\/media?parent=8406"}],"wp:term":[{"taxonomy":"category","embeddable":true,"href":"https:\/\/instytutpolski.pl\/stockholm\/wp-json\/wp\/v2\/categories?post=8406"},{"taxonomy":"post_tag","embeddable":true,"href":"https:\/\/instytutpolski.pl\/stockholm\/wp-json\/wp\/v2\/tags?post=8406"}],"curies":[{"name":"wp","href":"https:\/\/api.w.org\/{rel}","templated":true}]}}