{"id":8598,"date":"2022-05-30T12:36:03","date_gmt":"2022-05-30T10:36:03","guid":{"rendered":"https:\/\/instytutpolski.pl\/stockholm\/?p=8598"},"modified":"2022-05-30T12:45:04","modified_gmt":"2022-05-30T10:45:04","slug":"fotoreportaz-100-rocznica-pierwszego-zwyciestwa-polakow-w-pilke-nozna-po-i-wojnie-swiatowej","status":"publish","type":"post","link":"https:\/\/instytutpolski.pl\/stockholm\/pl\/2022\/05\/30\/fotoreportaz-100-rocznica-pierwszego-zwyciestwa-polakow-w-pilke-nozna-po-i-wojnie-swiatowej\/","title":{"rendered":"Fotoreporta\u017c: 100 rocznica pierwszego zwyci\u0119stwa Polak\u00f3w w pi\u0142k\u0119 no\u017cn\u0105 po I Wojnie \u015awiatowej"},"content":{"rendered":"\n<p>Co to by\u0142o za niesamowite wydarzenie! Micha\u0142 Listkiewicz, Robert Trzaska, Robert Gawkowski oraz Anders Johren opowiadali mi\u0119dzy innymi o jednym z najlepszych polskich pi\u0142karzy &#8211; J\u00f3zefie Klotzu. Serdecznie dzi\u0119kujemy wszystkim zaanga\u017cowanym w organizacj\u0119 wydarzenia!<\/p>\n\n\n\n<figure class=\"wp-block-gallery has-nested-images columns-default is-cropped wp-block-gallery-1 is-layout-flex wp-block-gallery-is-layout-flex\">\n<figure class=\"wp-block-image size-large\"><img loading=\"lazy\" decoding=\"async\" width=\"2560\" height=\"1706\" data-id=\"8582\" src=\"https:\/\/instytutpolski.pl\/stockholm\/wp-content\/uploads\/sites\/17\/2022\/05\/Lars-Wahlstrom-scaled.jpg\" alt=\"\" class=\"wp-image-8582\" srcset=\"https:\/\/instytutpolski.pl\/stockholm\/wp-content\/uploads\/sites\/17\/2022\/05\/Lars-Wahlstrom-scaled.jpg 2560w, https:\/\/instytutpolski.pl\/stockholm\/wp-content\/uploads\/sites\/17\/2022\/05\/Lars-Wahlstrom-300x200.jpg 300w, https:\/\/instytutpolski.pl\/stockholm\/wp-content\/uploads\/sites\/17\/2022\/05\/Lars-Wahlstrom-1024x683.jpg 1024w, https:\/\/instytutpolski.pl\/stockholm\/wp-content\/uploads\/sites\/17\/2022\/05\/Lars-Wahlstrom-768x512.jpg 768w, https:\/\/instytutpolski.pl\/stockholm\/wp-content\/uploads\/sites\/17\/2022\/05\/Lars-Wahlstrom-1536x1024.jpg 1536w, https:\/\/instytutpolski.pl\/stockholm\/wp-content\/uploads\/sites\/17\/2022\/05\/Lars-Wahlstrom-2048x1365.jpg 2048w\" sizes=\"auto, (max-width: 2560px) 100vw, 2560px\" \/><figcaption>Lars Wahlstr\u00f6m<\/figcaption><\/figure>\n\n\n\n<figure class=\"wp-block-image size-large\"><img loading=\"lazy\" decoding=\"async\" width=\"2560\" height=\"1706\" data-id=\"8583\" src=\"https:\/\/instytutpolski.pl\/stockholm\/wp-content\/uploads\/sites\/17\/2022\/05\/Zwiedzanie-Stadionu-Olimpijskiego-a-scaled.jpg\" alt=\"\" class=\"wp-image-8583\" srcset=\"https:\/\/instytutpolski.pl\/stockholm\/wp-content\/uploads\/sites\/17\/2022\/05\/Zwiedzanie-Stadionu-Olimpijskiego-a-scaled.jpg 2560w, https:\/\/instytutpolski.pl\/stockholm\/wp-content\/uploads\/sites\/17\/2022\/05\/Zwiedzanie-Stadionu-Olimpijskiego-a-300x200.jpg 300w, https:\/\/instytutpolski.pl\/stockholm\/wp-content\/uploads\/sites\/17\/2022\/05\/Zwiedzanie-Stadionu-Olimpijskiego-a-1024x683.jpg 1024w, https:\/\/instytutpolski.pl\/stockholm\/wp-content\/uploads\/sites\/17\/2022\/05\/Zwiedzanie-Stadionu-Olimpijskiego-a-768x512.jpg 768w, https:\/\/instytutpolski.pl\/stockholm\/wp-content\/uploads\/sites\/17\/2022\/05\/Zwiedzanie-Stadionu-Olimpijskiego-a-1536x1024.jpg 1536w, https:\/\/instytutpolski.pl\/stockholm\/wp-content\/uploads\/sites\/17\/2022\/05\/Zwiedzanie-Stadionu-Olimpijskiego-a-2048x1365.jpg 2048w\" sizes=\"auto, (max-width: 2560px) 100vw, 2560px\" \/><\/figure>\n\n\n\n<figure class=\"wp-block-image size-large\"><img loading=\"lazy\" decoding=\"async\" width=\"2560\" height=\"1706\" data-id=\"8584\" src=\"https:\/\/instytutpolski.pl\/stockholm\/wp-content\/uploads\/sites\/17\/2022\/05\/Pawel-Ruszkiewicz-IP-Michal-Listkiewicz-PZPN.-Joanna-Hofman-Ambasador-RP-scaled.jpg\" alt=\"\" class=\"wp-image-8584\" srcset=\"https:\/\/instytutpolski.pl\/stockholm\/wp-content\/uploads\/sites\/17\/2022\/05\/Pawel-Ruszkiewicz-IP-Michal-Listkiewicz-PZPN.-Joanna-Hofman-Ambasador-RP-scaled.jpg 2560w, https:\/\/instytutpolski.pl\/stockholm\/wp-content\/uploads\/sites\/17\/2022\/05\/Pawel-Ruszkiewicz-IP-Michal-Listkiewicz-PZPN.-Joanna-Hofman-Ambasador-RP-300x200.jpg 300w, https:\/\/instytutpolski.pl\/stockholm\/wp-content\/uploads\/sites\/17\/2022\/05\/Pawel-Ruszkiewicz-IP-Michal-Listkiewicz-PZPN.-Joanna-Hofman-Ambasador-RP-1024x683.jpg 1024w, https:\/\/instytutpolski.pl\/stockholm\/wp-content\/uploads\/sites\/17\/2022\/05\/Pawel-Ruszkiewicz-IP-Michal-Listkiewicz-PZPN.-Joanna-Hofman-Ambasador-RP-768x512.jpg 768w, https:\/\/instytutpolski.pl\/stockholm\/wp-content\/uploads\/sites\/17\/2022\/05\/Pawel-Ruszkiewicz-IP-Michal-Listkiewicz-PZPN.-Joanna-Hofman-Ambasador-RP-1536x1024.jpg 1536w, https:\/\/instytutpolski.pl\/stockholm\/wp-content\/uploads\/sites\/17\/2022\/05\/Pawel-Ruszkiewicz-IP-Michal-Listkiewicz-PZPN.-Joanna-Hofman-Ambasador-RP-2048x1365.jpg 2048w\" sizes=\"auto, (max-width: 2560px) 100vw, 2560px\" \/><figcaption>Pawe\u0142 Ruszkiewicz (IP), Micha\u0142 Listkiewicz (PZPN). Joanna Hofman (Ambasador RP)<\/figcaption><\/figure>\n\n\n\n<figure class=\"wp-block-image size-large\"><img loading=\"lazy\" decoding=\"async\" width=\"2560\" height=\"1707\" data-id=\"8585\" src=\"https:\/\/instytutpolski.pl\/stockholm\/wp-content\/uploads\/sites\/17\/2022\/05\/Michal-Listkiewicz-PZPN-scaled.jpg\" alt=\"\" class=\"wp-image-8585\" srcset=\"https:\/\/instytutpolski.pl\/stockholm\/wp-content\/uploads\/sites\/17\/2022\/05\/Michal-Listkiewicz-PZPN-scaled.jpg 2560w, https:\/\/instytutpolski.pl\/stockholm\/wp-content\/uploads\/sites\/17\/2022\/05\/Michal-Listkiewicz-PZPN-300x200.jpg 300w, https:\/\/instytutpolski.pl\/stockholm\/wp-content\/uploads\/sites\/17\/2022\/05\/Michal-Listkiewicz-PZPN-1024x683.jpg 1024w, https:\/\/instytutpolski.pl\/stockholm\/wp-content\/uploads\/sites\/17\/2022\/05\/Michal-Listkiewicz-PZPN-768x512.jpg 768w, https:\/\/instytutpolski.pl\/stockholm\/wp-content\/uploads\/sites\/17\/2022\/05\/Michal-Listkiewicz-PZPN-1536x1024.jpg 1536w, https:\/\/instytutpolski.pl\/stockholm\/wp-content\/uploads\/sites\/17\/2022\/05\/Michal-Listkiewicz-PZPN-2048x1365.jpg 2048w\" sizes=\"auto, (max-width: 2560px) 100vw, 2560px\" \/><figcaption>Micha\u0142 Listkiewicz PZPN<\/figcaption><\/figure>\n\n\n\n<figure class=\"wp-block-image size-large\"><img loading=\"lazy\" decoding=\"async\" width=\"1920\" height=\"2560\" data-id=\"8586\" src=\"https:\/\/instytutpolski.pl\/stockholm\/wp-content\/uploads\/sites\/17\/2022\/05\/broszura-wydana-przez-IP-proporczyk-przygotowany-przez-PZPN-scaled.jpg\" alt=\"\" class=\"wp-image-8586\" srcset=\"https:\/\/instytutpolski.pl\/stockholm\/wp-content\/uploads\/sites\/17\/2022\/05\/broszura-wydana-przez-IP-proporczyk-przygotowany-przez-PZPN-scaled.jpg 1920w, https:\/\/instytutpolski.pl\/stockholm\/wp-content\/uploads\/sites\/17\/2022\/05\/broszura-wydana-przez-IP-proporczyk-przygotowany-przez-PZPN-225x300.jpg 225w, https:\/\/instytutpolski.pl\/stockholm\/wp-content\/uploads\/sites\/17\/2022\/05\/broszura-wydana-przez-IP-proporczyk-przygotowany-przez-PZPN-768x1024.jpg 768w, https:\/\/instytutpolski.pl\/stockholm\/wp-content\/uploads\/sites\/17\/2022\/05\/broszura-wydana-przez-IP-proporczyk-przygotowany-przez-PZPN-1152x1536.jpg 1152w, https:\/\/instytutpolski.pl\/stockholm\/wp-content\/uploads\/sites\/17\/2022\/05\/broszura-wydana-przez-IP-proporczyk-przygotowany-przez-PZPN-1536x2048.jpg 1536w\" sizes=\"auto, (max-width: 1920px) 100vw, 1920px\" \/><figcaption>broszura<\/figcaption><\/figure>\n\n\n\n<figure class=\"wp-block-image size-large\"><img loading=\"lazy\" decoding=\"async\" width=\"2560\" height=\"1706\" data-id=\"8587\" src=\"https:\/\/instytutpolski.pl\/stockholm\/wp-content\/uploads\/sites\/17\/2022\/05\/Zwiedzanie-Stadionu-Olimpijskiego-b-scaled.jpg\" alt=\"\" class=\"wp-image-8587\" srcset=\"https:\/\/instytutpolski.pl\/stockholm\/wp-content\/uploads\/sites\/17\/2022\/05\/Zwiedzanie-Stadionu-Olimpijskiego-b-scaled.jpg 2560w, https:\/\/instytutpolski.pl\/stockholm\/wp-content\/uploads\/sites\/17\/2022\/05\/Zwiedzanie-Stadionu-Olimpijskiego-b-300x200.jpg 300w, https:\/\/instytutpolski.pl\/stockholm\/wp-content\/uploads\/sites\/17\/2022\/05\/Zwiedzanie-Stadionu-Olimpijskiego-b-1024x683.jpg 1024w, https:\/\/instytutpolski.pl\/stockholm\/wp-content\/uploads\/sites\/17\/2022\/05\/Zwiedzanie-Stadionu-Olimpijskiego-b-768x512.jpg 768w, https:\/\/instytutpolski.pl\/stockholm\/wp-content\/uploads\/sites\/17\/2022\/05\/Zwiedzanie-Stadionu-Olimpijskiego-b-1536x1024.jpg 1536w, https:\/\/instytutpolski.pl\/stockholm\/wp-content\/uploads\/sites\/17\/2022\/05\/Zwiedzanie-Stadionu-Olimpijskiego-b-2048x1365.jpg 2048w\" sizes=\"auto, (max-width: 2560px) 100vw, 2560px\" \/><\/figure>\n\n\n\n<figure class=\"wp-block-image size-large\"><img loading=\"lazy\" decoding=\"async\" width=\"2560\" height=\"1707\" data-id=\"8588\" src=\"https:\/\/instytutpolski.pl\/stockholm\/wp-content\/uploads\/sites\/17\/2022\/05\/Zwiedzanie-Stadionu-Olimpijskiego-c-Lars-Liljegren-scaled.jpg\" alt=\"\" class=\"wp-image-8588\" srcset=\"https:\/\/instytutpolski.pl\/stockholm\/wp-content\/uploads\/sites\/17\/2022\/05\/Zwiedzanie-Stadionu-Olimpijskiego-c-Lars-Liljegren-scaled.jpg 2560w, https:\/\/instytutpolski.pl\/stockholm\/wp-content\/uploads\/sites\/17\/2022\/05\/Zwiedzanie-Stadionu-Olimpijskiego-c-Lars-Liljegren-300x200.jpg 300w, https:\/\/instytutpolski.pl\/stockholm\/wp-content\/uploads\/sites\/17\/2022\/05\/Zwiedzanie-Stadionu-Olimpijskiego-c-Lars-Liljegren-1024x683.jpg 1024w, https:\/\/instytutpolski.pl\/stockholm\/wp-content\/uploads\/sites\/17\/2022\/05\/Zwiedzanie-Stadionu-Olimpijskiego-c-Lars-Liljegren-768x512.jpg 768w, https:\/\/instytutpolski.pl\/stockholm\/wp-content\/uploads\/sites\/17\/2022\/05\/Zwiedzanie-Stadionu-Olimpijskiego-c-Lars-Liljegren-1536x1024.jpg 1536w, https:\/\/instytutpolski.pl\/stockholm\/wp-content\/uploads\/sites\/17\/2022\/05\/Zwiedzanie-Stadionu-Olimpijskiego-c-Lars-Liljegren-2048x1365.jpg 2048w\" sizes=\"auto, (max-width: 2560px) 100vw, 2560px\" \/><figcaption>Lars Liljegren<\/figcaption><\/figure>\n\n\n\n<figure class=\"wp-block-image size-large\"><img loading=\"lazy\" decoding=\"async\" width=\"2560\" height=\"1706\" data-id=\"8589\" src=\"https:\/\/instytutpolski.pl\/stockholm\/wp-content\/uploads\/sites\/17\/2022\/05\/Anders-Johren-scaled.jpg\" alt=\"\" class=\"wp-image-8589\" srcset=\"https:\/\/instytutpolski.pl\/stockholm\/wp-content\/uploads\/sites\/17\/2022\/05\/Anders-Johren-scaled.jpg 2560w, https:\/\/instytutpolski.pl\/stockholm\/wp-content\/uploads\/sites\/17\/2022\/05\/Anders-Johren-300x200.jpg 300w, https:\/\/instytutpolski.pl\/stockholm\/wp-content\/uploads\/sites\/17\/2022\/05\/Anders-Johren-1024x683.jpg 1024w, https:\/\/instytutpolski.pl\/stockholm\/wp-content\/uploads\/sites\/17\/2022\/05\/Anders-Johren-768x512.jpg 768w, https:\/\/instytutpolski.pl\/stockholm\/wp-content\/uploads\/sites\/17\/2022\/05\/Anders-Johren-1536x1024.jpg 1536w, https:\/\/instytutpolski.pl\/stockholm\/wp-content\/uploads\/sites\/17\/2022\/05\/Anders-Johren-2048x1365.jpg 2048w\" sizes=\"auto, (max-width: 2560px) 100vw, 2560px\" \/><figcaption>Anders Johren<\/figcaption><\/figure>\n\n\n\n<figure class=\"wp-block-image size-large\"><img loading=\"lazy\" decoding=\"async\" width=\"1706\" height=\"2560\" data-id=\"8590\" src=\"https:\/\/instytutpolski.pl\/stockholm\/wp-content\/uploads\/sites\/17\/2022\/05\/Pawel-Ruszkieiwcz-IP-Michal-Listkiewicz-PZPN-scaled.jpg\" alt=\"\" class=\"wp-image-8590\" srcset=\"https:\/\/instytutpolski.pl\/stockholm\/wp-content\/uploads\/sites\/17\/2022\/05\/Pawel-Ruszkieiwcz-IP-Michal-Listkiewicz-PZPN-scaled.jpg 1706w, https:\/\/instytutpolski.pl\/stockholm\/wp-content\/uploads\/sites\/17\/2022\/05\/Pawel-Ruszkieiwcz-IP-Michal-Listkiewicz-PZPN-200x300.jpg 200w, https:\/\/instytutpolski.pl\/stockholm\/wp-content\/uploads\/sites\/17\/2022\/05\/Pawel-Ruszkieiwcz-IP-Michal-Listkiewicz-PZPN-683x1024.jpg 683w, https:\/\/instytutpolski.pl\/stockholm\/wp-content\/uploads\/sites\/17\/2022\/05\/Pawel-Ruszkieiwcz-IP-Michal-Listkiewicz-PZPN-768x1152.jpg 768w, https:\/\/instytutpolski.pl\/stockholm\/wp-content\/uploads\/sites\/17\/2022\/05\/Pawel-Ruszkieiwcz-IP-Michal-Listkiewicz-PZPN-1024x1536.jpg 1024w, https:\/\/instytutpolski.pl\/stockholm\/wp-content\/uploads\/sites\/17\/2022\/05\/Pawel-Ruszkieiwcz-IP-Michal-Listkiewicz-PZPN-1365x2048.jpg 1365w\" sizes=\"auto, (max-width: 1706px) 100vw, 1706px\" \/><figcaption>Pawe\u0142 Ruszkieiwcz (IP), Micha\u0142 Listkiewicz (PZPN)<\/figcaption><\/figure>\n\n\n\n<figure class=\"wp-block-image size-large\"><img loading=\"lazy\" decoding=\"async\" width=\"2560\" height=\"1706\" data-id=\"8591\" src=\"https:\/\/instytutpolski.pl\/stockholm\/wp-content\/uploads\/sites\/17\/2022\/05\/dr-Robert-Gawkowski-scaled.jpg\" alt=\"\" class=\"wp-image-8591\" srcset=\"https:\/\/instytutpolski.pl\/stockholm\/wp-content\/uploads\/sites\/17\/2022\/05\/dr-Robert-Gawkowski-scaled.jpg 2560w, https:\/\/instytutpolski.pl\/stockholm\/wp-content\/uploads\/sites\/17\/2022\/05\/dr-Robert-Gawkowski-300x200.jpg 300w, https:\/\/instytutpolski.pl\/stockholm\/wp-content\/uploads\/sites\/17\/2022\/05\/dr-Robert-Gawkowski-1024x683.jpg 1024w, https:\/\/instytutpolski.pl\/stockholm\/wp-content\/uploads\/sites\/17\/2022\/05\/dr-Robert-Gawkowski-768x512.jpg 768w, https:\/\/instytutpolski.pl\/stockholm\/wp-content\/uploads\/sites\/17\/2022\/05\/dr-Robert-Gawkowski-1536x1024.jpg 1536w, https:\/\/instytutpolski.pl\/stockholm\/wp-content\/uploads\/sites\/17\/2022\/05\/dr-Robert-Gawkowski-2048x1365.jpg 2048w\" sizes=\"auto, (max-width: 2560px) 100vw, 2560px\" \/><figcaption>Robert Gawkowski<\/figcaption><\/figure>\n<\/figure>\n","protected":false},"excerpt":{"rendered":"<p>Co to by\u0142o za niesamowite wydarzenie! Micha\u0142 Listkiewicz, Robert Trzaska, Robert Gawkowski oraz Anders Johren opowiadali mi\u0119dzy innymi o jednym z najlepszych polskich pi\u0142karzy &#8211; J\u00f3zefie Klotzu. Serdecznie dzi\u0119kujemy wszystkim zaanga\u017cowanym w organizacj\u0119 wydarzenia!<\/p>\n","protected":false},"author":29,"featured_media":8588,"comment_status":"closed","ping_status":"closed","sticky":false,"template":"","format":"standard","meta":{"inline_featured_image":false,"_monsterinsights_skip_tracking":false,"_monsterinsights_sitenote_active":false,"_monsterinsights_sitenote_note":"","_monsterinsights_sitenote_category":0,"footnotes":""},"categories":[224,208],"tags":[],"class_list":["post-8598","post","type-post","status-publish","format-standard","has-post-thumbnail","hentry","category-aktualnosc-pl","category-galeria-pl"],"yoast_head":"<!-- This site is optimized with the Yoast SEO plugin v24.6 - https:\/\/yoast.com\/wordpress\/plugins\/seo\/ -->\n<title>Fotoreporta\u017c: 100 rocznica pierwszego zwyci\u0119stwa Polak\u00f3w w pi\u0142k\u0119 no\u017cn\u0105 po I Wojnie \u015awiatowej - Instytut Polski w Sztokholmie<\/title>\n<meta name=\"description\" content=\"W pi\u0105tek \u015bwi\u0119towali\u015bmy setn\u0105 rocznic\u0119 pierwszego zwyci\u0119stwa Polak\u00f3w w pi\u0142k\u0119 no\u017cn\u0105 po I Wojnie \u015awiatowej poprzez zorganizowanie wyk\u0142adu o polsko-szwedzkiej historii pi\u0142ki no\u017cnej w budynku GIH w Sztokholmie.\" \/>\n<meta name=\"robots\" content=\"index, follow, max-snippet:-1, max-image-preview:large, max-video-preview:-1\" \/>\n<link rel=\"canonical\" href=\"https:\/\/instytutpolski.pl\/stockholm\/pl\/2022\/05\/30\/fotoreportaz-100-rocznica-pierwszego-zwyciestwa-polakow-w-pilke-nozna-po-i-wojnie-swiatowej\/\" \/>\n<meta property=\"og:locale\" content=\"pl_PL\" \/>\n<meta property=\"og:type\" content=\"article\" \/>\n<meta property=\"og:title\" content=\"Fotoreporta\u017c: 100 rocznica pierwszego zwyci\u0119stwa Polak\u00f3w w pi\u0142k\u0119 no\u017cn\u0105 po I Wojnie \u015awiatowej - Instytut Polski w Sztokholmie\" \/>\n<meta property=\"og:description\" content=\"W pi\u0105tek \u015bwi\u0119towali\u015bmy setn\u0105 rocznic\u0119 pierwszego zwyci\u0119stwa Polak\u00f3w w pi\u0142k\u0119 no\u017cn\u0105 po I Wojnie \u015awiatowej poprzez zorganizowanie wyk\u0142adu o polsko-szwedzkiej historii pi\u0142ki no\u017cnej w budynku GIH w Sztokholmie.\" \/>\n<meta property=\"og:url\" content=\"https:\/\/instytutpolski.pl\/stockholm\/pl\/2022\/05\/30\/fotoreportaz-100-rocznica-pierwszego-zwyciestwa-polakow-w-pilke-nozna-po-i-wojnie-swiatowej\/\" \/>\n<meta property=\"og:site_name\" content=\"Instytut Polski w Sztokholmie\" \/>\n<meta property=\"article:published_time\" content=\"2022-05-30T10:36:03+00:00\" \/>\n<meta property=\"article:modified_time\" content=\"2022-05-30T10:45:04+00:00\" \/>\n<meta property=\"og:image\" content=\"https:\/\/instytutpolski.pl\/stockholm\/wp-content\/uploads\/sites\/17\/2022\/05\/Zwiedzanie-Stadionu-Olimpijskiego-c-Lars-Liljegren-scaled.jpg\" \/>\n\t<meta property=\"og:image:width\" content=\"2560\" \/>\n\t<meta property=\"og:image:height\" content=\"1707\" \/>\n\t<meta property=\"og:image:type\" content=\"image\/jpeg\" \/>\n<meta name=\"author\" content=\"strozniake\" \/>\n<meta name=\"twitter:card\" content=\"summary_large_image\" \/>\n<meta name=\"twitter:label1\" content=\"Napisane przez\" \/>\n\t<meta name=\"twitter:data1\" content=\"strozniake\" \/>\n\t<meta name=\"twitter:label2\" content=\"Szacowany czas czytania\" \/>\n\t<meta name=\"twitter:data2\" content=\"3 minuty\" \/>\n<script type=\"application\/ld+json\" class=\"yoast-schema-graph\">{\"@context\":\"https:\/\/schema.org\",\"@graph\":[{\"@type\":\"event\",\"@id\":\"https:\/\/instytutpolski.pl\/stockholm\/pl\/2022\/05\/30\/fotoreportaz-100-rocznica-pierwszego-zwyciestwa-polakow-w-pilke-nozna-po-i-wojnie-swiatowej\/\",\"url\":\"https:\/\/instytutpolski.pl\/stockholm\/pl\/2022\/05\/30\/fotoreportaz-100-rocznica-pierwszego-zwyciestwa-polakow-w-pilke-nozna-po-i-wojnie-swiatowej\/\",\"name\":\"Fotoreporta\u017c: 100 rocznica pierwszego zwyci\u0119stwa Polak\u00f3w w pi\u0142k\u0119 no\u017cn\u0105 po I Wojnie \u015awiatowej\",\"isPartOf\":{\"@id\":\"https:\/\/instytutpolski.pl\/stockholm\/#website\"},\"primaryImageOfPage\":{\"@id\":\"https:\/\/instytutpolski.pl\/stockholm\/pl\/2022\/05\/30\/fotoreportaz-100-rocznica-pierwszego-zwyciestwa-polakow-w-pilke-nozna-po-i-wojnie-swiatowej\/#primaryimage\"},\"image\":[\"https:\/\/instytutpolski.pl\/stockholm\/wp-content\/uploads\/sites\/17\/2022\/05\/Zwiedzanie-Stadionu-Olimpijskiego-c-Lars-Liljegren-scaled.jpg\",\"https:\/\/instytutpolski.pl\/stockholm\/wp-content\/uploads\/sites\/17\/2022\/05\/Zwiedzanie-Stadionu-Olimpijskiego-c-Lars-Liljegren-300x200.jpg\",\"https:\/\/instytutpolski.pl\/stockholm\/wp-content\/uploads\/sites\/17\/2022\/05\/Zwiedzanie-Stadionu-Olimpijskiego-c-Lars-Liljegren-1024x683.jpg\",\"https:\/\/instytutpolski.pl\/stockholm\/wp-content\/uploads\/sites\/17\/2022\/05\/Zwiedzanie-Stadionu-Olimpijskiego-c-Lars-Liljegren-scaled.jpg\"],\"thumbnailUrl\":\"https:\/\/instytutpolski.pl\/stockholm\/wp-content\/uploads\/sites\/17\/2022\/05\/Zwiedzanie-Stadionu-Olimpijskiego-c-Lars-Liljegren-scaled.jpg\",\"datePublished\":\"2022-05-30T10:36:03+02:00\",\"dateModified\":\"2022-05-30T10:45:04+02:00\",\"author\":{\"@id\":\"https:\/\/instytutpolski.pl\/stockholm\/#\/schema\/person\/062b5a5f61f32b17c98996975db8d556\"},\"description\":\"Co to by\u0142o za niesamowite wydarzenie! Micha\u0142 Listkiewicz, Robert Trzaska, Robert Gawkowski oraz Anders Johren opowiadali mi\u0119dzy innymi o jednym z najlepszych polskich pi\u0142karzy - J\u00f3zefie Klotzu. Serdecznie dzi\u0119kujemy wszystkim zaanga\u017cowanym w organizacj\u0119 wydarzenia!\",\"breadcrumb\":{\"@id\":\"https:\/\/instytutpolski.pl\/stockholm\/pl\/2022\/05\/30\/fotoreportaz-100-rocznica-pierwszego-zwyciestwa-polakow-w-pilke-nozna-po-i-wojnie-swiatowej\/#breadcrumb\"},\"inLanguage\":\"pl-PL\",\"potentialAction\":[{\"@type\":\"ReadAction\",\"target\":[\"https:\/\/instytutpolski.pl\/stockholm\/pl\/2022\/05\/30\/fotoreportaz-100-rocznica-pierwszego-zwyciestwa-polakow-w-pilke-nozna-po-i-wojnie-swiatowej\/\"]}],\"@context\":\"https:\/\/schema.org\",\"startDate\":\"2022-05-27\",\"endDate\":\"2022-05-27\",\"eventStatus\":\"EventScheduled\",\"eventAttendanceMode\":\"OfflineEventAttendanceMode\",\"location\":{\"@type\":\"place\",\"name\":\"\",\"address\":\"\",\"geo\":{\"@type\":\"GeoCoordinates\",\"latitude\":\"\",\"longitude\":\"\"}}},{\"@type\":\"ImageObject\",\"inLanguage\":\"pl-PL\",\"@id\":\"https:\/\/instytutpolski.pl\/stockholm\/pl\/2022\/05\/30\/fotoreportaz-100-rocznica-pierwszego-zwyciestwa-polakow-w-pilke-nozna-po-i-wojnie-swiatowej\/#primaryimage\",\"url\":\"https:\/\/instytutpolski.pl\/stockholm\/wp-content\/uploads\/sites\/17\/2022\/05\/Zwiedzanie-Stadionu-Olimpijskiego-c-Lars-Liljegren-scaled.jpg\",\"contentUrl\":\"https:\/\/instytutpolski.pl\/stockholm\/wp-content\/uploads\/sites\/17\/2022\/05\/Zwiedzanie-Stadionu-Olimpijskiego-c-Lars-Liljegren-scaled.jpg\",\"width\":2560,\"height\":1707},{\"@type\":\"BreadcrumbList\",\"@id\":\"https:\/\/instytutpolski.pl\/stockholm\/pl\/2022\/05\/30\/fotoreportaz-100-rocznica-pierwszego-zwyciestwa-polakow-w-pilke-nozna-po-i-wojnie-swiatowej\/#breadcrumb\",\"itemListElement\":[{\"@type\":\"ListItem\",\"position\":1,\"name\":\"Home\",\"item\":\"https:\/\/instytutpolski.pl\/stockholm\/\"},{\"@type\":\"ListItem\",\"position\":2,\"name\":\"Fotoreporta\u017c: 100 rocznica pierwszego zwyci\u0119stwa Polak\u00f3w w pi\u0142k\u0119 no\u017cn\u0105 po I Wojnie \u015awiatowej\"}]},{\"@type\":\"WebSite\",\"@id\":\"https:\/\/instytutpolski.pl\/stockholm\/#website\",\"url\":\"https:\/\/instytutpolski.pl\/stockholm\/\",\"name\":\"Instytut Polski w Sztokholmie\",\"description\":\"Instytuty Polskie\",\"potentialAction\":[{\"@type\":\"SearchAction\",\"target\":{\"@type\":\"EntryPoint\",\"urlTemplate\":\"https:\/\/instytutpolski.pl\/stockholm\/?s={search_term_string}\"},\"query-input\":{\"@type\":\"PropertyValueSpecification\",\"valueRequired\":true,\"valueName\":\"search_term_string\"}}],\"inLanguage\":\"pl-PL\"},{\"@type\":\"Person\",\"@id\":\"https:\/\/instytutpolski.pl\/stockholm\/#\/schema\/person\/062b5a5f61f32b17c98996975db8d556\",\"name\":\"strozniake\",\"image\":{\"@type\":\"ImageObject\",\"inLanguage\":\"pl-PL\",\"@id\":\"https:\/\/instytutpolski.pl\/stockholm\/#\/schema\/person\/image\/\",\"url\":\"https:\/\/secure.gravatar.com\/avatar\/25e0be9897787f9035155a882fde97cc?s=96&d=mm&r=g\",\"contentUrl\":\"https:\/\/secure.gravatar.com\/avatar\/25e0be9897787f9035155a882fde97cc?s=96&d=mm&r=g\",\"caption\":\"strozniake\"},\"sameAs\":[\"http:\/\/strozniake\"],\"url\":\"https:\/\/instytutpolski.pl\/stockholm\/author\/strozniake\/\"}]}<\/script>\n<!-- \/ Yoast SEO plugin. -->","yoast_head_json":{"title":"Fotoreporta\u017c: 100 rocznica pierwszego zwyci\u0119stwa Polak\u00f3w w pi\u0142k\u0119 no\u017cn\u0105 po I Wojnie \u015awiatowej - Instytut Polski w Sztokholmie","description":"W pi\u0105tek \u015bwi\u0119towali\u015bmy setn\u0105 rocznic\u0119 pierwszego zwyci\u0119stwa Polak\u00f3w w pi\u0142k\u0119 no\u017cn\u0105 po I Wojnie \u015awiatowej poprzez zorganizowanie wyk\u0142adu o polsko-szwedzkiej historii pi\u0142ki no\u017cnej w budynku GIH w Sztokholmie.","robots":{"index":"index","follow":"follow","max-snippet":"max-snippet:-1","max-image-preview":"max-image-preview:large","max-video-preview":"max-video-preview:-1"},"canonical":"https:\/\/instytutpolski.pl\/stockholm\/pl\/2022\/05\/30\/fotoreportaz-100-rocznica-pierwszego-zwyciestwa-polakow-w-pilke-nozna-po-i-wojnie-swiatowej\/","og_locale":"pl_PL","og_type":"article","og_title":"Fotoreporta\u017c: 100 rocznica pierwszego zwyci\u0119stwa Polak\u00f3w w pi\u0142k\u0119 no\u017cn\u0105 po I Wojnie \u015awiatowej - Instytut Polski w Sztokholmie","og_description":"W pi\u0105tek \u015bwi\u0119towali\u015bmy setn\u0105 rocznic\u0119 pierwszego zwyci\u0119stwa Polak\u00f3w w pi\u0142k\u0119 no\u017cn\u0105 po I Wojnie \u015awiatowej poprzez zorganizowanie wyk\u0142adu o polsko-szwedzkiej historii pi\u0142ki no\u017cnej w budynku GIH w Sztokholmie.","og_url":"https:\/\/instytutpolski.pl\/stockholm\/pl\/2022\/05\/30\/fotoreportaz-100-rocznica-pierwszego-zwyciestwa-polakow-w-pilke-nozna-po-i-wojnie-swiatowej\/","og_site_name":"Instytut Polski w Sztokholmie","article_published_time":"2022-05-30T10:36:03+00:00","article_modified_time":"2022-05-30T10:45:04+00:00","og_image":[{"width":2560,"height":1707,"url":"https:\/\/instytutpolski.pl\/stockholm\/wp-content\/uploads\/sites\/17\/2022\/05\/Zwiedzanie-Stadionu-Olimpijskiego-c-Lars-Liljegren-scaled.jpg","type":"image\/jpeg"}],"author":"strozniake","twitter_card":"summary_large_image","twitter_misc":{"Napisane przez":"strozniake","Szacowany czas czytania":"3 minuty"},"schema":{"@context":"https:\/\/schema.org","@graph":[{"@type":"event","@id":"https:\/\/instytutpolski.pl\/stockholm\/pl\/2022\/05\/30\/fotoreportaz-100-rocznica-pierwszego-zwyciestwa-polakow-w-pilke-nozna-po-i-wojnie-swiatowej\/","url":"https:\/\/instytutpolski.pl\/stockholm\/pl\/2022\/05\/30\/fotoreportaz-100-rocznica-pierwszego-zwyciestwa-polakow-w-pilke-nozna-po-i-wojnie-swiatowej\/","name":"Fotoreporta\u017c: 100 rocznica pierwszego zwyci\u0119stwa Polak\u00f3w w pi\u0142k\u0119 no\u017cn\u0105 po I Wojnie \u015awiatowej","isPartOf":{"@id":"https:\/\/instytutpolski.pl\/stockholm\/#website"},"primaryImageOfPage":{"@id":"https:\/\/instytutpolski.pl\/stockholm\/pl\/2022\/05\/30\/fotoreportaz-100-rocznica-pierwszego-zwyciestwa-polakow-w-pilke-nozna-po-i-wojnie-swiatowej\/#primaryimage"},"image":["https:\/\/instytutpolski.pl\/stockholm\/wp-content\/uploads\/sites\/17\/2022\/05\/Zwiedzanie-Stadionu-Olimpijskiego-c-Lars-Liljegren-scaled.jpg","https:\/\/instytutpolski.pl\/stockholm\/wp-content\/uploads\/sites\/17\/2022\/05\/Zwiedzanie-Stadionu-Olimpijskiego-c-Lars-Liljegren-300x200.jpg","https:\/\/instytutpolski.pl\/stockholm\/wp-content\/uploads\/sites\/17\/2022\/05\/Zwiedzanie-Stadionu-Olimpijskiego-c-Lars-Liljegren-1024x683.jpg","https:\/\/instytutpolski.pl\/stockholm\/wp-content\/uploads\/sites\/17\/2022\/05\/Zwiedzanie-Stadionu-Olimpijskiego-c-Lars-Liljegren-scaled.jpg"],"thumbnailUrl":"https:\/\/instytutpolski.pl\/stockholm\/wp-content\/uploads\/sites\/17\/2022\/05\/Zwiedzanie-Stadionu-Olimpijskiego-c-Lars-Liljegren-scaled.jpg","datePublished":"2022-05-30T10:36:03+02:00","dateModified":"2022-05-30T10:45:04+02:00","author":{"@id":"https:\/\/instytutpolski.pl\/stockholm\/#\/schema\/person\/062b5a5f61f32b17c98996975db8d556"},"description":"Co to by\u0142o za niesamowite wydarzenie! Micha\u0142 Listkiewicz, Robert Trzaska, Robert Gawkowski oraz Anders Johren opowiadali mi\u0119dzy innymi o jednym z najlepszych polskich pi\u0142karzy - J\u00f3zefie Klotzu. Serdecznie dzi\u0119kujemy wszystkim zaanga\u017cowanym w organizacj\u0119 wydarzenia!","breadcrumb":{"@id":"https:\/\/instytutpolski.pl\/stockholm\/pl\/2022\/05\/30\/fotoreportaz-100-rocznica-pierwszego-zwyciestwa-polakow-w-pilke-nozna-po-i-wojnie-swiatowej\/#breadcrumb"},"inLanguage":"pl-PL","potentialAction":[{"@type":"ReadAction","target":["https:\/\/instytutpolski.pl\/stockholm\/pl\/2022\/05\/30\/fotoreportaz-100-rocznica-pierwszego-zwyciestwa-polakow-w-pilke-nozna-po-i-wojnie-swiatowej\/"]}],"@context":"https:\/\/schema.org","startDate":"2022-05-27","endDate":"2022-05-27","eventStatus":"EventScheduled","eventAttendanceMode":"OfflineEventAttendanceMode","location":{"@type":"place","name":"","address":"","geo":{"@type":"GeoCoordinates","latitude":"","longitude":""}}},{"@type":"ImageObject","inLanguage":"pl-PL","@id":"https:\/\/instytutpolski.pl\/stockholm\/pl\/2022\/05\/30\/fotoreportaz-100-rocznica-pierwszego-zwyciestwa-polakow-w-pilke-nozna-po-i-wojnie-swiatowej\/#primaryimage","url":"https:\/\/instytutpolski.pl\/stockholm\/wp-content\/uploads\/sites\/17\/2022\/05\/Zwiedzanie-Stadionu-Olimpijskiego-c-Lars-Liljegren-scaled.jpg","contentUrl":"https:\/\/instytutpolski.pl\/stockholm\/wp-content\/uploads\/sites\/17\/2022\/05\/Zwiedzanie-Stadionu-Olimpijskiego-c-Lars-Liljegren-scaled.jpg","width":2560,"height":1707},{"@type":"BreadcrumbList","@id":"https:\/\/instytutpolski.pl\/stockholm\/pl\/2022\/05\/30\/fotoreportaz-100-rocznica-pierwszego-zwyciestwa-polakow-w-pilke-nozna-po-i-wojnie-swiatowej\/#breadcrumb","itemListElement":[{"@type":"ListItem","position":1,"name":"Home","item":"https:\/\/instytutpolski.pl\/stockholm\/"},{"@type":"ListItem","position":2,"name":"Fotoreporta\u017c: 100 rocznica pierwszego zwyci\u0119stwa Polak\u00f3w w pi\u0142k\u0119 no\u017cn\u0105 po I Wojnie \u015awiatowej"}]},{"@type":"WebSite","@id":"https:\/\/instytutpolski.pl\/stockholm\/#website","url":"https:\/\/instytutpolski.pl\/stockholm\/","name":"Instytut Polski w Sztokholmie","description":"Instytuty Polskie","potentialAction":[{"@type":"SearchAction","target":{"@type":"EntryPoint","urlTemplate":"https:\/\/instytutpolski.pl\/stockholm\/?s={search_term_string}"},"query-input":{"@type":"PropertyValueSpecification","valueRequired":true,"valueName":"search_term_string"}}],"inLanguage":"pl-PL"},{"@type":"Person","@id":"https:\/\/instytutpolski.pl\/stockholm\/#\/schema\/person\/062b5a5f61f32b17c98996975db8d556","name":"strozniake","image":{"@type":"ImageObject","inLanguage":"pl-PL","@id":"https:\/\/instytutpolski.pl\/stockholm\/#\/schema\/person\/image\/","url":"https:\/\/secure.gravatar.com\/avatar\/25e0be9897787f9035155a882fde97cc?s=96&d=mm&r=g","contentUrl":"https:\/\/secure.gravatar.com\/avatar\/25e0be9897787f9035155a882fde97cc?s=96&d=mm&r=g","caption":"strozniake"},"sameAs":["http:\/\/strozniake"],"url":"https:\/\/instytutpolski.pl\/stockholm\/author\/strozniake\/"}]}},"_links":{"self":[{"href":"https:\/\/instytutpolski.pl\/stockholm\/wp-json\/wp\/v2\/posts\/8598","targetHints":{"allow":["GET"]}}],"collection":[{"href":"https:\/\/instytutpolski.pl\/stockholm\/wp-json\/wp\/v2\/posts"}],"about":[{"href":"https:\/\/instytutpolski.pl\/stockholm\/wp-json\/wp\/v2\/types\/post"}],"author":[{"embeddable":true,"href":"https:\/\/instytutpolski.pl\/stockholm\/wp-json\/wp\/v2\/users\/29"}],"replies":[{"embeddable":true,"href":"https:\/\/instytutpolski.pl\/stockholm\/wp-json\/wp\/v2\/comments?post=8598"}],"version-history":[{"count":4,"href":"https:\/\/instytutpolski.pl\/stockholm\/wp-json\/wp\/v2\/posts\/8598\/revisions"}],"predecessor-version":[{"id":8602,"href":"https:\/\/instytutpolski.pl\/stockholm\/wp-json\/wp\/v2\/posts\/8598\/revisions\/8602"}],"wp:featuredmedia":[{"embeddable":true,"href":"https:\/\/instytutpolski.pl\/stockholm\/wp-json\/wp\/v2\/media\/8588"}],"wp:attachment":[{"href":"https:\/\/instytutpolski.pl\/stockholm\/wp-json\/wp\/v2\/media?parent=8598"}],"wp:term":[{"taxonomy":"category","embeddable":true,"href":"https:\/\/instytutpolski.pl\/stockholm\/wp-json\/wp\/v2\/categories?post=8598"},{"taxonomy":"post_tag","embeddable":true,"href":"https:\/\/instytutpolski.pl\/stockholm\/wp-json\/wp\/v2\/tags?post=8598"}],"curies":[{"name":"wp","href":"https:\/\/api.w.org\/{rel}","templated":true}]}}