{"id":8730,"date":"2022-05-12T17:02:09","date_gmt":"2022-05-12T15:02:09","guid":{"rendered":"https:\/\/instytutpolski.pl\/stockholm\/?p=8730"},"modified":"2022-06-02T17:00:38","modified_gmt":"2022-06-02T15:00:38","slug":"miedzynarodowy-festiwal-komiksu-w-sztokholmie-2022","status":"publish","type":"post","link":"https:\/\/instytutpolski.pl\/stockholm\/pl\/2022\/05\/12\/miedzynarodowy-festiwal-komiksu-w-sztokholmie-2022\/","title":{"rendered":"Mi\u0119dzynarodowy Festiwal Komiksu w Sztokholmie 2022"},"content":{"rendered":"\n<p><\/p>\n\n\n\n<p>W tym roku do Sztokholmu przyjedzie trzech znakomitych polskich tw\u00f3rc\u00f3w komiks\u00f3w: Berenika Ko\u0142omycka, Wojtek Wawszczyk oraz Bartosz Sztybor, kt\u00f3rzy zaprezentuj\u0105 i opowiedz\u0105 o swoich najnowszych komiksach: \u201eMalutki Lisek i Wielki Dzik\u201d (Berenika Ko\u0142omycka); \u201eWied\u017amin\u201d i \u201eCyberpunk 1977\u201d (Bartek Sztybor) oraz \u201ePan \u017bar\u00f3wka\u201d (Wojtek Wawszczyk).<\/p>\n\n\n\n<p>W sobot\u0119, 21 maja o godzinie 16.00 odb\u0119dzie si\u0119 rozmowa z polskimi go\u015b\u0107mi na forum festiwalowym. Nie przegap!<\/p>\n\n\n\n<p><\/p>\n\n\n\n<p>O polskich tw\u00f3rcach:<\/p>\n\n\n\n<div class=\"wp-block-media-text alignwide is-stacked-on-mobile\"><figure class=\"wp-block-media-text__media\"><img loading=\"lazy\" decoding=\"async\" width=\"1024\" height=\"822\" src=\"https:\/\/instytutpolski.pl\/stockholm\/wp-content\/uploads\/sites\/17\/2022\/05\/BerenikaKolomycka-1024x822.png\" alt=\"\" class=\"wp-image-8448 size-full\" srcset=\"https:\/\/instytutpolski.pl\/stockholm\/wp-content\/uploads\/sites\/17\/2022\/05\/BerenikaKolomycka-1024x822.png 1024w, https:\/\/instytutpolski.pl\/stockholm\/wp-content\/uploads\/sites\/17\/2022\/05\/BerenikaKolomycka-300x241.png 300w, https:\/\/instytutpolski.pl\/stockholm\/wp-content\/uploads\/sites\/17\/2022\/05\/BerenikaKolomycka-768x616.png 768w, https:\/\/instytutpolski.pl\/stockholm\/wp-content\/uploads\/sites\/17\/2022\/05\/BerenikaKolomycka.png 1200w\" sizes=\"auto, (max-width: 1024px) 100vw, 1024px\" \/><\/figure><div class=\"wp-block-media-text__content\">\n<p class=\"has-small-font-size\">Berenika Ko\u0142omycka &#8211; autorka komiks\u00f3w, malarka, rze\u017abiarka i graficzka. Absolwentka Akademii Sztuk Pi\u0119knych w Warszawie. Wsp\u00f3\u0142pracowa\u0142a m.in z Grzegorzem Januszem (\u201eWykolejeniec\u201d) i Marzen\u0105 Sow\u0105 ( \u201eTej nocy dzika paprotka\u201d). Jest laureatk\u0105 Grand Prix Komiksu na MFKiG w \u0141odzi 2011. Jej prace publikowane by\u0142y w magazynach polskich, zagranicznych, licznych antologiach, a tak\u017ce w podr\u0119cznikach szkolnych. Jest autork\u0105 serii komiksowej dla dzieci &#8222;Malutki Lisek i Wielki Dzik\u201d oraz wsp\u00f3\u0142autork\u0105 serii komiksowej dla najm\u0142odszych czytelnik\u00f3w &#8222;Arcygro\u017ane domostwory&#8221; (&#8222;Mika i wyjec&#8221;, &#8222;Mika i bulgot&#8221;). Jej komiksy s\u0105 publikowane m.in. Na rynku hiszpa\u0144skim, norweskim oraz w Stanach Zjednoczonych. Na co dzie\u0144 opiekuje si\u0119 kotk\u0105 Mami i suni\u0105 Kuk\u0105.<\/p>\n<\/div><\/div>\n\n\n\n<pre class=\"wp-block-verse\"><\/pre>\n\n\n\n<div class=\"wp-block-media-text alignwide has-media-on-the-right is-stacked-on-mobile\"><figure class=\"wp-block-media-text__media\"><img loading=\"lazy\" decoding=\"async\" width=\"662\" height=\"1024\" src=\"https:\/\/instytutpolski.pl\/stockholm\/wp-content\/uploads\/sites\/17\/2022\/05\/thumbnail_sztybor-662x1024.jpg\" alt=\"\" class=\"wp-image-8447 size-full\" \/><\/figure><div class=\"wp-block-media-text__content\">\n<p class=\"has-small-font-size\">Bartosz Sztybor \u2013 scenarzysta komiksowy, telewizyjny i filmowy, autor ksi\u0105\u017cek dla dzieci, kierownik narracji i pisarz w CD PROJEKT RED oraz niespe\u0142niony raper. W Polsce opublikowa\u0142 kilkana\u015bcie komiks\u00f3w, za kt\u00f3re zdoby\u0142 najwa\u017cniejsze nagrody bran\u017cowe (w tym dwukrotnie Grand Prix na Mi\u0119dzynarodowym Festiwalu Komiksu i Gier w \u0141odzi). Jako jedyny polski scenarzysta publikuje we Francji (w wydawnictwach Sarbacane, Ankama i Paquet) oraz Stanach Zjednoczonych (w Boom! Studios oraz Dark Horse Comics), gdzie tworzy dwie popularne serie komiksowe: \u201cWied\u017amin\u201d oraz \u201cCyberpunk 2077\u201d. Autor scenariuszy film\u00f3w kr\u00f3tkometra\u017cowych pokazywanych na festiwalach na ca\u0142ym \u015bwiecie. Tw\u00f3rca nowej ekranizacji kultowego \u201ePana Samochodzika i Templariuszy\u201d. P\u0142yty rapowej jeszcze nie nagra\u0142.<\/p>\n<\/div><\/div>\n\n\n\n<pre class=\"wp-block-verse\"><\/pre>\n\n\n\n<div class=\"wp-block-media-text alignwide is-stacked-on-mobile\"><figure class=\"wp-block-media-text__media\"><img loading=\"lazy\" decoding=\"async\" width=\"1024\" height=\"816\" src=\"https:\/\/instytutpolski.pl\/stockholm\/wp-content\/uploads\/sites\/17\/2022\/05\/Wojtek-Wawszczyk-e1652367361336-1024x816.jpg\" alt=\"\" class=\"wp-image-8449 size-full\" srcset=\"https:\/\/instytutpolski.pl\/stockholm\/wp-content\/uploads\/sites\/17\/2022\/05\/Wojtek-Wawszczyk-e1652367361336-1024x816.jpg 1024w, https:\/\/instytutpolski.pl\/stockholm\/wp-content\/uploads\/sites\/17\/2022\/05\/Wojtek-Wawszczyk-e1652367361336-300x239.jpg 300w, https:\/\/instytutpolski.pl\/stockholm\/wp-content\/uploads\/sites\/17\/2022\/05\/Wojtek-Wawszczyk-e1652367361336-768x612.jpg 768w, https:\/\/instytutpolski.pl\/stockholm\/wp-content\/uploads\/sites\/17\/2022\/05\/Wojtek-Wawszczyk-e1652367361336-1536x1224.jpg 1536w, https:\/\/instytutpolski.pl\/stockholm\/wp-content\/uploads\/sites\/17\/2022\/05\/Wojtek-Wawszczyk-e1652367361336.jpg 1920w\" sizes=\"auto, (max-width: 1024px) 100vw, 1024px\" \/><\/figure><div class=\"wp-block-media-text__content\">\n<p class=\"has-small-font-size\">Wojtek Wawszczyk (ur. 1977 w Cieszynie) jest re\u017cyserem, scenarzyst\u0105, animatorem i rysownikiem. Jest tw\u00f3rc\u0105 wielokrotnie nagradzanych film\u00f3w animowanych Headless, Mysz i Pingwin. Pracowa\u0142 r\u00f3wnie\u017c jako animator przy nominowanym do Oscara filmie Ja, Robot. Wawszczyk by\u0142 wsp\u00f3\u0142re\u017cyserem pe\u0142nometra\u017cowego filmu animowanego Je\u017c Jerzy. Od 2011 roku jest jednym z prowadz\u0105cych studio animacji Human Ark w Warszawie. Obecnie pracuje jako scenarzysta i re\u017cyser, jest w trakcie realizacji kolejnego pe\u0142nometra\u017cowego filmu fabularnego &#8211; Diplodok. Mieszka w Warszawie. www.wojwaw.com<\/p>\n<\/div><\/div>\n\n\n\n<pre class=\"wp-block-verse\"><\/pre>\n\n\n\n<p>Wi\u0119cej o Mi\u0119dzynarodowym Festiwalu Komiksu w Sztokholmie znajdziesz na <a href=\"https:\/\/kulturhusetstadsteatern.se\/bibliotek\/serieteket\">oficjalnej stronie festiwalu<\/a> (po szwedzku).<\/p>\n\n\n\n<p>Projekt jest organizowany we wsp\u00f3\u0142pracy z Serieteket oraz wydawnictwem Kultura Gniewu.<\/p>\n\n\n\n<p><\/p>\n\n\n<div class=\"wp-block-image\">\n<figure class=\"alignleft size-large\"><img loading=\"lazy\" decoding=\"async\" width=\"1024\" height=\"576\" src=\"https:\/\/instytutpolski.pl\/stockholm\/wp-content\/uploads\/sites\/17\/2022\/05\/1-1024x576.png\" alt=\"\" class=\"wp-image-8444\" srcset=\"https:\/\/instytutpolski.pl\/stockholm\/wp-content\/uploads\/sites\/17\/2022\/05\/1-1024x576.png 1024w, https:\/\/instytutpolski.pl\/stockholm\/wp-content\/uploads\/sites\/17\/2022\/05\/1-300x169.png 300w, https:\/\/instytutpolski.pl\/stockholm\/wp-content\/uploads\/sites\/17\/2022\/05\/1-768x432.png 768w, https:\/\/instytutpolski.pl\/stockholm\/wp-content\/uploads\/sites\/17\/2022\/05\/1.png 1120w\" sizes=\"auto, (max-width: 1024px) 100vw, 1024px\" \/><\/figure><\/div>","protected":false},"excerpt":{"rendered":"<p>W tym roku do Sztokholmu przyjedzie trzech znakomitych polskich tw\u00f3rc\u00f3w komiks\u00f3w: Berenika Ko\u0142omycka, Wojtek Wawszczyk oraz Bartosz Sztybor, kt\u00f3rzy zaprezentuj\u0105 i opowiedz\u0105 o swoich najnowszych komiksach: \u201eMalutki Lisek i Wielki Dzik\u201d (Berenika Ko\u0142omycka); \u201eWied\u017amin\u201d i \u201eCyberpunk 1977\u201d (Bartek Sztybor) oraz \u201ePan \u017bar\u00f3wka\u201d (Wojtek Wawszczyk). W sobot\u0119, 21 maja o godzinie 16.00 odb\u0119dzie si\u0119 rozmowa z [&hellip;]<\/p>\n","protected":false},"author":29,"featured_media":8446,"comment_status":"closed","ping_status":"closed","sticky":false,"template":"","format":"standard","meta":{"inline_featured_image":false,"_monsterinsights_skip_tracking":false,"_monsterinsights_sitenote_active":false,"_monsterinsights_sitenote_note":"","_monsterinsights_sitenote_category":0,"footnotes":""},"categories":[87,81,36],"tags":[],"class_list":["post-8730","post","type-post","status-publish","format-standard","has-post-thumbnail","hentry","category-literatura","category-sztuki-wizualne","category-wydarzenie"],"yoast_head":"<!-- This site is optimized with the Yoast SEO plugin v24.6 - https:\/\/yoast.com\/wordpress\/plugins\/seo\/ -->\n<title>Mi\u0119dzynarodowy Festiwal Komiksu w Sztokholmie 2022 - Instytut Polski w Sztokholmie<\/title>\n<meta name=\"robots\" content=\"index, follow, max-snippet:-1, max-image-preview:large, max-video-preview:-1\" \/>\n<link rel=\"canonical\" href=\"https:\/\/instytutpolski.pl\/stockholm\/pl\/2022\/05\/12\/miedzynarodowy-festiwal-komiksu-w-sztokholmie-2022\/\" \/>\n<meta property=\"og:locale\" content=\"pl_PL\" \/>\n<meta property=\"og:type\" content=\"article\" \/>\n<meta property=\"og:title\" content=\"Mi\u0119dzynarodowy Festiwal Komiksu w Sztokholmie 2022 - Instytut Polski w Sztokholmie\" \/>\n<meta property=\"og:description\" content=\"W tym roku do Sztokholmu przyjedzie trzech znakomitych polskich tw\u00f3rc\u00f3w komiks\u00f3w: Berenika Ko\u0142omycka, Wojtek Wawszczyk oraz Bartosz Sztybor, kt\u00f3rzy zaprezentuj\u0105 i opowiedz\u0105 o swoich najnowszych komiksach: \u201eMalutki Lisek i Wielki Dzik\u201d (Berenika Ko\u0142omycka); \u201eWied\u017amin\u201d i \u201eCyberpunk 1977\u201d (Bartek Sztybor) oraz \u201ePan \u017bar\u00f3wka\u201d (Wojtek Wawszczyk). W sobot\u0119, 21 maja o godzinie 16.00 odb\u0119dzie si\u0119 rozmowa z [&hellip;]\" \/>\n<meta property=\"og:url\" content=\"https:\/\/instytutpolski.pl\/stockholm\/pl\/2022\/05\/12\/miedzynarodowy-festiwal-komiksu-w-sztokholmie-2022\/\" \/>\n<meta property=\"og:site_name\" content=\"Instytut Polski w Sztokholmie\" \/>\n<meta property=\"article:published_time\" content=\"2022-05-12T15:02:09+00:00\" \/>\n<meta property=\"article:modified_time\" content=\"2022-06-02T15:00:38+00:00\" \/>\n<meta property=\"og:image\" content=\"https:\/\/instytutpolski.pl\/stockholm\/wp-content\/uploads\/sites\/17\/2022\/05\/7.png\" \/>\n\t<meta property=\"og:image:width\" content=\"1120\" \/>\n\t<meta property=\"og:image:height\" content=\"630\" \/>\n\t<meta property=\"og:image:type\" content=\"image\/png\" \/>\n<meta name=\"author\" content=\"strozniake\" \/>\n<meta name=\"twitter:card\" content=\"summary_large_image\" \/>\n<meta name=\"twitter:label1\" content=\"Napisane przez\" \/>\n\t<meta name=\"twitter:data1\" content=\"strozniake\" \/>\n\t<meta name=\"twitter:label2\" content=\"Szacowany czas czytania\" \/>\n\t<meta name=\"twitter:data2\" content=\"4 minuty\" \/>\n<script type=\"application\/ld+json\" class=\"yoast-schema-graph\">{\"@context\":\"https:\/\/schema.org\",\"@graph\":[{\"@type\":\"event\",\"@id\":\"https:\/\/instytutpolski.pl\/stockholm\/pl\/2022\/05\/12\/miedzynarodowy-festiwal-komiksu-w-sztokholmie-2022\/\",\"url\":\"https:\/\/instytutpolski.pl\/stockholm\/pl\/2022\/05\/12\/miedzynarodowy-festiwal-komiksu-w-sztokholmie-2022\/\",\"name\":\"Mi\u0119dzynarodowy Festiwal Komiksu w Sztokholmie 2022\",\"isPartOf\":{\"@id\":\"https:\/\/instytutpolski.pl\/stockholm\/#website\"},\"primaryImageOfPage\":{\"@id\":\"https:\/\/instytutpolski.pl\/stockholm\/pl\/2022\/05\/12\/miedzynarodowy-festiwal-komiksu-w-sztokholmie-2022\/#primaryimage\"},\"image\":[\"https:\/\/instytutpolski.pl\/stockholm\/wp-content\/uploads\/sites\/17\/2022\/05\/7.png\",\"https:\/\/instytutpolski.pl\/stockholm\/wp-content\/uploads\/sites\/17\/2022\/05\/7-300x169.png\",\"https:\/\/instytutpolski.pl\/stockholm\/wp-content\/uploads\/sites\/17\/2022\/05\/7-1024x576.png\",\"https:\/\/instytutpolski.pl\/stockholm\/wp-content\/uploads\/sites\/17\/2022\/05\/7.png\"],\"thumbnailUrl\":\"https:\/\/instytutpolski.pl\/stockholm\/wp-content\/uploads\/sites\/17\/2022\/05\/7.png\",\"datePublished\":\"2022-05-12T15:02:09+02:00\",\"dateModified\":\"2022-06-02T15:00:38+02:00\",\"author\":{\"@id\":\"https:\/\/instytutpolski.pl\/stockholm\/#\/schema\/person\/062b5a5f61f32b17c98996975db8d556\"},\"breadcrumb\":{\"@id\":\"https:\/\/instytutpolski.pl\/stockholm\/pl\/2022\/05\/12\/miedzynarodowy-festiwal-komiksu-w-sztokholmie-2022\/#breadcrumb\"},\"inLanguage\":\"pl-PL\",\"potentialAction\":[{\"@type\":\"ReadAction\",\"target\":[\"https:\/\/instytutpolski.pl\/stockholm\/pl\/2022\/05\/12\/miedzynarodowy-festiwal-komiksu-w-sztokholmie-2022\/\"]}],\"@context\":\"https:\/\/schema.org\",\"startDate\":\"2022-05-21\",\"endDate\":\"2022-05-22\",\"eventStatus\":\"EventScheduled\",\"eventAttendanceMode\":\"OfflineEventAttendanceMode\",\"location\":{\"@type\":\"place\",\"name\":\"\",\"address\":\"\",\"geo\":{\"@type\":\"GeoCoordinates\",\"latitude\":\"\",\"longitude\":\"\"}},\"description\":\"W tym roku do Sztokholmu przyjedzie trzech znakomitych polskich tw\u00f3rc\u00f3w komiks\u00f3w: Berenika Ko\u0142omycka, Wojtek Wawszczyk oraz Bartosz Sztybor, kt\u00f3rzy zaprezentuj\u0105 i opowiedz\u0105 o swoich najnowszych komiksach: \u201eMalutki Lisek i Wielki Dzik\u201d (Berenika Ko\u0142omycka); \u201eWied\u017amin\u201d i \u201eCyberpunk 1977\u201d (Bartek Sztybor) oraz \u201ePan \u017bar\u00f3wka\u201d (Wojtek Wawszczyk).\\nW sobot\u0119, 21 maja o godzinie 16.00 odb\u0119dzie si\u0119 rozmowa z polskimi go\u015b\u0107mi na forum festiwalowym. Nie przegap!\\nO polskich tw\u00f3rcach:\\nBerenika Ko\u0142omycka - autorka komiks\u00f3w, malarka, rze\u017abiarka i graficzka. Absolwentka Akademii Sztuk Pi\u0119knych w Warszawie. Wsp\u00f3\u0142pracowa\u0142a m.in z Grzegorzem Januszem (\u201eWykolejeniec\u201d) i Marzen\u0105 Sow\u0105 ( \u201eTej nocy dzika paprotka\u201d). Jest laureatk\u0105 Grand Prix Komiksu na MFKiG w \u0141odzi 2011. Jej prace publikowane by\u0142y w magazynach polskich, zagranicznych, licznych antologiach, a tak\u017ce w podr\u0119cznikach szkolnych. Jest autork\u0105 serii komiksowej dla dzieci \\\"Malutki Lisek i Wielki Dzik\u201d oraz wsp\u00f3\u0142autork\u0105 serii komiksowej dla najm\u0142odszych czytelnik\u00f3w \\\"Arcygro\u017ane domostwory\\\" (\\\"Mika i wyjec\\\", \\\"Mika i bulgot\\\"). Jej komiksy s\u0105 publikowane m.in. Na rynku hiszpa\u0144skim, norweskim oraz w Stanach Zjednoczonych. Na co dzie\u0144 opiekuje si\u0119 kotk\u0105 Mami i suni\u0105 Kuk\u0105.\\nBartosz Sztybor \u2013 scenarzysta komiksowy, telewizyjny i filmowy, autor ksi\u0105\u017cek dla dzieci, kierownik narracji i pisarz w CD PROJEKT RED oraz niespe\u0142niony raper. W Polsce opublikowa\u0142 kilkana\u015bcie komiks\u00f3w, za kt\u00f3re zdoby\u0142 najwa\u017cniejsze nagrody bran\u017cowe (w tym dwukrotnie Grand Prix na Mi\u0119dzynarodowym Festiwalu Komiksu i Gier w \u0141odzi). Jako jedyny polski scenarzysta publikuje we Francji (w wydawnictwach Sarbacane, Ankama i Paquet) oraz Stanach Zjednoczonych (w Boom! Studios oraz Dark Horse Comics), gdzie tworzy dwie popularne serie komiksowe: \u201cWied\u017amin\u201d oraz \u201cCyberpunk 2077\u201d. Autor scenariuszy film\u00f3w kr\u00f3tkometra\u017cowych pokazywanych na festiwalach na ca\u0142ym \u015bwiecie. Tw\u00f3rca nowej ekranizacji kultowego \u201ePana Samochodzika i Templariuszy\u201d. P\u0142yty rapowej jeszcze nie nagra\u0142.\\nWojtek Wawszczyk (ur. 1977 w Cieszynie) jest re\u017cyserem, scenarzyst\u0105, animatorem i rysownikiem. Jest tw\u00f3rc\u0105 wielokrotnie nagradzanych film\u00f3w animowanych Headless, Mysz i Pingwin. Pracowa\u0142 r\u00f3wnie\u017c jako animator przy nominowanym do Oscara filmie Ja, Robot. Wawszczyk by\u0142 wsp\u00f3\u0142re\u017cyserem pe\u0142nometra\u017cowego filmu animowanego Je\u017c Jerzy. Od 2011 roku jest jednym z prowadz\u0105cych studio animacji Human Ark w Warszawie. Obecnie pracuje jako scenarzysta i re\u017cyser, jest w trakcie realizacji kolejnego pe\u0142nometra\u017cowego filmu fabularnego - Diplodok. Mieszka w Warszawie. www.wojwaw.com\\nWi\u0119cej o Mi\u0119dzynarodowym Festiwalu Komiksu w Sztokholmie znajdziesz na oficjalnej stronie festiwalu (po szwedzku).\\nProjekt jest organizowany we wsp\u00f3\u0142pracy z Serieteket oraz wydawnictwem Kultura Gniewu.\"},{\"@type\":\"ImageObject\",\"inLanguage\":\"pl-PL\",\"@id\":\"https:\/\/instytutpolski.pl\/stockholm\/pl\/2022\/05\/12\/miedzynarodowy-festiwal-komiksu-w-sztokholmie-2022\/#primaryimage\",\"url\":\"https:\/\/instytutpolski.pl\/stockholm\/wp-content\/uploads\/sites\/17\/2022\/05\/7.png\",\"contentUrl\":\"https:\/\/instytutpolski.pl\/stockholm\/wp-content\/uploads\/sites\/17\/2022\/05\/7.png\",\"width\":1120,\"height\":630},{\"@type\":\"BreadcrumbList\",\"@id\":\"https:\/\/instytutpolski.pl\/stockholm\/pl\/2022\/05\/12\/miedzynarodowy-festiwal-komiksu-w-sztokholmie-2022\/#breadcrumb\",\"itemListElement\":[{\"@type\":\"ListItem\",\"position\":1,\"name\":\"Home\",\"item\":\"https:\/\/instytutpolski.pl\/stockholm\/\"},{\"@type\":\"ListItem\",\"position\":2,\"name\":\"Mi\u0119dzynarodowy Festiwal Komiksu w Sztokholmie 2022\"}]},{\"@type\":\"WebSite\",\"@id\":\"https:\/\/instytutpolski.pl\/stockholm\/#website\",\"url\":\"https:\/\/instytutpolski.pl\/stockholm\/\",\"name\":\"Instytut Polski w Sztokholmie\",\"description\":\"Instytuty Polskie\",\"potentialAction\":[{\"@type\":\"SearchAction\",\"target\":{\"@type\":\"EntryPoint\",\"urlTemplate\":\"https:\/\/instytutpolski.pl\/stockholm\/?s={search_term_string}\"},\"query-input\":{\"@type\":\"PropertyValueSpecification\",\"valueRequired\":true,\"valueName\":\"search_term_string\"}}],\"inLanguage\":\"pl-PL\"},{\"@type\":\"Person\",\"@id\":\"https:\/\/instytutpolski.pl\/stockholm\/#\/schema\/person\/062b5a5f61f32b17c98996975db8d556\",\"name\":\"strozniake\",\"image\":{\"@type\":\"ImageObject\",\"inLanguage\":\"pl-PL\",\"@id\":\"https:\/\/instytutpolski.pl\/stockholm\/#\/schema\/person\/image\/\",\"url\":\"https:\/\/secure.gravatar.com\/avatar\/25e0be9897787f9035155a882fde97cc?s=96&d=mm&r=g\",\"contentUrl\":\"https:\/\/secure.gravatar.com\/avatar\/25e0be9897787f9035155a882fde97cc?s=96&d=mm&r=g\",\"caption\":\"strozniake\"},\"sameAs\":[\"http:\/\/strozniake\"],\"url\":\"https:\/\/instytutpolski.pl\/stockholm\/author\/strozniake\/\"}]}<\/script>\n<!-- \/ Yoast SEO plugin. -->","yoast_head_json":{"title":"Mi\u0119dzynarodowy Festiwal Komiksu w Sztokholmie 2022 - Instytut Polski w Sztokholmie","robots":{"index":"index","follow":"follow","max-snippet":"max-snippet:-1","max-image-preview":"max-image-preview:large","max-video-preview":"max-video-preview:-1"},"canonical":"https:\/\/instytutpolski.pl\/stockholm\/pl\/2022\/05\/12\/miedzynarodowy-festiwal-komiksu-w-sztokholmie-2022\/","og_locale":"pl_PL","og_type":"article","og_title":"Mi\u0119dzynarodowy Festiwal Komiksu w Sztokholmie 2022 - Instytut Polski w Sztokholmie","og_description":"W tym roku do Sztokholmu przyjedzie trzech znakomitych polskich tw\u00f3rc\u00f3w komiks\u00f3w: Berenika Ko\u0142omycka, Wojtek Wawszczyk oraz Bartosz Sztybor, kt\u00f3rzy zaprezentuj\u0105 i opowiedz\u0105 o swoich najnowszych komiksach: \u201eMalutki Lisek i Wielki Dzik\u201d (Berenika Ko\u0142omycka); \u201eWied\u017amin\u201d i \u201eCyberpunk 1977\u201d (Bartek Sztybor) oraz \u201ePan \u017bar\u00f3wka\u201d (Wojtek Wawszczyk). W sobot\u0119, 21 maja o godzinie 16.00 odb\u0119dzie si\u0119 rozmowa z [&hellip;]","og_url":"https:\/\/instytutpolski.pl\/stockholm\/pl\/2022\/05\/12\/miedzynarodowy-festiwal-komiksu-w-sztokholmie-2022\/","og_site_name":"Instytut Polski w Sztokholmie","article_published_time":"2022-05-12T15:02:09+00:00","article_modified_time":"2022-06-02T15:00:38+00:00","og_image":[{"width":1120,"height":630,"url":"https:\/\/instytutpolski.pl\/stockholm\/wp-content\/uploads\/sites\/17\/2022\/05\/7.png","type":"image\/png"}],"author":"strozniake","twitter_card":"summary_large_image","twitter_misc":{"Napisane przez":"strozniake","Szacowany czas czytania":"4 minuty"},"schema":{"@context":"https:\/\/schema.org","@graph":[{"@type":"event","@id":"https:\/\/instytutpolski.pl\/stockholm\/pl\/2022\/05\/12\/miedzynarodowy-festiwal-komiksu-w-sztokholmie-2022\/","url":"https:\/\/instytutpolski.pl\/stockholm\/pl\/2022\/05\/12\/miedzynarodowy-festiwal-komiksu-w-sztokholmie-2022\/","name":"Mi\u0119dzynarodowy Festiwal Komiksu w Sztokholmie 2022","isPartOf":{"@id":"https:\/\/instytutpolski.pl\/stockholm\/#website"},"primaryImageOfPage":{"@id":"https:\/\/instytutpolski.pl\/stockholm\/pl\/2022\/05\/12\/miedzynarodowy-festiwal-komiksu-w-sztokholmie-2022\/#primaryimage"},"image":["https:\/\/instytutpolski.pl\/stockholm\/wp-content\/uploads\/sites\/17\/2022\/05\/7.png","https:\/\/instytutpolski.pl\/stockholm\/wp-content\/uploads\/sites\/17\/2022\/05\/7-300x169.png","https:\/\/instytutpolski.pl\/stockholm\/wp-content\/uploads\/sites\/17\/2022\/05\/7-1024x576.png","https:\/\/instytutpolski.pl\/stockholm\/wp-content\/uploads\/sites\/17\/2022\/05\/7.png"],"thumbnailUrl":"https:\/\/instytutpolski.pl\/stockholm\/wp-content\/uploads\/sites\/17\/2022\/05\/7.png","datePublished":"2022-05-12T15:02:09+02:00","dateModified":"2022-06-02T15:00:38+02:00","author":{"@id":"https:\/\/instytutpolski.pl\/stockholm\/#\/schema\/person\/062b5a5f61f32b17c98996975db8d556"},"breadcrumb":{"@id":"https:\/\/instytutpolski.pl\/stockholm\/pl\/2022\/05\/12\/miedzynarodowy-festiwal-komiksu-w-sztokholmie-2022\/#breadcrumb"},"inLanguage":"pl-PL","potentialAction":[{"@type":"ReadAction","target":["https:\/\/instytutpolski.pl\/stockholm\/pl\/2022\/05\/12\/miedzynarodowy-festiwal-komiksu-w-sztokholmie-2022\/"]}],"@context":"https:\/\/schema.org","startDate":"2022-05-21","endDate":"2022-05-22","eventStatus":"EventScheduled","eventAttendanceMode":"OfflineEventAttendanceMode","location":{"@type":"place","name":"","address":"","geo":{"@type":"GeoCoordinates","latitude":"","longitude":""}},"description":"W tym roku do Sztokholmu przyjedzie trzech znakomitych polskich tw\u00f3rc\u00f3w komiks\u00f3w: Berenika Ko\u0142omycka, Wojtek Wawszczyk oraz Bartosz Sztybor, kt\u00f3rzy zaprezentuj\u0105 i opowiedz\u0105 o swoich najnowszych komiksach: \u201eMalutki Lisek i Wielki Dzik\u201d (Berenika Ko\u0142omycka); \u201eWied\u017amin\u201d i \u201eCyberpunk 1977\u201d (Bartek Sztybor) oraz \u201ePan \u017bar\u00f3wka\u201d (Wojtek Wawszczyk).\nW sobot\u0119, 21 maja o godzinie 16.00 odb\u0119dzie si\u0119 rozmowa z polskimi go\u015b\u0107mi na forum festiwalowym. Nie przegap!\nO polskich tw\u00f3rcach:\nBerenika Ko\u0142omycka - autorka komiks\u00f3w, malarka, rze\u017abiarka i graficzka. Absolwentka Akademii Sztuk Pi\u0119knych w Warszawie. Wsp\u00f3\u0142pracowa\u0142a m.in z Grzegorzem Januszem (\u201eWykolejeniec\u201d) i Marzen\u0105 Sow\u0105 ( \u201eTej nocy dzika paprotka\u201d). Jest laureatk\u0105 Grand Prix Komiksu na MFKiG w \u0141odzi 2011. Jej prace publikowane by\u0142y w magazynach polskich, zagranicznych, licznych antologiach, a tak\u017ce w podr\u0119cznikach szkolnych. Jest autork\u0105 serii komiksowej dla dzieci \"Malutki Lisek i Wielki Dzik\u201d oraz wsp\u00f3\u0142autork\u0105 serii komiksowej dla najm\u0142odszych czytelnik\u00f3w \"Arcygro\u017ane domostwory\" (\"Mika i wyjec\", \"Mika i bulgot\"). Jej komiksy s\u0105 publikowane m.in. Na rynku hiszpa\u0144skim, norweskim oraz w Stanach Zjednoczonych. Na co dzie\u0144 opiekuje si\u0119 kotk\u0105 Mami i suni\u0105 Kuk\u0105.\nBartosz Sztybor \u2013 scenarzysta komiksowy, telewizyjny i filmowy, autor ksi\u0105\u017cek dla dzieci, kierownik narracji i pisarz w CD PROJEKT RED oraz niespe\u0142niony raper. W Polsce opublikowa\u0142 kilkana\u015bcie komiks\u00f3w, za kt\u00f3re zdoby\u0142 najwa\u017cniejsze nagrody bran\u017cowe (w tym dwukrotnie Grand Prix na Mi\u0119dzynarodowym Festiwalu Komiksu i Gier w \u0141odzi). Jako jedyny polski scenarzysta publikuje we Francji (w wydawnictwach Sarbacane, Ankama i Paquet) oraz Stanach Zjednoczonych (w Boom! Studios oraz Dark Horse Comics), gdzie tworzy dwie popularne serie komiksowe: \u201cWied\u017amin\u201d oraz \u201cCyberpunk 2077\u201d. Autor scenariuszy film\u00f3w kr\u00f3tkometra\u017cowych pokazywanych na festiwalach na ca\u0142ym \u015bwiecie. Tw\u00f3rca nowej ekranizacji kultowego \u201ePana Samochodzika i Templariuszy\u201d. P\u0142yty rapowej jeszcze nie nagra\u0142.\nWojtek Wawszczyk (ur. 1977 w Cieszynie) jest re\u017cyserem, scenarzyst\u0105, animatorem i rysownikiem. Jest tw\u00f3rc\u0105 wielokrotnie nagradzanych film\u00f3w animowanych Headless, Mysz i Pingwin. Pracowa\u0142 r\u00f3wnie\u017c jako animator przy nominowanym do Oscara filmie Ja, Robot. Wawszczyk by\u0142 wsp\u00f3\u0142re\u017cyserem pe\u0142nometra\u017cowego filmu animowanego Je\u017c Jerzy. Od 2011 roku jest jednym z prowadz\u0105cych studio animacji Human Ark w Warszawie. Obecnie pracuje jako scenarzysta i re\u017cyser, jest w trakcie realizacji kolejnego pe\u0142nometra\u017cowego filmu fabularnego - Diplodok. Mieszka w Warszawie. www.wojwaw.com\nWi\u0119cej o Mi\u0119dzynarodowym Festiwalu Komiksu w Sztokholmie znajdziesz na oficjalnej stronie festiwalu (po szwedzku).\nProjekt jest organizowany we wsp\u00f3\u0142pracy z Serieteket oraz wydawnictwem Kultura Gniewu."},{"@type":"ImageObject","inLanguage":"pl-PL","@id":"https:\/\/instytutpolski.pl\/stockholm\/pl\/2022\/05\/12\/miedzynarodowy-festiwal-komiksu-w-sztokholmie-2022\/#primaryimage","url":"https:\/\/instytutpolski.pl\/stockholm\/wp-content\/uploads\/sites\/17\/2022\/05\/7.png","contentUrl":"https:\/\/instytutpolski.pl\/stockholm\/wp-content\/uploads\/sites\/17\/2022\/05\/7.png","width":1120,"height":630},{"@type":"BreadcrumbList","@id":"https:\/\/instytutpolski.pl\/stockholm\/pl\/2022\/05\/12\/miedzynarodowy-festiwal-komiksu-w-sztokholmie-2022\/#breadcrumb","itemListElement":[{"@type":"ListItem","position":1,"name":"Home","item":"https:\/\/instytutpolski.pl\/stockholm\/"},{"@type":"ListItem","position":2,"name":"Mi\u0119dzynarodowy Festiwal Komiksu w Sztokholmie 2022"}]},{"@type":"WebSite","@id":"https:\/\/instytutpolski.pl\/stockholm\/#website","url":"https:\/\/instytutpolski.pl\/stockholm\/","name":"Instytut Polski w Sztokholmie","description":"Instytuty Polskie","potentialAction":[{"@type":"SearchAction","target":{"@type":"EntryPoint","urlTemplate":"https:\/\/instytutpolski.pl\/stockholm\/?s={search_term_string}"},"query-input":{"@type":"PropertyValueSpecification","valueRequired":true,"valueName":"search_term_string"}}],"inLanguage":"pl-PL"},{"@type":"Person","@id":"https:\/\/instytutpolski.pl\/stockholm\/#\/schema\/person\/062b5a5f61f32b17c98996975db8d556","name":"strozniake","image":{"@type":"ImageObject","inLanguage":"pl-PL","@id":"https:\/\/instytutpolski.pl\/stockholm\/#\/schema\/person\/image\/","url":"https:\/\/secure.gravatar.com\/avatar\/25e0be9897787f9035155a882fde97cc?s=96&d=mm&r=g","contentUrl":"https:\/\/secure.gravatar.com\/avatar\/25e0be9897787f9035155a882fde97cc?s=96&d=mm&r=g","caption":"strozniake"},"sameAs":["http:\/\/strozniake"],"url":"https:\/\/instytutpolski.pl\/stockholm\/author\/strozniake\/"}]}},"_links":{"self":[{"href":"https:\/\/instytutpolski.pl\/stockholm\/wp-json\/wp\/v2\/posts\/8730","targetHints":{"allow":["GET"]}}],"collection":[{"href":"https:\/\/instytutpolski.pl\/stockholm\/wp-json\/wp\/v2\/posts"}],"about":[{"href":"https:\/\/instytutpolski.pl\/stockholm\/wp-json\/wp\/v2\/types\/post"}],"author":[{"embeddable":true,"href":"https:\/\/instytutpolski.pl\/stockholm\/wp-json\/wp\/v2\/users\/29"}],"replies":[{"embeddable":true,"href":"https:\/\/instytutpolski.pl\/stockholm\/wp-json\/wp\/v2\/comments?post=8730"}],"version-history":[{"count":6,"href":"https:\/\/instytutpolski.pl\/stockholm\/wp-json\/wp\/v2\/posts\/8730\/revisions"}],"predecessor-version":[{"id":8736,"href":"https:\/\/instytutpolski.pl\/stockholm\/wp-json\/wp\/v2\/posts\/8730\/revisions\/8736"}],"wp:featuredmedia":[{"embeddable":true,"href":"https:\/\/instytutpolski.pl\/stockholm\/wp-json\/wp\/v2\/media\/8446"}],"wp:attachment":[{"href":"https:\/\/instytutpolski.pl\/stockholm\/wp-json\/wp\/v2\/media?parent=8730"}],"wp:term":[{"taxonomy":"category","embeddable":true,"href":"https:\/\/instytutpolski.pl\/stockholm\/wp-json\/wp\/v2\/categories?post=8730"},{"taxonomy":"post_tag","embeddable":true,"href":"https:\/\/instytutpolski.pl\/stockholm\/wp-json\/wp\/v2\/tags?post=8730"}],"curies":[{"name":"wp","href":"https:\/\/api.w.org\/{rel}","templated":true}]}}