{"id":8758,"date":"2022-05-23T15:22:31","date_gmt":"2022-05-23T13:22:31","guid":{"rendered":"https:\/\/instytutpolski.pl\/stockholm\/?p=8758"},"modified":"2022-06-15T14:15:25","modified_gmt":"2022-06-15T12:15:25","slug":"europejski-dzien-jezykow-2022","status":"publish","type":"post","link":"https:\/\/instytutpolski.pl\/stockholm\/pl\/2022\/05\/23\/europejski-dzien-jezykow-2022\/","title":{"rendered":"Europejski Dzie\u0144 J\u0119zyk\u00f3w 2022"},"content":{"rendered":"\n<p>W ramach Europejskiego Dnia J\u0119zyk\u00f3w w Sztokholmie wsp\u00f3\u0142pracuje wiele instytucji europejskich z siedzib\u0105 w Sztokholmie. Wsp\u00f3lnie organizujemy kafejk\u0119 j\u0119zykow\u0105 oraz konkurs po\u015bwi\u0119cony nauce j\u0119zyk\u00f3w obcych.<\/p>\n\n\n\n<pre class=\"wp-block-verse\"><\/pre>\n\n\n\n<p><strong>Kafejka J\u0119zykowa<\/strong><\/p>\n\n\n\n<p>W ramach tegorocznej edycji Europejskiego Dnia J\u0119zyk\u00f3w ponownie odb\u0119dzie si\u0119 kafejka j\u0119zykowa dla szk\u00f3\u0142 podstawowych i \u015brednich w formie fizycznego spotkania w Europahuset w Sztokholmie, we wtorek 27 wrze\u015bnia, w godzinach 9-15.<\/p>\n\n\n\n<p>W ramach kafejki uczniowie maj\u0105 mo\u017cliwo\u015b\u0107 odwiedzenia stoisk takich j\u0119zyk\u00f3w jak m.in. hiszpa\u0144ski, esto\u0144ski, czeski, francuski, niemiecki, polski czy esperanto.<\/p>\n\n\n\n<p>Wymagana jest wcze\u015bniejsza rejestracja. Wi\u0119cej informacji po szwedzku znajduje si\u0119 na <a href=\"https:\/\/sweden.representation.ec.europa.eu\/news\/europeiska-sprakdagen-2022-2022-05-20_sv\">stronie Komisji Europejskiej<\/a><\/p>\n\n\n\n<pre class=\"wp-block-verse\"><\/pre>\n\n\n\n<p><strong>Konkurs 2022. Wygraj wycieczk\u0119 j\u0119zykow\u0105: Stw\u00f3rz reklam\u0119 swojego ulubionego j\u0119zyka!<\/strong><\/p>\n\n\n\n<p>Konkurs skierowany jest do uczni\u00f3w szk\u00f3\u0142 ponadgimnazjalnych i ponadgimnazjalnych (uczestnictwo indywidualne). Pierwsza nagroda to wycieczka j\u0119zykowa!<\/p>\n\n\n\n<p><em>Zadanie<\/em>:\u00a0<\/p>\n\n\n\n<p>Nagraj kr\u00f3tki filmik w formacie \u201eTikTok\u201d (tzn. oko\u0142o 1 minuty), w kt\u00f3rym w prosty i zabawny spos\u00f3b reklamujesz sw\u00f3j ulubiony j\u0119zyk. Reklama musi by\u0107 nagrana w promowanym j\u0119zyku.&nbsp;<\/p>\n\n\n\n<p>W filmie przedstaw swoje przemy\u015blenia dlaczego kto\u015b mia\u0142by rozpocz\u0105\u0107 nauk\u0119 w\u0142a\u015bnie tego konkretnego j\u0119zyka. Pos\u0142uguj si\u0119 w\u0142asnymi s\u0142owami i w\u0142asnym materia\u0142em. Uczestnik (i jego opiekun) jest odpowiedzialny za zapewnienie, \u017ce nie zosta\u0142y u\u017cyte \u017cadne materia\u0142y, w tym muzyka, chronione prawami autorskimi.<\/p>\n\n\n\n<p>Film musi by\u0107 nagrany w j\u0119zyku, kt\u00f3ry reklamujesz, ale prosimy o wprowadzenie szwedzkich napis\u00f3w do filmu lub przes\u0142anie t\u0142umaczenia na szwedzki jako osobny plik. Wa\u017cne jest r\u00f3wnie\u017c, aby osoby, kt\u00f3re wyst\u0119puj\u0105 w filmie (je\u015bli takowe si\u0119 pojawiaj\u0105) wyrazi\u0142y zgod\u0119 na udzia\u0142 w nagraniu i potwierdzi\u0142y, \u017ce nie uczestnicz\u0105 w konkursie.<\/p>\n\n\n\n<p>Prace konkursowe musz\u0105 wp\u0142yn\u0105\u0107 do nas do czwartku 15 wrze\u015bnia 2022.Regulamin konkursu i wi\u0119cej informacji na temat Europejskiego Dnia J\u0119zyka mo\u017cna znale\u017a\u0107 <a href=\"https:\/\/sweden.representation.ec.europa.eu\/news\/europeiska-sprakdagen-2022-2022-05-20_sv\">tutaj<\/a>.<\/p>\n\n\n\n<pre class=\"wp-block-verse\"><\/pre>\n\n\n\n<p>Zapraszamy do udzia\u0142u!<\/p>\n","protected":false},"excerpt":{"rendered":"<p>W ramach Europejskiego Dnia J\u0119zyk\u00f3w w Sztokholmie wsp\u00f3\u0142pracuje wiele instytucji europejskich z siedzib\u0105 w Sztokholmie. Wsp\u00f3lnie organizujemy kafejk\u0119 j\u0119zykow\u0105 oraz konkurs po\u015bwi\u0119cony nauce j\u0119zyk\u00f3w obcych. Kafejka J\u0119zykowa W ramach tegorocznej edycji Europejskiego Dnia J\u0119zyk\u00f3w ponownie odb\u0119dzie si\u0119 kafejka j\u0119zykowa dla szk\u00f3\u0142 podstawowych i \u015brednich w formie fizycznego spotkania w Europahuset w Sztokholmie, we wtorek 27 [&hellip;]<\/p>\n","protected":false},"author":29,"featured_media":8505,"comment_status":"closed","ping_status":"closed","sticky":false,"template":"","format":"standard","meta":{"inline_featured_image":false,"_monsterinsights_skip_tracking":false,"_monsterinsights_sitenote_active":false,"_monsterinsights_sitenote_note":"","_monsterinsights_sitenote_category":0,"footnotes":""},"categories":[228,36],"tags":[],"class_list":["post-8758","post","type-post","status-publish","format-standard","has-post-thumbnail","hentry","category-jezyk","category-wydarzenie"],"yoast_head":"<!-- This site is optimized with the Yoast SEO plugin v24.6 - https:\/\/yoast.com\/wordpress\/plugins\/seo\/ -->\n<title>Europejski Dzie\u0144 J\u0119zyk\u00f3w 2022 - Instytut Polski w Sztokholmie<\/title>\n<meta name=\"robots\" content=\"index, follow, max-snippet:-1, max-image-preview:large, max-video-preview:-1\" \/>\n<link rel=\"canonical\" href=\"https:\/\/instytutpolski.pl\/stockholm\/pl\/2022\/05\/23\/europejski-dzien-jezykow-2022\/\" \/>\n<meta property=\"og:locale\" content=\"pl_PL\" \/>\n<meta property=\"og:type\" content=\"article\" \/>\n<meta property=\"og:title\" content=\"Europejski Dzie\u0144 J\u0119zyk\u00f3w 2022 - Instytut Polski w Sztokholmie\" \/>\n<meta property=\"og:description\" content=\"W ramach Europejskiego Dnia J\u0119zyk\u00f3w w Sztokholmie wsp\u00f3\u0142pracuje wiele instytucji europejskich z siedzib\u0105 w Sztokholmie. Wsp\u00f3lnie organizujemy kafejk\u0119 j\u0119zykow\u0105 oraz konkurs po\u015bwi\u0119cony nauce j\u0119zyk\u00f3w obcych. Kafejka J\u0119zykowa W ramach tegorocznej edycji Europejskiego Dnia J\u0119zyk\u00f3w ponownie odb\u0119dzie si\u0119 kafejka j\u0119zykowa dla szk\u00f3\u0142 podstawowych i \u015brednich w formie fizycznego spotkania w Europahuset w Sztokholmie, we wtorek 27 [&hellip;]\" \/>\n<meta property=\"og:url\" content=\"https:\/\/instytutpolski.pl\/stockholm\/pl\/2022\/05\/23\/europejski-dzien-jezykow-2022\/\" \/>\n<meta property=\"og:site_name\" content=\"Instytut Polski w Sztokholmie\" \/>\n<meta property=\"article:published_time\" content=\"2022-05-23T13:22:31+00:00\" \/>\n<meta property=\"article:modified_time\" content=\"2022-06-15T12:15:25+00:00\" \/>\n<meta property=\"og:image\" content=\"https:\/\/instytutpolski.pl\/stockholm\/wp-content\/uploads\/sites\/17\/2022\/05\/EDL-logo.jpg\" \/>\n\t<meta property=\"og:image:width\" content=\"1924\" \/>\n\t<meta property=\"og:image:height\" content=\"1200\" \/>\n\t<meta property=\"og:image:type\" content=\"image\/jpeg\" \/>\n<meta name=\"author\" content=\"strozniake\" \/>\n<meta name=\"twitter:card\" content=\"summary_large_image\" \/>\n<meta name=\"twitter:label1\" content=\"Napisane przez\" \/>\n\t<meta name=\"twitter:data1\" content=\"strozniake\" \/>\n\t<meta name=\"twitter:label2\" content=\"Szacowany czas czytania\" \/>\n\t<meta name=\"twitter:data2\" content=\"2 minuty\" \/>\n<script type=\"application\/ld+json\" class=\"yoast-schema-graph\">{\"@context\":\"https:\/\/schema.org\",\"@graph\":[{\"@type\":\"event\",\"@id\":\"https:\/\/instytutpolski.pl\/stockholm\/pl\/2022\/05\/23\/europejski-dzien-jezykow-2022\/\",\"url\":\"https:\/\/instytutpolski.pl\/stockholm\/pl\/2022\/05\/23\/europejski-dzien-jezykow-2022\/\",\"name\":\"Europejski Dzie\u0144 J\u0119zyk\u00f3w 2022\",\"isPartOf\":{\"@id\":\"https:\/\/instytutpolski.pl\/stockholm\/#website\"},\"primaryImageOfPage\":{\"@id\":\"https:\/\/instytutpolski.pl\/stockholm\/pl\/2022\/05\/23\/europejski-dzien-jezykow-2022\/#primaryimage\"},\"image\":[\"https:\/\/instytutpolski.pl\/stockholm\/wp-content\/uploads\/sites\/17\/2022\/05\/EDL-logo.jpg\",\"https:\/\/instytutpolski.pl\/stockholm\/wp-content\/uploads\/sites\/17\/2022\/05\/EDL-logo-300x187.jpg\",\"https:\/\/instytutpolski.pl\/stockholm\/wp-content\/uploads\/sites\/17\/2022\/05\/EDL-logo-1024x639.jpg\",\"https:\/\/instytutpolski.pl\/stockholm\/wp-content\/uploads\/sites\/17\/2022\/05\/EDL-logo.jpg\"],\"thumbnailUrl\":\"https:\/\/instytutpolski.pl\/stockholm\/wp-content\/uploads\/sites\/17\/2022\/05\/EDL-logo.jpg\",\"datePublished\":\"2022-05-23T13:22:31+02:00\",\"dateModified\":\"2022-06-15T12:15:25+02:00\",\"author\":{\"@id\":\"https:\/\/instytutpolski.pl\/stockholm\/#\/schema\/person\/062b5a5f61f32b17c98996975db8d556\"},\"breadcrumb\":{\"@id\":\"https:\/\/instytutpolski.pl\/stockholm\/pl\/2022\/05\/23\/europejski-dzien-jezykow-2022\/#breadcrumb\"},\"inLanguage\":\"pl-PL\",\"potentialAction\":[{\"@type\":\"ReadAction\",\"target\":[\"https:\/\/instytutpolski.pl\/stockholm\/pl\/2022\/05\/23\/europejski-dzien-jezykow-2022\/\"]}],\"@context\":\"https:\/\/schema.org\",\"startDate\":\"2022-09-27\",\"endDate\":\"2022-09-27\",\"eventStatus\":\"EventScheduled\",\"eventAttendanceMode\":\"OfflineEventAttendanceMode\",\"location\":{\"@type\":\"place\",\"name\":\"\",\"address\":\"\",\"geo\":{\"@type\":\"GeoCoordinates\",\"latitude\":\"\",\"longitude\":\"\"}},\"description\":\"W ramach Europejskiego Dnia J\u0119zyk\u00f3w w Sztokholmie wsp\u00f3\u0142pracuje wiele instytucji europejskich z siedzib\u0105 w Sztokholmie. Wsp\u00f3lnie organizujemy kafejk\u0119 j\u0119zykow\u0105 oraz konkurs po\u015bwi\u0119cony nauce j\u0119zyk\u00f3w obcych.\\nKafejka J\u0119zykowa\\nW ramach tegorocznej edycji Europejskiego Dnia J\u0119zyk\u00f3w ponownie odb\u0119dzie si\u0119 kafejka j\u0119zykowa dla szk\u00f3\u0142 podstawowych i \u015brednich w formie fizycznego spotkania w Europahuset w Sztokholmie, we wtorek 27 wrze\u015bnia, w godzinach 9-15.\\nW ramach kafejki uczniowie maj\u0105 mo\u017cliwo\u015b\u0107 odwiedzenia stoisk takich j\u0119zyk\u00f3w jak m.in. hiszpa\u0144ski, esto\u0144ski, czeski, francuski, niemiecki, polski czy esperanto.\\nWymagana jest wcze\u015bniejsza rejestracja. Wi\u0119cej informacji po szwedzku znajduje si\u0119 na stronie Komisji Europejskiej\\nKonkurs 2022. Wygraj wycieczk\u0119 j\u0119zykow\u0105: Stw\u00f3rz reklam\u0119 swojego ulubionego j\u0119zyka!\\nKonkurs skierowany jest do uczni\u00f3w szk\u00f3\u0142 ponadgimnazjalnych i ponadgimnazjalnych (uczestnictwo indywidualne). Pierwsza nagroda to wycieczka j\u0119zykowa!\\nZadanie:\u00a0\\nNagraj kr\u00f3tki filmik w formacie \u201eTikTok\u201d (tzn. oko\u0142o 1 minuty), w kt\u00f3rym w prosty i zabawny spos\u00f3b reklamujesz sw\u00f3j ulubiony j\u0119zyk. Reklama musi by\u0107 nagrana w promowanym j\u0119zyku. \\nW filmie przedstaw swoje przemy\u015blenia dlaczego kto\u015b mia\u0142by rozpocz\u0105\u0107 nauk\u0119 w\u0142a\u015bnie tego konkretnego j\u0119zyka. Pos\u0142uguj si\u0119 w\u0142asnymi s\u0142owami i w\u0142asnym materia\u0142em. Uczestnik (i jego opiekun) jest odpowiedzialny za zapewnienie, \u017ce nie zosta\u0142y u\u017cyte \u017cadne materia\u0142y, w tym muzyka, chronione prawami autorskimi.\\nFilm musi by\u0107 nagrany w j\u0119zyku, kt\u00f3ry reklamujesz, ale prosimy o wprowadzenie szwedzkich napis\u00f3w do filmu lub przes\u0142anie t\u0142umaczenia na szwedzki jako osobny plik. Wa\u017cne jest r\u00f3wnie\u017c, aby osoby, kt\u00f3re wyst\u0119puj\u0105 w filmie (je\u015bli takowe si\u0119 pojawiaj\u0105) wyrazi\u0142y zgod\u0119 na udzia\u0142 w nagraniu i potwierdzi\u0142y, \u017ce nie uczestnicz\u0105 w konkursie.\\nPrace konkursowe musz\u0105 wp\u0142yn\u0105\u0107 do nas do czwartku 15 wrze\u015bnia 2022.Regulamin konkursu i wi\u0119cej informacji na temat Europejskiego Dnia J\u0119zyka mo\u017cna znale\u017a\u0107 tutaj.\\nZapraszamy do udzia\u0142u!\"},{\"@type\":\"ImageObject\",\"inLanguage\":\"pl-PL\",\"@id\":\"https:\/\/instytutpolski.pl\/stockholm\/pl\/2022\/05\/23\/europejski-dzien-jezykow-2022\/#primaryimage\",\"url\":\"https:\/\/instytutpolski.pl\/stockholm\/wp-content\/uploads\/sites\/17\/2022\/05\/EDL-logo.jpg\",\"contentUrl\":\"https:\/\/instytutpolski.pl\/stockholm\/wp-content\/uploads\/sites\/17\/2022\/05\/EDL-logo.jpg\",\"width\":1924,\"height\":1200},{\"@type\":\"BreadcrumbList\",\"@id\":\"https:\/\/instytutpolski.pl\/stockholm\/pl\/2022\/05\/23\/europejski-dzien-jezykow-2022\/#breadcrumb\",\"itemListElement\":[{\"@type\":\"ListItem\",\"position\":1,\"name\":\"Home\",\"item\":\"https:\/\/instytutpolski.pl\/stockholm\/\"},{\"@type\":\"ListItem\",\"position\":2,\"name\":\"Europejski Dzie\u0144 J\u0119zyk\u00f3w 2022\"}]},{\"@type\":\"WebSite\",\"@id\":\"https:\/\/instytutpolski.pl\/stockholm\/#website\",\"url\":\"https:\/\/instytutpolski.pl\/stockholm\/\",\"name\":\"Instytut Polski w Sztokholmie\",\"description\":\"Instytuty Polskie\",\"potentialAction\":[{\"@type\":\"SearchAction\",\"target\":{\"@type\":\"EntryPoint\",\"urlTemplate\":\"https:\/\/instytutpolski.pl\/stockholm\/?s={search_term_string}\"},\"query-input\":{\"@type\":\"PropertyValueSpecification\",\"valueRequired\":true,\"valueName\":\"search_term_string\"}}],\"inLanguage\":\"pl-PL\"},{\"@type\":\"Person\",\"@id\":\"https:\/\/instytutpolski.pl\/stockholm\/#\/schema\/person\/062b5a5f61f32b17c98996975db8d556\",\"name\":\"strozniake\",\"image\":{\"@type\":\"ImageObject\",\"inLanguage\":\"pl-PL\",\"@id\":\"https:\/\/instytutpolski.pl\/stockholm\/#\/schema\/person\/image\/\",\"url\":\"https:\/\/secure.gravatar.com\/avatar\/25e0be9897787f9035155a882fde97cc?s=96&d=mm&r=g\",\"contentUrl\":\"https:\/\/secure.gravatar.com\/avatar\/25e0be9897787f9035155a882fde97cc?s=96&d=mm&r=g\",\"caption\":\"strozniake\"},\"sameAs\":[\"http:\/\/strozniake\"],\"url\":\"https:\/\/instytutpolski.pl\/stockholm\/author\/strozniake\/\"}]}<\/script>\n<!-- \/ Yoast SEO plugin. -->","yoast_head_json":{"title":"Europejski Dzie\u0144 J\u0119zyk\u00f3w 2022 - Instytut Polski w Sztokholmie","robots":{"index":"index","follow":"follow","max-snippet":"max-snippet:-1","max-image-preview":"max-image-preview:large","max-video-preview":"max-video-preview:-1"},"canonical":"https:\/\/instytutpolski.pl\/stockholm\/pl\/2022\/05\/23\/europejski-dzien-jezykow-2022\/","og_locale":"pl_PL","og_type":"article","og_title":"Europejski Dzie\u0144 J\u0119zyk\u00f3w 2022 - Instytut Polski w Sztokholmie","og_description":"W ramach Europejskiego Dnia J\u0119zyk\u00f3w w Sztokholmie wsp\u00f3\u0142pracuje wiele instytucji europejskich z siedzib\u0105 w Sztokholmie. Wsp\u00f3lnie organizujemy kafejk\u0119 j\u0119zykow\u0105 oraz konkurs po\u015bwi\u0119cony nauce j\u0119zyk\u00f3w obcych. Kafejka J\u0119zykowa W ramach tegorocznej edycji Europejskiego Dnia J\u0119zyk\u00f3w ponownie odb\u0119dzie si\u0119 kafejka j\u0119zykowa dla szk\u00f3\u0142 podstawowych i \u015brednich w formie fizycznego spotkania w Europahuset w Sztokholmie, we wtorek 27 [&hellip;]","og_url":"https:\/\/instytutpolski.pl\/stockholm\/pl\/2022\/05\/23\/europejski-dzien-jezykow-2022\/","og_site_name":"Instytut Polski w Sztokholmie","article_published_time":"2022-05-23T13:22:31+00:00","article_modified_time":"2022-06-15T12:15:25+00:00","og_image":[{"width":1924,"height":1200,"url":"https:\/\/instytutpolski.pl\/stockholm\/wp-content\/uploads\/sites\/17\/2022\/05\/EDL-logo.jpg","type":"image\/jpeg"}],"author":"strozniake","twitter_card":"summary_large_image","twitter_misc":{"Napisane przez":"strozniake","Szacowany czas czytania":"2 minuty"},"schema":{"@context":"https:\/\/schema.org","@graph":[{"@type":"event","@id":"https:\/\/instytutpolski.pl\/stockholm\/pl\/2022\/05\/23\/europejski-dzien-jezykow-2022\/","url":"https:\/\/instytutpolski.pl\/stockholm\/pl\/2022\/05\/23\/europejski-dzien-jezykow-2022\/","name":"Europejski Dzie\u0144 J\u0119zyk\u00f3w 2022","isPartOf":{"@id":"https:\/\/instytutpolski.pl\/stockholm\/#website"},"primaryImageOfPage":{"@id":"https:\/\/instytutpolski.pl\/stockholm\/pl\/2022\/05\/23\/europejski-dzien-jezykow-2022\/#primaryimage"},"image":["https:\/\/instytutpolski.pl\/stockholm\/wp-content\/uploads\/sites\/17\/2022\/05\/EDL-logo.jpg","https:\/\/instytutpolski.pl\/stockholm\/wp-content\/uploads\/sites\/17\/2022\/05\/EDL-logo-300x187.jpg","https:\/\/instytutpolski.pl\/stockholm\/wp-content\/uploads\/sites\/17\/2022\/05\/EDL-logo-1024x639.jpg","https:\/\/instytutpolski.pl\/stockholm\/wp-content\/uploads\/sites\/17\/2022\/05\/EDL-logo.jpg"],"thumbnailUrl":"https:\/\/instytutpolski.pl\/stockholm\/wp-content\/uploads\/sites\/17\/2022\/05\/EDL-logo.jpg","datePublished":"2022-05-23T13:22:31+02:00","dateModified":"2022-06-15T12:15:25+02:00","author":{"@id":"https:\/\/instytutpolski.pl\/stockholm\/#\/schema\/person\/062b5a5f61f32b17c98996975db8d556"},"breadcrumb":{"@id":"https:\/\/instytutpolski.pl\/stockholm\/pl\/2022\/05\/23\/europejski-dzien-jezykow-2022\/#breadcrumb"},"inLanguage":"pl-PL","potentialAction":[{"@type":"ReadAction","target":["https:\/\/instytutpolski.pl\/stockholm\/pl\/2022\/05\/23\/europejski-dzien-jezykow-2022\/"]}],"@context":"https:\/\/schema.org","startDate":"2022-09-27","endDate":"2022-09-27","eventStatus":"EventScheduled","eventAttendanceMode":"OfflineEventAttendanceMode","location":{"@type":"place","name":"","address":"","geo":{"@type":"GeoCoordinates","latitude":"","longitude":""}},"description":"W ramach Europejskiego Dnia J\u0119zyk\u00f3w w Sztokholmie wsp\u00f3\u0142pracuje wiele instytucji europejskich z siedzib\u0105 w Sztokholmie. Wsp\u00f3lnie organizujemy kafejk\u0119 j\u0119zykow\u0105 oraz konkurs po\u015bwi\u0119cony nauce j\u0119zyk\u00f3w obcych.\nKafejka J\u0119zykowa\nW ramach tegorocznej edycji Europejskiego Dnia J\u0119zyk\u00f3w ponownie odb\u0119dzie si\u0119 kafejka j\u0119zykowa dla szk\u00f3\u0142 podstawowych i \u015brednich w formie fizycznego spotkania w Europahuset w Sztokholmie, we wtorek 27 wrze\u015bnia, w godzinach 9-15.\nW ramach kafejki uczniowie maj\u0105 mo\u017cliwo\u015b\u0107 odwiedzenia stoisk takich j\u0119zyk\u00f3w jak m.in. hiszpa\u0144ski, esto\u0144ski, czeski, francuski, niemiecki, polski czy esperanto.\nWymagana jest wcze\u015bniejsza rejestracja. Wi\u0119cej informacji po szwedzku znajduje si\u0119 na stronie Komisji Europejskiej\nKonkurs 2022. Wygraj wycieczk\u0119 j\u0119zykow\u0105: Stw\u00f3rz reklam\u0119 swojego ulubionego j\u0119zyka!\nKonkurs skierowany jest do uczni\u00f3w szk\u00f3\u0142 ponadgimnazjalnych i ponadgimnazjalnych (uczestnictwo indywidualne). Pierwsza nagroda to wycieczka j\u0119zykowa!\nZadanie:\u00a0\nNagraj kr\u00f3tki filmik w formacie \u201eTikTok\u201d (tzn. oko\u0142o 1 minuty), w kt\u00f3rym w prosty i zabawny spos\u00f3b reklamujesz sw\u00f3j ulubiony j\u0119zyk. Reklama musi by\u0107 nagrana w promowanym j\u0119zyku. \nW filmie przedstaw swoje przemy\u015blenia dlaczego kto\u015b mia\u0142by rozpocz\u0105\u0107 nauk\u0119 w\u0142a\u015bnie tego konkretnego j\u0119zyka. Pos\u0142uguj si\u0119 w\u0142asnymi s\u0142owami i w\u0142asnym materia\u0142em. Uczestnik (i jego opiekun) jest odpowiedzialny za zapewnienie, \u017ce nie zosta\u0142y u\u017cyte \u017cadne materia\u0142y, w tym muzyka, chronione prawami autorskimi.\nFilm musi by\u0107 nagrany w j\u0119zyku, kt\u00f3ry reklamujesz, ale prosimy o wprowadzenie szwedzkich napis\u00f3w do filmu lub przes\u0142anie t\u0142umaczenia na szwedzki jako osobny plik. Wa\u017cne jest r\u00f3wnie\u017c, aby osoby, kt\u00f3re wyst\u0119puj\u0105 w filmie (je\u015bli takowe si\u0119 pojawiaj\u0105) wyrazi\u0142y zgod\u0119 na udzia\u0142 w nagraniu i potwierdzi\u0142y, \u017ce nie uczestnicz\u0105 w konkursie.\nPrace konkursowe musz\u0105 wp\u0142yn\u0105\u0107 do nas do czwartku 15 wrze\u015bnia 2022.Regulamin konkursu i wi\u0119cej informacji na temat Europejskiego Dnia J\u0119zyka mo\u017cna znale\u017a\u0107 tutaj.\nZapraszamy do udzia\u0142u!"},{"@type":"ImageObject","inLanguage":"pl-PL","@id":"https:\/\/instytutpolski.pl\/stockholm\/pl\/2022\/05\/23\/europejski-dzien-jezykow-2022\/#primaryimage","url":"https:\/\/instytutpolski.pl\/stockholm\/wp-content\/uploads\/sites\/17\/2022\/05\/EDL-logo.jpg","contentUrl":"https:\/\/instytutpolski.pl\/stockholm\/wp-content\/uploads\/sites\/17\/2022\/05\/EDL-logo.jpg","width":1924,"height":1200},{"@type":"BreadcrumbList","@id":"https:\/\/instytutpolski.pl\/stockholm\/pl\/2022\/05\/23\/europejski-dzien-jezykow-2022\/#breadcrumb","itemListElement":[{"@type":"ListItem","position":1,"name":"Home","item":"https:\/\/instytutpolski.pl\/stockholm\/"},{"@type":"ListItem","position":2,"name":"Europejski Dzie\u0144 J\u0119zyk\u00f3w 2022"}]},{"@type":"WebSite","@id":"https:\/\/instytutpolski.pl\/stockholm\/#website","url":"https:\/\/instytutpolski.pl\/stockholm\/","name":"Instytut Polski w Sztokholmie","description":"Instytuty Polskie","potentialAction":[{"@type":"SearchAction","target":{"@type":"EntryPoint","urlTemplate":"https:\/\/instytutpolski.pl\/stockholm\/?s={search_term_string}"},"query-input":{"@type":"PropertyValueSpecification","valueRequired":true,"valueName":"search_term_string"}}],"inLanguage":"pl-PL"},{"@type":"Person","@id":"https:\/\/instytutpolski.pl\/stockholm\/#\/schema\/person\/062b5a5f61f32b17c98996975db8d556","name":"strozniake","image":{"@type":"ImageObject","inLanguage":"pl-PL","@id":"https:\/\/instytutpolski.pl\/stockholm\/#\/schema\/person\/image\/","url":"https:\/\/secure.gravatar.com\/avatar\/25e0be9897787f9035155a882fde97cc?s=96&d=mm&r=g","contentUrl":"https:\/\/secure.gravatar.com\/avatar\/25e0be9897787f9035155a882fde97cc?s=96&d=mm&r=g","caption":"strozniake"},"sameAs":["http:\/\/strozniake"],"url":"https:\/\/instytutpolski.pl\/stockholm\/author\/strozniake\/"}]}},"_links":{"self":[{"href":"https:\/\/instytutpolski.pl\/stockholm\/wp-json\/wp\/v2\/posts\/8758","targetHints":{"allow":["GET"]}}],"collection":[{"href":"https:\/\/instytutpolski.pl\/stockholm\/wp-json\/wp\/v2\/posts"}],"about":[{"href":"https:\/\/instytutpolski.pl\/stockholm\/wp-json\/wp\/v2\/types\/post"}],"author":[{"embeddable":true,"href":"https:\/\/instytutpolski.pl\/stockholm\/wp-json\/wp\/v2\/users\/29"}],"replies":[{"embeddable":true,"href":"https:\/\/instytutpolski.pl\/stockholm\/wp-json\/wp\/v2\/comments?post=8758"}],"version-history":[{"count":3,"href":"https:\/\/instytutpolski.pl\/stockholm\/wp-json\/wp\/v2\/posts\/8758\/revisions"}],"predecessor-version":[{"id":8761,"href":"https:\/\/instytutpolski.pl\/stockholm\/wp-json\/wp\/v2\/posts\/8758\/revisions\/8761"}],"wp:featuredmedia":[{"embeddable":true,"href":"https:\/\/instytutpolski.pl\/stockholm\/wp-json\/wp\/v2\/media\/8505"}],"wp:attachment":[{"href":"https:\/\/instytutpolski.pl\/stockholm\/wp-json\/wp\/v2\/media?parent=8758"}],"wp:term":[{"taxonomy":"category","embeddable":true,"href":"https:\/\/instytutpolski.pl\/stockholm\/wp-json\/wp\/v2\/categories?post=8758"},{"taxonomy":"post_tag","embeddable":true,"href":"https:\/\/instytutpolski.pl\/stockholm\/wp-json\/wp\/v2\/tags?post=8758"}],"curies":[{"name":"wp","href":"https:\/\/api.w.org\/{rel}","templated":true}]}}