{"id":8882,"date":"2022-04-27T15:31:26","date_gmt":"2022-04-27T13:31:26","guid":{"rendered":"https:\/\/instytutpolski.pl\/stockholm\/?p=8882"},"modified":"2022-07-22T09:48:06","modified_gmt":"2022-07-22T07:48:06","slug":"fotoreportaz-noc-kultury-w-sztokholmie-2022","status":"publish","type":"post","link":"https:\/\/instytutpolski.pl\/stockholm\/pl\/2022\/04\/27\/fotoreportaz-noc-kultury-w-sztokholmie-2022\/","title":{"rendered":"Fotoreporta\u017c: Noc Kultury w Sztokholmie 2022"},"content":{"rendered":"\n<figure class=\"wp-block-gallery has-nested-images columns-default is-cropped wp-block-gallery-1 is-layout-flex wp-block-gallery-is-layout-flex\">\n<figure class=\"wp-block-image size-large\"><img loading=\"lazy\" decoding=\"async\" width=\"1920\" height=\"2560\" data-id=\"8299\" src=\"https:\/\/instytutpolski.pl\/stockholm\/wp-content\/uploads\/sites\/17\/2022\/04\/20220423_190745-scaled.jpg\" alt=\"\" class=\"wp-image-8299\" srcset=\"https:\/\/instytutpolski.pl\/stockholm\/wp-content\/uploads\/sites\/17\/2022\/04\/20220423_190745-scaled.jpg 1920w, https:\/\/instytutpolski.pl\/stockholm\/wp-content\/uploads\/sites\/17\/2022\/04\/20220423_190745-225x300.jpg 225w, https:\/\/instytutpolski.pl\/stockholm\/wp-content\/uploads\/sites\/17\/2022\/04\/20220423_190745-768x1024.jpg 768w, https:\/\/instytutpolski.pl\/stockholm\/wp-content\/uploads\/sites\/17\/2022\/04\/20220423_190745-1152x1536.jpg 1152w, https:\/\/instytutpolski.pl\/stockholm\/wp-content\/uploads\/sites\/17\/2022\/04\/20220423_190745-1536x2048.jpg 1536w\" sizes=\"auto, (max-width: 1920px) 100vw, 1920px\" \/><\/figure>\n\n\n\n<figure class=\"wp-block-image size-large\"><img loading=\"lazy\" decoding=\"async\" width=\"1920\" height=\"2560\" data-id=\"8300\" src=\"https:\/\/instytutpolski.pl\/stockholm\/wp-content\/uploads\/sites\/17\/2022\/04\/IMG_0431-scaled.jpg\" alt=\"\" class=\"wp-image-8300\" srcset=\"https:\/\/instytutpolski.pl\/stockholm\/wp-content\/uploads\/sites\/17\/2022\/04\/IMG_0431-scaled.jpg 1920w, https:\/\/instytutpolski.pl\/stockholm\/wp-content\/uploads\/sites\/17\/2022\/04\/IMG_0431-225x300.jpg 225w, https:\/\/instytutpolski.pl\/stockholm\/wp-content\/uploads\/sites\/17\/2022\/04\/IMG_0431-768x1024.jpg 768w, https:\/\/instytutpolski.pl\/stockholm\/wp-content\/uploads\/sites\/17\/2022\/04\/IMG_0431-1152x1536.jpg 1152w, https:\/\/instytutpolski.pl\/stockholm\/wp-content\/uploads\/sites\/17\/2022\/04\/IMG_0431-1536x2048.jpg 1536w\" sizes=\"auto, (max-width: 1920px) 100vw, 1920px\" \/><\/figure>\n\n\n\n<figure class=\"wp-block-image size-large\"><img loading=\"lazy\" decoding=\"async\" width=\"2560\" height=\"1920\" data-id=\"8305\" src=\"https:\/\/instytutpolski.pl\/stockholm\/wp-content\/uploads\/sites\/17\/2022\/04\/IMG_0418-scaled.jpg\" alt=\"\" class=\"wp-image-8305\" srcset=\"https:\/\/instytutpolski.pl\/stockholm\/wp-content\/uploads\/sites\/17\/2022\/04\/IMG_0418-scaled.jpg 2560w, https:\/\/instytutpolski.pl\/stockholm\/wp-content\/uploads\/sites\/17\/2022\/04\/IMG_0418-300x225.jpg 300w, https:\/\/instytutpolski.pl\/stockholm\/wp-content\/uploads\/sites\/17\/2022\/04\/IMG_0418-1024x768.jpg 1024w, https:\/\/instytutpolski.pl\/stockholm\/wp-content\/uploads\/sites\/17\/2022\/04\/IMG_0418-768x576.jpg 768w, https:\/\/instytutpolski.pl\/stockholm\/wp-content\/uploads\/sites\/17\/2022\/04\/IMG_0418-1536x1152.jpg 1536w, https:\/\/instytutpolski.pl\/stockholm\/wp-content\/uploads\/sites\/17\/2022\/04\/IMG_0418-2048x1536.jpg 2048w\" sizes=\"auto, (max-width: 2560px) 100vw, 2560px\" \/><\/figure>\n\n\n\n<figure class=\"wp-block-image size-large\"><img loading=\"lazy\" decoding=\"async\" width=\"2560\" height=\"1920\" data-id=\"8297\" src=\"https:\/\/instytutpolski.pl\/stockholm\/wp-content\/uploads\/sites\/17\/2022\/04\/20220423_222602-scaled.jpg\" alt=\"\" class=\"wp-image-8297\" srcset=\"https:\/\/instytutpolski.pl\/stockholm\/wp-content\/uploads\/sites\/17\/2022\/04\/20220423_222602-scaled.jpg 2560w, https:\/\/instytutpolski.pl\/stockholm\/wp-content\/uploads\/sites\/17\/2022\/04\/20220423_222602-300x225.jpg 300w, https:\/\/instytutpolski.pl\/stockholm\/wp-content\/uploads\/sites\/17\/2022\/04\/20220423_222602-1024x768.jpg 1024w, https:\/\/instytutpolski.pl\/stockholm\/wp-content\/uploads\/sites\/17\/2022\/04\/20220423_222602-768x576.jpg 768w, https:\/\/instytutpolski.pl\/stockholm\/wp-content\/uploads\/sites\/17\/2022\/04\/20220423_222602-1536x1152.jpg 1536w, https:\/\/instytutpolski.pl\/stockholm\/wp-content\/uploads\/sites\/17\/2022\/04\/20220423_222602-2048x1536.jpg 2048w\" sizes=\"auto, (max-width: 2560px) 100vw, 2560px\" \/><\/figure>\n\n\n\n<figure class=\"wp-block-image size-large\"><img loading=\"lazy\" decoding=\"async\" width=\"2560\" height=\"1920\" data-id=\"8292\" src=\"https:\/\/instytutpolski.pl\/stockholm\/wp-content\/uploads\/sites\/17\/2022\/04\/20220423_203609-scaled.jpg\" alt=\"\" class=\"wp-image-8292\" srcset=\"https:\/\/instytutpolski.pl\/stockholm\/wp-content\/uploads\/sites\/17\/2022\/04\/20220423_203609-scaled.jpg 2560w, https:\/\/instytutpolski.pl\/stockholm\/wp-content\/uploads\/sites\/17\/2022\/04\/20220423_203609-300x225.jpg 300w, https:\/\/instytutpolski.pl\/stockholm\/wp-content\/uploads\/sites\/17\/2022\/04\/20220423_203609-1024x768.jpg 1024w, https:\/\/instytutpolski.pl\/stockholm\/wp-content\/uploads\/sites\/17\/2022\/04\/20220423_203609-768x576.jpg 768w, https:\/\/instytutpolski.pl\/stockholm\/wp-content\/uploads\/sites\/17\/2022\/04\/20220423_203609-1536x1152.jpg 1536w, https:\/\/instytutpolski.pl\/stockholm\/wp-content\/uploads\/sites\/17\/2022\/04\/20220423_203609-2048x1536.jpg 2048w\" sizes=\"auto, (max-width: 2560px) 100vw, 2560px\" \/><\/figure>\n<\/figure>\n\n\n\n<pre class=\"wp-block-verse\"><\/pre>\n\n\n\n<p>I. Wystawa i spotkanie z Wojciechem Hoffmannem i Micha\u0142em Hudzikowskim w Studio44, organizowane w ramach festiwalu filmowego An Ordinary Day Film Festival, podczas kt\u00f3rego polscy go\u015bcie opowiedzieli publiczno\u015bci m.in. jak powsta\u0142 film \u201e\u015awiat, kt\u00f3ry odlecia\u0142 na grzbiecie krowy\u201d (2018, re\u017c. Wojciech Hoffmann).<\/p>\n\n\n\n<pre class=\"wp-block-verse\"><\/pre>\n\n\n\n<figure class=\"wp-block-gallery has-nested-images columns-default is-cropped wp-block-gallery-2 is-layout-flex wp-block-gallery-is-layout-flex\">\n<figure class=\"wp-block-image size-large\"><img loading=\"lazy\" decoding=\"async\" width=\"744\" height=\"992\" data-id=\"8301\" src=\"https:\/\/instytutpolski.pl\/stockholm\/wp-content\/uploads\/sites\/17\/2022\/04\/7F5CF575-AD7D-4985-A252-2220DBD6B60C.jpg\" alt=\"\" class=\"wp-image-8301\" srcset=\"https:\/\/instytutpolski.pl\/stockholm\/wp-content\/uploads\/sites\/17\/2022\/04\/7F5CF575-AD7D-4985-A252-2220DBD6B60C.jpg 744w, https:\/\/instytutpolski.pl\/stockholm\/wp-content\/uploads\/sites\/17\/2022\/04\/7F5CF575-AD7D-4985-A252-2220DBD6B60C-225x300.jpg 225w\" sizes=\"auto, (max-width: 744px) 100vw, 744px\" \/><\/figure>\n\n\n\n<figure class=\"wp-block-image size-large\"><img loading=\"lazy\" decoding=\"async\" width=\"1920\" height=\"2560\" data-id=\"8307\" src=\"https:\/\/instytutpolski.pl\/stockholm\/wp-content\/uploads\/sites\/17\/2022\/04\/IMG_0408-kopia-scaled.jpg\" alt=\"\" class=\"wp-image-8307\" srcset=\"https:\/\/instytutpolski.pl\/stockholm\/wp-content\/uploads\/sites\/17\/2022\/04\/IMG_0408-kopia-scaled.jpg 1920w, https:\/\/instytutpolski.pl\/stockholm\/wp-content\/uploads\/sites\/17\/2022\/04\/IMG_0408-kopia-225x300.jpg 225w, https:\/\/instytutpolski.pl\/stockholm\/wp-content\/uploads\/sites\/17\/2022\/04\/IMG_0408-kopia-768x1024.jpg 768w, https:\/\/instytutpolski.pl\/stockholm\/wp-content\/uploads\/sites\/17\/2022\/04\/IMG_0408-kopia-1152x1536.jpg 1152w, https:\/\/instytutpolski.pl\/stockholm\/wp-content\/uploads\/sites\/17\/2022\/04\/IMG_0408-kopia-1536x2048.jpg 1536w\" sizes=\"auto, (max-width: 1920px) 100vw, 1920px\" \/><\/figure>\n\n\n\n<figure class=\"wp-block-image size-large\"><img loading=\"lazy\" decoding=\"async\" width=\"2560\" height=\"1920\" data-id=\"8303\" src=\"https:\/\/instytutpolski.pl\/stockholm\/wp-content\/uploads\/sites\/17\/2022\/04\/IMG_0407-kopia-scaled.jpg\" alt=\"\" class=\"wp-image-8303\" srcset=\"https:\/\/instytutpolski.pl\/stockholm\/wp-content\/uploads\/sites\/17\/2022\/04\/IMG_0407-kopia-scaled.jpg 2560w, https:\/\/instytutpolski.pl\/stockholm\/wp-content\/uploads\/sites\/17\/2022\/04\/IMG_0407-kopia-300x225.jpg 300w, https:\/\/instytutpolski.pl\/stockholm\/wp-content\/uploads\/sites\/17\/2022\/04\/IMG_0407-kopia-1024x768.jpg 1024w, https:\/\/instytutpolski.pl\/stockholm\/wp-content\/uploads\/sites\/17\/2022\/04\/IMG_0407-kopia-768x576.jpg 768w, https:\/\/instytutpolski.pl\/stockholm\/wp-content\/uploads\/sites\/17\/2022\/04\/IMG_0407-kopia-1536x1152.jpg 1536w, https:\/\/instytutpolski.pl\/stockholm\/wp-content\/uploads\/sites\/17\/2022\/04\/IMG_0407-kopia-2048x1536.jpg 2048w\" sizes=\"auto, (max-width: 2560px) 100vw, 2560px\" \/><\/figure>\n\n\n\n<figure class=\"wp-block-image size-large\"><img loading=\"lazy\" decoding=\"async\" width=\"2560\" height=\"1920\" data-id=\"8302\" src=\"https:\/\/instytutpolski.pl\/stockholm\/wp-content\/uploads\/sites\/17\/2022\/04\/IMG_0387-kopia-scaled.jpg\" alt=\"\" class=\"wp-image-8302\" srcset=\"https:\/\/instytutpolski.pl\/stockholm\/wp-content\/uploads\/sites\/17\/2022\/04\/IMG_0387-kopia-scaled.jpg 2560w, https:\/\/instytutpolski.pl\/stockholm\/wp-content\/uploads\/sites\/17\/2022\/04\/IMG_0387-kopia-300x225.jpg 300w, https:\/\/instytutpolski.pl\/stockholm\/wp-content\/uploads\/sites\/17\/2022\/04\/IMG_0387-kopia-1024x768.jpg 1024w, https:\/\/instytutpolski.pl\/stockholm\/wp-content\/uploads\/sites\/17\/2022\/04\/IMG_0387-kopia-768x576.jpg 768w, https:\/\/instytutpolski.pl\/stockholm\/wp-content\/uploads\/sites\/17\/2022\/04\/IMG_0387-kopia-1536x1152.jpg 1536w, https:\/\/instytutpolski.pl\/stockholm\/wp-content\/uploads\/sites\/17\/2022\/04\/IMG_0387-kopia-2048x1536.jpg 2048w\" sizes=\"auto, (max-width: 2560px) 100vw, 2560px\" \/><\/figure>\n<\/figure>\n\n\n\n<pre class=\"wp-block-verse\"><\/pre>\n\n\n\n<p>II. Wystawa \u201eTransForms\u201d Moniki Patuszy\u0144skiej w galerii Bl\u00e5s&amp;Kn\u00e5da, w ramach kt\u00f3rej artystka zaprezentowa\u0142a swoje unikatowe wazony ceramiczne. Podczas Nocy Kultury publiczno\u015b\u0107 mia\u0142a mo\u017cliwo\u015b\u0107 pos\u0142ucha\u0107 jak Monika opowiada o swoich pracach oraz o swojej oryginalnej technice odlewniczej.<\/p>\n\n\n\n<pre class=\"wp-block-verse\"><\/pre>\n\n\n\n<p>III. Wystawa o wybitnych kompozytorach z kraj\u00f3w Grupy Wyszehradzkiej: W\u0119gier, S\u0142owacji, Czech i Polski oraz wyk\u0142ady na temat F. Liszta i jego muzyki w Ambasadzie W\u0119gier w Sztokholmie, prowadzone przez A.G. Sundstr\u00f6ma, pianist\u0119 oraz autora ksi\u0105\u017cki \u201eFranz Liszt. Cz\u0142owiek kontrast\u00f3w\u201d (2021).<\/p>\n\n\n\n<pre class=\"wp-block-verse\"><\/pre>\n\n\n\n<p>Dzi\u0119kujemy wszystkim, kt\u00f3rzy byli z nami w ramach tego wspania\u0142ego wieczoru! Do zobaczenia za rok &#x1f49c;<\/p>\n","protected":false},"excerpt":{"rendered":"<p>I. Wystawa i spotkanie z Wojciechem Hoffmannem i Micha\u0142em Hudzikowskim w Studio44, organizowane w ramach festiwalu filmowego An Ordinary Day Film Festival, podczas kt\u00f3rego polscy go\u015bcie opowiedzieli publiczno\u015bci m.in. jak powsta\u0142 film \u201e\u015awiat, kt\u00f3ry odlecia\u0142 na grzbiecie krowy\u201d (2018, re\u017c. Wojciech Hoffmann). II. Wystawa \u201eTransForms\u201d Moniki Patuszy\u0144skiej w galerii Bl\u00e5s&amp;Kn\u00e5da, w ramach kt\u00f3rej artystka zaprezentowa\u0142a [&hellip;]<\/p>\n","protected":false},"author":173,"featured_media":8304,"comment_status":"closed","ping_status":"closed","sticky":true,"template":"","format":"standard","meta":{"inline_featured_image":false,"_monsterinsights_skip_tracking":false,"_monsterinsights_sitenote_active":false,"_monsterinsights_sitenote_note":"","_monsterinsights_sitenote_category":0,"footnotes":""},"categories":[208],"tags":[],"class_list":["post-8882","post","type-post","status-publish","format-standard","has-post-thumbnail","hentry","category-galeria-pl"],"yoast_head":"<!-- This site is optimized with the Yoast SEO plugin v24.6 - https:\/\/yoast.com\/wordpress\/plugins\/seo\/ -->\n<title>Fotoreporta\u017c: Noc Kultury w Sztokholmie 2022 - Instytut Polski w Sztokholmie<\/title>\n<meta name=\"robots\" content=\"index, follow, max-snippet:-1, max-image-preview:large, max-video-preview:-1\" \/>\n<link rel=\"canonical\" href=\"https:\/\/instytutpolski.pl\/stockholm\/pl\/2022\/04\/27\/fotoreportaz-noc-kultury-w-sztokholmie-2022\/\" \/>\n<meta property=\"og:locale\" content=\"pl_PL\" \/>\n<meta property=\"og:type\" content=\"article\" \/>\n<meta property=\"og:title\" content=\"Fotoreporta\u017c: Noc Kultury w Sztokholmie 2022 - Instytut Polski w Sztokholmie\" \/>\n<meta property=\"og:description\" content=\"I. Wystawa i spotkanie z Wojciechem Hoffmannem i Micha\u0142em Hudzikowskim w Studio44, organizowane w ramach festiwalu filmowego An Ordinary Day Film Festival, podczas kt\u00f3rego polscy go\u015bcie opowiedzieli publiczno\u015bci m.in. jak powsta\u0142 film \u201e\u015awiat, kt\u00f3ry odlecia\u0142 na grzbiecie krowy\u201d (2018, re\u017c. Wojciech Hoffmann). II. Wystawa \u201eTransForms\u201d Moniki Patuszy\u0144skiej w galerii Bl\u00e5s&amp;Kn\u00e5da, w ramach kt\u00f3rej artystka zaprezentowa\u0142a [&hellip;]\" \/>\n<meta property=\"og:url\" content=\"https:\/\/instytutpolski.pl\/stockholm\/pl\/2022\/04\/27\/fotoreportaz-noc-kultury-w-sztokholmie-2022\/\" \/>\n<meta property=\"og:site_name\" content=\"Instytut Polski w Sztokholmie\" \/>\n<meta property=\"article:published_time\" content=\"2022-04-27T13:31:26+00:00\" \/>\n<meta property=\"article:modified_time\" content=\"2022-07-22T07:48:06+00:00\" \/>\n<meta property=\"og:image\" content=\"https:\/\/instytutpolski.pl\/stockholm\/wp-content\/uploads\/sites\/17\/2022\/04\/IMG_0412-scaled.jpg\" \/>\n\t<meta property=\"og:image:width\" content=\"2560\" \/>\n\t<meta property=\"og:image:height\" content=\"1920\" \/>\n\t<meta property=\"og:image:type\" content=\"image\/jpeg\" \/>\n<meta name=\"author\" content=\"treichelp\" \/>\n<meta name=\"twitter:card\" content=\"summary_large_image\" \/>\n<meta name=\"twitter:label1\" content=\"Napisane przez\" \/>\n\t<meta name=\"twitter:data1\" content=\"treichelp\" \/>\n\t<meta name=\"twitter:label2\" content=\"Szacowany czas czytania\" \/>\n\t<meta name=\"twitter:data2\" content=\"3 minuty\" \/>\n<script type=\"application\/ld+json\" class=\"yoast-schema-graph\">{\"@context\":\"https:\/\/schema.org\",\"@graph\":[{\"@type\":\"event\",\"@id\":\"https:\/\/instytutpolski.pl\/stockholm\/pl\/2022\/04\/27\/fotoreportaz-noc-kultury-w-sztokholmie-2022\/\",\"url\":\"https:\/\/instytutpolski.pl\/stockholm\/pl\/2022\/04\/27\/fotoreportaz-noc-kultury-w-sztokholmie-2022\/\",\"name\":\"Fotoreporta\u017c: Noc Kultury w Sztokholmie 2022\",\"isPartOf\":{\"@id\":\"https:\/\/instytutpolski.pl\/stockholm\/#website\"},\"primaryImageOfPage\":{\"@id\":\"https:\/\/instytutpolski.pl\/stockholm\/pl\/2022\/04\/27\/fotoreportaz-noc-kultury-w-sztokholmie-2022\/#primaryimage\"},\"image\":[\"https:\/\/instytutpolski.pl\/stockholm\/wp-content\/uploads\/sites\/17\/2022\/04\/IMG_0412-scaled.jpg\",\"https:\/\/instytutpolski.pl\/stockholm\/wp-content\/uploads\/sites\/17\/2022\/04\/IMG_0412-300x225.jpg\",\"https:\/\/instytutpolski.pl\/stockholm\/wp-content\/uploads\/sites\/17\/2022\/04\/IMG_0412-1024x768.jpg\",\"https:\/\/instytutpolski.pl\/stockholm\/wp-content\/uploads\/sites\/17\/2022\/04\/IMG_0412-scaled.jpg\"],\"thumbnailUrl\":\"https:\/\/instytutpolski.pl\/stockholm\/wp-content\/uploads\/sites\/17\/2022\/04\/IMG_0412-scaled.jpg\",\"datePublished\":\"2022-04-27T13:31:26+02:00\",\"dateModified\":\"2022-07-22T07:48:06+02:00\",\"author\":{\"@id\":\"https:\/\/instytutpolski.pl\/stockholm\/#\/schema\/person\/866a2c0f4ccf0982a286809684f7bc1e\"},\"breadcrumb\":{\"@id\":\"https:\/\/instytutpolski.pl\/stockholm\/pl\/2022\/04\/27\/fotoreportaz-noc-kultury-w-sztokholmie-2022\/#breadcrumb\"},\"inLanguage\":\"pl-PL\",\"potentialAction\":[{\"@type\":\"ReadAction\",\"target\":[\"https:\/\/instytutpolski.pl\/stockholm\/pl\/2022\/04\/27\/fotoreportaz-noc-kultury-w-sztokholmie-2022\/\"]}],\"@context\":\"https:\/\/schema.org\",\"startDate\":\"2022-04-23\",\"endDate\":\"2022-04-23\",\"eventStatus\":\"EventScheduled\",\"eventAttendanceMode\":\"OfflineEventAttendanceMode\",\"location\":{\"@type\":\"place\",\"name\":\"\",\"address\":\"\",\"geo\":{\"@type\":\"GeoCoordinates\",\"latitude\":\"\",\"longitude\":\"\"}},\"description\":\"I. Wystawa i spotkanie z Wojciechem Hoffmannem i Micha\u0142em Hudzikowskim w Studio44, organizowane w ramach festiwalu filmowego An Ordinary Day Film Festival, podczas kt\u00f3rego polscy go\u015bcie opowiedzieli publiczno\u015bci m.in. jak powsta\u0142 film \u201e\u015awiat, kt\u00f3ry odlecia\u0142 na grzbiecie krowy\u201d (2018, re\u017c. Wojciech Hoffmann).\\nII. Wystawa \u201eTransForms\u201d Moniki Patuszy\u0144skiej w galerii Bl\u00e5s&amp;Kn\u00e5da, w ramach kt\u00f3rej artystka zaprezentowa\u0142a swoje unikatowe wazony ceramiczne. Podczas Nocy Kultury publiczno\u015b\u0107 mia\u0142a mo\u017cliwo\u015b\u0107 pos\u0142ucha\u0107 jak Monika opowiada o swoich pracach oraz o swojej oryginalnej technice odlewniczej.\\nIII. Wystawa o wybitnych kompozytorach z kraj\u00f3w Grupy Wyszehradzkiej: W\u0119gier, S\u0142owacji, Czech i Polski oraz wyk\u0142ady na temat F. Liszta i jego muzyki w Ambasadzie W\u0119gier w Sztokholmie, prowadzone przez A.G. Sundstr\u00f6ma, pianist\u0119 oraz autora ksi\u0105\u017cki \u201eFranz Liszt. Cz\u0142owiek kontrast\u00f3w\u201d (2021).\\nDzi\u0119kujemy wszystkim, kt\u00f3rzy byli z nami w ramach tego wspania\u0142ego wieczoru! Do zobaczenia za rok &#x1f49c;\"},{\"@type\":\"ImageObject\",\"inLanguage\":\"pl-PL\",\"@id\":\"https:\/\/instytutpolski.pl\/stockholm\/pl\/2022\/04\/27\/fotoreportaz-noc-kultury-w-sztokholmie-2022\/#primaryimage\",\"url\":\"https:\/\/instytutpolski.pl\/stockholm\/wp-content\/uploads\/sites\/17\/2022\/04\/IMG_0412-scaled.jpg\",\"contentUrl\":\"https:\/\/instytutpolski.pl\/stockholm\/wp-content\/uploads\/sites\/17\/2022\/04\/IMG_0412-scaled.jpg\",\"width\":2560,\"height\":1920},{\"@type\":\"BreadcrumbList\",\"@id\":\"https:\/\/instytutpolski.pl\/stockholm\/pl\/2022\/04\/27\/fotoreportaz-noc-kultury-w-sztokholmie-2022\/#breadcrumb\",\"itemListElement\":[{\"@type\":\"ListItem\",\"position\":1,\"name\":\"Home\",\"item\":\"https:\/\/instytutpolski.pl\/stockholm\/\"},{\"@type\":\"ListItem\",\"position\":2,\"name\":\"Fotoreporta\u017c: Noc Kultury w Sztokholmie 2022\"}]},{\"@type\":\"WebSite\",\"@id\":\"https:\/\/instytutpolski.pl\/stockholm\/#website\",\"url\":\"https:\/\/instytutpolski.pl\/stockholm\/\",\"name\":\"Instytut Polski w Sztokholmie\",\"description\":\"Instytuty Polskie\",\"potentialAction\":[{\"@type\":\"SearchAction\",\"target\":{\"@type\":\"EntryPoint\",\"urlTemplate\":\"https:\/\/instytutpolski.pl\/stockholm\/?s={search_term_string}\"},\"query-input\":{\"@type\":\"PropertyValueSpecification\",\"valueRequired\":true,\"valueName\":\"search_term_string\"}}],\"inLanguage\":\"pl-PL\"},{\"@type\":\"Person\",\"@id\":\"https:\/\/instytutpolski.pl\/stockholm\/#\/schema\/person\/866a2c0f4ccf0982a286809684f7bc1e\",\"name\":\"treichelp\",\"image\":{\"@type\":\"ImageObject\",\"inLanguage\":\"pl-PL\",\"@id\":\"https:\/\/instytutpolski.pl\/stockholm\/#\/schema\/person\/image\/\",\"url\":\"https:\/\/secure.gravatar.com\/avatar\/fb2c1caae0df0854742a56fc463dd1fb?s=96&d=mm&r=g\",\"contentUrl\":\"https:\/\/secure.gravatar.com\/avatar\/fb2c1caae0df0854742a56fc463dd1fb?s=96&d=mm&r=g\",\"caption\":\"treichelp\"},\"url\":\"https:\/\/instytutpolski.pl\/stockholm\/author\/treichelp\/\"}]}<\/script>\n<!-- \/ Yoast SEO plugin. -->","yoast_head_json":{"title":"Fotoreporta\u017c: Noc Kultury w Sztokholmie 2022 - Instytut Polski w Sztokholmie","robots":{"index":"index","follow":"follow","max-snippet":"max-snippet:-1","max-image-preview":"max-image-preview:large","max-video-preview":"max-video-preview:-1"},"canonical":"https:\/\/instytutpolski.pl\/stockholm\/pl\/2022\/04\/27\/fotoreportaz-noc-kultury-w-sztokholmie-2022\/","og_locale":"pl_PL","og_type":"article","og_title":"Fotoreporta\u017c: Noc Kultury w Sztokholmie 2022 - Instytut Polski w Sztokholmie","og_description":"I. Wystawa i spotkanie z Wojciechem Hoffmannem i Micha\u0142em Hudzikowskim w Studio44, organizowane w ramach festiwalu filmowego An Ordinary Day Film Festival, podczas kt\u00f3rego polscy go\u015bcie opowiedzieli publiczno\u015bci m.in. jak powsta\u0142 film \u201e\u015awiat, kt\u00f3ry odlecia\u0142 na grzbiecie krowy\u201d (2018, re\u017c. Wojciech Hoffmann). II. Wystawa \u201eTransForms\u201d Moniki Patuszy\u0144skiej w galerii Bl\u00e5s&amp;Kn\u00e5da, w ramach kt\u00f3rej artystka zaprezentowa\u0142a [&hellip;]","og_url":"https:\/\/instytutpolski.pl\/stockholm\/pl\/2022\/04\/27\/fotoreportaz-noc-kultury-w-sztokholmie-2022\/","og_site_name":"Instytut Polski w Sztokholmie","article_published_time":"2022-04-27T13:31:26+00:00","article_modified_time":"2022-07-22T07:48:06+00:00","og_image":[{"width":2560,"height":1920,"url":"https:\/\/instytutpolski.pl\/stockholm\/wp-content\/uploads\/sites\/17\/2022\/04\/IMG_0412-scaled.jpg","type":"image\/jpeg"}],"author":"treichelp","twitter_card":"summary_large_image","twitter_misc":{"Napisane przez":"treichelp","Szacowany czas czytania":"3 minuty"},"schema":{"@context":"https:\/\/schema.org","@graph":[{"@type":"event","@id":"https:\/\/instytutpolski.pl\/stockholm\/pl\/2022\/04\/27\/fotoreportaz-noc-kultury-w-sztokholmie-2022\/","url":"https:\/\/instytutpolski.pl\/stockholm\/pl\/2022\/04\/27\/fotoreportaz-noc-kultury-w-sztokholmie-2022\/","name":"Fotoreporta\u017c: Noc Kultury w Sztokholmie 2022","isPartOf":{"@id":"https:\/\/instytutpolski.pl\/stockholm\/#website"},"primaryImageOfPage":{"@id":"https:\/\/instytutpolski.pl\/stockholm\/pl\/2022\/04\/27\/fotoreportaz-noc-kultury-w-sztokholmie-2022\/#primaryimage"},"image":["https:\/\/instytutpolski.pl\/stockholm\/wp-content\/uploads\/sites\/17\/2022\/04\/IMG_0412-scaled.jpg","https:\/\/instytutpolski.pl\/stockholm\/wp-content\/uploads\/sites\/17\/2022\/04\/IMG_0412-300x225.jpg","https:\/\/instytutpolski.pl\/stockholm\/wp-content\/uploads\/sites\/17\/2022\/04\/IMG_0412-1024x768.jpg","https:\/\/instytutpolski.pl\/stockholm\/wp-content\/uploads\/sites\/17\/2022\/04\/IMG_0412-scaled.jpg"],"thumbnailUrl":"https:\/\/instytutpolski.pl\/stockholm\/wp-content\/uploads\/sites\/17\/2022\/04\/IMG_0412-scaled.jpg","datePublished":"2022-04-27T13:31:26+02:00","dateModified":"2022-07-22T07:48:06+02:00","author":{"@id":"https:\/\/instytutpolski.pl\/stockholm\/#\/schema\/person\/866a2c0f4ccf0982a286809684f7bc1e"},"breadcrumb":{"@id":"https:\/\/instytutpolski.pl\/stockholm\/pl\/2022\/04\/27\/fotoreportaz-noc-kultury-w-sztokholmie-2022\/#breadcrumb"},"inLanguage":"pl-PL","potentialAction":[{"@type":"ReadAction","target":["https:\/\/instytutpolski.pl\/stockholm\/pl\/2022\/04\/27\/fotoreportaz-noc-kultury-w-sztokholmie-2022\/"]}],"@context":"https:\/\/schema.org","startDate":"2022-04-23","endDate":"2022-04-23","eventStatus":"EventScheduled","eventAttendanceMode":"OfflineEventAttendanceMode","location":{"@type":"place","name":"","address":"","geo":{"@type":"GeoCoordinates","latitude":"","longitude":""}},"description":"I. Wystawa i spotkanie z Wojciechem Hoffmannem i Micha\u0142em Hudzikowskim w Studio44, organizowane w ramach festiwalu filmowego An Ordinary Day Film Festival, podczas kt\u00f3rego polscy go\u015bcie opowiedzieli publiczno\u015bci m.in. jak powsta\u0142 film \u201e\u015awiat, kt\u00f3ry odlecia\u0142 na grzbiecie krowy\u201d (2018, re\u017c. Wojciech Hoffmann).\nII. Wystawa \u201eTransForms\u201d Moniki Patuszy\u0144skiej w galerii Bl\u00e5s&amp;Kn\u00e5da, w ramach kt\u00f3rej artystka zaprezentowa\u0142a swoje unikatowe wazony ceramiczne. Podczas Nocy Kultury publiczno\u015b\u0107 mia\u0142a mo\u017cliwo\u015b\u0107 pos\u0142ucha\u0107 jak Monika opowiada o swoich pracach oraz o swojej oryginalnej technice odlewniczej.\nIII. Wystawa o wybitnych kompozytorach z kraj\u00f3w Grupy Wyszehradzkiej: W\u0119gier, S\u0142owacji, Czech i Polski oraz wyk\u0142ady na temat F. Liszta i jego muzyki w Ambasadzie W\u0119gier w Sztokholmie, prowadzone przez A.G. Sundstr\u00f6ma, pianist\u0119 oraz autora ksi\u0105\u017cki \u201eFranz Liszt. Cz\u0142owiek kontrast\u00f3w\u201d (2021).\nDzi\u0119kujemy wszystkim, kt\u00f3rzy byli z nami w ramach tego wspania\u0142ego wieczoru! Do zobaczenia za rok &#x1f49c;"},{"@type":"ImageObject","inLanguage":"pl-PL","@id":"https:\/\/instytutpolski.pl\/stockholm\/pl\/2022\/04\/27\/fotoreportaz-noc-kultury-w-sztokholmie-2022\/#primaryimage","url":"https:\/\/instytutpolski.pl\/stockholm\/wp-content\/uploads\/sites\/17\/2022\/04\/IMG_0412-scaled.jpg","contentUrl":"https:\/\/instytutpolski.pl\/stockholm\/wp-content\/uploads\/sites\/17\/2022\/04\/IMG_0412-scaled.jpg","width":2560,"height":1920},{"@type":"BreadcrumbList","@id":"https:\/\/instytutpolski.pl\/stockholm\/pl\/2022\/04\/27\/fotoreportaz-noc-kultury-w-sztokholmie-2022\/#breadcrumb","itemListElement":[{"@type":"ListItem","position":1,"name":"Home","item":"https:\/\/instytutpolski.pl\/stockholm\/"},{"@type":"ListItem","position":2,"name":"Fotoreporta\u017c: Noc Kultury w Sztokholmie 2022"}]},{"@type":"WebSite","@id":"https:\/\/instytutpolski.pl\/stockholm\/#website","url":"https:\/\/instytutpolski.pl\/stockholm\/","name":"Instytut Polski w Sztokholmie","description":"Instytuty Polskie","potentialAction":[{"@type":"SearchAction","target":{"@type":"EntryPoint","urlTemplate":"https:\/\/instytutpolski.pl\/stockholm\/?s={search_term_string}"},"query-input":{"@type":"PropertyValueSpecification","valueRequired":true,"valueName":"search_term_string"}}],"inLanguage":"pl-PL"},{"@type":"Person","@id":"https:\/\/instytutpolski.pl\/stockholm\/#\/schema\/person\/866a2c0f4ccf0982a286809684f7bc1e","name":"treichelp","image":{"@type":"ImageObject","inLanguage":"pl-PL","@id":"https:\/\/instytutpolski.pl\/stockholm\/#\/schema\/person\/image\/","url":"https:\/\/secure.gravatar.com\/avatar\/fb2c1caae0df0854742a56fc463dd1fb?s=96&d=mm&r=g","contentUrl":"https:\/\/secure.gravatar.com\/avatar\/fb2c1caae0df0854742a56fc463dd1fb?s=96&d=mm&r=g","caption":"treichelp"},"url":"https:\/\/instytutpolski.pl\/stockholm\/author\/treichelp\/"}]}},"_links":{"self":[{"href":"https:\/\/instytutpolski.pl\/stockholm\/wp-json\/wp\/v2\/posts\/8882","targetHints":{"allow":["GET"]}}],"collection":[{"href":"https:\/\/instytutpolski.pl\/stockholm\/wp-json\/wp\/v2\/posts"}],"about":[{"href":"https:\/\/instytutpolski.pl\/stockholm\/wp-json\/wp\/v2\/types\/post"}],"author":[{"embeddable":true,"href":"https:\/\/instytutpolski.pl\/stockholm\/wp-json\/wp\/v2\/users\/173"}],"replies":[{"embeddable":true,"href":"https:\/\/instytutpolski.pl\/stockholm\/wp-json\/wp\/v2\/comments?post=8882"}],"version-history":[{"count":3,"href":"https:\/\/instytutpolski.pl\/stockholm\/wp-json\/wp\/v2\/posts\/8882\/revisions"}],"predecessor-version":[{"id":8885,"href":"https:\/\/instytutpolski.pl\/stockholm\/wp-json\/wp\/v2\/posts\/8882\/revisions\/8885"}],"wp:featuredmedia":[{"embeddable":true,"href":"https:\/\/instytutpolski.pl\/stockholm\/wp-json\/wp\/v2\/media\/8304"}],"wp:attachment":[{"href":"https:\/\/instytutpolski.pl\/stockholm\/wp-json\/wp\/v2\/media?parent=8882"}],"wp:term":[{"taxonomy":"category","embeddable":true,"href":"https:\/\/instytutpolski.pl\/stockholm\/wp-json\/wp\/v2\/categories?post=8882"},{"taxonomy":"post_tag","embeddable":true,"href":"https:\/\/instytutpolski.pl\/stockholm\/wp-json\/wp\/v2\/tags?post=8882"}],"curies":[{"name":"wp","href":"https:\/\/api.w.org\/{rel}","templated":true}]}}