{"id":8886,"date":"2022-04-22T15:28:13","date_gmt":"2022-04-22T13:28:13","guid":{"rendered":"https:\/\/instytutpolski.pl\/stockholm\/?p=8886"},"modified":"2022-07-22T10:25:21","modified_gmt":"2022-07-22T08:25:21","slug":"noc-kultury-2022-instytut-polski-poleca","status":"publish","type":"post","link":"https:\/\/instytutpolski.pl\/stockholm\/pl\/2022\/04\/22\/noc-kultury-2022-instytut-polski-poleca\/","title":{"rendered":"Noc Kultury 2022: Instytut Polski poleca"},"content":{"rendered":"\n<p><\/p>\n\n\n\n<p><\/p>\n\n\n<div class=\"wp-block-image is-style-rounded\">\n<figure class=\"aligncenter size-large\"><img loading=\"lazy\" decoding=\"async\" width=\"1024\" height=\"683\" src=\"https:\/\/instytutpolski.pl\/stockholm\/wp-content\/uploads\/sites\/17\/2022\/04\/film2-1-1024x683.jpg\" alt=\"\" class=\"wp-image-8203\" srcset=\"https:\/\/instytutpolski.pl\/stockholm\/wp-content\/uploads\/sites\/17\/2022\/04\/film2-1-1024x683.jpg 1024w, https:\/\/instytutpolski.pl\/stockholm\/wp-content\/uploads\/sites\/17\/2022\/04\/film2-1-300x200.jpg 300w, https:\/\/instytutpolski.pl\/stockholm\/wp-content\/uploads\/sites\/17\/2022\/04\/film2-1-768x512.jpg 768w, https:\/\/instytutpolski.pl\/stockholm\/wp-content\/uploads\/sites\/17\/2022\/04\/film2-1-1536x1024.jpg 1536w, https:\/\/instytutpolski.pl\/stockholm\/wp-content\/uploads\/sites\/17\/2022\/04\/film2-1-2048x1365.jpg 2048w\" sizes=\"auto, (max-width: 1024px) 100vw, 1024px\" \/><\/figure><\/div>\n\n\n<pre class=\"wp-block-verse\"><\/pre>\n\n\n\n<p>23 kwietnia w ramach festiwalu filmowego An Ordinary Day Film Festival zostanie pokazany film eksperymentalny &#8222;\u015awiat, korzy ulecia\u0142 na grzbiecie krowy&#8221; w re\u017cyserii Wojciecha Hoffmanna. Wszyscy odwiedzaj\u0105cy Studio 44 b\u0119d\u0105 mieli r\u00f3wnie\u017c mo\u017cliwo\u015b\u0107 obejrzenia wystawy \u201eMaking of\u201d z rze\u017abami autorstwa re\u017cysera. Wystawa sk\u0142ada si\u0119 z postaci bohater\u00f3w wykorzystanych w filmie \u201e\u015awiat, kt\u00f3ry odlecia\u0142 na grzbiecie krowy\u201d i jest fizyczn\u0105 reprezentacj\u0105 pracy zwi\u0105zanej z tworzeniem filmu animowanego.<\/p>\n\n\n\n<p>Re\u017cyser Wojciech Hoffmann oraz Micha\u0142 Hudzikowski, przedstawiciel producenta filmu \u2013 Studio Munka, opowiedz\u0105 szwedzkiej publiczno\u015bci jak powsta\u0142 film \u201e\u015awiat, kt\u00f3ry odlecia\u0142 na grzbiecie krowy\u201d.<\/p>\n\n\n\n<p>19:00 \u2013 19:45 Q&amp;A z Micha\u0142em Hudzikowskim i Nilsem Claessonem<\/p>\n\n\n\n<p>20:00 \u2013 21:40 Filmy Studia Munka<\/p>\n\n\n\n<p>22:00 Wystawa i rozmowa z re\u017c. Wojciechem Hoffmannem<\/p>\n\n\n\n<p>Wst\u0119p wolny w ramach Nocy Kultury w Sztokholmie. Przeczytaj wi\u0119cej <a href=\"https:\/\/instytutpolski.pl\/stockholm\/pl\/2022\/04\/11\/wojciech-hoffmann-i-michal-hudzikowski-na-an-ordinary-day-film-festival-w-sztokholmie\/\">tutaj<\/a>.<\/p>\n\n\n\n<pre class=\"wp-block-verse\"><\/pre>\n\n\n<div class=\"wp-block-image is-style-rounded\">\n<figure class=\"aligncenter size-large\"><img loading=\"lazy\" decoding=\"async\" width=\"1024\" height=\"768\" src=\"https:\/\/instytutpolski.pl\/stockholm\/wp-content\/uploads\/sites\/17\/2022\/04\/IMG_9020-1024x768.jpg\" alt=\"\" class=\"wp-image-8154\" srcset=\"https:\/\/instytutpolski.pl\/stockholm\/wp-content\/uploads\/sites\/17\/2022\/04\/IMG_9020-1024x768.jpg 1024w, https:\/\/instytutpolski.pl\/stockholm\/wp-content\/uploads\/sites\/17\/2022\/04\/IMG_9020-300x225.jpg 300w, https:\/\/instytutpolski.pl\/stockholm\/wp-content\/uploads\/sites\/17\/2022\/04\/IMG_9020-768x576.jpg 768w, https:\/\/instytutpolski.pl\/stockholm\/wp-content\/uploads\/sites\/17\/2022\/04\/IMG_9020-1536x1152.jpg 1536w, https:\/\/instytutpolski.pl\/stockholm\/wp-content\/uploads\/sites\/17\/2022\/04\/IMG_9020-2048x1536.jpg 2048w\" sizes=\"auto, (max-width: 1024px) 100vw, 1024px\" \/><\/figure><\/div>\n\n\n<pre class=\"wp-block-verse\"><\/pre>\n\n\n\n<p>Podczas tegorocznej Nocy Kultury w Sztokholmie polska artystka Monika Patuszy\u0144ska poprowadzi dwie kr\u00f3tkie prezentacje na temat pracy z ceramik\u0105. Wszyscy mi\u0142o\u015bnicy sztuki b\u0119d\u0105 mogli r\u00f3wnie\u017c odwiedzi\u0107 wystaw\u0119 \u201eTransForms\u201d z unikatowymi pracami ceramicznymi autorstwa Moniki w galerii Bl\u00e5s&amp;Kn\u00e5da.<\/p>\n\n\n\n<p>Monika pracuje z ceramik\u0105 i wykorzystuje w\u0142asn\u0105 technik\u0119 odlewania, aby stworzy\u0107 niepowtarzalne wariacje z klasycznej porcelany. W swojej tw\u00f3rczo\u015bci unika powtarzalno\u015bci i symetrii, cz\u0119sto kojarzonych ze sztuk\u0105 u\u017cytkow\u0105.&nbsp;<\/p>\n\n\n\n<p>Przyjd\u017a do Bl\u00e5s&amp;Kn\u00e5da ju\u017c w sobot\u0119 23 kwietnia i spotkaj si\u0119 z artystk\u0105!<\/p>\n\n\n\n<p>19.00 \u2013 19.15 oraz 21.00-21.15: prezentacja wystawy przez artystk\u0119 Monik\u0119 Patuszy\u0144sk\u0105<\/p>\n\n\n\n<p>Przeczytaj wi\u0119cej o wystawie <a href=\"https:\/\/instytutpolski.pl\/stockholm\/pl\/2022\/03\/30\/wystawa-moniki-patuszynskiej-transforms-w-galerii-blas-knada-w-sztokholmie\/\">tutaj<\/a>.<\/p>\n\n\n\n<pre class=\"wp-block-verse\"><\/pre>\n\n\n<div class=\"wp-block-image is-style-rounded\">\n<figure class=\"aligncenter size-large\"><img loading=\"lazy\" decoding=\"async\" width=\"1024\" height=\"1024\" src=\"https:\/\/instytutpolski.pl\/stockholm\/wp-content\/uploads\/sites\/17\/2022\/04\/Instagram-bilder-i-texten-2-1024x1024.png\" alt=\"\" class=\"wp-image-8276\" srcset=\"https:\/\/instytutpolski.pl\/stockholm\/wp-content\/uploads\/sites\/17\/2022\/04\/Instagram-bilder-i-texten-2-1024x1024.png 1024w, https:\/\/instytutpolski.pl\/stockholm\/wp-content\/uploads\/sites\/17\/2022\/04\/Instagram-bilder-i-texten-2-300x300.png 300w, https:\/\/instytutpolski.pl\/stockholm\/wp-content\/uploads\/sites\/17\/2022\/04\/Instagram-bilder-i-texten-2-150x150.png 150w, https:\/\/instytutpolski.pl\/stockholm\/wp-content\/uploads\/sites\/17\/2022\/04\/Instagram-bilder-i-texten-2-768x768.png 768w, https:\/\/instytutpolski.pl\/stockholm\/wp-content\/uploads\/sites\/17\/2022\/04\/Instagram-bilder-i-texten-2.png 1080w\" sizes=\"auto, (max-width: 1024px) 100vw, 1024px\" \/><\/figure><\/div>\n\n\n<pre class=\"wp-block-verse\"><\/pre>\n\n\n\n<p>Wystawa i wyk\u0142ady o F. Liszcie i jego muzyce w wykonaniu A.G. Sundstr\u00f6ma, pianisty i autora ksi\u0105\u017cki \u201eFranz Liszt. Cz\u0142owiek kontrast\u00f3w\u201d (2021). Wystawa uliczna prezentuje wybitnych kompozytor\u00f3w z W\u0119gier, S\u0142owacji, Czech i Polski.<\/p>\n\n\n\n<p>18:00-24:00 Wystawa uliczna o kompozytorach z kraj\u00f3w Grupy Wyszehradzkiej.<\/p>\n\n\n\n<p>Wi\u0119cej informacji o magicznej Nocy Kultury w Sztokholmie znajdziesz na <a href=\"https:\/\/kulturnattstockholm.se\/\">oficjalnej stronie Kulturnatten<\/a>.<\/p>\n\n\n\n<p>Zapraszamy!<\/p>\n","protected":false},"excerpt":{"rendered":"<p>23 kwietnia w ramach festiwalu filmowego An Ordinary Day Film Festival zostanie pokazany film eksperymentalny &#8222;\u015awiat, korzy ulecia\u0142 na grzbiecie krowy&#8221; w re\u017cyserii Wojciecha Hoffmanna. Wszyscy odwiedzaj\u0105cy Studio 44 b\u0119d\u0105 mieli r\u00f3wnie\u017c mo\u017cliwo\u015b\u0107 obejrzenia wystawy \u201eMaking of\u201d z rze\u017abami autorstwa re\u017cysera. Wystawa sk\u0142ada si\u0119 z postaci bohater\u00f3w wykorzystanych w filmie \u201e\u015awiat, kt\u00f3ry odlecia\u0142 na grzbiecie [&hellip;]<\/p>\n","protected":false},"author":173,"featured_media":8265,"comment_status":"closed","ping_status":"closed","sticky":false,"template":"","format":"standard","meta":{"inline_featured_image":false,"_monsterinsights_skip_tracking":false,"_monsterinsights_sitenote_active":false,"_monsterinsights_sitenote_note":"","_monsterinsights_sitenote_category":0,"footnotes":""},"categories":[166,85,89,81,36],"tags":[],"class_list":["post-8886","post","type-post","status-publish","format-standard","has-post-thumbnail","hentry","category-design-wydarzenie","category-kino","category-muzyka","category-sztuki-wizualne","category-wydarzenie"],"yoast_head":"<!-- This site is optimized with the Yoast SEO plugin v24.6 - https:\/\/yoast.com\/wordpress\/plugins\/seo\/ -->\n<title>Noc Kultury 2022: Instytut Polski poleca - Instytut Polski w Sztokholmie<\/title>\n<meta name=\"robots\" content=\"index, follow, max-snippet:-1, max-image-preview:large, max-video-preview:-1\" \/>\n<link rel=\"canonical\" href=\"https:\/\/instytutpolski.pl\/stockholm\/pl\/2022\/04\/22\/noc-kultury-2022-instytut-polski-poleca\/\" \/>\n<meta property=\"og:locale\" content=\"pl_PL\" \/>\n<meta property=\"og:type\" content=\"article\" \/>\n<meta property=\"og:title\" content=\"Noc Kultury 2022: Instytut Polski poleca - Instytut Polski w Sztokholmie\" \/>\n<meta property=\"og:description\" content=\"23 kwietnia w ramach festiwalu filmowego An Ordinary Day Film Festival zostanie pokazany film eksperymentalny &#8222;\u015awiat, korzy ulecia\u0142 na grzbiecie krowy&#8221; w re\u017cyserii Wojciecha Hoffmanna. Wszyscy odwiedzaj\u0105cy Studio 44 b\u0119d\u0105 mieli r\u00f3wnie\u017c mo\u017cliwo\u015b\u0107 obejrzenia wystawy \u201eMaking of\u201d z rze\u017abami autorstwa re\u017cysera. Wystawa sk\u0142ada si\u0119 z postaci bohater\u00f3w wykorzystanych w filmie \u201e\u015awiat, kt\u00f3ry odlecia\u0142 na grzbiecie [&hellip;]\" \/>\n<meta property=\"og:url\" content=\"https:\/\/instytutpolski.pl\/stockholm\/pl\/2022\/04\/22\/noc-kultury-2022-instytut-polski-poleca\/\" \/>\n<meta property=\"og:site_name\" content=\"Instytut Polski w Sztokholmie\" \/>\n<meta property=\"article:published_time\" content=\"2022-04-22T13:28:13+00:00\" \/>\n<meta property=\"article:modified_time\" content=\"2022-07-22T08:25:21+00:00\" \/>\n<meta property=\"og:image\" content=\"https:\/\/instytutpolski.pl\/stockholm\/wp-content\/uploads\/sites\/17\/2022\/04\/Hemsida-IP-banner-artikel.png\" \/>\n\t<meta property=\"og:image:width\" content=\"1120\" \/>\n\t<meta property=\"og:image:height\" content=\"630\" \/>\n\t<meta property=\"og:image:type\" content=\"image\/png\" \/>\n<meta name=\"author\" content=\"treichelp\" \/>\n<meta name=\"twitter:card\" content=\"summary_large_image\" \/>\n<meta name=\"twitter:label1\" content=\"Napisane przez\" \/>\n\t<meta name=\"twitter:data1\" content=\"treichelp\" \/>\n\t<meta name=\"twitter:label2\" content=\"Szacowany czas czytania\" \/>\n\t<meta name=\"twitter:data2\" content=\"3 minuty\" \/>\n<script type=\"application\/ld+json\" class=\"yoast-schema-graph\">{\"@context\":\"https:\/\/schema.org\",\"@graph\":[{\"@type\":\"event\",\"@id\":\"https:\/\/instytutpolski.pl\/stockholm\/pl\/2022\/04\/22\/noc-kultury-2022-instytut-polski-poleca\/\",\"url\":\"https:\/\/instytutpolski.pl\/stockholm\/pl\/2022\/04\/22\/noc-kultury-2022-instytut-polski-poleca\/\",\"name\":\"Noc Kultury 2022: Instytut Polski poleca\",\"isPartOf\":{\"@id\":\"https:\/\/instytutpolski.pl\/stockholm\/#website\"},\"primaryImageOfPage\":{\"@id\":\"https:\/\/instytutpolski.pl\/stockholm\/pl\/2022\/04\/22\/noc-kultury-2022-instytut-polski-poleca\/#primaryimage\"},\"image\":[\"https:\/\/instytutpolski.pl\/stockholm\/wp-content\/uploads\/sites\/17\/2022\/04\/Hemsida-IP-banner-artikel.png\",\"https:\/\/instytutpolski.pl\/stockholm\/wp-content\/uploads\/sites\/17\/2022\/04\/Hemsida-IP-banner-artikel-300x169.png\",\"https:\/\/instytutpolski.pl\/stockholm\/wp-content\/uploads\/sites\/17\/2022\/04\/Hemsida-IP-banner-artikel-1024x576.png\",\"https:\/\/instytutpolski.pl\/stockholm\/wp-content\/uploads\/sites\/17\/2022\/04\/Hemsida-IP-banner-artikel.png\"],\"thumbnailUrl\":\"https:\/\/instytutpolski.pl\/stockholm\/wp-content\/uploads\/sites\/17\/2022\/04\/Hemsida-IP-banner-artikel.png\",\"datePublished\":\"2022-04-22T13:28:13+02:00\",\"dateModified\":\"2022-07-22T08:25:21+02:00\",\"author\":{\"@id\":\"https:\/\/instytutpolski.pl\/stockholm\/#\/schema\/person\/866a2c0f4ccf0982a286809684f7bc1e\"},\"breadcrumb\":{\"@id\":\"https:\/\/instytutpolski.pl\/stockholm\/pl\/2022\/04\/22\/noc-kultury-2022-instytut-polski-poleca\/#breadcrumb\"},\"inLanguage\":\"pl-PL\",\"potentialAction\":[{\"@type\":\"ReadAction\",\"target\":[\"https:\/\/instytutpolski.pl\/stockholm\/pl\/2022\/04\/22\/noc-kultury-2022-instytut-polski-poleca\/\"]}],\"@context\":\"https:\/\/schema.org\",\"startDate\":\"2022-04-23T06:00:00+02:00\",\"endDate\":\"2022-04-23T11:00:00+02:00\",\"eventStatus\":\"EventScheduled\",\"eventAttendanceMode\":\"OfflineEventAttendanceMode\",\"location\":{\"@type\":\"place\",\"name\":\"Stockholm\",\"address\":\"Stockholm\",\"geo\":{\"@type\":\"GeoCoordinates\",\"latitude\":\"59.31346625866331\",\"longitude\":\"18.10117528778326\"}},\"description\":\"23 kwietnia w ramach festiwalu filmowego An Ordinary Day Film Festival zostanie pokazany film eksperymentalny \\\"\u015awiat, korzy ulecia\u0142 na grzbiecie krowy\\\" w re\u017cyserii Wojciecha Hoffmanna. Wszyscy odwiedzaj\u0105cy Studio 44 b\u0119d\u0105 mieli r\u00f3wnie\u017c mo\u017cliwo\u015b\u0107 obejrzenia wystawy \u201eMaking of\u201d z rze\u017abami autorstwa re\u017cysera. Wystawa sk\u0142ada si\u0119 z postaci bohater\u00f3w wykorzystanych w filmie \u201e\u015awiat, kt\u00f3ry odlecia\u0142 na grzbiecie krowy\u201d i jest fizyczn\u0105 reprezentacj\u0105 pracy zwi\u0105zanej z tworzeniem filmu animowanego.\\nRe\u017cyser Wojciech Hoffmann oraz Micha\u0142 Hudzikowski, przedstawiciel producenta filmu \u2013 Studio Munka, opowiedz\u0105 szwedzkiej publiczno\u015bci jak powsta\u0142 film \u201e\u015awiat, kt\u00f3ry odlecia\u0142 na grzbiecie krowy\u201d.\\n19:00 \u2013 19:45 Q&amp;A z Micha\u0142em Hudzikowskim i Nilsem Claessonem\\n20:00 \u2013 21:40 Filmy Studia Munka\\n22:00 Wystawa i rozmowa z re\u017c. Wojciechem Hoffmannem\\nWst\u0119p wolny w ramach Nocy Kultury w Sztokholmie. Przeczytaj wi\u0119cej tutaj.\\nPodczas tegorocznej Nocy Kultury w Sztokholmie polska artystka Monika Patuszy\u0144ska poprowadzi dwie kr\u00f3tkie prezentacje na temat pracy z ceramik\u0105. Wszyscy mi\u0142o\u015bnicy sztuki b\u0119d\u0105 mogli r\u00f3wnie\u017c odwiedzi\u0107 wystaw\u0119 \u201eTransForms\u201d z unikatowymi pracami ceramicznymi autorstwa Moniki w galerii Bl\u00e5s&amp;Kn\u00e5da.\\nMonika pracuje z ceramik\u0105 i wykorzystuje w\u0142asn\u0105 technik\u0119 odlewania, aby stworzy\u0107 niepowtarzalne wariacje z klasycznej porcelany. W swojej tw\u00f3rczo\u015bci unika powtarzalno\u015bci i symetrii, cz\u0119sto kojarzonych ze sztuk\u0105 u\u017cytkow\u0105. \\nPrzyjd\u017a do Bl\u00e5s&amp;Kn\u00e5da ju\u017c w sobot\u0119 23 kwietnia i spotkaj si\u0119 z artystk\u0105!\\n19.00 \u2013 19.15 oraz 21.00-21.15: prezentacja wystawy przez artystk\u0119 Monik\u0119 Patuszy\u0144sk\u0105\\nPrzeczytaj wi\u0119cej o wystawie tutaj.\\nWystawa i wyk\u0142ady o F. Liszcie i jego muzyce w wykonaniu A.G. Sundstr\u00f6ma, pianisty i autora ksi\u0105\u017cki \u201eFranz Liszt. Cz\u0142owiek kontrast\u00f3w\u201d (2021). Wystawa uliczna prezentuje wybitnych kompozytor\u00f3w z W\u0119gier, S\u0142owacji, Czech i Polski.\\n18:00-24:00 Wystawa uliczna o kompozytorach z kraj\u00f3w Grupy Wyszehradzkiej.\\nWi\u0119cej informacji o magicznej Nocy Kultury w Sztokholmie znajdziesz na oficjalnej stronie Kulturnatten.\\nZapraszamy!\"},{\"@type\":\"ImageObject\",\"inLanguage\":\"pl-PL\",\"@id\":\"https:\/\/instytutpolski.pl\/stockholm\/pl\/2022\/04\/22\/noc-kultury-2022-instytut-polski-poleca\/#primaryimage\",\"url\":\"https:\/\/instytutpolski.pl\/stockholm\/wp-content\/uploads\/sites\/17\/2022\/04\/Hemsida-IP-banner-artikel.png\",\"contentUrl\":\"https:\/\/instytutpolski.pl\/stockholm\/wp-content\/uploads\/sites\/17\/2022\/04\/Hemsida-IP-banner-artikel.png\",\"width\":1120,\"height\":630},{\"@type\":\"BreadcrumbList\",\"@id\":\"https:\/\/instytutpolski.pl\/stockholm\/pl\/2022\/04\/22\/noc-kultury-2022-instytut-polski-poleca\/#breadcrumb\",\"itemListElement\":[{\"@type\":\"ListItem\",\"position\":1,\"name\":\"Home\",\"item\":\"https:\/\/instytutpolski.pl\/stockholm\/\"},{\"@type\":\"ListItem\",\"position\":2,\"name\":\"Noc Kultury 2022: Instytut Polski poleca\"}]},{\"@type\":\"WebSite\",\"@id\":\"https:\/\/instytutpolski.pl\/stockholm\/#website\",\"url\":\"https:\/\/instytutpolski.pl\/stockholm\/\",\"name\":\"Instytut Polski w Sztokholmie\",\"description\":\"Instytuty Polskie\",\"potentialAction\":[{\"@type\":\"SearchAction\",\"target\":{\"@type\":\"EntryPoint\",\"urlTemplate\":\"https:\/\/instytutpolski.pl\/stockholm\/?s={search_term_string}\"},\"query-input\":{\"@type\":\"PropertyValueSpecification\",\"valueRequired\":true,\"valueName\":\"search_term_string\"}}],\"inLanguage\":\"pl-PL\"},{\"@type\":\"Person\",\"@id\":\"https:\/\/instytutpolski.pl\/stockholm\/#\/schema\/person\/866a2c0f4ccf0982a286809684f7bc1e\",\"name\":\"treichelp\",\"image\":{\"@type\":\"ImageObject\",\"inLanguage\":\"pl-PL\",\"@id\":\"https:\/\/instytutpolski.pl\/stockholm\/#\/schema\/person\/image\/\",\"url\":\"https:\/\/secure.gravatar.com\/avatar\/fb2c1caae0df0854742a56fc463dd1fb?s=96&d=mm&r=g\",\"contentUrl\":\"https:\/\/secure.gravatar.com\/avatar\/fb2c1caae0df0854742a56fc463dd1fb?s=96&d=mm&r=g\",\"caption\":\"treichelp\"},\"url\":\"https:\/\/instytutpolski.pl\/stockholm\/author\/treichelp\/\"}]}<\/script>\n<!-- \/ Yoast SEO plugin. -->","yoast_head_json":{"title":"Noc Kultury 2022: Instytut Polski poleca - Instytut Polski w Sztokholmie","robots":{"index":"index","follow":"follow","max-snippet":"max-snippet:-1","max-image-preview":"max-image-preview:large","max-video-preview":"max-video-preview:-1"},"canonical":"https:\/\/instytutpolski.pl\/stockholm\/pl\/2022\/04\/22\/noc-kultury-2022-instytut-polski-poleca\/","og_locale":"pl_PL","og_type":"article","og_title":"Noc Kultury 2022: Instytut Polski poleca - Instytut Polski w Sztokholmie","og_description":"23 kwietnia w ramach festiwalu filmowego An Ordinary Day Film Festival zostanie pokazany film eksperymentalny &#8222;\u015awiat, korzy ulecia\u0142 na grzbiecie krowy&#8221; w re\u017cyserii Wojciecha Hoffmanna. Wszyscy odwiedzaj\u0105cy Studio 44 b\u0119d\u0105 mieli r\u00f3wnie\u017c mo\u017cliwo\u015b\u0107 obejrzenia wystawy \u201eMaking of\u201d z rze\u017abami autorstwa re\u017cysera. Wystawa sk\u0142ada si\u0119 z postaci bohater\u00f3w wykorzystanych w filmie \u201e\u015awiat, kt\u00f3ry odlecia\u0142 na grzbiecie [&hellip;]","og_url":"https:\/\/instytutpolski.pl\/stockholm\/pl\/2022\/04\/22\/noc-kultury-2022-instytut-polski-poleca\/","og_site_name":"Instytut Polski w Sztokholmie","article_published_time":"2022-04-22T13:28:13+00:00","article_modified_time":"2022-07-22T08:25:21+00:00","og_image":[{"width":1120,"height":630,"url":"https:\/\/instytutpolski.pl\/stockholm\/wp-content\/uploads\/sites\/17\/2022\/04\/Hemsida-IP-banner-artikel.png","type":"image\/png"}],"author":"treichelp","twitter_card":"summary_large_image","twitter_misc":{"Napisane przez":"treichelp","Szacowany czas czytania":"3 minuty"},"schema":{"@context":"https:\/\/schema.org","@graph":[{"@type":"event","@id":"https:\/\/instytutpolski.pl\/stockholm\/pl\/2022\/04\/22\/noc-kultury-2022-instytut-polski-poleca\/","url":"https:\/\/instytutpolski.pl\/stockholm\/pl\/2022\/04\/22\/noc-kultury-2022-instytut-polski-poleca\/","name":"Noc Kultury 2022: Instytut Polski poleca","isPartOf":{"@id":"https:\/\/instytutpolski.pl\/stockholm\/#website"},"primaryImageOfPage":{"@id":"https:\/\/instytutpolski.pl\/stockholm\/pl\/2022\/04\/22\/noc-kultury-2022-instytut-polski-poleca\/#primaryimage"},"image":["https:\/\/instytutpolski.pl\/stockholm\/wp-content\/uploads\/sites\/17\/2022\/04\/Hemsida-IP-banner-artikel.png","https:\/\/instytutpolski.pl\/stockholm\/wp-content\/uploads\/sites\/17\/2022\/04\/Hemsida-IP-banner-artikel-300x169.png","https:\/\/instytutpolski.pl\/stockholm\/wp-content\/uploads\/sites\/17\/2022\/04\/Hemsida-IP-banner-artikel-1024x576.png","https:\/\/instytutpolski.pl\/stockholm\/wp-content\/uploads\/sites\/17\/2022\/04\/Hemsida-IP-banner-artikel.png"],"thumbnailUrl":"https:\/\/instytutpolski.pl\/stockholm\/wp-content\/uploads\/sites\/17\/2022\/04\/Hemsida-IP-banner-artikel.png","datePublished":"2022-04-22T13:28:13+02:00","dateModified":"2022-07-22T08:25:21+02:00","author":{"@id":"https:\/\/instytutpolski.pl\/stockholm\/#\/schema\/person\/866a2c0f4ccf0982a286809684f7bc1e"},"breadcrumb":{"@id":"https:\/\/instytutpolski.pl\/stockholm\/pl\/2022\/04\/22\/noc-kultury-2022-instytut-polski-poleca\/#breadcrumb"},"inLanguage":"pl-PL","potentialAction":[{"@type":"ReadAction","target":["https:\/\/instytutpolski.pl\/stockholm\/pl\/2022\/04\/22\/noc-kultury-2022-instytut-polski-poleca\/"]}],"@context":"https:\/\/schema.org","startDate":"2022-04-23T06:00:00+02:00","endDate":"2022-04-23T11:00:00+02:00","eventStatus":"EventScheduled","eventAttendanceMode":"OfflineEventAttendanceMode","location":{"@type":"place","name":"Stockholm","address":"Stockholm","geo":{"@type":"GeoCoordinates","latitude":"59.31346625866331","longitude":"18.10117528778326"}},"description":"23 kwietnia w ramach festiwalu filmowego An Ordinary Day Film Festival zostanie pokazany film eksperymentalny \"\u015awiat, korzy ulecia\u0142 na grzbiecie krowy\" w re\u017cyserii Wojciecha Hoffmanna. Wszyscy odwiedzaj\u0105cy Studio 44 b\u0119d\u0105 mieli r\u00f3wnie\u017c mo\u017cliwo\u015b\u0107 obejrzenia wystawy \u201eMaking of\u201d z rze\u017abami autorstwa re\u017cysera. Wystawa sk\u0142ada si\u0119 z postaci bohater\u00f3w wykorzystanych w filmie \u201e\u015awiat, kt\u00f3ry odlecia\u0142 na grzbiecie krowy\u201d i jest fizyczn\u0105 reprezentacj\u0105 pracy zwi\u0105zanej z tworzeniem filmu animowanego.\nRe\u017cyser Wojciech Hoffmann oraz Micha\u0142 Hudzikowski, przedstawiciel producenta filmu \u2013 Studio Munka, opowiedz\u0105 szwedzkiej publiczno\u015bci jak powsta\u0142 film \u201e\u015awiat, kt\u00f3ry odlecia\u0142 na grzbiecie krowy\u201d.\n19:00 \u2013 19:45 Q&amp;A z Micha\u0142em Hudzikowskim i Nilsem Claessonem\n20:00 \u2013 21:40 Filmy Studia Munka\n22:00 Wystawa i rozmowa z re\u017c. Wojciechem Hoffmannem\nWst\u0119p wolny w ramach Nocy Kultury w Sztokholmie. Przeczytaj wi\u0119cej tutaj.\nPodczas tegorocznej Nocy Kultury w Sztokholmie polska artystka Monika Patuszy\u0144ska poprowadzi dwie kr\u00f3tkie prezentacje na temat pracy z ceramik\u0105. Wszyscy mi\u0142o\u015bnicy sztuki b\u0119d\u0105 mogli r\u00f3wnie\u017c odwiedzi\u0107 wystaw\u0119 \u201eTransForms\u201d z unikatowymi pracami ceramicznymi autorstwa Moniki w galerii Bl\u00e5s&amp;Kn\u00e5da.\nMonika pracuje z ceramik\u0105 i wykorzystuje w\u0142asn\u0105 technik\u0119 odlewania, aby stworzy\u0107 niepowtarzalne wariacje z klasycznej porcelany. W swojej tw\u00f3rczo\u015bci unika powtarzalno\u015bci i symetrii, cz\u0119sto kojarzonych ze sztuk\u0105 u\u017cytkow\u0105. \nPrzyjd\u017a do Bl\u00e5s&amp;Kn\u00e5da ju\u017c w sobot\u0119 23 kwietnia i spotkaj si\u0119 z artystk\u0105!\n19.00 \u2013 19.15 oraz 21.00-21.15: prezentacja wystawy przez artystk\u0119 Monik\u0119 Patuszy\u0144sk\u0105\nPrzeczytaj wi\u0119cej o wystawie tutaj.\nWystawa i wyk\u0142ady o F. Liszcie i jego muzyce w wykonaniu A.G. Sundstr\u00f6ma, pianisty i autora ksi\u0105\u017cki \u201eFranz Liszt. Cz\u0142owiek kontrast\u00f3w\u201d (2021). Wystawa uliczna prezentuje wybitnych kompozytor\u00f3w z W\u0119gier, S\u0142owacji, Czech i Polski.\n18:00-24:00 Wystawa uliczna o kompozytorach z kraj\u00f3w Grupy Wyszehradzkiej.\nWi\u0119cej informacji o magicznej Nocy Kultury w Sztokholmie znajdziesz na oficjalnej stronie Kulturnatten.\nZapraszamy!"},{"@type":"ImageObject","inLanguage":"pl-PL","@id":"https:\/\/instytutpolski.pl\/stockholm\/pl\/2022\/04\/22\/noc-kultury-2022-instytut-polski-poleca\/#primaryimage","url":"https:\/\/instytutpolski.pl\/stockholm\/wp-content\/uploads\/sites\/17\/2022\/04\/Hemsida-IP-banner-artikel.png","contentUrl":"https:\/\/instytutpolski.pl\/stockholm\/wp-content\/uploads\/sites\/17\/2022\/04\/Hemsida-IP-banner-artikel.png","width":1120,"height":630},{"@type":"BreadcrumbList","@id":"https:\/\/instytutpolski.pl\/stockholm\/pl\/2022\/04\/22\/noc-kultury-2022-instytut-polski-poleca\/#breadcrumb","itemListElement":[{"@type":"ListItem","position":1,"name":"Home","item":"https:\/\/instytutpolski.pl\/stockholm\/"},{"@type":"ListItem","position":2,"name":"Noc Kultury 2022: Instytut Polski poleca"}]},{"@type":"WebSite","@id":"https:\/\/instytutpolski.pl\/stockholm\/#website","url":"https:\/\/instytutpolski.pl\/stockholm\/","name":"Instytut Polski w Sztokholmie","description":"Instytuty Polskie","potentialAction":[{"@type":"SearchAction","target":{"@type":"EntryPoint","urlTemplate":"https:\/\/instytutpolski.pl\/stockholm\/?s={search_term_string}"},"query-input":{"@type":"PropertyValueSpecification","valueRequired":true,"valueName":"search_term_string"}}],"inLanguage":"pl-PL"},{"@type":"Person","@id":"https:\/\/instytutpolski.pl\/stockholm\/#\/schema\/person\/866a2c0f4ccf0982a286809684f7bc1e","name":"treichelp","image":{"@type":"ImageObject","inLanguage":"pl-PL","@id":"https:\/\/instytutpolski.pl\/stockholm\/#\/schema\/person\/image\/","url":"https:\/\/secure.gravatar.com\/avatar\/fb2c1caae0df0854742a56fc463dd1fb?s=96&d=mm&r=g","contentUrl":"https:\/\/secure.gravatar.com\/avatar\/fb2c1caae0df0854742a56fc463dd1fb?s=96&d=mm&r=g","caption":"treichelp"},"url":"https:\/\/instytutpolski.pl\/stockholm\/author\/treichelp\/"}]}},"_links":{"self":[{"href":"https:\/\/instytutpolski.pl\/stockholm\/wp-json\/wp\/v2\/posts\/8886","targetHints":{"allow":["GET"]}}],"collection":[{"href":"https:\/\/instytutpolski.pl\/stockholm\/wp-json\/wp\/v2\/posts"}],"about":[{"href":"https:\/\/instytutpolski.pl\/stockholm\/wp-json\/wp\/v2\/types\/post"}],"author":[{"embeddable":true,"href":"https:\/\/instytutpolski.pl\/stockholm\/wp-json\/wp\/v2\/users\/173"}],"replies":[{"embeddable":true,"href":"https:\/\/instytutpolski.pl\/stockholm\/wp-json\/wp\/v2\/comments?post=8886"}],"version-history":[{"count":9,"href":"https:\/\/instytutpolski.pl\/stockholm\/wp-json\/wp\/v2\/posts\/8886\/revisions"}],"predecessor-version":[{"id":8895,"href":"https:\/\/instytutpolski.pl\/stockholm\/wp-json\/wp\/v2\/posts\/8886\/revisions\/8895"}],"wp:featuredmedia":[{"embeddable":true,"href":"https:\/\/instytutpolski.pl\/stockholm\/wp-json\/wp\/v2\/media\/8265"}],"wp:attachment":[{"href":"https:\/\/instytutpolski.pl\/stockholm\/wp-json\/wp\/v2\/media?parent=8886"}],"wp:term":[{"taxonomy":"category","embeddable":true,"href":"https:\/\/instytutpolski.pl\/stockholm\/wp-json\/wp\/v2\/categories?post=8886"},{"taxonomy":"post_tag","embeddable":true,"href":"https:\/\/instytutpolski.pl\/stockholm\/wp-json\/wp\/v2\/tags?post=8886"}],"curies":[{"name":"wp","href":"https:\/\/api.w.org\/{rel}","templated":true}]}}