{"id":9142,"date":"2022-09-14T14:00:28","date_gmt":"2022-09-14T12:00:28","guid":{"rendered":"https:\/\/instytutpolski.pl\/stockholm\/?p=9142"},"modified":"2022-09-16T16:20:30","modified_gmt":"2022-09-16T14:20:30","slug":"koncert-fortepianowy","status":"publish","type":"post","link":"https:\/\/instytutpolski.pl\/stockholm\/pl\/2022\/09\/14\/koncert-fortepianowy\/","title":{"rendered":"Wiecz\u00f3r z muzyk\u0105 Karola Szymanowskiego i Fryderyka Chopina"},"content":{"rendered":"\n<p>Koncert fortepianowy zosta\u0142 zorganizowany przez Instytut Polski w Sztokholmie i Ambasad\u0119 RP z okazji Roku Romantyzmu i oddania ho\u0142du urodzonemu 140 lat temu Karolowi Szymanowskiemu i zmar\u0142emu 40 lat temu Arturowi Rubinsteinowi.<\/p>\n\n\n\n<p>Karol Szymanowski urodzi\u0142 si\u0119 3 pa\u017adziernika 1992 roku w Tymosz\u00f3wce i od najm\u0142odszych lat mia\u0142 kontakt z muzyk\u0105 zachodnioeuropejsk\u0105 autorstwa Bacha, Mozarta czy Chopina. Jego najwcze\u015bniej wydane utwory zosta\u0142y napisane na fortepian. Nale\u017ca\u0142 do grupy kompozytor\u00f3w M\u0142odej Polski. \u00a0Szymanowski zmar\u0142 na gru\u017alic\u0119 w wieku 55 lat i zosta\u0142 pochowany w Krakowie. Nabo\u017ce\u0144stwo \u017ca\u0142obne odby\u0142o si\u0119 w ko\u015bciele Mariackim. Do dzisiaj natomiast uznawany jest za jednego z najwybitniejszych polskich kompozytor\u00f3w.<\/p>\n\n\n\n<p>Artur Rubinstein urodzi\u0142 si\u0119 28 stycznie 1887 roku w \u0141odzi, a zmar\u0142 20 grudnia 1982 roku w Genewie. By\u0142 on polskim pianist\u0105 \u017cydowskiego pochodzenia. Swoje pierwsze lekcji gry na fortepiania pobiera\u0142 u Adolfa Prechnera w \u0141odzi, lecz po raz pierwszy wyst\u0105pi\u0142 przed pibliczno\u015bci\u0105 w berli\u0144skiej Beethoven-Saal. Podczas swojej fortepianowej kariery wyst\u0119powa\u0142 mi\u0119dzy innymi w Polsce, Francji, Stanach Zjednoczonych i wielu krajach Ameryki Po\u0142udniowej. Rubinstein by\u0142 jednym z najwi\u0119kszych wirtuoz\u00f3w fortepianu XX wieku.<\/p>\n\n\n\n<p>W\u015br\u00f3d znakomitych go\u015bci koncertu fortepianowego w Rezydencji Ambasador RP znalaz\u0142o si\u0119 siedmiu ambasador\u00f3w \u2013 z Polski, Portugalii, Szwajcarii, Ukrainy, Chorwacji, Rumunii, Japonii i Izraela, dyplomaci i przedstawiciele instytucji kultury m.in. ze Szwecji, Norwegii, Czech, Litwy, W\u0119gier, Ukrainy, Hiszpanii i S\u0142owacji. Uczestniczyli tak\u017ce przedstawiciele Polonii w Szwecji. Joanna Goranko wyr\u00f3\u017cni\u0142a si\u0119 i spotka\u0142a si\u0119 z gromkimi brawami, a pokazany podczas wieczoru film o Arturze Rubinsteinie wzbudzi\u0142 ogromne zainteresowanie publiczno\u015bci.<\/p>\n\n\n\n<p>\u015alemy serdeczne podzi\u0119kowania wszystkim przyby\u0142ym na koncert fortepianowy i pokaz filmu!<\/p>\n\n\n\n<p>zdj\u0119cia: Pawe\u0142 <a href=\"https:\/\/www.facebook.com\/KANIAnordfoto.se\" target=\"_blank\" rel=\"noreferrer noopener\">Kania NordFOTO<\/a><\/p>\n\n\n\n<figure class=\"wp-block-gallery has-nested-images columns-2 is-cropped wp-block-gallery-1 is-layout-flex wp-block-gallery-is-layout-flex\">\n<figure class=\"wp-block-image size-large\"><img loading=\"lazy\" decoding=\"async\" width=\"2048\" height=\"1366\" data-id=\"9120\" src=\"https:\/\/instytutpolski.pl\/stockholm\/wp-content\/uploads\/sites\/17\/2022\/09\/306499381_3212134299052380_8458371844376856883_n-1.jpg\" alt=\"\" class=\"wp-image-9120\" srcset=\"https:\/\/instytutpolski.pl\/stockholm\/wp-content\/uploads\/sites\/17\/2022\/09\/306499381_3212134299052380_8458371844376856883_n-1.jpg 2048w, https:\/\/instytutpolski.pl\/stockholm\/wp-content\/uploads\/sites\/17\/2022\/09\/306499381_3212134299052380_8458371844376856883_n-1-300x200.jpg 300w, https:\/\/instytutpolski.pl\/stockholm\/wp-content\/uploads\/sites\/17\/2022\/09\/306499381_3212134299052380_8458371844376856883_n-1-1024x683.jpg 1024w, https:\/\/instytutpolski.pl\/stockholm\/wp-content\/uploads\/sites\/17\/2022\/09\/306499381_3212134299052380_8458371844376856883_n-1-768x512.jpg 768w, https:\/\/instytutpolski.pl\/stockholm\/wp-content\/uploads\/sites\/17\/2022\/09\/306499381_3212134299052380_8458371844376856883_n-1-1536x1025.jpg 1536w\" sizes=\"auto, (max-width: 2048px) 100vw, 2048px\" \/><\/figure>\n\n\n\n<figure class=\"wp-block-image size-large\"><img loading=\"lazy\" decoding=\"async\" width=\"2048\" height=\"1366\" data-id=\"9128\" src=\"https:\/\/instytutpolski.pl\/stockholm\/wp-content\/uploads\/sites\/17\/2022\/09\/306834345_3212134309052379_7780654023620307113_n.jpg\" alt=\"\" class=\"wp-image-9128\" srcset=\"https:\/\/instytutpolski.pl\/stockholm\/wp-content\/uploads\/sites\/17\/2022\/09\/306834345_3212134309052379_7780654023620307113_n.jpg 2048w, https:\/\/instytutpolski.pl\/stockholm\/wp-content\/uploads\/sites\/17\/2022\/09\/306834345_3212134309052379_7780654023620307113_n-300x200.jpg 300w, https:\/\/instytutpolski.pl\/stockholm\/wp-content\/uploads\/sites\/17\/2022\/09\/306834345_3212134309052379_7780654023620307113_n-1024x683.jpg 1024w, https:\/\/instytutpolski.pl\/stockholm\/wp-content\/uploads\/sites\/17\/2022\/09\/306834345_3212134309052379_7780654023620307113_n-768x512.jpg 768w, https:\/\/instytutpolski.pl\/stockholm\/wp-content\/uploads\/sites\/17\/2022\/09\/306834345_3212134309052379_7780654023620307113_n-1536x1025.jpg 1536w\" sizes=\"auto, (max-width: 2048px) 100vw, 2048px\" \/><\/figure>\n\n\n\n<figure class=\"wp-block-image size-large\"><img loading=\"lazy\" decoding=\"async\" width=\"2048\" height=\"1366\" data-id=\"9127\" src=\"https:\/\/instytutpolski.pl\/stockholm\/wp-content\/uploads\/sites\/17\/2022\/09\/306778030_3212134335719043_7974485431202279261_n.jpg\" alt=\"\" class=\"wp-image-9127\" srcset=\"https:\/\/instytutpolski.pl\/stockholm\/wp-content\/uploads\/sites\/17\/2022\/09\/306778030_3212134335719043_7974485431202279261_n.jpg 2048w, https:\/\/instytutpolski.pl\/stockholm\/wp-content\/uploads\/sites\/17\/2022\/09\/306778030_3212134335719043_7974485431202279261_n-300x200.jpg 300w, https:\/\/instytutpolski.pl\/stockholm\/wp-content\/uploads\/sites\/17\/2022\/09\/306778030_3212134335719043_7974485431202279261_n-1024x683.jpg 1024w, https:\/\/instytutpolski.pl\/stockholm\/wp-content\/uploads\/sites\/17\/2022\/09\/306778030_3212134335719043_7974485431202279261_n-768x512.jpg 768w, https:\/\/instytutpolski.pl\/stockholm\/wp-content\/uploads\/sites\/17\/2022\/09\/306778030_3212134335719043_7974485431202279261_n-1536x1025.jpg 1536w\" sizes=\"auto, (max-width: 2048px) 100vw, 2048px\" \/><\/figure>\n\n\n\n<figure class=\"wp-block-image size-large\"><img loading=\"lazy\" decoding=\"async\" width=\"2048\" height=\"1366\" data-id=\"9126\" src=\"https:\/\/instytutpolski.pl\/stockholm\/wp-content\/uploads\/sites\/17\/2022\/09\/306643144_3212134462385697_5244734660304864891_n.jpg\" alt=\"\" class=\"wp-image-9126\" srcset=\"https:\/\/instytutpolski.pl\/stockholm\/wp-content\/uploads\/sites\/17\/2022\/09\/306643144_3212134462385697_5244734660304864891_n.jpg 2048w, https:\/\/instytutpolski.pl\/stockholm\/wp-content\/uploads\/sites\/17\/2022\/09\/306643144_3212134462385697_5244734660304864891_n-300x200.jpg 300w, https:\/\/instytutpolski.pl\/stockholm\/wp-content\/uploads\/sites\/17\/2022\/09\/306643144_3212134462385697_5244734660304864891_n-1024x683.jpg 1024w, https:\/\/instytutpolski.pl\/stockholm\/wp-content\/uploads\/sites\/17\/2022\/09\/306643144_3212134462385697_5244734660304864891_n-768x512.jpg 768w, https:\/\/instytutpolski.pl\/stockholm\/wp-content\/uploads\/sites\/17\/2022\/09\/306643144_3212134462385697_5244734660304864891_n-1536x1025.jpg 1536w\" sizes=\"auto, (max-width: 2048px) 100vw, 2048px\" \/><\/figure>\n\n\n\n<figure class=\"wp-block-image size-large\"><img loading=\"lazy\" decoding=\"async\" width=\"2048\" height=\"1366\" data-id=\"9124\" src=\"https:\/\/instytutpolski.pl\/stockholm\/wp-content\/uploads\/sites\/17\/2022\/09\/306541590_3212134445719032_2721597974482239183_n.jpg\" alt=\"\" class=\"wp-image-9124\" srcset=\"https:\/\/instytutpolski.pl\/stockholm\/wp-content\/uploads\/sites\/17\/2022\/09\/306541590_3212134445719032_2721597974482239183_n.jpg 2048w, https:\/\/instytutpolski.pl\/stockholm\/wp-content\/uploads\/sites\/17\/2022\/09\/306541590_3212134445719032_2721597974482239183_n-300x200.jpg 300w, https:\/\/instytutpolski.pl\/stockholm\/wp-content\/uploads\/sites\/17\/2022\/09\/306541590_3212134445719032_2721597974482239183_n-1024x683.jpg 1024w, https:\/\/instytutpolski.pl\/stockholm\/wp-content\/uploads\/sites\/17\/2022\/09\/306541590_3212134445719032_2721597974482239183_n-768x512.jpg 768w, https:\/\/instytutpolski.pl\/stockholm\/wp-content\/uploads\/sites\/17\/2022\/09\/306541590_3212134445719032_2721597974482239183_n-1536x1025.jpg 1536w\" sizes=\"auto, (max-width: 2048px) 100vw, 2048px\" \/><\/figure>\n\n\n\n<figure class=\"wp-block-image size-large\"><img loading=\"lazy\" decoding=\"async\" width=\"2048\" height=\"1366\" data-id=\"9123\" src=\"https:\/\/instytutpolski.pl\/stockholm\/wp-content\/uploads\/sites\/17\/2022\/09\/306517517_3212134555719021_4235286970984061411_n.jpg\" alt=\"\" class=\"wp-image-9123\" srcset=\"https:\/\/instytutpolski.pl\/stockholm\/wp-content\/uploads\/sites\/17\/2022\/09\/306517517_3212134555719021_4235286970984061411_n.jpg 2048w, https:\/\/instytutpolski.pl\/stockholm\/wp-content\/uploads\/sites\/17\/2022\/09\/306517517_3212134555719021_4235286970984061411_n-300x200.jpg 300w, https:\/\/instytutpolski.pl\/stockholm\/wp-content\/uploads\/sites\/17\/2022\/09\/306517517_3212134555719021_4235286970984061411_n-1024x683.jpg 1024w, https:\/\/instytutpolski.pl\/stockholm\/wp-content\/uploads\/sites\/17\/2022\/09\/306517517_3212134555719021_4235286970984061411_n-768x512.jpg 768w, https:\/\/instytutpolski.pl\/stockholm\/wp-content\/uploads\/sites\/17\/2022\/09\/306517517_3212134555719021_4235286970984061411_n-1536x1025.jpg 1536w\" sizes=\"auto, (max-width: 2048px) 100vw, 2048px\" \/><\/figure>\n\n\n\n<figure class=\"wp-block-image size-large\"><img loading=\"lazy\" decoding=\"async\" width=\"2048\" height=\"1366\" data-id=\"9125\" src=\"https:\/\/instytutpolski.pl\/stockholm\/wp-content\/uploads\/sites\/17\/2022\/09\/306561137_3212134459052364_3137867752872023951_n.jpg\" alt=\"\" class=\"wp-image-9125\" srcset=\"https:\/\/instytutpolski.pl\/stockholm\/wp-content\/uploads\/sites\/17\/2022\/09\/306561137_3212134459052364_3137867752872023951_n.jpg 2048w, https:\/\/instytutpolski.pl\/stockholm\/wp-content\/uploads\/sites\/17\/2022\/09\/306561137_3212134459052364_3137867752872023951_n-300x200.jpg 300w, https:\/\/instytutpolski.pl\/stockholm\/wp-content\/uploads\/sites\/17\/2022\/09\/306561137_3212134459052364_3137867752872023951_n-1024x683.jpg 1024w, https:\/\/instytutpolski.pl\/stockholm\/wp-content\/uploads\/sites\/17\/2022\/09\/306561137_3212134459052364_3137867752872023951_n-768x512.jpg 768w, https:\/\/instytutpolski.pl\/stockholm\/wp-content\/uploads\/sites\/17\/2022\/09\/306561137_3212134459052364_3137867752872023951_n-1536x1025.jpg 1536w\" sizes=\"auto, (max-width: 2048px) 100vw, 2048px\" \/><\/figure>\n\n\n\n<figure class=\"wp-block-image size-large\"><img loading=\"lazy\" decoding=\"async\" width=\"2048\" height=\"1366\" data-id=\"9121\" src=\"https:\/\/instytutpolski.pl\/stockholm\/wp-content\/uploads\/sites\/17\/2022\/09\/306508062_3212134345719042_256904611896004214_n.jpg\" alt=\"\" class=\"wp-image-9121\" srcset=\"https:\/\/instytutpolski.pl\/stockholm\/wp-content\/uploads\/sites\/17\/2022\/09\/306508062_3212134345719042_256904611896004214_n.jpg 2048w, https:\/\/instytutpolski.pl\/stockholm\/wp-content\/uploads\/sites\/17\/2022\/09\/306508062_3212134345719042_256904611896004214_n-300x200.jpg 300w, https:\/\/instytutpolski.pl\/stockholm\/wp-content\/uploads\/sites\/17\/2022\/09\/306508062_3212134345719042_256904611896004214_n-1024x683.jpg 1024w, https:\/\/instytutpolski.pl\/stockholm\/wp-content\/uploads\/sites\/17\/2022\/09\/306508062_3212134345719042_256904611896004214_n-768x512.jpg 768w, https:\/\/instytutpolski.pl\/stockholm\/wp-content\/uploads\/sites\/17\/2022\/09\/306508062_3212134345719042_256904611896004214_n-1536x1025.jpg 1536w\" sizes=\"auto, (max-width: 2048px) 100vw, 2048px\" \/><\/figure>\n\n\n\n<figure class=\"wp-block-image size-large\"><img loading=\"lazy\" decoding=\"async\" width=\"2048\" height=\"1366\" data-id=\"9122\" src=\"https:\/\/instytutpolski.pl\/stockholm\/wp-content\/uploads\/sites\/17\/2022\/09\/306515873_3212134332385710_6350590975003867085_n-1.jpg\" alt=\"\" class=\"wp-image-9122\" srcset=\"https:\/\/instytutpolski.pl\/stockholm\/wp-content\/uploads\/sites\/17\/2022\/09\/306515873_3212134332385710_6350590975003867085_n-1.jpg 2048w, https:\/\/instytutpolski.pl\/stockholm\/wp-content\/uploads\/sites\/17\/2022\/09\/306515873_3212134332385710_6350590975003867085_n-1-300x200.jpg 300w, https:\/\/instytutpolski.pl\/stockholm\/wp-content\/uploads\/sites\/17\/2022\/09\/306515873_3212134332385710_6350590975003867085_n-1-1024x683.jpg 1024w, https:\/\/instytutpolski.pl\/stockholm\/wp-content\/uploads\/sites\/17\/2022\/09\/306515873_3212134332385710_6350590975003867085_n-1-768x512.jpg 768w, https:\/\/instytutpolski.pl\/stockholm\/wp-content\/uploads\/sites\/17\/2022\/09\/306515873_3212134332385710_6350590975003867085_n-1-1536x1025.jpg 1536w\" sizes=\"auto, (max-width: 2048px) 100vw, 2048px\" \/><\/figure>\n<\/figure>\n\n\n\n<p>Serdecznie polecamy artyku\u0142 na temat <a href=\"https:\/\/instytutpolski.pl\/stockholm\/2021\/10\/01\/fryderyk-chopins-internationella-pianotavling\/\">Mi\u0119dzynarodowego Konkursu Chopinowskiego w Warszawie<\/a>.<\/p>\n","protected":false},"excerpt":{"rendered":"<p>Koncert fortepianowy zosta\u0142 zorganizowany przez Instytut Polski w Sztokholmie i Ambasad\u0119 RP z okazji Roku Romantyzmu i oddania ho\u0142du urodzonemu 140 lat temu Karolowi Szymanowskiemu i zmar\u0142emu 40 lat temu Arturowi Rubinsteinowi. Karol Szymanowski urodzi\u0142 si\u0119 3 pa\u017adziernika 1992 roku w Tymosz\u00f3wce i od najm\u0142odszych lat mia\u0142 kontakt z muzyk\u0105 zachodnioeuropejsk\u0105 autorstwa Bacha, Mozarta czy [&hellip;]<\/p>\n","protected":false},"author":172,"featured_media":9122,"comment_status":"closed","ping_status":"closed","sticky":false,"template":"","format":"standard","meta":{"inline_featured_image":false,"_monsterinsights_skip_tracking":false,"_monsterinsights_sitenote_active":false,"_monsterinsights_sitenote_note":"","_monsterinsights_sitenote_category":0,"footnotes":""},"categories":[224,208],"tags":[],"class_list":["post-9142","post","type-post","status-publish","format-standard","has-post-thumbnail","hentry","category-aktualnosc-pl","category-galeria-pl"],"yoast_head":"<!-- This site is optimized with the Yoast SEO plugin v24.6 - https:\/\/yoast.com\/wordpress\/plugins\/seo\/ -->\n<title>Wiecz\u00f3r z muzyk\u0105 Karola Szymanowskiego i Fryderyka Chopina - Instytut Polski w Sztokholmie<\/title>\n<meta name=\"description\" content=\"Polska pianistka Joanna Goranko da\u0142a genialny koncert fortepianowy w rezydencji Ambasador RP Joanny Hofman 9 wrze\u015bnia.\" \/>\n<meta name=\"robots\" content=\"index, follow, max-snippet:-1, max-image-preview:large, max-video-preview:-1\" \/>\n<link rel=\"canonical\" href=\"https:\/\/instytutpolski.pl\/stockholm\/pl\/2022\/09\/14\/koncert-fortepianowy\/\" \/>\n<meta property=\"og:locale\" content=\"pl_PL\" \/>\n<meta property=\"og:type\" content=\"article\" \/>\n<meta property=\"og:title\" content=\"Wiecz\u00f3r z muzyk\u0105 Karola Szymanowskiego i Fryderyka Chopina - Instytut Polski w Sztokholmie\" \/>\n<meta property=\"og:description\" content=\"Polska pianistka Joanna Goranko da\u0142a genialny koncert fortepianowy w rezydencji Ambasador RP Joanny Hofman 9 wrze\u015bnia.\" \/>\n<meta property=\"og:url\" content=\"https:\/\/instytutpolski.pl\/stockholm\/pl\/2022\/09\/14\/koncert-fortepianowy\/\" \/>\n<meta property=\"og:site_name\" content=\"Instytut Polski w Sztokholmie\" \/>\n<meta property=\"article:published_time\" content=\"2022-09-14T12:00:28+00:00\" \/>\n<meta property=\"article:modified_time\" content=\"2022-09-16T14:20:30+00:00\" \/>\n<meta property=\"og:image\" content=\"https:\/\/instytutpolski.pl\/stockholm\/wp-content\/uploads\/sites\/17\/2022\/09\/306515873_3212134332385710_6350590975003867085_n-1.jpg\" \/>\n\t<meta property=\"og:image:width\" content=\"2048\" \/>\n\t<meta property=\"og:image:height\" content=\"1366\" \/>\n\t<meta property=\"og:image:type\" content=\"image\/jpeg\" \/>\n<meta name=\"author\" content=\"jamrozd\" \/>\n<meta name=\"twitter:card\" content=\"summary_large_image\" \/>\n<meta name=\"twitter:label1\" content=\"Napisane przez\" \/>\n\t<meta name=\"twitter:data1\" content=\"jamrozd\" \/>\n\t<meta name=\"twitter:label2\" content=\"Szacowany czas czytania\" \/>\n\t<meta name=\"twitter:data2\" content=\"4 minuty\" \/>\n<script type=\"application\/ld+json\" class=\"yoast-schema-graph\">{\"@context\":\"https:\/\/schema.org\",\"@graph\":[{\"@type\":\"event\",\"@id\":\"https:\/\/instytutpolski.pl\/stockholm\/pl\/2022\/09\/14\/koncert-fortepianowy\/\",\"url\":\"https:\/\/instytutpolski.pl\/stockholm\/pl\/2022\/09\/14\/koncert-fortepianowy\/\",\"name\":\"Wiecz\u00f3r z muzyk\u0105 Karola Szymanowskiego i Fryderyka Chopina\",\"isPartOf\":{\"@id\":\"https:\/\/instytutpolski.pl\/stockholm\/#website\"},\"primaryImageOfPage\":{\"@id\":\"https:\/\/instytutpolski.pl\/stockholm\/pl\/2022\/09\/14\/koncert-fortepianowy\/#primaryimage\"},\"image\":[\"https:\/\/instytutpolski.pl\/stockholm\/wp-content\/uploads\/sites\/17\/2022\/09\/306515873_3212134332385710_6350590975003867085_n-1.jpg\",\"https:\/\/instytutpolski.pl\/stockholm\/wp-content\/uploads\/sites\/17\/2022\/09\/306515873_3212134332385710_6350590975003867085_n-1-300x200.jpg\",\"https:\/\/instytutpolski.pl\/stockholm\/wp-content\/uploads\/sites\/17\/2022\/09\/306515873_3212134332385710_6350590975003867085_n-1-1024x683.jpg\",\"https:\/\/instytutpolski.pl\/stockholm\/wp-content\/uploads\/sites\/17\/2022\/09\/306515873_3212134332385710_6350590975003867085_n-1.jpg\"],\"thumbnailUrl\":\"https:\/\/instytutpolski.pl\/stockholm\/wp-content\/uploads\/sites\/17\/2022\/09\/306515873_3212134332385710_6350590975003867085_n-1.jpg\",\"datePublished\":\"2022-09-14T12:00:28+02:00\",\"dateModified\":\"2022-09-16T14:20:30+02:00\",\"author\":{\"@id\":\"https:\/\/instytutpolski.pl\/stockholm\/#\/schema\/person\/7ae5b648ad5b668317f2c61f4c4c2309\"},\"description\":\"Koncert fortepianowy zosta\u0142 zorganizowany przez Instytut Polski w Sztokholmie i Ambasad\u0119 RP z okazji Roku Romantyzmu i oddania ho\u0142du urodzonemu 140 lat temu Karolowi Szymanowskiemu i zmar\u0142emu 40 lat temu Arturowi Rubinsteinowi.\\nKarol Szymanowski urodzi\u0142 si\u0119 3 pa\u017adziernika 1992 roku w Tymosz\u00f3wce i od najm\u0142odszych lat mia\u0142 kontakt z muzyk\u0105 zachodnioeuropejsk\u0105 autorstwa Bacha, Mozarta czy Chopina. Jego najwcze\u015bniej wydane utwory zosta\u0142y napisane na fortepian. Nale\u017ca\u0142 do grupy kompozytor\u00f3w M\u0142odej Polski. \u00a0Szymanowski zmar\u0142 na gru\u017alic\u0119 w wieku 55 lat i zosta\u0142 pochowany w Krakowie. Nabo\u017ce\u0144stwo \u017ca\u0142obne odby\u0142o si\u0119 w ko\u015bciele Mariackim. Do dzisiaj natomiast uznawany jest za jednego z najwybitniejszych polskich kompozytor\u00f3w.\\nArtur Rubinstein urodzi\u0142 si\u0119 28 stycznie 1887 roku w \u0141odzi, a zmar\u0142 20 grudnia 1982 roku w Genewie. By\u0142 on polskim pianist\u0105 \u017cydowskiego pochodzenia. Swoje pierwsze lekcji gry na fortepiania pobiera\u0142 u Adolfa Prechnera w \u0141odzi, lecz po raz pierwszy wyst\u0105pi\u0142 przed pibliczno\u015bci\u0105 w berli\u0144skiej Beethoven-Saal. Podczas swojej fortepianowej kariery wyst\u0119powa\u0142 mi\u0119dzy innymi w Polsce, Francji, Stanach Zjednoczonych i wielu krajach Ameryki Po\u0142udniowej. Rubinstein by\u0142 jednym z najwi\u0119kszych wirtuoz\u00f3w fortepianu XX wieku.\\nW\u015br\u00f3d znakomitych go\u015bci koncertu fortepianowego w Rezydencji Ambasador RP znalaz\u0142o si\u0119 siedmiu ambasador\u00f3w \u2013 z Polski, Portugalii, Szwajcarii, Ukrainy, Chorwacji, Rumunii, Japonii i Izraela, dyplomaci i przedstawiciele instytucji kultury m.in. ze Szwecji, Norwegii, Czech, Litwy, W\u0119gier, Ukrainy, Hiszpanii i S\u0142owacji. Uczestniczyli tak\u017ce przedstawiciele Polonii w Szwecji. Joanna Goranko wyr\u00f3\u017cni\u0142a si\u0119 i spotka\u0142a si\u0119 z gromkimi brawami, a pokazany podczas wieczoru film o Arturze Rubinsteinie wzbudzi\u0142 ogromne zainteresowanie publiczno\u015bci.\\n\u015alemy serdeczne podzi\u0119kowania wszystkim przyby\u0142ym na koncert fortepianowy i pokaz filmu!\\nzdj\u0119cia: Pawe\u0142 Kania NordFOTO\\nSerdecznie polecamy artyku\u0142 na temat Mi\u0119dzynarodowego Konkursu Chopinowskiego w Warszawie.\",\"breadcrumb\":{\"@id\":\"https:\/\/instytutpolski.pl\/stockholm\/pl\/2022\/09\/14\/koncert-fortepianowy\/#breadcrumb\"},\"inLanguage\":\"pl-PL\",\"potentialAction\":[{\"@type\":\"ReadAction\",\"target\":[\"https:\/\/instytutpolski.pl\/stockholm\/pl\/2022\/09\/14\/koncert-fortepianowy\/\"]}],\"@context\":\"https:\/\/schema.org\",\"startDate\":\"2022-09-09\",\"endDate\":\"2022-09-09\",\"eventStatus\":\"EventScheduled\",\"eventAttendanceMode\":\"OfflineEventAttendanceMode\",\"location\":{\"@type\":\"place\",\"name\":\"\",\"address\":\"\",\"geo\":{\"@type\":\"GeoCoordinates\",\"latitude\":\"\",\"longitude\":\"\"}}},{\"@type\":\"ImageObject\",\"inLanguage\":\"pl-PL\",\"@id\":\"https:\/\/instytutpolski.pl\/stockholm\/pl\/2022\/09\/14\/koncert-fortepianowy\/#primaryimage\",\"url\":\"https:\/\/instytutpolski.pl\/stockholm\/wp-content\/uploads\/sites\/17\/2022\/09\/306515873_3212134332385710_6350590975003867085_n-1.jpg\",\"contentUrl\":\"https:\/\/instytutpolski.pl\/stockholm\/wp-content\/uploads\/sites\/17\/2022\/09\/306515873_3212134332385710_6350590975003867085_n-1.jpg\",\"width\":2048,\"height\":1366},{\"@type\":\"BreadcrumbList\",\"@id\":\"https:\/\/instytutpolski.pl\/stockholm\/pl\/2022\/09\/14\/koncert-fortepianowy\/#breadcrumb\",\"itemListElement\":[{\"@type\":\"ListItem\",\"position\":1,\"name\":\"Home\",\"item\":\"https:\/\/instytutpolski.pl\/stockholm\/\"},{\"@type\":\"ListItem\",\"position\":2,\"name\":\"Wiecz\u00f3r z muzyk\u0105 Karola Szymanowskiego i Fryderyka Chopina\"}]},{\"@type\":\"WebSite\",\"@id\":\"https:\/\/instytutpolski.pl\/stockholm\/#website\",\"url\":\"https:\/\/instytutpolski.pl\/stockholm\/\",\"name\":\"Instytut Polski w Sztokholmie\",\"description\":\"Instytuty Polskie\",\"potentialAction\":[{\"@type\":\"SearchAction\",\"target\":{\"@type\":\"EntryPoint\",\"urlTemplate\":\"https:\/\/instytutpolski.pl\/stockholm\/?s={search_term_string}\"},\"query-input\":{\"@type\":\"PropertyValueSpecification\",\"valueRequired\":true,\"valueName\":\"search_term_string\"}}],\"inLanguage\":\"pl-PL\"},{\"@type\":\"Person\",\"@id\":\"https:\/\/instytutpolski.pl\/stockholm\/#\/schema\/person\/7ae5b648ad5b668317f2c61f4c4c2309\",\"name\":\"jamrozd\",\"image\":{\"@type\":\"ImageObject\",\"inLanguage\":\"pl-PL\",\"@id\":\"https:\/\/instytutpolski.pl\/stockholm\/#\/schema\/person\/image\/\",\"url\":\"https:\/\/secure.gravatar.com\/avatar\/c1c5917a1bc826edf7e3470210bd57a6?s=96&d=mm&r=g\",\"contentUrl\":\"https:\/\/secure.gravatar.com\/avatar\/c1c5917a1bc826edf7e3470210bd57a6?s=96&d=mm&r=g\",\"caption\":\"jamrozd\"},\"url\":\"https:\/\/instytutpolski.pl\/stockholm\/author\/jamrozd\/\"}]}<\/script>\n<!-- \/ Yoast SEO plugin. -->","yoast_head_json":{"title":"Wiecz\u00f3r z muzyk\u0105 Karola Szymanowskiego i Fryderyka Chopina - Instytut Polski w Sztokholmie","description":"Polska pianistka Joanna Goranko da\u0142a genialny koncert fortepianowy w rezydencji Ambasador RP Joanny Hofman 9 wrze\u015bnia.","robots":{"index":"index","follow":"follow","max-snippet":"max-snippet:-1","max-image-preview":"max-image-preview:large","max-video-preview":"max-video-preview:-1"},"canonical":"https:\/\/instytutpolski.pl\/stockholm\/pl\/2022\/09\/14\/koncert-fortepianowy\/","og_locale":"pl_PL","og_type":"article","og_title":"Wiecz\u00f3r z muzyk\u0105 Karola Szymanowskiego i Fryderyka Chopina - Instytut Polski w Sztokholmie","og_description":"Polska pianistka Joanna Goranko da\u0142a genialny koncert fortepianowy w rezydencji Ambasador RP Joanny Hofman 9 wrze\u015bnia.","og_url":"https:\/\/instytutpolski.pl\/stockholm\/pl\/2022\/09\/14\/koncert-fortepianowy\/","og_site_name":"Instytut Polski w Sztokholmie","article_published_time":"2022-09-14T12:00:28+00:00","article_modified_time":"2022-09-16T14:20:30+00:00","og_image":[{"width":2048,"height":1366,"url":"https:\/\/instytutpolski.pl\/stockholm\/wp-content\/uploads\/sites\/17\/2022\/09\/306515873_3212134332385710_6350590975003867085_n-1.jpg","type":"image\/jpeg"}],"author":"jamrozd","twitter_card":"summary_large_image","twitter_misc":{"Napisane przez":"jamrozd","Szacowany czas czytania":"4 minuty"},"schema":{"@context":"https:\/\/schema.org","@graph":[{"@type":"event","@id":"https:\/\/instytutpolski.pl\/stockholm\/pl\/2022\/09\/14\/koncert-fortepianowy\/","url":"https:\/\/instytutpolski.pl\/stockholm\/pl\/2022\/09\/14\/koncert-fortepianowy\/","name":"Wiecz\u00f3r z muzyk\u0105 Karola Szymanowskiego i Fryderyka Chopina","isPartOf":{"@id":"https:\/\/instytutpolski.pl\/stockholm\/#website"},"primaryImageOfPage":{"@id":"https:\/\/instytutpolski.pl\/stockholm\/pl\/2022\/09\/14\/koncert-fortepianowy\/#primaryimage"},"image":["https:\/\/instytutpolski.pl\/stockholm\/wp-content\/uploads\/sites\/17\/2022\/09\/306515873_3212134332385710_6350590975003867085_n-1.jpg","https:\/\/instytutpolski.pl\/stockholm\/wp-content\/uploads\/sites\/17\/2022\/09\/306515873_3212134332385710_6350590975003867085_n-1-300x200.jpg","https:\/\/instytutpolski.pl\/stockholm\/wp-content\/uploads\/sites\/17\/2022\/09\/306515873_3212134332385710_6350590975003867085_n-1-1024x683.jpg","https:\/\/instytutpolski.pl\/stockholm\/wp-content\/uploads\/sites\/17\/2022\/09\/306515873_3212134332385710_6350590975003867085_n-1.jpg"],"thumbnailUrl":"https:\/\/instytutpolski.pl\/stockholm\/wp-content\/uploads\/sites\/17\/2022\/09\/306515873_3212134332385710_6350590975003867085_n-1.jpg","datePublished":"2022-09-14T12:00:28+02:00","dateModified":"2022-09-16T14:20:30+02:00","author":{"@id":"https:\/\/instytutpolski.pl\/stockholm\/#\/schema\/person\/7ae5b648ad5b668317f2c61f4c4c2309"},"description":"Koncert fortepianowy zosta\u0142 zorganizowany przez Instytut Polski w Sztokholmie i Ambasad\u0119 RP z okazji Roku Romantyzmu i oddania ho\u0142du urodzonemu 140 lat temu Karolowi Szymanowskiemu i zmar\u0142emu 40 lat temu Arturowi Rubinsteinowi.\nKarol Szymanowski urodzi\u0142 si\u0119 3 pa\u017adziernika 1992 roku w Tymosz\u00f3wce i od najm\u0142odszych lat mia\u0142 kontakt z muzyk\u0105 zachodnioeuropejsk\u0105 autorstwa Bacha, Mozarta czy Chopina. Jego najwcze\u015bniej wydane utwory zosta\u0142y napisane na fortepian. Nale\u017ca\u0142 do grupy kompozytor\u00f3w M\u0142odej Polski. \u00a0Szymanowski zmar\u0142 na gru\u017alic\u0119 w wieku 55 lat i zosta\u0142 pochowany w Krakowie. Nabo\u017ce\u0144stwo \u017ca\u0142obne odby\u0142o si\u0119 w ko\u015bciele Mariackim. Do dzisiaj natomiast uznawany jest za jednego z najwybitniejszych polskich kompozytor\u00f3w.\nArtur Rubinstein urodzi\u0142 si\u0119 28 stycznie 1887 roku w \u0141odzi, a zmar\u0142 20 grudnia 1982 roku w Genewie. By\u0142 on polskim pianist\u0105 \u017cydowskiego pochodzenia. Swoje pierwsze lekcji gry na fortepiania pobiera\u0142 u Adolfa Prechnera w \u0141odzi, lecz po raz pierwszy wyst\u0105pi\u0142 przed pibliczno\u015bci\u0105 w berli\u0144skiej Beethoven-Saal. Podczas swojej fortepianowej kariery wyst\u0119powa\u0142 mi\u0119dzy innymi w Polsce, Francji, Stanach Zjednoczonych i wielu krajach Ameryki Po\u0142udniowej. Rubinstein by\u0142 jednym z najwi\u0119kszych wirtuoz\u00f3w fortepianu XX wieku.\nW\u015br\u00f3d znakomitych go\u015bci koncertu fortepianowego w Rezydencji Ambasador RP znalaz\u0142o si\u0119 siedmiu ambasador\u00f3w \u2013 z Polski, Portugalii, Szwajcarii, Ukrainy, Chorwacji, Rumunii, Japonii i Izraela, dyplomaci i przedstawiciele instytucji kultury m.in. ze Szwecji, Norwegii, Czech, Litwy, W\u0119gier, Ukrainy, Hiszpanii i S\u0142owacji. Uczestniczyli tak\u017ce przedstawiciele Polonii w Szwecji. Joanna Goranko wyr\u00f3\u017cni\u0142a si\u0119 i spotka\u0142a si\u0119 z gromkimi brawami, a pokazany podczas wieczoru film o Arturze Rubinsteinie wzbudzi\u0142 ogromne zainteresowanie publiczno\u015bci.\n\u015alemy serdeczne podzi\u0119kowania wszystkim przyby\u0142ym na koncert fortepianowy i pokaz filmu!\nzdj\u0119cia: Pawe\u0142 Kania NordFOTO\nSerdecznie polecamy artyku\u0142 na temat Mi\u0119dzynarodowego Konkursu Chopinowskiego w Warszawie.","breadcrumb":{"@id":"https:\/\/instytutpolski.pl\/stockholm\/pl\/2022\/09\/14\/koncert-fortepianowy\/#breadcrumb"},"inLanguage":"pl-PL","potentialAction":[{"@type":"ReadAction","target":["https:\/\/instytutpolski.pl\/stockholm\/pl\/2022\/09\/14\/koncert-fortepianowy\/"]}],"@context":"https:\/\/schema.org","startDate":"2022-09-09","endDate":"2022-09-09","eventStatus":"EventScheduled","eventAttendanceMode":"OfflineEventAttendanceMode","location":{"@type":"place","name":"","address":"","geo":{"@type":"GeoCoordinates","latitude":"","longitude":""}}},{"@type":"ImageObject","inLanguage":"pl-PL","@id":"https:\/\/instytutpolski.pl\/stockholm\/pl\/2022\/09\/14\/koncert-fortepianowy\/#primaryimage","url":"https:\/\/instytutpolski.pl\/stockholm\/wp-content\/uploads\/sites\/17\/2022\/09\/306515873_3212134332385710_6350590975003867085_n-1.jpg","contentUrl":"https:\/\/instytutpolski.pl\/stockholm\/wp-content\/uploads\/sites\/17\/2022\/09\/306515873_3212134332385710_6350590975003867085_n-1.jpg","width":2048,"height":1366},{"@type":"BreadcrumbList","@id":"https:\/\/instytutpolski.pl\/stockholm\/pl\/2022\/09\/14\/koncert-fortepianowy\/#breadcrumb","itemListElement":[{"@type":"ListItem","position":1,"name":"Home","item":"https:\/\/instytutpolski.pl\/stockholm\/"},{"@type":"ListItem","position":2,"name":"Wiecz\u00f3r z muzyk\u0105 Karola Szymanowskiego i Fryderyka Chopina"}]},{"@type":"WebSite","@id":"https:\/\/instytutpolski.pl\/stockholm\/#website","url":"https:\/\/instytutpolski.pl\/stockholm\/","name":"Instytut Polski w Sztokholmie","description":"Instytuty Polskie","potentialAction":[{"@type":"SearchAction","target":{"@type":"EntryPoint","urlTemplate":"https:\/\/instytutpolski.pl\/stockholm\/?s={search_term_string}"},"query-input":{"@type":"PropertyValueSpecification","valueRequired":true,"valueName":"search_term_string"}}],"inLanguage":"pl-PL"},{"@type":"Person","@id":"https:\/\/instytutpolski.pl\/stockholm\/#\/schema\/person\/7ae5b648ad5b668317f2c61f4c4c2309","name":"jamrozd","image":{"@type":"ImageObject","inLanguage":"pl-PL","@id":"https:\/\/instytutpolski.pl\/stockholm\/#\/schema\/person\/image\/","url":"https:\/\/secure.gravatar.com\/avatar\/c1c5917a1bc826edf7e3470210bd57a6?s=96&d=mm&r=g","contentUrl":"https:\/\/secure.gravatar.com\/avatar\/c1c5917a1bc826edf7e3470210bd57a6?s=96&d=mm&r=g","caption":"jamrozd"},"url":"https:\/\/instytutpolski.pl\/stockholm\/author\/jamrozd\/"}]}},"_links":{"self":[{"href":"https:\/\/instytutpolski.pl\/stockholm\/wp-json\/wp\/v2\/posts\/9142","targetHints":{"allow":["GET"]}}],"collection":[{"href":"https:\/\/instytutpolski.pl\/stockholm\/wp-json\/wp\/v2\/posts"}],"about":[{"href":"https:\/\/instytutpolski.pl\/stockholm\/wp-json\/wp\/v2\/types\/post"}],"author":[{"embeddable":true,"href":"https:\/\/instytutpolski.pl\/stockholm\/wp-json\/wp\/v2\/users\/172"}],"replies":[{"embeddable":true,"href":"https:\/\/instytutpolski.pl\/stockholm\/wp-json\/wp\/v2\/comments?post=9142"}],"version-history":[{"count":3,"href":"https:\/\/instytutpolski.pl\/stockholm\/wp-json\/wp\/v2\/posts\/9142\/revisions"}],"predecessor-version":[{"id":9150,"href":"https:\/\/instytutpolski.pl\/stockholm\/wp-json\/wp\/v2\/posts\/9142\/revisions\/9150"}],"wp:featuredmedia":[{"embeddable":true,"href":"https:\/\/instytutpolski.pl\/stockholm\/wp-json\/wp\/v2\/media\/9122"}],"wp:attachment":[{"href":"https:\/\/instytutpolski.pl\/stockholm\/wp-json\/wp\/v2\/media?parent=9142"}],"wp:term":[{"taxonomy":"category","embeddable":true,"href":"https:\/\/instytutpolski.pl\/stockholm\/wp-json\/wp\/v2\/categories?post=9142"},{"taxonomy":"post_tag","embeddable":true,"href":"https:\/\/instytutpolski.pl\/stockholm\/wp-json\/wp\/v2\/tags?post=9142"}],"curies":[{"name":"wp","href":"https:\/\/api.w.org\/{rel}","templated":true}]}}