{"id":9402,"date":"2022-10-03T16:55:08","date_gmt":"2022-10-03T14:55:08","guid":{"rendered":"https:\/\/instytutpolski.pl\/stockholm\/?p=9402"},"modified":"2022-10-04T13:51:57","modified_gmt":"2022-10-04T11:51:57","slug":"fotoreportaz-polscy-pisarze-na-targach-ksiazki-w-goteborgu-2022a","status":"publish","type":"post","link":"https:\/\/instytutpolski.pl\/stockholm\/pl\/2022\/10\/03\/fotoreportaz-polscy-pisarze-na-targach-ksiazki-w-goteborgu-2022a\/","title":{"rendered":"Fotoreporta\u017c: Polscy pisarze na Targach Ksi\u0105\u017cki w G\u00f6teborgu 2022"},"content":{"rendered":"\n<p>Polski poeta Krzysztof Siwczyk uczestniczy\u0142 w programie Targ\u00f3w Ksi\u0105\u017cki \u201eRum f\u00f6r poesi\u201d (Pok\u00f3j poezji), w ramach kt\u00f3rego publiczno\u015b\u0107 mia\u0142a okazj\u0119 us\u0142ysze\u0107 poet\u0119 czytaj\u0105cego swoj\u0105 poezj\u0119. Wiersze Krzysztofa zosta\u0142y r\u00f3wnie\u017c przeczytane w szwedzkim przek\u0142adzie przez t\u0142umacza Mikaela Nydahla. Poezj\u0119 mo\u017cna by\u0142o r\u00f3wnie\u017c us\u0142ysze\u0107 na stoisku EUNIC, gdzie Krzysztof Siwczyk wraz z t\u0142umaczem Julianem Birbrajerem odczytali wiersze z nowego zbioru wierszy \u201eJasnopis i inne wiersze\u201d (<em>Klarskrift och andra dikter<\/em>, Prosak F\u00f6rlag, 2022).<\/p>\n\n\n\n<p>W ramach trzeciego dnia tegorocznych Targ\u00f3w Ksi\u0105\u017cki polski autor Marcin Wicha wzi\u0105\u0142 udzia\u0142 w seminarium, pt. \u201eSamotno\u015b\u0107 i izolacja \u2013 wolno\u015b\u0107 czy wi\u0119zienie?\u201d, gdzie wraz z autorami: Corin\u0105 Oproae (Rumunia) i Andre\u0105 Winkler (Austria) oraz krytyczk\u0105 literack\u0105 Annin\u0105 Rabe dyskutowa\u0142 o tym, jak poj\u0119cie samotno\u015bci zmieni\u0142o z up\u0142ywem czasu swoje znaczenie oraz jak do\u015bwiadczenie samotno\u015bci r\u00f3\u017cni si\u0119 w zale\u017cno\u015bci od kontekstu. Nast\u0119pnie Marcin Wicha rozmawia\u0142 z t\u0142umaczk\u0105 Patrici\u0105 Cukrowsk\u0105 w ramach spotkania na stoisku EUNIC Stockholm na temat ksi\u0105\u017cki \u201eRzeczy, kt\u00f3rych nie wyrzuci\u0142em\u201d, opublikowanej w maju 2022 w szwedzkim przek\u0142adzie przez wydawnictwo Prosak F\u00f6rlag (Sakerna jag inte sl\u00e4ngde, 2022).<\/p>\n\n\n\n<p>Jeszcze raz dzi\u0119kujemy wszystkim, kt\u00f3rzy wzi\u0119li udzia\u0142 w tych literackich wydarzeniach, Targom Ksi\u0105\u017cki w G\u00f6teborgu, organizacji EUNIC Stockholm oraz wydawnictwu Prosak F\u00f6rlag! W szczeg\u00f3lno\u015bci pragniemy podzi\u0119kowa\u0107 fantastycznym polskim autorom Marcinowi&nbsp; i Krzysztofowi oraz wspania\u0142ym t\u0142umaczom Julianowi i Patrici!<\/p>\n\n\n\n<pre class=\"wp-block-verse\"><\/pre>\n\n\n\n<figure class=\"wp-block-gallery has-nested-images columns-default is-cropped wp-block-gallery-1 is-layout-flex wp-block-gallery-is-layout-flex\">\n<figure class=\"wp-block-image size-large\"><img loading=\"lazy\" decoding=\"async\" width=\"2560\" height=\"1958\" data-id=\"9374\" src=\"https:\/\/instytutpolski.pl\/stockholm\/wp-content\/uploads\/sites\/17\/2022\/10\/22.09a-scaled.jpg\" alt=\"\" class=\"wp-image-9374\" srcset=\"https:\/\/instytutpolski.pl\/stockholm\/wp-content\/uploads\/sites\/17\/2022\/10\/22.09a-scaled.jpg 2560w, https:\/\/instytutpolski.pl\/stockholm\/wp-content\/uploads\/sites\/17\/2022\/10\/22.09a-300x229.jpg 300w, https:\/\/instytutpolski.pl\/stockholm\/wp-content\/uploads\/sites\/17\/2022\/10\/22.09a-1024x783.jpg 1024w, https:\/\/instytutpolski.pl\/stockholm\/wp-content\/uploads\/sites\/17\/2022\/10\/22.09a-768x588.jpg 768w, https:\/\/instytutpolski.pl\/stockholm\/wp-content\/uploads\/sites\/17\/2022\/10\/22.09a-1536x1175.jpg 1536w, https:\/\/instytutpolski.pl\/stockholm\/wp-content\/uploads\/sites\/17\/2022\/10\/22.09a-2048x1567.jpg 2048w\" sizes=\"auto, (max-width: 2560px) 100vw, 2560px\" \/><\/figure>\n<\/figure>\n\n\n\n<figure class=\"wp-block-gallery has-nested-images columns-default is-cropped wp-block-gallery-2 is-layout-flex wp-block-gallery-is-layout-flex\">\n<figure class=\"wp-block-image size-large\"><img loading=\"lazy\" decoding=\"async\" width=\"2560\" height=\"1920\" data-id=\"9378\" src=\"https:\/\/instytutpolski.pl\/stockholm\/wp-content\/uploads\/sites\/17\/2022\/10\/23.09b-scaled.jpg\" alt=\"\" class=\"wp-image-9378\" srcset=\"https:\/\/instytutpolski.pl\/stockholm\/wp-content\/uploads\/sites\/17\/2022\/10\/23.09b-scaled.jpg 2560w, https:\/\/instytutpolski.pl\/stockholm\/wp-content\/uploads\/sites\/17\/2022\/10\/23.09b-300x225.jpg 300w, https:\/\/instytutpolski.pl\/stockholm\/wp-content\/uploads\/sites\/17\/2022\/10\/23.09b-1024x768.jpg 1024w, https:\/\/instytutpolski.pl\/stockholm\/wp-content\/uploads\/sites\/17\/2022\/10\/23.09b-768x576.jpg 768w, https:\/\/instytutpolski.pl\/stockholm\/wp-content\/uploads\/sites\/17\/2022\/10\/23.09b-1536x1152.jpg 1536w, https:\/\/instytutpolski.pl\/stockholm\/wp-content\/uploads\/sites\/17\/2022\/10\/23.09b-2048x1536.jpg 2048w\" sizes=\"auto, (max-width: 2560px) 100vw, 2560px\" \/><\/figure>\n\n\n\n<figure class=\"wp-block-image size-large\"><img loading=\"lazy\" decoding=\"async\" width=\"2560\" height=\"1816\" data-id=\"9376\" src=\"https:\/\/instytutpolski.pl\/stockholm\/wp-content\/uploads\/sites\/17\/2022\/10\/23.09-scaled.jpg\" alt=\"\" class=\"wp-image-9376\" srcset=\"https:\/\/instytutpolski.pl\/stockholm\/wp-content\/uploads\/sites\/17\/2022\/10\/23.09-scaled.jpg 2560w, https:\/\/instytutpolski.pl\/stockholm\/wp-content\/uploads\/sites\/17\/2022\/10\/23.09-300x213.jpg 300w, https:\/\/instytutpolski.pl\/stockholm\/wp-content\/uploads\/sites\/17\/2022\/10\/23.09-1024x726.jpg 1024w, https:\/\/instytutpolski.pl\/stockholm\/wp-content\/uploads\/sites\/17\/2022\/10\/23.09-768x545.jpg 768w, https:\/\/instytutpolski.pl\/stockholm\/wp-content\/uploads\/sites\/17\/2022\/10\/23.09-1536x1089.jpg 1536w, https:\/\/instytutpolski.pl\/stockholm\/wp-content\/uploads\/sites\/17\/2022\/10\/23.09-2048x1452.jpg 2048w\" sizes=\"auto, (max-width: 2560px) 100vw, 2560px\" \/><\/figure>\n\n\n\n<figure class=\"wp-block-image size-large\"><img loading=\"lazy\" decoding=\"async\" width=\"2560\" height=\"1920\" data-id=\"9379\" src=\"https:\/\/instytutpolski.pl\/stockholm\/wp-content\/uploads\/sites\/17\/2022\/10\/23.09c-scaled.jpg\" alt=\"\" class=\"wp-image-9379\" srcset=\"https:\/\/instytutpolski.pl\/stockholm\/wp-content\/uploads\/sites\/17\/2022\/10\/23.09c-scaled.jpg 2560w, https:\/\/instytutpolski.pl\/stockholm\/wp-content\/uploads\/sites\/17\/2022\/10\/23.09c-300x225.jpg 300w, https:\/\/instytutpolski.pl\/stockholm\/wp-content\/uploads\/sites\/17\/2022\/10\/23.09c-1024x768.jpg 1024w, https:\/\/instytutpolski.pl\/stockholm\/wp-content\/uploads\/sites\/17\/2022\/10\/23.09c-768x576.jpg 768w, https:\/\/instytutpolski.pl\/stockholm\/wp-content\/uploads\/sites\/17\/2022\/10\/23.09c-1536x1152.jpg 1536w, https:\/\/instytutpolski.pl\/stockholm\/wp-content\/uploads\/sites\/17\/2022\/10\/23.09c-2048x1536.jpg 2048w\" sizes=\"auto, (max-width: 2560px) 100vw, 2560px\" \/><\/figure>\n<\/figure>\n\n\n\n<figure class=\"wp-block-gallery has-nested-images columns-default is-cropped wp-block-gallery-3 is-layout-flex wp-block-gallery-is-layout-flex\">\n<figure class=\"wp-block-image size-large\"><img loading=\"lazy\" decoding=\"async\" width=\"2560\" height=\"1920\" data-id=\"9377\" src=\"https:\/\/instytutpolski.pl\/stockholm\/wp-content\/uploads\/sites\/17\/2022\/10\/23.09a-scaled.jpg\" alt=\"\" class=\"wp-image-9377\" srcset=\"https:\/\/instytutpolski.pl\/stockholm\/wp-content\/uploads\/sites\/17\/2022\/10\/23.09a-scaled.jpg 2560w, https:\/\/instytutpolski.pl\/stockholm\/wp-content\/uploads\/sites\/17\/2022\/10\/23.09a-300x225.jpg 300w, https:\/\/instytutpolski.pl\/stockholm\/wp-content\/uploads\/sites\/17\/2022\/10\/23.09a-1024x768.jpg 1024w, https:\/\/instytutpolski.pl\/stockholm\/wp-content\/uploads\/sites\/17\/2022\/10\/23.09a-768x576.jpg 768w, https:\/\/instytutpolski.pl\/stockholm\/wp-content\/uploads\/sites\/17\/2022\/10\/23.09a-1536x1152.jpg 1536w, https:\/\/instytutpolski.pl\/stockholm\/wp-content\/uploads\/sites\/17\/2022\/10\/23.09a-2048x1536.jpg 2048w\" sizes=\"auto, (max-width: 2560px) 100vw, 2560px\" \/><\/figure>\n\n\n\n<figure class=\"wp-block-image size-large\"><img loading=\"lazy\" decoding=\"async\" width=\"2560\" height=\"1430\" data-id=\"9375\" src=\"https:\/\/instytutpolski.pl\/stockholm\/wp-content\/uploads\/sites\/17\/2022\/10\/22.09b-scaled.jpg\" alt=\"\" class=\"wp-image-9375\" srcset=\"https:\/\/instytutpolski.pl\/stockholm\/wp-content\/uploads\/sites\/17\/2022\/10\/22.09b-scaled.jpg 2560w, https:\/\/instytutpolski.pl\/stockholm\/wp-content\/uploads\/sites\/17\/2022\/10\/22.09b-300x168.jpg 300w, https:\/\/instytutpolski.pl\/stockholm\/wp-content\/uploads\/sites\/17\/2022\/10\/22.09b-1024x572.jpg 1024w, https:\/\/instytutpolski.pl\/stockholm\/wp-content\/uploads\/sites\/17\/2022\/10\/22.09b-768x429.jpg 768w, https:\/\/instytutpolski.pl\/stockholm\/wp-content\/uploads\/sites\/17\/2022\/10\/22.09b-1536x858.jpg 1536w, https:\/\/instytutpolski.pl\/stockholm\/wp-content\/uploads\/sites\/17\/2022\/10\/22.09b-2048x1144.jpg 2048w\" sizes=\"auto, (max-width: 2560px) 100vw, 2560px\" \/><\/figure>\n\n\n\n<figure class=\"wp-block-image size-large\"><img loading=\"lazy\" decoding=\"async\" width=\"2560\" height=\"1920\" data-id=\"9380\" src=\"https:\/\/instytutpolski.pl\/stockholm\/wp-content\/uploads\/sites\/17\/2022\/10\/23.09d-scaled.jpg\" alt=\"\" class=\"wp-image-9380\" srcset=\"https:\/\/instytutpolski.pl\/stockholm\/wp-content\/uploads\/sites\/17\/2022\/10\/23.09d-scaled.jpg 2560w, https:\/\/instytutpolski.pl\/stockholm\/wp-content\/uploads\/sites\/17\/2022\/10\/23.09d-300x225.jpg 300w, https:\/\/instytutpolski.pl\/stockholm\/wp-content\/uploads\/sites\/17\/2022\/10\/23.09d-1024x768.jpg 1024w, https:\/\/instytutpolski.pl\/stockholm\/wp-content\/uploads\/sites\/17\/2022\/10\/23.09d-768x576.jpg 768w, https:\/\/instytutpolski.pl\/stockholm\/wp-content\/uploads\/sites\/17\/2022\/10\/23.09d-1536x1152.jpg 1536w, https:\/\/instytutpolski.pl\/stockholm\/wp-content\/uploads\/sites\/17\/2022\/10\/23.09d-2048x1536.jpg 2048w\" sizes=\"auto, (max-width: 2560px) 100vw, 2560px\" \/><\/figure>\n\n\n\n<figure class=\"wp-block-image size-large\"><img loading=\"lazy\" decoding=\"async\" width=\"1920\" height=\"2560\" data-id=\"9381\" src=\"https:\/\/instytutpolski.pl\/stockholm\/wp-content\/uploads\/sites\/17\/2022\/10\/24.09-scaled.jpg\" alt=\"\" class=\"wp-image-9381\" srcset=\"https:\/\/instytutpolski.pl\/stockholm\/wp-content\/uploads\/sites\/17\/2022\/10\/24.09-scaled.jpg 1920w, https:\/\/instytutpolski.pl\/stockholm\/wp-content\/uploads\/sites\/17\/2022\/10\/24.09-225x300.jpg 225w, https:\/\/instytutpolski.pl\/stockholm\/wp-content\/uploads\/sites\/17\/2022\/10\/24.09-768x1024.jpg 768w, https:\/\/instytutpolski.pl\/stockholm\/wp-content\/uploads\/sites\/17\/2022\/10\/24.09-1152x1536.jpg 1152w, https:\/\/instytutpolski.pl\/stockholm\/wp-content\/uploads\/sites\/17\/2022\/10\/24.09-1536x2048.jpg 1536w\" sizes=\"auto, (max-width: 1920px) 100vw, 1920px\" \/><\/figure>\n\n\n\n<figure class=\"wp-block-image size-large\"><img loading=\"lazy\" decoding=\"async\" width=\"1920\" height=\"2560\" data-id=\"9384\" src=\"https:\/\/instytutpolski.pl\/stockholm\/wp-content\/uploads\/sites\/17\/2022\/10\/24.09c-scaled.jpg\" alt=\"\" class=\"wp-image-9384\" srcset=\"https:\/\/instytutpolski.pl\/stockholm\/wp-content\/uploads\/sites\/17\/2022\/10\/24.09c-scaled.jpg 1920w, https:\/\/instytutpolski.pl\/stockholm\/wp-content\/uploads\/sites\/17\/2022\/10\/24.09c-225x300.jpg 225w, https:\/\/instytutpolski.pl\/stockholm\/wp-content\/uploads\/sites\/17\/2022\/10\/24.09c-768x1024.jpg 768w, https:\/\/instytutpolski.pl\/stockholm\/wp-content\/uploads\/sites\/17\/2022\/10\/24.09c-1152x1536.jpg 1152w, https:\/\/instytutpolski.pl\/stockholm\/wp-content\/uploads\/sites\/17\/2022\/10\/24.09c-1536x2048.jpg 1536w\" sizes=\"auto, (max-width: 1920px) 100vw, 1920px\" \/><\/figure>\n\n\n\n<figure class=\"wp-block-image size-large\"><img loading=\"lazy\" decoding=\"async\" width=\"1920\" height=\"2560\" data-id=\"9373\" src=\"https:\/\/instytutpolski.pl\/stockholm\/wp-content\/uploads\/sites\/17\/2022\/10\/22.09-scaled.jpg\" alt=\"\" class=\"wp-image-9373\" srcset=\"https:\/\/instytutpolski.pl\/stockholm\/wp-content\/uploads\/sites\/17\/2022\/10\/22.09-scaled.jpg 1920w, https:\/\/instytutpolski.pl\/stockholm\/wp-content\/uploads\/sites\/17\/2022\/10\/22.09-225x300.jpg 225w, https:\/\/instytutpolski.pl\/stockholm\/wp-content\/uploads\/sites\/17\/2022\/10\/22.09-768x1024.jpg 768w, https:\/\/instytutpolski.pl\/stockholm\/wp-content\/uploads\/sites\/17\/2022\/10\/22.09-1152x1536.jpg 1152w, https:\/\/instytutpolski.pl\/stockholm\/wp-content\/uploads\/sites\/17\/2022\/10\/22.09-1536x2048.jpg 1536w\" sizes=\"auto, (max-width: 1920px) 100vw, 1920px\" \/><\/figure>\n\n\n\n<figure class=\"wp-block-image size-large\"><img loading=\"lazy\" decoding=\"async\" width=\"2560\" height=\"1560\" data-id=\"9390\" src=\"https:\/\/instytutpolski.pl\/stockholm\/wp-content\/uploads\/sites\/17\/2022\/10\/24.09i-scaled.jpg\" alt=\"\" class=\"wp-image-9390\" srcset=\"https:\/\/instytutpolski.pl\/stockholm\/wp-content\/uploads\/sites\/17\/2022\/10\/24.09i-scaled.jpg 2560w, https:\/\/instytutpolski.pl\/stockholm\/wp-content\/uploads\/sites\/17\/2022\/10\/24.09i-300x183.jpg 300w, https:\/\/instytutpolski.pl\/stockholm\/wp-content\/uploads\/sites\/17\/2022\/10\/24.09i-1024x624.jpg 1024w, https:\/\/instytutpolski.pl\/stockholm\/wp-content\/uploads\/sites\/17\/2022\/10\/24.09i-768x468.jpg 768w, https:\/\/instytutpolski.pl\/stockholm\/wp-content\/uploads\/sites\/17\/2022\/10\/24.09i-1536x936.jpg 1536w, https:\/\/instytutpolski.pl\/stockholm\/wp-content\/uploads\/sites\/17\/2022\/10\/24.09i-2048x1248.jpg 2048w\" sizes=\"auto, (max-width: 2560px) 100vw, 2560px\" \/><\/figure>\n\n\n\n<figure class=\"wp-block-image size-large\"><img loading=\"lazy\" decoding=\"async\" width=\"2382\" height=\"1736\" data-id=\"9388\" src=\"https:\/\/instytutpolski.pl\/stockholm\/wp-content\/uploads\/sites\/17\/2022\/10\/24.09g.jpg\" alt=\"\" class=\"wp-image-9388\" srcset=\"https:\/\/instytutpolski.pl\/stockholm\/wp-content\/uploads\/sites\/17\/2022\/10\/24.09g.jpg 2382w, https:\/\/instytutpolski.pl\/stockholm\/wp-content\/uploads\/sites\/17\/2022\/10\/24.09g-300x219.jpg 300w, https:\/\/instytutpolski.pl\/stockholm\/wp-content\/uploads\/sites\/17\/2022\/10\/24.09g-1024x746.jpg 1024w, https:\/\/instytutpolski.pl\/stockholm\/wp-content\/uploads\/sites\/17\/2022\/10\/24.09g-768x560.jpg 768w, https:\/\/instytutpolski.pl\/stockholm\/wp-content\/uploads\/sites\/17\/2022\/10\/24.09g-1536x1119.jpg 1536w, https:\/\/instytutpolski.pl\/stockholm\/wp-content\/uploads\/sites\/17\/2022\/10\/24.09g-2048x1493.jpg 2048w\" sizes=\"auto, (max-width: 2382px) 100vw, 2382px\" \/><\/figure>\n<\/figure>\n\n\n\n<figure class=\"wp-block-gallery has-nested-images columns-default is-cropped wp-block-gallery-4 is-layout-flex wp-block-gallery-is-layout-flex\">\n<figure class=\"wp-block-image size-large\"><img loading=\"lazy\" decoding=\"async\" width=\"2560\" height=\"1398\" data-id=\"9383\" src=\"https:\/\/instytutpolski.pl\/stockholm\/wp-content\/uploads\/sites\/17\/2022\/10\/24.09b-scaled.jpg\" alt=\"\" class=\"wp-image-9383\" srcset=\"https:\/\/instytutpolski.pl\/stockholm\/wp-content\/uploads\/sites\/17\/2022\/10\/24.09b-scaled.jpg 2560w, https:\/\/instytutpolski.pl\/stockholm\/wp-content\/uploads\/sites\/17\/2022\/10\/24.09b-300x164.jpg 300w, https:\/\/instytutpolski.pl\/stockholm\/wp-content\/uploads\/sites\/17\/2022\/10\/24.09b-1024x559.jpg 1024w, https:\/\/instytutpolski.pl\/stockholm\/wp-content\/uploads\/sites\/17\/2022\/10\/24.09b-768x419.jpg 768w, https:\/\/instytutpolski.pl\/stockholm\/wp-content\/uploads\/sites\/17\/2022\/10\/24.09b-1536x839.jpg 1536w, https:\/\/instytutpolski.pl\/stockholm\/wp-content\/uploads\/sites\/17\/2022\/10\/24.09b-2048x1118.jpg 2048w\" sizes=\"auto, (max-width: 2560px) 100vw, 2560px\" \/><\/figure>\n<\/figure>\n","protected":false},"excerpt":{"rendered":"<p>Polski poeta Krzysztof Siwczyk uczestniczy\u0142 w programie Targ\u00f3w Ksi\u0105\u017cki \u201eRum f\u00f6r poesi\u201d (Pok\u00f3j poezji), w ramach kt\u00f3rego publiczno\u015b\u0107 mia\u0142a okazj\u0119 us\u0142ysze\u0107 poet\u0119 czytaj\u0105cego swoj\u0105 poezj\u0119. Wiersze Krzysztofa zosta\u0142y r\u00f3wnie\u017c przeczytane w szwedzkim przek\u0142adzie przez t\u0142umacza Mikaela Nydahla. Poezj\u0119 mo\u017cna by\u0142o r\u00f3wnie\u017c us\u0142ysze\u0107 na stoisku EUNIC, gdzie Krzysztof Siwczyk wraz z t\u0142umaczem Julianem Birbrajerem odczytali wiersze [&hellip;]<\/p>\n","protected":false},"author":173,"featured_media":9390,"comment_status":"closed","ping_status":"closed","sticky":true,"template":"","format":"standard","meta":{"inline_featured_image":false,"_monsterinsights_skip_tracking":false,"_monsterinsights_sitenote_active":false,"_monsterinsights_sitenote_note":"","_monsterinsights_sitenote_category":0,"footnotes":""},"categories":[208],"tags":[],"class_list":["post-9402","post","type-post","status-publish","format-standard","has-post-thumbnail","hentry","category-galeria-pl"],"yoast_head":"<!-- This site is optimized with the Yoast SEO plugin v24.6 - https:\/\/yoast.com\/wordpress\/plugins\/seo\/ -->\n<title>Fotoreporta\u017c: Polscy pisarze na Targach Ksi\u0105\u017cki w G\u00f6teborgu 2022 - Instytut Polski w Sztokholmie<\/title>\n<meta name=\"robots\" content=\"index, follow, max-snippet:-1, max-image-preview:large, max-video-preview:-1\" \/>\n<link rel=\"canonical\" href=\"https:\/\/instytutpolski.pl\/stockholm\/pl\/2022\/10\/03\/fotoreportaz-polscy-pisarze-na-targach-ksiazki-w-goteborgu-2022a\/\" \/>\n<meta property=\"og:locale\" content=\"pl_PL\" \/>\n<meta property=\"og:type\" content=\"article\" \/>\n<meta property=\"og:title\" content=\"Fotoreporta\u017c: Polscy pisarze na Targach Ksi\u0105\u017cki w G\u00f6teborgu 2022 - Instytut Polski w Sztokholmie\" \/>\n<meta property=\"og:description\" content=\"Polski poeta Krzysztof Siwczyk uczestniczy\u0142 w programie Targ\u00f3w Ksi\u0105\u017cki \u201eRum f\u00f6r poesi\u201d (Pok\u00f3j poezji), w ramach kt\u00f3rego publiczno\u015b\u0107 mia\u0142a okazj\u0119 us\u0142ysze\u0107 poet\u0119 czytaj\u0105cego swoj\u0105 poezj\u0119. Wiersze Krzysztofa zosta\u0142y r\u00f3wnie\u017c przeczytane w szwedzkim przek\u0142adzie przez t\u0142umacza Mikaela Nydahla. Poezj\u0119 mo\u017cna by\u0142o r\u00f3wnie\u017c us\u0142ysze\u0107 na stoisku EUNIC, gdzie Krzysztof Siwczyk wraz z t\u0142umaczem Julianem Birbrajerem odczytali wiersze [&hellip;]\" \/>\n<meta property=\"og:url\" content=\"https:\/\/instytutpolski.pl\/stockholm\/pl\/2022\/10\/03\/fotoreportaz-polscy-pisarze-na-targach-ksiazki-w-goteborgu-2022a\/\" \/>\n<meta property=\"og:site_name\" content=\"Instytut Polski w Sztokholmie\" \/>\n<meta property=\"article:published_time\" content=\"2022-10-03T14:55:08+00:00\" \/>\n<meta property=\"article:modified_time\" content=\"2022-10-04T11:51:57+00:00\" \/>\n<meta property=\"og:image\" content=\"https:\/\/instytutpolski.pl\/stockholm\/wp-content\/uploads\/sites\/17\/2022\/10\/24.09i-scaled.jpg\" \/>\n\t<meta property=\"og:image:width\" content=\"2560\" \/>\n\t<meta property=\"og:image:height\" content=\"1560\" \/>\n\t<meta property=\"og:image:type\" content=\"image\/jpeg\" \/>\n<meta name=\"author\" content=\"treichelp\" \/>\n<meta name=\"twitter:card\" content=\"summary_large_image\" \/>\n<meta name=\"twitter:label1\" content=\"Napisane przez\" \/>\n\t<meta name=\"twitter:data1\" content=\"treichelp\" \/>\n\t<meta name=\"twitter:label2\" content=\"Szacowany czas czytania\" \/>\n\t<meta name=\"twitter:data2\" content=\"4 minuty\" \/>\n<script type=\"application\/ld+json\" class=\"yoast-schema-graph\">{\"@context\":\"https:\/\/schema.org\",\"@graph\":[{\"@type\":\"event\",\"@id\":\"https:\/\/instytutpolski.pl\/stockholm\/pl\/2022\/10\/03\/fotoreportaz-polscy-pisarze-na-targach-ksiazki-w-goteborgu-2022a\/\",\"url\":\"https:\/\/instytutpolski.pl\/stockholm\/pl\/2022\/10\/03\/fotoreportaz-polscy-pisarze-na-targach-ksiazki-w-goteborgu-2022a\/\",\"name\":\"Fotoreporta\u017c: Polscy pisarze na Targach Ksi\u0105\u017cki w G\u00f6teborgu 2022\",\"isPartOf\":{\"@id\":\"https:\/\/instytutpolski.pl\/stockholm\/#website\"},\"primaryImageOfPage\":{\"@id\":\"https:\/\/instytutpolski.pl\/stockholm\/pl\/2022\/10\/03\/fotoreportaz-polscy-pisarze-na-targach-ksiazki-w-goteborgu-2022a\/#primaryimage\"},\"image\":[\"https:\/\/instytutpolski.pl\/stockholm\/wp-content\/uploads\/sites\/17\/2022\/10\/24.09i-scaled.jpg\",\"https:\/\/instytutpolski.pl\/stockholm\/wp-content\/uploads\/sites\/17\/2022\/10\/24.09i-300x183.jpg\",\"https:\/\/instytutpolski.pl\/stockholm\/wp-content\/uploads\/sites\/17\/2022\/10\/24.09i-1024x624.jpg\",\"https:\/\/instytutpolski.pl\/stockholm\/wp-content\/uploads\/sites\/17\/2022\/10\/24.09i-scaled.jpg\"],\"thumbnailUrl\":\"https:\/\/instytutpolski.pl\/stockholm\/wp-content\/uploads\/sites\/17\/2022\/10\/24.09i-scaled.jpg\",\"datePublished\":\"2022-10-03T14:55:08+02:00\",\"dateModified\":\"2022-10-04T11:51:57+02:00\",\"author\":{\"@id\":\"https:\/\/instytutpolski.pl\/stockholm\/#\/schema\/person\/866a2c0f4ccf0982a286809684f7bc1e\"},\"breadcrumb\":{\"@id\":\"https:\/\/instytutpolski.pl\/stockholm\/pl\/2022\/10\/03\/fotoreportaz-polscy-pisarze-na-targach-ksiazki-w-goteborgu-2022a\/#breadcrumb\"},\"inLanguage\":\"pl-PL\",\"potentialAction\":[{\"@type\":\"ReadAction\",\"target\":[\"https:\/\/instytutpolski.pl\/stockholm\/pl\/2022\/10\/03\/fotoreportaz-polscy-pisarze-na-targach-ksiazki-w-goteborgu-2022a\/\"]}],\"@context\":\"https:\/\/schema.org\",\"startDate\":\"2022-09-22\",\"endDate\":\"2022-09-25\",\"eventStatus\":\"EventScheduled\",\"eventAttendanceMode\":\"OfflineEventAttendanceMode\",\"location\":{\"@type\":\"place\",\"name\":\"\",\"address\":\"\",\"geo\":{\"@type\":\"GeoCoordinates\",\"latitude\":\"\",\"longitude\":\"\"}},\"description\":\"Polski poeta Krzysztof Siwczyk uczestniczy\u0142 w programie Targ\u00f3w Ksi\u0105\u017cki \u201eRum f\u00f6r poesi\u201d (Pok\u00f3j poezji), w ramach kt\u00f3rego publiczno\u015b\u0107 mia\u0142a okazj\u0119 us\u0142ysze\u0107 poet\u0119 czytaj\u0105cego swoj\u0105 poezj\u0119. Wiersze Krzysztofa zosta\u0142y r\u00f3wnie\u017c przeczytane w szwedzkim przek\u0142adzie przez t\u0142umacza Mikaela Nydahla. Poezj\u0119 mo\u017cna by\u0142o r\u00f3wnie\u017c us\u0142ysze\u0107 na stoisku EUNIC, gdzie Krzysztof Siwczyk wraz z t\u0142umaczem Julianem Birbrajerem odczytali wiersze z nowego zbioru wierszy \u201eJasnopis i inne wiersze\u201d (Klarskrift och andra dikter, Prosak F\u00f6rlag, 2022).\\nW ramach trzeciego dnia tegorocznych Targ\u00f3w Ksi\u0105\u017cki polski autor Marcin Wicha wzi\u0105\u0142 udzia\u0142 w seminarium, pt. \u201eSamotno\u015b\u0107 i izolacja \u2013 wolno\u015b\u0107 czy wi\u0119zienie?\u201d, gdzie wraz z autorami: Corin\u0105 Oproae (Rumunia) i Andre\u0105 Winkler (Austria) oraz krytyczk\u0105 literack\u0105 Annin\u0105 Rabe dyskutowa\u0142 o tym, jak poj\u0119cie samotno\u015bci zmieni\u0142o z up\u0142ywem czasu swoje znaczenie oraz jak do\u015bwiadczenie samotno\u015bci r\u00f3\u017cni si\u0119 w zale\u017cno\u015bci od kontekstu. Nast\u0119pnie Marcin Wicha rozmawia\u0142 z t\u0142umaczk\u0105 Patrici\u0105 Cukrowsk\u0105 w ramach spotkania na stoisku EUNIC Stockholm na temat ksi\u0105\u017cki \u201eRzeczy, kt\u00f3rych nie wyrzuci\u0142em\u201d, opublikowanej w maju 2022 w szwedzkim przek\u0142adzie przez wydawnictwo Prosak F\u00f6rlag (Sakerna jag inte sl\u00e4ngde, 2022).\\nJeszcze raz dzi\u0119kujemy wszystkim, kt\u00f3rzy wzi\u0119li udzia\u0142 w tych literackich wydarzeniach, Targom Ksi\u0105\u017cki w G\u00f6teborgu, organizacji EUNIC Stockholm oraz wydawnictwu Prosak F\u00f6rlag! W szczeg\u00f3lno\u015bci pragniemy podzi\u0119kowa\u0107 fantastycznym polskim autorom Marcinowi  i Krzysztofowi oraz wspania\u0142ym t\u0142umaczom Julianowi i Patrici!\"},{\"@type\":\"ImageObject\",\"inLanguage\":\"pl-PL\",\"@id\":\"https:\/\/instytutpolski.pl\/stockholm\/pl\/2022\/10\/03\/fotoreportaz-polscy-pisarze-na-targach-ksiazki-w-goteborgu-2022a\/#primaryimage\",\"url\":\"https:\/\/instytutpolski.pl\/stockholm\/wp-content\/uploads\/sites\/17\/2022\/10\/24.09i-scaled.jpg\",\"contentUrl\":\"https:\/\/instytutpolski.pl\/stockholm\/wp-content\/uploads\/sites\/17\/2022\/10\/24.09i-scaled.jpg\",\"width\":2560,\"height\":1560},{\"@type\":\"BreadcrumbList\",\"@id\":\"https:\/\/instytutpolski.pl\/stockholm\/pl\/2022\/10\/03\/fotoreportaz-polscy-pisarze-na-targach-ksiazki-w-goteborgu-2022a\/#breadcrumb\",\"itemListElement\":[{\"@type\":\"ListItem\",\"position\":1,\"name\":\"Home\",\"item\":\"https:\/\/instytutpolski.pl\/stockholm\/\"},{\"@type\":\"ListItem\",\"position\":2,\"name\":\"Fotoreporta\u017c: Polscy pisarze na Targach Ksi\u0105\u017cki w G\u00f6teborgu 2022\"}]},{\"@type\":\"WebSite\",\"@id\":\"https:\/\/instytutpolski.pl\/stockholm\/#website\",\"url\":\"https:\/\/instytutpolski.pl\/stockholm\/\",\"name\":\"Instytut Polski w Sztokholmie\",\"description\":\"Instytuty Polskie\",\"potentialAction\":[{\"@type\":\"SearchAction\",\"target\":{\"@type\":\"EntryPoint\",\"urlTemplate\":\"https:\/\/instytutpolski.pl\/stockholm\/?s={search_term_string}\"},\"query-input\":{\"@type\":\"PropertyValueSpecification\",\"valueRequired\":true,\"valueName\":\"search_term_string\"}}],\"inLanguage\":\"pl-PL\"},{\"@type\":\"Person\",\"@id\":\"https:\/\/instytutpolski.pl\/stockholm\/#\/schema\/person\/866a2c0f4ccf0982a286809684f7bc1e\",\"name\":\"treichelp\",\"image\":{\"@type\":\"ImageObject\",\"inLanguage\":\"pl-PL\",\"@id\":\"https:\/\/instytutpolski.pl\/stockholm\/#\/schema\/person\/image\/\",\"url\":\"https:\/\/secure.gravatar.com\/avatar\/fb2c1caae0df0854742a56fc463dd1fb?s=96&d=mm&r=g\",\"contentUrl\":\"https:\/\/secure.gravatar.com\/avatar\/fb2c1caae0df0854742a56fc463dd1fb?s=96&d=mm&r=g\",\"caption\":\"treichelp\"},\"url\":\"https:\/\/instytutpolski.pl\/stockholm\/author\/treichelp\/\"}]}<\/script>\n<!-- \/ Yoast SEO plugin. -->","yoast_head_json":{"title":"Fotoreporta\u017c: Polscy pisarze na Targach Ksi\u0105\u017cki w G\u00f6teborgu 2022 - Instytut Polski w Sztokholmie","robots":{"index":"index","follow":"follow","max-snippet":"max-snippet:-1","max-image-preview":"max-image-preview:large","max-video-preview":"max-video-preview:-1"},"canonical":"https:\/\/instytutpolski.pl\/stockholm\/pl\/2022\/10\/03\/fotoreportaz-polscy-pisarze-na-targach-ksiazki-w-goteborgu-2022a\/","og_locale":"pl_PL","og_type":"article","og_title":"Fotoreporta\u017c: Polscy pisarze na Targach Ksi\u0105\u017cki w G\u00f6teborgu 2022 - Instytut Polski w Sztokholmie","og_description":"Polski poeta Krzysztof Siwczyk uczestniczy\u0142 w programie Targ\u00f3w Ksi\u0105\u017cki \u201eRum f\u00f6r poesi\u201d (Pok\u00f3j poezji), w ramach kt\u00f3rego publiczno\u015b\u0107 mia\u0142a okazj\u0119 us\u0142ysze\u0107 poet\u0119 czytaj\u0105cego swoj\u0105 poezj\u0119. Wiersze Krzysztofa zosta\u0142y r\u00f3wnie\u017c przeczytane w szwedzkim przek\u0142adzie przez t\u0142umacza Mikaela Nydahla. Poezj\u0119 mo\u017cna by\u0142o r\u00f3wnie\u017c us\u0142ysze\u0107 na stoisku EUNIC, gdzie Krzysztof Siwczyk wraz z t\u0142umaczem Julianem Birbrajerem odczytali wiersze [&hellip;]","og_url":"https:\/\/instytutpolski.pl\/stockholm\/pl\/2022\/10\/03\/fotoreportaz-polscy-pisarze-na-targach-ksiazki-w-goteborgu-2022a\/","og_site_name":"Instytut Polski w Sztokholmie","article_published_time":"2022-10-03T14:55:08+00:00","article_modified_time":"2022-10-04T11:51:57+00:00","og_image":[{"width":2560,"height":1560,"url":"https:\/\/instytutpolski.pl\/stockholm\/wp-content\/uploads\/sites\/17\/2022\/10\/24.09i-scaled.jpg","type":"image\/jpeg"}],"author":"treichelp","twitter_card":"summary_large_image","twitter_misc":{"Napisane przez":"treichelp","Szacowany czas czytania":"4 minuty"},"schema":{"@context":"https:\/\/schema.org","@graph":[{"@type":"event","@id":"https:\/\/instytutpolski.pl\/stockholm\/pl\/2022\/10\/03\/fotoreportaz-polscy-pisarze-na-targach-ksiazki-w-goteborgu-2022a\/","url":"https:\/\/instytutpolski.pl\/stockholm\/pl\/2022\/10\/03\/fotoreportaz-polscy-pisarze-na-targach-ksiazki-w-goteborgu-2022a\/","name":"Fotoreporta\u017c: Polscy pisarze na Targach Ksi\u0105\u017cki w G\u00f6teborgu 2022","isPartOf":{"@id":"https:\/\/instytutpolski.pl\/stockholm\/#website"},"primaryImageOfPage":{"@id":"https:\/\/instytutpolski.pl\/stockholm\/pl\/2022\/10\/03\/fotoreportaz-polscy-pisarze-na-targach-ksiazki-w-goteborgu-2022a\/#primaryimage"},"image":["https:\/\/instytutpolski.pl\/stockholm\/wp-content\/uploads\/sites\/17\/2022\/10\/24.09i-scaled.jpg","https:\/\/instytutpolski.pl\/stockholm\/wp-content\/uploads\/sites\/17\/2022\/10\/24.09i-300x183.jpg","https:\/\/instytutpolski.pl\/stockholm\/wp-content\/uploads\/sites\/17\/2022\/10\/24.09i-1024x624.jpg","https:\/\/instytutpolski.pl\/stockholm\/wp-content\/uploads\/sites\/17\/2022\/10\/24.09i-scaled.jpg"],"thumbnailUrl":"https:\/\/instytutpolski.pl\/stockholm\/wp-content\/uploads\/sites\/17\/2022\/10\/24.09i-scaled.jpg","datePublished":"2022-10-03T14:55:08+02:00","dateModified":"2022-10-04T11:51:57+02:00","author":{"@id":"https:\/\/instytutpolski.pl\/stockholm\/#\/schema\/person\/866a2c0f4ccf0982a286809684f7bc1e"},"breadcrumb":{"@id":"https:\/\/instytutpolski.pl\/stockholm\/pl\/2022\/10\/03\/fotoreportaz-polscy-pisarze-na-targach-ksiazki-w-goteborgu-2022a\/#breadcrumb"},"inLanguage":"pl-PL","potentialAction":[{"@type":"ReadAction","target":["https:\/\/instytutpolski.pl\/stockholm\/pl\/2022\/10\/03\/fotoreportaz-polscy-pisarze-na-targach-ksiazki-w-goteborgu-2022a\/"]}],"@context":"https:\/\/schema.org","startDate":"2022-09-22","endDate":"2022-09-25","eventStatus":"EventScheduled","eventAttendanceMode":"OfflineEventAttendanceMode","location":{"@type":"place","name":"","address":"","geo":{"@type":"GeoCoordinates","latitude":"","longitude":""}},"description":"Polski poeta Krzysztof Siwczyk uczestniczy\u0142 w programie Targ\u00f3w Ksi\u0105\u017cki \u201eRum f\u00f6r poesi\u201d (Pok\u00f3j poezji), w ramach kt\u00f3rego publiczno\u015b\u0107 mia\u0142a okazj\u0119 us\u0142ysze\u0107 poet\u0119 czytaj\u0105cego swoj\u0105 poezj\u0119. Wiersze Krzysztofa zosta\u0142y r\u00f3wnie\u017c przeczytane w szwedzkim przek\u0142adzie przez t\u0142umacza Mikaela Nydahla. Poezj\u0119 mo\u017cna by\u0142o r\u00f3wnie\u017c us\u0142ysze\u0107 na stoisku EUNIC, gdzie Krzysztof Siwczyk wraz z t\u0142umaczem Julianem Birbrajerem odczytali wiersze z nowego zbioru wierszy \u201eJasnopis i inne wiersze\u201d (Klarskrift och andra dikter, Prosak F\u00f6rlag, 2022).\nW ramach trzeciego dnia tegorocznych Targ\u00f3w Ksi\u0105\u017cki polski autor Marcin Wicha wzi\u0105\u0142 udzia\u0142 w seminarium, pt. \u201eSamotno\u015b\u0107 i izolacja \u2013 wolno\u015b\u0107 czy wi\u0119zienie?\u201d, gdzie wraz z autorami: Corin\u0105 Oproae (Rumunia) i Andre\u0105 Winkler (Austria) oraz krytyczk\u0105 literack\u0105 Annin\u0105 Rabe dyskutowa\u0142 o tym, jak poj\u0119cie samotno\u015bci zmieni\u0142o z up\u0142ywem czasu swoje znaczenie oraz jak do\u015bwiadczenie samotno\u015bci r\u00f3\u017cni si\u0119 w zale\u017cno\u015bci od kontekstu. Nast\u0119pnie Marcin Wicha rozmawia\u0142 z t\u0142umaczk\u0105 Patrici\u0105 Cukrowsk\u0105 w ramach spotkania na stoisku EUNIC Stockholm na temat ksi\u0105\u017cki \u201eRzeczy, kt\u00f3rych nie wyrzuci\u0142em\u201d, opublikowanej w maju 2022 w szwedzkim przek\u0142adzie przez wydawnictwo Prosak F\u00f6rlag (Sakerna jag inte sl\u00e4ngde, 2022).\nJeszcze raz dzi\u0119kujemy wszystkim, kt\u00f3rzy wzi\u0119li udzia\u0142 w tych literackich wydarzeniach, Targom Ksi\u0105\u017cki w G\u00f6teborgu, organizacji EUNIC Stockholm oraz wydawnictwu Prosak F\u00f6rlag! W szczeg\u00f3lno\u015bci pragniemy podzi\u0119kowa\u0107 fantastycznym polskim autorom Marcinowi  i Krzysztofowi oraz wspania\u0142ym t\u0142umaczom Julianowi i Patrici!"},{"@type":"ImageObject","inLanguage":"pl-PL","@id":"https:\/\/instytutpolski.pl\/stockholm\/pl\/2022\/10\/03\/fotoreportaz-polscy-pisarze-na-targach-ksiazki-w-goteborgu-2022a\/#primaryimage","url":"https:\/\/instytutpolski.pl\/stockholm\/wp-content\/uploads\/sites\/17\/2022\/10\/24.09i-scaled.jpg","contentUrl":"https:\/\/instytutpolski.pl\/stockholm\/wp-content\/uploads\/sites\/17\/2022\/10\/24.09i-scaled.jpg","width":2560,"height":1560},{"@type":"BreadcrumbList","@id":"https:\/\/instytutpolski.pl\/stockholm\/pl\/2022\/10\/03\/fotoreportaz-polscy-pisarze-na-targach-ksiazki-w-goteborgu-2022a\/#breadcrumb","itemListElement":[{"@type":"ListItem","position":1,"name":"Home","item":"https:\/\/instytutpolski.pl\/stockholm\/"},{"@type":"ListItem","position":2,"name":"Fotoreporta\u017c: Polscy pisarze na Targach Ksi\u0105\u017cki w G\u00f6teborgu 2022"}]},{"@type":"WebSite","@id":"https:\/\/instytutpolski.pl\/stockholm\/#website","url":"https:\/\/instytutpolski.pl\/stockholm\/","name":"Instytut Polski w Sztokholmie","description":"Instytuty Polskie","potentialAction":[{"@type":"SearchAction","target":{"@type":"EntryPoint","urlTemplate":"https:\/\/instytutpolski.pl\/stockholm\/?s={search_term_string}"},"query-input":{"@type":"PropertyValueSpecification","valueRequired":true,"valueName":"search_term_string"}}],"inLanguage":"pl-PL"},{"@type":"Person","@id":"https:\/\/instytutpolski.pl\/stockholm\/#\/schema\/person\/866a2c0f4ccf0982a286809684f7bc1e","name":"treichelp","image":{"@type":"ImageObject","inLanguage":"pl-PL","@id":"https:\/\/instytutpolski.pl\/stockholm\/#\/schema\/person\/image\/","url":"https:\/\/secure.gravatar.com\/avatar\/fb2c1caae0df0854742a56fc463dd1fb?s=96&d=mm&r=g","contentUrl":"https:\/\/secure.gravatar.com\/avatar\/fb2c1caae0df0854742a56fc463dd1fb?s=96&d=mm&r=g","caption":"treichelp"},"url":"https:\/\/instytutpolski.pl\/stockholm\/author\/treichelp\/"}]}},"_links":{"self":[{"href":"https:\/\/instytutpolski.pl\/stockholm\/wp-json\/wp\/v2\/posts\/9402","targetHints":{"allow":["GET"]}}],"collection":[{"href":"https:\/\/instytutpolski.pl\/stockholm\/wp-json\/wp\/v2\/posts"}],"about":[{"href":"https:\/\/instytutpolski.pl\/stockholm\/wp-json\/wp\/v2\/types\/post"}],"author":[{"embeddable":true,"href":"https:\/\/instytutpolski.pl\/stockholm\/wp-json\/wp\/v2\/users\/173"}],"replies":[{"embeddable":true,"href":"https:\/\/instytutpolski.pl\/stockholm\/wp-json\/wp\/v2\/comments?post=9402"}],"version-history":[{"count":4,"href":"https:\/\/instytutpolski.pl\/stockholm\/wp-json\/wp\/v2\/posts\/9402\/revisions"}],"predecessor-version":[{"id":9444,"href":"https:\/\/instytutpolski.pl\/stockholm\/wp-json\/wp\/v2\/posts\/9402\/revisions\/9444"}],"wp:featuredmedia":[{"embeddable":true,"href":"https:\/\/instytutpolski.pl\/stockholm\/wp-json\/wp\/v2\/media\/9390"}],"wp:attachment":[{"href":"https:\/\/instytutpolski.pl\/stockholm\/wp-json\/wp\/v2\/media?parent=9402"}],"wp:term":[{"taxonomy":"category","embeddable":true,"href":"https:\/\/instytutpolski.pl\/stockholm\/wp-json\/wp\/v2\/categories?post=9402"},{"taxonomy":"post_tag","embeddable":true,"href":"https:\/\/instytutpolski.pl\/stockholm\/wp-json\/wp\/v2\/tags?post=9402"}],"curies":[{"name":"wp","href":"https:\/\/api.w.org\/{rel}","templated":true}]}}