{"id":9472,"date":"2022-10-04T15:40:49","date_gmt":"2022-10-04T13:40:49","guid":{"rendered":"https:\/\/instytutpolski.pl\/stockholm\/?p=9472"},"modified":"2022-10-04T16:08:47","modified_gmt":"2022-10-04T14:08:47","slug":"fotoreportaz-dzien-jezykow-2022","status":"publish","type":"post","link":"https:\/\/instytutpolski.pl\/stockholm\/pl\/2022\/10\/04\/fotoreportaz-dzien-jezykow-2022\/","title":{"rendered":"Fotoreporta\u017c: Dzie\u0144 J\u0119zyk\u00f3w 2022"},"content":{"rendered":"\n<p>EDL by\u0142 obchodzony po raz pierwszy w zwi\u0105zku z Europejskim Rokiem J\u0119zyk\u00f3w w 2001 roku i zosta\u0142 utworzony z inicjatywy UE i Rady Europy. Dzie\u0144 J\u0119zyk\u00f3w ma miejsce co roku 26 wrze\u015bnia, a jego celem jest zwr\u00f3cenie uwagi na korzy\u015bci i przyjemno\u015bci p\u0142yn\u0105ce z nauki j\u0119zyk\u00f3w obcych. W ramach wydarzenia ambasady oraz instytuty kulturalne oferowa\u0142y mini kursy j\u0119zykowe w ponad dwudziestu j\u0119zykach, w\u015br\u00f3d kt\u00f3rych znalaz\u0142y si\u0119 m.in. polski, esto\u0144ski, esperanto, francuski, niemiecki czy islandzki. Dla ponad 600 uczni\u00f3w by\u0142a to \u015bwietna okazja do poznania nowych j\u0119zyk\u00f3w i odkrycia ciekawostek na temat tych ju\u017c znanych j\u0119zyk\u00f3w.<\/p>\n\n\n\n<p>Ponadto, w ci\u0105gu dnia, przyznano nagrod\u0119 dla tegorocznej zwyci\u0119\u017cczyni krajowego konkursu Dnia J\u0119zyk\u00f3w zorganizowanego w ramach Europejskiego Dnia J\u0119zyk\u00f3w. Pierwsze miejsce zaj\u0119\u0142a Helena Zinck z liceum ABB w V\u00e4ster\u00e5s. Jury by\u0142o pod wra\u017ceniem pomys\u0142u Heleny, kt\u00f3ra po\u0142\u0105czy\u0142a w przes\u0142anym filmie swoje zainteresowania: nauk\u0119 j\u0119zyka obcego oraz balet. To w\u0142a\u015bnie pasja Heleny do baletu zaowocowa\u0142a zainteresowaniem nauk\u0105 j\u0119zyka francuskiego, co wyra\u017anie wida\u0107 w u\u017cyciu choreografii w teledysku. Edycja filmu, efekty i dob\u00f3r muzyki do teledysku by\u0142y r\u00f3wnie\u017c bardzo oryginalne.<\/p>\n\n\n\n<p>Wywiad z Helen\u0105 (po szwedzku) znajdziesz <a href=\"https:\/\/sweden.representation.ec.europa.eu\/news\/grattis-helena-2022-09-30_sv?fbclid=IwAR0iTz8Xn3zUSSNZF5aDPOJn8z6ZBiV4EGgcXzniR5-FBdBul4M85dzrKtk\" target=\"_blank\" rel=\"noreferrer noopener\">tutaj<\/a>.<\/p>\n\n\n\n<pre class=\"wp-block-verse\"><\/pre>\n\n\n\n<figure class=\"wp-block-gallery has-nested-images columns-default is-cropped wp-block-gallery-1 is-layout-flex wp-block-gallery-is-layout-flex\">\n<figure class=\"wp-block-image size-large\"><img loading=\"lazy\" decoding=\"async\" width=\"1920\" height=\"1280\" data-id=\"9447\" src=\"https:\/\/instytutpolski.pl\/stockholm\/wp-content\/uploads\/sites\/17\/2022\/10\/DSC_8832.jpg\" alt=\"\" class=\"wp-image-9447\" srcset=\"https:\/\/instytutpolski.pl\/stockholm\/wp-content\/uploads\/sites\/17\/2022\/10\/DSC_8832.jpg 1920w, https:\/\/instytutpolski.pl\/stockholm\/wp-content\/uploads\/sites\/17\/2022\/10\/DSC_8832-300x200.jpg 300w, https:\/\/instytutpolski.pl\/stockholm\/wp-content\/uploads\/sites\/17\/2022\/10\/DSC_8832-1024x683.jpg 1024w, https:\/\/instytutpolski.pl\/stockholm\/wp-content\/uploads\/sites\/17\/2022\/10\/DSC_8832-768x512.jpg 768w, https:\/\/instytutpolski.pl\/stockholm\/wp-content\/uploads\/sites\/17\/2022\/10\/DSC_8832-1536x1024.jpg 1536w\" sizes=\"auto, (max-width: 1920px) 100vw, 1920px\" \/><figcaption>Foto: Anna Jurkov\u00e1<\/figcaption><\/figure>\n\n\n\n<figure class=\"wp-block-image size-large\"><img loading=\"lazy\" decoding=\"async\" width=\"1920\" height=\"1280\" data-id=\"9448\" src=\"https:\/\/instytutpolski.pl\/stockholm\/wp-content\/uploads\/sites\/17\/2022\/10\/DSC_8904.jpg\" alt=\"\" class=\"wp-image-9448\" srcset=\"https:\/\/instytutpolski.pl\/stockholm\/wp-content\/uploads\/sites\/17\/2022\/10\/DSC_8904.jpg 1920w, https:\/\/instytutpolski.pl\/stockholm\/wp-content\/uploads\/sites\/17\/2022\/10\/DSC_8904-300x200.jpg 300w, https:\/\/instytutpolski.pl\/stockholm\/wp-content\/uploads\/sites\/17\/2022\/10\/DSC_8904-1024x683.jpg 1024w, https:\/\/instytutpolski.pl\/stockholm\/wp-content\/uploads\/sites\/17\/2022\/10\/DSC_8904-768x512.jpg 768w, https:\/\/instytutpolski.pl\/stockholm\/wp-content\/uploads\/sites\/17\/2022\/10\/DSC_8904-1536x1024.jpg 1536w\" sizes=\"auto, (max-width: 1920px) 100vw, 1920px\" \/><figcaption>Foto: Anna Jurkov\u00e1<\/figcaption><\/figure>\n\n\n\n<figure class=\"wp-block-image size-large\"><img loading=\"lazy\" decoding=\"async\" width=\"1920\" height=\"1280\" data-id=\"9449\" src=\"https:\/\/instytutpolski.pl\/stockholm\/wp-content\/uploads\/sites\/17\/2022\/10\/DSC_8938.jpg\" alt=\"\" class=\"wp-image-9449\" srcset=\"https:\/\/instytutpolski.pl\/stockholm\/wp-content\/uploads\/sites\/17\/2022\/10\/DSC_8938.jpg 1920w, https:\/\/instytutpolski.pl\/stockholm\/wp-content\/uploads\/sites\/17\/2022\/10\/DSC_8938-300x200.jpg 300w, https:\/\/instytutpolski.pl\/stockholm\/wp-content\/uploads\/sites\/17\/2022\/10\/DSC_8938-1024x683.jpg 1024w, https:\/\/instytutpolski.pl\/stockholm\/wp-content\/uploads\/sites\/17\/2022\/10\/DSC_8938-768x512.jpg 768w, https:\/\/instytutpolski.pl\/stockholm\/wp-content\/uploads\/sites\/17\/2022\/10\/DSC_8938-1536x1024.jpg 1536w\" sizes=\"auto, (max-width: 1920px) 100vw, 1920px\" \/><figcaption>Foto: Anna Jurkov\u00e1<\/figcaption><\/figure>\n\n\n\n<figure class=\"wp-block-image size-large\"><img loading=\"lazy\" decoding=\"async\" width=\"1920\" height=\"1280\" data-id=\"9450\" src=\"https:\/\/instytutpolski.pl\/stockholm\/wp-content\/uploads\/sites\/17\/2022\/10\/DSC_8982.jpg\" alt=\"\" class=\"wp-image-9450\" srcset=\"https:\/\/instytutpolski.pl\/stockholm\/wp-content\/uploads\/sites\/17\/2022\/10\/DSC_8982.jpg 1920w, https:\/\/instytutpolski.pl\/stockholm\/wp-content\/uploads\/sites\/17\/2022\/10\/DSC_8982-300x200.jpg 300w, https:\/\/instytutpolski.pl\/stockholm\/wp-content\/uploads\/sites\/17\/2022\/10\/DSC_8982-1024x683.jpg 1024w, https:\/\/instytutpolski.pl\/stockholm\/wp-content\/uploads\/sites\/17\/2022\/10\/DSC_8982-768x512.jpg 768w, https:\/\/instytutpolski.pl\/stockholm\/wp-content\/uploads\/sites\/17\/2022\/10\/DSC_8982-1536x1024.jpg 1536w\" sizes=\"auto, (max-width: 1920px) 100vw, 1920px\" \/><figcaption>Foto: Anna Jurkov\u00e1<\/figcaption><\/figure>\n\n\n\n<figure class=\"wp-block-image size-large\"><img loading=\"lazy\" decoding=\"async\" width=\"1920\" height=\"1280\" data-id=\"9451\" src=\"https:\/\/instytutpolski.pl\/stockholm\/wp-content\/uploads\/sites\/17\/2022\/10\/DSC_8997.jpg\" alt=\"\" class=\"wp-image-9451\" srcset=\"https:\/\/instytutpolski.pl\/stockholm\/wp-content\/uploads\/sites\/17\/2022\/10\/DSC_8997.jpg 1920w, https:\/\/instytutpolski.pl\/stockholm\/wp-content\/uploads\/sites\/17\/2022\/10\/DSC_8997-300x200.jpg 300w, https:\/\/instytutpolski.pl\/stockholm\/wp-content\/uploads\/sites\/17\/2022\/10\/DSC_8997-1024x683.jpg 1024w, https:\/\/instytutpolski.pl\/stockholm\/wp-content\/uploads\/sites\/17\/2022\/10\/DSC_8997-768x512.jpg 768w, https:\/\/instytutpolski.pl\/stockholm\/wp-content\/uploads\/sites\/17\/2022\/10\/DSC_8997-1536x1024.jpg 1536w\" sizes=\"auto, (max-width: 1920px) 100vw, 1920px\" \/><figcaption>Foto: Anna Jurkov\u00e1<\/figcaption><\/figure>\n\n\n\n<figure class=\"wp-block-image size-large\"><img loading=\"lazy\" decoding=\"async\" width=\"1920\" height=\"1280\" data-id=\"9452\" src=\"https:\/\/instytutpolski.pl\/stockholm\/wp-content\/uploads\/sites\/17\/2022\/10\/DSC_9025.jpg\" alt=\"\" class=\"wp-image-9452\" srcset=\"https:\/\/instytutpolski.pl\/stockholm\/wp-content\/uploads\/sites\/17\/2022\/10\/DSC_9025.jpg 1920w, https:\/\/instytutpolski.pl\/stockholm\/wp-content\/uploads\/sites\/17\/2022\/10\/DSC_9025-300x200.jpg 300w, https:\/\/instytutpolski.pl\/stockholm\/wp-content\/uploads\/sites\/17\/2022\/10\/DSC_9025-1024x683.jpg 1024w, https:\/\/instytutpolski.pl\/stockholm\/wp-content\/uploads\/sites\/17\/2022\/10\/DSC_9025-768x512.jpg 768w, https:\/\/instytutpolski.pl\/stockholm\/wp-content\/uploads\/sites\/17\/2022\/10\/DSC_9025-1536x1024.jpg 1536w\" sizes=\"auto, (max-width: 1920px) 100vw, 1920px\" \/><figcaption>Foto: Anna Jurkov\u00e1<\/figcaption><\/figure>\n\n\n\n<figure class=\"wp-block-image size-large\"><img loading=\"lazy\" decoding=\"async\" width=\"1920\" height=\"1280\" data-id=\"9453\" src=\"https:\/\/instytutpolski.pl\/stockholm\/wp-content\/uploads\/sites\/17\/2022\/10\/DSC_9134.jpg\" alt=\"\" class=\"wp-image-9453\" srcset=\"https:\/\/instytutpolski.pl\/stockholm\/wp-content\/uploads\/sites\/17\/2022\/10\/DSC_9134.jpg 1920w, https:\/\/instytutpolski.pl\/stockholm\/wp-content\/uploads\/sites\/17\/2022\/10\/DSC_9134-300x200.jpg 300w, https:\/\/instytutpolski.pl\/stockholm\/wp-content\/uploads\/sites\/17\/2022\/10\/DSC_9134-1024x683.jpg 1024w, https:\/\/instytutpolski.pl\/stockholm\/wp-content\/uploads\/sites\/17\/2022\/10\/DSC_9134-768x512.jpg 768w, https:\/\/instytutpolski.pl\/stockholm\/wp-content\/uploads\/sites\/17\/2022\/10\/DSC_9134-1536x1024.jpg 1536w\" sizes=\"auto, (max-width: 1920px) 100vw, 1920px\" \/><figcaption>Foto: Anna Jurkov\u00e1<\/figcaption><\/figure>\n\n\n\n<figure class=\"wp-block-image size-large\"><img loading=\"lazy\" decoding=\"async\" width=\"1920\" height=\"1280\" data-id=\"9454\" src=\"https:\/\/instytutpolski.pl\/stockholm\/wp-content\/uploads\/sites\/17\/2022\/10\/DSC_9541.jpg\" alt=\"\" class=\"wp-image-9454\" srcset=\"https:\/\/instytutpolski.pl\/stockholm\/wp-content\/uploads\/sites\/17\/2022\/10\/DSC_9541.jpg 1920w, https:\/\/instytutpolski.pl\/stockholm\/wp-content\/uploads\/sites\/17\/2022\/10\/DSC_9541-300x200.jpg 300w, https:\/\/instytutpolski.pl\/stockholm\/wp-content\/uploads\/sites\/17\/2022\/10\/DSC_9541-1024x683.jpg 1024w, https:\/\/instytutpolski.pl\/stockholm\/wp-content\/uploads\/sites\/17\/2022\/10\/DSC_9541-768x512.jpg 768w, https:\/\/instytutpolski.pl\/stockholm\/wp-content\/uploads\/sites\/17\/2022\/10\/DSC_9541-1536x1024.jpg 1536w\" sizes=\"auto, (max-width: 1920px) 100vw, 1920px\" \/><figcaption>Foto: Anna Jurkov\u00e1<\/figcaption><\/figure>\n<\/figure>\n\n\n\n<figure class=\"wp-block-gallery has-nested-images columns-default is-cropped wp-block-gallery-2 is-layout-flex wp-block-gallery-is-layout-flex\">\n<figure class=\"wp-block-image size-large\"><img loading=\"lazy\" decoding=\"async\" width=\"2560\" height=\"1920\" data-id=\"9462\" src=\"https:\/\/instytutpolski.pl\/stockholm\/wp-content\/uploads\/sites\/17\/2022\/10\/20220927_110500-scaled.jpg\" alt=\"\" class=\"wp-image-9462\" srcset=\"https:\/\/instytutpolski.pl\/stockholm\/wp-content\/uploads\/sites\/17\/2022\/10\/20220927_110500-scaled.jpg 2560w, https:\/\/instytutpolski.pl\/stockholm\/wp-content\/uploads\/sites\/17\/2022\/10\/20220927_110500-300x225.jpg 300w, https:\/\/instytutpolski.pl\/stockholm\/wp-content\/uploads\/sites\/17\/2022\/10\/20220927_110500-1024x768.jpg 1024w, https:\/\/instytutpolski.pl\/stockholm\/wp-content\/uploads\/sites\/17\/2022\/10\/20220927_110500-768x576.jpg 768w, https:\/\/instytutpolski.pl\/stockholm\/wp-content\/uploads\/sites\/17\/2022\/10\/20220927_110500-1536x1152.jpg 1536w, https:\/\/instytutpolski.pl\/stockholm\/wp-content\/uploads\/sites\/17\/2022\/10\/20220927_110500-2048x1536.jpg 2048w\" sizes=\"auto, (max-width: 2560px) 100vw, 2560px\" \/><figcaption>Foto: Esperantof\u00f6rbundet<\/figcaption><\/figure>\n\n\n\n<figure class=\"wp-block-image size-large\"><img loading=\"lazy\" decoding=\"async\" width=\"2560\" height=\"1920\" data-id=\"9459\" src=\"https:\/\/instytutpolski.pl\/stockholm\/wp-content\/uploads\/sites\/17\/2022\/10\/20220927_093518-scaled.jpg\" alt=\"\" class=\"wp-image-9459\" srcset=\"https:\/\/instytutpolski.pl\/stockholm\/wp-content\/uploads\/sites\/17\/2022\/10\/20220927_093518-scaled.jpg 2560w, https:\/\/instytutpolski.pl\/stockholm\/wp-content\/uploads\/sites\/17\/2022\/10\/20220927_093518-300x225.jpg 300w, https:\/\/instytutpolski.pl\/stockholm\/wp-content\/uploads\/sites\/17\/2022\/10\/20220927_093518-1024x768.jpg 1024w, https:\/\/instytutpolski.pl\/stockholm\/wp-content\/uploads\/sites\/17\/2022\/10\/20220927_093518-768x576.jpg 768w, https:\/\/instytutpolski.pl\/stockholm\/wp-content\/uploads\/sites\/17\/2022\/10\/20220927_093518-1536x1152.jpg 1536w, https:\/\/instytutpolski.pl\/stockholm\/wp-content\/uploads\/sites\/17\/2022\/10\/20220927_093518-2048x1536.jpg 2048w\" sizes=\"auto, (max-width: 2560px) 100vw, 2560px\" \/><figcaption>Foto: Esperantof\u00f6rbundet<\/figcaption><\/figure>\n\n\n\n<figure class=\"wp-block-image size-large\"><img loading=\"lazy\" decoding=\"async\" width=\"2560\" height=\"1920\" data-id=\"9461\" src=\"https:\/\/instytutpolski.pl\/stockholm\/wp-content\/uploads\/sites\/17\/2022\/10\/20220927_110455-scaled.jpg\" alt=\"\" class=\"wp-image-9461\" srcset=\"https:\/\/instytutpolski.pl\/stockholm\/wp-content\/uploads\/sites\/17\/2022\/10\/20220927_110455-scaled.jpg 2560w, https:\/\/instytutpolski.pl\/stockholm\/wp-content\/uploads\/sites\/17\/2022\/10\/20220927_110455-300x225.jpg 300w, https:\/\/instytutpolski.pl\/stockholm\/wp-content\/uploads\/sites\/17\/2022\/10\/20220927_110455-1024x768.jpg 1024w, https:\/\/instytutpolski.pl\/stockholm\/wp-content\/uploads\/sites\/17\/2022\/10\/20220927_110455-768x576.jpg 768w, https:\/\/instytutpolski.pl\/stockholm\/wp-content\/uploads\/sites\/17\/2022\/10\/20220927_110455-1536x1152.jpg 1536w, https:\/\/instytutpolski.pl\/stockholm\/wp-content\/uploads\/sites\/17\/2022\/10\/20220927_110455-2048x1536.jpg 2048w\" sizes=\"auto, (max-width: 2560px) 100vw, 2560px\" \/><figcaption>Foto: Esperantof\u00f6rbundet<\/figcaption><\/figure>\n\n\n\n<figure class=\"wp-block-image size-large\"><img loading=\"lazy\" decoding=\"async\" width=\"2560\" height=\"1920\" data-id=\"9455\" src=\"https:\/\/instytutpolski.pl\/stockholm\/wp-content\/uploads\/sites\/17\/2022\/10\/20220927_110515-scaled.jpg\" alt=\"\" class=\"wp-image-9455\" srcset=\"https:\/\/instytutpolski.pl\/stockholm\/wp-content\/uploads\/sites\/17\/2022\/10\/20220927_110515-scaled.jpg 2560w, https:\/\/instytutpolski.pl\/stockholm\/wp-content\/uploads\/sites\/17\/2022\/10\/20220927_110515-300x225.jpg 300w, https:\/\/instytutpolski.pl\/stockholm\/wp-content\/uploads\/sites\/17\/2022\/10\/20220927_110515-1024x768.jpg 1024w, https:\/\/instytutpolski.pl\/stockholm\/wp-content\/uploads\/sites\/17\/2022\/10\/20220927_110515-768x576.jpg 768w, https:\/\/instytutpolski.pl\/stockholm\/wp-content\/uploads\/sites\/17\/2022\/10\/20220927_110515-1536x1152.jpg 1536w, https:\/\/instytutpolski.pl\/stockholm\/wp-content\/uploads\/sites\/17\/2022\/10\/20220927_110515-2048x1536.jpg 2048w\" sizes=\"auto, (max-width: 2560px) 100vw, 2560px\" \/><figcaption>Foto: Esperantof\u00f6rbundet<\/figcaption><\/figure>\n\n\n\n<figure class=\"wp-block-image size-large\"><img loading=\"lazy\" decoding=\"async\" width=\"2560\" height=\"1920\" data-id=\"9458\" src=\"https:\/\/instytutpolski.pl\/stockholm\/wp-content\/uploads\/sites\/17\/2022\/10\/20220927_085128-scaled.jpg\" alt=\"\" class=\"wp-image-9458\" srcset=\"https:\/\/instytutpolski.pl\/stockholm\/wp-content\/uploads\/sites\/17\/2022\/10\/20220927_085128-scaled.jpg 2560w, https:\/\/instytutpolski.pl\/stockholm\/wp-content\/uploads\/sites\/17\/2022\/10\/20220927_085128-300x225.jpg 300w, https:\/\/instytutpolski.pl\/stockholm\/wp-content\/uploads\/sites\/17\/2022\/10\/20220927_085128-1024x768.jpg 1024w, https:\/\/instytutpolski.pl\/stockholm\/wp-content\/uploads\/sites\/17\/2022\/10\/20220927_085128-768x576.jpg 768w, https:\/\/instytutpolski.pl\/stockholm\/wp-content\/uploads\/sites\/17\/2022\/10\/20220927_085128-1536x1152.jpg 1536w, https:\/\/instytutpolski.pl\/stockholm\/wp-content\/uploads\/sites\/17\/2022\/10\/20220927_085128-2048x1536.jpg 2048w\" sizes=\"auto, (max-width: 2560px) 100vw, 2560px\" \/><figcaption>Foto: Esperantof\u00f6rbundet<\/figcaption><\/figure>\n\n\n\n<figure class=\"wp-block-image size-large\"><img loading=\"lazy\" decoding=\"async\" width=\"2560\" height=\"1920\" data-id=\"9460\" src=\"https:\/\/instytutpolski.pl\/stockholm\/wp-content\/uploads\/sites\/17\/2022\/10\/20220927_110424-scaled.jpg\" alt=\"\" class=\"wp-image-9460\" srcset=\"https:\/\/instytutpolski.pl\/stockholm\/wp-content\/uploads\/sites\/17\/2022\/10\/20220927_110424-scaled.jpg 2560w, https:\/\/instytutpolski.pl\/stockholm\/wp-content\/uploads\/sites\/17\/2022\/10\/20220927_110424-300x225.jpg 300w, https:\/\/instytutpolski.pl\/stockholm\/wp-content\/uploads\/sites\/17\/2022\/10\/20220927_110424-1024x768.jpg 1024w, https:\/\/instytutpolski.pl\/stockholm\/wp-content\/uploads\/sites\/17\/2022\/10\/20220927_110424-768x576.jpg 768w, https:\/\/instytutpolski.pl\/stockholm\/wp-content\/uploads\/sites\/17\/2022\/10\/20220927_110424-1536x1152.jpg 1536w, https:\/\/instytutpolski.pl\/stockholm\/wp-content\/uploads\/sites\/17\/2022\/10\/20220927_110424-2048x1536.jpg 2048w\" sizes=\"auto, (max-width: 2560px) 100vw, 2560px\" \/><figcaption>Foto: Esperantof\u00f6rbundet<\/figcaption><\/figure>\n<\/figure>\n\n\n\n<figure class=\"wp-block-gallery has-nested-images columns-default is-cropped wp-block-gallery-3 is-layout-flex wp-block-gallery-is-layout-flex\">\n<figure class=\"wp-block-image size-large\"><img loading=\"lazy\" decoding=\"async\" width=\"1080\" height=\"1080\" data-id=\"9464\" src=\"https:\/\/instytutpolski.pl\/stockholm\/wp-content\/uploads\/sites\/17\/2022\/10\/EDL1.png\" alt=\"\" class=\"wp-image-9464\" srcset=\"https:\/\/instytutpolski.pl\/stockholm\/wp-content\/uploads\/sites\/17\/2022\/10\/EDL1.png 1080w, https:\/\/instytutpolski.pl\/stockholm\/wp-content\/uploads\/sites\/17\/2022\/10\/EDL1-300x300.png 300w, https:\/\/instytutpolski.pl\/stockholm\/wp-content\/uploads\/sites\/17\/2022\/10\/EDL1-1024x1024.png 1024w, https:\/\/instytutpolski.pl\/stockholm\/wp-content\/uploads\/sites\/17\/2022\/10\/EDL1-150x150.png 150w, https:\/\/instytutpolski.pl\/stockholm\/wp-content\/uploads\/sites\/17\/2022\/10\/EDL1-768x768.png 768w\" sizes=\"auto, (max-width: 1080px) 100vw, 1080px\" \/><\/figure>\n<\/figure>\n\n\n\n<figure class=\"wp-block-gallery has-nested-images columns-default is-cropped wp-block-gallery-4 is-layout-flex wp-block-gallery-is-layout-flex\">\n<figure class=\"wp-block-image size-large\"><img loading=\"lazy\" decoding=\"async\" width=\"1920\" height=\"1280\" data-id=\"9446\" src=\"https:\/\/instytutpolski.pl\/stockholm\/wp-content\/uploads\/sites\/17\/2022\/10\/DSC_9629.jpg\" alt=\"\" class=\"wp-image-9446\" srcset=\"https:\/\/instytutpolski.pl\/stockholm\/wp-content\/uploads\/sites\/17\/2022\/10\/DSC_9629.jpg 1920w, https:\/\/instytutpolski.pl\/stockholm\/wp-content\/uploads\/sites\/17\/2022\/10\/DSC_9629-300x200.jpg 300w, https:\/\/instytutpolski.pl\/stockholm\/wp-content\/uploads\/sites\/17\/2022\/10\/DSC_9629-1024x683.jpg 1024w, https:\/\/instytutpolski.pl\/stockholm\/wp-content\/uploads\/sites\/17\/2022\/10\/DSC_9629-768x512.jpg 768w, https:\/\/instytutpolski.pl\/stockholm\/wp-content\/uploads\/sites\/17\/2022\/10\/DSC_9629-1536x1024.jpg 1536w\" sizes=\"auto, (max-width: 1920px) 100vw, 1920px\" \/><figcaption>Foto: Anna Jurkov\u00e1<\/figcaption><\/figure>\n<\/figure>\n","protected":false},"excerpt":{"rendered":"<p>EDL by\u0142 obchodzony po raz pierwszy w zwi\u0105zku z Europejskim Rokiem J\u0119zyk\u00f3w w 2001 roku i zosta\u0142 utworzony z inicjatywy UE i Rady Europy. Dzie\u0144 J\u0119zyk\u00f3w ma miejsce co roku 26 wrze\u015bnia, a jego celem jest zwr\u00f3cenie uwagi na korzy\u015bci i przyjemno\u015bci p\u0142yn\u0105ce z nauki j\u0119zyk\u00f3w obcych. W ramach wydarzenia ambasady oraz instytuty kulturalne oferowa\u0142y [&hellip;]<\/p>\n","protected":false},"author":173,"featured_media":9446,"comment_status":"closed","ping_status":"closed","sticky":true,"template":"","format":"standard","meta":{"inline_featured_image":false,"_monsterinsights_skip_tracking":false,"_monsterinsights_sitenote_active":false,"_monsterinsights_sitenote_note":"","_monsterinsights_sitenote_category":0,"footnotes":""},"categories":[208],"tags":[],"class_list":["post-9472","post","type-post","status-publish","format-standard","has-post-thumbnail","hentry","category-galeria-pl"],"yoast_head":"<!-- This site is optimized with the Yoast SEO plugin v24.6 - https:\/\/yoast.com\/wordpress\/plugins\/seo\/ -->\n<title>Fotoreporta\u017c: Dzie\u0144 J\u0119zyk\u00f3w 2022 - Instytut Polski w Sztokholmie<\/title>\n<meta name=\"robots\" content=\"index, follow, max-snippet:-1, max-image-preview:large, max-video-preview:-1\" \/>\n<link rel=\"canonical\" href=\"https:\/\/instytutpolski.pl\/stockholm\/pl\/2022\/10\/04\/fotoreportaz-dzien-jezykow-2022\/\" \/>\n<meta property=\"og:locale\" content=\"pl_PL\" \/>\n<meta property=\"og:type\" content=\"article\" \/>\n<meta property=\"og:title\" content=\"Fotoreporta\u017c: Dzie\u0144 J\u0119zyk\u00f3w 2022 - Instytut Polski w Sztokholmie\" \/>\n<meta property=\"og:description\" content=\"EDL by\u0142 obchodzony po raz pierwszy w zwi\u0105zku z Europejskim Rokiem J\u0119zyk\u00f3w w 2001 roku i zosta\u0142 utworzony z inicjatywy UE i Rady Europy. Dzie\u0144 J\u0119zyk\u00f3w ma miejsce co roku 26 wrze\u015bnia, a jego celem jest zwr\u00f3cenie uwagi na korzy\u015bci i przyjemno\u015bci p\u0142yn\u0105ce z nauki j\u0119zyk\u00f3w obcych. W ramach wydarzenia ambasady oraz instytuty kulturalne oferowa\u0142y [&hellip;]\" \/>\n<meta property=\"og:url\" content=\"https:\/\/instytutpolski.pl\/stockholm\/pl\/2022\/10\/04\/fotoreportaz-dzien-jezykow-2022\/\" \/>\n<meta property=\"og:site_name\" content=\"Instytut Polski w Sztokholmie\" \/>\n<meta property=\"article:published_time\" content=\"2022-10-04T13:40:49+00:00\" \/>\n<meta property=\"article:modified_time\" content=\"2022-10-04T14:08:47+00:00\" \/>\n<meta property=\"og:image\" content=\"https:\/\/instytutpolski.pl\/stockholm\/wp-content\/uploads\/sites\/17\/2022\/10\/DSC_9629.jpg\" \/>\n\t<meta property=\"og:image:width\" content=\"1920\" \/>\n\t<meta property=\"og:image:height\" content=\"1280\" \/>\n\t<meta property=\"og:image:type\" content=\"image\/jpeg\" \/>\n<meta name=\"author\" content=\"treichelp\" \/>\n<meta name=\"twitter:card\" content=\"summary_large_image\" \/>\n<meta name=\"twitter:label1\" content=\"Napisane przez\" \/>\n\t<meta name=\"twitter:data1\" content=\"treichelp\" \/>\n\t<meta name=\"twitter:label2\" content=\"Szacowany czas czytania\" \/>\n\t<meta name=\"twitter:data2\" content=\"5 minut\" \/>\n<script type=\"application\/ld+json\" class=\"yoast-schema-graph\">{\"@context\":\"https:\/\/schema.org\",\"@graph\":[{\"@type\":\"event\",\"@id\":\"https:\/\/instytutpolski.pl\/stockholm\/pl\/2022\/10\/04\/fotoreportaz-dzien-jezykow-2022\/\",\"url\":\"https:\/\/instytutpolski.pl\/stockholm\/pl\/2022\/10\/04\/fotoreportaz-dzien-jezykow-2022\/\",\"name\":\"Fotoreporta\u017c: Dzie\u0144 J\u0119zyk\u00f3w 2022\",\"isPartOf\":{\"@id\":\"https:\/\/instytutpolski.pl\/stockholm\/#website\"},\"primaryImageOfPage\":{\"@id\":\"https:\/\/instytutpolski.pl\/stockholm\/pl\/2022\/10\/04\/fotoreportaz-dzien-jezykow-2022\/#primaryimage\"},\"image\":[\"https:\/\/instytutpolski.pl\/stockholm\/wp-content\/uploads\/sites\/17\/2022\/10\/DSC_9629.jpg\",\"https:\/\/instytutpolski.pl\/stockholm\/wp-content\/uploads\/sites\/17\/2022\/10\/DSC_9629-300x200.jpg\",\"https:\/\/instytutpolski.pl\/stockholm\/wp-content\/uploads\/sites\/17\/2022\/10\/DSC_9629-1024x683.jpg\",\"https:\/\/instytutpolski.pl\/stockholm\/wp-content\/uploads\/sites\/17\/2022\/10\/DSC_9629.jpg\"],\"thumbnailUrl\":\"https:\/\/instytutpolski.pl\/stockholm\/wp-content\/uploads\/sites\/17\/2022\/10\/DSC_9629.jpg\",\"datePublished\":\"2022-10-04T13:40:49+02:00\",\"dateModified\":\"2022-10-04T14:08:47+02:00\",\"author\":{\"@id\":\"https:\/\/instytutpolski.pl\/stockholm\/#\/schema\/person\/866a2c0f4ccf0982a286809684f7bc1e\"},\"breadcrumb\":{\"@id\":\"https:\/\/instytutpolski.pl\/stockholm\/pl\/2022\/10\/04\/fotoreportaz-dzien-jezykow-2022\/#breadcrumb\"},\"inLanguage\":\"pl-PL\",\"potentialAction\":[{\"@type\":\"ReadAction\",\"target\":[\"https:\/\/instytutpolski.pl\/stockholm\/pl\/2022\/10\/04\/fotoreportaz-dzien-jezykow-2022\/\"]}],\"@context\":\"https:\/\/schema.org\",\"startDate\":\"2022-09-27\",\"endDate\":\"2022-09-27\",\"eventStatus\":\"EventScheduled\",\"eventAttendanceMode\":\"OfflineEventAttendanceMode\",\"location\":{\"@type\":\"place\",\"name\":\"\",\"address\":\"\",\"geo\":{\"@type\":\"GeoCoordinates\",\"latitude\":\"\",\"longitude\":\"\"}},\"description\":\"EDL by\u0142 obchodzony po raz pierwszy w zwi\u0105zku z Europejskim Rokiem J\u0119zyk\u00f3w w 2001 roku i zosta\u0142 utworzony z inicjatywy UE i Rady Europy. Dzie\u0144 J\u0119zyk\u00f3w ma miejsce co roku 26 wrze\u015bnia, a jego celem jest zwr\u00f3cenie uwagi na korzy\u015bci i przyjemno\u015bci p\u0142yn\u0105ce z nauki j\u0119zyk\u00f3w obcych. W ramach wydarzenia ambasady oraz instytuty kulturalne oferowa\u0142y mini kursy j\u0119zykowe w ponad dwudziestu j\u0119zykach, w\u015br\u00f3d kt\u00f3rych znalaz\u0142y si\u0119 m.in. polski, esto\u0144ski, esperanto, francuski, niemiecki czy islandzki. Dla ponad 600 uczni\u00f3w by\u0142a to \u015bwietna okazja do poznania nowych j\u0119zyk\u00f3w i odkrycia ciekawostek na temat tych ju\u017c znanych j\u0119zyk\u00f3w.\\nPonadto, w ci\u0105gu dnia, przyznano nagrod\u0119 dla tegorocznej zwyci\u0119\u017cczyni krajowego konkursu Dnia J\u0119zyk\u00f3w zorganizowanego w ramach Europejskiego Dnia J\u0119zyk\u00f3w. Pierwsze miejsce zaj\u0119\u0142a Helena Zinck z liceum ABB w V\u00e4ster\u00e5s. Jury by\u0142o pod wra\u017ceniem pomys\u0142u Heleny, kt\u00f3ra po\u0142\u0105czy\u0142a w przes\u0142anym filmie swoje zainteresowania: nauk\u0119 j\u0119zyka obcego oraz balet. To w\u0142a\u015bnie pasja Heleny do baletu zaowocowa\u0142a zainteresowaniem nauk\u0105 j\u0119zyka francuskiego, co wyra\u017anie wida\u0107 w u\u017cyciu choreografii w teledysku. Edycja filmu, efekty i dob\u00f3r muzyki do teledysku by\u0142y r\u00f3wnie\u017c bardzo oryginalne.\\nWywiad z Helen\u0105 (po szwedzku) znajdziesz tutaj.\"},{\"@type\":\"ImageObject\",\"inLanguage\":\"pl-PL\",\"@id\":\"https:\/\/instytutpolski.pl\/stockholm\/pl\/2022\/10\/04\/fotoreportaz-dzien-jezykow-2022\/#primaryimage\",\"url\":\"https:\/\/instytutpolski.pl\/stockholm\/wp-content\/uploads\/sites\/17\/2022\/10\/DSC_9629.jpg\",\"contentUrl\":\"https:\/\/instytutpolski.pl\/stockholm\/wp-content\/uploads\/sites\/17\/2022\/10\/DSC_9629.jpg\",\"width\":1920,\"height\":1280},{\"@type\":\"BreadcrumbList\",\"@id\":\"https:\/\/instytutpolski.pl\/stockholm\/pl\/2022\/10\/04\/fotoreportaz-dzien-jezykow-2022\/#breadcrumb\",\"itemListElement\":[{\"@type\":\"ListItem\",\"position\":1,\"name\":\"Home\",\"item\":\"https:\/\/instytutpolski.pl\/stockholm\/\"},{\"@type\":\"ListItem\",\"position\":2,\"name\":\"Fotoreporta\u017c: Dzie\u0144 J\u0119zyk\u00f3w 2022\"}]},{\"@type\":\"WebSite\",\"@id\":\"https:\/\/instytutpolski.pl\/stockholm\/#website\",\"url\":\"https:\/\/instytutpolski.pl\/stockholm\/\",\"name\":\"Instytut Polski w Sztokholmie\",\"description\":\"Instytuty Polskie\",\"potentialAction\":[{\"@type\":\"SearchAction\",\"target\":{\"@type\":\"EntryPoint\",\"urlTemplate\":\"https:\/\/instytutpolski.pl\/stockholm\/?s={search_term_string}\"},\"query-input\":{\"@type\":\"PropertyValueSpecification\",\"valueRequired\":true,\"valueName\":\"search_term_string\"}}],\"inLanguage\":\"pl-PL\"},{\"@type\":\"Person\",\"@id\":\"https:\/\/instytutpolski.pl\/stockholm\/#\/schema\/person\/866a2c0f4ccf0982a286809684f7bc1e\",\"name\":\"treichelp\",\"image\":{\"@type\":\"ImageObject\",\"inLanguage\":\"pl-PL\",\"@id\":\"https:\/\/instytutpolski.pl\/stockholm\/#\/schema\/person\/image\/\",\"url\":\"https:\/\/secure.gravatar.com\/avatar\/fb2c1caae0df0854742a56fc463dd1fb?s=96&d=mm&r=g\",\"contentUrl\":\"https:\/\/secure.gravatar.com\/avatar\/fb2c1caae0df0854742a56fc463dd1fb?s=96&d=mm&r=g\",\"caption\":\"treichelp\"},\"url\":\"https:\/\/instytutpolski.pl\/stockholm\/author\/treichelp\/\"}]}<\/script>\n<!-- \/ Yoast SEO plugin. -->","yoast_head_json":{"title":"Fotoreporta\u017c: Dzie\u0144 J\u0119zyk\u00f3w 2022 - Instytut Polski w Sztokholmie","robots":{"index":"index","follow":"follow","max-snippet":"max-snippet:-1","max-image-preview":"max-image-preview:large","max-video-preview":"max-video-preview:-1"},"canonical":"https:\/\/instytutpolski.pl\/stockholm\/pl\/2022\/10\/04\/fotoreportaz-dzien-jezykow-2022\/","og_locale":"pl_PL","og_type":"article","og_title":"Fotoreporta\u017c: Dzie\u0144 J\u0119zyk\u00f3w 2022 - Instytut Polski w Sztokholmie","og_description":"EDL by\u0142 obchodzony po raz pierwszy w zwi\u0105zku z Europejskim Rokiem J\u0119zyk\u00f3w w 2001 roku i zosta\u0142 utworzony z inicjatywy UE i Rady Europy. Dzie\u0144 J\u0119zyk\u00f3w ma miejsce co roku 26 wrze\u015bnia, a jego celem jest zwr\u00f3cenie uwagi na korzy\u015bci i przyjemno\u015bci p\u0142yn\u0105ce z nauki j\u0119zyk\u00f3w obcych. W ramach wydarzenia ambasady oraz instytuty kulturalne oferowa\u0142y [&hellip;]","og_url":"https:\/\/instytutpolski.pl\/stockholm\/pl\/2022\/10\/04\/fotoreportaz-dzien-jezykow-2022\/","og_site_name":"Instytut Polski w Sztokholmie","article_published_time":"2022-10-04T13:40:49+00:00","article_modified_time":"2022-10-04T14:08:47+00:00","og_image":[{"width":1920,"height":1280,"url":"https:\/\/instytutpolski.pl\/stockholm\/wp-content\/uploads\/sites\/17\/2022\/10\/DSC_9629.jpg","type":"image\/jpeg"}],"author":"treichelp","twitter_card":"summary_large_image","twitter_misc":{"Napisane przez":"treichelp","Szacowany czas czytania":"5 minut"},"schema":{"@context":"https:\/\/schema.org","@graph":[{"@type":"event","@id":"https:\/\/instytutpolski.pl\/stockholm\/pl\/2022\/10\/04\/fotoreportaz-dzien-jezykow-2022\/","url":"https:\/\/instytutpolski.pl\/stockholm\/pl\/2022\/10\/04\/fotoreportaz-dzien-jezykow-2022\/","name":"Fotoreporta\u017c: Dzie\u0144 J\u0119zyk\u00f3w 2022","isPartOf":{"@id":"https:\/\/instytutpolski.pl\/stockholm\/#website"},"primaryImageOfPage":{"@id":"https:\/\/instytutpolski.pl\/stockholm\/pl\/2022\/10\/04\/fotoreportaz-dzien-jezykow-2022\/#primaryimage"},"image":["https:\/\/instytutpolski.pl\/stockholm\/wp-content\/uploads\/sites\/17\/2022\/10\/DSC_9629.jpg","https:\/\/instytutpolski.pl\/stockholm\/wp-content\/uploads\/sites\/17\/2022\/10\/DSC_9629-300x200.jpg","https:\/\/instytutpolski.pl\/stockholm\/wp-content\/uploads\/sites\/17\/2022\/10\/DSC_9629-1024x683.jpg","https:\/\/instytutpolski.pl\/stockholm\/wp-content\/uploads\/sites\/17\/2022\/10\/DSC_9629.jpg"],"thumbnailUrl":"https:\/\/instytutpolski.pl\/stockholm\/wp-content\/uploads\/sites\/17\/2022\/10\/DSC_9629.jpg","datePublished":"2022-10-04T13:40:49+02:00","dateModified":"2022-10-04T14:08:47+02:00","author":{"@id":"https:\/\/instytutpolski.pl\/stockholm\/#\/schema\/person\/866a2c0f4ccf0982a286809684f7bc1e"},"breadcrumb":{"@id":"https:\/\/instytutpolski.pl\/stockholm\/pl\/2022\/10\/04\/fotoreportaz-dzien-jezykow-2022\/#breadcrumb"},"inLanguage":"pl-PL","potentialAction":[{"@type":"ReadAction","target":["https:\/\/instytutpolski.pl\/stockholm\/pl\/2022\/10\/04\/fotoreportaz-dzien-jezykow-2022\/"]}],"@context":"https:\/\/schema.org","startDate":"2022-09-27","endDate":"2022-09-27","eventStatus":"EventScheduled","eventAttendanceMode":"OfflineEventAttendanceMode","location":{"@type":"place","name":"","address":"","geo":{"@type":"GeoCoordinates","latitude":"","longitude":""}},"description":"EDL by\u0142 obchodzony po raz pierwszy w zwi\u0105zku z Europejskim Rokiem J\u0119zyk\u00f3w w 2001 roku i zosta\u0142 utworzony z inicjatywy UE i Rady Europy. Dzie\u0144 J\u0119zyk\u00f3w ma miejsce co roku 26 wrze\u015bnia, a jego celem jest zwr\u00f3cenie uwagi na korzy\u015bci i przyjemno\u015bci p\u0142yn\u0105ce z nauki j\u0119zyk\u00f3w obcych. W ramach wydarzenia ambasady oraz instytuty kulturalne oferowa\u0142y mini kursy j\u0119zykowe w ponad dwudziestu j\u0119zykach, w\u015br\u00f3d kt\u00f3rych znalaz\u0142y si\u0119 m.in. polski, esto\u0144ski, esperanto, francuski, niemiecki czy islandzki. Dla ponad 600 uczni\u00f3w by\u0142a to \u015bwietna okazja do poznania nowych j\u0119zyk\u00f3w i odkrycia ciekawostek na temat tych ju\u017c znanych j\u0119zyk\u00f3w.\nPonadto, w ci\u0105gu dnia, przyznano nagrod\u0119 dla tegorocznej zwyci\u0119\u017cczyni krajowego konkursu Dnia J\u0119zyk\u00f3w zorganizowanego w ramach Europejskiego Dnia J\u0119zyk\u00f3w. Pierwsze miejsce zaj\u0119\u0142a Helena Zinck z liceum ABB w V\u00e4ster\u00e5s. Jury by\u0142o pod wra\u017ceniem pomys\u0142u Heleny, kt\u00f3ra po\u0142\u0105czy\u0142a w przes\u0142anym filmie swoje zainteresowania: nauk\u0119 j\u0119zyka obcego oraz balet. To w\u0142a\u015bnie pasja Heleny do baletu zaowocowa\u0142a zainteresowaniem nauk\u0105 j\u0119zyka francuskiego, co wyra\u017anie wida\u0107 w u\u017cyciu choreografii w teledysku. Edycja filmu, efekty i dob\u00f3r muzyki do teledysku by\u0142y r\u00f3wnie\u017c bardzo oryginalne.\nWywiad z Helen\u0105 (po szwedzku) znajdziesz tutaj."},{"@type":"ImageObject","inLanguage":"pl-PL","@id":"https:\/\/instytutpolski.pl\/stockholm\/pl\/2022\/10\/04\/fotoreportaz-dzien-jezykow-2022\/#primaryimage","url":"https:\/\/instytutpolski.pl\/stockholm\/wp-content\/uploads\/sites\/17\/2022\/10\/DSC_9629.jpg","contentUrl":"https:\/\/instytutpolski.pl\/stockholm\/wp-content\/uploads\/sites\/17\/2022\/10\/DSC_9629.jpg","width":1920,"height":1280},{"@type":"BreadcrumbList","@id":"https:\/\/instytutpolski.pl\/stockholm\/pl\/2022\/10\/04\/fotoreportaz-dzien-jezykow-2022\/#breadcrumb","itemListElement":[{"@type":"ListItem","position":1,"name":"Home","item":"https:\/\/instytutpolski.pl\/stockholm\/"},{"@type":"ListItem","position":2,"name":"Fotoreporta\u017c: Dzie\u0144 J\u0119zyk\u00f3w 2022"}]},{"@type":"WebSite","@id":"https:\/\/instytutpolski.pl\/stockholm\/#website","url":"https:\/\/instytutpolski.pl\/stockholm\/","name":"Instytut Polski w Sztokholmie","description":"Instytuty Polskie","potentialAction":[{"@type":"SearchAction","target":{"@type":"EntryPoint","urlTemplate":"https:\/\/instytutpolski.pl\/stockholm\/?s={search_term_string}"},"query-input":{"@type":"PropertyValueSpecification","valueRequired":true,"valueName":"search_term_string"}}],"inLanguage":"pl-PL"},{"@type":"Person","@id":"https:\/\/instytutpolski.pl\/stockholm\/#\/schema\/person\/866a2c0f4ccf0982a286809684f7bc1e","name":"treichelp","image":{"@type":"ImageObject","inLanguage":"pl-PL","@id":"https:\/\/instytutpolski.pl\/stockholm\/#\/schema\/person\/image\/","url":"https:\/\/secure.gravatar.com\/avatar\/fb2c1caae0df0854742a56fc463dd1fb?s=96&d=mm&r=g","contentUrl":"https:\/\/secure.gravatar.com\/avatar\/fb2c1caae0df0854742a56fc463dd1fb?s=96&d=mm&r=g","caption":"treichelp"},"url":"https:\/\/instytutpolski.pl\/stockholm\/author\/treichelp\/"}]}},"_links":{"self":[{"href":"https:\/\/instytutpolski.pl\/stockholm\/wp-json\/wp\/v2\/posts\/9472","targetHints":{"allow":["GET"]}}],"collection":[{"href":"https:\/\/instytutpolski.pl\/stockholm\/wp-json\/wp\/v2\/posts"}],"about":[{"href":"https:\/\/instytutpolski.pl\/stockholm\/wp-json\/wp\/v2\/types\/post"}],"author":[{"embeddable":true,"href":"https:\/\/instytutpolski.pl\/stockholm\/wp-json\/wp\/v2\/users\/173"}],"replies":[{"embeddable":true,"href":"https:\/\/instytutpolski.pl\/stockholm\/wp-json\/wp\/v2\/comments?post=9472"}],"version-history":[{"count":3,"href":"https:\/\/instytutpolski.pl\/stockholm\/wp-json\/wp\/v2\/posts\/9472\/revisions"}],"predecessor-version":[{"id":9475,"href":"https:\/\/instytutpolski.pl\/stockholm\/wp-json\/wp\/v2\/posts\/9472\/revisions\/9475"}],"wp:featuredmedia":[{"embeddable":true,"href":"https:\/\/instytutpolski.pl\/stockholm\/wp-json\/wp\/v2\/media\/9446"}],"wp:attachment":[{"href":"https:\/\/instytutpolski.pl\/stockholm\/wp-json\/wp\/v2\/media?parent=9472"}],"wp:term":[{"taxonomy":"category","embeddable":true,"href":"https:\/\/instytutpolski.pl\/stockholm\/wp-json\/wp\/v2\/categories?post=9472"},{"taxonomy":"post_tag","embeddable":true,"href":"https:\/\/instytutpolski.pl\/stockholm\/wp-json\/wp\/v2\/tags?post=9472"}],"curies":[{"name":"wp","href":"https:\/\/api.w.org\/{rel}","templated":true}]}}