{"id":9518,"date":"2022-03-30T14:22:12","date_gmt":"2022-03-30T12:22:12","guid":{"rendered":"https:\/\/instytutpolski.pl\/stockholm\/?p=9518"},"modified":"2022-10-06T11:40:21","modified_gmt":"2022-10-06T09:40:21","slug":"fotoreportaz-koncert-wsparcia-dla-ukrainy-w-filharmonii-sztokholmskiej-z-udzialem-orkiestry-kyiv-soloists","status":"publish","type":"post","link":"https:\/\/instytutpolski.pl\/stockholm\/pl\/2022\/03\/30\/fotoreportaz-koncert-wsparcia-dla-ukrainy-w-filharmonii-sztokholmskiej-z-udzialem-orkiestry-kyiv-soloists\/","title":{"rendered":"Fotoreporta\u017c: Koncert wsparcia dla Ukrainy w Filharmonii Sztokholmskiej z udzia\u0142em orkiestry Kyiv Soloists"},"content":{"rendered":"\n<p>W programie nie zabrak\u0142o tak\u017ce kompozytor\u00f3w mi\u0119dzynarodowych, takich jak Nino Rota i Felix Mendelssohn-Bartholdy. Na scenie do zespo\u0142u do\u0142\u0105czy\u0142 zesp\u00f3\u0142 studencki Adolf Fredriks Musikklasser Farsta, ch\u00f3r Eric Ericsons Kammark\u00f6r, wybitna pianistka Natalya Pasichnyk oraz jeden z najs\u0142ynniejszych szwedzkich kompozytor\u00f3w i artyst\u00f3w, Benny Andersson z zespo\u0142u ABBA.<\/p>\n\n\n\n<p>W\u015br\u00f3d publiczno\u015bci znalaz\u0142a si\u0119 m.in. szwedzka para kr\u00f3lewska oraz ambasador Ukrainy w Szwecji.<\/p>\n\n\n\n<p>Koncert by\u0142 cz\u0119\u015bci\u0105 europejskiej trasy koncertowej orkiestry, maj\u0105cej na celu wsparcie. Kolejne wyst\u0105pienia b\u0119d\u0105 mia\u0142y miejsce w Uppsali (28 marca), G\u00f6teborgu (29 marca), Vara (2 kwietnia). Doch\u00f3d ze sprzeda\u017cy bilet\u00f3w oraz datki zebrane przez Radiohj\u00e4lpen zostan\u0105 przekazane w ca\u0142o\u015bci na rzecz wsparcia Ukrainy.<\/p>\n\n\n\n<p><\/p>\n\n\n\n<figure class=\"wp-block-gallery has-nested-images columns-default is-cropped wp-block-gallery-1 is-layout-flex wp-block-gallery-is-layout-flex\">\n<figure class=\"wp-block-image size-large\"><img loading=\"lazy\" decoding=\"async\" width=\"1800\" height=\"1201\" data-id=\"8120\" src=\"https:\/\/instytutpolski.pl\/stockholm\/wp-content\/uploads\/sites\/17\/2022\/03\/Yanan_Li_220327_0929_2.jpg\" alt=\"\" class=\"wp-image-8120\" srcset=\"https:\/\/instytutpolski.pl\/stockholm\/wp-content\/uploads\/sites\/17\/2022\/03\/Yanan_Li_220327_0929_2.jpg 1800w, https:\/\/instytutpolski.pl\/stockholm\/wp-content\/uploads\/sites\/17\/2022\/03\/Yanan_Li_220327_0929_2-300x200.jpg 300w, https:\/\/instytutpolski.pl\/stockholm\/wp-content\/uploads\/sites\/17\/2022\/03\/Yanan_Li_220327_0929_2-1024x683.jpg 1024w, https:\/\/instytutpolski.pl\/stockholm\/wp-content\/uploads\/sites\/17\/2022\/03\/Yanan_Li_220327_0929_2-768x512.jpg 768w, https:\/\/instytutpolski.pl\/stockholm\/wp-content\/uploads\/sites\/17\/2022\/03\/Yanan_Li_220327_0929_2-1536x1025.jpg 1536w\" sizes=\"auto, (max-width: 1800px) 100vw, 1800px\" \/><figcaption>Foto: Yanan Li dla Filharmonii w Sztokholmie<\/figcaption><\/figure>\n\n\n\n<figure class=\"wp-block-image size-large\"><img loading=\"lazy\" decoding=\"async\" width=\"1800\" height=\"1201\" data-id=\"8119\" src=\"https:\/\/instytutpolski.pl\/stockholm\/wp-content\/uploads\/sites\/17\/2022\/03\/Yanan_Li_220327_0718_2.jpg\" alt=\"\" class=\"wp-image-8119\" srcset=\"https:\/\/instytutpolski.pl\/stockholm\/wp-content\/uploads\/sites\/17\/2022\/03\/Yanan_Li_220327_0718_2.jpg 1800w, https:\/\/instytutpolski.pl\/stockholm\/wp-content\/uploads\/sites\/17\/2022\/03\/Yanan_Li_220327_0718_2-300x200.jpg 300w, https:\/\/instytutpolski.pl\/stockholm\/wp-content\/uploads\/sites\/17\/2022\/03\/Yanan_Li_220327_0718_2-1024x683.jpg 1024w, https:\/\/instytutpolski.pl\/stockholm\/wp-content\/uploads\/sites\/17\/2022\/03\/Yanan_Li_220327_0718_2-768x512.jpg 768w, https:\/\/instytutpolski.pl\/stockholm\/wp-content\/uploads\/sites\/17\/2022\/03\/Yanan_Li_220327_0718_2-1536x1025.jpg 1536w\" sizes=\"auto, (max-width: 1800px) 100vw, 1800px\" \/><figcaption>Foto: Yanan Li dla Filharmonii w Sztokholmie<\/figcaption><\/figure>\n\n\n\n<figure class=\"wp-block-image size-large\"><img loading=\"lazy\" decoding=\"async\" width=\"1800\" height=\"1201\" data-id=\"8121\" src=\"https:\/\/instytutpolski.pl\/stockholm\/wp-content\/uploads\/sites\/17\/2022\/03\/Yanan_Li_220327_1051_2.jpg\" alt=\"\" class=\"wp-image-8121\" srcset=\"https:\/\/instytutpolski.pl\/stockholm\/wp-content\/uploads\/sites\/17\/2022\/03\/Yanan_Li_220327_1051_2.jpg 1800w, https:\/\/instytutpolski.pl\/stockholm\/wp-content\/uploads\/sites\/17\/2022\/03\/Yanan_Li_220327_1051_2-300x200.jpg 300w, https:\/\/instytutpolski.pl\/stockholm\/wp-content\/uploads\/sites\/17\/2022\/03\/Yanan_Li_220327_1051_2-1024x683.jpg 1024w, https:\/\/instytutpolski.pl\/stockholm\/wp-content\/uploads\/sites\/17\/2022\/03\/Yanan_Li_220327_1051_2-768x512.jpg 768w, https:\/\/instytutpolski.pl\/stockholm\/wp-content\/uploads\/sites\/17\/2022\/03\/Yanan_Li_220327_1051_2-1536x1025.jpg 1536w\" sizes=\"auto, (max-width: 1800px) 100vw, 1800px\" \/><figcaption>Foto: Yanan Li dla Filharmonii w Sztokholmie<\/figcaption><\/figure>\n\n\n\n<figure class=\"wp-block-image size-large\"><img loading=\"lazy\" decoding=\"async\" width=\"1800\" height=\"1201\" data-id=\"8122\" src=\"https:\/\/instytutpolski.pl\/stockholm\/wp-content\/uploads\/sites\/17\/2022\/03\/Yanan_Li_220327_1207_2.jpg\" alt=\"\" class=\"wp-image-8122\" srcset=\"https:\/\/instytutpolski.pl\/stockholm\/wp-content\/uploads\/sites\/17\/2022\/03\/Yanan_Li_220327_1207_2.jpg 1800w, https:\/\/instytutpolski.pl\/stockholm\/wp-content\/uploads\/sites\/17\/2022\/03\/Yanan_Li_220327_1207_2-300x200.jpg 300w, https:\/\/instytutpolski.pl\/stockholm\/wp-content\/uploads\/sites\/17\/2022\/03\/Yanan_Li_220327_1207_2-1024x683.jpg 1024w, https:\/\/instytutpolski.pl\/stockholm\/wp-content\/uploads\/sites\/17\/2022\/03\/Yanan_Li_220327_1207_2-768x512.jpg 768w, https:\/\/instytutpolski.pl\/stockholm\/wp-content\/uploads\/sites\/17\/2022\/03\/Yanan_Li_220327_1207_2-1536x1025.jpg 1536w\" sizes=\"auto, (max-width: 1800px) 100vw, 1800px\" \/><figcaption>Foto: Yanan Li dla Filharmonii w Sztokholmie<\/figcaption><\/figure>\n<\/figure>\n\n\n\n<pre class=\"wp-block-verse\"><\/pre>\n\n\n\n<figure class=\"wp-block-gallery has-nested-images columns-default is-cropped wp-block-gallery-2 is-layout-flex wp-block-gallery-is-layout-flex\">\n<figure class=\"wp-block-image size-large\"><img loading=\"lazy\" decoding=\"async\" width=\"1800\" height=\"1200\" data-id=\"8115\" src=\"https:\/\/instytutpolski.pl\/stockholm\/wp-content\/uploads\/sites\/17\/2022\/03\/Koncert-dla-Ukrainy-5-of-161_2.jpg\" alt=\"\" class=\"wp-image-8115\" srcset=\"https:\/\/instytutpolski.pl\/stockholm\/wp-content\/uploads\/sites\/17\/2022\/03\/Koncert-dla-Ukrainy-5-of-161_2.jpg 1800w, https:\/\/instytutpolski.pl\/stockholm\/wp-content\/uploads\/sites\/17\/2022\/03\/Koncert-dla-Ukrainy-5-of-161_2-300x200.jpg 300w, https:\/\/instytutpolski.pl\/stockholm\/wp-content\/uploads\/sites\/17\/2022\/03\/Koncert-dla-Ukrainy-5-of-161_2-1024x683.jpg 1024w, https:\/\/instytutpolski.pl\/stockholm\/wp-content\/uploads\/sites\/17\/2022\/03\/Koncert-dla-Ukrainy-5-of-161_2-768x512.jpg 768w, https:\/\/instytutpolski.pl\/stockholm\/wp-content\/uploads\/sites\/17\/2022\/03\/Koncert-dla-Ukrainy-5-of-161_2-1536x1024.jpg 1536w\" sizes=\"auto, (max-width: 1800px) 100vw, 1800px\" \/><figcaption>Foto: Pawe\u0142 Kania dla Instytutu Polskiego w Sztokholmie<\/figcaption><\/figure>\n\n\n\n<figure class=\"wp-block-image size-large\"><img loading=\"lazy\" decoding=\"async\" width=\"2560\" height=\"1707\" data-id=\"8112\" src=\"https:\/\/instytutpolski.pl\/stockholm\/wp-content\/uploads\/sites\/17\/2022\/03\/Koncert-dla-Ukrainy-99-of-161-scaled.jpg\" alt=\"\" class=\"wp-image-8112\" srcset=\"https:\/\/instytutpolski.pl\/stockholm\/wp-content\/uploads\/sites\/17\/2022\/03\/Koncert-dla-Ukrainy-99-of-161-scaled.jpg 2560w, https:\/\/instytutpolski.pl\/stockholm\/wp-content\/uploads\/sites\/17\/2022\/03\/Koncert-dla-Ukrainy-99-of-161-300x200.jpg 300w, https:\/\/instytutpolski.pl\/stockholm\/wp-content\/uploads\/sites\/17\/2022\/03\/Koncert-dla-Ukrainy-99-of-161-1024x683.jpg 1024w, https:\/\/instytutpolski.pl\/stockholm\/wp-content\/uploads\/sites\/17\/2022\/03\/Koncert-dla-Ukrainy-99-of-161-768x512.jpg 768w, https:\/\/instytutpolski.pl\/stockholm\/wp-content\/uploads\/sites\/17\/2022\/03\/Koncert-dla-Ukrainy-99-of-161-1536x1024.jpg 1536w, https:\/\/instytutpolski.pl\/stockholm\/wp-content\/uploads\/sites\/17\/2022\/03\/Koncert-dla-Ukrainy-99-of-161-2048x1365.jpg 2048w\" sizes=\"auto, (max-width: 2560px) 100vw, 2560px\" \/><figcaption>Foto: Pawe\u0142 Kania dla Instytutu Polskiego w Sztokholmie<\/figcaption><\/figure>\n\n\n\n<figure class=\"wp-block-image size-large\"><img loading=\"lazy\" decoding=\"async\" width=\"2560\" height=\"1707\" data-id=\"8111\" src=\"https:\/\/instytutpolski.pl\/stockholm\/wp-content\/uploads\/sites\/17\/2022\/03\/Koncert-dla-Ukrainy-14-of-161-scaled.jpg\" alt=\"\" class=\"wp-image-8111\" srcset=\"https:\/\/instytutpolski.pl\/stockholm\/wp-content\/uploads\/sites\/17\/2022\/03\/Koncert-dla-Ukrainy-14-of-161-scaled.jpg 2560w, https:\/\/instytutpolski.pl\/stockholm\/wp-content\/uploads\/sites\/17\/2022\/03\/Koncert-dla-Ukrainy-14-of-161-300x200.jpg 300w, https:\/\/instytutpolski.pl\/stockholm\/wp-content\/uploads\/sites\/17\/2022\/03\/Koncert-dla-Ukrainy-14-of-161-1024x683.jpg 1024w, https:\/\/instytutpolski.pl\/stockholm\/wp-content\/uploads\/sites\/17\/2022\/03\/Koncert-dla-Ukrainy-14-of-161-768x512.jpg 768w, https:\/\/instytutpolski.pl\/stockholm\/wp-content\/uploads\/sites\/17\/2022\/03\/Koncert-dla-Ukrainy-14-of-161-1536x1024.jpg 1536w, https:\/\/instytutpolski.pl\/stockholm\/wp-content\/uploads\/sites\/17\/2022\/03\/Koncert-dla-Ukrainy-14-of-161-2048x1365.jpg 2048w\" sizes=\"auto, (max-width: 2560px) 100vw, 2560px\" \/><figcaption>Foto: Pawe\u0142 Kania dla Instytutu Polskiego w Sztokholmie<\/figcaption><\/figure>\n\n\n\n<figure class=\"wp-block-image size-large\"><img loading=\"lazy\" decoding=\"async\" width=\"1200\" height=\"1800\" data-id=\"8118\" src=\"https:\/\/instytutpolski.pl\/stockholm\/wp-content\/uploads\/sites\/17\/2022\/03\/Koncert-dla-Ukrainy-143-of-161_2.jpg\" alt=\"\" class=\"wp-image-8118\" srcset=\"https:\/\/instytutpolski.pl\/stockholm\/wp-content\/uploads\/sites\/17\/2022\/03\/Koncert-dla-Ukrainy-143-of-161_2.jpg 1200w, https:\/\/instytutpolski.pl\/stockholm\/wp-content\/uploads\/sites\/17\/2022\/03\/Koncert-dla-Ukrainy-143-of-161_2-200x300.jpg 200w, https:\/\/instytutpolski.pl\/stockholm\/wp-content\/uploads\/sites\/17\/2022\/03\/Koncert-dla-Ukrainy-143-of-161_2-683x1024.jpg 683w, https:\/\/instytutpolski.pl\/stockholm\/wp-content\/uploads\/sites\/17\/2022\/03\/Koncert-dla-Ukrainy-143-of-161_2-768x1152.jpg 768w, https:\/\/instytutpolski.pl\/stockholm\/wp-content\/uploads\/sites\/17\/2022\/03\/Koncert-dla-Ukrainy-143-of-161_2-1024x1536.jpg 1024w\" sizes=\"auto, (max-width: 1200px) 100vw, 1200px\" \/><figcaption>Foto: Pawe\u0142 Kania dla Instytutu Polskiego w Sztokholmie<\/figcaption><\/figure>\n\n\n\n<figure class=\"wp-block-image size-large\"><img loading=\"lazy\" decoding=\"async\" width=\"1707\" height=\"2560\" data-id=\"8114\" src=\"https:\/\/instytutpolski.pl\/stockholm\/wp-content\/uploads\/sites\/17\/2022\/03\/Koncert-dla-Ukrainy-107-of-161-scaled.jpg\" alt=\"\" class=\"wp-image-8114\" srcset=\"https:\/\/instytutpolski.pl\/stockholm\/wp-content\/uploads\/sites\/17\/2022\/03\/Koncert-dla-Ukrainy-107-of-161-scaled.jpg 1707w, https:\/\/instytutpolski.pl\/stockholm\/wp-content\/uploads\/sites\/17\/2022\/03\/Koncert-dla-Ukrainy-107-of-161-200x300.jpg 200w, https:\/\/instytutpolski.pl\/stockholm\/wp-content\/uploads\/sites\/17\/2022\/03\/Koncert-dla-Ukrainy-107-of-161-683x1024.jpg 683w, https:\/\/instytutpolski.pl\/stockholm\/wp-content\/uploads\/sites\/17\/2022\/03\/Koncert-dla-Ukrainy-107-of-161-768x1152.jpg 768w, https:\/\/instytutpolski.pl\/stockholm\/wp-content\/uploads\/sites\/17\/2022\/03\/Koncert-dla-Ukrainy-107-of-161-1024x1536.jpg 1024w, https:\/\/instytutpolski.pl\/stockholm\/wp-content\/uploads\/sites\/17\/2022\/03\/Koncert-dla-Ukrainy-107-of-161-1365x2048.jpg 1365w\" sizes=\"auto, (max-width: 1707px) 100vw, 1707px\" \/><figcaption>Foto: Pawe\u0142 Kania dla Instytutu Polskiego w Sztokholmie<\/figcaption><\/figure>\n\n\n\n<figure class=\"wp-block-image size-large\"><img loading=\"lazy\" decoding=\"async\" width=\"1200\" height=\"1800\" data-id=\"8117\" src=\"https:\/\/instytutpolski.pl\/stockholm\/wp-content\/uploads\/sites\/17\/2022\/03\/Koncert-dla-Ukrainy-144-of-161_2.jpg\" alt=\"\" class=\"wp-image-8117\" srcset=\"https:\/\/instytutpolski.pl\/stockholm\/wp-content\/uploads\/sites\/17\/2022\/03\/Koncert-dla-Ukrainy-144-of-161_2.jpg 1200w, https:\/\/instytutpolski.pl\/stockholm\/wp-content\/uploads\/sites\/17\/2022\/03\/Koncert-dla-Ukrainy-144-of-161_2-200x300.jpg 200w, https:\/\/instytutpolski.pl\/stockholm\/wp-content\/uploads\/sites\/17\/2022\/03\/Koncert-dla-Ukrainy-144-of-161_2-683x1024.jpg 683w, https:\/\/instytutpolski.pl\/stockholm\/wp-content\/uploads\/sites\/17\/2022\/03\/Koncert-dla-Ukrainy-144-of-161_2-768x1152.jpg 768w, https:\/\/instytutpolski.pl\/stockholm\/wp-content\/uploads\/sites\/17\/2022\/03\/Koncert-dla-Ukrainy-144-of-161_2-1024x1536.jpg 1024w\" sizes=\"auto, (max-width: 1200px) 100vw, 1200px\" \/><figcaption>Foto: Pawe\u0142 Kania dla Instytutu Polskiego w Sztokholmie<\/figcaption><\/figure>\n\n\n\n<figure class=\"wp-block-image size-large\"><img loading=\"lazy\" decoding=\"async\" width=\"2560\" height=\"1707\" data-id=\"8113\" src=\"https:\/\/instytutpolski.pl\/stockholm\/wp-content\/uploads\/sites\/17\/2022\/03\/Koncert-dla-Ukrainy-105-of-161-scaled.jpg\" alt=\"\" class=\"wp-image-8113\" srcset=\"https:\/\/instytutpolski.pl\/stockholm\/wp-content\/uploads\/sites\/17\/2022\/03\/Koncert-dla-Ukrainy-105-of-161-scaled.jpg 2560w, https:\/\/instytutpolski.pl\/stockholm\/wp-content\/uploads\/sites\/17\/2022\/03\/Koncert-dla-Ukrainy-105-of-161-300x200.jpg 300w, https:\/\/instytutpolski.pl\/stockholm\/wp-content\/uploads\/sites\/17\/2022\/03\/Koncert-dla-Ukrainy-105-of-161-1024x683.jpg 1024w, https:\/\/instytutpolski.pl\/stockholm\/wp-content\/uploads\/sites\/17\/2022\/03\/Koncert-dla-Ukrainy-105-of-161-768x512.jpg 768w, https:\/\/instytutpolski.pl\/stockholm\/wp-content\/uploads\/sites\/17\/2022\/03\/Koncert-dla-Ukrainy-105-of-161-1536x1024.jpg 1536w, https:\/\/instytutpolski.pl\/stockholm\/wp-content\/uploads\/sites\/17\/2022\/03\/Koncert-dla-Ukrainy-105-of-161-2048x1365.jpg 2048w\" sizes=\"auto, (max-width: 2560px) 100vw, 2560px\" \/><figcaption>Foto: Pawe\u0142 Kania dla Instytutu Polskiego w Sztokholmie<\/figcaption><\/figure>\n\n\n\n<figure class=\"wp-block-image size-large\"><img loading=\"lazy\" decoding=\"async\" width=\"1800\" height=\"1200\" data-id=\"8116\" src=\"https:\/\/instytutpolski.pl\/stockholm\/wp-content\/uploads\/sites\/17\/2022\/03\/Koncert-dla-Ukrainy-145-of-161_2.jpg\" alt=\"\" class=\"wp-image-8116\" srcset=\"https:\/\/instytutpolski.pl\/stockholm\/wp-content\/uploads\/sites\/17\/2022\/03\/Koncert-dla-Ukrainy-145-of-161_2.jpg 1800w, https:\/\/instytutpolski.pl\/stockholm\/wp-content\/uploads\/sites\/17\/2022\/03\/Koncert-dla-Ukrainy-145-of-161_2-300x200.jpg 300w, https:\/\/instytutpolski.pl\/stockholm\/wp-content\/uploads\/sites\/17\/2022\/03\/Koncert-dla-Ukrainy-145-of-161_2-1024x683.jpg 1024w, https:\/\/instytutpolski.pl\/stockholm\/wp-content\/uploads\/sites\/17\/2022\/03\/Koncert-dla-Ukrainy-145-of-161_2-768x512.jpg 768w, https:\/\/instytutpolski.pl\/stockholm\/wp-content\/uploads\/sites\/17\/2022\/03\/Koncert-dla-Ukrainy-145-of-161_2-1536x1024.jpg 1536w\" sizes=\"auto, (max-width: 1800px) 100vw, 1800px\" \/><figcaption>Foto: Pawe\u0142 Kania dla Instytutu Polskiego w Sztokholmie<\/figcaption><\/figure>\n<\/figure>\n\n\n\n<pre class=\"wp-block-verse\"><\/pre>\n\n\n\n<p>Koncert by\u0142 transmitowany przez szwedzk\u0105 telewizj\u0119 SVT1 oraz na kana\u0142ach TV4 Play, Viaplay, Discovery+, Sveriges Radio P4, Aftonbladet oraz Expressen. Nagranie jest dost\u0119pne na platformie SVTPlay do 29 wrze\u015bnia 2022.<\/p>\n\n\n\n<pre class=\"wp-block-verse\"><\/pre>\n\n\n\n<figure class=\"wp-block-gallery has-nested-images columns-default is-cropped wp-block-gallery-3 is-layout-flex wp-block-gallery-is-layout-flex\">\n<figure class=\"wp-block-image size-large\"><img loading=\"lazy\" decoding=\"async\" width=\"1024\" height=\"395\" data-id=\"8139\" src=\"https:\/\/instytutpolski.pl\/stockholm\/wp-content\/uploads\/sites\/17\/2022\/04\/ukriana-koncer-konsterhuset-svt-1024x395.jpg\" alt=\"\" class=\"wp-image-8139\" srcset=\"https:\/\/instytutpolski.pl\/stockholm\/wp-content\/uploads\/sites\/17\/2022\/04\/ukriana-koncer-konsterhuset-svt-1024x395.jpg 1024w, https:\/\/instytutpolski.pl\/stockholm\/wp-content\/uploads\/sites\/17\/2022\/04\/ukriana-koncer-konsterhuset-svt-300x116.jpg 300w, https:\/\/instytutpolski.pl\/stockholm\/wp-content\/uploads\/sites\/17\/2022\/04\/ukriana-koncer-konsterhuset-svt-768x296.jpg 768w, https:\/\/instytutpolski.pl\/stockholm\/wp-content\/uploads\/sites\/17\/2022\/04\/ukriana-koncer-konsterhuset-svt-1536x592.jpg 1536w, https:\/\/instytutpolski.pl\/stockholm\/wp-content\/uploads\/sites\/17\/2022\/04\/ukriana-koncer-konsterhuset-svt.jpg 1937w\" sizes=\"auto, (max-width: 1024px) 100vw, 1024px\" \/><\/figure>\n<\/figure>\n\n\n\n<pre class=\"wp-block-verse\"><\/pre>\n\n\n\n<p>Wydarzenie by\u0142o efektem wsp\u00f3\u0142pracy Filharmonii w Sztokholmie, Instytutu Ukrai\u0144skiego w Szwecji, organizacji EUNIC Stockholm (kt\u00f3rej cz\u0142onkiem jest Instytut Polski w Sztokholmie), Reprezentacji Komisji Europejskiej w Szwecji, gazety Dagens Nyheter oraz szwedzkiej telewizji SVT.<\/p>\n\n\n\n<p>Wi\u0119cej informacji o orkiestrze Kyiv Soloists znajdziesz na <a href=\"http:\/\/kyiv-soloists.com.ua\/en\/?fbclid=IwAR298weoMhEFJqaa_kzp722KewpRA0wIvuuqr-UORlBLm3f2FTdarOzVTzM\" target=\"_blank\" rel=\"noreferrer noopener\">ich oficjalnej stronie<\/a>.<\/p>\n\n\n\n<pre class=\"wp-block-verse\"><\/pre>\n\n\n\n<figure class=\"wp-block-gallery has-nested-images columns-default is-cropped wp-block-gallery-4 is-layout-flex wp-block-gallery-is-layout-flex\">\n<figure class=\"wp-block-image size-large\"><img loading=\"lazy\" decoding=\"async\" width=\"2045\" height=\"1003\" data-id=\"8144\" src=\"https:\/\/instytutpolski.pl\/stockholm\/wp-content\/uploads\/sites\/17\/2022\/04\/ukriana-koncer-konsterhuset-svt-ambasador-ukr-para-kr.jpg\" alt=\"\" class=\"wp-image-8144\" srcset=\"https:\/\/instytutpolski.pl\/stockholm\/wp-content\/uploads\/sites\/17\/2022\/04\/ukriana-koncer-konsterhuset-svt-ambasador-ukr-para-kr.jpg 2045w, https:\/\/instytutpolski.pl\/stockholm\/wp-content\/uploads\/sites\/17\/2022\/04\/ukriana-koncer-konsterhuset-svt-ambasador-ukr-para-kr-300x147.jpg 300w, https:\/\/instytutpolski.pl\/stockholm\/wp-content\/uploads\/sites\/17\/2022\/04\/ukriana-koncer-konsterhuset-svt-ambasador-ukr-para-kr-1024x502.jpg 1024w, https:\/\/instytutpolski.pl\/stockholm\/wp-content\/uploads\/sites\/17\/2022\/04\/ukriana-koncer-konsterhuset-svt-ambasador-ukr-para-kr-768x377.jpg 768w, https:\/\/instytutpolski.pl\/stockholm\/wp-content\/uploads\/sites\/17\/2022\/04\/ukriana-koncer-konsterhuset-svt-ambasador-ukr-para-kr-1536x753.jpg 1536w\" sizes=\"auto, (max-width: 2045px) 100vw, 2045px\" \/><figcaption>Foto: SVT<\/figcaption><\/figure>\n\n\n\n<figure class=\"wp-block-image size-large\"><img loading=\"lazy\" decoding=\"async\" width=\"2043\" height=\"1005\" data-id=\"8141\" src=\"https:\/\/instytutpolski.pl\/stockholm\/wp-content\/uploads\/sites\/17\/2022\/04\/ukriana-koncer-konsterhuset-svt-ambasador-ukr.jpg\" alt=\"\" class=\"wp-image-8141\" srcset=\"https:\/\/instytutpolski.pl\/stockholm\/wp-content\/uploads\/sites\/17\/2022\/04\/ukriana-koncer-konsterhuset-svt-ambasador-ukr.jpg 2043w, https:\/\/instytutpolski.pl\/stockholm\/wp-content\/uploads\/sites\/17\/2022\/04\/ukriana-koncer-konsterhuset-svt-ambasador-ukr-300x148.jpg 300w, https:\/\/instytutpolski.pl\/stockholm\/wp-content\/uploads\/sites\/17\/2022\/04\/ukriana-koncer-konsterhuset-svt-ambasador-ukr-1024x504.jpg 1024w, https:\/\/instytutpolski.pl\/stockholm\/wp-content\/uploads\/sites\/17\/2022\/04\/ukriana-koncer-konsterhuset-svt-ambasador-ukr-768x378.jpg 768w, https:\/\/instytutpolski.pl\/stockholm\/wp-content\/uploads\/sites\/17\/2022\/04\/ukriana-koncer-konsterhuset-svt-ambasador-ukr-1536x756.jpg 1536w\" sizes=\"auto, (max-width: 2043px) 100vw, 2043px\" \/><figcaption>Foto: SVT<\/figcaption><\/figure>\n\n\n\n<figure class=\"wp-block-image size-large\"><img loading=\"lazy\" decoding=\"async\" width=\"2041\" height=\"1005\" data-id=\"8149\" src=\"https:\/\/instytutpolski.pl\/stockholm\/wp-content\/uploads\/sites\/17\/2022\/04\/ukriana-koncer-konsterhuset-svt-chor-powitanie-pary-kr.jpg\" alt=\"\" class=\"wp-image-8149\" srcset=\"https:\/\/instytutpolski.pl\/stockholm\/wp-content\/uploads\/sites\/17\/2022\/04\/ukriana-koncer-konsterhuset-svt-chor-powitanie-pary-kr.jpg 2041w, https:\/\/instytutpolski.pl\/stockholm\/wp-content\/uploads\/sites\/17\/2022\/04\/ukriana-koncer-konsterhuset-svt-chor-powitanie-pary-kr-300x148.jpg 300w, https:\/\/instytutpolski.pl\/stockholm\/wp-content\/uploads\/sites\/17\/2022\/04\/ukriana-koncer-konsterhuset-svt-chor-powitanie-pary-kr-1024x504.jpg 1024w, https:\/\/instytutpolski.pl\/stockholm\/wp-content\/uploads\/sites\/17\/2022\/04\/ukriana-koncer-konsterhuset-svt-chor-powitanie-pary-kr-768x378.jpg 768w, https:\/\/instytutpolski.pl\/stockholm\/wp-content\/uploads\/sites\/17\/2022\/04\/ukriana-koncer-konsterhuset-svt-chor-powitanie-pary-kr-1536x756.jpg 1536w\" sizes=\"auto, (max-width: 2041px) 100vw, 2041px\" \/><figcaption>Foto: SVT<\/figcaption><\/figure>\n\n\n\n<figure class=\"wp-block-image size-large\"><img loading=\"lazy\" decoding=\"async\" width=\"2043\" height=\"1005\" data-id=\"8146\" src=\"https:\/\/instytutpolski.pl\/stockholm\/wp-content\/uploads\/sites\/17\/2022\/04\/ukriana-koncer-konsterhuset-svt-para-kr.jpg\" alt=\"\" class=\"wp-image-8146\" srcset=\"https:\/\/instytutpolski.pl\/stockholm\/wp-content\/uploads\/sites\/17\/2022\/04\/ukriana-koncer-konsterhuset-svt-para-kr.jpg 2043w, https:\/\/instytutpolski.pl\/stockholm\/wp-content\/uploads\/sites\/17\/2022\/04\/ukriana-koncer-konsterhuset-svt-para-kr-300x148.jpg 300w, https:\/\/instytutpolski.pl\/stockholm\/wp-content\/uploads\/sites\/17\/2022\/04\/ukriana-koncer-konsterhuset-svt-para-kr-1024x504.jpg 1024w, https:\/\/instytutpolski.pl\/stockholm\/wp-content\/uploads\/sites\/17\/2022\/04\/ukriana-koncer-konsterhuset-svt-para-kr-768x378.jpg 768w, https:\/\/instytutpolski.pl\/stockholm\/wp-content\/uploads\/sites\/17\/2022\/04\/ukriana-koncer-konsterhuset-svt-para-kr-1536x756.jpg 1536w\" sizes=\"auto, (max-width: 2043px) 100vw, 2043px\" \/><figcaption>Foto: SVT<\/figcaption><\/figure>\n\n\n\n<figure class=\"wp-block-image size-large\"><img loading=\"lazy\" decoding=\"async\" width=\"2041\" height=\"1007\" data-id=\"8147\" src=\"https:\/\/instytutpolski.pl\/stockholm\/wp-content\/uploads\/sites\/17\/2022\/04\/ukriana-koncer-konsterhuset-svt-para-kr-close-up.jpg\" alt=\"\" class=\"wp-image-8147\" srcset=\"https:\/\/instytutpolski.pl\/stockholm\/wp-content\/uploads\/sites\/17\/2022\/04\/ukriana-koncer-konsterhuset-svt-para-kr-close-up.jpg 2041w, https:\/\/instytutpolski.pl\/stockholm\/wp-content\/uploads\/sites\/17\/2022\/04\/ukriana-koncer-konsterhuset-svt-para-kr-close-up-300x148.jpg 300w, https:\/\/instytutpolski.pl\/stockholm\/wp-content\/uploads\/sites\/17\/2022\/04\/ukriana-koncer-konsterhuset-svt-para-kr-close-up-1024x505.jpg 1024w, https:\/\/instytutpolski.pl\/stockholm\/wp-content\/uploads\/sites\/17\/2022\/04\/ukriana-koncer-konsterhuset-svt-para-kr-close-up-768x379.jpg 768w, https:\/\/instytutpolski.pl\/stockholm\/wp-content\/uploads\/sites\/17\/2022\/04\/ukriana-koncer-konsterhuset-svt-para-kr-close-up-1536x758.jpg 1536w\" sizes=\"auto, (max-width: 2041px) 100vw, 2041px\" \/><figcaption>Foto: SVT<\/figcaption><\/figure>\n\n\n\n<figure class=\"wp-block-image size-large\"><img loading=\"lazy\" decoding=\"async\" width=\"2047\" height=\"1007\" data-id=\"8143\" src=\"https:\/\/instytutpolski.pl\/stockholm\/wp-content\/uploads\/sites\/17\/2022\/04\/ukriana-koncer-konsterhuset-svt-k-soloists.jpg\" alt=\"\" class=\"wp-image-8143\" srcset=\"https:\/\/instytutpolski.pl\/stockholm\/wp-content\/uploads\/sites\/17\/2022\/04\/ukriana-koncer-konsterhuset-svt-k-soloists.jpg 2047w, https:\/\/instytutpolski.pl\/stockholm\/wp-content\/uploads\/sites\/17\/2022\/04\/ukriana-koncer-konsterhuset-svt-k-soloists-300x148.jpg 300w, https:\/\/instytutpolski.pl\/stockholm\/wp-content\/uploads\/sites\/17\/2022\/04\/ukriana-koncer-konsterhuset-svt-k-soloists-1024x504.jpg 1024w, https:\/\/instytutpolski.pl\/stockholm\/wp-content\/uploads\/sites\/17\/2022\/04\/ukriana-koncer-konsterhuset-svt-k-soloists-768x378.jpg 768w, https:\/\/instytutpolski.pl\/stockholm\/wp-content\/uploads\/sites\/17\/2022\/04\/ukriana-koncer-konsterhuset-svt-k-soloists-1536x756.jpg 1536w\" sizes=\"auto, (max-width: 2047px) 100vw, 2047px\" \/><figcaption>Foto: SVT<\/figcaption><\/figure>\n\n\n\n<figure class=\"wp-block-image size-large\"><img loading=\"lazy\" decoding=\"async\" width=\"2041\" height=\"1009\" data-id=\"8148\" src=\"https:\/\/instytutpolski.pl\/stockholm\/wp-content\/uploads\/sites\/17\/2022\/04\/ukriana-koncer-konsterhuset-svt-dyr-arlanda.jpg\" alt=\"\" class=\"wp-image-8148\" srcset=\"https:\/\/instytutpolski.pl\/stockholm\/wp-content\/uploads\/sites\/17\/2022\/04\/ukriana-koncer-konsterhuset-svt-dyr-arlanda.jpg 2041w, https:\/\/instytutpolski.pl\/stockholm\/wp-content\/uploads\/sites\/17\/2022\/04\/ukriana-koncer-konsterhuset-svt-dyr-arlanda-300x148.jpg 300w, https:\/\/instytutpolski.pl\/stockholm\/wp-content\/uploads\/sites\/17\/2022\/04\/ukriana-koncer-konsterhuset-svt-dyr-arlanda-1024x506.jpg 1024w, https:\/\/instytutpolski.pl\/stockholm\/wp-content\/uploads\/sites\/17\/2022\/04\/ukriana-koncer-konsterhuset-svt-dyr-arlanda-768x380.jpg 768w, https:\/\/instytutpolski.pl\/stockholm\/wp-content\/uploads\/sites\/17\/2022\/04\/ukriana-koncer-konsterhuset-svt-dyr-arlanda-1536x759.jpg 1536w\" sizes=\"auto, (max-width: 2041px) 100vw, 2041px\" \/><figcaption>Foto: SVT<\/figcaption><\/figure>\n\n\n\n<figure class=\"wp-block-image size-large\"><img loading=\"lazy\" decoding=\"async\" width=\"2045\" height=\"1009\" data-id=\"8145\" src=\"https:\/\/instytutpolski.pl\/stockholm\/wp-content\/uploads\/sites\/17\/2022\/04\/ukriana-koncer-konsterhuset-svt-dyr-arlanda-1.jpg\" alt=\"\" class=\"wp-image-8145\" srcset=\"https:\/\/instytutpolski.pl\/stockholm\/wp-content\/uploads\/sites\/17\/2022\/04\/ukriana-koncer-konsterhuset-svt-dyr-arlanda-1.jpg 2045w, https:\/\/instytutpolski.pl\/stockholm\/wp-content\/uploads\/sites\/17\/2022\/04\/ukriana-koncer-konsterhuset-svt-dyr-arlanda-1-300x148.jpg 300w, https:\/\/instytutpolski.pl\/stockholm\/wp-content\/uploads\/sites\/17\/2022\/04\/ukriana-koncer-konsterhuset-svt-dyr-arlanda-1-1024x505.jpg 1024w, https:\/\/instytutpolski.pl\/stockholm\/wp-content\/uploads\/sites\/17\/2022\/04\/ukriana-koncer-konsterhuset-svt-dyr-arlanda-1-768x379.jpg 768w, https:\/\/instytutpolski.pl\/stockholm\/wp-content\/uploads\/sites\/17\/2022\/04\/ukriana-koncer-konsterhuset-svt-dyr-arlanda-1-1536x758.jpg 1536w\" sizes=\"auto, (max-width: 2045px) 100vw, 2045px\" \/><figcaption>Foto: SVT<\/figcaption><\/figure>\n\n\n\n<figure class=\"wp-block-image size-large\"><img loading=\"lazy\" decoding=\"async\" width=\"2045\" height=\"1009\" data-id=\"8140\" src=\"https:\/\/instytutpolski.pl\/stockholm\/wp-content\/uploads\/sites\/17\/2022\/04\/ukriana-koncer-konsterhuset-svt-EUNIC-napisy.jpg\" alt=\"\" class=\"wp-image-8140\" srcset=\"https:\/\/instytutpolski.pl\/stockholm\/wp-content\/uploads\/sites\/17\/2022\/04\/ukriana-koncer-konsterhuset-svt-EUNIC-napisy.jpg 2045w, https:\/\/instytutpolski.pl\/stockholm\/wp-content\/uploads\/sites\/17\/2022\/04\/ukriana-koncer-konsterhuset-svt-EUNIC-napisy-300x148.jpg 300w, https:\/\/instytutpolski.pl\/stockholm\/wp-content\/uploads\/sites\/17\/2022\/04\/ukriana-koncer-konsterhuset-svt-EUNIC-napisy-1024x505.jpg 1024w, https:\/\/instytutpolski.pl\/stockholm\/wp-content\/uploads\/sites\/17\/2022\/04\/ukriana-koncer-konsterhuset-svt-EUNIC-napisy-768x379.jpg 768w, https:\/\/instytutpolski.pl\/stockholm\/wp-content\/uploads\/sites\/17\/2022\/04\/ukriana-koncer-konsterhuset-svt-EUNIC-napisy-1536x758.jpg 1536w\" sizes=\"auto, (max-width: 2045px) 100vw, 2045px\" \/><figcaption>Foto: SVT<\/figcaption><\/figure>\n\n\n\n<figure class=\"wp-block-image size-large\"><img loading=\"lazy\" decoding=\"async\" width=\"2041\" height=\"1001\" data-id=\"8142\" src=\"https:\/\/instytutpolski.pl\/stockholm\/wp-content\/uploads\/sites\/17\/2022\/04\/ukriana-koncer-konsterhuset-svt-dyr-arlanda-2.jpg\" alt=\"\" class=\"wp-image-8142\" srcset=\"https:\/\/instytutpolski.pl\/stockholm\/wp-content\/uploads\/sites\/17\/2022\/04\/ukriana-koncer-konsterhuset-svt-dyr-arlanda-2.jpg 2041w, https:\/\/instytutpolski.pl\/stockholm\/wp-content\/uploads\/sites\/17\/2022\/04\/ukriana-koncer-konsterhuset-svt-dyr-arlanda-2-300x147.jpg 300w, https:\/\/instytutpolski.pl\/stockholm\/wp-content\/uploads\/sites\/17\/2022\/04\/ukriana-koncer-konsterhuset-svt-dyr-arlanda-2-1024x502.jpg 1024w, https:\/\/instytutpolski.pl\/stockholm\/wp-content\/uploads\/sites\/17\/2022\/04\/ukriana-koncer-konsterhuset-svt-dyr-arlanda-2-768x377.jpg 768w, https:\/\/instytutpolski.pl\/stockholm\/wp-content\/uploads\/sites\/17\/2022\/04\/ukriana-koncer-konsterhuset-svt-dyr-arlanda-2-1536x753.jpg 1536w\" sizes=\"auto, (max-width: 2041px) 100vw, 2041px\" \/><figcaption>Foto: SVT<\/figcaption><\/figure>\n\n\n\n<figure class=\"wp-block-image size-large\"><img loading=\"lazy\" decoding=\"async\" width=\"2047\" height=\"1005\" data-id=\"8150\" src=\"https:\/\/instytutpolski.pl\/stockholm\/wp-content\/uploads\/sites\/17\/2022\/04\/ukriana-koncer-konsterhuset-svt-radiohj.jpg\" alt=\"\" class=\"wp-image-8150\" srcset=\"https:\/\/instytutpolski.pl\/stockholm\/wp-content\/uploads\/sites\/17\/2022\/04\/ukriana-koncer-konsterhuset-svt-radiohj.jpg 2047w, https:\/\/instytutpolski.pl\/stockholm\/wp-content\/uploads\/sites\/17\/2022\/04\/ukriana-koncer-konsterhuset-svt-radiohj-300x147.jpg 300w, https:\/\/instytutpolski.pl\/stockholm\/wp-content\/uploads\/sites\/17\/2022\/04\/ukriana-koncer-konsterhuset-svt-radiohj-1024x503.jpg 1024w, https:\/\/instytutpolski.pl\/stockholm\/wp-content\/uploads\/sites\/17\/2022\/04\/ukriana-koncer-konsterhuset-svt-radiohj-768x377.jpg 768w, https:\/\/instytutpolski.pl\/stockholm\/wp-content\/uploads\/sites\/17\/2022\/04\/ukriana-koncer-konsterhuset-svt-radiohj-1536x754.jpg 1536w\" sizes=\"auto, (max-width: 2047px) 100vw, 2047px\" \/><figcaption>Foto: SVT<\/figcaption><\/figure>\n<\/figure>\n","protected":false},"excerpt":{"rendered":"<p>W programie nie zabrak\u0142o tak\u017ce kompozytor\u00f3w mi\u0119dzynarodowych, takich jak Nino Rota i Felix Mendelssohn-Bartholdy. Na scenie do zespo\u0142u do\u0142\u0105czy\u0142 zesp\u00f3\u0142 studencki Adolf Fredriks Musikklasser Farsta, ch\u00f3r Eric Ericsons Kammark\u00f6r, wybitna pianistka Natalya Pasichnyk oraz jeden z najs\u0142ynniejszych szwedzkich kompozytor\u00f3w i artyst\u00f3w, Benny Andersson z zespo\u0142u ABBA. W\u015br\u00f3d publiczno\u015bci znalaz\u0142a si\u0119 m.in. szwedzka para kr\u00f3lewska oraz [&hellip;]<\/p>\n","protected":false},"author":173,"featured_media":8122,"comment_status":"open","ping_status":"open","sticky":true,"template":"","format":"standard","meta":{"inline_featured_image":false,"_monsterinsights_skip_tracking":false,"_monsterinsights_sitenote_active":false,"_monsterinsights_sitenote_note":"","_monsterinsights_sitenote_category":0,"footnotes":""},"categories":[208],"tags":[],"class_list":["post-9518","post","type-post","status-publish","format-standard","has-post-thumbnail","hentry","category-galeria-pl"],"yoast_head":"<!-- This site is optimized with the Yoast SEO plugin v24.6 - https:\/\/yoast.com\/wordpress\/plugins\/seo\/ -->\n<title>Fotoreporta\u017c: Koncert wsparcia dla Ukrainy w Filharmonii Sztokholmskiej z udzia\u0142em orkiestry Kyiv Soloists - Instytut Polski w Sztokholmie<\/title>\n<meta name=\"description\" content=\"I s\u00f6ndags \u00e4gde en mycket gripande konsert rum p\u00e5 Konserthuset Stockholm d\u00e4r ukrainsk klassisk musik av bl a Mykola Leontovych, Maxim Berezevsky, Myroslaw Skoryk och Valentin Silvestrov framf\u00f6rdes av ensemblen Kyiv Soloists, National chamber ensemble.\" \/>\n<meta name=\"robots\" content=\"index, follow, max-snippet:-1, max-image-preview:large, max-video-preview:-1\" \/>\n<link rel=\"canonical\" href=\"https:\/\/instytutpolski.pl\/stockholm\/pl\/2022\/03\/30\/fotoreportaz-koncert-wsparcia-dla-ukrainy-w-filharmonii-sztokholmskiej-z-udzialem-orkiestry-kyiv-soloists\/\" \/>\n<meta property=\"og:locale\" content=\"pl_PL\" \/>\n<meta property=\"og:type\" content=\"article\" \/>\n<meta property=\"og:title\" content=\"Fotoreporta\u017c: Koncert wsparcia dla Ukrainy w Filharmonii Sztokholmskiej z udzia\u0142em orkiestry Kyiv Soloists - Instytut Polski w Sztokholmie\" \/>\n<meta property=\"og:description\" content=\"I s\u00f6ndags \u00e4gde en mycket gripande konsert rum p\u00e5 Konserthuset Stockholm d\u00e4r ukrainsk klassisk musik av bl a Mykola Leontovych, Maxim Berezevsky, Myroslaw Skoryk och Valentin Silvestrov framf\u00f6rdes av ensemblen Kyiv Soloists, National chamber ensemble.\" \/>\n<meta property=\"og:url\" content=\"https:\/\/instytutpolski.pl\/stockholm\/pl\/2022\/03\/30\/fotoreportaz-koncert-wsparcia-dla-ukrainy-w-filharmonii-sztokholmskiej-z-udzialem-orkiestry-kyiv-soloists\/\" \/>\n<meta property=\"og:site_name\" content=\"Instytut Polski w Sztokholmie\" \/>\n<meta property=\"article:published_time\" content=\"2022-03-30T12:22:12+00:00\" \/>\n<meta property=\"article:modified_time\" content=\"2022-10-06T09:40:21+00:00\" \/>\n<meta property=\"og:image\" content=\"https:\/\/instytutpolski.pl\/stockholm\/wp-content\/uploads\/sites\/17\/2022\/03\/Yanan_Li_220327_1207_2-1024x683.jpg\" \/>\n\t<meta property=\"og:image:width\" content=\"1024\" \/>\n\t<meta property=\"og:image:height\" content=\"683\" \/>\n\t<meta property=\"og:image:type\" content=\"image\/jpeg\" \/>\n<meta name=\"author\" content=\"treichelp\" \/>\n<meta name=\"twitter:card\" content=\"summary_large_image\" \/>\n<meta name=\"twitter:label1\" content=\"Napisane przez\" \/>\n\t<meta name=\"twitter:data1\" content=\"treichelp\" \/>\n\t<meta name=\"twitter:label2\" content=\"Szacowany czas czytania\" \/>\n\t<meta name=\"twitter:data2\" content=\"7 minut\" \/>\n<script type=\"application\/ld+json\" class=\"yoast-schema-graph\">{\"@context\":\"https:\/\/schema.org\",\"@graph\":[{\"@type\":\"event\",\"@id\":\"https:\/\/instytutpolski.pl\/stockholm\/pl\/2022\/03\/30\/fotoreportaz-koncert-wsparcia-dla-ukrainy-w-filharmonii-sztokholmskiej-z-udzialem-orkiestry-kyiv-soloists\/\",\"url\":\"https:\/\/instytutpolski.pl\/stockholm\/pl\/2022\/03\/30\/fotoreportaz-koncert-wsparcia-dla-ukrainy-w-filharmonii-sztokholmskiej-z-udzialem-orkiestry-kyiv-soloists\/\",\"name\":\"Fotoreporta\u017c: Koncert wsparcia dla Ukrainy w Filharmonii Sztokholmskiej z udzia\u0142em orkiestry Kyiv Soloists\",\"isPartOf\":{\"@id\":\"https:\/\/instytutpolski.pl\/stockholm\/#website\"},\"primaryImageOfPage\":{\"@id\":\"https:\/\/instytutpolski.pl\/stockholm\/pl\/2022\/03\/30\/fotoreportaz-koncert-wsparcia-dla-ukrainy-w-filharmonii-sztokholmskiej-z-udzialem-orkiestry-kyiv-soloists\/#primaryimage\"},\"image\":[\"https:\/\/instytutpolski.pl\/stockholm\/wp-content\/uploads\/sites\/17\/2022\/03\/Yanan_Li_220327_1207_2.jpg\",\"https:\/\/instytutpolski.pl\/stockholm\/wp-content\/uploads\/sites\/17\/2022\/03\/Yanan_Li_220327_1207_2-300x200.jpg\",\"https:\/\/instytutpolski.pl\/stockholm\/wp-content\/uploads\/sites\/17\/2022\/03\/Yanan_Li_220327_1207_2-1024x683.jpg\",\"https:\/\/instytutpolski.pl\/stockholm\/wp-content\/uploads\/sites\/17\/2022\/03\/Yanan_Li_220327_1207_2.jpg\"],\"thumbnailUrl\":\"https:\/\/instytutpolski.pl\/stockholm\/wp-content\/uploads\/sites\/17\/2022\/03\/Yanan_Li_220327_1207_2.jpg\",\"datePublished\":\"2022-03-30T12:22:12+02:00\",\"dateModified\":\"2022-10-06T09:40:21+02:00\",\"author\":{\"@id\":\"https:\/\/instytutpolski.pl\/stockholm\/#\/schema\/person\/866a2c0f4ccf0982a286809684f7bc1e\"},\"description\":\"W programie nie zabrak\u0142o tak\u017ce kompozytor\u00f3w mi\u0119dzynarodowych, takich jak Nino Rota i Felix Mendelssohn-Bartholdy. Na scenie do zespo\u0142u do\u0142\u0105czy\u0142 zesp\u00f3\u0142 studencki Adolf Fredriks Musikklasser Farsta, ch\u00f3r Eric Ericsons Kammark\u00f6r, wybitna pianistka Natalya Pasichnyk oraz jeden z najs\u0142ynniejszych szwedzkich kompozytor\u00f3w i artyst\u00f3w, Benny Andersson z zespo\u0142u ABBA.\\nW\u015br\u00f3d publiczno\u015bci znalaz\u0142a si\u0119 m.in. szwedzka para kr\u00f3lewska oraz ambasador Ukrainy w Szwecji.\\nKoncert by\u0142 cz\u0119\u015bci\u0105 europejskiej trasy koncertowej orkiestry, maj\u0105cej na celu wsparcie. Kolejne wyst\u0105pienia b\u0119d\u0105 mia\u0142y miejsce w Uppsali (28 marca), G\u00f6teborgu (29 marca), Vara (2 kwietnia). Doch\u00f3d ze sprzeda\u017cy bilet\u00f3w oraz datki zebrane przez Radiohj\u00e4lpen zostan\u0105 przekazane w ca\u0142o\u015bci na rzecz wsparcia Ukrainy.\\nKoncert by\u0142 transmitowany przez szwedzk\u0105 telewizj\u0119 SVT1 oraz na kana\u0142ach TV4 Play, Viaplay, Discovery+, Sveriges Radio P4, Aftonbladet oraz Expressen. Nagranie jest dost\u0119pne na platformie SVTPlay do 29 wrze\u015bnia 2022.\\nWydarzenie by\u0142o efektem wsp\u00f3\u0142pracy Filharmonii w Sztokholmie, Instytutu Ukrai\u0144skiego w Szwecji, organizacji EUNIC Stockholm (kt\u00f3rej cz\u0142onkiem jest Instytut Polski w Sztokholmie), Reprezentacji Komisji Europejskiej w Szwecji, gazety Dagens Nyheter oraz szwedzkiej telewizji SVT.\\nWi\u0119cej informacji o orkiestrze Kyiv Soloists znajdziesz na ich oficjalnej stronie.\",\"breadcrumb\":{\"@id\":\"https:\/\/instytutpolski.pl\/stockholm\/pl\/2022\/03\/30\/fotoreportaz-koncert-wsparcia-dla-ukrainy-w-filharmonii-sztokholmskiej-z-udzialem-orkiestry-kyiv-soloists\/#breadcrumb\"},\"inLanguage\":\"pl-PL\",\"potentialAction\":[{\"@type\":\"ReadAction\",\"target\":[\"https:\/\/instytutpolski.pl\/stockholm\/pl\/2022\/03\/30\/fotoreportaz-koncert-wsparcia-dla-ukrainy-w-filharmonii-sztokholmskiej-z-udzialem-orkiestry-kyiv-soloists\/\"]}],\"@context\":\"https:\/\/schema.org\",\"startDate\":\"2022-03-27\",\"endDate\":\"2022-03-27\",\"eventStatus\":\"EventScheduled\",\"eventAttendanceMode\":\"OfflineEventAttendanceMode\",\"location\":{\"@type\":\"place\",\"name\":\"\",\"address\":\"\",\"geo\":{\"@type\":\"GeoCoordinates\",\"latitude\":\"\",\"longitude\":\"\"}}},{\"@type\":\"ImageObject\",\"inLanguage\":\"pl-PL\",\"@id\":\"https:\/\/instytutpolski.pl\/stockholm\/pl\/2022\/03\/30\/fotoreportaz-koncert-wsparcia-dla-ukrainy-w-filharmonii-sztokholmskiej-z-udzialem-orkiestry-kyiv-soloists\/#primaryimage\",\"url\":\"https:\/\/instytutpolski.pl\/stockholm\/wp-content\/uploads\/sites\/17\/2022\/03\/Yanan_Li_220327_1207_2.jpg\",\"contentUrl\":\"https:\/\/instytutpolski.pl\/stockholm\/wp-content\/uploads\/sites\/17\/2022\/03\/Yanan_Li_220327_1207_2.jpg\",\"width\":1800,\"height\":1201,\"caption\":\"Foto: Yanan Li dla Filharmonii w Sztokholmie\"},{\"@type\":\"BreadcrumbList\",\"@id\":\"https:\/\/instytutpolski.pl\/stockholm\/pl\/2022\/03\/30\/fotoreportaz-koncert-wsparcia-dla-ukrainy-w-filharmonii-sztokholmskiej-z-udzialem-orkiestry-kyiv-soloists\/#breadcrumb\",\"itemListElement\":[{\"@type\":\"ListItem\",\"position\":1,\"name\":\"Home\",\"item\":\"https:\/\/instytutpolski.pl\/stockholm\/\"},{\"@type\":\"ListItem\",\"position\":2,\"name\":\"Fotoreporta\u017c: Koncert wsparcia dla Ukrainy w Filharmonii Sztokholmskiej z udzia\u0142em orkiestry Kyiv Soloists\"}]},{\"@type\":\"WebSite\",\"@id\":\"https:\/\/instytutpolski.pl\/stockholm\/#website\",\"url\":\"https:\/\/instytutpolski.pl\/stockholm\/\",\"name\":\"Instytut Polski w Sztokholmie\",\"description\":\"Instytuty Polskie\",\"potentialAction\":[{\"@type\":\"SearchAction\",\"target\":{\"@type\":\"EntryPoint\",\"urlTemplate\":\"https:\/\/instytutpolski.pl\/stockholm\/?s={search_term_string}\"},\"query-input\":{\"@type\":\"PropertyValueSpecification\",\"valueRequired\":true,\"valueName\":\"search_term_string\"}}],\"inLanguage\":\"pl-PL\"},{\"@type\":\"Person\",\"@id\":\"https:\/\/instytutpolski.pl\/stockholm\/#\/schema\/person\/866a2c0f4ccf0982a286809684f7bc1e\",\"name\":\"treichelp\",\"image\":{\"@type\":\"ImageObject\",\"inLanguage\":\"pl-PL\",\"@id\":\"https:\/\/instytutpolski.pl\/stockholm\/#\/schema\/person\/image\/\",\"url\":\"https:\/\/secure.gravatar.com\/avatar\/fb2c1caae0df0854742a56fc463dd1fb?s=96&d=mm&r=g\",\"contentUrl\":\"https:\/\/secure.gravatar.com\/avatar\/fb2c1caae0df0854742a56fc463dd1fb?s=96&d=mm&r=g\",\"caption\":\"treichelp\"},\"url\":\"https:\/\/instytutpolski.pl\/stockholm\/author\/treichelp\/\"}]}<\/script>\n<!-- \/ Yoast SEO plugin. -->","yoast_head_json":{"title":"Fotoreporta\u017c: Koncert wsparcia dla Ukrainy w Filharmonii Sztokholmskiej z udzia\u0142em orkiestry Kyiv Soloists - Instytut Polski w Sztokholmie","description":"I s\u00f6ndags \u00e4gde en mycket gripande konsert rum p\u00e5 Konserthuset Stockholm d\u00e4r ukrainsk klassisk musik av bl a Mykola Leontovych, Maxim Berezevsky, Myroslaw Skoryk och Valentin Silvestrov framf\u00f6rdes av ensemblen Kyiv Soloists, National chamber ensemble.","robots":{"index":"index","follow":"follow","max-snippet":"max-snippet:-1","max-image-preview":"max-image-preview:large","max-video-preview":"max-video-preview:-1"},"canonical":"https:\/\/instytutpolski.pl\/stockholm\/pl\/2022\/03\/30\/fotoreportaz-koncert-wsparcia-dla-ukrainy-w-filharmonii-sztokholmskiej-z-udzialem-orkiestry-kyiv-soloists\/","og_locale":"pl_PL","og_type":"article","og_title":"Fotoreporta\u017c: Koncert wsparcia dla Ukrainy w Filharmonii Sztokholmskiej z udzia\u0142em orkiestry Kyiv Soloists - Instytut Polski w Sztokholmie","og_description":"I s\u00f6ndags \u00e4gde en mycket gripande konsert rum p\u00e5 Konserthuset Stockholm d\u00e4r ukrainsk klassisk musik av bl a Mykola Leontovych, Maxim Berezevsky, Myroslaw Skoryk och Valentin Silvestrov framf\u00f6rdes av ensemblen Kyiv Soloists, National chamber ensemble.","og_url":"https:\/\/instytutpolski.pl\/stockholm\/pl\/2022\/03\/30\/fotoreportaz-koncert-wsparcia-dla-ukrainy-w-filharmonii-sztokholmskiej-z-udzialem-orkiestry-kyiv-soloists\/","og_site_name":"Instytut Polski w Sztokholmie","article_published_time":"2022-03-30T12:22:12+00:00","article_modified_time":"2022-10-06T09:40:21+00:00","og_image":[{"width":1024,"height":683,"url":"https:\/\/instytutpolski.pl\/stockholm\/wp-content\/uploads\/sites\/17\/2022\/03\/Yanan_Li_220327_1207_2-1024x683.jpg","type":"image\/jpeg"}],"author":"treichelp","twitter_card":"summary_large_image","twitter_misc":{"Napisane przez":"treichelp","Szacowany czas czytania":"7 minut"},"schema":{"@context":"https:\/\/schema.org","@graph":[{"@type":"event","@id":"https:\/\/instytutpolski.pl\/stockholm\/pl\/2022\/03\/30\/fotoreportaz-koncert-wsparcia-dla-ukrainy-w-filharmonii-sztokholmskiej-z-udzialem-orkiestry-kyiv-soloists\/","url":"https:\/\/instytutpolski.pl\/stockholm\/pl\/2022\/03\/30\/fotoreportaz-koncert-wsparcia-dla-ukrainy-w-filharmonii-sztokholmskiej-z-udzialem-orkiestry-kyiv-soloists\/","name":"Fotoreporta\u017c: Koncert wsparcia dla Ukrainy w Filharmonii Sztokholmskiej z udzia\u0142em orkiestry Kyiv Soloists","isPartOf":{"@id":"https:\/\/instytutpolski.pl\/stockholm\/#website"},"primaryImageOfPage":{"@id":"https:\/\/instytutpolski.pl\/stockholm\/pl\/2022\/03\/30\/fotoreportaz-koncert-wsparcia-dla-ukrainy-w-filharmonii-sztokholmskiej-z-udzialem-orkiestry-kyiv-soloists\/#primaryimage"},"image":["https:\/\/instytutpolski.pl\/stockholm\/wp-content\/uploads\/sites\/17\/2022\/03\/Yanan_Li_220327_1207_2.jpg","https:\/\/instytutpolski.pl\/stockholm\/wp-content\/uploads\/sites\/17\/2022\/03\/Yanan_Li_220327_1207_2-300x200.jpg","https:\/\/instytutpolski.pl\/stockholm\/wp-content\/uploads\/sites\/17\/2022\/03\/Yanan_Li_220327_1207_2-1024x683.jpg","https:\/\/instytutpolski.pl\/stockholm\/wp-content\/uploads\/sites\/17\/2022\/03\/Yanan_Li_220327_1207_2.jpg"],"thumbnailUrl":"https:\/\/instytutpolski.pl\/stockholm\/wp-content\/uploads\/sites\/17\/2022\/03\/Yanan_Li_220327_1207_2.jpg","datePublished":"2022-03-30T12:22:12+02:00","dateModified":"2022-10-06T09:40:21+02:00","author":{"@id":"https:\/\/instytutpolski.pl\/stockholm\/#\/schema\/person\/866a2c0f4ccf0982a286809684f7bc1e"},"description":"W programie nie zabrak\u0142o tak\u017ce kompozytor\u00f3w mi\u0119dzynarodowych, takich jak Nino Rota i Felix Mendelssohn-Bartholdy. Na scenie do zespo\u0142u do\u0142\u0105czy\u0142 zesp\u00f3\u0142 studencki Adolf Fredriks Musikklasser Farsta, ch\u00f3r Eric Ericsons Kammark\u00f6r, wybitna pianistka Natalya Pasichnyk oraz jeden z najs\u0142ynniejszych szwedzkich kompozytor\u00f3w i artyst\u00f3w, Benny Andersson z zespo\u0142u ABBA.\nW\u015br\u00f3d publiczno\u015bci znalaz\u0142a si\u0119 m.in. szwedzka para kr\u00f3lewska oraz ambasador Ukrainy w Szwecji.\nKoncert by\u0142 cz\u0119\u015bci\u0105 europejskiej trasy koncertowej orkiestry, maj\u0105cej na celu wsparcie. Kolejne wyst\u0105pienia b\u0119d\u0105 mia\u0142y miejsce w Uppsali (28 marca), G\u00f6teborgu (29 marca), Vara (2 kwietnia). Doch\u00f3d ze sprzeda\u017cy bilet\u00f3w oraz datki zebrane przez Radiohj\u00e4lpen zostan\u0105 przekazane w ca\u0142o\u015bci na rzecz wsparcia Ukrainy.\nKoncert by\u0142 transmitowany przez szwedzk\u0105 telewizj\u0119 SVT1 oraz na kana\u0142ach TV4 Play, Viaplay, Discovery+, Sveriges Radio P4, Aftonbladet oraz Expressen. Nagranie jest dost\u0119pne na platformie SVTPlay do 29 wrze\u015bnia 2022.\nWydarzenie by\u0142o efektem wsp\u00f3\u0142pracy Filharmonii w Sztokholmie, Instytutu Ukrai\u0144skiego w Szwecji, organizacji EUNIC Stockholm (kt\u00f3rej cz\u0142onkiem jest Instytut Polski w Sztokholmie), Reprezentacji Komisji Europejskiej w Szwecji, gazety Dagens Nyheter oraz szwedzkiej telewizji SVT.\nWi\u0119cej informacji o orkiestrze Kyiv Soloists znajdziesz na ich oficjalnej stronie.","breadcrumb":{"@id":"https:\/\/instytutpolski.pl\/stockholm\/pl\/2022\/03\/30\/fotoreportaz-koncert-wsparcia-dla-ukrainy-w-filharmonii-sztokholmskiej-z-udzialem-orkiestry-kyiv-soloists\/#breadcrumb"},"inLanguage":"pl-PL","potentialAction":[{"@type":"ReadAction","target":["https:\/\/instytutpolski.pl\/stockholm\/pl\/2022\/03\/30\/fotoreportaz-koncert-wsparcia-dla-ukrainy-w-filharmonii-sztokholmskiej-z-udzialem-orkiestry-kyiv-soloists\/"]}],"@context":"https:\/\/schema.org","startDate":"2022-03-27","endDate":"2022-03-27","eventStatus":"EventScheduled","eventAttendanceMode":"OfflineEventAttendanceMode","location":{"@type":"place","name":"","address":"","geo":{"@type":"GeoCoordinates","latitude":"","longitude":""}}},{"@type":"ImageObject","inLanguage":"pl-PL","@id":"https:\/\/instytutpolski.pl\/stockholm\/pl\/2022\/03\/30\/fotoreportaz-koncert-wsparcia-dla-ukrainy-w-filharmonii-sztokholmskiej-z-udzialem-orkiestry-kyiv-soloists\/#primaryimage","url":"https:\/\/instytutpolski.pl\/stockholm\/wp-content\/uploads\/sites\/17\/2022\/03\/Yanan_Li_220327_1207_2.jpg","contentUrl":"https:\/\/instytutpolski.pl\/stockholm\/wp-content\/uploads\/sites\/17\/2022\/03\/Yanan_Li_220327_1207_2.jpg","width":1800,"height":1201,"caption":"Foto: Yanan Li dla Filharmonii w Sztokholmie"},{"@type":"BreadcrumbList","@id":"https:\/\/instytutpolski.pl\/stockholm\/pl\/2022\/03\/30\/fotoreportaz-koncert-wsparcia-dla-ukrainy-w-filharmonii-sztokholmskiej-z-udzialem-orkiestry-kyiv-soloists\/#breadcrumb","itemListElement":[{"@type":"ListItem","position":1,"name":"Home","item":"https:\/\/instytutpolski.pl\/stockholm\/"},{"@type":"ListItem","position":2,"name":"Fotoreporta\u017c: Koncert wsparcia dla Ukrainy w Filharmonii Sztokholmskiej z udzia\u0142em orkiestry Kyiv Soloists"}]},{"@type":"WebSite","@id":"https:\/\/instytutpolski.pl\/stockholm\/#website","url":"https:\/\/instytutpolski.pl\/stockholm\/","name":"Instytut Polski w Sztokholmie","description":"Instytuty Polskie","potentialAction":[{"@type":"SearchAction","target":{"@type":"EntryPoint","urlTemplate":"https:\/\/instytutpolski.pl\/stockholm\/?s={search_term_string}"},"query-input":{"@type":"PropertyValueSpecification","valueRequired":true,"valueName":"search_term_string"}}],"inLanguage":"pl-PL"},{"@type":"Person","@id":"https:\/\/instytutpolski.pl\/stockholm\/#\/schema\/person\/866a2c0f4ccf0982a286809684f7bc1e","name":"treichelp","image":{"@type":"ImageObject","inLanguage":"pl-PL","@id":"https:\/\/instytutpolski.pl\/stockholm\/#\/schema\/person\/image\/","url":"https:\/\/secure.gravatar.com\/avatar\/fb2c1caae0df0854742a56fc463dd1fb?s=96&d=mm&r=g","contentUrl":"https:\/\/secure.gravatar.com\/avatar\/fb2c1caae0df0854742a56fc463dd1fb?s=96&d=mm&r=g","caption":"treichelp"},"url":"https:\/\/instytutpolski.pl\/stockholm\/author\/treichelp\/"}]}},"_links":{"self":[{"href":"https:\/\/instytutpolski.pl\/stockholm\/wp-json\/wp\/v2\/posts\/9518","targetHints":{"allow":["GET"]}}],"collection":[{"href":"https:\/\/instytutpolski.pl\/stockholm\/wp-json\/wp\/v2\/posts"}],"about":[{"href":"https:\/\/instytutpolski.pl\/stockholm\/wp-json\/wp\/v2\/types\/post"}],"author":[{"embeddable":true,"href":"https:\/\/instytutpolski.pl\/stockholm\/wp-json\/wp\/v2\/users\/173"}],"replies":[{"embeddable":true,"href":"https:\/\/instytutpolski.pl\/stockholm\/wp-json\/wp\/v2\/comments?post=9518"}],"version-history":[{"count":3,"href":"https:\/\/instytutpolski.pl\/stockholm\/wp-json\/wp\/v2\/posts\/9518\/revisions"}],"predecessor-version":[{"id":9524,"href":"https:\/\/instytutpolski.pl\/stockholm\/wp-json\/wp\/v2\/posts\/9518\/revisions\/9524"}],"wp:featuredmedia":[{"embeddable":true,"href":"https:\/\/instytutpolski.pl\/stockholm\/wp-json\/wp\/v2\/media\/8122"}],"wp:attachment":[{"href":"https:\/\/instytutpolski.pl\/stockholm\/wp-json\/wp\/v2\/media?parent=9518"}],"wp:term":[{"taxonomy":"category","embeddable":true,"href":"https:\/\/instytutpolski.pl\/stockholm\/wp-json\/wp\/v2\/categories?post=9518"},{"taxonomy":"post_tag","embeddable":true,"href":"https:\/\/instytutpolski.pl\/stockholm\/wp-json\/wp\/v2\/tags?post=9518"}],"curies":[{"name":"wp","href":"https:\/\/api.w.org\/{rel}","templated":true}]}}