{"id":9560,"date":"2022-10-12T10:49:41","date_gmt":"2022-10-12T08:49:41","guid":{"rendered":"https:\/\/instytutpolski.pl\/stockholm\/?p=9560"},"modified":"2022-10-21T11:50:30","modified_gmt":"2022-10-21T09:50:30","slug":"czeslaw-slania-i-vanners-minnen-zygmunt-kuszelewski-och-teresa-pawlak-om-mastergravoren1a1a1a","status":"publish","type":"post","link":"https:\/\/instytutpolski.pl\/stockholm\/2022\/10\/12\/czeslaw-slania-i-vanners-minnen-zygmunt-kuszelewski-och-teresa-pawlak-om-mastergravoren1a1a1a\/","title":{"rendered":"Czeslaw Slania i v\u00e4nners minnen: Zygmunt Kuszelewski och Teresa Pawlak om m\u00e4stergrav\u00f6ren"},"content":{"rendered":"\n<pre class=\"wp-block-verse\"><\/pre>\n\n\n\n<figure class=\"wp-block-embed is-type-video is-provider-youtube wp-block-embed-youtube wp-embed-aspect-16-9 wp-has-aspect-ratio\"><div class=\"wp-block-embed__wrapper\">\nhttps:\/\/youtu.be\/U1g6NLLBt0o\n<\/div><\/figure>\n\n\n\n<p>Han f\u00f6ddes den 22 oktober 1921 i Czelad\u017a i s\u00f6dra Polen. Han studerade p\u00e5 Konstakademin i Krak\u00f3w (Akademia Sztuk Pi\u0119knych im. Jana Matejki) och sedan arbetade han p\u00e5 det polska statstryckeriet i Warszawa (Pa\u0144stwowa Wytw\u00f3rnia Papier\u00f3w Warto\u015bciowych) d\u00e4r han f\u00f6rdjupade sina kunskaper i gravyrkonsten. \u00c5r 1956 flyttade S\u0142ania till Sverige och 1959 fick han anst\u00e4llning vid Postverket. S\u00e5 sm\u00e5ningom uts\u00e5gs han till hovgrav\u00f6r. Hovgrav\u00f6ren Czes\u0142aw S\u0142ania \u00e4r unik i v\u00e4rlden som frim\u00e4rksgrav\u00f6r. Ingen annan har en s\u00e5 omfattande produktion bakom sig.<\/p>\n\n\n\n<pre class=\"wp-block-verse\"><\/pre>\n\n\n\n<figure class=\"wp-block-gallery has-nested-images columns-default is-cropped wp-block-gallery-1 is-layout-flex wp-block-gallery-is-layout-flex\">\n<figure class=\"wp-block-image size-large\"><img loading=\"lazy\" decoding=\"async\" width=\"720\" height=\"540\" data-id=\"9575\" src=\"https:\/\/instytutpolski.pl\/stockholm\/wp-content\/uploads\/sites\/17\/2022\/10\/20220426_173958.jpg\" alt=\"\" class=\"wp-image-9575\" srcset=\"https:\/\/instytutpolski.pl\/stockholm\/wp-content\/uploads\/sites\/17\/2022\/10\/20220426_173958.jpg 720w, https:\/\/instytutpolski.pl\/stockholm\/wp-content\/uploads\/sites\/17\/2022\/10\/20220426_173958-300x225.jpg 300w\" sizes=\"auto, (max-width: 720px) 100vw, 720px\" \/><\/figure>\n\n\n\n<figure class=\"wp-block-image size-large\"><img loading=\"lazy\" decoding=\"async\" width=\"2560\" height=\"2461\" data-id=\"9561\" src=\"https:\/\/instytutpolski.pl\/stockholm\/wp-content\/uploads\/sites\/17\/2022\/10\/20220426_190554-2-scaled.jpg\" alt=\"\" class=\"wp-image-9561\" srcset=\"https:\/\/instytutpolski.pl\/stockholm\/wp-content\/uploads\/sites\/17\/2022\/10\/20220426_190554-2-scaled.jpg 2560w, https:\/\/instytutpolski.pl\/stockholm\/wp-content\/uploads\/sites\/17\/2022\/10\/20220426_190554-2-300x288.jpg 300w, https:\/\/instytutpolski.pl\/stockholm\/wp-content\/uploads\/sites\/17\/2022\/10\/20220426_190554-2-1024x984.jpg 1024w, https:\/\/instytutpolski.pl\/stockholm\/wp-content\/uploads\/sites\/17\/2022\/10\/20220426_190554-2-768x738.jpg 768w, https:\/\/instytutpolski.pl\/stockholm\/wp-content\/uploads\/sites\/17\/2022\/10\/20220426_190554-2-1536x1477.jpg 1536w, https:\/\/instytutpolski.pl\/stockholm\/wp-content\/uploads\/sites\/17\/2022\/10\/20220426_190554-2-2048x1969.jpg 2048w\" sizes=\"auto, (max-width: 2560px) 100vw, 2560px\" \/><figcaption>Foto: P. Kania NordFOTO<\/figcaption><\/figure>\n<\/figure>\n\n\n\n<pre class=\"wp-block-verse\"><\/pre>\n\n\n\n<p>Film och klippning: P. Kania NordFOTO<\/p>\n\n\n\n<p>Intervju, manus och \u00f6vers\u00e4ttning till svenska: M. Piotrowski (Polska institutet)<\/p>\n\n\n\n<p>Ett stort tack till Konsul\u00e4ra Avdelningen av Republiken Polens Ambassad i Stockholm!<\/p>\n\n\n\n<pre class=\"wp-block-verse\"><\/pre>\n\n\n\n<figure class=\"wp-block-gallery has-nested-images columns-default is-cropped wp-block-gallery-2 is-layout-flex wp-block-gallery-is-layout-flex\">\n<figure class=\"wp-block-image size-large\"><img loading=\"lazy\" decoding=\"async\" width=\"1189\" height=\"1611\" data-id=\"9563\" src=\"https:\/\/instytutpolski.pl\/stockholm\/wp-content\/uploads\/sites\/17\/2022\/10\/slania-film-okladka.jpg\" alt=\"\" class=\"wp-image-9563\" srcset=\"https:\/\/instytutpolski.pl\/stockholm\/wp-content\/uploads\/sites\/17\/2022\/10\/slania-film-okladka.jpg 1189w, https:\/\/instytutpolski.pl\/stockholm\/wp-content\/uploads\/sites\/17\/2022\/10\/slania-film-okladka-221x300.jpg 221w, https:\/\/instytutpolski.pl\/stockholm\/wp-content\/uploads\/sites\/17\/2022\/10\/slania-film-okladka-756x1024.jpg 756w, https:\/\/instytutpolski.pl\/stockholm\/wp-content\/uploads\/sites\/17\/2022\/10\/slania-film-okladka-768x1041.jpg 768w, https:\/\/instytutpolski.pl\/stockholm\/wp-content\/uploads\/sites\/17\/2022\/10\/slania-film-okladka-1134x1536.jpg 1134w\" sizes=\"auto, (max-width: 1189px) 100vw, 1189px\" \/><\/figure>\n<\/figure>\n","protected":false},"excerpt":{"rendered":"<p>Han f\u00f6ddes den 22 oktober 1921 i Czelad\u017a i s\u00f6dra Polen. Han studerade p\u00e5 Konstakademin i Krak\u00f3w (Akademia Sztuk Pi\u0119knych im. Jana Matejki) och sedan arbetade han p\u00e5 det polska statstryckeriet i Warszawa (Pa\u0144stwowa Wytw\u00f3rnia Papier\u00f3w Warto\u015bciowych) d\u00e4r han f\u00f6rdjupade sina kunskaper i gravyrkonsten. \u00c5r 1956 flyttade S\u0142ania till Sverige och 1959 fick han anst\u00e4llning [&hellip;]<\/p>\n","protected":false},"author":173,"featured_media":9562,"comment_status":"closed","ping_status":"closed","sticky":false,"template":"","format":"standard","meta":{"inline_featured_image":false,"_monsterinsights_skip_tracking":false,"_monsterinsights_sitenote_active":false,"_monsterinsights_sitenote_note":"","_monsterinsights_sitenote_category":0,"footnotes":""},"categories":[222,12,111],"tags":[],"class_list":["post-9560","post","type-post","status-publish","format-standard","has-post-thumbnail","hentry","category-aktualnosc-se","category-evenemang","category-historia-se"],"yoast_head":"<!-- This site is optimized with the Yoast SEO plugin v24.6 - https:\/\/yoast.com\/wordpress\/plugins\/seo\/ -->\n<title>Czeslaw Slania i v\u00e4nners minnen: Zygmunt Kuszelewski och Teresa Pawlak om m\u00e4stergrav\u00f6ren - Instytut Polski w Sztokholmie<\/title>\n<meta name=\"robots\" content=\"index, follow, max-snippet:-1, max-image-preview:large, max-video-preview:-1\" \/>\n<link rel=\"canonical\" href=\"https:\/\/instytutpolski.pl\/stockholm\/2022\/10\/12\/czeslaw-slania-i-vanners-minnen-zygmunt-kuszelewski-och-teresa-pawlak-om-mastergravoren1a1a1a\/\" \/>\n<meta property=\"og:locale\" content=\"pl_PL\" \/>\n<meta property=\"og:type\" content=\"article\" \/>\n<meta property=\"og:title\" content=\"Czeslaw Slania i v\u00e4nners minnen: Zygmunt Kuszelewski och Teresa Pawlak om m\u00e4stergrav\u00f6ren - Instytut Polski w Sztokholmie\" \/>\n<meta property=\"og:description\" content=\"Han f\u00f6ddes den 22 oktober 1921 i Czelad\u017a i s\u00f6dra Polen. Han studerade p\u00e5 Konstakademin i Krak\u00f3w (Akademia Sztuk Pi\u0119knych im. Jana Matejki) och sedan arbetade han p\u00e5 det polska statstryckeriet i Warszawa (Pa\u0144stwowa Wytw\u00f3rnia Papier\u00f3w Warto\u015bciowych) d\u00e4r han f\u00f6rdjupade sina kunskaper i gravyrkonsten. \u00c5r 1956 flyttade S\u0142ania till Sverige och 1959 fick han anst\u00e4llning [&hellip;]\" \/>\n<meta property=\"og:url\" content=\"https:\/\/instytutpolski.pl\/stockholm\/2022\/10\/12\/czeslaw-slania-i-vanners-minnen-zygmunt-kuszelewski-och-teresa-pawlak-om-mastergravoren1a1a1a\/\" \/>\n<meta property=\"og:site_name\" content=\"Instytut Polski w Sztokholmie\" \/>\n<meta property=\"article:published_time\" content=\"2022-10-12T08:49:41+00:00\" \/>\n<meta property=\"article:modified_time\" content=\"2022-10-21T09:50:30+00:00\" \/>\n<meta property=\"og:image\" content=\"https:\/\/instytutpolski.pl\/stockholm\/wp-content\/uploads\/sites\/17\/2022\/10\/20220426_173949-scaled.jpg\" \/>\n\t<meta property=\"og:image:width\" content=\"2560\" \/>\n\t<meta property=\"og:image:height\" content=\"1920\" \/>\n\t<meta property=\"og:image:type\" content=\"image\/jpeg\" \/>\n<meta name=\"author\" content=\"treichelp\" \/>\n<meta name=\"twitter:card\" content=\"summary_large_image\" \/>\n<meta name=\"twitter:label1\" content=\"Napisane przez\" \/>\n\t<meta name=\"twitter:data1\" content=\"treichelp\" \/>\n\t<meta name=\"twitter:label2\" content=\"Szacowany czas czytania\" \/>\n\t<meta name=\"twitter:data2\" content=\"2 minuty\" \/>\n<script type=\"application\/ld+json\" class=\"yoast-schema-graph\">{\"@context\":\"https:\/\/schema.org\",\"@graph\":[{\"@type\":\"event\",\"@id\":\"https:\/\/instytutpolski.pl\/stockholm\/2022\/10\/12\/czeslaw-slania-i-vanners-minnen-zygmunt-kuszelewski-och-teresa-pawlak-om-mastergravoren1a1a1a\/\",\"url\":\"https:\/\/instytutpolski.pl\/stockholm\/2022\/10\/12\/czeslaw-slania-i-vanners-minnen-zygmunt-kuszelewski-och-teresa-pawlak-om-mastergravoren1a1a1a\/\",\"name\":\"Czeslaw Slania i v\u00e4nners minnen: Zygmunt Kuszelewski och Teresa Pawlak om m\u00e4stergrav\u00f6ren\",\"isPartOf\":{\"@id\":\"https:\/\/instytutpolski.pl\/stockholm\/#website\"},\"primaryImageOfPage\":{\"@id\":\"https:\/\/instytutpolski.pl\/stockholm\/2022\/10\/12\/czeslaw-slania-i-vanners-minnen-zygmunt-kuszelewski-och-teresa-pawlak-om-mastergravoren1a1a1a\/#primaryimage\"},\"image\":[\"https:\/\/instytutpolski.pl\/stockholm\/wp-content\/uploads\/sites\/17\/2022\/10\/20220426_173949-scaled.jpg\",\"https:\/\/instytutpolski.pl\/stockholm\/wp-content\/uploads\/sites\/17\/2022\/10\/20220426_173949-300x225.jpg\",\"https:\/\/instytutpolski.pl\/stockholm\/wp-content\/uploads\/sites\/17\/2022\/10\/20220426_173949-1024x768.jpg\",\"https:\/\/instytutpolski.pl\/stockholm\/wp-content\/uploads\/sites\/17\/2022\/10\/20220426_173949-scaled.jpg\"],\"thumbnailUrl\":\"https:\/\/instytutpolski.pl\/stockholm\/wp-content\/uploads\/sites\/17\/2022\/10\/20220426_173949-scaled.jpg\",\"datePublished\":\"2022-10-12T08:49:41+02:00\",\"dateModified\":\"2022-10-21T09:50:30+02:00\",\"author\":{\"@id\":\"https:\/\/instytutpolski.pl\/stockholm\/#\/schema\/person\/866a2c0f4ccf0982a286809684f7bc1e\"},\"breadcrumb\":{\"@id\":\"https:\/\/instytutpolski.pl\/stockholm\/2022\/10\/12\/czeslaw-slania-i-vanners-minnen-zygmunt-kuszelewski-och-teresa-pawlak-om-mastergravoren1a1a1a\/#breadcrumb\"},\"inLanguage\":\"pl-PL\",\"potentialAction\":[{\"@type\":\"ReadAction\",\"target\":[\"https:\/\/instytutpolski.pl\/stockholm\/2022\/10\/12\/czeslaw-slania-i-vanners-minnen-zygmunt-kuszelewski-och-teresa-pawlak-om-mastergravoren1a1a1a\/\"]}],\"@context\":\"https:\/\/schema.org\",\"startDate\":\"2022-10-21\",\"endDate\":\"2022-10-21\",\"eventStatus\":\"EventScheduled\",\"eventAttendanceMode\":\"OfflineEventAttendanceMode\",\"location\":{\"@type\":\"place\",\"name\":\"\",\"address\":\"\",\"geo\":{\"@type\":\"GeoCoordinates\",\"latitude\":\"\",\"longitude\":\"\"}},\"description\":\"Han f\u00f6ddes den 22 oktober 1921 i Czelad\u017a i s\u00f6dra Polen. Han studerade p\u00e5 Konstakademin i Krak\u00f3w (Akademia Sztuk Pi\u0119knych im. Jana Matejki) och sedan arbetade han p\u00e5 det polska statstryckeriet i Warszawa (Pa\u0144stwowa Wytw\u00f3rnia Papier\u00f3w Warto\u015bciowych) d\u00e4r han f\u00f6rdjupade sina kunskaper i gravyrkonsten. \u00c5r 1956 flyttade S\u0142ania till Sverige och 1959 fick han anst\u00e4llning vid Postverket. S\u00e5 sm\u00e5ningom uts\u00e5gs han till hovgrav\u00f6r. Hovgrav\u00f6ren Czes\u0142aw S\u0142ania \u00e4r unik i v\u00e4rlden som frim\u00e4rksgrav\u00f6r. Ingen annan har en s\u00e5 omfattande produktion bakom sig.\\nFilm och klippning: P. Kania NordFOTO\\nIntervju, manus och \u00f6vers\u00e4ttning till svenska: M. Piotrowski (Polska institutet)\\nEtt stort tack till Konsul\u00e4ra Avdelningen av Republiken Polens Ambassad i Stockholm!\"},{\"@type\":\"ImageObject\",\"inLanguage\":\"pl-PL\",\"@id\":\"https:\/\/instytutpolski.pl\/stockholm\/2022\/10\/12\/czeslaw-slania-i-vanners-minnen-zygmunt-kuszelewski-och-teresa-pawlak-om-mastergravoren1a1a1a\/#primaryimage\",\"url\":\"https:\/\/instytutpolski.pl\/stockholm\/wp-content\/uploads\/sites\/17\/2022\/10\/20220426_173949-scaled.jpg\",\"contentUrl\":\"https:\/\/instytutpolski.pl\/stockholm\/wp-content\/uploads\/sites\/17\/2022\/10\/20220426_173949-scaled.jpg\",\"width\":2560,\"height\":1920},{\"@type\":\"BreadcrumbList\",\"@id\":\"https:\/\/instytutpolski.pl\/stockholm\/2022\/10\/12\/czeslaw-slania-i-vanners-minnen-zygmunt-kuszelewski-och-teresa-pawlak-om-mastergravoren1a1a1a\/#breadcrumb\",\"itemListElement\":[{\"@type\":\"ListItem\",\"position\":1,\"name\":\"Home\",\"item\":\"https:\/\/instytutpolski.pl\/stockholm\/\"},{\"@type\":\"ListItem\",\"position\":2,\"name\":\"Czeslaw Slania i v\u00e4nners minnen: Zygmunt Kuszelewski och Teresa Pawlak om m\u00e4stergrav\u00f6ren\"}]},{\"@type\":\"WebSite\",\"@id\":\"https:\/\/instytutpolski.pl\/stockholm\/#website\",\"url\":\"https:\/\/instytutpolski.pl\/stockholm\/\",\"name\":\"Instytut Polski w Sztokholmie\",\"description\":\"Instytuty Polskie\",\"potentialAction\":[{\"@type\":\"SearchAction\",\"target\":{\"@type\":\"EntryPoint\",\"urlTemplate\":\"https:\/\/instytutpolski.pl\/stockholm\/?s={search_term_string}\"},\"query-input\":{\"@type\":\"PropertyValueSpecification\",\"valueRequired\":true,\"valueName\":\"search_term_string\"}}],\"inLanguage\":\"pl-PL\"},{\"@type\":\"Person\",\"@id\":\"https:\/\/instytutpolski.pl\/stockholm\/#\/schema\/person\/866a2c0f4ccf0982a286809684f7bc1e\",\"name\":\"treichelp\",\"image\":{\"@type\":\"ImageObject\",\"inLanguage\":\"pl-PL\",\"@id\":\"https:\/\/instytutpolski.pl\/stockholm\/#\/schema\/person\/image\/\",\"url\":\"https:\/\/secure.gravatar.com\/avatar\/fb2c1caae0df0854742a56fc463dd1fb?s=96&d=mm&r=g\",\"contentUrl\":\"https:\/\/secure.gravatar.com\/avatar\/fb2c1caae0df0854742a56fc463dd1fb?s=96&d=mm&r=g\",\"caption\":\"treichelp\"},\"url\":\"https:\/\/instytutpolski.pl\/stockholm\/author\/treichelp\/\"}]}<\/script>\n<!-- \/ Yoast SEO plugin. -->","yoast_head_json":{"title":"Czeslaw Slania i v\u00e4nners minnen: Zygmunt Kuszelewski och Teresa Pawlak om m\u00e4stergrav\u00f6ren - Instytut Polski w Sztokholmie","robots":{"index":"index","follow":"follow","max-snippet":"max-snippet:-1","max-image-preview":"max-image-preview:large","max-video-preview":"max-video-preview:-1"},"canonical":"https:\/\/instytutpolski.pl\/stockholm\/2022\/10\/12\/czeslaw-slania-i-vanners-minnen-zygmunt-kuszelewski-och-teresa-pawlak-om-mastergravoren1a1a1a\/","og_locale":"pl_PL","og_type":"article","og_title":"Czeslaw Slania i v\u00e4nners minnen: Zygmunt Kuszelewski och Teresa Pawlak om m\u00e4stergrav\u00f6ren - Instytut Polski w Sztokholmie","og_description":"Han f\u00f6ddes den 22 oktober 1921 i Czelad\u017a i s\u00f6dra Polen. Han studerade p\u00e5 Konstakademin i Krak\u00f3w (Akademia Sztuk Pi\u0119knych im. Jana Matejki) och sedan arbetade han p\u00e5 det polska statstryckeriet i Warszawa (Pa\u0144stwowa Wytw\u00f3rnia Papier\u00f3w Warto\u015bciowych) d\u00e4r han f\u00f6rdjupade sina kunskaper i gravyrkonsten. \u00c5r 1956 flyttade S\u0142ania till Sverige och 1959 fick han anst\u00e4llning [&hellip;]","og_url":"https:\/\/instytutpolski.pl\/stockholm\/2022\/10\/12\/czeslaw-slania-i-vanners-minnen-zygmunt-kuszelewski-och-teresa-pawlak-om-mastergravoren1a1a1a\/","og_site_name":"Instytut Polski w Sztokholmie","article_published_time":"2022-10-12T08:49:41+00:00","article_modified_time":"2022-10-21T09:50:30+00:00","og_image":[{"width":2560,"height":1920,"url":"https:\/\/instytutpolski.pl\/stockholm\/wp-content\/uploads\/sites\/17\/2022\/10\/20220426_173949-scaled.jpg","type":"image\/jpeg"}],"author":"treichelp","twitter_card":"summary_large_image","twitter_misc":{"Napisane przez":"treichelp","Szacowany czas czytania":"2 minuty"},"schema":{"@context":"https:\/\/schema.org","@graph":[{"@type":"event","@id":"https:\/\/instytutpolski.pl\/stockholm\/2022\/10\/12\/czeslaw-slania-i-vanners-minnen-zygmunt-kuszelewski-och-teresa-pawlak-om-mastergravoren1a1a1a\/","url":"https:\/\/instytutpolski.pl\/stockholm\/2022\/10\/12\/czeslaw-slania-i-vanners-minnen-zygmunt-kuszelewski-och-teresa-pawlak-om-mastergravoren1a1a1a\/","name":"Czeslaw Slania i v\u00e4nners minnen: Zygmunt Kuszelewski och Teresa Pawlak om m\u00e4stergrav\u00f6ren","isPartOf":{"@id":"https:\/\/instytutpolski.pl\/stockholm\/#website"},"primaryImageOfPage":{"@id":"https:\/\/instytutpolski.pl\/stockholm\/2022\/10\/12\/czeslaw-slania-i-vanners-minnen-zygmunt-kuszelewski-och-teresa-pawlak-om-mastergravoren1a1a1a\/#primaryimage"},"image":["https:\/\/instytutpolski.pl\/stockholm\/wp-content\/uploads\/sites\/17\/2022\/10\/20220426_173949-scaled.jpg","https:\/\/instytutpolski.pl\/stockholm\/wp-content\/uploads\/sites\/17\/2022\/10\/20220426_173949-300x225.jpg","https:\/\/instytutpolski.pl\/stockholm\/wp-content\/uploads\/sites\/17\/2022\/10\/20220426_173949-1024x768.jpg","https:\/\/instytutpolski.pl\/stockholm\/wp-content\/uploads\/sites\/17\/2022\/10\/20220426_173949-scaled.jpg"],"thumbnailUrl":"https:\/\/instytutpolski.pl\/stockholm\/wp-content\/uploads\/sites\/17\/2022\/10\/20220426_173949-scaled.jpg","datePublished":"2022-10-12T08:49:41+02:00","dateModified":"2022-10-21T09:50:30+02:00","author":{"@id":"https:\/\/instytutpolski.pl\/stockholm\/#\/schema\/person\/866a2c0f4ccf0982a286809684f7bc1e"},"breadcrumb":{"@id":"https:\/\/instytutpolski.pl\/stockholm\/2022\/10\/12\/czeslaw-slania-i-vanners-minnen-zygmunt-kuszelewski-och-teresa-pawlak-om-mastergravoren1a1a1a\/#breadcrumb"},"inLanguage":"pl-PL","potentialAction":[{"@type":"ReadAction","target":["https:\/\/instytutpolski.pl\/stockholm\/2022\/10\/12\/czeslaw-slania-i-vanners-minnen-zygmunt-kuszelewski-och-teresa-pawlak-om-mastergravoren1a1a1a\/"]}],"@context":"https:\/\/schema.org","startDate":"2022-10-21","endDate":"2022-10-21","eventStatus":"EventScheduled","eventAttendanceMode":"OfflineEventAttendanceMode","location":{"@type":"place","name":"","address":"","geo":{"@type":"GeoCoordinates","latitude":"","longitude":""}},"description":"Han f\u00f6ddes den 22 oktober 1921 i Czelad\u017a i s\u00f6dra Polen. Han studerade p\u00e5 Konstakademin i Krak\u00f3w (Akademia Sztuk Pi\u0119knych im. Jana Matejki) och sedan arbetade han p\u00e5 det polska statstryckeriet i Warszawa (Pa\u0144stwowa Wytw\u00f3rnia Papier\u00f3w Warto\u015bciowych) d\u00e4r han f\u00f6rdjupade sina kunskaper i gravyrkonsten. \u00c5r 1956 flyttade S\u0142ania till Sverige och 1959 fick han anst\u00e4llning vid Postverket. S\u00e5 sm\u00e5ningom uts\u00e5gs han till hovgrav\u00f6r. Hovgrav\u00f6ren Czes\u0142aw S\u0142ania \u00e4r unik i v\u00e4rlden som frim\u00e4rksgrav\u00f6r. Ingen annan har en s\u00e5 omfattande produktion bakom sig.\nFilm och klippning: P. Kania NordFOTO\nIntervju, manus och \u00f6vers\u00e4ttning till svenska: M. Piotrowski (Polska institutet)\nEtt stort tack till Konsul\u00e4ra Avdelningen av Republiken Polens Ambassad i Stockholm!"},{"@type":"ImageObject","inLanguage":"pl-PL","@id":"https:\/\/instytutpolski.pl\/stockholm\/2022\/10\/12\/czeslaw-slania-i-vanners-minnen-zygmunt-kuszelewski-och-teresa-pawlak-om-mastergravoren1a1a1a\/#primaryimage","url":"https:\/\/instytutpolski.pl\/stockholm\/wp-content\/uploads\/sites\/17\/2022\/10\/20220426_173949-scaled.jpg","contentUrl":"https:\/\/instytutpolski.pl\/stockholm\/wp-content\/uploads\/sites\/17\/2022\/10\/20220426_173949-scaled.jpg","width":2560,"height":1920},{"@type":"BreadcrumbList","@id":"https:\/\/instytutpolski.pl\/stockholm\/2022\/10\/12\/czeslaw-slania-i-vanners-minnen-zygmunt-kuszelewski-och-teresa-pawlak-om-mastergravoren1a1a1a\/#breadcrumb","itemListElement":[{"@type":"ListItem","position":1,"name":"Home","item":"https:\/\/instytutpolski.pl\/stockholm\/"},{"@type":"ListItem","position":2,"name":"Czeslaw Slania i v\u00e4nners minnen: Zygmunt Kuszelewski och Teresa Pawlak om m\u00e4stergrav\u00f6ren"}]},{"@type":"WebSite","@id":"https:\/\/instytutpolski.pl\/stockholm\/#website","url":"https:\/\/instytutpolski.pl\/stockholm\/","name":"Instytut Polski w Sztokholmie","description":"Instytuty Polskie","potentialAction":[{"@type":"SearchAction","target":{"@type":"EntryPoint","urlTemplate":"https:\/\/instytutpolski.pl\/stockholm\/?s={search_term_string}"},"query-input":{"@type":"PropertyValueSpecification","valueRequired":true,"valueName":"search_term_string"}}],"inLanguage":"pl-PL"},{"@type":"Person","@id":"https:\/\/instytutpolski.pl\/stockholm\/#\/schema\/person\/866a2c0f4ccf0982a286809684f7bc1e","name":"treichelp","image":{"@type":"ImageObject","inLanguage":"pl-PL","@id":"https:\/\/instytutpolski.pl\/stockholm\/#\/schema\/person\/image\/","url":"https:\/\/secure.gravatar.com\/avatar\/fb2c1caae0df0854742a56fc463dd1fb?s=96&d=mm&r=g","contentUrl":"https:\/\/secure.gravatar.com\/avatar\/fb2c1caae0df0854742a56fc463dd1fb?s=96&d=mm&r=g","caption":"treichelp"},"url":"https:\/\/instytutpolski.pl\/stockholm\/author\/treichelp\/"}]}},"_links":{"self":[{"href":"https:\/\/instytutpolski.pl\/stockholm\/wp-json\/wp\/v2\/posts\/9560","targetHints":{"allow":["GET"]}}],"collection":[{"href":"https:\/\/instytutpolski.pl\/stockholm\/wp-json\/wp\/v2\/posts"}],"about":[{"href":"https:\/\/instytutpolski.pl\/stockholm\/wp-json\/wp\/v2\/types\/post"}],"author":[{"embeddable":true,"href":"https:\/\/instytutpolski.pl\/stockholm\/wp-json\/wp\/v2\/users\/173"}],"replies":[{"embeddable":true,"href":"https:\/\/instytutpolski.pl\/stockholm\/wp-json\/wp\/v2\/comments?post=9560"}],"version-history":[{"count":12,"href":"https:\/\/instytutpolski.pl\/stockholm\/wp-json\/wp\/v2\/posts\/9560\/revisions"}],"predecessor-version":[{"id":9622,"href":"https:\/\/instytutpolski.pl\/stockholm\/wp-json\/wp\/v2\/posts\/9560\/revisions\/9622"}],"wp:featuredmedia":[{"embeddable":true,"href":"https:\/\/instytutpolski.pl\/stockholm\/wp-json\/wp\/v2\/media\/9562"}],"wp:attachment":[{"href":"https:\/\/instytutpolski.pl\/stockholm\/wp-json\/wp\/v2\/media?parent=9560"}],"wp:term":[{"taxonomy":"category","embeddable":true,"href":"https:\/\/instytutpolski.pl\/stockholm\/wp-json\/wp\/v2\/categories?post=9560"},{"taxonomy":"post_tag","embeddable":true,"href":"https:\/\/instytutpolski.pl\/stockholm\/wp-json\/wp\/v2\/tags?post=9560"}],"curies":[{"name":"wp","href":"https:\/\/api.w.org\/{rel}","templated":true}]}}