{"id":9653,"date":"2022-11-28T10:53:03","date_gmt":"2022-11-28T09:53:03","guid":{"rendered":"https:\/\/instytutpolski.pl\/stockholm\/?p=9653"},"modified":"2022-11-28T10:53:05","modified_gmt":"2022-11-28T09:53:05","slug":"konferensen-cultural-transfer-between-poland-finland-and-sweden-from-the-jagiellonian-era-to-the-end-of-the-vasa-dynasty","status":"publish","type":"post","link":"https:\/\/instytutpolski.pl\/stockholm\/2022\/11\/28\/konferensen-cultural-transfer-between-poland-finland-and-sweden-from-the-jagiellonian-era-to-the-end-of-the-vasa-dynasty\/","title":{"rendered":"Konferensen \u2018\u2019Cultural transfer between Poland, Finland and Sweden from the Jagiellonian era to the end of the Vasa Dynasty\u201d"},"content":{"rendered":"\n<p>Konferensen sammanfaller med att det i \u00e5r \u00e4r 460 \u00e5r sedan Katarina Jagellonicas ankomst till \u00c5bo; hon anl\u00e4nde dit julaftonen 1562. Syftet \u00e4r att unders\u00f6ka den kulturella transfern mellan Polsk-litauiska samv\u00e4ldet och Sverige-Finland som skedde under 1500- och 1600-talet bland annat ur det historiska, kulturhistoriska, litteraturvetenskapliga, lingvistiska och religionsvetenskapliga perspektivet. Det \u00e4r Ewa Cybulska-Bohuszewicz fr\u00e5n The Institute of Literary Research of the Polish Academy of Sciences i Warszawa som har varit drivkraften bakom evenemanget.<\/p>\n\n\n\n<pre class=\"wp-block-verse\"><\/pre>\n\n\n\n<pre class=\"wp-block-verse has-text-align-center\">L\u00e4s mer h\u00e4r:<\/pre>\n\n\n\n<pre class=\"wp-block-verse\"><\/pre>\n\n\n<div class=\"wp-block-image\">\n<figure class=\"aligncenter size-large\"><img loading=\"lazy\" decoding=\"async\" width=\"724\" height=\"1024\" src=\"https:\/\/instytutpolski.pl\/stockholm\/wp-content\/uploads\/sites\/17\/2022\/11\/312005327_823000452001058_1218977245617791022_n-724x1024.jpg\" alt=\"\" class=\"wp-image-9657\" srcset=\"https:\/\/instytutpolski.pl\/stockholm\/wp-content\/uploads\/sites\/17\/2022\/11\/312005327_823000452001058_1218977245617791022_n-724x1024.jpg 724w, https:\/\/instytutpolski.pl\/stockholm\/wp-content\/uploads\/sites\/17\/2022\/11\/312005327_823000452001058_1218977245617791022_n-212x300.jpg 212w, https:\/\/instytutpolski.pl\/stockholm\/wp-content\/uploads\/sites\/17\/2022\/11\/312005327_823000452001058_1218977245617791022_n-768x1086.jpg 768w, https:\/\/instytutpolski.pl\/stockholm\/wp-content\/uploads\/sites\/17\/2022\/11\/312005327_823000452001058_1218977245617791022_n-1086x1536.jpg 1086w, https:\/\/instytutpolski.pl\/stockholm\/wp-content\/uploads\/sites\/17\/2022\/11\/312005327_823000452001058_1218977245617791022_n.jpg 1448w\" sizes=\"auto, (max-width: 724px) 100vw, 724px\" \/><\/figure><\/div>\n\n\n<pre class=\"wp-block-verse\"><\/pre>\n\n\n\n<pre class=\"wp-block-verse has-text-align-center\">Tidschema och alla f\u00f6rel\u00e4sare (fr\u00e5n Polen, Finland och Sverige):<\/pre>\n\n\n\n<pre class=\"wp-block-verse\"><\/pre>\n\n\n<div class=\"wp-block-image\">\n<figure class=\"aligncenter size-large\"><img loading=\"lazy\" decoding=\"async\" width=\"724\" height=\"1024\" src=\"https:\/\/instytutpolski.pl\/stockholm\/wp-content\/uploads\/sites\/17\/2022\/11\/turku-program-724x1024.jpg\" alt=\"\" class=\"wp-image-9654\" srcset=\"https:\/\/instytutpolski.pl\/stockholm\/wp-content\/uploads\/sites\/17\/2022\/11\/turku-program-724x1024.jpg 724w, https:\/\/instytutpolski.pl\/stockholm\/wp-content\/uploads\/sites\/17\/2022\/11\/turku-program-212x300.jpg 212w, https:\/\/instytutpolski.pl\/stockholm\/wp-content\/uploads\/sites\/17\/2022\/11\/turku-program-768x1086.jpg 768w, https:\/\/instytutpolski.pl\/stockholm\/wp-content\/uploads\/sites\/17\/2022\/11\/turku-program-1086x1536.jpg 1086w, https:\/\/instytutpolski.pl\/stockholm\/wp-content\/uploads\/sites\/17\/2022\/11\/turku-program.jpg 1448w\" sizes=\"auto, (max-width: 724px) 100vw, 724px\" \/><\/figure><\/div>\n\n\n<pre class=\"wp-block-verse\"><\/pre>\n\n\n\n<p>Konferensen har arrangerats av The Institute of Literary Research of the Polish Academy of Sciences I Warszawa och Turku Centre for Medieval and Early Modern Studies (TUCEMEMS) vid \u00c5bo universitet i samarbete med Republiken Polens ambassad i Helsingfors och Polska institutet i Stockholm.<\/p>\n","protected":false},"excerpt":{"rendered":"<p>Konferensen sammanfaller med att det i \u00e5r \u00e4r 460 \u00e5r sedan Katarina Jagellonicas ankomst till \u00c5bo; hon anl\u00e4nde dit julaftonen 1562. Syftet \u00e4r att unders\u00f6ka den kulturella transfern mellan Polsk-litauiska samv\u00e4ldet och Sverige-Finland som skedde under 1500- och 1600-talet bland annat ur det historiska, kulturhistoriska, litteraturvetenskapliga, lingvistiska och religionsvetenskapliga perspektivet. Det \u00e4r Ewa Cybulska-Bohuszewicz fr\u00e5n [&hellip;]<\/p>\n","protected":false},"author":173,"featured_media":9659,"comment_status":"closed","ping_status":"closed","sticky":false,"template":"","format":"standard","meta":{"inline_featured_image":false,"_monsterinsights_skip_tracking":false,"_monsterinsights_sitenote_active":false,"_monsterinsights_sitenote_note":"","_monsterinsights_sitenote_category":0,"footnotes":""},"categories":[222,12,111],"tags":[],"class_list":["post-9653","post","type-post","status-publish","format-standard","has-post-thumbnail","hentry","category-aktualnosc-se","category-evenemang","category-historia-se"],"yoast_head":"<!-- This site is optimized with the Yoast SEO plugin v24.6 - https:\/\/yoast.com\/wordpress\/plugins\/seo\/ -->\n<title>Konferensen \u2018\u2019Cultural transfer between Poland, Finland and Sweden from the Jagiellonian era to the end of the Vasa Dynasty\u201d - Instytut Polski w Sztokholmie<\/title>\n<meta name=\"robots\" content=\"index, follow, max-snippet:-1, max-image-preview:large, max-video-preview:-1\" \/>\n<link rel=\"canonical\" href=\"https:\/\/instytutpolski.pl\/stockholm\/2022\/11\/28\/konferensen-cultural-transfer-between-poland-finland-and-sweden-from-the-jagiellonian-era-to-the-end-of-the-vasa-dynasty\/\" \/>\n<meta property=\"og:locale\" content=\"pl_PL\" \/>\n<meta property=\"og:type\" content=\"article\" \/>\n<meta property=\"og:title\" content=\"Konferensen \u2018\u2019Cultural transfer between Poland, Finland and Sweden from the Jagiellonian era to the end of the Vasa Dynasty\u201d - Instytut Polski w Sztokholmie\" \/>\n<meta property=\"og:description\" content=\"Konferensen sammanfaller med att det i \u00e5r \u00e4r 460 \u00e5r sedan Katarina Jagellonicas ankomst till \u00c5bo; hon anl\u00e4nde dit julaftonen 1562. Syftet \u00e4r att unders\u00f6ka den kulturella transfern mellan Polsk-litauiska samv\u00e4ldet och Sverige-Finland som skedde under 1500- och 1600-talet bland annat ur det historiska, kulturhistoriska, litteraturvetenskapliga, lingvistiska och religionsvetenskapliga perspektivet. Det \u00e4r Ewa Cybulska-Bohuszewicz fr\u00e5n [&hellip;]\" \/>\n<meta property=\"og:url\" content=\"https:\/\/instytutpolski.pl\/stockholm\/2022\/11\/28\/konferensen-cultural-transfer-between-poland-finland-and-sweden-from-the-jagiellonian-era-to-the-end-of-the-vasa-dynasty\/\" \/>\n<meta property=\"og:site_name\" content=\"Instytut Polski w Sztokholmie\" \/>\n<meta property=\"article:published_time\" content=\"2022-11-28T09:53:03+00:00\" \/>\n<meta property=\"article:modified_time\" content=\"2022-11-28T09:53:05+00:00\" \/>\n<meta property=\"og:image\" content=\"https:\/\/instytutpolski.pl\/stockholm\/wp-content\/uploads\/sites\/17\/2022\/11\/AboOmslag.png\" \/>\n\t<meta property=\"og:image:width\" content=\"1120\" \/>\n\t<meta property=\"og:image:height\" content=\"630\" \/>\n\t<meta property=\"og:image:type\" content=\"image\/png\" \/>\n<meta name=\"author\" content=\"treichelp\" \/>\n<meta name=\"twitter:card\" content=\"summary_large_image\" \/>\n<meta name=\"twitter:label1\" content=\"Napisane przez\" \/>\n\t<meta name=\"twitter:data1\" content=\"treichelp\" \/>\n\t<meta name=\"twitter:label2\" content=\"Szacowany czas czytania\" \/>\n\t<meta name=\"twitter:data2\" content=\"2 minuty\" \/>\n<script type=\"application\/ld+json\" class=\"yoast-schema-graph\">{\"@context\":\"https:\/\/schema.org\",\"@graph\":[{\"@type\":\"event\",\"@id\":\"https:\/\/instytutpolski.pl\/stockholm\/2022\/11\/28\/konferensen-cultural-transfer-between-poland-finland-and-sweden-from-the-jagiellonian-era-to-the-end-of-the-vasa-dynasty\/\",\"url\":\"https:\/\/instytutpolski.pl\/stockholm\/2022\/11\/28\/konferensen-cultural-transfer-between-poland-finland-and-sweden-from-the-jagiellonian-era-to-the-end-of-the-vasa-dynasty\/\",\"name\":\"Konferensen \u2018\u2019Cultural transfer between Poland, Finland and Sweden from the Jagiellonian era to the end of the Vasa Dynasty\u201d\",\"isPartOf\":{\"@id\":\"https:\/\/instytutpolski.pl\/stockholm\/#website\"},\"primaryImageOfPage\":{\"@id\":\"https:\/\/instytutpolski.pl\/stockholm\/2022\/11\/28\/konferensen-cultural-transfer-between-poland-finland-and-sweden-from-the-jagiellonian-era-to-the-end-of-the-vasa-dynasty\/#primaryimage\"},\"image\":[\"https:\/\/instytutpolski.pl\/stockholm\/wp-content\/uploads\/sites\/17\/2022\/11\/AboOmslag.png\",\"https:\/\/instytutpolski.pl\/stockholm\/wp-content\/uploads\/sites\/17\/2022\/11\/AboOmslag-300x169.png\",\"https:\/\/instytutpolski.pl\/stockholm\/wp-content\/uploads\/sites\/17\/2022\/11\/AboOmslag-1024x576.png\",\"https:\/\/instytutpolski.pl\/stockholm\/wp-content\/uploads\/sites\/17\/2022\/11\/AboOmslag.png\"],\"thumbnailUrl\":\"https:\/\/instytutpolski.pl\/stockholm\/wp-content\/uploads\/sites\/17\/2022\/11\/AboOmslag.png\",\"datePublished\":\"2022-11-28T09:53:03+02:00\",\"dateModified\":\"2022-11-28T09:53:05+02:00\",\"author\":{\"@id\":\"https:\/\/instytutpolski.pl\/stockholm\/#\/schema\/person\/866a2c0f4ccf0982a286809684f7bc1e\"},\"breadcrumb\":{\"@id\":\"https:\/\/instytutpolski.pl\/stockholm\/2022\/11\/28\/konferensen-cultural-transfer-between-poland-finland-and-sweden-from-the-jagiellonian-era-to-the-end-of-the-vasa-dynasty\/#breadcrumb\"},\"inLanguage\":\"pl-PL\",\"potentialAction\":[{\"@type\":\"ReadAction\",\"target\":[\"https:\/\/instytutpolski.pl\/stockholm\/2022\/11\/28\/konferensen-cultural-transfer-between-poland-finland-and-sweden-from-the-jagiellonian-era-to-the-end-of-the-vasa-dynasty\/\"]}],\"@context\":\"https:\/\/schema.org\",\"startDate\":\"2022-12-12\",\"endDate\":\"2022-12-12\",\"eventStatus\":\"EventScheduled\",\"eventAttendanceMode\":\"OfflineEventAttendanceMode\",\"location\":{\"@type\":\"place\",\"name\":\"\",\"address\":\"\",\"geo\":{\"@type\":\"GeoCoordinates\",\"latitude\":\"\",\"longitude\":\"\"}},\"description\":\"Konferensen sammanfaller med att det i \u00e5r \u00e4r 460 \u00e5r sedan Katarina Jagellonicas ankomst till \u00c5bo; hon anl\u00e4nde dit julaftonen 1562. Syftet \u00e4r att unders\u00f6ka den kulturella transfern mellan Polsk-litauiska samv\u00e4ldet och Sverige-Finland som skedde under 1500- och 1600-talet bland annat ur det historiska, kulturhistoriska, litteraturvetenskapliga, lingvistiska och religionsvetenskapliga perspektivet. Det \u00e4r Ewa Cybulska-Bohuszewicz fr\u00e5n The Institute of Literary Research of the Polish Academy of Sciences i Warszawa som har varit drivkraften bakom evenemanget.\\nL\u00e4s mer h\u00e4r:\\nTidschema och alla f\u00f6rel\u00e4sare (fr\u00e5n Polen, Finland och Sverige):\\nKonferensen har arrangerats av The Institute of Literary Research of the Polish Academy of Sciences I Warszawa och Turku Centre for Medieval and Early Modern Studies (TUCEMEMS) vid \u00c5bo universitet i samarbete med Republiken Polens ambassad i Helsingfors och Polska institutet i Stockholm.\"},{\"@type\":\"ImageObject\",\"inLanguage\":\"pl-PL\",\"@id\":\"https:\/\/instytutpolski.pl\/stockholm\/2022\/11\/28\/konferensen-cultural-transfer-between-poland-finland-and-sweden-from-the-jagiellonian-era-to-the-end-of-the-vasa-dynasty\/#primaryimage\",\"url\":\"https:\/\/instytutpolski.pl\/stockholm\/wp-content\/uploads\/sites\/17\/2022\/11\/AboOmslag.png\",\"contentUrl\":\"https:\/\/instytutpolski.pl\/stockholm\/wp-content\/uploads\/sites\/17\/2022\/11\/AboOmslag.png\",\"width\":1120,\"height\":630},{\"@type\":\"BreadcrumbList\",\"@id\":\"https:\/\/instytutpolski.pl\/stockholm\/2022\/11\/28\/konferensen-cultural-transfer-between-poland-finland-and-sweden-from-the-jagiellonian-era-to-the-end-of-the-vasa-dynasty\/#breadcrumb\",\"itemListElement\":[{\"@type\":\"ListItem\",\"position\":1,\"name\":\"Home\",\"item\":\"https:\/\/instytutpolski.pl\/stockholm\/\"},{\"@type\":\"ListItem\",\"position\":2,\"name\":\"Konferensen \u2018\u2019Cultural transfer between Poland, Finland and Sweden from the Jagiellonian era to the end of the Vasa Dynasty\u201d\"}]},{\"@type\":\"WebSite\",\"@id\":\"https:\/\/instytutpolski.pl\/stockholm\/#website\",\"url\":\"https:\/\/instytutpolski.pl\/stockholm\/\",\"name\":\"Instytut Polski w Sztokholmie\",\"description\":\"Instytuty Polskie\",\"potentialAction\":[{\"@type\":\"SearchAction\",\"target\":{\"@type\":\"EntryPoint\",\"urlTemplate\":\"https:\/\/instytutpolski.pl\/stockholm\/?s={search_term_string}\"},\"query-input\":{\"@type\":\"PropertyValueSpecification\",\"valueRequired\":true,\"valueName\":\"search_term_string\"}}],\"inLanguage\":\"pl-PL\"},{\"@type\":\"Person\",\"@id\":\"https:\/\/instytutpolski.pl\/stockholm\/#\/schema\/person\/866a2c0f4ccf0982a286809684f7bc1e\",\"name\":\"treichelp\",\"image\":{\"@type\":\"ImageObject\",\"inLanguage\":\"pl-PL\",\"@id\":\"https:\/\/instytutpolski.pl\/stockholm\/#\/schema\/person\/image\/\",\"url\":\"https:\/\/secure.gravatar.com\/avatar\/fb2c1caae0df0854742a56fc463dd1fb?s=96&d=mm&r=g\",\"contentUrl\":\"https:\/\/secure.gravatar.com\/avatar\/fb2c1caae0df0854742a56fc463dd1fb?s=96&d=mm&r=g\",\"caption\":\"treichelp\"},\"url\":\"https:\/\/instytutpolski.pl\/stockholm\/author\/treichelp\/\"}]}<\/script>\n<!-- \/ Yoast SEO plugin. -->","yoast_head_json":{"title":"Konferensen \u2018\u2019Cultural transfer between Poland, Finland and Sweden from the Jagiellonian era to the end of the Vasa Dynasty\u201d - Instytut Polski w Sztokholmie","robots":{"index":"index","follow":"follow","max-snippet":"max-snippet:-1","max-image-preview":"max-image-preview:large","max-video-preview":"max-video-preview:-1"},"canonical":"https:\/\/instytutpolski.pl\/stockholm\/2022\/11\/28\/konferensen-cultural-transfer-between-poland-finland-and-sweden-from-the-jagiellonian-era-to-the-end-of-the-vasa-dynasty\/","og_locale":"pl_PL","og_type":"article","og_title":"Konferensen \u2018\u2019Cultural transfer between Poland, Finland and Sweden from the Jagiellonian era to the end of the Vasa Dynasty\u201d - Instytut Polski w Sztokholmie","og_description":"Konferensen sammanfaller med att det i \u00e5r \u00e4r 460 \u00e5r sedan Katarina Jagellonicas ankomst till \u00c5bo; hon anl\u00e4nde dit julaftonen 1562. Syftet \u00e4r att unders\u00f6ka den kulturella transfern mellan Polsk-litauiska samv\u00e4ldet och Sverige-Finland som skedde under 1500- och 1600-talet bland annat ur det historiska, kulturhistoriska, litteraturvetenskapliga, lingvistiska och religionsvetenskapliga perspektivet. Det \u00e4r Ewa Cybulska-Bohuszewicz fr\u00e5n [&hellip;]","og_url":"https:\/\/instytutpolski.pl\/stockholm\/2022\/11\/28\/konferensen-cultural-transfer-between-poland-finland-and-sweden-from-the-jagiellonian-era-to-the-end-of-the-vasa-dynasty\/","og_site_name":"Instytut Polski w Sztokholmie","article_published_time":"2022-11-28T09:53:03+00:00","article_modified_time":"2022-11-28T09:53:05+00:00","og_image":[{"width":1120,"height":630,"url":"https:\/\/instytutpolski.pl\/stockholm\/wp-content\/uploads\/sites\/17\/2022\/11\/AboOmslag.png","type":"image\/png"}],"author":"treichelp","twitter_card":"summary_large_image","twitter_misc":{"Napisane przez":"treichelp","Szacowany czas czytania":"2 minuty"},"schema":{"@context":"https:\/\/schema.org","@graph":[{"@type":"event","@id":"https:\/\/instytutpolski.pl\/stockholm\/2022\/11\/28\/konferensen-cultural-transfer-between-poland-finland-and-sweden-from-the-jagiellonian-era-to-the-end-of-the-vasa-dynasty\/","url":"https:\/\/instytutpolski.pl\/stockholm\/2022\/11\/28\/konferensen-cultural-transfer-between-poland-finland-and-sweden-from-the-jagiellonian-era-to-the-end-of-the-vasa-dynasty\/","name":"Konferensen \u2018\u2019Cultural transfer between Poland, Finland and Sweden from the Jagiellonian era to the end of the Vasa Dynasty\u201d","isPartOf":{"@id":"https:\/\/instytutpolski.pl\/stockholm\/#website"},"primaryImageOfPage":{"@id":"https:\/\/instytutpolski.pl\/stockholm\/2022\/11\/28\/konferensen-cultural-transfer-between-poland-finland-and-sweden-from-the-jagiellonian-era-to-the-end-of-the-vasa-dynasty\/#primaryimage"},"image":["https:\/\/instytutpolski.pl\/stockholm\/wp-content\/uploads\/sites\/17\/2022\/11\/AboOmslag.png","https:\/\/instytutpolski.pl\/stockholm\/wp-content\/uploads\/sites\/17\/2022\/11\/AboOmslag-300x169.png","https:\/\/instytutpolski.pl\/stockholm\/wp-content\/uploads\/sites\/17\/2022\/11\/AboOmslag-1024x576.png","https:\/\/instytutpolski.pl\/stockholm\/wp-content\/uploads\/sites\/17\/2022\/11\/AboOmslag.png"],"thumbnailUrl":"https:\/\/instytutpolski.pl\/stockholm\/wp-content\/uploads\/sites\/17\/2022\/11\/AboOmslag.png","datePublished":"2022-11-28T09:53:03+02:00","dateModified":"2022-11-28T09:53:05+02:00","author":{"@id":"https:\/\/instytutpolski.pl\/stockholm\/#\/schema\/person\/866a2c0f4ccf0982a286809684f7bc1e"},"breadcrumb":{"@id":"https:\/\/instytutpolski.pl\/stockholm\/2022\/11\/28\/konferensen-cultural-transfer-between-poland-finland-and-sweden-from-the-jagiellonian-era-to-the-end-of-the-vasa-dynasty\/#breadcrumb"},"inLanguage":"pl-PL","potentialAction":[{"@type":"ReadAction","target":["https:\/\/instytutpolski.pl\/stockholm\/2022\/11\/28\/konferensen-cultural-transfer-between-poland-finland-and-sweden-from-the-jagiellonian-era-to-the-end-of-the-vasa-dynasty\/"]}],"@context":"https:\/\/schema.org","startDate":"2022-12-12","endDate":"2022-12-12","eventStatus":"EventScheduled","eventAttendanceMode":"OfflineEventAttendanceMode","location":{"@type":"place","name":"","address":"","geo":{"@type":"GeoCoordinates","latitude":"","longitude":""}},"description":"Konferensen sammanfaller med att det i \u00e5r \u00e4r 460 \u00e5r sedan Katarina Jagellonicas ankomst till \u00c5bo; hon anl\u00e4nde dit julaftonen 1562. Syftet \u00e4r att unders\u00f6ka den kulturella transfern mellan Polsk-litauiska samv\u00e4ldet och Sverige-Finland som skedde under 1500- och 1600-talet bland annat ur det historiska, kulturhistoriska, litteraturvetenskapliga, lingvistiska och religionsvetenskapliga perspektivet. Det \u00e4r Ewa Cybulska-Bohuszewicz fr\u00e5n The Institute of Literary Research of the Polish Academy of Sciences i Warszawa som har varit drivkraften bakom evenemanget.\nL\u00e4s mer h\u00e4r:\nTidschema och alla f\u00f6rel\u00e4sare (fr\u00e5n Polen, Finland och Sverige):\nKonferensen har arrangerats av The Institute of Literary Research of the Polish Academy of Sciences I Warszawa och Turku Centre for Medieval and Early Modern Studies (TUCEMEMS) vid \u00c5bo universitet i samarbete med Republiken Polens ambassad i Helsingfors och Polska institutet i Stockholm."},{"@type":"ImageObject","inLanguage":"pl-PL","@id":"https:\/\/instytutpolski.pl\/stockholm\/2022\/11\/28\/konferensen-cultural-transfer-between-poland-finland-and-sweden-from-the-jagiellonian-era-to-the-end-of-the-vasa-dynasty\/#primaryimage","url":"https:\/\/instytutpolski.pl\/stockholm\/wp-content\/uploads\/sites\/17\/2022\/11\/AboOmslag.png","contentUrl":"https:\/\/instytutpolski.pl\/stockholm\/wp-content\/uploads\/sites\/17\/2022\/11\/AboOmslag.png","width":1120,"height":630},{"@type":"BreadcrumbList","@id":"https:\/\/instytutpolski.pl\/stockholm\/2022\/11\/28\/konferensen-cultural-transfer-between-poland-finland-and-sweden-from-the-jagiellonian-era-to-the-end-of-the-vasa-dynasty\/#breadcrumb","itemListElement":[{"@type":"ListItem","position":1,"name":"Home","item":"https:\/\/instytutpolski.pl\/stockholm\/"},{"@type":"ListItem","position":2,"name":"Konferensen \u2018\u2019Cultural transfer between Poland, Finland and Sweden from the Jagiellonian era to the end of the Vasa Dynasty\u201d"}]},{"@type":"WebSite","@id":"https:\/\/instytutpolski.pl\/stockholm\/#website","url":"https:\/\/instytutpolski.pl\/stockholm\/","name":"Instytut Polski w Sztokholmie","description":"Instytuty Polskie","potentialAction":[{"@type":"SearchAction","target":{"@type":"EntryPoint","urlTemplate":"https:\/\/instytutpolski.pl\/stockholm\/?s={search_term_string}"},"query-input":{"@type":"PropertyValueSpecification","valueRequired":true,"valueName":"search_term_string"}}],"inLanguage":"pl-PL"},{"@type":"Person","@id":"https:\/\/instytutpolski.pl\/stockholm\/#\/schema\/person\/866a2c0f4ccf0982a286809684f7bc1e","name":"treichelp","image":{"@type":"ImageObject","inLanguage":"pl-PL","@id":"https:\/\/instytutpolski.pl\/stockholm\/#\/schema\/person\/image\/","url":"https:\/\/secure.gravatar.com\/avatar\/fb2c1caae0df0854742a56fc463dd1fb?s=96&d=mm&r=g","contentUrl":"https:\/\/secure.gravatar.com\/avatar\/fb2c1caae0df0854742a56fc463dd1fb?s=96&d=mm&r=g","caption":"treichelp"},"url":"https:\/\/instytutpolski.pl\/stockholm\/author\/treichelp\/"}]}},"_links":{"self":[{"href":"https:\/\/instytutpolski.pl\/stockholm\/wp-json\/wp\/v2\/posts\/9653","targetHints":{"allow":["GET"]}}],"collection":[{"href":"https:\/\/instytutpolski.pl\/stockholm\/wp-json\/wp\/v2\/posts"}],"about":[{"href":"https:\/\/instytutpolski.pl\/stockholm\/wp-json\/wp\/v2\/types\/post"}],"author":[{"embeddable":true,"href":"https:\/\/instytutpolski.pl\/stockholm\/wp-json\/wp\/v2\/users\/173"}],"replies":[{"embeddable":true,"href":"https:\/\/instytutpolski.pl\/stockholm\/wp-json\/wp\/v2\/comments?post=9653"}],"version-history":[{"count":7,"href":"https:\/\/instytutpolski.pl\/stockholm\/wp-json\/wp\/v2\/posts\/9653\/revisions"}],"predecessor-version":[{"id":9666,"href":"https:\/\/instytutpolski.pl\/stockholm\/wp-json\/wp\/v2\/posts\/9653\/revisions\/9666"}],"wp:featuredmedia":[{"embeddable":true,"href":"https:\/\/instytutpolski.pl\/stockholm\/wp-json\/wp\/v2\/media\/9659"}],"wp:attachment":[{"href":"https:\/\/instytutpolski.pl\/stockholm\/wp-json\/wp\/v2\/media?parent=9653"}],"wp:term":[{"taxonomy":"category","embeddable":true,"href":"https:\/\/instytutpolski.pl\/stockholm\/wp-json\/wp\/v2\/categories?post=9653"},{"taxonomy":"post_tag","embeddable":true,"href":"https:\/\/instytutpolski.pl\/stockholm\/wp-json\/wp\/v2\/tags?post=9653"}],"curies":[{"name":"wp","href":"https:\/\/api.w.org\/{rel}","templated":true}]}}