{"id":97,"date":"2019-03-22T11:59:25","date_gmt":"2019-03-22T10:59:25","guid":{"rendered":"https:\/\/instytutpolski.pl\/sztokholm\/?p=97"},"modified":"2020-10-01T14:55:19","modified_gmt":"2020-10-01T12:55:19","slug":"internationell-affischtavling-baltic-poster-contest-2019-reduce-reuse-rethink","status":"publish","type":"post","link":"https:\/\/instytutpolski.pl\/stockholm\/2019\/03\/22\/internationell-affischtavling-baltic-poster-contest-2019-reduce-reuse-rethink\/","title":{"rendered":"Internationell affischt\u00e4vling \u201cBALTIC POSTER CONTEST 2019. Reduce, Reuse, Rethink!\u201d"},"content":{"rendered":"\n<p><strong>Polens utrikesministerium utlyser en internationell t\u00e4vling om utformning av en affisch till det tionde \u00e5rliga Forum f\u00f6r Europeiska unionens strategi f\u00f6r \u00d6stersj\u00f6regionen, som \u00e4ger rum i Gda\u0144sk 12-13 juni 2019.<\/strong><br><br>T\u00e4vlingen \u00e4r \u00f6ppen f\u00f6r deltagare i \u00e5ldern 18-35 \u00e5r fr\u00e5n de l\u00e4nder som deltar i EU:s \u00d6stersj\u00f6strategi (Danmark, Estland, Finland, Lettland, Litauen, Polen, Sverige, Tyskland) samt Norge.<br><br>T\u00e4vlingsbidragen b\u00f6r p\u00e5 n\u00e5got s\u00e4tt ta upp de \u00e4mnen som behandlas p\u00e5 det tionde Forum f\u00f6r EU:s \u00d6stersj\u00f6strategi i Gda\u0144sk och inneh\u00e5lla orden: \u201d10th Annual Forum of the EU Strategy for the Baltic Sea Region, Gda\u0144sk, Poland, 12-13 June 2019\u201d. P\u00e5 affischen kan ocks\u00e5 (valfritt) f\u00f6rekomma m\u00f6testemat \u201dReduce, Reuse, Rethink\u201d, som \u00e4r en del av logotypen f\u00f6r forumet.<br><br>T\u00e4vlingsarrang\u00f6ren delar ut f\u00f6ljande priser till pristagare och hedersomn\u00e4mnanden (max 7 personer):<br><br>1. Penningpriser till pristagarna:<br>&nbsp;&nbsp;&nbsp; 1:a pris 2000 euro<br>&nbsp;&nbsp;&nbsp; 2:a pris 1000 euro<br>&nbsp;&nbsp;&nbsp; 3:e pris 500 euro.<br>2. Utst\u00e4llning av vinnande och hedersomn\u00e4mnda affischer under Forum i Gda\u0144sk<br>3. Vinnande och hedersomn\u00e4mnda affischer publiceras p\u00e5 EUSBSR:s hemsida<br><br>Prisutdelning till vinnare och hedersomn\u00e4mnda \u00e4ger rum under det tionde forum f\u00f6r EU:s \u00d6stersj\u00f6strategi i Gda\u0144sk, den 12 eller 13 juni 2019. Arrang\u00f6ren st\u00e5r f\u00f6r resekostnader (f\u00f6r resan till och fr\u00e5n Polen samt f\u00f6r lokala transporter i Polen) och logi i samband med prisutdelningen.<br><br><strong>T\u00e4vlingsbidrag ska skickas senast 6 maj 2019 till e-postadressen<\/strong>&nbsp;<strong>ddpk.sekretariat@msz.gov.pl<\/strong><\/p>\n\n\n\n<p>Vi ber deltagarna att l\u00e4sa igenom t\u00e4vlingsreglerna.<\/p>\n\n\n\n<p>Mer information p\u00e5 engelska:&nbsp;<a href=\"https:\/\/www.gov.pl\/web\/diplomacy\/baltic-poster-contest-2019\" target=\"_blank\" rel=\"noreferrer noopener\">https:\/\/www.gov.pl\/web\/diplomacy\/baltic-poster-contest-2019<\/a><\/p>\n\n\n\n<p>Varmt v\u00e4lkomna att delta i t\u00e4vlingen!<\/p>\n","protected":false},"excerpt":{"rendered":"<p>Polens utrikesministerium utlyser en internationell t\u00e4vling om utformning av en affisch till det tionde \u00e5rliga Forum f\u00f6r Europeiska unionens strategi f\u00f6r \u00d6stersj\u00f6regionen, som \u00e4ger rum i Gda\u0144sk 12-13 juni 2019. T\u00e4vlingen \u00e4r \u00f6ppen f\u00f6r deltagare i \u00e5ldern 18-35 \u00e5r fr\u00e5n de l\u00e4nder som deltar i EU:s \u00d6stersj\u00f6strategi (Danmark, Estland, Finland, Lettland, Litauen, Polen, Sverige, Tyskland) [&hellip;]<\/p>\n","protected":false},"author":9,"featured_media":98,"comment_status":"open","ping_status":"open","sticky":false,"template":"","format":"standard","meta":{"inline_featured_image":false,"_monsterinsights_skip_tracking":false,"_monsterinsights_sitenote_active":false,"_monsterinsights_sitenote_note":"","_monsterinsights_sitenote_category":0,"footnotes":""},"categories":[222],"tags":[],"class_list":["post-97","post","type-post","status-publish","format-standard","has-post-thumbnail","hentry","category-aktualnosc-se"],"yoast_head":"<!-- This site is optimized with the Yoast SEO plugin v24.6 - https:\/\/yoast.com\/wordpress\/plugins\/seo\/ -->\n<title>Internationell affischt\u00e4vling \u201cBALTIC POSTER CONTEST 2019. Reduce, Reuse, Rethink!\u201d - Instytut Polski w Sztokholmie<\/title>\n<meta name=\"robots\" content=\"index, follow, max-snippet:-1, max-image-preview:large, max-video-preview:-1\" \/>\n<link rel=\"canonical\" href=\"https:\/\/instytutpolski.pl\/stockholm\/2019\/03\/22\/internationell-affischtavling-baltic-poster-contest-2019-reduce-reuse-rethink\/\" \/>\n<meta property=\"og:locale\" content=\"pl_PL\" \/>\n<meta property=\"og:type\" content=\"article\" \/>\n<meta property=\"og:title\" content=\"Internationell affischt\u00e4vling \u201cBALTIC POSTER CONTEST 2019. Reduce, Reuse, Rethink!\u201d - Instytut Polski w Sztokholmie\" \/>\n<meta property=\"og:description\" content=\"Polens utrikesministerium utlyser en internationell t\u00e4vling om utformning av en affisch till det tionde \u00e5rliga Forum f\u00f6r Europeiska unionens strategi f\u00f6r \u00d6stersj\u00f6regionen, som \u00e4ger rum i Gda\u0144sk 12-13 juni 2019. T\u00e4vlingen \u00e4r \u00f6ppen f\u00f6r deltagare i \u00e5ldern 18-35 \u00e5r fr\u00e5n de l\u00e4nder som deltar i EU:s \u00d6stersj\u00f6strategi (Danmark, Estland, Finland, Lettland, Litauen, Polen, Sverige, Tyskland) [&hellip;]\" \/>\n<meta property=\"og:url\" content=\"https:\/\/instytutpolski.pl\/stockholm\/2019\/03\/22\/internationell-affischtavling-baltic-poster-contest-2019-reduce-reuse-rethink\/\" \/>\n<meta property=\"og:site_name\" content=\"Instytut Polski w Sztokholmie\" \/>\n<meta property=\"article:published_time\" content=\"2019-03-22T10:59:25+00:00\" \/>\n<meta property=\"article:modified_time\" content=\"2020-10-01T12:55:19+00:00\" \/>\n<meta property=\"og:image\" content=\"https:\/\/instytutpolski.pl\/stockholm\/wp-content\/uploads\/sites\/17\/2019\/06\/konkurs-na-plakat.jpg\" \/>\n\t<meta property=\"og:image:width\" content=\"597\" \/>\n\t<meta property=\"og:image:height\" content=\"307\" \/>\n\t<meta property=\"og:image:type\" content=\"image\/jpeg\" \/>\n<meta name=\"twitter:card\" content=\"summary_large_image\" \/>\n<meta name=\"twitter:label1\" content=\"Napisane przez\" \/>\n\t<meta name=\"twitter:data1\" content=\"\" \/>\n\t<meta name=\"twitter:label2\" content=\"Szacowany czas czytania\" \/>\n\t<meta name=\"twitter:data2\" content=\"1 minuta\" \/>\n<script type=\"application\/ld+json\" class=\"yoast-schema-graph\">{\"@context\":\"https:\/\/schema.org\",\"@graph\":[{\"@type\":\"event\",\"@id\":\"https:\/\/instytutpolski.pl\/stockholm\/2019\/03\/22\/internationell-affischtavling-baltic-poster-contest-2019-reduce-reuse-rethink\/\",\"url\":\"https:\/\/instytutpolski.pl\/stockholm\/2019\/03\/22\/internationell-affischtavling-baltic-poster-contest-2019-reduce-reuse-rethink\/\",\"name\":\"Internationell affischt\u00e4vling \u201cBALTIC POSTER CONTEST 2019. Reduce, Reuse, Rethink!\u201d\",\"isPartOf\":{\"@id\":\"https:\/\/instytutpolski.pl\/stockholm\/#website\"},\"primaryImageOfPage\":{\"@id\":\"https:\/\/instytutpolski.pl\/stockholm\/2019\/03\/22\/internationell-affischtavling-baltic-poster-contest-2019-reduce-reuse-rethink\/#primaryimage\"},\"image\":[\"https:\/\/instytutpolski.pl\/stockholm\/wp-content\/uploads\/sites\/17\/2019\/06\/konkurs-na-plakat.jpg\",\"https:\/\/instytutpolski.pl\/stockholm\/wp-content\/uploads\/sites\/17\/2019\/06\/konkurs-na-plakat-300x154.jpg\",\"https:\/\/instytutpolski.pl\/stockholm\/wp-content\/uploads\/sites\/17\/2019\/06\/konkurs-na-plakat.jpg\",\"https:\/\/instytutpolski.pl\/stockholm\/wp-content\/uploads\/sites\/17\/2019\/06\/konkurs-na-plakat.jpg\"],\"thumbnailUrl\":\"https:\/\/instytutpolski.pl\/stockholm\/wp-content\/uploads\/sites\/17\/2019\/06\/konkurs-na-plakat.jpg\",\"datePublished\":\"2019-03-22T10:59:25+02:00\",\"dateModified\":\"2020-10-01T12:55:19+02:00\",\"author\":{\"@id\":\"\"},\"breadcrumb\":{\"@id\":\"https:\/\/instytutpolski.pl\/stockholm\/2019\/03\/22\/internationell-affischtavling-baltic-poster-contest-2019-reduce-reuse-rethink\/#breadcrumb\"},\"inLanguage\":\"pl-PL\",\"potentialAction\":[{\"@type\":\"ReadAction\",\"target\":[\"https:\/\/instytutpolski.pl\/stockholm\/2019\/03\/22\/internationell-affischtavling-baltic-poster-contest-2019-reduce-reuse-rethink\/\"]}],\"@context\":\"https:\/\/schema.org\",\"startDate\":\"2019-03-22\",\"endDate\":\"2019-05-06\",\"eventStatus\":\"EventScheduled\",\"eventAttendanceMode\":\"OfflineEventAttendanceMode\",\"location\":{\"@type\":\"place\",\"name\":\"\",\"address\":\"\",\"geo\":{\"@type\":\"GeoCoordinates\",\"latitude\":\"\",\"longitude\":\"\"}},\"description\":\"Polens utrikesministerium utlyser en internationell t\u00e4vling om utformning av en affisch till det tionde \u00e5rliga Forum f\u00f6r Europeiska unionens strategi f\u00f6r \u00d6stersj\u00f6regionen, som \u00e4ger rum i Gda\u0144sk 12-13 juni 2019.T\u00e4vlingen \u00e4r \u00f6ppen f\u00f6r deltagare i \u00e5ldern 18-35 \u00e5r fr\u00e5n de l\u00e4nder som deltar i EU:s \u00d6stersj\u00f6strategi (Danmark, Estland, Finland, Lettland, Litauen, Polen, Sverige, Tyskland) samt Norge.T\u00e4vlingsbidragen b\u00f6r p\u00e5 n\u00e5got s\u00e4tt ta upp de \u00e4mnen som behandlas p\u00e5 det tionde Forum f\u00f6r EU:s \u00d6stersj\u00f6strategi i Gda\u0144sk och inneh\u00e5lla orden: \u201d10th Annual Forum of the EU Strategy for the Baltic Sea Region, Gda\u0144sk, Poland, 12-13 June 2019\u201d. P\u00e5 affischen kan ocks\u00e5 (valfritt) f\u00f6rekomma m\u00f6testemat \u201dReduce, Reuse, Rethink\u201d, som \u00e4r en del av logotypen f\u00f6r forumet.T\u00e4vlingsarrang\u00f6ren delar ut f\u00f6ljande priser till pristagare och hedersomn\u00e4mnanden (max 7 personer):1. Penningpriser till pristagarna:    1:a pris 2000 euro    2:a pris 1000 euro    3:e pris 500 euro.2. Utst\u00e4llning av vinnande och hedersomn\u00e4mnda affischer under Forum i Gda\u0144sk3. Vinnande och hedersomn\u00e4mnda affischer publiceras p\u00e5 EUSBSR:s hemsidaPrisutdelning till vinnare och hedersomn\u00e4mnda \u00e4ger rum under det tionde forum f\u00f6r EU:s \u00d6stersj\u00f6strategi i Gda\u0144sk, den 12 eller 13 juni 2019. Arrang\u00f6ren st\u00e5r f\u00f6r resekostnader (f\u00f6r resan till och fr\u00e5n Polen samt f\u00f6r lokala transporter i Polen) och logi i samband med prisutdelningen.T\u00e4vlingsbidrag ska skickas senast 6 maj 2019 till e-postadressen ddpk.sekretariat@msz.gov.pl\\nVi ber deltagarna att l\u00e4sa igenom t\u00e4vlingsreglerna.\\nMer information p\u00e5 engelska: https:\/\/www.gov.pl\/web\/diplomacy\/baltic-poster-contest-2019\\nVarmt v\u00e4lkomna att delta i t\u00e4vlingen!\"},{\"@type\":\"ImageObject\",\"inLanguage\":\"pl-PL\",\"@id\":\"https:\/\/instytutpolski.pl\/stockholm\/2019\/03\/22\/internationell-affischtavling-baltic-poster-contest-2019-reduce-reuse-rethink\/#primaryimage\",\"url\":\"https:\/\/instytutpolski.pl\/stockholm\/wp-content\/uploads\/sites\/17\/2019\/06\/konkurs-na-plakat.jpg\",\"contentUrl\":\"https:\/\/instytutpolski.pl\/stockholm\/wp-content\/uploads\/sites\/17\/2019\/06\/konkurs-na-plakat.jpg\",\"width\":597,\"height\":307},{\"@type\":\"BreadcrumbList\",\"@id\":\"https:\/\/instytutpolski.pl\/stockholm\/2019\/03\/22\/internationell-affischtavling-baltic-poster-contest-2019-reduce-reuse-rethink\/#breadcrumb\",\"itemListElement\":[{\"@type\":\"ListItem\",\"position\":1,\"name\":\"Home\",\"item\":\"https:\/\/instytutpolski.pl\/stockholm\/\"},{\"@type\":\"ListItem\",\"position\":2,\"name\":\"Internationell affischt\u00e4vling \u201cBALTIC POSTER CONTEST 2019. Reduce, Reuse, Rethink!\u201d\"}]},{\"@type\":\"WebSite\",\"@id\":\"https:\/\/instytutpolski.pl\/stockholm\/#website\",\"url\":\"https:\/\/instytutpolski.pl\/stockholm\/\",\"name\":\"Instytut Polski w Sztokholmie\",\"description\":\"Instytuty Polskie\",\"potentialAction\":[{\"@type\":\"SearchAction\",\"target\":{\"@type\":\"EntryPoint\",\"urlTemplate\":\"https:\/\/instytutpolski.pl\/stockholm\/?s={search_term_string}\"},\"query-input\":{\"@type\":\"PropertyValueSpecification\",\"valueRequired\":true,\"valueName\":\"search_term_string\"}}],\"inLanguage\":\"pl-PL\"},{\"@type\":\"Person\",\"@id\":\"\",\"url\":\"https:\/\/instytutpolski.pl\/stockholm\/author\/\"}]}<\/script>\n<!-- \/ Yoast SEO plugin. -->","yoast_head_json":{"title":"Internationell affischt\u00e4vling \u201cBALTIC POSTER CONTEST 2019. Reduce, Reuse, Rethink!\u201d - Instytut Polski w Sztokholmie","robots":{"index":"index","follow":"follow","max-snippet":"max-snippet:-1","max-image-preview":"max-image-preview:large","max-video-preview":"max-video-preview:-1"},"canonical":"https:\/\/instytutpolski.pl\/stockholm\/2019\/03\/22\/internationell-affischtavling-baltic-poster-contest-2019-reduce-reuse-rethink\/","og_locale":"pl_PL","og_type":"article","og_title":"Internationell affischt\u00e4vling \u201cBALTIC POSTER CONTEST 2019. Reduce, Reuse, Rethink!\u201d - Instytut Polski w Sztokholmie","og_description":"Polens utrikesministerium utlyser en internationell t\u00e4vling om utformning av en affisch till det tionde \u00e5rliga Forum f\u00f6r Europeiska unionens strategi f\u00f6r \u00d6stersj\u00f6regionen, som \u00e4ger rum i Gda\u0144sk 12-13 juni 2019. T\u00e4vlingen \u00e4r \u00f6ppen f\u00f6r deltagare i \u00e5ldern 18-35 \u00e5r fr\u00e5n de l\u00e4nder som deltar i EU:s \u00d6stersj\u00f6strategi (Danmark, Estland, Finland, Lettland, Litauen, Polen, Sverige, Tyskland) [&hellip;]","og_url":"https:\/\/instytutpolski.pl\/stockholm\/2019\/03\/22\/internationell-affischtavling-baltic-poster-contest-2019-reduce-reuse-rethink\/","og_site_name":"Instytut Polski w Sztokholmie","article_published_time":"2019-03-22T10:59:25+00:00","article_modified_time":"2020-10-01T12:55:19+00:00","og_image":[{"width":597,"height":307,"url":"https:\/\/instytutpolski.pl\/stockholm\/wp-content\/uploads\/sites\/17\/2019\/06\/konkurs-na-plakat.jpg","type":"image\/jpeg"}],"twitter_card":"summary_large_image","twitter_misc":{"Napisane przez":"","Szacowany czas czytania":"1 minuta"},"schema":{"@context":"https:\/\/schema.org","@graph":[{"@type":"event","@id":"https:\/\/instytutpolski.pl\/stockholm\/2019\/03\/22\/internationell-affischtavling-baltic-poster-contest-2019-reduce-reuse-rethink\/","url":"https:\/\/instytutpolski.pl\/stockholm\/2019\/03\/22\/internationell-affischtavling-baltic-poster-contest-2019-reduce-reuse-rethink\/","name":"Internationell affischt\u00e4vling \u201cBALTIC POSTER CONTEST 2019. Reduce, Reuse, Rethink!\u201d","isPartOf":{"@id":"https:\/\/instytutpolski.pl\/stockholm\/#website"},"primaryImageOfPage":{"@id":"https:\/\/instytutpolski.pl\/stockholm\/2019\/03\/22\/internationell-affischtavling-baltic-poster-contest-2019-reduce-reuse-rethink\/#primaryimage"},"image":["https:\/\/instytutpolski.pl\/stockholm\/wp-content\/uploads\/sites\/17\/2019\/06\/konkurs-na-plakat.jpg","https:\/\/instytutpolski.pl\/stockholm\/wp-content\/uploads\/sites\/17\/2019\/06\/konkurs-na-plakat-300x154.jpg","https:\/\/instytutpolski.pl\/stockholm\/wp-content\/uploads\/sites\/17\/2019\/06\/konkurs-na-plakat.jpg","https:\/\/instytutpolski.pl\/stockholm\/wp-content\/uploads\/sites\/17\/2019\/06\/konkurs-na-plakat.jpg"],"thumbnailUrl":"https:\/\/instytutpolski.pl\/stockholm\/wp-content\/uploads\/sites\/17\/2019\/06\/konkurs-na-plakat.jpg","datePublished":"2019-03-22T10:59:25+02:00","dateModified":"2020-10-01T12:55:19+02:00","author":{"@id":""},"breadcrumb":{"@id":"https:\/\/instytutpolski.pl\/stockholm\/2019\/03\/22\/internationell-affischtavling-baltic-poster-contest-2019-reduce-reuse-rethink\/#breadcrumb"},"inLanguage":"pl-PL","potentialAction":[{"@type":"ReadAction","target":["https:\/\/instytutpolski.pl\/stockholm\/2019\/03\/22\/internationell-affischtavling-baltic-poster-contest-2019-reduce-reuse-rethink\/"]}],"@context":"https:\/\/schema.org","startDate":"2019-03-22","endDate":"2019-05-06","eventStatus":"EventScheduled","eventAttendanceMode":"OfflineEventAttendanceMode","location":{"@type":"place","name":"","address":"","geo":{"@type":"GeoCoordinates","latitude":"","longitude":""}},"description":"Polens utrikesministerium utlyser en internationell t\u00e4vling om utformning av en affisch till det tionde \u00e5rliga Forum f\u00f6r Europeiska unionens strategi f\u00f6r \u00d6stersj\u00f6regionen, som \u00e4ger rum i Gda\u0144sk 12-13 juni 2019.T\u00e4vlingen \u00e4r \u00f6ppen f\u00f6r deltagare i \u00e5ldern 18-35 \u00e5r fr\u00e5n de l\u00e4nder som deltar i EU:s \u00d6stersj\u00f6strategi (Danmark, Estland, Finland, Lettland, Litauen, Polen, Sverige, Tyskland) samt Norge.T\u00e4vlingsbidragen b\u00f6r p\u00e5 n\u00e5got s\u00e4tt ta upp de \u00e4mnen som behandlas p\u00e5 det tionde Forum f\u00f6r EU:s \u00d6stersj\u00f6strategi i Gda\u0144sk och inneh\u00e5lla orden: \u201d10th Annual Forum of the EU Strategy for the Baltic Sea Region, Gda\u0144sk, Poland, 12-13 June 2019\u201d. P\u00e5 affischen kan ocks\u00e5 (valfritt) f\u00f6rekomma m\u00f6testemat \u201dReduce, Reuse, Rethink\u201d, som \u00e4r en del av logotypen f\u00f6r forumet.T\u00e4vlingsarrang\u00f6ren delar ut f\u00f6ljande priser till pristagare och hedersomn\u00e4mnanden (max 7 personer):1. Penningpriser till pristagarna:    1:a pris 2000 euro    2:a pris 1000 euro    3:e pris 500 euro.2. Utst\u00e4llning av vinnande och hedersomn\u00e4mnda affischer under Forum i Gda\u0144sk3. Vinnande och hedersomn\u00e4mnda affischer publiceras p\u00e5 EUSBSR:s hemsidaPrisutdelning till vinnare och hedersomn\u00e4mnda \u00e4ger rum under det tionde forum f\u00f6r EU:s \u00d6stersj\u00f6strategi i Gda\u0144sk, den 12 eller 13 juni 2019. Arrang\u00f6ren st\u00e5r f\u00f6r resekostnader (f\u00f6r resan till och fr\u00e5n Polen samt f\u00f6r lokala transporter i Polen) och logi i samband med prisutdelningen.T\u00e4vlingsbidrag ska skickas senast 6 maj 2019 till e-postadressen ddpk.sekretariat@msz.gov.pl\nVi ber deltagarna att l\u00e4sa igenom t\u00e4vlingsreglerna.\nMer information p\u00e5 engelska: https:\/\/www.gov.pl\/web\/diplomacy\/baltic-poster-contest-2019\nVarmt v\u00e4lkomna att delta i t\u00e4vlingen!"},{"@type":"ImageObject","inLanguage":"pl-PL","@id":"https:\/\/instytutpolski.pl\/stockholm\/2019\/03\/22\/internationell-affischtavling-baltic-poster-contest-2019-reduce-reuse-rethink\/#primaryimage","url":"https:\/\/instytutpolski.pl\/stockholm\/wp-content\/uploads\/sites\/17\/2019\/06\/konkurs-na-plakat.jpg","contentUrl":"https:\/\/instytutpolski.pl\/stockholm\/wp-content\/uploads\/sites\/17\/2019\/06\/konkurs-na-plakat.jpg","width":597,"height":307},{"@type":"BreadcrumbList","@id":"https:\/\/instytutpolski.pl\/stockholm\/2019\/03\/22\/internationell-affischtavling-baltic-poster-contest-2019-reduce-reuse-rethink\/#breadcrumb","itemListElement":[{"@type":"ListItem","position":1,"name":"Home","item":"https:\/\/instytutpolski.pl\/stockholm\/"},{"@type":"ListItem","position":2,"name":"Internationell affischt\u00e4vling \u201cBALTIC POSTER CONTEST 2019. Reduce, Reuse, Rethink!\u201d"}]},{"@type":"WebSite","@id":"https:\/\/instytutpolski.pl\/stockholm\/#website","url":"https:\/\/instytutpolski.pl\/stockholm\/","name":"Instytut Polski w Sztokholmie","description":"Instytuty Polskie","potentialAction":[{"@type":"SearchAction","target":{"@type":"EntryPoint","urlTemplate":"https:\/\/instytutpolski.pl\/stockholm\/?s={search_term_string}"},"query-input":{"@type":"PropertyValueSpecification","valueRequired":true,"valueName":"search_term_string"}}],"inLanguage":"pl-PL"},{"@type":"Person","@id":"","url":"https:\/\/instytutpolski.pl\/stockholm\/author\/"}]}},"_links":{"self":[{"href":"https:\/\/instytutpolski.pl\/stockholm\/wp-json\/wp\/v2\/posts\/97","targetHints":{"allow":["GET"]}}],"collection":[{"href":"https:\/\/instytutpolski.pl\/stockholm\/wp-json\/wp\/v2\/posts"}],"about":[{"href":"https:\/\/instytutpolski.pl\/stockholm\/wp-json\/wp\/v2\/types\/post"}],"author":[{"embeddable":true,"href":"https:\/\/instytutpolski.pl\/stockholm\/wp-json\/wp\/v2\/users\/9"}],"replies":[{"embeddable":true,"href":"https:\/\/instytutpolski.pl\/stockholm\/wp-json\/wp\/v2\/comments?post=97"}],"version-history":[{"count":1,"href":"https:\/\/instytutpolski.pl\/stockholm\/wp-json\/wp\/v2\/posts\/97\/revisions"}],"predecessor-version":[{"id":99,"href":"https:\/\/instytutpolski.pl\/stockholm\/wp-json\/wp\/v2\/posts\/97\/revisions\/99"}],"wp:featuredmedia":[{"embeddable":true,"href":"https:\/\/instytutpolski.pl\/stockholm\/wp-json\/wp\/v2\/media\/98"}],"wp:attachment":[{"href":"https:\/\/instytutpolski.pl\/stockholm\/wp-json\/wp\/v2\/media?parent=97"}],"wp:term":[{"taxonomy":"category","embeddable":true,"href":"https:\/\/instytutpolski.pl\/stockholm\/wp-json\/wp\/v2\/categories?post=97"},{"taxonomy":"post_tag","embeddable":true,"href":"https:\/\/instytutpolski.pl\/stockholm\/wp-json\/wp\/v2\/tags?post=97"}],"curies":[{"name":"wp","href":"https:\/\/api.w.org\/{rel}","templated":true}]}}