{"id":9854,"date":"2022-12-08T17:08:34","date_gmt":"2022-12-08T16:08:34","guid":{"rendered":"https:\/\/instytutpolski.pl\/stockholm\/?p=9854"},"modified":"2022-12-08T17:13:04","modified_gmt":"2022-12-08T16:13:04","slug":"fotoreportaz-pokaz-specjalny-filmu-noz-w-wodzie-romana-polanskiego-1962-pamieci-operatora-jerzego-lipmana-1922-1983","status":"publish","type":"post","link":"https:\/\/instytutpolski.pl\/stockholm\/pl\/2022\/12\/08\/fotoreportaz-pokaz-specjalny-filmu-noz-w-wodzie-romana-polanskiego-1962-pamieci-operatora-jerzego-lipmana-1922-1983\/","title":{"rendered":"Fotoreporta\u017c: Pokaz specjalny filmu \u201cN\u00f3\u017c w wodzie\u201d Romana Pola\u0144skiego (1962). Pami\u0119ci operatora Jerzego Lipmana 1922-1983."},"content":{"rendered":"\n<p>W ramach wydarzenia odby\u0142y si\u0119 dwa wyst\u0105pienia: prof. Katarzyny Taras z PWSFTviT w \u0141odzi oraz szwedzkiego producenta filmowego, Johana Edstr\u00f6ma, w ramach kt\u00f3rych publiczno\u015b\u0107 us\u0142ysza\u0142a historie zza kulis produkcji \u201cNo\u017ca w wodzie\u201d Romana Pola\u0144skiego oraz zobaczy\u0142a fragment oryginalnego sprz\u0119tu u\u017cytego przez operatora Jerzego Lipmana podczas zdj\u0119\u0107 do filmu. Prof. Taras przekaza\u0142a ponadto specjaln\u0105 wiadomo\u015b\u0107 od Pani Eugenii Lipman, \u017cony operatora Jerzego Lipmana, kt\u00f3ra opowiedzia\u0142a nieco wi\u0119cej na temat stosunku m\u0119\u017ca do re\u017cysera Romana Pola\u0144skiego oraz samej produkcji filmowej. Nast\u0119pnie zosta\u0142 zaprezentowany \u201eN\u00f3\u017c w wodzie\u201d w wersji oryginalnej z angielskimi napisami. Film jest debiutem fabularnym re\u017cysera Romana Pola\u0144skiego i zosta\u0142 nakr\u0119cony w Polsce w 1961 roku. Ten psychologiczny thriller by\u0142 prze\u0142omowy zar\u00f3wno w karierze Pola\u0144skiego, jak i dla gatunku thrillera w og\u00f3le, m.in. jako pierwszy polski kandydat do Oscara zosta\u0142 nominowany w kategorii najlepszy film nieangloj\u0119zyczny (1964).<\/p>\n\n\n\n<p>Wydarzenie odby\u0142o si\u0119 w presti\u017cowym kinie sztokholmskim Bio Mauritz, Filmhuset Stockholm i by\u0142o zorganizowane przez Instytut Polski w Sztokholmie, we wsp\u00f3\u0142pracy z organizacj\u0105 FSF F\u00f6reningen Sveriges Filmfotografer oraz z IMAGO \u2013 International Federation of Cinematographers.<\/p>\n\n\n\n<pre class=\"wp-block-verse\"><\/pre>\n\n\n\n<figure class=\"wp-block-gallery has-nested-images columns-default is-cropped wp-block-gallery-1 is-layout-flex wp-block-gallery-is-layout-flex\">\n<figure class=\"wp-block-image size-large\"><img loading=\"lazy\" decoding=\"async\" width=\"2560\" height=\"1920\" data-id=\"9838\" src=\"https:\/\/instytutpolski.pl\/stockholm\/wp-content\/uploads\/sites\/17\/2022\/12\/IMG_7777-scaled.jpg\" alt=\"\" class=\"wp-image-9838\" srcset=\"https:\/\/instytutpolski.pl\/stockholm\/wp-content\/uploads\/sites\/17\/2022\/12\/IMG_7777-scaled.jpg 2560w, https:\/\/instytutpolski.pl\/stockholm\/wp-content\/uploads\/sites\/17\/2022\/12\/IMG_7777-300x225.jpg 300w, https:\/\/instytutpolski.pl\/stockholm\/wp-content\/uploads\/sites\/17\/2022\/12\/IMG_7777-1024x768.jpg 1024w, https:\/\/instytutpolski.pl\/stockholm\/wp-content\/uploads\/sites\/17\/2022\/12\/IMG_7777-768x576.jpg 768w, https:\/\/instytutpolski.pl\/stockholm\/wp-content\/uploads\/sites\/17\/2022\/12\/IMG_7777-1536x1152.jpg 1536w, https:\/\/instytutpolski.pl\/stockholm\/wp-content\/uploads\/sites\/17\/2022\/12\/IMG_7777-2048x1536.jpg 2048w\" sizes=\"auto, (max-width: 2560px) 100vw, 2560px\" \/><\/figure>\n\n\n\n<figure class=\"wp-block-image size-large\"><img loading=\"lazy\" decoding=\"async\" width=\"2560\" height=\"1920\" data-id=\"9849\" src=\"https:\/\/instytutpolski.pl\/stockholm\/wp-content\/uploads\/sites\/17\/2022\/12\/IMG_7748-kopia-scaled.jpg\" alt=\"\" class=\"wp-image-9849\" srcset=\"https:\/\/instytutpolski.pl\/stockholm\/wp-content\/uploads\/sites\/17\/2022\/12\/IMG_7748-kopia-scaled.jpg 2560w, https:\/\/instytutpolski.pl\/stockholm\/wp-content\/uploads\/sites\/17\/2022\/12\/IMG_7748-kopia-300x225.jpg 300w, https:\/\/instytutpolski.pl\/stockholm\/wp-content\/uploads\/sites\/17\/2022\/12\/IMG_7748-kopia-1024x768.jpg 1024w, https:\/\/instytutpolski.pl\/stockholm\/wp-content\/uploads\/sites\/17\/2022\/12\/IMG_7748-kopia-768x576.jpg 768w, https:\/\/instytutpolski.pl\/stockholm\/wp-content\/uploads\/sites\/17\/2022\/12\/IMG_7748-kopia-1536x1152.jpg 1536w, https:\/\/instytutpolski.pl\/stockholm\/wp-content\/uploads\/sites\/17\/2022\/12\/IMG_7748-kopia-2048x1536.jpg 2048w\" sizes=\"auto, (max-width: 2560px) 100vw, 2560px\" \/><\/figure>\n\n\n\n<figure class=\"wp-block-image size-large\"><img loading=\"lazy\" decoding=\"async\" width=\"2560\" height=\"1920\" data-id=\"9848\" src=\"https:\/\/instytutpolski.pl\/stockholm\/wp-content\/uploads\/sites\/17\/2022\/12\/IMG_7739-scaled.jpg\" alt=\"\" class=\"wp-image-9848\" srcset=\"https:\/\/instytutpolski.pl\/stockholm\/wp-content\/uploads\/sites\/17\/2022\/12\/IMG_7739-scaled.jpg 2560w, https:\/\/instytutpolski.pl\/stockholm\/wp-content\/uploads\/sites\/17\/2022\/12\/IMG_7739-300x225.jpg 300w, https:\/\/instytutpolski.pl\/stockholm\/wp-content\/uploads\/sites\/17\/2022\/12\/IMG_7739-1024x768.jpg 1024w, https:\/\/instytutpolski.pl\/stockholm\/wp-content\/uploads\/sites\/17\/2022\/12\/IMG_7739-768x576.jpg 768w, https:\/\/instytutpolski.pl\/stockholm\/wp-content\/uploads\/sites\/17\/2022\/12\/IMG_7739-1536x1152.jpg 1536w, https:\/\/instytutpolski.pl\/stockholm\/wp-content\/uploads\/sites\/17\/2022\/12\/IMG_7739-2048x1536.jpg 2048w\" sizes=\"auto, (max-width: 2560px) 100vw, 2560px\" \/><\/figure>\n\n\n\n<figure class=\"wp-block-image size-large\"><img loading=\"lazy\" decoding=\"async\" width=\"2560\" height=\"1907\" data-id=\"9846\" src=\"https:\/\/instytutpolski.pl\/stockholm\/wp-content\/uploads\/sites\/17\/2022\/12\/IMG_7728-scaled.jpg\" alt=\"\" class=\"wp-image-9846\" srcset=\"https:\/\/instytutpolski.pl\/stockholm\/wp-content\/uploads\/sites\/17\/2022\/12\/IMG_7728-scaled.jpg 2560w, https:\/\/instytutpolski.pl\/stockholm\/wp-content\/uploads\/sites\/17\/2022\/12\/IMG_7728-300x224.jpg 300w, https:\/\/instytutpolski.pl\/stockholm\/wp-content\/uploads\/sites\/17\/2022\/12\/IMG_7728-1024x763.jpg 1024w, https:\/\/instytutpolski.pl\/stockholm\/wp-content\/uploads\/sites\/17\/2022\/12\/IMG_7728-768x572.jpg 768w, https:\/\/instytutpolski.pl\/stockholm\/wp-content\/uploads\/sites\/17\/2022\/12\/IMG_7728-1536x1144.jpg 1536w, https:\/\/instytutpolski.pl\/stockholm\/wp-content\/uploads\/sites\/17\/2022\/12\/IMG_7728-2048x1526.jpg 2048w\" sizes=\"auto, (max-width: 2560px) 100vw, 2560px\" \/><\/figure>\n\n\n\n<figure class=\"wp-block-image size-large\"><img loading=\"lazy\" decoding=\"async\" width=\"1971\" height=\"2560\" data-id=\"9843\" src=\"https:\/\/instytutpolski.pl\/stockholm\/wp-content\/uploads\/sites\/17\/2022\/12\/IMG_7716-scaled.jpg\" alt=\"\" class=\"wp-image-9843\" srcset=\"https:\/\/instytutpolski.pl\/stockholm\/wp-content\/uploads\/sites\/17\/2022\/12\/IMG_7716-scaled.jpg 1971w, https:\/\/instytutpolski.pl\/stockholm\/wp-content\/uploads\/sites\/17\/2022\/12\/IMG_7716-231x300.jpg 231w, https:\/\/instytutpolski.pl\/stockholm\/wp-content\/uploads\/sites\/17\/2022\/12\/IMG_7716-789x1024.jpg 789w, https:\/\/instytutpolski.pl\/stockholm\/wp-content\/uploads\/sites\/17\/2022\/12\/IMG_7716-768x997.jpg 768w, https:\/\/instytutpolski.pl\/stockholm\/wp-content\/uploads\/sites\/17\/2022\/12\/IMG_7716-1183x1536.jpg 1183w, https:\/\/instytutpolski.pl\/stockholm\/wp-content\/uploads\/sites\/17\/2022\/12\/IMG_7716-1577x2048.jpg 1577w\" sizes=\"auto, (max-width: 1971px) 100vw, 1971px\" \/><\/figure>\n\n\n\n<figure class=\"wp-block-image size-large\"><img loading=\"lazy\" decoding=\"async\" width=\"1200\" height=\"1600\" data-id=\"9842\" src=\"https:\/\/instytutpolski.pl\/stockholm\/wp-content\/uploads\/sites\/17\/2022\/12\/ee48df93-4a52-44b6-bf4d-62f7ae9022f8.jpg\" alt=\"\" class=\"wp-image-9842\" srcset=\"https:\/\/instytutpolski.pl\/stockholm\/wp-content\/uploads\/sites\/17\/2022\/12\/ee48df93-4a52-44b6-bf4d-62f7ae9022f8.jpg 1200w, https:\/\/instytutpolski.pl\/stockholm\/wp-content\/uploads\/sites\/17\/2022\/12\/ee48df93-4a52-44b6-bf4d-62f7ae9022f8-225x300.jpg 225w, https:\/\/instytutpolski.pl\/stockholm\/wp-content\/uploads\/sites\/17\/2022\/12\/ee48df93-4a52-44b6-bf4d-62f7ae9022f8-768x1024.jpg 768w, https:\/\/instytutpolski.pl\/stockholm\/wp-content\/uploads\/sites\/17\/2022\/12\/ee48df93-4a52-44b6-bf4d-62f7ae9022f8-1152x1536.jpg 1152w\" sizes=\"auto, (max-width: 1200px) 100vw, 1200px\" \/><\/figure>\n\n\n\n<figure class=\"wp-block-image size-large\"><img loading=\"lazy\" decoding=\"async\" width=\"2560\" height=\"1806\" data-id=\"9839\" src=\"https:\/\/instytutpolski.pl\/stockholm\/wp-content\/uploads\/sites\/17\/2022\/12\/IMG_7780-scaled.jpg\" alt=\"\" class=\"wp-image-9839\" srcset=\"https:\/\/instytutpolski.pl\/stockholm\/wp-content\/uploads\/sites\/17\/2022\/12\/IMG_7780-scaled.jpg 2560w, https:\/\/instytutpolski.pl\/stockholm\/wp-content\/uploads\/sites\/17\/2022\/12\/IMG_7780-300x212.jpg 300w, https:\/\/instytutpolski.pl\/stockholm\/wp-content\/uploads\/sites\/17\/2022\/12\/IMG_7780-1024x722.jpg 1024w, https:\/\/instytutpolski.pl\/stockholm\/wp-content\/uploads\/sites\/17\/2022\/12\/IMG_7780-768x542.jpg 768w, https:\/\/instytutpolski.pl\/stockholm\/wp-content\/uploads\/sites\/17\/2022\/12\/IMG_7780-1536x1084.jpg 1536w, https:\/\/instytutpolski.pl\/stockholm\/wp-content\/uploads\/sites\/17\/2022\/12\/IMG_7780-2048x1445.jpg 2048w\" sizes=\"auto, (max-width: 2560px) 100vw, 2560px\" \/><\/figure>\n\n\n\n<figure class=\"wp-block-image size-large\"><img loading=\"lazy\" decoding=\"async\" width=\"2560\" height=\"1920\" data-id=\"9841\" src=\"https:\/\/instytutpolski.pl\/stockholm\/wp-content\/uploads\/sites\/17\/2022\/12\/IMG_7818-scaled.jpg\" alt=\"\" class=\"wp-image-9841\" srcset=\"https:\/\/instytutpolski.pl\/stockholm\/wp-content\/uploads\/sites\/17\/2022\/12\/IMG_7818-scaled.jpg 2560w, https:\/\/instytutpolski.pl\/stockholm\/wp-content\/uploads\/sites\/17\/2022\/12\/IMG_7818-300x225.jpg 300w, https:\/\/instytutpolski.pl\/stockholm\/wp-content\/uploads\/sites\/17\/2022\/12\/IMG_7818-1024x768.jpg 1024w, https:\/\/instytutpolski.pl\/stockholm\/wp-content\/uploads\/sites\/17\/2022\/12\/IMG_7818-768x576.jpg 768w, https:\/\/instytutpolski.pl\/stockholm\/wp-content\/uploads\/sites\/17\/2022\/12\/IMG_7818-1536x1152.jpg 1536w, https:\/\/instytutpolski.pl\/stockholm\/wp-content\/uploads\/sites\/17\/2022\/12\/IMG_7818-2048x1536.jpg 2048w\" sizes=\"auto, (max-width: 2560px) 100vw, 2560px\" \/><\/figure>\n<\/figure>\n","protected":false},"excerpt":{"rendered":"<p>W ramach wydarzenia odby\u0142y si\u0119 dwa wyst\u0105pienia: prof. Katarzyny Taras z PWSFTviT w \u0141odzi oraz szwedzkiego producenta filmowego, Johana Edstr\u00f6ma, w ramach kt\u00f3rych publiczno\u015b\u0107 us\u0142ysza\u0142a historie zza kulis produkcji \u201cNo\u017ca w wodzie\u201d Romana Pola\u0144skiego oraz zobaczy\u0142a fragment oryginalnego sprz\u0119tu u\u017cytego przez operatora Jerzego Lipmana podczas zdj\u0119\u0107 do filmu. Prof. Taras przekaza\u0142a ponadto specjaln\u0105 wiadomo\u015b\u0107 od [&hellip;]<\/p>\n","protected":false},"author":173,"featured_media":9839,"comment_status":"closed","ping_status":"closed","sticky":true,"template":"","format":"standard","meta":{"inline_featured_image":false,"_monsterinsights_skip_tracking":false,"_monsterinsights_sitenote_active":false,"_monsterinsights_sitenote_note":"","_monsterinsights_sitenote_category":0,"footnotes":""},"categories":[208],"tags":[],"class_list":["post-9854","post","type-post","status-publish","format-standard","has-post-thumbnail","hentry","category-galeria-pl"],"yoast_head":"<!-- This site is optimized with the Yoast SEO plugin v24.6 - https:\/\/yoast.com\/wordpress\/plugins\/seo\/ -->\n<title>Fotoreporta\u017c: Pokaz specjalny filmu \u201cN\u00f3\u017c w wodzie\u201d Romana Pola\u0144skiego (1962). Pami\u0119ci operatora Jerzego Lipmana 1922-1983. - Instytut Polski w Sztokholmie<\/title>\n<meta name=\"robots\" content=\"index, follow, max-snippet:-1, max-image-preview:large, max-video-preview:-1\" \/>\n<link rel=\"canonical\" href=\"https:\/\/instytutpolski.pl\/stockholm\/pl\/2022\/12\/08\/fotoreportaz-pokaz-specjalny-filmu-noz-w-wodzie-romana-polanskiego-1962-pamieci-operatora-jerzego-lipmana-1922-1983\/\" \/>\n<meta property=\"og:locale\" content=\"pl_PL\" \/>\n<meta property=\"og:type\" content=\"article\" \/>\n<meta property=\"og:title\" content=\"Fotoreporta\u017c: Pokaz specjalny filmu \u201cN\u00f3\u017c w wodzie\u201d Romana Pola\u0144skiego (1962). Pami\u0119ci operatora Jerzego Lipmana 1922-1983. - Instytut Polski w Sztokholmie\" \/>\n<meta property=\"og:description\" content=\"W ramach wydarzenia odby\u0142y si\u0119 dwa wyst\u0105pienia: prof. Katarzyny Taras z PWSFTviT w \u0141odzi oraz szwedzkiego producenta filmowego, Johana Edstr\u00f6ma, w ramach kt\u00f3rych publiczno\u015b\u0107 us\u0142ysza\u0142a historie zza kulis produkcji \u201cNo\u017ca w wodzie\u201d Romana Pola\u0144skiego oraz zobaczy\u0142a fragment oryginalnego sprz\u0119tu u\u017cytego przez operatora Jerzego Lipmana podczas zdj\u0119\u0107 do filmu. Prof. Taras przekaza\u0142a ponadto specjaln\u0105 wiadomo\u015b\u0107 od [&hellip;]\" \/>\n<meta property=\"og:url\" content=\"https:\/\/instytutpolski.pl\/stockholm\/pl\/2022\/12\/08\/fotoreportaz-pokaz-specjalny-filmu-noz-w-wodzie-romana-polanskiego-1962-pamieci-operatora-jerzego-lipmana-1922-1983\/\" \/>\n<meta property=\"og:site_name\" content=\"Instytut Polski w Sztokholmie\" \/>\n<meta property=\"article:published_time\" content=\"2022-12-08T16:08:34+00:00\" \/>\n<meta property=\"article:modified_time\" content=\"2022-12-08T16:13:04+00:00\" \/>\n<meta property=\"og:image\" content=\"https:\/\/instytutpolski.pl\/stockholm\/wp-content\/uploads\/sites\/17\/2022\/12\/IMG_7780-scaled.jpg\" \/>\n\t<meta property=\"og:image:width\" content=\"2560\" \/>\n\t<meta property=\"og:image:height\" content=\"1806\" \/>\n\t<meta property=\"og:image:type\" content=\"image\/jpeg\" \/>\n<meta name=\"author\" content=\"treichelp\" \/>\n<meta name=\"twitter:card\" content=\"summary_large_image\" \/>\n<meta name=\"twitter:label1\" content=\"Napisane przez\" \/>\n\t<meta name=\"twitter:data1\" content=\"treichelp\" \/>\n\t<meta name=\"twitter:label2\" content=\"Szacowany czas czytania\" \/>\n\t<meta name=\"twitter:data2\" content=\"3 minuty\" \/>\n<script type=\"application\/ld+json\" class=\"yoast-schema-graph\">{\"@context\":\"https:\/\/schema.org\",\"@graph\":[{\"@type\":\"event\",\"@id\":\"https:\/\/instytutpolski.pl\/stockholm\/pl\/2022\/12\/08\/fotoreportaz-pokaz-specjalny-filmu-noz-w-wodzie-romana-polanskiego-1962-pamieci-operatora-jerzego-lipmana-1922-1983\/\",\"url\":\"https:\/\/instytutpolski.pl\/stockholm\/pl\/2022\/12\/08\/fotoreportaz-pokaz-specjalny-filmu-noz-w-wodzie-romana-polanskiego-1962-pamieci-operatora-jerzego-lipmana-1922-1983\/\",\"name\":\"Fotoreporta\u017c: Pokaz specjalny filmu \u201cN\u00f3\u017c w wodzie\u201d Romana Pola\u0144skiego (1962). Pami\u0119ci operatora Jerzego Lipmana 1922-1983.\",\"isPartOf\":{\"@id\":\"https:\/\/instytutpolski.pl\/stockholm\/#website\"},\"primaryImageOfPage\":{\"@id\":\"https:\/\/instytutpolski.pl\/stockholm\/pl\/2022\/12\/08\/fotoreportaz-pokaz-specjalny-filmu-noz-w-wodzie-romana-polanskiego-1962-pamieci-operatora-jerzego-lipmana-1922-1983\/#primaryimage\"},\"image\":[\"https:\/\/instytutpolski.pl\/stockholm\/wp-content\/uploads\/sites\/17\/2022\/12\/IMG_7780-scaled.jpg\",\"https:\/\/instytutpolski.pl\/stockholm\/wp-content\/uploads\/sites\/17\/2022\/12\/IMG_7780-300x212.jpg\",\"https:\/\/instytutpolski.pl\/stockholm\/wp-content\/uploads\/sites\/17\/2022\/12\/IMG_7780-1024x722.jpg\",\"https:\/\/instytutpolski.pl\/stockholm\/wp-content\/uploads\/sites\/17\/2022\/12\/IMG_7780-scaled.jpg\"],\"thumbnailUrl\":\"https:\/\/instytutpolski.pl\/stockholm\/wp-content\/uploads\/sites\/17\/2022\/12\/IMG_7780-scaled.jpg\",\"datePublished\":\"2022-12-08T16:08:34+02:00\",\"dateModified\":\"2022-12-08T16:13:04+02:00\",\"author\":{\"@id\":\"https:\/\/instytutpolski.pl\/stockholm\/#\/schema\/person\/866a2c0f4ccf0982a286809684f7bc1e\"},\"breadcrumb\":{\"@id\":\"https:\/\/instytutpolski.pl\/stockholm\/pl\/2022\/12\/08\/fotoreportaz-pokaz-specjalny-filmu-noz-w-wodzie-romana-polanskiego-1962-pamieci-operatora-jerzego-lipmana-1922-1983\/#breadcrumb\"},\"inLanguage\":\"pl-PL\",\"potentialAction\":[{\"@type\":\"ReadAction\",\"target\":[\"https:\/\/instytutpolski.pl\/stockholm\/pl\/2022\/12\/08\/fotoreportaz-pokaz-specjalny-filmu-noz-w-wodzie-romana-polanskiego-1962-pamieci-operatora-jerzego-lipmana-1922-1983\/\"]}],\"@context\":\"https:\/\/schema.org\",\"startDate\":\"2022-12-07T06:00:00+02:00\",\"endDate\":\"2022-12-07T09:00:00+02:00\",\"eventStatus\":\"EventScheduled\",\"eventAttendanceMode\":\"OfflineEventAttendanceMode\",\"location\":{\"@type\":\"place\",\"name\":\"\",\"address\":\"\",\"geo\":{\"@type\":\"GeoCoordinates\",\"latitude\":\"\",\"longitude\":\"\"}},\"description\":\"W ramach wydarzenia odby\u0142y si\u0119 dwa wyst\u0105pienia: prof. Katarzyny Taras z PWSFTviT w \u0141odzi oraz szwedzkiego producenta filmowego, Johana Edstr\u00f6ma, w ramach kt\u00f3rych publiczno\u015b\u0107 us\u0142ysza\u0142a historie zza kulis produkcji \u201cNo\u017ca w wodzie\u201d Romana Pola\u0144skiego oraz zobaczy\u0142a fragment oryginalnego sprz\u0119tu u\u017cytego przez operatora Jerzego Lipmana podczas zdj\u0119\u0107 do filmu. Prof. Taras przekaza\u0142a ponadto specjaln\u0105 wiadomo\u015b\u0107 od Pani Eugenii Lipman, \u017cony operatora Jerzego Lipmana, kt\u00f3ra opowiedzia\u0142a nieco wi\u0119cej na temat stosunku m\u0119\u017ca do re\u017cysera Romana Pola\u0144skiego oraz samej produkcji filmowej. Nast\u0119pnie zosta\u0142 zaprezentowany \u201eN\u00f3\u017c w wodzie\u201d w wersji oryginalnej z angielskimi napisami. Film jest debiutem fabularnym re\u017cysera Romana Pola\u0144skiego i zosta\u0142 nakr\u0119cony w Polsce w 1961 roku. Ten psychologiczny thriller by\u0142 prze\u0142omowy zar\u00f3wno w karierze Pola\u0144skiego, jak i dla gatunku thrillera w og\u00f3le, m.in. jako pierwszy polski kandydat do Oscara zosta\u0142 nominowany w kategorii najlepszy film nieangloj\u0119zyczny (1964).\\nWydarzenie odby\u0142o si\u0119 w presti\u017cowym kinie sztokholmskim Bio Mauritz, Filmhuset Stockholm i by\u0142o zorganizowane przez Instytut Polski w Sztokholmie, we wsp\u00f3\u0142pracy z organizacj\u0105 FSF F\u00f6reningen Sveriges Filmfotografer oraz z IMAGO \u2013 International Federation of Cinematographers.\"},{\"@type\":\"ImageObject\",\"inLanguage\":\"pl-PL\",\"@id\":\"https:\/\/instytutpolski.pl\/stockholm\/pl\/2022\/12\/08\/fotoreportaz-pokaz-specjalny-filmu-noz-w-wodzie-romana-polanskiego-1962-pamieci-operatora-jerzego-lipmana-1922-1983\/#primaryimage\",\"url\":\"https:\/\/instytutpolski.pl\/stockholm\/wp-content\/uploads\/sites\/17\/2022\/12\/IMG_7780-scaled.jpg\",\"contentUrl\":\"https:\/\/instytutpolski.pl\/stockholm\/wp-content\/uploads\/sites\/17\/2022\/12\/IMG_7780-scaled.jpg\",\"width\":2560,\"height\":1806},{\"@type\":\"BreadcrumbList\",\"@id\":\"https:\/\/instytutpolski.pl\/stockholm\/pl\/2022\/12\/08\/fotoreportaz-pokaz-specjalny-filmu-noz-w-wodzie-romana-polanskiego-1962-pamieci-operatora-jerzego-lipmana-1922-1983\/#breadcrumb\",\"itemListElement\":[{\"@type\":\"ListItem\",\"position\":1,\"name\":\"Home\",\"item\":\"https:\/\/instytutpolski.pl\/stockholm\/\"},{\"@type\":\"ListItem\",\"position\":2,\"name\":\"Fotoreporta\u017c: Pokaz specjalny filmu \u201cN\u00f3\u017c w wodzie\u201d Romana Pola\u0144skiego (1962). Pami\u0119ci operatora Jerzego Lipmana 1922-1983.\"}]},{\"@type\":\"WebSite\",\"@id\":\"https:\/\/instytutpolski.pl\/stockholm\/#website\",\"url\":\"https:\/\/instytutpolski.pl\/stockholm\/\",\"name\":\"Instytut Polski w Sztokholmie\",\"description\":\"Instytuty Polskie\",\"potentialAction\":[{\"@type\":\"SearchAction\",\"target\":{\"@type\":\"EntryPoint\",\"urlTemplate\":\"https:\/\/instytutpolski.pl\/stockholm\/?s={search_term_string}\"},\"query-input\":{\"@type\":\"PropertyValueSpecification\",\"valueRequired\":true,\"valueName\":\"search_term_string\"}}],\"inLanguage\":\"pl-PL\"},{\"@type\":\"Person\",\"@id\":\"https:\/\/instytutpolski.pl\/stockholm\/#\/schema\/person\/866a2c0f4ccf0982a286809684f7bc1e\",\"name\":\"treichelp\",\"image\":{\"@type\":\"ImageObject\",\"inLanguage\":\"pl-PL\",\"@id\":\"https:\/\/instytutpolski.pl\/stockholm\/#\/schema\/person\/image\/\",\"url\":\"https:\/\/secure.gravatar.com\/avatar\/fb2c1caae0df0854742a56fc463dd1fb?s=96&d=mm&r=g\",\"contentUrl\":\"https:\/\/secure.gravatar.com\/avatar\/fb2c1caae0df0854742a56fc463dd1fb?s=96&d=mm&r=g\",\"caption\":\"treichelp\"},\"url\":\"https:\/\/instytutpolski.pl\/stockholm\/author\/treichelp\/\"}]}<\/script>\n<!-- \/ Yoast SEO plugin. -->","yoast_head_json":{"title":"Fotoreporta\u017c: Pokaz specjalny filmu \u201cN\u00f3\u017c w wodzie\u201d Romana Pola\u0144skiego (1962). Pami\u0119ci operatora Jerzego Lipmana 1922-1983. - Instytut Polski w Sztokholmie","robots":{"index":"index","follow":"follow","max-snippet":"max-snippet:-1","max-image-preview":"max-image-preview:large","max-video-preview":"max-video-preview:-1"},"canonical":"https:\/\/instytutpolski.pl\/stockholm\/pl\/2022\/12\/08\/fotoreportaz-pokaz-specjalny-filmu-noz-w-wodzie-romana-polanskiego-1962-pamieci-operatora-jerzego-lipmana-1922-1983\/","og_locale":"pl_PL","og_type":"article","og_title":"Fotoreporta\u017c: Pokaz specjalny filmu \u201cN\u00f3\u017c w wodzie\u201d Romana Pola\u0144skiego (1962). Pami\u0119ci operatora Jerzego Lipmana 1922-1983. - Instytut Polski w Sztokholmie","og_description":"W ramach wydarzenia odby\u0142y si\u0119 dwa wyst\u0105pienia: prof. Katarzyny Taras z PWSFTviT w \u0141odzi oraz szwedzkiego producenta filmowego, Johana Edstr\u00f6ma, w ramach kt\u00f3rych publiczno\u015b\u0107 us\u0142ysza\u0142a historie zza kulis produkcji \u201cNo\u017ca w wodzie\u201d Romana Pola\u0144skiego oraz zobaczy\u0142a fragment oryginalnego sprz\u0119tu u\u017cytego przez operatora Jerzego Lipmana podczas zdj\u0119\u0107 do filmu. Prof. Taras przekaza\u0142a ponadto specjaln\u0105 wiadomo\u015b\u0107 od [&hellip;]","og_url":"https:\/\/instytutpolski.pl\/stockholm\/pl\/2022\/12\/08\/fotoreportaz-pokaz-specjalny-filmu-noz-w-wodzie-romana-polanskiego-1962-pamieci-operatora-jerzego-lipmana-1922-1983\/","og_site_name":"Instytut Polski w Sztokholmie","article_published_time":"2022-12-08T16:08:34+00:00","article_modified_time":"2022-12-08T16:13:04+00:00","og_image":[{"width":2560,"height":1806,"url":"https:\/\/instytutpolski.pl\/stockholm\/wp-content\/uploads\/sites\/17\/2022\/12\/IMG_7780-scaled.jpg","type":"image\/jpeg"}],"author":"treichelp","twitter_card":"summary_large_image","twitter_misc":{"Napisane przez":"treichelp","Szacowany czas czytania":"3 minuty"},"schema":{"@context":"https:\/\/schema.org","@graph":[{"@type":"event","@id":"https:\/\/instytutpolski.pl\/stockholm\/pl\/2022\/12\/08\/fotoreportaz-pokaz-specjalny-filmu-noz-w-wodzie-romana-polanskiego-1962-pamieci-operatora-jerzego-lipmana-1922-1983\/","url":"https:\/\/instytutpolski.pl\/stockholm\/pl\/2022\/12\/08\/fotoreportaz-pokaz-specjalny-filmu-noz-w-wodzie-romana-polanskiego-1962-pamieci-operatora-jerzego-lipmana-1922-1983\/","name":"Fotoreporta\u017c: Pokaz specjalny filmu \u201cN\u00f3\u017c w wodzie\u201d Romana Pola\u0144skiego (1962). Pami\u0119ci operatora Jerzego Lipmana 1922-1983.","isPartOf":{"@id":"https:\/\/instytutpolski.pl\/stockholm\/#website"},"primaryImageOfPage":{"@id":"https:\/\/instytutpolski.pl\/stockholm\/pl\/2022\/12\/08\/fotoreportaz-pokaz-specjalny-filmu-noz-w-wodzie-romana-polanskiego-1962-pamieci-operatora-jerzego-lipmana-1922-1983\/#primaryimage"},"image":["https:\/\/instytutpolski.pl\/stockholm\/wp-content\/uploads\/sites\/17\/2022\/12\/IMG_7780-scaled.jpg","https:\/\/instytutpolski.pl\/stockholm\/wp-content\/uploads\/sites\/17\/2022\/12\/IMG_7780-300x212.jpg","https:\/\/instytutpolski.pl\/stockholm\/wp-content\/uploads\/sites\/17\/2022\/12\/IMG_7780-1024x722.jpg","https:\/\/instytutpolski.pl\/stockholm\/wp-content\/uploads\/sites\/17\/2022\/12\/IMG_7780-scaled.jpg"],"thumbnailUrl":"https:\/\/instytutpolski.pl\/stockholm\/wp-content\/uploads\/sites\/17\/2022\/12\/IMG_7780-scaled.jpg","datePublished":"2022-12-08T16:08:34+02:00","dateModified":"2022-12-08T16:13:04+02:00","author":{"@id":"https:\/\/instytutpolski.pl\/stockholm\/#\/schema\/person\/866a2c0f4ccf0982a286809684f7bc1e"},"breadcrumb":{"@id":"https:\/\/instytutpolski.pl\/stockholm\/pl\/2022\/12\/08\/fotoreportaz-pokaz-specjalny-filmu-noz-w-wodzie-romana-polanskiego-1962-pamieci-operatora-jerzego-lipmana-1922-1983\/#breadcrumb"},"inLanguage":"pl-PL","potentialAction":[{"@type":"ReadAction","target":["https:\/\/instytutpolski.pl\/stockholm\/pl\/2022\/12\/08\/fotoreportaz-pokaz-specjalny-filmu-noz-w-wodzie-romana-polanskiego-1962-pamieci-operatora-jerzego-lipmana-1922-1983\/"]}],"@context":"https:\/\/schema.org","startDate":"2022-12-07T06:00:00+02:00","endDate":"2022-12-07T09:00:00+02:00","eventStatus":"EventScheduled","eventAttendanceMode":"OfflineEventAttendanceMode","location":{"@type":"place","name":"","address":"","geo":{"@type":"GeoCoordinates","latitude":"","longitude":""}},"description":"W ramach wydarzenia odby\u0142y si\u0119 dwa wyst\u0105pienia: prof. Katarzyny Taras z PWSFTviT w \u0141odzi oraz szwedzkiego producenta filmowego, Johana Edstr\u00f6ma, w ramach kt\u00f3rych publiczno\u015b\u0107 us\u0142ysza\u0142a historie zza kulis produkcji \u201cNo\u017ca w wodzie\u201d Romana Pola\u0144skiego oraz zobaczy\u0142a fragment oryginalnego sprz\u0119tu u\u017cytego przez operatora Jerzego Lipmana podczas zdj\u0119\u0107 do filmu. Prof. Taras przekaza\u0142a ponadto specjaln\u0105 wiadomo\u015b\u0107 od Pani Eugenii Lipman, \u017cony operatora Jerzego Lipmana, kt\u00f3ra opowiedzia\u0142a nieco wi\u0119cej na temat stosunku m\u0119\u017ca do re\u017cysera Romana Pola\u0144skiego oraz samej produkcji filmowej. Nast\u0119pnie zosta\u0142 zaprezentowany \u201eN\u00f3\u017c w wodzie\u201d w wersji oryginalnej z angielskimi napisami. Film jest debiutem fabularnym re\u017cysera Romana Pola\u0144skiego i zosta\u0142 nakr\u0119cony w Polsce w 1961 roku. Ten psychologiczny thriller by\u0142 prze\u0142omowy zar\u00f3wno w karierze Pola\u0144skiego, jak i dla gatunku thrillera w og\u00f3le, m.in. jako pierwszy polski kandydat do Oscara zosta\u0142 nominowany w kategorii najlepszy film nieangloj\u0119zyczny (1964).\nWydarzenie odby\u0142o si\u0119 w presti\u017cowym kinie sztokholmskim Bio Mauritz, Filmhuset Stockholm i by\u0142o zorganizowane przez Instytut Polski w Sztokholmie, we wsp\u00f3\u0142pracy z organizacj\u0105 FSF F\u00f6reningen Sveriges Filmfotografer oraz z IMAGO \u2013 International Federation of Cinematographers."},{"@type":"ImageObject","inLanguage":"pl-PL","@id":"https:\/\/instytutpolski.pl\/stockholm\/pl\/2022\/12\/08\/fotoreportaz-pokaz-specjalny-filmu-noz-w-wodzie-romana-polanskiego-1962-pamieci-operatora-jerzego-lipmana-1922-1983\/#primaryimage","url":"https:\/\/instytutpolski.pl\/stockholm\/wp-content\/uploads\/sites\/17\/2022\/12\/IMG_7780-scaled.jpg","contentUrl":"https:\/\/instytutpolski.pl\/stockholm\/wp-content\/uploads\/sites\/17\/2022\/12\/IMG_7780-scaled.jpg","width":2560,"height":1806},{"@type":"BreadcrumbList","@id":"https:\/\/instytutpolski.pl\/stockholm\/pl\/2022\/12\/08\/fotoreportaz-pokaz-specjalny-filmu-noz-w-wodzie-romana-polanskiego-1962-pamieci-operatora-jerzego-lipmana-1922-1983\/#breadcrumb","itemListElement":[{"@type":"ListItem","position":1,"name":"Home","item":"https:\/\/instytutpolski.pl\/stockholm\/"},{"@type":"ListItem","position":2,"name":"Fotoreporta\u017c: Pokaz specjalny filmu \u201cN\u00f3\u017c w wodzie\u201d Romana Pola\u0144skiego (1962). Pami\u0119ci operatora Jerzego Lipmana 1922-1983."}]},{"@type":"WebSite","@id":"https:\/\/instytutpolski.pl\/stockholm\/#website","url":"https:\/\/instytutpolski.pl\/stockholm\/","name":"Instytut Polski w Sztokholmie","description":"Instytuty Polskie","potentialAction":[{"@type":"SearchAction","target":{"@type":"EntryPoint","urlTemplate":"https:\/\/instytutpolski.pl\/stockholm\/?s={search_term_string}"},"query-input":{"@type":"PropertyValueSpecification","valueRequired":true,"valueName":"search_term_string"}}],"inLanguage":"pl-PL"},{"@type":"Person","@id":"https:\/\/instytutpolski.pl\/stockholm\/#\/schema\/person\/866a2c0f4ccf0982a286809684f7bc1e","name":"treichelp","image":{"@type":"ImageObject","inLanguage":"pl-PL","@id":"https:\/\/instytutpolski.pl\/stockholm\/#\/schema\/person\/image\/","url":"https:\/\/secure.gravatar.com\/avatar\/fb2c1caae0df0854742a56fc463dd1fb?s=96&d=mm&r=g","contentUrl":"https:\/\/secure.gravatar.com\/avatar\/fb2c1caae0df0854742a56fc463dd1fb?s=96&d=mm&r=g","caption":"treichelp"},"url":"https:\/\/instytutpolski.pl\/stockholm\/author\/treichelp\/"}]}},"_links":{"self":[{"href":"https:\/\/instytutpolski.pl\/stockholm\/wp-json\/wp\/v2\/posts\/9854","targetHints":{"allow":["GET"]}}],"collection":[{"href":"https:\/\/instytutpolski.pl\/stockholm\/wp-json\/wp\/v2\/posts"}],"about":[{"href":"https:\/\/instytutpolski.pl\/stockholm\/wp-json\/wp\/v2\/types\/post"}],"author":[{"embeddable":true,"href":"https:\/\/instytutpolski.pl\/stockholm\/wp-json\/wp\/v2\/users\/173"}],"replies":[{"embeddable":true,"href":"https:\/\/instytutpolski.pl\/stockholm\/wp-json\/wp\/v2\/comments?post=9854"}],"version-history":[{"count":3,"href":"https:\/\/instytutpolski.pl\/stockholm\/wp-json\/wp\/v2\/posts\/9854\/revisions"}],"predecessor-version":[{"id":9857,"href":"https:\/\/instytutpolski.pl\/stockholm\/wp-json\/wp\/v2\/posts\/9854\/revisions\/9857"}],"wp:featuredmedia":[{"embeddable":true,"href":"https:\/\/instytutpolski.pl\/stockholm\/wp-json\/wp\/v2\/media\/9839"}],"wp:attachment":[{"href":"https:\/\/instytutpolski.pl\/stockholm\/wp-json\/wp\/v2\/media?parent=9854"}],"wp:term":[{"taxonomy":"category","embeddable":true,"href":"https:\/\/instytutpolski.pl\/stockholm\/wp-json\/wp\/v2\/categories?post=9854"},{"taxonomy":"post_tag","embeddable":true,"href":"https:\/\/instytutpolski.pl\/stockholm\/wp-json\/wp\/v2\/tags?post=9854"}],"curies":[{"name":"wp","href":"https:\/\/api.w.org\/{rel}","templated":true}]}}