{"id":9925,"date":"2022-12-13T18:03:03","date_gmt":"2022-12-13T17:03:03","guid":{"rendered":"https:\/\/instytutpolski.pl\/stockholm\/?p=9925"},"modified":"2022-12-15T09:34:25","modified_gmt":"2022-12-15T08:34:25","slug":"fotoreportaz-koncert-swiateczny-ue-2022-w-sztokholmie1a1","status":"publish","type":"post","link":"https:\/\/instytutpolski.pl\/stockholm\/pl\/2022\/12\/13\/fotoreportaz-koncert-swiateczny-ue-2022-w-sztokholmie1a1\/","title":{"rendered":"Fotoreporta\u017c: Koncert \u015awi\u0105teczny UE 2022 w Sztokholmie"},"content":{"rendered":"\n<p>Podczas tego przytulnego wieczoru w \u015bwi\u0105tecznej atmosferze za\u015bpiewane zosta\u0142y kol\u0119dy w wielu r\u00f3\u017cnych europejskich j\u0119zykach. Wyst\u0119puj\u0105cy muzycy wykonali utwory w oryginalnym j\u0119zyku, a dzi\u0119ki broszurce z t\u0142umaczeniami kol\u0119d na j\u0119zyk angielski, publiczno\u015b\u0107 mog\u0142a pozna\u0107 znaczenie \u015bpiewanych kol\u0119d. Ponadto, gospodarze wieczoru Lena Olofsson-Piras och Nikolaos Tsiamis z Reprezentacji Komisji Europejskiej w Szwecji opowiedzieli te\u017c o tradycjach bo\u017conarodzeniowych w poszczeg\u00f3lnych krajach bior\u0105cych udzia\u0142 w projekcie.<\/p>\n\n\n\n<p>Polska kol\u0119da \u201eNie by\u0142o miejsca dla Ciebie\u201d zosta\u0142a wykonana przez Tomasza Siegrista, muzyka z polskimi korzeniami, kt\u00f3ry dzia\u0142a jako dyrygent ch\u00f3ralny w Sztokholmie i Uppsali, a tak\u017ce jako wokalista, nauczyciel \u015bpiewu, kompozytor i organista.<\/p>\n\n\n\n<p>Dzi\u0119kujemy wszystkim, kt\u00f3rzy przyczynili si\u0119 do tego niezapomnianego \u015bwi\u0105tecznego wieczoru!<\/p>\n\n\n\n<p>Do zobaczenia za rok!<\/p>\n\n\n\n<p><\/p>\n\n\n\n<p><strong>Koncert zosta\u0142 nagrany i b\u0119dzie udost\u0119pniony 18 grudnia 2022 o godz. 18 na stronie Reprezentacji Komisji Europejskiej w Szwecji<\/strong>.<strong> Link do filmu po jego premierze zostanie udost\u0119pniony r\u00f3wnie\u017c na stronie Instytutu, w tym artykule.<\/strong><\/p>\n\n\n\n<p><\/p>\n\n\n\n<p>Koncert bo\u017conarodzeniowy zosta\u0142 zorganizowany przez Reprezentacj\u0119 Komisji Europejskiej w Szwecji we wsp\u00f3\u0142pracy z organizacj\u0105 EUNIC Stockholm.<\/p>\n\n\n\n<pre class=\"wp-block-verse\">Foto: Pawe\u0142 Kania, Kania NordFOTO<\/pre>\n\n\n\n<pre class=\"wp-block-verse\"><\/pre>\n\n\n\n<figure class=\"wp-block-gallery has-nested-images columns-default is-cropped wp-block-gallery-1 is-layout-flex wp-block-gallery-is-layout-flex\">\n<figure class=\"wp-block-image size-large\"><img loading=\"lazy\" decoding=\"async\" width=\"2560\" height=\"1707\" data-id=\"9904\" src=\"https:\/\/instytutpolski.pl\/stockholm\/wp-content\/uploads\/sites\/17\/2022\/12\/Koncert-Bozonarodzeniowy-1-of-42-scaled.jpg\" alt=\"\" class=\"wp-image-9904\" srcset=\"https:\/\/instytutpolski.pl\/stockholm\/wp-content\/uploads\/sites\/17\/2022\/12\/Koncert-Bozonarodzeniowy-1-of-42-scaled.jpg 2560w, https:\/\/instytutpolski.pl\/stockholm\/wp-content\/uploads\/sites\/17\/2022\/12\/Koncert-Bozonarodzeniowy-1-of-42-300x200.jpg 300w, https:\/\/instytutpolski.pl\/stockholm\/wp-content\/uploads\/sites\/17\/2022\/12\/Koncert-Bozonarodzeniowy-1-of-42-1024x683.jpg 1024w, https:\/\/instytutpolski.pl\/stockholm\/wp-content\/uploads\/sites\/17\/2022\/12\/Koncert-Bozonarodzeniowy-1-of-42-768x512.jpg 768w, https:\/\/instytutpolski.pl\/stockholm\/wp-content\/uploads\/sites\/17\/2022\/12\/Koncert-Bozonarodzeniowy-1-of-42-1536x1024.jpg 1536w, https:\/\/instytutpolski.pl\/stockholm\/wp-content\/uploads\/sites\/17\/2022\/12\/Koncert-Bozonarodzeniowy-1-of-42-2048x1365.jpg 2048w\" sizes=\"auto, (max-width: 2560px) 100vw, 2560px\" \/><\/figure>\n\n\n\n<figure class=\"wp-block-image size-large\"><img loading=\"lazy\" decoding=\"async\" width=\"2560\" height=\"1707\" data-id=\"9905\" src=\"https:\/\/instytutpolski.pl\/stockholm\/wp-content\/uploads\/sites\/17\/2022\/12\/Koncert-Bozonarodzeniowy-45-of-3-scaled.jpg\" alt=\"\" class=\"wp-image-9905\" srcset=\"https:\/\/instytutpolski.pl\/stockholm\/wp-content\/uploads\/sites\/17\/2022\/12\/Koncert-Bozonarodzeniowy-45-of-3-scaled.jpg 2560w, https:\/\/instytutpolski.pl\/stockholm\/wp-content\/uploads\/sites\/17\/2022\/12\/Koncert-Bozonarodzeniowy-45-of-3-300x200.jpg 300w, https:\/\/instytutpolski.pl\/stockholm\/wp-content\/uploads\/sites\/17\/2022\/12\/Koncert-Bozonarodzeniowy-45-of-3-1024x683.jpg 1024w, https:\/\/instytutpolski.pl\/stockholm\/wp-content\/uploads\/sites\/17\/2022\/12\/Koncert-Bozonarodzeniowy-45-of-3-768x512.jpg 768w, https:\/\/instytutpolski.pl\/stockholm\/wp-content\/uploads\/sites\/17\/2022\/12\/Koncert-Bozonarodzeniowy-45-of-3-1536x1024.jpg 1536w, https:\/\/instytutpolski.pl\/stockholm\/wp-content\/uploads\/sites\/17\/2022\/12\/Koncert-Bozonarodzeniowy-45-of-3-2048x1365.jpg 2048w\" sizes=\"auto, (max-width: 2560px) 100vw, 2560px\" \/><\/figure>\n\n\n\n<figure class=\"wp-block-image size-large\"><img loading=\"lazy\" decoding=\"async\" width=\"2560\" height=\"1707\" data-id=\"9906\" src=\"https:\/\/instytutpolski.pl\/stockholm\/wp-content\/uploads\/sites\/17\/2022\/12\/Koncert-Bozonarodzeniowy-39-of-42-scaled.jpg\" alt=\"\" class=\"wp-image-9906\" srcset=\"https:\/\/instytutpolski.pl\/stockholm\/wp-content\/uploads\/sites\/17\/2022\/12\/Koncert-Bozonarodzeniowy-39-of-42-scaled.jpg 2560w, https:\/\/instytutpolski.pl\/stockholm\/wp-content\/uploads\/sites\/17\/2022\/12\/Koncert-Bozonarodzeniowy-39-of-42-300x200.jpg 300w, https:\/\/instytutpolski.pl\/stockholm\/wp-content\/uploads\/sites\/17\/2022\/12\/Koncert-Bozonarodzeniowy-39-of-42-1024x683.jpg 1024w, https:\/\/instytutpolski.pl\/stockholm\/wp-content\/uploads\/sites\/17\/2022\/12\/Koncert-Bozonarodzeniowy-39-of-42-768x512.jpg 768w, https:\/\/instytutpolski.pl\/stockholm\/wp-content\/uploads\/sites\/17\/2022\/12\/Koncert-Bozonarodzeniowy-39-of-42-1536x1024.jpg 1536w, https:\/\/instytutpolski.pl\/stockholm\/wp-content\/uploads\/sites\/17\/2022\/12\/Koncert-Bozonarodzeniowy-39-of-42-2048x1365.jpg 2048w\" sizes=\"auto, (max-width: 2560px) 100vw, 2560px\" \/><\/figure>\n\n\n\n<figure class=\"wp-block-image size-large\"><img loading=\"lazy\" decoding=\"async\" width=\"1707\" height=\"2560\" data-id=\"9907\" src=\"https:\/\/instytutpolski.pl\/stockholm\/wp-content\/uploads\/sites\/17\/2022\/12\/Koncert-Bozonarodzeniowy-38-of-42-scaled.jpg\" alt=\"\" class=\"wp-image-9907\" srcset=\"https:\/\/instytutpolski.pl\/stockholm\/wp-content\/uploads\/sites\/17\/2022\/12\/Koncert-Bozonarodzeniowy-38-of-42-scaled.jpg 1707w, https:\/\/instytutpolski.pl\/stockholm\/wp-content\/uploads\/sites\/17\/2022\/12\/Koncert-Bozonarodzeniowy-38-of-42-200x300.jpg 200w, https:\/\/instytutpolski.pl\/stockholm\/wp-content\/uploads\/sites\/17\/2022\/12\/Koncert-Bozonarodzeniowy-38-of-42-683x1024.jpg 683w, https:\/\/instytutpolski.pl\/stockholm\/wp-content\/uploads\/sites\/17\/2022\/12\/Koncert-Bozonarodzeniowy-38-of-42-768x1152.jpg 768w, https:\/\/instytutpolski.pl\/stockholm\/wp-content\/uploads\/sites\/17\/2022\/12\/Koncert-Bozonarodzeniowy-38-of-42-1024x1536.jpg 1024w, https:\/\/instytutpolski.pl\/stockholm\/wp-content\/uploads\/sites\/17\/2022\/12\/Koncert-Bozonarodzeniowy-38-of-42-1365x2048.jpg 1365w\" sizes=\"auto, (max-width: 1707px) 100vw, 1707px\" \/><\/figure>\n\n\n\n<figure class=\"wp-block-image size-large\"><img loading=\"lazy\" decoding=\"async\" width=\"1707\" height=\"2560\" data-id=\"9909\" src=\"https:\/\/instytutpolski.pl\/stockholm\/wp-content\/uploads\/sites\/17\/2022\/12\/Koncert-Bozonarodzeniowy-28-of-42-scaled.jpg\" alt=\"\" class=\"wp-image-9909\" srcset=\"https:\/\/instytutpolski.pl\/stockholm\/wp-content\/uploads\/sites\/17\/2022\/12\/Koncert-Bozonarodzeniowy-28-of-42-scaled.jpg 1707w, https:\/\/instytutpolski.pl\/stockholm\/wp-content\/uploads\/sites\/17\/2022\/12\/Koncert-Bozonarodzeniowy-28-of-42-200x300.jpg 200w, https:\/\/instytutpolski.pl\/stockholm\/wp-content\/uploads\/sites\/17\/2022\/12\/Koncert-Bozonarodzeniowy-28-of-42-683x1024.jpg 683w, https:\/\/instytutpolski.pl\/stockholm\/wp-content\/uploads\/sites\/17\/2022\/12\/Koncert-Bozonarodzeniowy-28-of-42-768x1152.jpg 768w, https:\/\/instytutpolski.pl\/stockholm\/wp-content\/uploads\/sites\/17\/2022\/12\/Koncert-Bozonarodzeniowy-28-of-42-1024x1536.jpg 1024w, https:\/\/instytutpolski.pl\/stockholm\/wp-content\/uploads\/sites\/17\/2022\/12\/Koncert-Bozonarodzeniowy-28-of-42-1365x2048.jpg 1365w\" sizes=\"auto, (max-width: 1707px) 100vw, 1707px\" \/><\/figure>\n\n\n\n<figure class=\"wp-block-image size-large\"><img loading=\"lazy\" decoding=\"async\" width=\"2560\" height=\"1707\" data-id=\"9908\" src=\"https:\/\/instytutpolski.pl\/stockholm\/wp-content\/uploads\/sites\/17\/2022\/12\/Koncert-Bozonarodzeniowy-35-of-42-scaled.jpg\" alt=\"\" class=\"wp-image-9908\" srcset=\"https:\/\/instytutpolski.pl\/stockholm\/wp-content\/uploads\/sites\/17\/2022\/12\/Koncert-Bozonarodzeniowy-35-of-42-scaled.jpg 2560w, https:\/\/instytutpolski.pl\/stockholm\/wp-content\/uploads\/sites\/17\/2022\/12\/Koncert-Bozonarodzeniowy-35-of-42-300x200.jpg 300w, https:\/\/instytutpolski.pl\/stockholm\/wp-content\/uploads\/sites\/17\/2022\/12\/Koncert-Bozonarodzeniowy-35-of-42-1024x683.jpg 1024w, https:\/\/instytutpolski.pl\/stockholm\/wp-content\/uploads\/sites\/17\/2022\/12\/Koncert-Bozonarodzeniowy-35-of-42-768x512.jpg 768w, https:\/\/instytutpolski.pl\/stockholm\/wp-content\/uploads\/sites\/17\/2022\/12\/Koncert-Bozonarodzeniowy-35-of-42-1536x1024.jpg 1536w, https:\/\/instytutpolski.pl\/stockholm\/wp-content\/uploads\/sites\/17\/2022\/12\/Koncert-Bozonarodzeniowy-35-of-42-2048x1365.jpg 2048w\" sizes=\"auto, (max-width: 2560px) 100vw, 2560px\" \/><\/figure>\n\n\n\n<figure class=\"wp-block-image size-large\"><img loading=\"lazy\" decoding=\"async\" width=\"1707\" height=\"2560\" data-id=\"9911\" src=\"https:\/\/instytutpolski.pl\/stockholm\/wp-content\/uploads\/sites\/17\/2022\/12\/Koncert-Bozonarodzeniowy-21-of-42-scaled.jpg\" alt=\"\" class=\"wp-image-9911\" srcset=\"https:\/\/instytutpolski.pl\/stockholm\/wp-content\/uploads\/sites\/17\/2022\/12\/Koncert-Bozonarodzeniowy-21-of-42-scaled.jpg 1707w, https:\/\/instytutpolski.pl\/stockholm\/wp-content\/uploads\/sites\/17\/2022\/12\/Koncert-Bozonarodzeniowy-21-of-42-200x300.jpg 200w, https:\/\/instytutpolski.pl\/stockholm\/wp-content\/uploads\/sites\/17\/2022\/12\/Koncert-Bozonarodzeniowy-21-of-42-683x1024.jpg 683w, https:\/\/instytutpolski.pl\/stockholm\/wp-content\/uploads\/sites\/17\/2022\/12\/Koncert-Bozonarodzeniowy-21-of-42-768x1152.jpg 768w, https:\/\/instytutpolski.pl\/stockholm\/wp-content\/uploads\/sites\/17\/2022\/12\/Koncert-Bozonarodzeniowy-21-of-42-1024x1536.jpg 1024w, https:\/\/instytutpolski.pl\/stockholm\/wp-content\/uploads\/sites\/17\/2022\/12\/Koncert-Bozonarodzeniowy-21-of-42-1365x2048.jpg 1365w\" sizes=\"auto, (max-width: 1707px) 100vw, 1707px\" \/><\/figure>\n\n\n\n<figure class=\"wp-block-image size-large\"><img loading=\"lazy\" decoding=\"async\" width=\"2560\" height=\"1707\" data-id=\"9915\" src=\"https:\/\/instytutpolski.pl\/stockholm\/wp-content\/uploads\/sites\/17\/2022\/12\/Koncert-Bozonarodzeniowy-9-of-42-scaled.jpg\" alt=\"\" class=\"wp-image-9915\" srcset=\"https:\/\/instytutpolski.pl\/stockholm\/wp-content\/uploads\/sites\/17\/2022\/12\/Koncert-Bozonarodzeniowy-9-of-42-scaled.jpg 2560w, https:\/\/instytutpolski.pl\/stockholm\/wp-content\/uploads\/sites\/17\/2022\/12\/Koncert-Bozonarodzeniowy-9-of-42-300x200.jpg 300w, https:\/\/instytutpolski.pl\/stockholm\/wp-content\/uploads\/sites\/17\/2022\/12\/Koncert-Bozonarodzeniowy-9-of-42-1024x683.jpg 1024w, https:\/\/instytutpolski.pl\/stockholm\/wp-content\/uploads\/sites\/17\/2022\/12\/Koncert-Bozonarodzeniowy-9-of-42-768x512.jpg 768w, https:\/\/instytutpolski.pl\/stockholm\/wp-content\/uploads\/sites\/17\/2022\/12\/Koncert-Bozonarodzeniowy-9-of-42-1536x1024.jpg 1536w, https:\/\/instytutpolski.pl\/stockholm\/wp-content\/uploads\/sites\/17\/2022\/12\/Koncert-Bozonarodzeniowy-9-of-42-2048x1365.jpg 2048w\" sizes=\"auto, (max-width: 2560px) 100vw, 2560px\" \/><\/figure>\n\n\n\n<figure class=\"wp-block-image size-large\"><img loading=\"lazy\" decoding=\"async\" width=\"1707\" height=\"2560\" data-id=\"9918\" src=\"https:\/\/instytutpolski.pl\/stockholm\/wp-content\/uploads\/sites\/17\/2022\/12\/Koncert-Bozonarodzeniowy-2-of-42-scaled.jpg\" alt=\"\" class=\"wp-image-9918\" srcset=\"https:\/\/instytutpolski.pl\/stockholm\/wp-content\/uploads\/sites\/17\/2022\/12\/Koncert-Bozonarodzeniowy-2-of-42-scaled.jpg 1707w, https:\/\/instytutpolski.pl\/stockholm\/wp-content\/uploads\/sites\/17\/2022\/12\/Koncert-Bozonarodzeniowy-2-of-42-200x300.jpg 200w, https:\/\/instytutpolski.pl\/stockholm\/wp-content\/uploads\/sites\/17\/2022\/12\/Koncert-Bozonarodzeniowy-2-of-42-683x1024.jpg 683w, https:\/\/instytutpolski.pl\/stockholm\/wp-content\/uploads\/sites\/17\/2022\/12\/Koncert-Bozonarodzeniowy-2-of-42-768x1152.jpg 768w, https:\/\/instytutpolski.pl\/stockholm\/wp-content\/uploads\/sites\/17\/2022\/12\/Koncert-Bozonarodzeniowy-2-of-42-1024x1536.jpg 1024w, https:\/\/instytutpolski.pl\/stockholm\/wp-content\/uploads\/sites\/17\/2022\/12\/Koncert-Bozonarodzeniowy-2-of-42-1365x2048.jpg 1365w\" sizes=\"auto, (max-width: 1707px) 100vw, 1707px\" \/><\/figure>\n\n\n\n<figure class=\"wp-block-image size-large\"><img loading=\"lazy\" decoding=\"async\" width=\"2560\" height=\"1707\" data-id=\"9913\" src=\"https:\/\/instytutpolski.pl\/stockholm\/wp-content\/uploads\/sites\/17\/2022\/12\/Koncert-Bozonarodzeniowy-13-of-42-scaled.jpg\" alt=\"\" class=\"wp-image-9913\" srcset=\"https:\/\/instytutpolski.pl\/stockholm\/wp-content\/uploads\/sites\/17\/2022\/12\/Koncert-Bozonarodzeniowy-13-of-42-scaled.jpg 2560w, https:\/\/instytutpolski.pl\/stockholm\/wp-content\/uploads\/sites\/17\/2022\/12\/Koncert-Bozonarodzeniowy-13-of-42-300x200.jpg 300w, https:\/\/instytutpolski.pl\/stockholm\/wp-content\/uploads\/sites\/17\/2022\/12\/Koncert-Bozonarodzeniowy-13-of-42-1024x683.jpg 1024w, https:\/\/instytutpolski.pl\/stockholm\/wp-content\/uploads\/sites\/17\/2022\/12\/Koncert-Bozonarodzeniowy-13-of-42-768x512.jpg 768w, https:\/\/instytutpolski.pl\/stockholm\/wp-content\/uploads\/sites\/17\/2022\/12\/Koncert-Bozonarodzeniowy-13-of-42-1536x1024.jpg 1536w, https:\/\/instytutpolski.pl\/stockholm\/wp-content\/uploads\/sites\/17\/2022\/12\/Koncert-Bozonarodzeniowy-13-of-42-2048x1365.jpg 2048w\" sizes=\"auto, (max-width: 2560px) 100vw, 2560px\" \/><\/figure>\n\n\n\n<figure class=\"wp-block-image size-large\"><img loading=\"lazy\" decoding=\"async\" width=\"2560\" height=\"1707\" data-id=\"9916\" src=\"https:\/\/instytutpolski.pl\/stockholm\/wp-content\/uploads\/sites\/17\/2022\/12\/Koncert-Bozonarodzeniowy-6-of-42-scaled.jpg\" alt=\"\" class=\"wp-image-9916\" srcset=\"https:\/\/instytutpolski.pl\/stockholm\/wp-content\/uploads\/sites\/17\/2022\/12\/Koncert-Bozonarodzeniowy-6-of-42-scaled.jpg 2560w, https:\/\/instytutpolski.pl\/stockholm\/wp-content\/uploads\/sites\/17\/2022\/12\/Koncert-Bozonarodzeniowy-6-of-42-300x200.jpg 300w, https:\/\/instytutpolski.pl\/stockholm\/wp-content\/uploads\/sites\/17\/2022\/12\/Koncert-Bozonarodzeniowy-6-of-42-1024x683.jpg 1024w, https:\/\/instytutpolski.pl\/stockholm\/wp-content\/uploads\/sites\/17\/2022\/12\/Koncert-Bozonarodzeniowy-6-of-42-768x512.jpg 768w, https:\/\/instytutpolski.pl\/stockholm\/wp-content\/uploads\/sites\/17\/2022\/12\/Koncert-Bozonarodzeniowy-6-of-42-1536x1024.jpg 1536w, https:\/\/instytutpolski.pl\/stockholm\/wp-content\/uploads\/sites\/17\/2022\/12\/Koncert-Bozonarodzeniowy-6-of-42-2048x1365.jpg 2048w\" sizes=\"auto, (max-width: 2560px) 100vw, 2560px\" \/><\/figure>\n\n\n\n<figure class=\"wp-block-image size-large\"><img loading=\"lazy\" decoding=\"async\" width=\"2560\" height=\"1707\" data-id=\"9912\" src=\"https:\/\/instytutpolski.pl\/stockholm\/wp-content\/uploads\/sites\/17\/2022\/12\/Koncert-Bozonarodzeniowy-19-of-42-scaled.jpg\" alt=\"\" class=\"wp-image-9912\" srcset=\"https:\/\/instytutpolski.pl\/stockholm\/wp-content\/uploads\/sites\/17\/2022\/12\/Koncert-Bozonarodzeniowy-19-of-42-scaled.jpg 2560w, https:\/\/instytutpolski.pl\/stockholm\/wp-content\/uploads\/sites\/17\/2022\/12\/Koncert-Bozonarodzeniowy-19-of-42-300x200.jpg 300w, https:\/\/instytutpolski.pl\/stockholm\/wp-content\/uploads\/sites\/17\/2022\/12\/Koncert-Bozonarodzeniowy-19-of-42-1024x683.jpg 1024w, https:\/\/instytutpolski.pl\/stockholm\/wp-content\/uploads\/sites\/17\/2022\/12\/Koncert-Bozonarodzeniowy-19-of-42-768x512.jpg 768w, https:\/\/instytutpolski.pl\/stockholm\/wp-content\/uploads\/sites\/17\/2022\/12\/Koncert-Bozonarodzeniowy-19-of-42-1536x1024.jpg 1536w, https:\/\/instytutpolski.pl\/stockholm\/wp-content\/uploads\/sites\/17\/2022\/12\/Koncert-Bozonarodzeniowy-19-of-42-2048x1365.jpg 2048w\" sizes=\"auto, (max-width: 2560px) 100vw, 2560px\" \/><\/figure>\n\n\n\n<figure class=\"wp-block-image size-large\"><img loading=\"lazy\" decoding=\"async\" width=\"2560\" height=\"1707\" data-id=\"9914\" src=\"https:\/\/instytutpolski.pl\/stockholm\/wp-content\/uploads\/sites\/17\/2022\/12\/Koncert-Bozonarodzeniowy-12-of-42-scaled.jpg\" alt=\"\" class=\"wp-image-9914\" srcset=\"https:\/\/instytutpolski.pl\/stockholm\/wp-content\/uploads\/sites\/17\/2022\/12\/Koncert-Bozonarodzeniowy-12-of-42-scaled.jpg 2560w, https:\/\/instytutpolski.pl\/stockholm\/wp-content\/uploads\/sites\/17\/2022\/12\/Koncert-Bozonarodzeniowy-12-of-42-300x200.jpg 300w, https:\/\/instytutpolski.pl\/stockholm\/wp-content\/uploads\/sites\/17\/2022\/12\/Koncert-Bozonarodzeniowy-12-of-42-1024x683.jpg 1024w, https:\/\/instytutpolski.pl\/stockholm\/wp-content\/uploads\/sites\/17\/2022\/12\/Koncert-Bozonarodzeniowy-12-of-42-768x512.jpg 768w, https:\/\/instytutpolski.pl\/stockholm\/wp-content\/uploads\/sites\/17\/2022\/12\/Koncert-Bozonarodzeniowy-12-of-42-1536x1024.jpg 1536w, https:\/\/instytutpolski.pl\/stockholm\/wp-content\/uploads\/sites\/17\/2022\/12\/Koncert-Bozonarodzeniowy-12-of-42-2048x1365.jpg 2048w\" sizes=\"auto, (max-width: 2560px) 100vw, 2560px\" \/><\/figure>\n\n\n\n<figure class=\"wp-block-image size-large\"><img loading=\"lazy\" decoding=\"async\" width=\"2560\" height=\"1707\" data-id=\"9917\" src=\"https:\/\/instytutpolski.pl\/stockholm\/wp-content\/uploads\/sites\/17\/2022\/12\/Koncert-Bozonarodzeniowy-4-of-42-scaled.jpg\" alt=\"\" class=\"wp-image-9917\" srcset=\"https:\/\/instytutpolski.pl\/stockholm\/wp-content\/uploads\/sites\/17\/2022\/12\/Koncert-Bozonarodzeniowy-4-of-42-scaled.jpg 2560w, https:\/\/instytutpolski.pl\/stockholm\/wp-content\/uploads\/sites\/17\/2022\/12\/Koncert-Bozonarodzeniowy-4-of-42-300x200.jpg 300w, https:\/\/instytutpolski.pl\/stockholm\/wp-content\/uploads\/sites\/17\/2022\/12\/Koncert-Bozonarodzeniowy-4-of-42-1024x683.jpg 1024w, https:\/\/instytutpolski.pl\/stockholm\/wp-content\/uploads\/sites\/17\/2022\/12\/Koncert-Bozonarodzeniowy-4-of-42-768x512.jpg 768w, https:\/\/instytutpolski.pl\/stockholm\/wp-content\/uploads\/sites\/17\/2022\/12\/Koncert-Bozonarodzeniowy-4-of-42-1536x1024.jpg 1536w, https:\/\/instytutpolski.pl\/stockholm\/wp-content\/uploads\/sites\/17\/2022\/12\/Koncert-Bozonarodzeniowy-4-of-42-2048x1365.jpg 2048w\" sizes=\"auto, (max-width: 2560px) 100vw, 2560px\" \/><\/figure>\n<\/figure>\n\n\n\n<figure class=\"wp-block-gallery has-nested-images columns-default is-cropped wp-block-gallery-2 is-layout-flex wp-block-gallery-is-layout-flex\">\n<figure class=\"wp-block-image size-large\"><img loading=\"lazy\" decoding=\"async\" width=\"2560\" height=\"1707\" data-id=\"9968\" src=\"https:\/\/instytutpolski.pl\/stockholm\/wp-content\/uploads\/sites\/17\/2022\/12\/Julkonsert-395-of-604-scaled.jpg\" alt=\"\" class=\"wp-image-9968\" srcset=\"https:\/\/instytutpolski.pl\/stockholm\/wp-content\/uploads\/sites\/17\/2022\/12\/Julkonsert-395-of-604-scaled.jpg 2560w, https:\/\/instytutpolski.pl\/stockholm\/wp-content\/uploads\/sites\/17\/2022\/12\/Julkonsert-395-of-604-300x200.jpg 300w, https:\/\/instytutpolski.pl\/stockholm\/wp-content\/uploads\/sites\/17\/2022\/12\/Julkonsert-395-of-604-1024x683.jpg 1024w, https:\/\/instytutpolski.pl\/stockholm\/wp-content\/uploads\/sites\/17\/2022\/12\/Julkonsert-395-of-604-768x512.jpg 768w, https:\/\/instytutpolski.pl\/stockholm\/wp-content\/uploads\/sites\/17\/2022\/12\/Julkonsert-395-of-604-1536x1024.jpg 1536w, https:\/\/instytutpolski.pl\/stockholm\/wp-content\/uploads\/sites\/17\/2022\/12\/Julkonsert-395-of-604-2048x1365.jpg 2048w\" sizes=\"auto, (max-width: 2560px) 100vw, 2560px\" \/><\/figure>\n\n\n\n<figure class=\"wp-block-image size-large\"><img loading=\"lazy\" decoding=\"async\" width=\"2560\" height=\"1707\" data-id=\"9969\" src=\"https:\/\/instytutpolski.pl\/stockholm\/wp-content\/uploads\/sites\/17\/2022\/12\/Julkonsert-403-of-604-scaled.jpg\" alt=\"\" class=\"wp-image-9969\" srcset=\"https:\/\/instytutpolski.pl\/stockholm\/wp-content\/uploads\/sites\/17\/2022\/12\/Julkonsert-403-of-604-scaled.jpg 2560w, https:\/\/instytutpolski.pl\/stockholm\/wp-content\/uploads\/sites\/17\/2022\/12\/Julkonsert-403-of-604-300x200.jpg 300w, https:\/\/instytutpolski.pl\/stockholm\/wp-content\/uploads\/sites\/17\/2022\/12\/Julkonsert-403-of-604-1024x683.jpg 1024w, https:\/\/instytutpolski.pl\/stockholm\/wp-content\/uploads\/sites\/17\/2022\/12\/Julkonsert-403-of-604-768x512.jpg 768w, https:\/\/instytutpolski.pl\/stockholm\/wp-content\/uploads\/sites\/17\/2022\/12\/Julkonsert-403-of-604-1536x1024.jpg 1536w, https:\/\/instytutpolski.pl\/stockholm\/wp-content\/uploads\/sites\/17\/2022\/12\/Julkonsert-403-of-604-2048x1365.jpg 2048w\" sizes=\"auto, (max-width: 2560px) 100vw, 2560px\" \/><\/figure>\n\n\n\n<figure class=\"wp-block-image size-large\"><img loading=\"lazy\" decoding=\"async\" width=\"2560\" height=\"1707\" data-id=\"9981\" src=\"https:\/\/instytutpolski.pl\/stockholm\/wp-content\/uploads\/sites\/17\/2022\/12\/Julkonsert-343-of-604-scaled.jpg\" alt=\"\" class=\"wp-image-9981\" srcset=\"https:\/\/instytutpolski.pl\/stockholm\/wp-content\/uploads\/sites\/17\/2022\/12\/Julkonsert-343-of-604-scaled.jpg 2560w, https:\/\/instytutpolski.pl\/stockholm\/wp-content\/uploads\/sites\/17\/2022\/12\/Julkonsert-343-of-604-300x200.jpg 300w, https:\/\/instytutpolski.pl\/stockholm\/wp-content\/uploads\/sites\/17\/2022\/12\/Julkonsert-343-of-604-1024x683.jpg 1024w, https:\/\/instytutpolski.pl\/stockholm\/wp-content\/uploads\/sites\/17\/2022\/12\/Julkonsert-343-of-604-768x512.jpg 768w, https:\/\/instytutpolski.pl\/stockholm\/wp-content\/uploads\/sites\/17\/2022\/12\/Julkonsert-343-of-604-1536x1024.jpg 1536w, https:\/\/instytutpolski.pl\/stockholm\/wp-content\/uploads\/sites\/17\/2022\/12\/Julkonsert-343-of-604-2048x1365.jpg 2048w\" sizes=\"auto, (max-width: 2560px) 100vw, 2560px\" \/><\/figure>\n\n\n\n<figure class=\"wp-block-image size-large\"><img loading=\"lazy\" decoding=\"async\" width=\"2560\" height=\"1707\" data-id=\"9972\" src=\"https:\/\/instytutpolski.pl\/stockholm\/wp-content\/uploads\/sites\/17\/2022\/12\/Julkonsert-508-of-604-scaled.jpg\" alt=\"\" class=\"wp-image-9972\" srcset=\"https:\/\/instytutpolski.pl\/stockholm\/wp-content\/uploads\/sites\/17\/2022\/12\/Julkonsert-508-of-604-scaled.jpg 2560w, https:\/\/instytutpolski.pl\/stockholm\/wp-content\/uploads\/sites\/17\/2022\/12\/Julkonsert-508-of-604-300x200.jpg 300w, https:\/\/instytutpolski.pl\/stockholm\/wp-content\/uploads\/sites\/17\/2022\/12\/Julkonsert-508-of-604-1024x683.jpg 1024w, https:\/\/instytutpolski.pl\/stockholm\/wp-content\/uploads\/sites\/17\/2022\/12\/Julkonsert-508-of-604-768x512.jpg 768w, https:\/\/instytutpolski.pl\/stockholm\/wp-content\/uploads\/sites\/17\/2022\/12\/Julkonsert-508-of-604-1536x1024.jpg 1536w, https:\/\/instytutpolski.pl\/stockholm\/wp-content\/uploads\/sites\/17\/2022\/12\/Julkonsert-508-of-604-2048x1365.jpg 2048w\" sizes=\"auto, (max-width: 2560px) 100vw, 2560px\" \/><\/figure>\n\n\n\n<figure class=\"wp-block-image size-large\"><img loading=\"lazy\" decoding=\"async\" width=\"2560\" height=\"1707\" data-id=\"9973\" src=\"https:\/\/instytutpolski.pl\/stockholm\/wp-content\/uploads\/sites\/17\/2022\/12\/Julkonsert-82-of-604-scaled.jpg\" alt=\"\" class=\"wp-image-9973\" srcset=\"https:\/\/instytutpolski.pl\/stockholm\/wp-content\/uploads\/sites\/17\/2022\/12\/Julkonsert-82-of-604-scaled.jpg 2560w, https:\/\/instytutpolski.pl\/stockholm\/wp-content\/uploads\/sites\/17\/2022\/12\/Julkonsert-82-of-604-300x200.jpg 300w, https:\/\/instytutpolski.pl\/stockholm\/wp-content\/uploads\/sites\/17\/2022\/12\/Julkonsert-82-of-604-1024x683.jpg 1024w, https:\/\/instytutpolski.pl\/stockholm\/wp-content\/uploads\/sites\/17\/2022\/12\/Julkonsert-82-of-604-768x512.jpg 768w, https:\/\/instytutpolski.pl\/stockholm\/wp-content\/uploads\/sites\/17\/2022\/12\/Julkonsert-82-of-604-1536x1024.jpg 1536w, https:\/\/instytutpolski.pl\/stockholm\/wp-content\/uploads\/sites\/17\/2022\/12\/Julkonsert-82-of-604-2048x1365.jpg 2048w\" sizes=\"auto, (max-width: 2560px) 100vw, 2560px\" \/><\/figure>\n\n\n\n<figure class=\"wp-block-image size-large\"><img loading=\"lazy\" decoding=\"async\" width=\"2560\" height=\"1707\" data-id=\"9974\" src=\"https:\/\/instytutpolski.pl\/stockholm\/wp-content\/uploads\/sites\/17\/2022\/12\/Julkonsert-100-of-604-scaled.jpg\" alt=\"\" class=\"wp-image-9974\" srcset=\"https:\/\/instytutpolski.pl\/stockholm\/wp-content\/uploads\/sites\/17\/2022\/12\/Julkonsert-100-of-604-scaled.jpg 2560w, https:\/\/instytutpolski.pl\/stockholm\/wp-content\/uploads\/sites\/17\/2022\/12\/Julkonsert-100-of-604-300x200.jpg 300w, https:\/\/instytutpolski.pl\/stockholm\/wp-content\/uploads\/sites\/17\/2022\/12\/Julkonsert-100-of-604-1024x683.jpg 1024w, https:\/\/instytutpolski.pl\/stockholm\/wp-content\/uploads\/sites\/17\/2022\/12\/Julkonsert-100-of-604-768x512.jpg 768w, https:\/\/instytutpolski.pl\/stockholm\/wp-content\/uploads\/sites\/17\/2022\/12\/Julkonsert-100-of-604-1536x1024.jpg 1536w, https:\/\/instytutpolski.pl\/stockholm\/wp-content\/uploads\/sites\/17\/2022\/12\/Julkonsert-100-of-604-2048x1365.jpg 2048w\" sizes=\"auto, (max-width: 2560px) 100vw, 2560px\" \/><\/figure>\n\n\n\n<figure class=\"wp-block-image size-large\"><img loading=\"lazy\" decoding=\"async\" width=\"2560\" height=\"1707\" data-id=\"9975\" src=\"https:\/\/instytutpolski.pl\/stockholm\/wp-content\/uploads\/sites\/17\/2022\/12\/Julkonsert-104-of-604-scaled.jpg\" alt=\"\" class=\"wp-image-9975\" srcset=\"https:\/\/instytutpolski.pl\/stockholm\/wp-content\/uploads\/sites\/17\/2022\/12\/Julkonsert-104-of-604-scaled.jpg 2560w, https:\/\/instytutpolski.pl\/stockholm\/wp-content\/uploads\/sites\/17\/2022\/12\/Julkonsert-104-of-604-300x200.jpg 300w, https:\/\/instytutpolski.pl\/stockholm\/wp-content\/uploads\/sites\/17\/2022\/12\/Julkonsert-104-of-604-1024x683.jpg 1024w, https:\/\/instytutpolski.pl\/stockholm\/wp-content\/uploads\/sites\/17\/2022\/12\/Julkonsert-104-of-604-768x512.jpg 768w, https:\/\/instytutpolski.pl\/stockholm\/wp-content\/uploads\/sites\/17\/2022\/12\/Julkonsert-104-of-604-1536x1024.jpg 1536w, https:\/\/instytutpolski.pl\/stockholm\/wp-content\/uploads\/sites\/17\/2022\/12\/Julkonsert-104-of-604-2048x1365.jpg 2048w\" sizes=\"auto, (max-width: 2560px) 100vw, 2560px\" \/><\/figure>\n\n\n\n<figure class=\"wp-block-image size-large\"><img loading=\"lazy\" decoding=\"async\" width=\"1707\" height=\"2560\" data-id=\"9976\" src=\"https:\/\/instytutpolski.pl\/stockholm\/wp-content\/uploads\/sites\/17\/2022\/12\/Julkonsert-118-of-604-scaled.jpg\" alt=\"\" class=\"wp-image-9976\" srcset=\"https:\/\/instytutpolski.pl\/stockholm\/wp-content\/uploads\/sites\/17\/2022\/12\/Julkonsert-118-of-604-scaled.jpg 1707w, https:\/\/instytutpolski.pl\/stockholm\/wp-content\/uploads\/sites\/17\/2022\/12\/Julkonsert-118-of-604-200x300.jpg 200w, https:\/\/instytutpolski.pl\/stockholm\/wp-content\/uploads\/sites\/17\/2022\/12\/Julkonsert-118-of-604-683x1024.jpg 683w, https:\/\/instytutpolski.pl\/stockholm\/wp-content\/uploads\/sites\/17\/2022\/12\/Julkonsert-118-of-604-768x1152.jpg 768w, https:\/\/instytutpolski.pl\/stockholm\/wp-content\/uploads\/sites\/17\/2022\/12\/Julkonsert-118-of-604-1024x1536.jpg 1024w, https:\/\/instytutpolski.pl\/stockholm\/wp-content\/uploads\/sites\/17\/2022\/12\/Julkonsert-118-of-604-1365x2048.jpg 1365w\" sizes=\"auto, (max-width: 1707px) 100vw, 1707px\" \/><\/figure>\n\n\n\n<figure class=\"wp-block-image size-large\"><img loading=\"lazy\" decoding=\"async\" width=\"1707\" height=\"2560\" data-id=\"9979\" src=\"https:\/\/instytutpolski.pl\/stockholm\/wp-content\/uploads\/sites\/17\/2022\/12\/Julkonsert-240-of-604-scaled.jpg\" alt=\"\" class=\"wp-image-9979\" srcset=\"https:\/\/instytutpolski.pl\/stockholm\/wp-content\/uploads\/sites\/17\/2022\/12\/Julkonsert-240-of-604-scaled.jpg 1707w, https:\/\/instytutpolski.pl\/stockholm\/wp-content\/uploads\/sites\/17\/2022\/12\/Julkonsert-240-of-604-200x300.jpg 200w, https:\/\/instytutpolski.pl\/stockholm\/wp-content\/uploads\/sites\/17\/2022\/12\/Julkonsert-240-of-604-683x1024.jpg 683w, https:\/\/instytutpolski.pl\/stockholm\/wp-content\/uploads\/sites\/17\/2022\/12\/Julkonsert-240-of-604-768x1152.jpg 768w, https:\/\/instytutpolski.pl\/stockholm\/wp-content\/uploads\/sites\/17\/2022\/12\/Julkonsert-240-of-604-1024x1536.jpg 1024w, https:\/\/instytutpolski.pl\/stockholm\/wp-content\/uploads\/sites\/17\/2022\/12\/Julkonsert-240-of-604-1365x2048.jpg 1365w\" sizes=\"auto, (max-width: 1707px) 100vw, 1707px\" \/><\/figure>\n\n\n\n<figure class=\"wp-block-image size-large\"><img loading=\"lazy\" decoding=\"async\" width=\"2560\" height=\"1707\" data-id=\"9977\" src=\"https:\/\/instytutpolski.pl\/stockholm\/wp-content\/uploads\/sites\/17\/2022\/12\/Julkonsert-141-of-604-scaled.jpg\" alt=\"\" class=\"wp-image-9977\" srcset=\"https:\/\/instytutpolski.pl\/stockholm\/wp-content\/uploads\/sites\/17\/2022\/12\/Julkonsert-141-of-604-scaled.jpg 2560w, https:\/\/instytutpolski.pl\/stockholm\/wp-content\/uploads\/sites\/17\/2022\/12\/Julkonsert-141-of-604-300x200.jpg 300w, https:\/\/instytutpolski.pl\/stockholm\/wp-content\/uploads\/sites\/17\/2022\/12\/Julkonsert-141-of-604-1024x683.jpg 1024w, https:\/\/instytutpolski.pl\/stockholm\/wp-content\/uploads\/sites\/17\/2022\/12\/Julkonsert-141-of-604-768x512.jpg 768w, https:\/\/instytutpolski.pl\/stockholm\/wp-content\/uploads\/sites\/17\/2022\/12\/Julkonsert-141-of-604-1536x1024.jpg 1536w, https:\/\/instytutpolski.pl\/stockholm\/wp-content\/uploads\/sites\/17\/2022\/12\/Julkonsert-141-of-604-2048x1365.jpg 2048w\" sizes=\"auto, (max-width: 2560px) 100vw, 2560px\" \/><\/figure>\n\n\n\n<figure class=\"wp-block-image size-large\"><img loading=\"lazy\" decoding=\"async\" width=\"2560\" height=\"1707\" data-id=\"9978\" src=\"https:\/\/instytutpolski.pl\/stockholm\/wp-content\/uploads\/sites\/17\/2022\/12\/Julkonsert-144-of-604-scaled.jpg\" alt=\"\" class=\"wp-image-9978\" srcset=\"https:\/\/instytutpolski.pl\/stockholm\/wp-content\/uploads\/sites\/17\/2022\/12\/Julkonsert-144-of-604-scaled.jpg 2560w, https:\/\/instytutpolski.pl\/stockholm\/wp-content\/uploads\/sites\/17\/2022\/12\/Julkonsert-144-of-604-300x200.jpg 300w, https:\/\/instytutpolski.pl\/stockholm\/wp-content\/uploads\/sites\/17\/2022\/12\/Julkonsert-144-of-604-1024x683.jpg 1024w, https:\/\/instytutpolski.pl\/stockholm\/wp-content\/uploads\/sites\/17\/2022\/12\/Julkonsert-144-of-604-768x512.jpg 768w, https:\/\/instytutpolski.pl\/stockholm\/wp-content\/uploads\/sites\/17\/2022\/12\/Julkonsert-144-of-604-1536x1024.jpg 1536w, https:\/\/instytutpolski.pl\/stockholm\/wp-content\/uploads\/sites\/17\/2022\/12\/Julkonsert-144-of-604-2048x1365.jpg 2048w\" sizes=\"auto, (max-width: 2560px) 100vw, 2560px\" \/><\/figure>\n\n\n\n<figure class=\"wp-block-image size-large\"><img loading=\"lazy\" decoding=\"async\" width=\"2560\" height=\"1707\" data-id=\"9980\" src=\"https:\/\/instytutpolski.pl\/stockholm\/wp-content\/uploads\/sites\/17\/2022\/12\/Julkonsert-310-of-604-scaled.jpg\" alt=\"\" class=\"wp-image-9980\" srcset=\"https:\/\/instytutpolski.pl\/stockholm\/wp-content\/uploads\/sites\/17\/2022\/12\/Julkonsert-310-of-604-scaled.jpg 2560w, https:\/\/instytutpolski.pl\/stockholm\/wp-content\/uploads\/sites\/17\/2022\/12\/Julkonsert-310-of-604-300x200.jpg 300w, https:\/\/instytutpolski.pl\/stockholm\/wp-content\/uploads\/sites\/17\/2022\/12\/Julkonsert-310-of-604-1024x683.jpg 1024w, https:\/\/instytutpolski.pl\/stockholm\/wp-content\/uploads\/sites\/17\/2022\/12\/Julkonsert-310-of-604-768x512.jpg 768w, https:\/\/instytutpolski.pl\/stockholm\/wp-content\/uploads\/sites\/17\/2022\/12\/Julkonsert-310-of-604-1536x1024.jpg 1536w, https:\/\/instytutpolski.pl\/stockholm\/wp-content\/uploads\/sites\/17\/2022\/12\/Julkonsert-310-of-604-2048x1365.jpg 2048w\" sizes=\"auto, (max-width: 2560px) 100vw, 2560px\" \/><\/figure>\n\n\n\n<figure class=\"wp-block-image size-large\"><img loading=\"lazy\" decoding=\"async\" width=\"2560\" height=\"1707\" data-id=\"9971\" src=\"https:\/\/instytutpolski.pl\/stockholm\/wp-content\/uploads\/sites\/17\/2022\/12\/Julkonsert-414-of-604-scaled.jpg\" alt=\"\" class=\"wp-image-9971\" srcset=\"https:\/\/instytutpolski.pl\/stockholm\/wp-content\/uploads\/sites\/17\/2022\/12\/Julkonsert-414-of-604-scaled.jpg 2560w, https:\/\/instytutpolski.pl\/stockholm\/wp-content\/uploads\/sites\/17\/2022\/12\/Julkonsert-414-of-604-300x200.jpg 300w, https:\/\/instytutpolski.pl\/stockholm\/wp-content\/uploads\/sites\/17\/2022\/12\/Julkonsert-414-of-604-1024x683.jpg 1024w, https:\/\/instytutpolski.pl\/stockholm\/wp-content\/uploads\/sites\/17\/2022\/12\/Julkonsert-414-of-604-768x512.jpg 768w, https:\/\/instytutpolski.pl\/stockholm\/wp-content\/uploads\/sites\/17\/2022\/12\/Julkonsert-414-of-604-1536x1024.jpg 1536w, https:\/\/instytutpolski.pl\/stockholm\/wp-content\/uploads\/sites\/17\/2022\/12\/Julkonsert-414-of-604-2048x1365.jpg 2048w\" sizes=\"auto, (max-width: 2560px) 100vw, 2560px\" \/><\/figure>\n<\/figure>\n","protected":false},"excerpt":{"rendered":"<p>Podczas tego przytulnego wieczoru w \u015bwi\u0105tecznej atmosferze za\u015bpiewane zosta\u0142y kol\u0119dy w wielu r\u00f3\u017cnych europejskich j\u0119zykach. Wyst\u0119puj\u0105cy muzycy wykonali utwory w oryginalnym j\u0119zyku, a dzi\u0119ki broszurce z t\u0142umaczeniami kol\u0119d na j\u0119zyk angielski, publiczno\u015b\u0107 mog\u0142a pozna\u0107 znaczenie \u015bpiewanych kol\u0119d. Ponadto, gospodarze wieczoru Lena Olofsson-Piras och Nikolaos Tsiamis z Reprezentacji Komisji Europejskiej w Szwecji opowiedzieli te\u017c o tradycjach [&hellip;]<\/p>\n","protected":false},"author":173,"featured_media":9904,"comment_status":"closed","ping_status":"closed","sticky":true,"template":"","format":"standard","meta":{"inline_featured_image":false,"_monsterinsights_skip_tracking":false,"_monsterinsights_sitenote_active":false,"_monsterinsights_sitenote_note":"","_monsterinsights_sitenote_category":0,"footnotes":""},"categories":[208],"tags":[],"class_list":["post-9925","post","type-post","status-publish","format-standard","has-post-thumbnail","hentry","category-galeria-pl"],"yoast_head":"<!-- This site is optimized with the Yoast SEO plugin v24.6 - https:\/\/yoast.com\/wordpress\/plugins\/seo\/ -->\n<title>Fotoreporta\u017c: Koncert \u015awi\u0105teczny UE 2022 w Sztokholmie - Instytut Polski w Sztokholmie<\/title>\n<meta name=\"robots\" content=\"index, follow, max-snippet:-1, max-image-preview:large, max-video-preview:-1\" \/>\n<link rel=\"canonical\" href=\"https:\/\/instytutpolski.pl\/stockholm\/pl\/2022\/12\/13\/fotoreportaz-koncert-swiateczny-ue-2022-w-sztokholmie1a1\/\" \/>\n<meta property=\"og:locale\" content=\"pl_PL\" \/>\n<meta property=\"og:type\" content=\"article\" \/>\n<meta property=\"og:title\" content=\"Fotoreporta\u017c: Koncert \u015awi\u0105teczny UE 2022 w Sztokholmie - Instytut Polski w Sztokholmie\" \/>\n<meta property=\"og:description\" content=\"Podczas tego przytulnego wieczoru w \u015bwi\u0105tecznej atmosferze za\u015bpiewane zosta\u0142y kol\u0119dy w wielu r\u00f3\u017cnych europejskich j\u0119zykach. Wyst\u0119puj\u0105cy muzycy wykonali utwory w oryginalnym j\u0119zyku, a dzi\u0119ki broszurce z t\u0142umaczeniami kol\u0119d na j\u0119zyk angielski, publiczno\u015b\u0107 mog\u0142a pozna\u0107 znaczenie \u015bpiewanych kol\u0119d. Ponadto, gospodarze wieczoru Lena Olofsson-Piras och Nikolaos Tsiamis z Reprezentacji Komisji Europejskiej w Szwecji opowiedzieli te\u017c o tradycjach [&hellip;]\" \/>\n<meta property=\"og:url\" content=\"https:\/\/instytutpolski.pl\/stockholm\/pl\/2022\/12\/13\/fotoreportaz-koncert-swiateczny-ue-2022-w-sztokholmie1a1\/\" \/>\n<meta property=\"og:site_name\" content=\"Instytut Polski w Sztokholmie\" \/>\n<meta property=\"article:published_time\" content=\"2022-12-13T17:03:03+00:00\" \/>\n<meta property=\"article:modified_time\" content=\"2022-12-15T08:34:25+00:00\" \/>\n<meta property=\"og:image\" content=\"https:\/\/instytutpolski.pl\/stockholm\/wp-content\/uploads\/sites\/17\/2022\/12\/Koncert-Bozonarodzeniowy-1-of-42-scaled.jpg\" \/>\n\t<meta property=\"og:image:width\" content=\"2560\" \/>\n\t<meta property=\"og:image:height\" content=\"1707\" \/>\n\t<meta property=\"og:image:type\" content=\"image\/jpeg\" \/>\n<meta name=\"author\" content=\"treichelp\" \/>\n<meta name=\"twitter:card\" content=\"summary_large_image\" \/>\n<meta name=\"twitter:label1\" content=\"Napisane przez\" \/>\n\t<meta name=\"twitter:data1\" content=\"treichelp\" \/>\n\t<meta name=\"twitter:label2\" content=\"Szacowany czas czytania\" \/>\n\t<meta name=\"twitter:data2\" content=\"7 minut\" \/>\n<script type=\"application\/ld+json\" class=\"yoast-schema-graph\">{\"@context\":\"https:\/\/schema.org\",\"@graph\":[{\"@type\":\"event\",\"@id\":\"https:\/\/instytutpolski.pl\/stockholm\/pl\/2022\/12\/13\/fotoreportaz-koncert-swiateczny-ue-2022-w-sztokholmie1a1\/\",\"url\":\"https:\/\/instytutpolski.pl\/stockholm\/pl\/2022\/12\/13\/fotoreportaz-koncert-swiateczny-ue-2022-w-sztokholmie1a1\/\",\"name\":\"Fotoreporta\u017c: Koncert \u015awi\u0105teczny UE 2022 w Sztokholmie\",\"isPartOf\":{\"@id\":\"https:\/\/instytutpolski.pl\/stockholm\/#website\"},\"primaryImageOfPage\":{\"@id\":\"https:\/\/instytutpolski.pl\/stockholm\/pl\/2022\/12\/13\/fotoreportaz-koncert-swiateczny-ue-2022-w-sztokholmie1a1\/#primaryimage\"},\"image\":[\"https:\/\/instytutpolski.pl\/stockholm\/wp-content\/uploads\/sites\/17\/2022\/12\/Koncert-Bozonarodzeniowy-1-of-42-scaled.jpg\",\"https:\/\/instytutpolski.pl\/stockholm\/wp-content\/uploads\/sites\/17\/2022\/12\/Koncert-Bozonarodzeniowy-1-of-42-300x200.jpg\",\"https:\/\/instytutpolski.pl\/stockholm\/wp-content\/uploads\/sites\/17\/2022\/12\/Koncert-Bozonarodzeniowy-1-of-42-1024x683.jpg\",\"https:\/\/instytutpolski.pl\/stockholm\/wp-content\/uploads\/sites\/17\/2022\/12\/Koncert-Bozonarodzeniowy-1-of-42-scaled.jpg\"],\"thumbnailUrl\":\"https:\/\/instytutpolski.pl\/stockholm\/wp-content\/uploads\/sites\/17\/2022\/12\/Koncert-Bozonarodzeniowy-1-of-42-scaled.jpg\",\"datePublished\":\"2022-12-13T17:03:03+02:00\",\"dateModified\":\"2022-12-15T08:34:25+02:00\",\"author\":{\"@id\":\"https:\/\/instytutpolski.pl\/stockholm\/#\/schema\/person\/866a2c0f4ccf0982a286809684f7bc1e\"},\"breadcrumb\":{\"@id\":\"https:\/\/instytutpolski.pl\/stockholm\/pl\/2022\/12\/13\/fotoreportaz-koncert-swiateczny-ue-2022-w-sztokholmie1a1\/#breadcrumb\"},\"inLanguage\":\"pl-PL\",\"potentialAction\":[{\"@type\":\"ReadAction\",\"target\":[\"https:\/\/instytutpolski.pl\/stockholm\/pl\/2022\/12\/13\/fotoreportaz-koncert-swiateczny-ue-2022-w-sztokholmie1a1\/\"]}],\"@context\":\"https:\/\/schema.org\",\"startDate\":\"2022-12-12T06:00:00+02:00\",\"endDate\":\"2022-12-12T08:00:00+02:00\",\"eventStatus\":\"EventScheduled\",\"eventAttendanceMode\":\"OfflineEventAttendanceMode\",\"location\":{\"@type\":\"place\",\"name\":\"Ko\u015bci\u00f3\u0142 Adolfa Fryderyka w Sztokholmie\",\"address\":\"Ko\u015bci\u00f3\u0142 Adolfa Fryderyka w Sztokholmie\",\"geo\":{\"@type\":\"GeoCoordinates\",\"latitude\":\"59.30706218144698\",\"longitude\":\"18.155887913654887\"}},\"description\":\"Podczas tego przytulnego wieczoru w \u015bwi\u0105tecznej atmosferze za\u015bpiewane zosta\u0142y kol\u0119dy w wielu r\u00f3\u017cnych europejskich j\u0119zykach. Wyst\u0119puj\u0105cy muzycy wykonali utwory w oryginalnym j\u0119zyku, a dzi\u0119ki broszurce z t\u0142umaczeniami kol\u0119d na j\u0119zyk angielski, publiczno\u015b\u0107 mog\u0142a pozna\u0107 znaczenie \u015bpiewanych kol\u0119d. Ponadto, gospodarze wieczoru Lena Olofsson-Piras och Nikolaos Tsiamis z Reprezentacji Komisji Europejskiej w Szwecji opowiedzieli te\u017c o tradycjach bo\u017conarodzeniowych w poszczeg\u00f3lnych krajach bior\u0105cych udzia\u0142 w projekcie.\\nPolska kol\u0119da \u201eNie by\u0142o miejsca dla Ciebie\u201d zosta\u0142a wykonana przez Tomasza Siegrista, muzyka z polskimi korzeniami, kt\u00f3ry dzia\u0142a jako dyrygent ch\u00f3ralny w Sztokholmie i Uppsali, a tak\u017ce jako wokalista, nauczyciel \u015bpiewu, kompozytor i organista.\\nDzi\u0119kujemy wszystkim, kt\u00f3rzy przyczynili si\u0119 do tego niezapomnianego \u015bwi\u0105tecznego wieczoru!\\nDo zobaczenia za rok!\\nKoncert zosta\u0142 nagrany i b\u0119dzie udost\u0119pniony 18 grudnia 2022 o godz. 18 na stronie Reprezentacji Komisji Europejskiej w Szwecji. Link do filmu po jego premierze zostanie udost\u0119pniony r\u00f3wnie\u017c na stronie Instytutu, w tym artykule.\\nKoncert bo\u017conarodzeniowy zosta\u0142 zorganizowany przez Reprezentacj\u0119 Komisji Europejskiej w Szwecji we wsp\u00f3\u0142pracy z organizacj\u0105 EUNIC Stockholm.\\nFoto: Pawe\u0142 Kania, Kania NordFOTO\"},{\"@type\":\"ImageObject\",\"inLanguage\":\"pl-PL\",\"@id\":\"https:\/\/instytutpolski.pl\/stockholm\/pl\/2022\/12\/13\/fotoreportaz-koncert-swiateczny-ue-2022-w-sztokholmie1a1\/#primaryimage\",\"url\":\"https:\/\/instytutpolski.pl\/stockholm\/wp-content\/uploads\/sites\/17\/2022\/12\/Koncert-Bozonarodzeniowy-1-of-42-scaled.jpg\",\"contentUrl\":\"https:\/\/instytutpolski.pl\/stockholm\/wp-content\/uploads\/sites\/17\/2022\/12\/Koncert-Bozonarodzeniowy-1-of-42-scaled.jpg\",\"width\":2560,\"height\":1707},{\"@type\":\"BreadcrumbList\",\"@id\":\"https:\/\/instytutpolski.pl\/stockholm\/pl\/2022\/12\/13\/fotoreportaz-koncert-swiateczny-ue-2022-w-sztokholmie1a1\/#breadcrumb\",\"itemListElement\":[{\"@type\":\"ListItem\",\"position\":1,\"name\":\"Home\",\"item\":\"https:\/\/instytutpolski.pl\/stockholm\/\"},{\"@type\":\"ListItem\",\"position\":2,\"name\":\"Fotoreporta\u017c: Koncert \u015awi\u0105teczny UE 2022 w Sztokholmie\"}]},{\"@type\":\"WebSite\",\"@id\":\"https:\/\/instytutpolski.pl\/stockholm\/#website\",\"url\":\"https:\/\/instytutpolski.pl\/stockholm\/\",\"name\":\"Instytut Polski w Sztokholmie\",\"description\":\"Instytuty Polskie\",\"potentialAction\":[{\"@type\":\"SearchAction\",\"target\":{\"@type\":\"EntryPoint\",\"urlTemplate\":\"https:\/\/instytutpolski.pl\/stockholm\/?s={search_term_string}\"},\"query-input\":{\"@type\":\"PropertyValueSpecification\",\"valueRequired\":true,\"valueName\":\"search_term_string\"}}],\"inLanguage\":\"pl-PL\"},{\"@type\":\"Person\",\"@id\":\"https:\/\/instytutpolski.pl\/stockholm\/#\/schema\/person\/866a2c0f4ccf0982a286809684f7bc1e\",\"name\":\"treichelp\",\"image\":{\"@type\":\"ImageObject\",\"inLanguage\":\"pl-PL\",\"@id\":\"https:\/\/instytutpolski.pl\/stockholm\/#\/schema\/person\/image\/\",\"url\":\"https:\/\/secure.gravatar.com\/avatar\/fb2c1caae0df0854742a56fc463dd1fb?s=96&d=mm&r=g\",\"contentUrl\":\"https:\/\/secure.gravatar.com\/avatar\/fb2c1caae0df0854742a56fc463dd1fb?s=96&d=mm&r=g\",\"caption\":\"treichelp\"},\"url\":\"https:\/\/instytutpolski.pl\/stockholm\/author\/treichelp\/\"}]}<\/script>\n<!-- \/ Yoast SEO plugin. -->","yoast_head_json":{"title":"Fotoreporta\u017c: Koncert \u015awi\u0105teczny UE 2022 w Sztokholmie - Instytut Polski w Sztokholmie","robots":{"index":"index","follow":"follow","max-snippet":"max-snippet:-1","max-image-preview":"max-image-preview:large","max-video-preview":"max-video-preview:-1"},"canonical":"https:\/\/instytutpolski.pl\/stockholm\/pl\/2022\/12\/13\/fotoreportaz-koncert-swiateczny-ue-2022-w-sztokholmie1a1\/","og_locale":"pl_PL","og_type":"article","og_title":"Fotoreporta\u017c: Koncert \u015awi\u0105teczny UE 2022 w Sztokholmie - Instytut Polski w Sztokholmie","og_description":"Podczas tego przytulnego wieczoru w \u015bwi\u0105tecznej atmosferze za\u015bpiewane zosta\u0142y kol\u0119dy w wielu r\u00f3\u017cnych europejskich j\u0119zykach. Wyst\u0119puj\u0105cy muzycy wykonali utwory w oryginalnym j\u0119zyku, a dzi\u0119ki broszurce z t\u0142umaczeniami kol\u0119d na j\u0119zyk angielski, publiczno\u015b\u0107 mog\u0142a pozna\u0107 znaczenie \u015bpiewanych kol\u0119d. Ponadto, gospodarze wieczoru Lena Olofsson-Piras och Nikolaos Tsiamis z Reprezentacji Komisji Europejskiej w Szwecji opowiedzieli te\u017c o tradycjach [&hellip;]","og_url":"https:\/\/instytutpolski.pl\/stockholm\/pl\/2022\/12\/13\/fotoreportaz-koncert-swiateczny-ue-2022-w-sztokholmie1a1\/","og_site_name":"Instytut Polski w Sztokholmie","article_published_time":"2022-12-13T17:03:03+00:00","article_modified_time":"2022-12-15T08:34:25+00:00","og_image":[{"width":2560,"height":1707,"url":"https:\/\/instytutpolski.pl\/stockholm\/wp-content\/uploads\/sites\/17\/2022\/12\/Koncert-Bozonarodzeniowy-1-of-42-scaled.jpg","type":"image\/jpeg"}],"author":"treichelp","twitter_card":"summary_large_image","twitter_misc":{"Napisane przez":"treichelp","Szacowany czas czytania":"7 minut"},"schema":{"@context":"https:\/\/schema.org","@graph":[{"@type":"event","@id":"https:\/\/instytutpolski.pl\/stockholm\/pl\/2022\/12\/13\/fotoreportaz-koncert-swiateczny-ue-2022-w-sztokholmie1a1\/","url":"https:\/\/instytutpolski.pl\/stockholm\/pl\/2022\/12\/13\/fotoreportaz-koncert-swiateczny-ue-2022-w-sztokholmie1a1\/","name":"Fotoreporta\u017c: Koncert \u015awi\u0105teczny UE 2022 w Sztokholmie","isPartOf":{"@id":"https:\/\/instytutpolski.pl\/stockholm\/#website"},"primaryImageOfPage":{"@id":"https:\/\/instytutpolski.pl\/stockholm\/pl\/2022\/12\/13\/fotoreportaz-koncert-swiateczny-ue-2022-w-sztokholmie1a1\/#primaryimage"},"image":["https:\/\/instytutpolski.pl\/stockholm\/wp-content\/uploads\/sites\/17\/2022\/12\/Koncert-Bozonarodzeniowy-1-of-42-scaled.jpg","https:\/\/instytutpolski.pl\/stockholm\/wp-content\/uploads\/sites\/17\/2022\/12\/Koncert-Bozonarodzeniowy-1-of-42-300x200.jpg","https:\/\/instytutpolski.pl\/stockholm\/wp-content\/uploads\/sites\/17\/2022\/12\/Koncert-Bozonarodzeniowy-1-of-42-1024x683.jpg","https:\/\/instytutpolski.pl\/stockholm\/wp-content\/uploads\/sites\/17\/2022\/12\/Koncert-Bozonarodzeniowy-1-of-42-scaled.jpg"],"thumbnailUrl":"https:\/\/instytutpolski.pl\/stockholm\/wp-content\/uploads\/sites\/17\/2022\/12\/Koncert-Bozonarodzeniowy-1-of-42-scaled.jpg","datePublished":"2022-12-13T17:03:03+02:00","dateModified":"2022-12-15T08:34:25+02:00","author":{"@id":"https:\/\/instytutpolski.pl\/stockholm\/#\/schema\/person\/866a2c0f4ccf0982a286809684f7bc1e"},"breadcrumb":{"@id":"https:\/\/instytutpolski.pl\/stockholm\/pl\/2022\/12\/13\/fotoreportaz-koncert-swiateczny-ue-2022-w-sztokholmie1a1\/#breadcrumb"},"inLanguage":"pl-PL","potentialAction":[{"@type":"ReadAction","target":["https:\/\/instytutpolski.pl\/stockholm\/pl\/2022\/12\/13\/fotoreportaz-koncert-swiateczny-ue-2022-w-sztokholmie1a1\/"]}],"@context":"https:\/\/schema.org","startDate":"2022-12-12T06:00:00+02:00","endDate":"2022-12-12T08:00:00+02:00","eventStatus":"EventScheduled","eventAttendanceMode":"OfflineEventAttendanceMode","location":{"@type":"place","name":"Ko\u015bci\u00f3\u0142 Adolfa Fryderyka w Sztokholmie","address":"Ko\u015bci\u00f3\u0142 Adolfa Fryderyka w Sztokholmie","geo":{"@type":"GeoCoordinates","latitude":"59.30706218144698","longitude":"18.155887913654887"}},"description":"Podczas tego przytulnego wieczoru w \u015bwi\u0105tecznej atmosferze za\u015bpiewane zosta\u0142y kol\u0119dy w wielu r\u00f3\u017cnych europejskich j\u0119zykach. Wyst\u0119puj\u0105cy muzycy wykonali utwory w oryginalnym j\u0119zyku, a dzi\u0119ki broszurce z t\u0142umaczeniami kol\u0119d na j\u0119zyk angielski, publiczno\u015b\u0107 mog\u0142a pozna\u0107 znaczenie \u015bpiewanych kol\u0119d. Ponadto, gospodarze wieczoru Lena Olofsson-Piras och Nikolaos Tsiamis z Reprezentacji Komisji Europejskiej w Szwecji opowiedzieli te\u017c o tradycjach bo\u017conarodzeniowych w poszczeg\u00f3lnych krajach bior\u0105cych udzia\u0142 w projekcie.\nPolska kol\u0119da \u201eNie by\u0142o miejsca dla Ciebie\u201d zosta\u0142a wykonana przez Tomasza Siegrista, muzyka z polskimi korzeniami, kt\u00f3ry dzia\u0142a jako dyrygent ch\u00f3ralny w Sztokholmie i Uppsali, a tak\u017ce jako wokalista, nauczyciel \u015bpiewu, kompozytor i organista.\nDzi\u0119kujemy wszystkim, kt\u00f3rzy przyczynili si\u0119 do tego niezapomnianego \u015bwi\u0105tecznego wieczoru!\nDo zobaczenia za rok!\nKoncert zosta\u0142 nagrany i b\u0119dzie udost\u0119pniony 18 grudnia 2022 o godz. 18 na stronie Reprezentacji Komisji Europejskiej w Szwecji. Link do filmu po jego premierze zostanie udost\u0119pniony r\u00f3wnie\u017c na stronie Instytutu, w tym artykule.\nKoncert bo\u017conarodzeniowy zosta\u0142 zorganizowany przez Reprezentacj\u0119 Komisji Europejskiej w Szwecji we wsp\u00f3\u0142pracy z organizacj\u0105 EUNIC Stockholm.\nFoto: Pawe\u0142 Kania, Kania NordFOTO"},{"@type":"ImageObject","inLanguage":"pl-PL","@id":"https:\/\/instytutpolski.pl\/stockholm\/pl\/2022\/12\/13\/fotoreportaz-koncert-swiateczny-ue-2022-w-sztokholmie1a1\/#primaryimage","url":"https:\/\/instytutpolski.pl\/stockholm\/wp-content\/uploads\/sites\/17\/2022\/12\/Koncert-Bozonarodzeniowy-1-of-42-scaled.jpg","contentUrl":"https:\/\/instytutpolski.pl\/stockholm\/wp-content\/uploads\/sites\/17\/2022\/12\/Koncert-Bozonarodzeniowy-1-of-42-scaled.jpg","width":2560,"height":1707},{"@type":"BreadcrumbList","@id":"https:\/\/instytutpolski.pl\/stockholm\/pl\/2022\/12\/13\/fotoreportaz-koncert-swiateczny-ue-2022-w-sztokholmie1a1\/#breadcrumb","itemListElement":[{"@type":"ListItem","position":1,"name":"Home","item":"https:\/\/instytutpolski.pl\/stockholm\/"},{"@type":"ListItem","position":2,"name":"Fotoreporta\u017c: Koncert \u015awi\u0105teczny UE 2022 w Sztokholmie"}]},{"@type":"WebSite","@id":"https:\/\/instytutpolski.pl\/stockholm\/#website","url":"https:\/\/instytutpolski.pl\/stockholm\/","name":"Instytut Polski w Sztokholmie","description":"Instytuty Polskie","potentialAction":[{"@type":"SearchAction","target":{"@type":"EntryPoint","urlTemplate":"https:\/\/instytutpolski.pl\/stockholm\/?s={search_term_string}"},"query-input":{"@type":"PropertyValueSpecification","valueRequired":true,"valueName":"search_term_string"}}],"inLanguage":"pl-PL"},{"@type":"Person","@id":"https:\/\/instytutpolski.pl\/stockholm\/#\/schema\/person\/866a2c0f4ccf0982a286809684f7bc1e","name":"treichelp","image":{"@type":"ImageObject","inLanguage":"pl-PL","@id":"https:\/\/instytutpolski.pl\/stockholm\/#\/schema\/person\/image\/","url":"https:\/\/secure.gravatar.com\/avatar\/fb2c1caae0df0854742a56fc463dd1fb?s=96&d=mm&r=g","contentUrl":"https:\/\/secure.gravatar.com\/avatar\/fb2c1caae0df0854742a56fc463dd1fb?s=96&d=mm&r=g","caption":"treichelp"},"url":"https:\/\/instytutpolski.pl\/stockholm\/author\/treichelp\/"}]}},"_links":{"self":[{"href":"https:\/\/instytutpolski.pl\/stockholm\/wp-json\/wp\/v2\/posts\/9925","targetHints":{"allow":["GET"]}}],"collection":[{"href":"https:\/\/instytutpolski.pl\/stockholm\/wp-json\/wp\/v2\/posts"}],"about":[{"href":"https:\/\/instytutpolski.pl\/stockholm\/wp-json\/wp\/v2\/types\/post"}],"author":[{"embeddable":true,"href":"https:\/\/instytutpolski.pl\/stockholm\/wp-json\/wp\/v2\/users\/173"}],"replies":[{"embeddable":true,"href":"https:\/\/instytutpolski.pl\/stockholm\/wp-json\/wp\/v2\/comments?post=9925"}],"version-history":[{"count":8,"href":"https:\/\/instytutpolski.pl\/stockholm\/wp-json\/wp\/v2\/posts\/9925\/revisions"}],"predecessor-version":[{"id":9984,"href":"https:\/\/instytutpolski.pl\/stockholm\/wp-json\/wp\/v2\/posts\/9925\/revisions\/9984"}],"wp:featuredmedia":[{"embeddable":true,"href":"https:\/\/instytutpolski.pl\/stockholm\/wp-json\/wp\/v2\/media\/9904"}],"wp:attachment":[{"href":"https:\/\/instytutpolski.pl\/stockholm\/wp-json\/wp\/v2\/media?parent=9925"}],"wp:term":[{"taxonomy":"category","embeddable":true,"href":"https:\/\/instytutpolski.pl\/stockholm\/wp-json\/wp\/v2\/categories?post=9925"},{"taxonomy":"post_tag","embeddable":true,"href":"https:\/\/instytutpolski.pl\/stockholm\/wp-json\/wp\/v2\/tags?post=9925"}],"curies":[{"name":"wp","href":"https:\/\/api.w.org\/{rel}","templated":true}]}}