{"id":8367,"date":"2026-09-01T09:18:36","date_gmt":"2026-09-01T07:18:36","guid":{"rendered":"https:\/\/instytutpolski.pl\/telaviv\/?p=8367"},"modified":"2026-09-01T09:21:48","modified_gmt":"2026-09-01T07:21:48","slug":"%d7%94%d7%9e%d7%a4%d7%92%d7%a9-%d7%94%d7%a4%d7%95%d7%9c%d7%a0%d7%99-6","status":"publish","type":"post","link":"https:\/\/instytutpolski.pl\/telaviv\/2026\/09\/01\/%d7%94%d7%9e%d7%a4%d7%92%d7%a9-%d7%94%d7%a4%d7%95%d7%9c%d7%a0%d7%99-6\/","title":{"rendered":"\u05d4\u05de\u05e4\u05d2\u05e9 \u05d4\u05e4\u05d5\u05dc\u05e0\u05d9 #6"},"content":{"rendered":"<p class=\"isSelectedEnd\">\u05d4\u05de\u05e4\u05d2\u05e9 \u05d4\u05e9\u05d9\u05e9\u05d9 \u05d1\u05e1\u05d3\u05e8\u05d4 \u05d9\u05d4\u05d9\u05d4 \u05d4\u05d6\u05d3\u05de\u05e0\u05d5\u05ea \u05dc\u05d7\u05d6\u05d5\u05e8 \u05dc\u05e1\u05e4\u05e8\u05d9\u05d9\u05d4 \u05d0\u05d7\u05e8\u05d9 \u05d4\u05e7\u05d9\u05e5, \u05dc\u05d4\u05db\u05d9\u05e8 \u05d0\u05ea \u05d4\u05e1\u05e4\u05e8\u05d9\u05dd \u05d4\u05d7\u05d3\u05e9\u05d9\u05dd \u05e9\u05d4\u05d2\u05d9\u05e2\u05d5 \u05dc\u05de\u05d3\u05e4\u05d9\u05dd, \u05dc\u05e9\u05d5\u05d7\u05d7 \u05e2\u05dc \u05de\u05d4 \u05db\u05d3\u05d0\u05d9 \u05dc\u05e7\u05e8\u05d5\u05d0, \u05dc\u05d4\u05d7\u05dc\u05d9\u05e3 \u05d4\u05de\u05dc\u05e6\u05d5\u05ea \u05e7\u05e8\u05d9\u05d0\u05d4 \u05d5\u05e4\u05e9\u05d5\u05d8 \u05dc\u05d4\u05d9\u05e4\u05d2\u05e9 \u05e1\u05d1\u05d9\u05d1 \u05e1\u05e4\u05e8\u05d9\u05dd.<\/p>\n<p class=\"isSelectedEnd\">\u05d1\u05d9\u05df \u05d4\u05d7\u05d9\u05d3\u05d5\u05e9\u05d9\u05dd \u05ea\u05de\u05e6\u05d0\u05d5, \u05d1\u05d9\u05df \u05d4\u05d9\u05ea\u05e8, \u05e1\u05e4\u05e8\u05d9\u05dd \u05e9\u05e0\u05db\u05dc\u05dc\u05d5 \u05d1\u05be20 \u05d4\u05de\u05d5\u05e2\u05de\u05d3\u05d9\u05dd \u05d4\u05e1\u05d5\u05e4\u05d9\u05d9\u05dd \u05dc\u05e4\u05e8\u05e1 \u05d4\u05e1\u05e4\u05e8\u05d5\u05ea\u05d9 \u201e\u05e0\u05d9\u05e7\u05d4\u201d \u05dc\u05e9\u05e0\u05ea 2026, \u05d5\u05d1\u05d4\u05dd:<\/p>\n<p>Kasper Bajon, \u201ePozna\u0144 kolonialny. Rodzinna historia z Tanzani\u0105 w tle\u201d (Czarne)<\/p>\n<p>Anna Bikont, \u201eNie koniec, nie pocz\u0105tek. Powojenne wybory polskich \u017byd\u00f3w\u201d (Czarne)<\/p>\n<p>Dorota Grabek, \u201eZmartwychwstanki\u201d (Czarne)<\/p>\n<p>Marta Grzywacz, \u201eRado\u015b\u0107 Soboty. Archiwum \u017cycia i \u015bmierci\u201d (Czarne)<\/p>\n<p>Zyta Rudzka, \u201eTylko durnie \u017cyj\u0105 do ko\u0144ca\u201d (W.A.B.)<\/p>\n<p>Pawe\u0142 Rzewuski, \u201eKrzywda\u201d (ArtRage)<\/p>\n<p>Weronika Murek, \u201eUrodziny\u201d (Czarne)<\/p>\n<p>Maciej Siembieda, \u201eGo\u0142oborze\u201d (Znak Literanova)<\/p>\n<p>Szczepan Twardoch, \u201eNull\u201d (Marginesy)<\/p>\n<p class=\"isSelectedEnd\">\u05d5\u05d6\u05d4 \u05e8\u05e7 \u05d7\u05dc\u05e7 \u05de\u05d4\u05d7\u05d9\u05d3\u05d5\u05e9\u05d9\u05dd! \u05e2\u05dc \u05de\u05d3\u05e4\u05d9 \u05d4\u05e1\u05e4\u05e8\u05d9\u05d9\u05d4 \u05de\u05d7\u05db\u05d9\u05dd \u05d2\u05dd <strong>\u05e1\u05e4\u05e8\u05d9 \u05d9\u05dc\u05d3\u05d9\u05dd \u05d7\u05d3\u05e9\u05d9\u05dd, \u05e8\u05d5\u05de\u05e0\u05d9\u05dd, \u05e1\u05e4\u05e8\u05d9 \u05de\u05ea\u05d7 \u05d5\u05e2\u05d5\u05d3 \u05d4\u05e8\u05d1\u05d4 \u05d4\u05e4\u05ea\u05e2\u05d5\u05ea<\/strong>.<\/p>\n<p>&nbsp;<\/p>\n<p class=\"isSelectedEnd\">\u05dc\u05d0 \u05ea\u05d4\u05d9\u05d4 \u05d4\u05e8\u05e6\u05d0\u05d4 \u05d5\u05dc\u05d0 \u05e0\u05d3\u05e8\u05e9\u05ea \u05e7\u05e8\u05d9\u05d0\u05d4 \u05de\u05d5\u05e7\u05d3\u05de\u05ea \u2013 \u05d9\u05d4\u05d9\u05d5 \u05d4\u05e8\u05d1\u05d4 \u05e1\u05e4\u05e8\u05d9\u05dd, \u05e9\u05d9\u05d7\u05d5\u05ea \u05d5\u05d4\u05de\u05dc\u05e6\u05d5\u05ea. \u05ea\u05d5\u05db\u05dc\u05d5 \u05dc\u05d4\u05d2\u05d9\u05e2 \u05e2\u05dd \u05e1\u05e4\u05e8 \u05de\u05e1\u05d5\u05d9\u05dd \u05e9\u05db\u05d1\u05e8 \u05e1\u05d9\u05de\u05e0\u05ea\u05dd \u05dc\u05e2\u05e6\u05de\u05db\u05dd, \u05dc\u05d4\u05d9\u05e2\u05d6\u05e8 \u05d1\u05d4\u05de\u05dc\u05e6\u05d5\u05ea \u05e9\u05dc\u05e0\u05d5, \u05d0\u05d5 \u05e4\u05e9\u05d5\u05d8 \u05dc\u05d1\u05d5\u05d0 \u05d5\u05dc\u05d2\u05dc\u05d5\u05ea \u05de\u05d4 \u05d7\u05d3\u05e9 \u05d1\u05e1\u05e4\u05e8\u05d9\u05d9\u05d4. \u05d4\u05d7\u05d5\u05e4\u05e9\u05d4 \u05de\u05e1\u05ea\u05d9\u05d9\u05de\u05ea, \u05d0\u05d1\u05dc \u05d4\u05e1\u05d9\u05e4\u05d5\u05e8\u05d9\u05dd \u05d4\u05d8\u05d5\u05d1\u05d9\u05dd \u05e8\u05e7 \u05de\u05ea\u05d7\u05d9\u05dc\u05d9\u05dd!\u00a0<\/p>\n<p class=\"isSelectedEnd\"><strong>\u05d5\u05de\u05db\u05d9\u05d5\u05d5\u05df \u05e9\u05d0\u05e0\u05d7\u05e0\u05d5 \u05e0\u05e4\u05d2\u05e9\u05d9\u05dd \u05d1\u05ea\u05e7\u05e4\u05d5\u05ea \u05d4\u05d7\u05d2\u05d9\u05dd, \u05e0\u05e8\u05d9\u05dd \u05d9\u05d7\u05d3 \u05db\u05d5\u05e1\u05d9\u05ea \u05dc\u05db\u05d1\u05d5\u05d3 \u05d4\u05e9\u05e0\u05d4 \u05d4\u05e2\u05d1\u05e8\u05d9\u05ea \u05d4\u05d7\u05d3\u05e9\u05d4 \u2013 \u05dc\u05d4\u05ea\u05d7\u05dc\u05d4 \u05d8\u05d5\u05d1\u05d4, \u05dc\u05e1\u05d9\u05e4\u05d5\u05e8\u05d9\u05dd \u05de\u05e2\u05e0\u05d9\u05d9\u05e0\u05d9\u05dd \u05d5\u05dc\u05e2\u05d5\u05d3 \u05e9\u05e0\u05d4 \u05de\u05dc\u05d0\u05d4 \u05d1\u05de\u05e4\u05d2\u05e9\u05d9\u05dd!<\/strong>\u00a0<\/p>\n<p class=\"isSelectedEnd\">\u00a0<\/p>\n<p class=\"isSelectedEnd\"><span style=\"color: #ff0000\"><strong>18 \u05d1\u05e1\u05e4\u05d8\u05de\u05d1\u05e8 (\u05d9\u05d5\u05dd \u05e9\u05d9\u05e9\u05d9)<\/strong><\/span><br \/>\n<span style=\"color: #ff0000\"><strong>\u05d1\u05e9\u05e2\u05d4 11:00<\/strong><\/span><\/p>\n<p class=\"isSelectedEnd\"><strong>\u05e1\u05e4\u05e8\u05d9\u05d9\u05ea \u05d4\u05de\u05db\u05d5\u05df \u05d4\u05e4\u05d5\u05dc\u05e0\u05d9, \u05d1\u05d9\u05ea \u05e4\u05e1\u05d2\u05d5\u05ea, \u05e9\u05d3 \u05e8\u05d5\u05d8\u05e9\u05d9\u05dc\u05d3 3, \u05e7\u05d5\u05de\u05d4 22, \u05ea\u05dc \u05d0\u05d1\u05d9\u05d1<\/strong><\/p>\n<p>&nbsp;<\/p>\n<p class=\"isSelectedEnd\">\u05d4\u05de\u05e4\u05d2\u05e9 \u05d9\u05ea\u05e7\u05d9\u05d9\u05dd <strong>\u05d1\u05e9\u05e4\u05d4 \u05d4\u05e4\u05d5\u05dc\u05e0\u05d9\u05ea<\/strong>.<\/p>\n<p><strong>\u05d4\u05db\u05e0\u05d9\u05e1\u05d4 \u05d7\u05d5\u05e4\u05e9\u05d9\u05ea \u2013 <a href=\"https:\/\/forms.cloud.microsoft\/pages\/responsepage.aspx?id=f7_JHaFvXEGgHObBCD6JBq_4dqi86yJPiSyid-tQvNNUN1pXNVNLSEJIMEVGNlVOT0lLVUJQSDE4US4u&amp;origin=lprLink&amp;route=shorturl\">\u05d1\u05d4\u05e8\u05e9\u05de\u05d4 \u05de\u05e8\u05d0\u05e9 \u05d0\u05d5\u05e0\u05dc\u05d9\u05d9\u05df<\/a><\/strong><\/p>\n","protected":false},"excerpt":{"rendered":"<p>\u05d4\u05de\u05e4\u05d2\u05e9 \u05d4\u05e9\u05d9\u05e9\u05d9 \u05d1\u05e1\u05d3\u05e8\u05d4 \u05d9\u05d4\u05d9\u05d4 \u05d4\u05d6\u05d3\u05de\u05e0\u05d5\u05ea \u05dc\u05d7\u05d6\u05d5\u05e8 \u05dc\u05e1\u05e4\u05e8\u05d9\u05d9\u05d4 \u05d0\u05d7\u05e8\u05d9 \u05d4\u05e7\u05d9\u05e5, \u05dc\u05d4\u05db\u05d9\u05e8 \u05d0\u05ea \u05d4\u05e1\u05e4\u05e8\u05d9\u05dd \u05d4\u05d7\u05d3\u05e9\u05d9\u05dd \u05e9\u05d4\u05d2\u05d9\u05e2\u05d5 \u05dc\u05de\u05d3\u05e4\u05d9\u05dd, \u05dc\u05e9\u05d5\u05d7\u05d7 \u05e2\u05dc \u05de\u05d4 \u05db\u05d3\u05d0\u05d9 \u05dc\u05e7\u05e8\u05d5\u05d0, \u05dc\u05d4\u05d7\u05dc\u05d9\u05e3 \u05d4\u05de\u05dc\u05e6\u05d5\u05ea \u05e7\u05e8\u05d9\u05d0\u05d4 \u05d5\u05e4\u05e9\u05d5\u05d8 \u05dc\u05d4\u05d9\u05e4\u05d2\u05e9 \u05e1\u05d1\u05d9\u05d1 \u05e1\u05e4\u05e8\u05d9\u05dd. \u05d1\u05d9\u05df \u05d4\u05d7\u05d9\u05d3\u05d5\u05e9\u05d9\u05dd \u05ea\u05de\u05e6\u05d0\u05d5, \u05d1\u05d9\u05df \u05d4\u05d9\u05ea\u05e8, \u05e1\u05e4\u05e8\u05d9\u05dd \u05e9\u05e0\u05db\u05dc\u05dc\u05d5 \u05d1\u05be20 \u05d4\u05de\u05d5\u05e2\u05de\u05d3\u05d9\u05dd \u05d4\u05e1\u05d5\u05e4\u05d9\u05d9\u05dd \u05dc\u05e4\u05e8\u05e1 \u05d4\u05e1\u05e4\u05e8\u05d5\u05ea\u05d9 \u201e\u05e0\u05d9\u05e7\u05d4\u201d \u05dc\u05e9\u05e0\u05ea 2026, \u05d5\u05d1\u05d4\u05dd: Kasper Bajon, \u201ePozna\u0144 kolonialny. Rodzinna historia z Tanzani\u0105 w tle\u201d (Czarne) Anna [&hellip;]<\/p>\n","protected":false},"author":206,"featured_media":6649,"comment_status":"open","ping_status":"open","sticky":false,"template":"","format":"standard","meta":{"inline_featured_image":false,"_monsterinsights_skip_tracking":false,"_monsterinsights_sitenote_active":false,"_monsterinsights_sitenote_note":"","_monsterinsights_sitenote_category":0,"footnotes":""},"categories":[20],"tags":[],"class_list":["post-8367","post","type-post","status-publish","format-standard","has-post-thumbnail","hentry","category-20"],"yoast_head":"<!-- This site is optimized with the Yoast SEO plugin v24.6 - https:\/\/yoast.com\/wordpress\/plugins\/seo\/ -->\n<title>\u05d4\u05de\u05e4\u05d2\u05e9 \u05d4\u05e4\u05d5\u05dc\u05e0\u05d9 #6 - Instytut Polski w Tel Avivie<\/title>\n<meta name=\"robots\" content=\"index, follow, max-snippet:-1, max-image-preview:large, max-video-preview:-1\" \/>\n<link rel=\"canonical\" href=\"https:\/\/instytutpolski.pl\/telaviv\/2026\/09\/01\/\u05d4\u05de\u05e4\u05d2\u05e9-\u05d4\u05e4\u05d5\u05dc\u05e0\u05d9-6\/\" \/>\n<meta property=\"og:locale\" content=\"en_GB\" \/>\n<meta property=\"og:type\" content=\"article\" \/>\n<meta property=\"og:title\" content=\"\u05d4\u05de\u05e4\u05d2\u05e9 \u05d4\u05e4\u05d5\u05dc\u05e0\u05d9 #6 - Instytut Polski w Tel Avivie\" \/>\n<meta property=\"og:description\" content=\"\u05d4\u05de\u05e4\u05d2\u05e9 \u05d4\u05e9\u05d9\u05e9\u05d9 \u05d1\u05e1\u05d3\u05e8\u05d4 \u05d9\u05d4\u05d9\u05d4 \u05d4\u05d6\u05d3\u05de\u05e0\u05d5\u05ea \u05dc\u05d7\u05d6\u05d5\u05e8 \u05dc\u05e1\u05e4\u05e8\u05d9\u05d9\u05d4 \u05d0\u05d7\u05e8\u05d9 \u05d4\u05e7\u05d9\u05e5, \u05dc\u05d4\u05db\u05d9\u05e8 \u05d0\u05ea \u05d4\u05e1\u05e4\u05e8\u05d9\u05dd \u05d4\u05d7\u05d3\u05e9\u05d9\u05dd \u05e9\u05d4\u05d2\u05d9\u05e2\u05d5 \u05dc\u05de\u05d3\u05e4\u05d9\u05dd, \u05dc\u05e9\u05d5\u05d7\u05d7 \u05e2\u05dc \u05de\u05d4 \u05db\u05d3\u05d0\u05d9 \u05dc\u05e7\u05e8\u05d5\u05d0, \u05dc\u05d4\u05d7\u05dc\u05d9\u05e3 \u05d4\u05de\u05dc\u05e6\u05d5\u05ea \u05e7\u05e8\u05d9\u05d0\u05d4 \u05d5\u05e4\u05e9\u05d5\u05d8 \u05dc\u05d4\u05d9\u05e4\u05d2\u05e9 \u05e1\u05d1\u05d9\u05d1 \u05e1\u05e4\u05e8\u05d9\u05dd. \u05d1\u05d9\u05df \u05d4\u05d7\u05d9\u05d3\u05d5\u05e9\u05d9\u05dd \u05ea\u05de\u05e6\u05d0\u05d5, \u05d1\u05d9\u05df \u05d4\u05d9\u05ea\u05e8, \u05e1\u05e4\u05e8\u05d9\u05dd \u05e9\u05e0\u05db\u05dc\u05dc\u05d5 \u05d1\u05be20 \u05d4\u05de\u05d5\u05e2\u05de\u05d3\u05d9\u05dd \u05d4\u05e1\u05d5\u05e4\u05d9\u05d9\u05dd \u05dc\u05e4\u05e8\u05e1 \u05d4\u05e1\u05e4\u05e8\u05d5\u05ea\u05d9 \u201e\u05e0\u05d9\u05e7\u05d4\u201d \u05dc\u05e9\u05e0\u05ea 2026, \u05d5\u05d1\u05d4\u05dd: Kasper Bajon, \u201ePozna\u0144 kolonialny. Rodzinna historia z Tanzani\u0105 w tle\u201d (Czarne) Anna [&hellip;]\" \/>\n<meta property=\"og:url\" content=\"https:\/\/instytutpolski.pl\/telaviv\/2026\/09\/01\/\u05d4\u05de\u05e4\u05d2\u05e9-\u05d4\u05e4\u05d5\u05dc\u05e0\u05d9-6\/\" \/>\n<meta property=\"og:site_name\" content=\"Instytut Polski w Tel Avivie\" \/>\n<meta property=\"article:published_time\" content=\"2026-09-01T07:18:36+00:00\" \/>\n<meta property=\"article:modified_time\" content=\"2026-09-01T07:21:48+00:00\" \/>\n<meta property=\"og:image\" content=\"https:\/\/instytutpolski.pl\/telaviv\/wp-content\/uploads\/sites\/20\/2025\/05\/pexels-pixabay-159866-3-scaled.jpg\" \/>\n\t<meta property=\"og:image:width\" content=\"2560\" \/>\n\t<meta property=\"og:image:height\" content=\"1717\" \/>\n\t<meta property=\"og:image:type\" content=\"image\/jpeg\" \/>\n<meta name=\"author\" content=\"krizevskia\" \/>\n<meta name=\"twitter:card\" content=\"summary_large_image\" \/>\n<meta name=\"twitter:label1\" content=\"Written by\" \/>\n\t<meta name=\"twitter:data1\" content=\"krizevskia\" \/>\n\t<meta name=\"twitter:label2\" content=\"Estimated reading time\" \/>\n\t<meta name=\"twitter:data2\" content=\"2 minutes\" \/>\n<script type=\"application\/ld+json\" class=\"yoast-schema-graph\">{\"@context\":\"https:\/\/schema.org\",\"@graph\":[{\"@type\":\"event\",\"@id\":\"https:\/\/instytutpolski.pl\/telaviv\/2026\/09\/01\/%d7%94%d7%9e%d7%a4%d7%92%d7%a9-%d7%94%d7%a4%d7%95%d7%9c%d7%a0%d7%99-6\/\",\"url\":\"https:\/\/instytutpolski.pl\/telaviv\/2026\/09\/01\/%d7%94%d7%9e%d7%a4%d7%92%d7%a9-%d7%94%d7%a4%d7%95%d7%9c%d7%a0%d7%99-6\/\",\"name\":\"\u05d4\u05de\u05e4\u05d2\u05e9 \u05d4\u05e4\u05d5\u05dc\u05e0\u05d9 #6\",\"isPartOf\":{\"@id\":\"https:\/\/instytutpolski.pl\/telaviv\/#website\"},\"primaryImageOfPage\":{\"@id\":\"https:\/\/instytutpolski.pl\/telaviv\/2026\/09\/01\/%d7%94%d7%9e%d7%a4%d7%92%d7%a9-%d7%94%d7%a4%d7%95%d7%9c%d7%a0%d7%99-6\/#primaryimage\"},\"image\":[\"https:\/\/instytutpolski.pl\/telaviv\/wp-content\/uploads\/sites\/20\/2025\/05\/pexels-pixabay-159866-3-scaled.jpg\",\"https:\/\/instytutpolski.pl\/telaviv\/wp-content\/uploads\/sites\/20\/2025\/05\/pexels-pixabay-159866-3-300x201.jpg\",\"https:\/\/instytutpolski.pl\/telaviv\/wp-content\/uploads\/sites\/20\/2025\/05\/pexels-pixabay-159866-3-1024x687.jpg\",\"https:\/\/instytutpolski.pl\/telaviv\/wp-content\/uploads\/sites\/20\/2025\/05\/pexels-pixabay-159866-3-scaled.jpg\"],\"thumbnailUrl\":\"https:\/\/instytutpolski.pl\/telaviv\/wp-content\/uploads\/sites\/20\/2025\/05\/pexels-pixabay-159866-3-scaled.jpg\",\"datePublished\":\"2026-09-01T07:18:36+02:00\",\"dateModified\":\"2026-09-01T07:21:48+02:00\",\"author\":{\"@id\":\"https:\/\/instytutpolski.pl\/telaviv\/#\/schema\/person\/d79284795161befe1ce8f409ff42adba\"},\"breadcrumb\":{\"@id\":\"https:\/\/instytutpolski.pl\/telaviv\/2026\/09\/01\/%d7%94%d7%9e%d7%a4%d7%92%d7%a9-%d7%94%d7%a4%d7%95%d7%9c%d7%a0%d7%99-6\/#breadcrumb\"},\"inLanguage\":\"en-GB\",\"potentialAction\":[{\"@type\":\"ReadAction\",\"target\":[\"https:\/\/instytutpolski.pl\/telaviv\/2026\/09\/01\/%d7%94%d7%9e%d7%a4%d7%92%d7%a9-%d7%94%d7%a4%d7%95%d7%9c%d7%a0%d7%99-6\/\"]}],\"@context\":\"https:\/\/schema.org\",\"startDate\":\"2026-09-18T11:00:00+02:00\",\"endDate\":\"2026-09-18T01:00:00+02:00\",\"eventStatus\":\"EventScheduled\",\"eventAttendanceMode\":\"OfflineEventAttendanceMode\",\"location\":{\"@type\":\"place\",\"name\":\"\",\"address\":\"\",\"geo\":{\"@type\":\"GeoCoordinates\",\"latitude\":\"\",\"longitude\":\"\"}},\"description\":\"\u05d4\u05de\u05e4\u05d2\u05e9 \u05d4\u05e9\u05d9\u05e9\u05d9 \u05d1\u05e1\u05d3\u05e8\u05d4 \u05d9\u05d4\u05d9\u05d4 \u05d4\u05d6\u05d3\u05de\u05e0\u05d5\u05ea \u05dc\u05d7\u05d6\u05d5\u05e8 \u05dc\u05e1\u05e4\u05e8\u05d9\u05d9\u05d4 \u05d0\u05d7\u05e8\u05d9 \u05d4\u05e7\u05d9\u05e5, \u05dc\u05d4\u05db\u05d9\u05e8 \u05d0\u05ea \u05d4\u05e1\u05e4\u05e8\u05d9\u05dd \u05d4\u05d7\u05d3\u05e9\u05d9\u05dd \u05e9\u05d4\u05d2\u05d9\u05e2\u05d5 \u05dc\u05de\u05d3\u05e4\u05d9\u05dd, \u05dc\u05e9\u05d5\u05d7\u05d7 \u05e2\u05dc \u05de\u05d4 \u05db\u05d3\u05d0\u05d9 \u05dc\u05e7\u05e8\u05d5\u05d0, \u05dc\u05d4\u05d7\u05dc\u05d9\u05e3 \u05d4\u05de\u05dc\u05e6\u05d5\u05ea \u05e7\u05e8\u05d9\u05d0\u05d4 \u05d5\u05e4\u05e9\u05d5\u05d8 \u05dc\u05d4\u05d9\u05e4\u05d2\u05e9 \u05e1\u05d1\u05d9\u05d1 \u05e1\u05e4\u05e8\u05d9\u05dd.\\r\\n\u05d1\u05d9\u05df \u05d4\u05d7\u05d9\u05d3\u05d5\u05e9\u05d9\u05dd \u05ea\u05de\u05e6\u05d0\u05d5, \u05d1\u05d9\u05df \u05d4\u05d9\u05ea\u05e8, \u05e1\u05e4\u05e8\u05d9\u05dd \u05e9\u05e0\u05db\u05dc\u05dc\u05d5 \u05d1\u05be20 \u05d4\u05de\u05d5\u05e2\u05de\u05d3\u05d9\u05dd \u05d4\u05e1\u05d5\u05e4\u05d9\u05d9\u05dd \u05dc\u05e4\u05e8\u05e1 \u05d4\u05e1\u05e4\u05e8\u05d5\u05ea\u05d9 \u201e\u05e0\u05d9\u05e7\u05d4\u201d \u05dc\u05e9\u05e0\u05ea 2026, \u05d5\u05d1\u05d4\u05dd:\\r\\nKasper Bajon, \u201ePozna\u0144 kolonialny. Rodzinna historia z Tanzani\u0105 w tle\u201d (Czarne)\\r\\nAnna Bikont, \u201eNie koniec, nie pocz\u0105tek. Powojenne wybory polskich \u017byd\u00f3w\u201d (Czarne)\\r\\nDorota Grabek, \u201eZmartwychwstanki\u201d (Czarne)\\r\\nMarta Grzywacz, \u201eRado\u015b\u0107 Soboty. Archiwum \u017cycia i \u015bmierci\u201d (Czarne)\\r\\nZyta Rudzka, \u201eTylko durnie \u017cyj\u0105 do ko\u0144ca\u201d (W.A.B.)\\r\\nPawe\u0142 Rzewuski, \u201eKrzywda\u201d (ArtRage)\\r\\nWeronika Murek, \u201eUrodziny\u201d (Czarne)\\r\\nMaciej Siembieda, \u201eGo\u0142oborze\u201d (Znak Literanova)\\r\\nSzczepan Twardoch, \u201eNull\u201d (Marginesy)\\r\\n\u05d5\u05d6\u05d4 \u05e8\u05e7 \u05d7\u05dc\u05e7 \u05de\u05d4\u05d7\u05d9\u05d3\u05d5\u05e9\u05d9\u05dd! \u05e2\u05dc \u05de\u05d3\u05e4\u05d9 \u05d4\u05e1\u05e4\u05e8\u05d9\u05d9\u05d4 \u05de\u05d7\u05db\u05d9\u05dd \u05d2\u05dd \u05e1\u05e4\u05e8\u05d9 \u05d9\u05dc\u05d3\u05d9\u05dd \u05d7\u05d3\u05e9\u05d9\u05dd, \u05e8\u05d5\u05de\u05e0\u05d9\u05dd, \u05e1\u05e4\u05e8\u05d9 \u05de\u05ea\u05d7 \u05d5\u05e2\u05d5\u05d3 \u05d4\u05e8\u05d1\u05d4 \u05d4\u05e4\u05ea\u05e2\u05d5\u05ea.\\r\\n \\r\\n\u05dc\u05d0 \u05ea\u05d4\u05d9\u05d4 \u05d4\u05e8\u05e6\u05d0\u05d4 \u05d5\u05dc\u05d0 \u05e0\u05d3\u05e8\u05e9\u05ea \u05e7\u05e8\u05d9\u05d0\u05d4 \u05de\u05d5\u05e7\u05d3\u05de\u05ea \u2013 \u05d9\u05d4\u05d9\u05d5 \u05d4\u05e8\u05d1\u05d4 \u05e1\u05e4\u05e8\u05d9\u05dd, \u05e9\u05d9\u05d7\u05d5\u05ea \u05d5\u05d4\u05de\u05dc\u05e6\u05d5\u05ea. \u05ea\u05d5\u05db\u05dc\u05d5 \u05dc\u05d4\u05d2\u05d9\u05e2 \u05e2\u05dd \u05e1\u05e4\u05e8 \u05de\u05e1\u05d5\u05d9\u05dd \u05e9\u05db\u05d1\u05e8 \u05e1\u05d9\u05de\u05e0\u05ea\u05dd \u05dc\u05e2\u05e6\u05de\u05db\u05dd, \u05dc\u05d4\u05d9\u05e2\u05d6\u05e8 \u05d1\u05d4\u05de\u05dc\u05e6\u05d5\u05ea \u05e9\u05dc\u05e0\u05d5, \u05d0\u05d5 \u05e4\u05e9\u05d5\u05d8 \u05dc\u05d1\u05d5\u05d0 \u05d5\u05dc\u05d2\u05dc\u05d5\u05ea \u05de\u05d4 \u05d7\u05d3\u05e9 \u05d1\u05e1\u05e4\u05e8\u05d9\u05d9\u05d4. \u05d4\u05d7\u05d5\u05e4\u05e9\u05d4 \u05de\u05e1\u05ea\u05d9\u05d9\u05de\u05ea, \u05d0\u05d1\u05dc \u05d4\u05e1\u05d9\u05e4\u05d5\u05e8\u05d9\u05dd \u05d4\u05d8\u05d5\u05d1\u05d9\u05dd \u05e8\u05e7 \u05de\u05ea\u05d7\u05d9\u05dc\u05d9\u05dd!\u00a0\\r\\n\u05d5\u05de\u05db\u05d9\u05d5\u05d5\u05df \u05e9\u05d0\u05e0\u05d7\u05e0\u05d5 \u05e0\u05e4\u05d2\u05e9\u05d9\u05dd \u05d1\u05ea\u05e7\u05e4\u05d5\u05ea \u05d4\u05d7\u05d2\u05d9\u05dd, \u05e0\u05e8\u05d9\u05dd \u05d9\u05d7\u05d3 \u05db\u05d5\u05e1\u05d9\u05ea \u05dc\u05db\u05d1\u05d5\u05d3 \u05d4\u05e9\u05e0\u05d4 \u05d4\u05e2\u05d1\u05e8\u05d9\u05ea \u05d4\u05d7\u05d3\u05e9\u05d4 \u2013 \u05dc\u05d4\u05ea\u05d7\u05dc\u05d4 \u05d8\u05d5\u05d1\u05d4, \u05dc\u05e1\u05d9\u05e4\u05d5\u05e8\u05d9\u05dd \u05de\u05e2\u05e0\u05d9\u05d9\u05e0\u05d9\u05dd \u05d5\u05dc\u05e2\u05d5\u05d3 \u05e9\u05e0\u05d4 \u05de\u05dc\u05d0\u05d4 \u05d1\u05de\u05e4\u05d2\u05e9\u05d9\u05dd!\u00a0\\r\\n\u00a0\\r\\n18 \u05d1\u05e1\u05e4\u05d8\u05de\u05d1\u05e8 (\u05d9\u05d5\u05dd \u05e9\u05d9\u05e9\u05d9)\\r\\n\u05d1\u05e9\u05e2\u05d4 11:00\\r\\n\u05e1\u05e4\u05e8\u05d9\u05d9\u05ea \u05d4\u05de\u05db\u05d5\u05df \u05d4\u05e4\u05d5\u05dc\u05e0\u05d9, \u05d1\u05d9\u05ea \u05e4\u05e1\u05d2\u05d5\u05ea, \u05e9\u05d3 \u05e8\u05d5\u05d8\u05e9\u05d9\u05dc\u05d3 3, \u05e7\u05d5\u05de\u05d4 22, \u05ea\u05dc \u05d0\u05d1\u05d9\u05d1\\r\\n \\r\\n\u05d4\u05de\u05e4\u05d2\u05e9 \u05d9\u05ea\u05e7\u05d9\u05d9\u05dd \u05d1\u05e9\u05e4\u05d4 \u05d4\u05e4\u05d5\u05dc\u05e0\u05d9\u05ea.\\r\\n\u05d4\u05db\u05e0\u05d9\u05e1\u05d4 \u05d7\u05d5\u05e4\u05e9\u05d9\u05ea \u2013 \u05d1\u05d4\u05e8\u05e9\u05de\u05d4 \u05de\u05e8\u05d0\u05e9 \u05d0\u05d5\u05e0\u05dc\u05d9\u05d9\u05df\"},{\"@type\":\"ImageObject\",\"inLanguage\":\"en-GB\",\"@id\":\"https:\/\/instytutpolski.pl\/telaviv\/2026\/09\/01\/%d7%94%d7%9e%d7%a4%d7%92%d7%a9-%d7%94%d7%a4%d7%95%d7%9c%d7%a0%d7%99-6\/#primaryimage\",\"url\":\"https:\/\/instytutpolski.pl\/telaviv\/wp-content\/uploads\/sites\/20\/2025\/05\/pexels-pixabay-159866-3-scaled.jpg\",\"contentUrl\":\"https:\/\/instytutpolski.pl\/telaviv\/wp-content\/uploads\/sites\/20\/2025\/05\/pexels-pixabay-159866-3-scaled.jpg\",\"width\":2560,\"height\":1717},{\"@type\":\"BreadcrumbList\",\"@id\":\"https:\/\/instytutpolski.pl\/telaviv\/2026\/09\/01\/%d7%94%d7%9e%d7%a4%d7%92%d7%a9-%d7%94%d7%a4%d7%95%d7%9c%d7%a0%d7%99-6\/#breadcrumb\",\"itemListElement\":[{\"@type\":\"ListItem\",\"position\":1,\"name\":\"Home\",\"item\":\"https:\/\/instytutpolski.pl\/telaviv\/en\/\"},{\"@type\":\"ListItem\",\"position\":2,\"name\":\"\u05d4\u05de\u05e4\u05d2\u05e9 \u05d4\u05e4\u05d5\u05dc\u05e0\u05d9 #6\"}]},{\"@type\":\"WebSite\",\"@id\":\"https:\/\/instytutpolski.pl\/telaviv\/#website\",\"url\":\"https:\/\/instytutpolski.pl\/telaviv\/\",\"name\":\"Instytut Polski w Tel Avivie\",\"description\":\"Instytuty Polskie\",\"potentialAction\":[{\"@type\":\"SearchAction\",\"target\":{\"@type\":\"EntryPoint\",\"urlTemplate\":\"https:\/\/instytutpolski.pl\/telaviv\/?s={search_term_string}\"},\"query-input\":{\"@type\":\"PropertyValueSpecification\",\"valueRequired\":true,\"valueName\":\"search_term_string\"}}],\"inLanguage\":\"en-GB\"},{\"@type\":\"Person\",\"@id\":\"https:\/\/instytutpolski.pl\/telaviv\/#\/schema\/person\/d79284795161befe1ce8f409ff42adba\",\"name\":\"krizevskia\",\"image\":{\"@type\":\"ImageObject\",\"inLanguage\":\"en-GB\",\"@id\":\"https:\/\/instytutpolski.pl\/telaviv\/#\/schema\/person\/image\/\",\"url\":\"https:\/\/secure.gravatar.com\/avatar\/5f3ab76377e8232062aa9596f362ee33?s=96&d=mm&r=g\",\"contentUrl\":\"https:\/\/secure.gravatar.com\/avatar\/5f3ab76377e8232062aa9596f362ee33?s=96&d=mm&r=g\",\"caption\":\"krizevskia\"},\"url\":\"https:\/\/instytutpolski.pl\/telaviv\/author\/krizevskia\/\"}]}<\/script>\n<!-- \/ Yoast SEO plugin. -->","yoast_head_json":{"title":"\u05d4\u05de\u05e4\u05d2\u05e9 \u05d4\u05e4\u05d5\u05dc\u05e0\u05d9 #6 - Instytut Polski w Tel Avivie","robots":{"index":"index","follow":"follow","max-snippet":"max-snippet:-1","max-image-preview":"max-image-preview:large","max-video-preview":"max-video-preview:-1"},"canonical":"https:\/\/instytutpolski.pl\/telaviv\/2026\/09\/01\/\u05d4\u05de\u05e4\u05d2\u05e9-\u05d4\u05e4\u05d5\u05dc\u05e0\u05d9-6\/","og_locale":"en_GB","og_type":"article","og_title":"\u05d4\u05de\u05e4\u05d2\u05e9 \u05d4\u05e4\u05d5\u05dc\u05e0\u05d9 #6 - Instytut Polski w Tel Avivie","og_description":"\u05d4\u05de\u05e4\u05d2\u05e9 \u05d4\u05e9\u05d9\u05e9\u05d9 \u05d1\u05e1\u05d3\u05e8\u05d4 \u05d9\u05d4\u05d9\u05d4 \u05d4\u05d6\u05d3\u05de\u05e0\u05d5\u05ea \u05dc\u05d7\u05d6\u05d5\u05e8 \u05dc\u05e1\u05e4\u05e8\u05d9\u05d9\u05d4 \u05d0\u05d7\u05e8\u05d9 \u05d4\u05e7\u05d9\u05e5, \u05dc\u05d4\u05db\u05d9\u05e8 \u05d0\u05ea \u05d4\u05e1\u05e4\u05e8\u05d9\u05dd \u05d4\u05d7\u05d3\u05e9\u05d9\u05dd \u05e9\u05d4\u05d2\u05d9\u05e2\u05d5 \u05dc\u05de\u05d3\u05e4\u05d9\u05dd, \u05dc\u05e9\u05d5\u05d7\u05d7 \u05e2\u05dc \u05de\u05d4 \u05db\u05d3\u05d0\u05d9 \u05dc\u05e7\u05e8\u05d5\u05d0, \u05dc\u05d4\u05d7\u05dc\u05d9\u05e3 \u05d4\u05de\u05dc\u05e6\u05d5\u05ea \u05e7\u05e8\u05d9\u05d0\u05d4 \u05d5\u05e4\u05e9\u05d5\u05d8 \u05dc\u05d4\u05d9\u05e4\u05d2\u05e9 \u05e1\u05d1\u05d9\u05d1 \u05e1\u05e4\u05e8\u05d9\u05dd. \u05d1\u05d9\u05df \u05d4\u05d7\u05d9\u05d3\u05d5\u05e9\u05d9\u05dd \u05ea\u05de\u05e6\u05d0\u05d5, \u05d1\u05d9\u05df \u05d4\u05d9\u05ea\u05e8, \u05e1\u05e4\u05e8\u05d9\u05dd \u05e9\u05e0\u05db\u05dc\u05dc\u05d5 \u05d1\u05be20 \u05d4\u05de\u05d5\u05e2\u05de\u05d3\u05d9\u05dd \u05d4\u05e1\u05d5\u05e4\u05d9\u05d9\u05dd \u05dc\u05e4\u05e8\u05e1 \u05d4\u05e1\u05e4\u05e8\u05d5\u05ea\u05d9 \u201e\u05e0\u05d9\u05e7\u05d4\u201d \u05dc\u05e9\u05e0\u05ea 2026, \u05d5\u05d1\u05d4\u05dd: Kasper Bajon, \u201ePozna\u0144 kolonialny. Rodzinna historia z Tanzani\u0105 w tle\u201d (Czarne) Anna [&hellip;]","og_url":"https:\/\/instytutpolski.pl\/telaviv\/2026\/09\/01\/\u05d4\u05de\u05e4\u05d2\u05e9-\u05d4\u05e4\u05d5\u05dc\u05e0\u05d9-6\/","og_site_name":"Instytut Polski w Tel Avivie","article_published_time":"2026-09-01T07:18:36+00:00","article_modified_time":"2026-09-01T07:21:48+00:00","og_image":[{"width":2560,"height":1717,"url":"https:\/\/instytutpolski.pl\/telaviv\/wp-content\/uploads\/sites\/20\/2025\/05\/pexels-pixabay-159866-3-scaled.jpg","type":"image\/jpeg"}],"author":"krizevskia","twitter_card":"summary_large_image","twitter_misc":{"Written by":"krizevskia","Estimated reading time":"2 minutes"},"schema":{"@context":"https:\/\/schema.org","@graph":[{"@type":"event","@id":"https:\/\/instytutpolski.pl\/telaviv\/2026\/09\/01\/%d7%94%d7%9e%d7%a4%d7%92%d7%a9-%d7%94%d7%a4%d7%95%d7%9c%d7%a0%d7%99-6\/","url":"https:\/\/instytutpolski.pl\/telaviv\/2026\/09\/01\/%d7%94%d7%9e%d7%a4%d7%92%d7%a9-%d7%94%d7%a4%d7%95%d7%9c%d7%a0%d7%99-6\/","name":"\u05d4\u05de\u05e4\u05d2\u05e9 \u05d4\u05e4\u05d5\u05dc\u05e0\u05d9 #6","isPartOf":{"@id":"https:\/\/instytutpolski.pl\/telaviv\/#website"},"primaryImageOfPage":{"@id":"https:\/\/instytutpolski.pl\/telaviv\/2026\/09\/01\/%d7%94%d7%9e%d7%a4%d7%92%d7%a9-%d7%94%d7%a4%d7%95%d7%9c%d7%a0%d7%99-6\/#primaryimage"},"image":["https:\/\/instytutpolski.pl\/telaviv\/wp-content\/uploads\/sites\/20\/2025\/05\/pexels-pixabay-159866-3-scaled.jpg","https:\/\/instytutpolski.pl\/telaviv\/wp-content\/uploads\/sites\/20\/2025\/05\/pexels-pixabay-159866-3-300x201.jpg","https:\/\/instytutpolski.pl\/telaviv\/wp-content\/uploads\/sites\/20\/2025\/05\/pexels-pixabay-159866-3-1024x687.jpg","https:\/\/instytutpolski.pl\/telaviv\/wp-content\/uploads\/sites\/20\/2025\/05\/pexels-pixabay-159866-3-scaled.jpg"],"thumbnailUrl":"https:\/\/instytutpolski.pl\/telaviv\/wp-content\/uploads\/sites\/20\/2025\/05\/pexels-pixabay-159866-3-scaled.jpg","datePublished":"2026-09-01T07:18:36+02:00","dateModified":"2026-09-01T07:21:48+02:00","author":{"@id":"https:\/\/instytutpolski.pl\/telaviv\/#\/schema\/person\/d79284795161befe1ce8f409ff42adba"},"breadcrumb":{"@id":"https:\/\/instytutpolski.pl\/telaviv\/2026\/09\/01\/%d7%94%d7%9e%d7%a4%d7%92%d7%a9-%d7%94%d7%a4%d7%95%d7%9c%d7%a0%d7%99-6\/#breadcrumb"},"inLanguage":"en-GB","potentialAction":[{"@type":"ReadAction","target":["https:\/\/instytutpolski.pl\/telaviv\/2026\/09\/01\/%d7%94%d7%9e%d7%a4%d7%92%d7%a9-%d7%94%d7%a4%d7%95%d7%9c%d7%a0%d7%99-6\/"]}],"@context":"https:\/\/schema.org","startDate":"2026-09-18T11:00:00+02:00","endDate":"2026-09-18T01:00:00+02:00","eventStatus":"EventScheduled","eventAttendanceMode":"OfflineEventAttendanceMode","location":{"@type":"place","name":"","address":"","geo":{"@type":"GeoCoordinates","latitude":"","longitude":""}},"description":"\u05d4\u05de\u05e4\u05d2\u05e9 \u05d4\u05e9\u05d9\u05e9\u05d9 \u05d1\u05e1\u05d3\u05e8\u05d4 \u05d9\u05d4\u05d9\u05d4 \u05d4\u05d6\u05d3\u05de\u05e0\u05d5\u05ea \u05dc\u05d7\u05d6\u05d5\u05e8 \u05dc\u05e1\u05e4\u05e8\u05d9\u05d9\u05d4 \u05d0\u05d7\u05e8\u05d9 \u05d4\u05e7\u05d9\u05e5, \u05dc\u05d4\u05db\u05d9\u05e8 \u05d0\u05ea \u05d4\u05e1\u05e4\u05e8\u05d9\u05dd \u05d4\u05d7\u05d3\u05e9\u05d9\u05dd \u05e9\u05d4\u05d2\u05d9\u05e2\u05d5 \u05dc\u05de\u05d3\u05e4\u05d9\u05dd, \u05dc\u05e9\u05d5\u05d7\u05d7 \u05e2\u05dc \u05de\u05d4 \u05db\u05d3\u05d0\u05d9 \u05dc\u05e7\u05e8\u05d5\u05d0, \u05dc\u05d4\u05d7\u05dc\u05d9\u05e3 \u05d4\u05de\u05dc\u05e6\u05d5\u05ea \u05e7\u05e8\u05d9\u05d0\u05d4 \u05d5\u05e4\u05e9\u05d5\u05d8 \u05dc\u05d4\u05d9\u05e4\u05d2\u05e9 \u05e1\u05d1\u05d9\u05d1 \u05e1\u05e4\u05e8\u05d9\u05dd.\r\n\u05d1\u05d9\u05df \u05d4\u05d7\u05d9\u05d3\u05d5\u05e9\u05d9\u05dd \u05ea\u05de\u05e6\u05d0\u05d5, \u05d1\u05d9\u05df \u05d4\u05d9\u05ea\u05e8, \u05e1\u05e4\u05e8\u05d9\u05dd \u05e9\u05e0\u05db\u05dc\u05dc\u05d5 \u05d1\u05be20 \u05d4\u05de\u05d5\u05e2\u05de\u05d3\u05d9\u05dd \u05d4\u05e1\u05d5\u05e4\u05d9\u05d9\u05dd \u05dc\u05e4\u05e8\u05e1 \u05d4\u05e1\u05e4\u05e8\u05d5\u05ea\u05d9 \u201e\u05e0\u05d9\u05e7\u05d4\u201d \u05dc\u05e9\u05e0\u05ea 2026, \u05d5\u05d1\u05d4\u05dd:\r\nKasper Bajon, \u201ePozna\u0144 kolonialny. Rodzinna historia z Tanzani\u0105 w tle\u201d (Czarne)\r\nAnna Bikont, \u201eNie koniec, nie pocz\u0105tek. Powojenne wybory polskich \u017byd\u00f3w\u201d (Czarne)\r\nDorota Grabek, \u201eZmartwychwstanki\u201d (Czarne)\r\nMarta Grzywacz, \u201eRado\u015b\u0107 Soboty. Archiwum \u017cycia i \u015bmierci\u201d (Czarne)\r\nZyta Rudzka, \u201eTylko durnie \u017cyj\u0105 do ko\u0144ca\u201d (W.A.B.)\r\nPawe\u0142 Rzewuski, \u201eKrzywda\u201d (ArtRage)\r\nWeronika Murek, \u201eUrodziny\u201d (Czarne)\r\nMaciej Siembieda, \u201eGo\u0142oborze\u201d (Znak Literanova)\r\nSzczepan Twardoch, \u201eNull\u201d (Marginesy)\r\n\u05d5\u05d6\u05d4 \u05e8\u05e7 \u05d7\u05dc\u05e7 \u05de\u05d4\u05d7\u05d9\u05d3\u05d5\u05e9\u05d9\u05dd! \u05e2\u05dc \u05de\u05d3\u05e4\u05d9 \u05d4\u05e1\u05e4\u05e8\u05d9\u05d9\u05d4 \u05de\u05d7\u05db\u05d9\u05dd \u05d2\u05dd \u05e1\u05e4\u05e8\u05d9 \u05d9\u05dc\u05d3\u05d9\u05dd \u05d7\u05d3\u05e9\u05d9\u05dd, \u05e8\u05d5\u05de\u05e0\u05d9\u05dd, \u05e1\u05e4\u05e8\u05d9 \u05de\u05ea\u05d7 \u05d5\u05e2\u05d5\u05d3 \u05d4\u05e8\u05d1\u05d4 \u05d4\u05e4\u05ea\u05e2\u05d5\u05ea.\r\n \r\n\u05dc\u05d0 \u05ea\u05d4\u05d9\u05d4 \u05d4\u05e8\u05e6\u05d0\u05d4 \u05d5\u05dc\u05d0 \u05e0\u05d3\u05e8\u05e9\u05ea \u05e7\u05e8\u05d9\u05d0\u05d4 \u05de\u05d5\u05e7\u05d3\u05de\u05ea \u2013 \u05d9\u05d4\u05d9\u05d5 \u05d4\u05e8\u05d1\u05d4 \u05e1\u05e4\u05e8\u05d9\u05dd, \u05e9\u05d9\u05d7\u05d5\u05ea \u05d5\u05d4\u05de\u05dc\u05e6\u05d5\u05ea. \u05ea\u05d5\u05db\u05dc\u05d5 \u05dc\u05d4\u05d2\u05d9\u05e2 \u05e2\u05dd \u05e1\u05e4\u05e8 \u05de\u05e1\u05d5\u05d9\u05dd \u05e9\u05db\u05d1\u05e8 \u05e1\u05d9\u05de\u05e0\u05ea\u05dd \u05dc\u05e2\u05e6\u05de\u05db\u05dd, \u05dc\u05d4\u05d9\u05e2\u05d6\u05e8 \u05d1\u05d4\u05de\u05dc\u05e6\u05d5\u05ea \u05e9\u05dc\u05e0\u05d5, \u05d0\u05d5 \u05e4\u05e9\u05d5\u05d8 \u05dc\u05d1\u05d5\u05d0 \u05d5\u05dc\u05d2\u05dc\u05d5\u05ea \u05de\u05d4 \u05d7\u05d3\u05e9 \u05d1\u05e1\u05e4\u05e8\u05d9\u05d9\u05d4. \u05d4\u05d7\u05d5\u05e4\u05e9\u05d4 \u05de\u05e1\u05ea\u05d9\u05d9\u05de\u05ea, \u05d0\u05d1\u05dc \u05d4\u05e1\u05d9\u05e4\u05d5\u05e8\u05d9\u05dd \u05d4\u05d8\u05d5\u05d1\u05d9\u05dd \u05e8\u05e7 \u05de\u05ea\u05d7\u05d9\u05dc\u05d9\u05dd!\u00a0\r\n\u05d5\u05de\u05db\u05d9\u05d5\u05d5\u05df \u05e9\u05d0\u05e0\u05d7\u05e0\u05d5 \u05e0\u05e4\u05d2\u05e9\u05d9\u05dd \u05d1\u05ea\u05e7\u05e4\u05d5\u05ea \u05d4\u05d7\u05d2\u05d9\u05dd, \u05e0\u05e8\u05d9\u05dd \u05d9\u05d7\u05d3 \u05db\u05d5\u05e1\u05d9\u05ea \u05dc\u05db\u05d1\u05d5\u05d3 \u05d4\u05e9\u05e0\u05d4 \u05d4\u05e2\u05d1\u05e8\u05d9\u05ea \u05d4\u05d7\u05d3\u05e9\u05d4 \u2013 \u05dc\u05d4\u05ea\u05d7\u05dc\u05d4 \u05d8\u05d5\u05d1\u05d4, \u05dc\u05e1\u05d9\u05e4\u05d5\u05e8\u05d9\u05dd \u05de\u05e2\u05e0\u05d9\u05d9\u05e0\u05d9\u05dd \u05d5\u05dc\u05e2\u05d5\u05d3 \u05e9\u05e0\u05d4 \u05de\u05dc\u05d0\u05d4 \u05d1\u05de\u05e4\u05d2\u05e9\u05d9\u05dd!\u00a0\r\n\u00a0\r\n18 \u05d1\u05e1\u05e4\u05d8\u05de\u05d1\u05e8 (\u05d9\u05d5\u05dd \u05e9\u05d9\u05e9\u05d9)\r\n\u05d1\u05e9\u05e2\u05d4 11:00\r\n\u05e1\u05e4\u05e8\u05d9\u05d9\u05ea \u05d4\u05de\u05db\u05d5\u05df \u05d4\u05e4\u05d5\u05dc\u05e0\u05d9, \u05d1\u05d9\u05ea \u05e4\u05e1\u05d2\u05d5\u05ea, \u05e9\u05d3 \u05e8\u05d5\u05d8\u05e9\u05d9\u05dc\u05d3 3, \u05e7\u05d5\u05de\u05d4 22, \u05ea\u05dc \u05d0\u05d1\u05d9\u05d1\r\n \r\n\u05d4\u05de\u05e4\u05d2\u05e9 \u05d9\u05ea\u05e7\u05d9\u05d9\u05dd \u05d1\u05e9\u05e4\u05d4 \u05d4\u05e4\u05d5\u05dc\u05e0\u05d9\u05ea.\r\n\u05d4\u05db\u05e0\u05d9\u05e1\u05d4 \u05d7\u05d5\u05e4\u05e9\u05d9\u05ea \u2013 \u05d1\u05d4\u05e8\u05e9\u05de\u05d4 \u05de\u05e8\u05d0\u05e9 \u05d0\u05d5\u05e0\u05dc\u05d9\u05d9\u05df"},{"@type":"ImageObject","inLanguage":"en-GB","@id":"https:\/\/instytutpolski.pl\/telaviv\/2026\/09\/01\/%d7%94%d7%9e%d7%a4%d7%92%d7%a9-%d7%94%d7%a4%d7%95%d7%9c%d7%a0%d7%99-6\/#primaryimage","url":"https:\/\/instytutpolski.pl\/telaviv\/wp-content\/uploads\/sites\/20\/2025\/05\/pexels-pixabay-159866-3-scaled.jpg","contentUrl":"https:\/\/instytutpolski.pl\/telaviv\/wp-content\/uploads\/sites\/20\/2025\/05\/pexels-pixabay-159866-3-scaled.jpg","width":2560,"height":1717},{"@type":"BreadcrumbList","@id":"https:\/\/instytutpolski.pl\/telaviv\/2026\/09\/01\/%d7%94%d7%9e%d7%a4%d7%92%d7%a9-%d7%94%d7%a4%d7%95%d7%9c%d7%a0%d7%99-6\/#breadcrumb","itemListElement":[{"@type":"ListItem","position":1,"name":"Home","item":"https:\/\/instytutpolski.pl\/telaviv\/en\/"},{"@type":"ListItem","position":2,"name":"\u05d4\u05de\u05e4\u05d2\u05e9 \u05d4\u05e4\u05d5\u05dc\u05e0\u05d9 #6"}]},{"@type":"WebSite","@id":"https:\/\/instytutpolski.pl\/telaviv\/#website","url":"https:\/\/instytutpolski.pl\/telaviv\/","name":"Instytut Polski w Tel Avivie","description":"Instytuty Polskie","potentialAction":[{"@type":"SearchAction","target":{"@type":"EntryPoint","urlTemplate":"https:\/\/instytutpolski.pl\/telaviv\/?s={search_term_string}"},"query-input":{"@type":"PropertyValueSpecification","valueRequired":true,"valueName":"search_term_string"}}],"inLanguage":"en-GB"},{"@type":"Person","@id":"https:\/\/instytutpolski.pl\/telaviv\/#\/schema\/person\/d79284795161befe1ce8f409ff42adba","name":"krizevskia","image":{"@type":"ImageObject","inLanguage":"en-GB","@id":"https:\/\/instytutpolski.pl\/telaviv\/#\/schema\/person\/image\/","url":"https:\/\/secure.gravatar.com\/avatar\/5f3ab76377e8232062aa9596f362ee33?s=96&d=mm&r=g","contentUrl":"https:\/\/secure.gravatar.com\/avatar\/5f3ab76377e8232062aa9596f362ee33?s=96&d=mm&r=g","caption":"krizevskia"},"url":"https:\/\/instytutpolski.pl\/telaviv\/author\/krizevskia\/"}]}},"_links":{"self":[{"href":"https:\/\/instytutpolski.pl\/telaviv\/wp-json\/wp\/v2\/posts\/8367","targetHints":{"allow":["GET"]}}],"collection":[{"href":"https:\/\/instytutpolski.pl\/telaviv\/wp-json\/wp\/v2\/posts"}],"about":[{"href":"https:\/\/instytutpolski.pl\/telaviv\/wp-json\/wp\/v2\/types\/post"}],"author":[{"embeddable":true,"href":"https:\/\/instytutpolski.pl\/telaviv\/wp-json\/wp\/v2\/users\/206"}],"replies":[{"embeddable":true,"href":"https:\/\/instytutpolski.pl\/telaviv\/wp-json\/wp\/v2\/comments?post=8367"}],"version-history":[{"count":1,"href":"https:\/\/instytutpolski.pl\/telaviv\/wp-json\/wp\/v2\/posts\/8367\/revisions"}],"predecessor-version":[{"id":8368,"href":"https:\/\/instytutpolski.pl\/telaviv\/wp-json\/wp\/v2\/posts\/8367\/revisions\/8368"}],"wp:featuredmedia":[{"embeddable":true,"href":"https:\/\/instytutpolski.pl\/telaviv\/wp-json\/wp\/v2\/media\/6649"}],"wp:attachment":[{"href":"https:\/\/instytutpolski.pl\/telaviv\/wp-json\/wp\/v2\/media?parent=8367"}],"wp:term":[{"taxonomy":"category","embeddable":true,"href":"https:\/\/instytutpolski.pl\/telaviv\/wp-json\/wp\/v2\/categories?post=8367"},{"taxonomy":"post_tag","embeddable":true,"href":"https:\/\/instytutpolski.pl\/telaviv\/wp-json\/wp\/v2\/tags?post=8367"}],"curies":[{"name":"wp","href":"https:\/\/api.w.org\/{rel}","templated":true}]}}