{"id":8371,"date":"2026-09-01T09:18:36","date_gmt":"2026-09-01T07:18:36","guid":{"rendered":"https:\/\/instytutpolski.pl\/telaviv\/?p=8371"},"modified":"2026-09-01T09:32:04","modified_gmt":"2026-09-01T07:32:04","slug":"polskie-spotkania-6","status":"publish","type":"post","link":"https:\/\/instytutpolski.pl\/telaviv\/pl\/2026\/09\/01\/polskie-spotkania-6\/","title":{"rendered":"Polskie spotkania #6"},"content":{"rendered":"<p>Kolejne \u201ePolskie spotkanie\u201d b\u0119dzie okazj\u0105, \u017ceby zajrze\u0107 do biblioteki po wakacjach, pozna\u0107 nasze najnowsze ksi\u0105\u017ckowe zdobycze, porozmawia\u0107 o tym, co warto przeczyta\u0107, wymieni\u0107 si\u0119 czytelniczymi polecajkami i po prostu spotka\u0107 si\u0119 przy ksi\u0105\u017ckach.<\/p>\n<p>W\u015br\u00f3d nowo\u015bci znalaz\u0142y si\u0119 m.in. ksi\u0105\u017cki z fina\u0142owej dwudziestki tegorocznej Nagrody Literackiej \u201eNike\u201d, w tym:<\/p>\n<ul class=\"[&amp;&amp;]:list-outside [&amp;&amp;]:list-disc [&amp;&amp;]:ps-5\">\n<li class=\"[&amp;&amp;]:my-0 [&amp;&amp;]:ps-1\">Kasper Bajon, \u201ePozna\u0144 kolonialny. Rodzinna historia z Tanzani\u0105 w tle\u201d (Czarne)<\/li>\n<li class=\"[&amp;&amp;]:my-0 [&amp;&amp;]:ps-1\">Anna Bikont, \u201eNie koniec, nie pocz\u0105tek. Powojenne wybory polskich \u017byd\u00f3w\u201d (Czarne)<\/li>\n<li class=\"[&amp;&amp;]:my-0 [&amp;&amp;]:ps-1\">Dorota Grabek, \u201eZmartwychwstanki\u201d (Czarne)<\/li>\n<li class=\"[&amp;&amp;]:my-0 [&amp;&amp;]:ps-1\">Marta Grzywacz, \u201eRado\u015b\u0107 Soboty. Archiwum \u017cycia i \u015bmierci\u201d (Czarne)<\/li>\n<li class=\"[&amp;&amp;]:my-0 [&amp;&amp;]:ps-1\">Zyta Rudzka, \u201eTylko durnie \u017cyj\u0105 do ko\u0144ca\u201d (W.A.B.)<\/li>\n<li class=\"[&amp;&amp;]:my-0 [&amp;&amp;]:ps-1\">Pawe\u0142 Rzewuski, \u201eKrzywda\u201d (ArtRage)<\/li>\n<li class=\"[&amp;&amp;]:my-0 [&amp;&amp;]:ps-1\">Weronika Murek, \u201eUrodziny\u201d (Czarne)<\/li>\n<li class=\"[&amp;&amp;]:my-0 [&amp;&amp;]:ps-1\">Maciej Siembieda, \u201eGo\u0142oborze\u201d (Znak Literanova)<\/li>\n<li class=\"[&amp;&amp;]:my-0 [&amp;&amp;]:ps-1\">Szczepan Twardoch, \u201eNull\u201d (Marginesy)<\/li>\n<\/ul>\n<p>A to dopiero pocz\u0105tek! Na bibliotecznych p\u00f3\u0142kach pojawi\u0142y si\u0119 r\u00f3wnie\u017c nowo\u015bci literatury dzieci\u0119cej, powie\u015bci obyczajowe, krymina\u0142y oraz wiele innych ksi\u0105\u017cek. Wakacje si\u0119 ko\u0144cz\u0105, ale dobre historie dopiero si\u0119 zaczynaj\u0105!<\/p>\n<p>Nie b\u0119dzie wyk\u0142adu ani obowi\u0105zkowej lektury \u2013 b\u0119dzie za to du\u017co ksi\u0105\u017cek, rozm\u00f3w i inspiracji. Mo\u017cna przyj\u015b\u0107 z konkretnym tytu\u0142em na oku, mo\u017cna zda\u0107 si\u0119 na nasze rekomendacje, a mo\u017cna po prostu zajrze\u0107 i zobaczy\u0107, co nowego pojawi\u0142o si\u0119 w bibliotece.<\/p>\n<p><strong>A poniewa\u017c spotykamy si\u0119 w okresie \u015bwi\u0105tecznym, przy tej okazji wzniesiemy toast za \u017cydowski Nowy Rok \u2013 za dobry pocz\u0105tek, ciekawe historie i kolejny rok pe\u0142en spotka\u0144!<\/strong><\/p>\n<p>&nbsp;<\/p>\n<p><span style=\"color: #ff0000\"><strong>18 wrze\u015bnia (pi\u0105tek)<\/strong><\/span><\/p>\n<p><span style=\"color: #ff0000\"><strong>godz. 11:00<\/strong><\/span><\/p>\n<p><strong>Biblioteka Instytutu Polskiego, Beit Psagot, Al. Rothschild 3, 22. pi\u0119tro, Tel Awiw<\/strong><\/p>\n<p>&nbsp;<\/p>\n<p>Spotkanie odb\u0119dzie si\u0119 w j\u0119zyku polskim.<\/p>\n<p><strong>Wst\u0119p wolny \u2013 <a href=\"https:\/\/forms.cloud.microsoft\/pages\/responsepage.aspx?id=f7_JHaFvXEGgHObBCD6JBq_4dqi86yJPiSyid-tQvNNUN1pXNVNLSEJIMEVGNlVOT0lLVUJQSDE4US4u&amp;origin=lprLink&amp;route=shorturl\">zapisy online<\/a><\/strong><\/p>\n","protected":false},"excerpt":{"rendered":"<p>Kolejne \u201ePolskie spotkanie\u201d b\u0119dzie okazj\u0105, \u017ceby zajrze\u0107 do biblioteki po wakacjach, pozna\u0107 nasze najnowsze ksi\u0105\u017ckowe zdobycze, porozmawia\u0107 o tym, co warto przeczyta\u0107, wymieni\u0107 si\u0119 czytelniczymi polecajkami i po prostu spotka\u0107 si\u0119 przy ksi\u0105\u017ckach. W\u015br\u00f3d nowo\u015bci znalaz\u0142y si\u0119 m.in. ksi\u0105\u017cki z fina\u0142owej dwudziestki tegorocznej Nagrody Literackiej \u201eNike\u201d, w tym: Kasper Bajon, \u201ePozna\u0144 kolonialny. Rodzinna historia z [&hellip;]<\/p>\n","protected":false},"author":206,"featured_media":6649,"comment_status":"open","ping_status":"open","sticky":false,"template":"","format":"standard","meta":{"inline_featured_image":false,"_monsterinsights_skip_tracking":false,"_monsterinsights_sitenote_active":false,"_monsterinsights_sitenote_note":"","_monsterinsights_sitenote_category":0,"footnotes":""},"categories":[344],"tags":[],"class_list":["post-8371","post","type-post","status-publish","format-standard","has-post-thumbnail","hentry","category-literatura"],"yoast_head":"<!-- This site is optimized with the Yoast SEO plugin v24.6 - https:\/\/yoast.com\/wordpress\/plugins\/seo\/ -->\n<title>Polskie spotkania #6 - Instytut Polski w Tel Avivie<\/title>\n<meta name=\"robots\" content=\"index, follow, max-snippet:-1, max-image-preview:large, max-video-preview:-1\" \/>\n<link rel=\"canonical\" href=\"https:\/\/instytutpolski.pl\/telaviv\/pl\/2026\/09\/01\/polskie-spotkania-6\/\" \/>\n<meta property=\"og:locale\" content=\"en_GB\" \/>\n<meta property=\"og:type\" content=\"article\" \/>\n<meta property=\"og:title\" content=\"Polskie spotkania #6 - Instytut Polski w Tel Avivie\" \/>\n<meta property=\"og:description\" content=\"Kolejne \u201ePolskie spotkanie\u201d b\u0119dzie okazj\u0105, \u017ceby zajrze\u0107 do biblioteki po wakacjach, pozna\u0107 nasze najnowsze ksi\u0105\u017ckowe zdobycze, porozmawia\u0107 o tym, co warto przeczyta\u0107, wymieni\u0107 si\u0119 czytelniczymi polecajkami i po prostu spotka\u0107 si\u0119 przy ksi\u0105\u017ckach. W\u015br\u00f3d nowo\u015bci znalaz\u0142y si\u0119 m.in. ksi\u0105\u017cki z fina\u0142owej dwudziestki tegorocznej Nagrody Literackiej \u201eNike\u201d, w tym: Kasper Bajon, \u201ePozna\u0144 kolonialny. Rodzinna historia z [&hellip;]\" \/>\n<meta property=\"og:url\" content=\"https:\/\/instytutpolski.pl\/telaviv\/pl\/2026\/09\/01\/polskie-spotkania-6\/\" \/>\n<meta property=\"og:site_name\" content=\"Instytut Polski w Tel Avivie\" \/>\n<meta property=\"article:published_time\" content=\"2026-09-01T07:18:36+00:00\" \/>\n<meta property=\"article:modified_time\" content=\"2026-09-01T07:32:04+00:00\" \/>\n<meta property=\"og:image\" content=\"https:\/\/instytutpolski.pl\/telaviv\/wp-content\/uploads\/sites\/20\/2025\/05\/pexels-pixabay-159866-3-scaled.jpg\" \/>\n\t<meta property=\"og:image:width\" content=\"2560\" \/>\n\t<meta property=\"og:image:height\" content=\"1717\" \/>\n\t<meta property=\"og:image:type\" content=\"image\/jpeg\" \/>\n<meta name=\"author\" content=\"krizevskia\" \/>\n<meta name=\"twitter:card\" content=\"summary_large_image\" \/>\n<meta name=\"twitter:label1\" content=\"Written by\" \/>\n\t<meta name=\"twitter:data1\" content=\"krizevskia\" \/>\n\t<meta name=\"twitter:label2\" content=\"Estimated reading time\" \/>\n\t<meta name=\"twitter:data2\" content=\"2 minutes\" \/>\n<script type=\"application\/ld+json\" class=\"yoast-schema-graph\">{\"@context\":\"https:\/\/schema.org\",\"@graph\":[{\"@type\":\"event\",\"@id\":\"https:\/\/instytutpolski.pl\/telaviv\/pl\/2026\/09\/01\/polskie-spotkania-6\/\",\"url\":\"https:\/\/instytutpolski.pl\/telaviv\/pl\/2026\/09\/01\/polskie-spotkania-6\/\",\"name\":\"Polskie spotkania #6\",\"isPartOf\":{\"@id\":\"https:\/\/instytutpolski.pl\/telaviv\/#website\"},\"primaryImageOfPage\":{\"@id\":\"https:\/\/instytutpolski.pl\/telaviv\/pl\/2026\/09\/01\/polskie-spotkania-6\/#primaryimage\"},\"image\":[\"https:\/\/instytutpolski.pl\/telaviv\/wp-content\/uploads\/sites\/20\/2025\/05\/pexels-pixabay-159866-3-scaled.jpg\",\"https:\/\/instytutpolski.pl\/telaviv\/wp-content\/uploads\/sites\/20\/2025\/05\/pexels-pixabay-159866-3-300x201.jpg\",\"https:\/\/instytutpolski.pl\/telaviv\/wp-content\/uploads\/sites\/20\/2025\/05\/pexels-pixabay-159866-3-1024x687.jpg\",\"https:\/\/instytutpolski.pl\/telaviv\/wp-content\/uploads\/sites\/20\/2025\/05\/pexels-pixabay-159866-3-scaled.jpg\"],\"thumbnailUrl\":\"https:\/\/instytutpolski.pl\/telaviv\/wp-content\/uploads\/sites\/20\/2025\/05\/pexels-pixabay-159866-3-scaled.jpg\",\"datePublished\":\"2026-09-01T07:18:36+02:00\",\"dateModified\":\"2026-09-01T07:32:04+02:00\",\"author\":{\"@id\":\"https:\/\/instytutpolski.pl\/telaviv\/#\/schema\/person\/d79284795161befe1ce8f409ff42adba\"},\"breadcrumb\":{\"@id\":\"https:\/\/instytutpolski.pl\/telaviv\/pl\/2026\/09\/01\/polskie-spotkania-6\/#breadcrumb\"},\"inLanguage\":\"en-GB\",\"potentialAction\":[{\"@type\":\"ReadAction\",\"target\":[\"https:\/\/instytutpolski.pl\/telaviv\/pl\/2026\/09\/01\/polskie-spotkania-6\/\"]}],\"@context\":\"https:\/\/schema.org\",\"startDate\":\"2026-09-18T11:00:00+02:00\",\"endDate\":\"2026-09-18T01:00:00+02:00\",\"eventStatus\":\"EventScheduled\",\"eventAttendanceMode\":\"OfflineEventAttendanceMode\",\"location\":{\"@type\":\"place\",\"name\":\"\",\"address\":\"\",\"geo\":{\"@type\":\"GeoCoordinates\",\"latitude\":\"\",\"longitude\":\"\"}},\"description\":\"Kolejne \u201ePolskie spotkanie\u201d b\u0119dzie okazj\u0105, \u017ceby zajrze\u0107 do biblioteki po wakacjach, pozna\u0107 nasze najnowsze ksi\u0105\u017ckowe zdobycze, porozmawia\u0107 o tym, co warto przeczyta\u0107, wymieni\u0107 si\u0119 czytelniczymi polecajkami i po prostu spotka\u0107 si\u0119 przy ksi\u0105\u017ckach.\\r\\nW\u015br\u00f3d nowo\u015bci znalaz\u0142y si\u0119 m.in. ksi\u0105\u017cki z fina\u0142owej dwudziestki tegorocznej Nagrody Literackiej \u201eNike\u201d, w tym:\\r\\n\\r\\n\\tKasper Bajon, \u201ePozna\u0144 kolonialny. Rodzinna historia z Tanzani\u0105 w tle\u201d (Czarne)\\r\\n\\tAnna Bikont, \u201eNie koniec, nie pocz\u0105tek. Powojenne wybory polskich \u017byd\u00f3w\u201d (Czarne)\\r\\n\\tDorota Grabek, \u201eZmartwychwstanki\u201d (Czarne)\\r\\n\\tMarta Grzywacz, \u201eRado\u015b\u0107 Soboty. Archiwum \u017cycia i \u015bmierci\u201d (Czarne)\\r\\n\\tZyta Rudzka, \u201eTylko durnie \u017cyj\u0105 do ko\u0144ca\u201d (W.A.B.)\\r\\n\\tPawe\u0142 Rzewuski, \u201eKrzywda\u201d (ArtRage)\\r\\n\\tWeronika Murek, \u201eUrodziny\u201d (Czarne)\\r\\n\\tMaciej Siembieda, \u201eGo\u0142oborze\u201d (Znak Literanova)\\r\\n\\tSzczepan Twardoch, \u201eNull\u201d (Marginesy)\\r\\n\\r\\nA to dopiero pocz\u0105tek! Na bibliotecznych p\u00f3\u0142kach pojawi\u0142y si\u0119 r\u00f3wnie\u017c nowo\u015bci literatury dzieci\u0119cej, powie\u015bci obyczajowe, krymina\u0142y oraz wiele innych ksi\u0105\u017cek. Wakacje si\u0119 ko\u0144cz\u0105, ale dobre historie dopiero si\u0119 zaczynaj\u0105!\\r\\nNie b\u0119dzie wyk\u0142adu ani obowi\u0105zkowej lektury \u2013 b\u0119dzie za to du\u017co ksi\u0105\u017cek, rozm\u00f3w i inspiracji. Mo\u017cna przyj\u015b\u0107 z konkretnym tytu\u0142em na oku, mo\u017cna zda\u0107 si\u0119 na nasze rekomendacje, a mo\u017cna po prostu zajrze\u0107 i zobaczy\u0107, co nowego pojawi\u0142o si\u0119 w bibliotece.\\r\\nA poniewa\u017c spotykamy si\u0119 w okresie \u015bwi\u0105tecznym, przy tej okazji wzniesiemy toast za \u017cydowski Nowy Rok \u2013 za dobry pocz\u0105tek, ciekawe historie i kolejny rok pe\u0142en spotka\u0144!\\r\\n \\r\\n18 wrze\u015bnia (pi\u0105tek)\\r\\ngodz. 11:00\\r\\nBiblioteka Instytutu Polskiego, Beit Psagot, Al. Rothschild 3, 22. pi\u0119tro, Tel Awiw\\r\\n \\r\\nSpotkanie odb\u0119dzie si\u0119 w j\u0119zyku polskim.\\r\\nWst\u0119p wolny \u2013 zapisy online\"},{\"@type\":\"ImageObject\",\"inLanguage\":\"en-GB\",\"@id\":\"https:\/\/instytutpolski.pl\/telaviv\/pl\/2026\/09\/01\/polskie-spotkania-6\/#primaryimage\",\"url\":\"https:\/\/instytutpolski.pl\/telaviv\/wp-content\/uploads\/sites\/20\/2025\/05\/pexels-pixabay-159866-3-scaled.jpg\",\"contentUrl\":\"https:\/\/instytutpolski.pl\/telaviv\/wp-content\/uploads\/sites\/20\/2025\/05\/pexels-pixabay-159866-3-scaled.jpg\",\"width\":2560,\"height\":1717},{\"@type\":\"BreadcrumbList\",\"@id\":\"https:\/\/instytutpolski.pl\/telaviv\/pl\/2026\/09\/01\/polskie-spotkania-6\/#breadcrumb\",\"itemListElement\":[{\"@type\":\"ListItem\",\"position\":1,\"name\":\"Home\",\"item\":\"https:\/\/instytutpolski.pl\/telaviv\/en\/\"},{\"@type\":\"ListItem\",\"position\":2,\"name\":\"Polskie spotkania #6\"}]},{\"@type\":\"WebSite\",\"@id\":\"https:\/\/instytutpolski.pl\/telaviv\/#website\",\"url\":\"https:\/\/instytutpolski.pl\/telaviv\/\",\"name\":\"Instytut Polski w Tel Avivie\",\"description\":\"Instytuty Polskie\",\"potentialAction\":[{\"@type\":\"SearchAction\",\"target\":{\"@type\":\"EntryPoint\",\"urlTemplate\":\"https:\/\/instytutpolski.pl\/telaviv\/?s={search_term_string}\"},\"query-input\":{\"@type\":\"PropertyValueSpecification\",\"valueRequired\":true,\"valueName\":\"search_term_string\"}}],\"inLanguage\":\"en-GB\"},{\"@type\":\"Person\",\"@id\":\"https:\/\/instytutpolski.pl\/telaviv\/#\/schema\/person\/d79284795161befe1ce8f409ff42adba\",\"name\":\"krizevskia\",\"image\":{\"@type\":\"ImageObject\",\"inLanguage\":\"en-GB\",\"@id\":\"https:\/\/instytutpolski.pl\/telaviv\/#\/schema\/person\/image\/\",\"url\":\"https:\/\/secure.gravatar.com\/avatar\/5f3ab76377e8232062aa9596f362ee33?s=96&d=mm&r=g\",\"contentUrl\":\"https:\/\/secure.gravatar.com\/avatar\/5f3ab76377e8232062aa9596f362ee33?s=96&d=mm&r=g\",\"caption\":\"krizevskia\"},\"url\":\"https:\/\/instytutpolski.pl\/telaviv\/author\/krizevskia\/\"}]}<\/script>\n<!-- \/ Yoast SEO plugin. -->","yoast_head_json":{"title":"Polskie spotkania #6 - Instytut Polski w Tel Avivie","robots":{"index":"index","follow":"follow","max-snippet":"max-snippet:-1","max-image-preview":"max-image-preview:large","max-video-preview":"max-video-preview:-1"},"canonical":"https:\/\/instytutpolski.pl\/telaviv\/pl\/2026\/09\/01\/polskie-spotkania-6\/","og_locale":"en_GB","og_type":"article","og_title":"Polskie spotkania #6 - Instytut Polski w Tel Avivie","og_description":"Kolejne \u201ePolskie spotkanie\u201d b\u0119dzie okazj\u0105, \u017ceby zajrze\u0107 do biblioteki po wakacjach, pozna\u0107 nasze najnowsze ksi\u0105\u017ckowe zdobycze, porozmawia\u0107 o tym, co warto przeczyta\u0107, wymieni\u0107 si\u0119 czytelniczymi polecajkami i po prostu spotka\u0107 si\u0119 przy ksi\u0105\u017ckach. W\u015br\u00f3d nowo\u015bci znalaz\u0142y si\u0119 m.in. ksi\u0105\u017cki z fina\u0142owej dwudziestki tegorocznej Nagrody Literackiej \u201eNike\u201d, w tym: Kasper Bajon, \u201ePozna\u0144 kolonialny. Rodzinna historia z [&hellip;]","og_url":"https:\/\/instytutpolski.pl\/telaviv\/pl\/2026\/09\/01\/polskie-spotkania-6\/","og_site_name":"Instytut Polski w Tel Avivie","article_published_time":"2026-09-01T07:18:36+00:00","article_modified_time":"2026-09-01T07:32:04+00:00","og_image":[{"width":2560,"height":1717,"url":"https:\/\/instytutpolski.pl\/telaviv\/wp-content\/uploads\/sites\/20\/2025\/05\/pexels-pixabay-159866-3-scaled.jpg","type":"image\/jpeg"}],"author":"krizevskia","twitter_card":"summary_large_image","twitter_misc":{"Written by":"krizevskia","Estimated reading time":"2 minutes"},"schema":{"@context":"https:\/\/schema.org","@graph":[{"@type":"event","@id":"https:\/\/instytutpolski.pl\/telaviv\/pl\/2026\/09\/01\/polskie-spotkania-6\/","url":"https:\/\/instytutpolski.pl\/telaviv\/pl\/2026\/09\/01\/polskie-spotkania-6\/","name":"Polskie spotkania #6","isPartOf":{"@id":"https:\/\/instytutpolski.pl\/telaviv\/#website"},"primaryImageOfPage":{"@id":"https:\/\/instytutpolski.pl\/telaviv\/pl\/2026\/09\/01\/polskie-spotkania-6\/#primaryimage"},"image":["https:\/\/instytutpolski.pl\/telaviv\/wp-content\/uploads\/sites\/20\/2025\/05\/pexels-pixabay-159866-3-scaled.jpg","https:\/\/instytutpolski.pl\/telaviv\/wp-content\/uploads\/sites\/20\/2025\/05\/pexels-pixabay-159866-3-300x201.jpg","https:\/\/instytutpolski.pl\/telaviv\/wp-content\/uploads\/sites\/20\/2025\/05\/pexels-pixabay-159866-3-1024x687.jpg","https:\/\/instytutpolski.pl\/telaviv\/wp-content\/uploads\/sites\/20\/2025\/05\/pexels-pixabay-159866-3-scaled.jpg"],"thumbnailUrl":"https:\/\/instytutpolski.pl\/telaviv\/wp-content\/uploads\/sites\/20\/2025\/05\/pexels-pixabay-159866-3-scaled.jpg","datePublished":"2026-09-01T07:18:36+02:00","dateModified":"2026-09-01T07:32:04+02:00","author":{"@id":"https:\/\/instytutpolski.pl\/telaviv\/#\/schema\/person\/d79284795161befe1ce8f409ff42adba"},"breadcrumb":{"@id":"https:\/\/instytutpolski.pl\/telaviv\/pl\/2026\/09\/01\/polskie-spotkania-6\/#breadcrumb"},"inLanguage":"en-GB","potentialAction":[{"@type":"ReadAction","target":["https:\/\/instytutpolski.pl\/telaviv\/pl\/2026\/09\/01\/polskie-spotkania-6\/"]}],"@context":"https:\/\/schema.org","startDate":"2026-09-18T11:00:00+02:00","endDate":"2026-09-18T01:00:00+02:00","eventStatus":"EventScheduled","eventAttendanceMode":"OfflineEventAttendanceMode","location":{"@type":"place","name":"","address":"","geo":{"@type":"GeoCoordinates","latitude":"","longitude":""}},"description":"Kolejne \u201ePolskie spotkanie\u201d b\u0119dzie okazj\u0105, \u017ceby zajrze\u0107 do biblioteki po wakacjach, pozna\u0107 nasze najnowsze ksi\u0105\u017ckowe zdobycze, porozmawia\u0107 o tym, co warto przeczyta\u0107, wymieni\u0107 si\u0119 czytelniczymi polecajkami i po prostu spotka\u0107 si\u0119 przy ksi\u0105\u017ckach.\r\nW\u015br\u00f3d nowo\u015bci znalaz\u0142y si\u0119 m.in. ksi\u0105\u017cki z fina\u0142owej dwudziestki tegorocznej Nagrody Literackiej \u201eNike\u201d, w tym:\r\n\r\n\tKasper Bajon, \u201ePozna\u0144 kolonialny. Rodzinna historia z Tanzani\u0105 w tle\u201d (Czarne)\r\n\tAnna Bikont, \u201eNie koniec, nie pocz\u0105tek. Powojenne wybory polskich \u017byd\u00f3w\u201d (Czarne)\r\n\tDorota Grabek, \u201eZmartwychwstanki\u201d (Czarne)\r\n\tMarta Grzywacz, \u201eRado\u015b\u0107 Soboty. Archiwum \u017cycia i \u015bmierci\u201d (Czarne)\r\n\tZyta Rudzka, \u201eTylko durnie \u017cyj\u0105 do ko\u0144ca\u201d (W.A.B.)\r\n\tPawe\u0142 Rzewuski, \u201eKrzywda\u201d (ArtRage)\r\n\tWeronika Murek, \u201eUrodziny\u201d (Czarne)\r\n\tMaciej Siembieda, \u201eGo\u0142oborze\u201d (Znak Literanova)\r\n\tSzczepan Twardoch, \u201eNull\u201d (Marginesy)\r\n\r\nA to dopiero pocz\u0105tek! Na bibliotecznych p\u00f3\u0142kach pojawi\u0142y si\u0119 r\u00f3wnie\u017c nowo\u015bci literatury dzieci\u0119cej, powie\u015bci obyczajowe, krymina\u0142y oraz wiele innych ksi\u0105\u017cek. Wakacje si\u0119 ko\u0144cz\u0105, ale dobre historie dopiero si\u0119 zaczynaj\u0105!\r\nNie b\u0119dzie wyk\u0142adu ani obowi\u0105zkowej lektury \u2013 b\u0119dzie za to du\u017co ksi\u0105\u017cek, rozm\u00f3w i inspiracji. Mo\u017cna przyj\u015b\u0107 z konkretnym tytu\u0142em na oku, mo\u017cna zda\u0107 si\u0119 na nasze rekomendacje, a mo\u017cna po prostu zajrze\u0107 i zobaczy\u0107, co nowego pojawi\u0142o si\u0119 w bibliotece.\r\nA poniewa\u017c spotykamy si\u0119 w okresie \u015bwi\u0105tecznym, przy tej okazji wzniesiemy toast za \u017cydowski Nowy Rok \u2013 za dobry pocz\u0105tek, ciekawe historie i kolejny rok pe\u0142en spotka\u0144!\r\n \r\n18 wrze\u015bnia (pi\u0105tek)\r\ngodz. 11:00\r\nBiblioteka Instytutu Polskiego, Beit Psagot, Al. Rothschild 3, 22. pi\u0119tro, Tel Awiw\r\n \r\nSpotkanie odb\u0119dzie si\u0119 w j\u0119zyku polskim.\r\nWst\u0119p wolny \u2013 zapisy online"},{"@type":"ImageObject","inLanguage":"en-GB","@id":"https:\/\/instytutpolski.pl\/telaviv\/pl\/2026\/09\/01\/polskie-spotkania-6\/#primaryimage","url":"https:\/\/instytutpolski.pl\/telaviv\/wp-content\/uploads\/sites\/20\/2025\/05\/pexels-pixabay-159866-3-scaled.jpg","contentUrl":"https:\/\/instytutpolski.pl\/telaviv\/wp-content\/uploads\/sites\/20\/2025\/05\/pexels-pixabay-159866-3-scaled.jpg","width":2560,"height":1717},{"@type":"BreadcrumbList","@id":"https:\/\/instytutpolski.pl\/telaviv\/pl\/2026\/09\/01\/polskie-spotkania-6\/#breadcrumb","itemListElement":[{"@type":"ListItem","position":1,"name":"Home","item":"https:\/\/instytutpolski.pl\/telaviv\/en\/"},{"@type":"ListItem","position":2,"name":"Polskie spotkania #6"}]},{"@type":"WebSite","@id":"https:\/\/instytutpolski.pl\/telaviv\/#website","url":"https:\/\/instytutpolski.pl\/telaviv\/","name":"Instytut Polski w Tel Avivie","description":"Instytuty Polskie","potentialAction":[{"@type":"SearchAction","target":{"@type":"EntryPoint","urlTemplate":"https:\/\/instytutpolski.pl\/telaviv\/?s={search_term_string}"},"query-input":{"@type":"PropertyValueSpecification","valueRequired":true,"valueName":"search_term_string"}}],"inLanguage":"en-GB"},{"@type":"Person","@id":"https:\/\/instytutpolski.pl\/telaviv\/#\/schema\/person\/d79284795161befe1ce8f409ff42adba","name":"krizevskia","image":{"@type":"ImageObject","inLanguage":"en-GB","@id":"https:\/\/instytutpolski.pl\/telaviv\/#\/schema\/person\/image\/","url":"https:\/\/secure.gravatar.com\/avatar\/5f3ab76377e8232062aa9596f362ee33?s=96&d=mm&r=g","contentUrl":"https:\/\/secure.gravatar.com\/avatar\/5f3ab76377e8232062aa9596f362ee33?s=96&d=mm&r=g","caption":"krizevskia"},"url":"https:\/\/instytutpolski.pl\/telaviv\/author\/krizevskia\/"}]}},"_links":{"self":[{"href":"https:\/\/instytutpolski.pl\/telaviv\/wp-json\/wp\/v2\/posts\/8371","targetHints":{"allow":["GET"]}}],"collection":[{"href":"https:\/\/instytutpolski.pl\/telaviv\/wp-json\/wp\/v2\/posts"}],"about":[{"href":"https:\/\/instytutpolski.pl\/telaviv\/wp-json\/wp\/v2\/types\/post"}],"author":[{"embeddable":true,"href":"https:\/\/instytutpolski.pl\/telaviv\/wp-json\/wp\/v2\/users\/206"}],"replies":[{"embeddable":true,"href":"https:\/\/instytutpolski.pl\/telaviv\/wp-json\/wp\/v2\/comments?post=8371"}],"version-history":[{"count":3,"href":"https:\/\/instytutpolski.pl\/telaviv\/wp-json\/wp\/v2\/posts\/8371\/revisions"}],"predecessor-version":[{"id":8374,"href":"https:\/\/instytutpolski.pl\/telaviv\/wp-json\/wp\/v2\/posts\/8371\/revisions\/8374"}],"wp:featuredmedia":[{"embeddable":true,"href":"https:\/\/instytutpolski.pl\/telaviv\/wp-json\/wp\/v2\/media\/6649"}],"wp:attachment":[{"href":"https:\/\/instytutpolski.pl\/telaviv\/wp-json\/wp\/v2\/media?parent=8371"}],"wp:term":[{"taxonomy":"category","embeddable":true,"href":"https:\/\/instytutpolski.pl\/telaviv\/wp-json\/wp\/v2\/categories?post=8371"},{"taxonomy":"post_tag","embeddable":true,"href":"https:\/\/instytutpolski.pl\/telaviv\/wp-json\/wp\/v2\/tags?post=8371"}],"curies":[{"name":"wp","href":"https:\/\/api.w.org\/{rel}","templated":true}]}}