{"id":13823,"date":"2026-04-28T06:54:38","date_gmt":"2026-04-28T04:54:38","guid":{"rendered":"https:\/\/instytutpolski.pl\/tokyo\/?p=13823"},"modified":"2026-04-30T03:58:26","modified_gmt":"2026-04-30T01:58:26","slug":"eu-film-days-2026-w-tokio","status":"publish","type":"post","link":"https:\/\/instytutpolski.pl\/tokyo\/pl\/eu-film-days-2026-w-tokio\/","title":{"rendered":"EU Film Days 2026 w Tokio"},"content":{"rendered":"\n<p>16 \u2013 29 maja 2026 r.<\/p>\n<p>Miejsce: Theatre Image Forum<\/p>\n<p>\u00a0<\/p>\n<p>EU Film Days 2026: Classic Selection<\/p>\n<p>19 \u2013 24 maja 2026 r.<\/p>\n<p>Miejsce: National Film Archive<\/p>\n<p>\u00a0<\/p>\n<p>Przegl\u0105d filmowy EU Film Days, co roku wsp\u00f3\u0142organizowany przez Instytut Polski w Tokio, odb\u0119dzie si\u0119 w tym roku w dniach 16 \u2013 29 maja w Theatre Image Forum. Podczas przegl\u0105du zostanie zaprezentowany film \u201eChopin, Chopin!\u201d w re\u017c. Micha\u0142a Kwieci\u0144skiego z Erykiem Kulmem w roli g\u0142\u00f3wnej (2025, j\u0119zyk francuski, polski i hiszpa\u0144ski, z napisami japo\u0144skimi i angielskimi) w dniach 25 maja (godz. 12:00) i 27 maja (godz. 18:45).<\/p>\n<p>W bloku Classic Selection (19 \u2013 24 maja National Film Archive) pokazany zostanie film \u201eZiemia obiecana\u201d (1974) w re\u017c. Andrzeja Wajdy w dniach 20 i 24 maja o godz. 15:00.<\/p>\n<p>Po zako\u0144czeniu edycji tokijskiej wsp\u00f3\u0142czesne filmy EU film Days zostan\u0105 zaprezentowane w Nagoi, Hiroszimie, Kioto i Fukuoce. Wkr\u00f3tce znany b\u0119dzie harmonogram projekcji!<\/p>\n<p>Szczeg\u00f3\u0142y: <a href=\"https:\/\/eufilmdays.jp\/year2026\/\">https:\/\/eufilmdays.jp\/year2026\/<\/a><\/p>\n<p>Organizatorzy: Delegatura Unii Europejskiej w Japonii, Ambasady i Instytuty Kultury kraj\u00f3w Unii Europejskiej, w tym Instytut Polski w Tokio.<\/p>\n<p>Wsp\u00f3\u0142organizatorzy: Image Forum i National Film Archive.<\/p>\n\n\n\n<figure class=\"wp-block-gallery has-nested-images columns-2 is-cropped wp-block-gallery-1 is-layout-flex wp-block-gallery-is-layout-flex\">\n<figure class=\"wp-block-image size-large\"><img loading=\"lazy\" decoding=\"async\" width=\"768\" height=\"1024\" data-id=\"13778\" src=\"https:\/\/instytutpolski.pl\/tokyo\/wp-content\/uploads\/sites\/22\/2026\/04\/EU-Film-Days-2026-768x1024.jpg\" alt=\"\" class=\"wp-image-13778\" srcset=\"https:\/\/instytutpolski.pl\/tokyo\/wp-content\/uploads\/sites\/22\/2026\/04\/EU-Film-Days-2026-768x1024.jpg 768w, https:\/\/instytutpolski.pl\/tokyo\/wp-content\/uploads\/sites\/22\/2026\/04\/EU-Film-Days-2026-225x300.jpg 225w, https:\/\/instytutpolski.pl\/tokyo\/wp-content\/uploads\/sites\/22\/2026\/04\/EU-Film-Days-2026-1152x1536.jpg 1152w, https:\/\/instytutpolski.pl\/tokyo\/wp-content\/uploads\/sites\/22\/2026\/04\/EU-Film-Days-2026.jpg 1440w\" sizes=\"auto, (max-width: 768px) 100vw, 768px\" \/><\/figure>\n\n\n\n<figure class=\"wp-block-image size-large\"><img loading=\"lazy\" decoding=\"async\" width=\"725\" height=\"1024\" data-id=\"13779\" src=\"https:\/\/instytutpolski.pl\/tokyo\/wp-content\/uploads\/sites\/22\/2026\/04\/eufd26_leaflet_0325_page-0002-725x1024.jpg\" alt=\"\" class=\"wp-image-13779\" srcset=\"https:\/\/instytutpolski.pl\/tokyo\/wp-content\/uploads\/sites\/22\/2026\/04\/eufd26_leaflet_0325_page-0002-725x1024.jpg 725w, https:\/\/instytutpolski.pl\/tokyo\/wp-content\/uploads\/sites\/22\/2026\/04\/eufd26_leaflet_0325_page-0002-212x300.jpg 212w, https:\/\/instytutpolski.pl\/tokyo\/wp-content\/uploads\/sites\/22\/2026\/04\/eufd26_leaflet_0325_page-0002-768x1084.jpg 768w, https:\/\/instytutpolski.pl\/tokyo\/wp-content\/uploads\/sites\/22\/2026\/04\/eufd26_leaflet_0325_page-0002.jpg 1075w\" sizes=\"auto, (max-width: 725px) 100vw, 725px\" \/><\/figure>\n\n\n\n<figure class=\"wp-block-image size-large\"><img loading=\"lazy\" decoding=\"async\" width=\"725\" height=\"1024\" data-id=\"13780\" src=\"https:\/\/instytutpolski.pl\/tokyo\/wp-content\/uploads\/sites\/22\/2026\/04\/eufd26_leaflet_0325_page-0003-725x1024.jpg\" alt=\"\" class=\"wp-image-13780\" srcset=\"https:\/\/instytutpolski.pl\/tokyo\/wp-content\/uploads\/sites\/22\/2026\/04\/eufd26_leaflet_0325_page-0003-725x1024.jpg 725w, https:\/\/instytutpolski.pl\/tokyo\/wp-content\/uploads\/sites\/22\/2026\/04\/eufd26_leaflet_0325_page-0003-212x300.jpg 212w, https:\/\/instytutpolski.pl\/tokyo\/wp-content\/uploads\/sites\/22\/2026\/04\/eufd26_leaflet_0325_page-0003-768x1084.jpg 768w, https:\/\/instytutpolski.pl\/tokyo\/wp-content\/uploads\/sites\/22\/2026\/04\/eufd26_leaflet_0325_page-0003.jpg 1075w\" sizes=\"auto, (max-width: 725px) 100vw, 725px\" \/><\/figure>\n\n\n\n<figure class=\"wp-block-image size-large\"><img loading=\"lazy\" decoding=\"async\" width=\"725\" height=\"1024\" data-id=\"13785\" src=\"https:\/\/instytutpolski.pl\/tokyo\/wp-content\/uploads\/sites\/22\/2026\/04\/eufd26_leaflet_0325_page-0004-725x1024.jpg\" alt=\"\" class=\"wp-image-13785\" srcset=\"https:\/\/instytutpolski.pl\/tokyo\/wp-content\/uploads\/sites\/22\/2026\/04\/eufd26_leaflet_0325_page-0004-725x1024.jpg 725w, https:\/\/instytutpolski.pl\/tokyo\/wp-content\/uploads\/sites\/22\/2026\/04\/eufd26_leaflet_0325_page-0004-212x300.jpg 212w, https:\/\/instytutpolski.pl\/tokyo\/wp-content\/uploads\/sites\/22\/2026\/04\/eufd26_leaflet_0325_page-0004-768x1084.jpg 768w, https:\/\/instytutpolski.pl\/tokyo\/wp-content\/uploads\/sites\/22\/2026\/04\/eufd26_leaflet_0325_page-0004.jpg 1075w\" sizes=\"auto, (max-width: 725px) 100vw, 725px\" \/><\/figure>\n<\/figure>\n\n\n\n<figure class=\"wp-block-gallery has-nested-images columns-default is-cropped wp-block-gallery-2 is-layout-flex wp-block-gallery-is-layout-flex\">\n<figure class=\"wp-block-image size-large\"><img loading=\"lazy\" decoding=\"async\" width=\"725\" height=\"1024\" data-id=\"13784\" src=\"https:\/\/instytutpolski.pl\/tokyo\/wp-content\/uploads\/sites\/22\/2026\/04\/eufd26_leaflet_0325_page-0005-725x1024.jpg\" alt=\"\" class=\"wp-image-13784\" srcset=\"https:\/\/instytutpolski.pl\/tokyo\/wp-content\/uploads\/sites\/22\/2026\/04\/eufd26_leaflet_0325_page-0005-725x1024.jpg 725w, https:\/\/instytutpolski.pl\/tokyo\/wp-content\/uploads\/sites\/22\/2026\/04\/eufd26_leaflet_0325_page-0005-212x300.jpg 212w, https:\/\/instytutpolski.pl\/tokyo\/wp-content\/uploads\/sites\/22\/2026\/04\/eufd26_leaflet_0325_page-0005-768x1084.jpg 768w, https:\/\/instytutpolski.pl\/tokyo\/wp-content\/uploads\/sites\/22\/2026\/04\/eufd26_leaflet_0325_page-0005.jpg 1075w\" sizes=\"auto, (max-width: 725px) 100vw, 725px\" \/><\/figure>\n\n\n\n<figure class=\"wp-block-image size-large\"><img loading=\"lazy\" decoding=\"async\" width=\"725\" height=\"1024\" data-id=\"13783\" src=\"https:\/\/instytutpolski.pl\/tokyo\/wp-content\/uploads\/sites\/22\/2026\/04\/eufd26_leaflet_0325_page-0006-725x1024.jpg\" alt=\"\" class=\"wp-image-13783\" srcset=\"https:\/\/instytutpolski.pl\/tokyo\/wp-content\/uploads\/sites\/22\/2026\/04\/eufd26_leaflet_0325_page-0006-725x1024.jpg 725w, https:\/\/instytutpolski.pl\/tokyo\/wp-content\/uploads\/sites\/22\/2026\/04\/eufd26_leaflet_0325_page-0006-212x300.jpg 212w, https:\/\/instytutpolski.pl\/tokyo\/wp-content\/uploads\/sites\/22\/2026\/04\/eufd26_leaflet_0325_page-0006-768x1084.jpg 768w, https:\/\/instytutpolski.pl\/tokyo\/wp-content\/uploads\/sites\/22\/2026\/04\/eufd26_leaflet_0325_page-0006.jpg 1075w\" sizes=\"auto, (max-width: 725px) 100vw, 725px\" \/><\/figure>\n<\/figure>\n\n\n\n<figure class=\"wp-block-gallery has-nested-images columns-default is-cropped wp-block-gallery-3 is-layout-flex wp-block-gallery-is-layout-flex\">\n<figure class=\"wp-block-image size-large\"><img loading=\"lazy\" decoding=\"async\" width=\"725\" height=\"1024\" data-id=\"13781\" src=\"https:\/\/instytutpolski.pl\/tokyo\/wp-content\/uploads\/sites\/22\/2026\/04\/eufd26_leaflet_0325_page-0007-725x1024.jpg\" alt=\"\" class=\"wp-image-13781\" srcset=\"https:\/\/instytutpolski.pl\/tokyo\/wp-content\/uploads\/sites\/22\/2026\/04\/eufd26_leaflet_0325_page-0007-725x1024.jpg 725w, https:\/\/instytutpolski.pl\/tokyo\/wp-content\/uploads\/sites\/22\/2026\/04\/eufd26_leaflet_0325_page-0007-212x300.jpg 212w, https:\/\/instytutpolski.pl\/tokyo\/wp-content\/uploads\/sites\/22\/2026\/04\/eufd26_leaflet_0325_page-0007-768x1084.jpg 768w, https:\/\/instytutpolski.pl\/tokyo\/wp-content\/uploads\/sites\/22\/2026\/04\/eufd26_leaflet_0325_page-0007.jpg 1075w\" sizes=\"auto, (max-width: 725px) 100vw, 725px\" \/><\/figure>\n\n\n\n<figure class=\"wp-block-image size-large\"><img loading=\"lazy\" decoding=\"async\" width=\"725\" height=\"1024\" data-id=\"13782\" src=\"https:\/\/instytutpolski.pl\/tokyo\/wp-content\/uploads\/sites\/22\/2026\/04\/eufd26_leaflet_0325_page-0008-725x1024.jpg\" alt=\"\" class=\"wp-image-13782\" srcset=\"https:\/\/instytutpolski.pl\/tokyo\/wp-content\/uploads\/sites\/22\/2026\/04\/eufd26_leaflet_0325_page-0008-725x1024.jpg 725w, https:\/\/instytutpolski.pl\/tokyo\/wp-content\/uploads\/sites\/22\/2026\/04\/eufd26_leaflet_0325_page-0008-212x300.jpg 212w, https:\/\/instytutpolski.pl\/tokyo\/wp-content\/uploads\/sites\/22\/2026\/04\/eufd26_leaflet_0325_page-0008-768x1084.jpg 768w, https:\/\/instytutpolski.pl\/tokyo\/wp-content\/uploads\/sites\/22\/2026\/04\/eufd26_leaflet_0325_page-0008.jpg 1075w\" sizes=\"auto, (max-width: 725px) 100vw, 725px\" \/><\/figure>\n<\/figure>\n","protected":false},"excerpt":{"rendered":"<p>16 \u2013 29 maja 2026 r. Miejsce: Theatre Image Forum \u00a0 EU Film Days 2026: Classic Selection 19 \u2013 24 maja 2026 r. Miejsce: National Film Archive \u00a0 Przegl\u0105d filmowy EU Film Days, co roku wsp\u00f3\u0142organizowany przez Instytut Polski w Tokio, odb\u0119dzie si\u0119 w tym roku w dniach 16 \u2013 29 maja w Theatre Image [&hellip;]<\/p>\n","protected":false},"author":214,"featured_media":13778,"comment_status":"open","ping_status":"open","sticky":false,"template":"","format":"standard","meta":{"inline_featured_image":false,"_monsterinsights_skip_tracking":false,"_monsterinsights_sitenote_active":false,"_monsterinsights_sitenote_note":"","_monsterinsights_sitenote_category":0,"footnotes":""},"categories":[48,46,34],"tags":[],"class_list":["post-13823","post","type-post","status-publish","format-standard","has-post-thumbnail","hentry","category-aktualnosci","category-film-pl","category-wydarzenia"],"yoast_head":"<!-- This site is optimized with the Yoast SEO plugin v24.6 - https:\/\/yoast.com\/wordpress\/plugins\/seo\/ -->\n<title>EU Film Days 2026 w Tokio - Instytut Polski w Tokio<\/title>\n<meta name=\"description\" content=\"\u3010\u6771\u4eac\u3011EU\u30d5\u30a3\u30eb\u30e0\u30c7\u30fc\u30ba2026\" \/>\n<meta name=\"robots\" content=\"index, follow, max-snippet:-1, max-image-preview:large, max-video-preview:-1\" \/>\n<link rel=\"canonical\" href=\"https:\/\/instytutpolski.pl\/tokyo\/pl\/eu-film-days-2026-w-tokio\/\" \/>\n<meta property=\"og:locale\" content=\"pl_PL\" \/>\n<meta property=\"og:type\" content=\"article\" \/>\n<meta property=\"og:title\" content=\"EU Film Days 2026 w Tokio - Instytut Polski w Tokio\" \/>\n<meta property=\"og:description\" content=\"\u3010\u6771\u4eac\u3011EU\u30d5\u30a3\u30eb\u30e0\u30c7\u30fc\u30ba2026\" \/>\n<meta property=\"og:url\" content=\"https:\/\/instytutpolski.pl\/tokyo\/pl\/eu-film-days-2026-w-tokio\/\" \/>\n<meta property=\"og:site_name\" content=\"Instytut Polski w Tokio\" \/>\n<meta property=\"article:published_time\" content=\"2026-04-28T04:54:38+00:00\" \/>\n<meta property=\"article:modified_time\" content=\"2026-04-30T01:58:26+00:00\" \/>\n<meta property=\"og:image\" content=\"https:\/\/instytutpolski.pl\/tokyo\/wp-content\/uploads\/sites\/22\/2026\/04\/EU-Film-Days-2026.jpg\" \/>\n\t<meta property=\"og:image:width\" content=\"1440\" \/>\n\t<meta property=\"og:image:height\" content=\"1920\" \/>\n\t<meta property=\"og:image:type\" content=\"image\/jpeg\" \/>\n<meta name=\"author\" content=\"waczynskij\" \/>\n<meta name=\"twitter:card\" content=\"summary_large_image\" \/>\n<meta name=\"twitter:label1\" content=\"Napisane przez\" \/>\n\t<meta name=\"twitter:data1\" content=\"waczynskij\" \/>\n\t<meta name=\"twitter:label2\" content=\"Szacowany czas czytania\" \/>\n\t<meta name=\"twitter:data2\" content=\"3 minuty\" \/>\n<script type=\"application\/ld+json\" class=\"yoast-schema-graph\">{\"@context\":\"https:\/\/schema.org\",\"@graph\":[{\"@type\":\"event\",\"@id\":\"https:\/\/instytutpolski.pl\/tokyo\/pl\/eu-film-days-2026-w-tokio\/\",\"url\":\"https:\/\/instytutpolski.pl\/tokyo\/pl\/eu-film-days-2026-w-tokio\/\",\"name\":\"EU Film Days 2026 w Tokio\",\"isPartOf\":{\"@id\":\"https:\/\/instytutpolski.pl\/tokyo\/#website\"},\"primaryImageOfPage\":{\"@id\":\"https:\/\/instytutpolski.pl\/tokyo\/pl\/eu-film-days-2026-w-tokio\/#primaryimage\"},\"image\":[\"https:\/\/instytutpolski.pl\/tokyo\/wp-content\/uploads\/sites\/22\/2026\/04\/EU-Film-Days-2026.jpg\",\"https:\/\/instytutpolski.pl\/tokyo\/wp-content\/uploads\/sites\/22\/2026\/04\/EU-Film-Days-2026-225x300.jpg\",\"https:\/\/instytutpolski.pl\/tokyo\/wp-content\/uploads\/sites\/22\/2026\/04\/EU-Film-Days-2026-768x1024.jpg\",\"https:\/\/instytutpolski.pl\/tokyo\/wp-content\/uploads\/sites\/22\/2026\/04\/EU-Film-Days-2026.jpg\"],\"thumbnailUrl\":\"https:\/\/instytutpolski.pl\/tokyo\/wp-content\/uploads\/sites\/22\/2026\/04\/EU-Film-Days-2026.jpg\",\"datePublished\":\"2026-04-28T04:54:38+02:00\",\"dateModified\":\"2026-04-30T01:58:26+02:00\",\"author\":{\"@id\":\"https:\/\/instytutpolski.pl\/tokyo\/#\/schema\/person\/c355a8da97263c37442a1539607489fd\"},\"description\":\"16 \u2013 29 maja 2026 r.\\nMiejsce: Theatre Image Forum\\n\u00a0\\nEU Film Days 2026: Classic Selection\\n19 \u2013 24 maja 2026 r.\\nMiejsce: National Film Archive\\n\u00a0\\nPrzegl\u0105d filmowy EU Film Days, co roku wsp\u00f3\u0142organizowany przez Instytut Polski w Tokio, odb\u0119dzie si\u0119 w tym roku w dniach 16 \u2013 29 maja w Theatre Image Forum. Podczas przegl\u0105du zostanie zaprezentowany film \u201eChopin, Chopin!\u201d w re\u017c. Micha\u0142a Kwieci\u0144skiego z Erykiem Kulmem w roli g\u0142\u00f3wnej (2025, j\u0119zyk francuski, polski i hiszpa\u0144ski, z napisami japo\u0144skimi i angielskimi) w dniach 25 maja (godz. 12:00) i 27 maja (godz. 18:45).\\nW bloku Classic Selection (19 \u2013 24 maja National Film Archive) pokazany zostanie film \u201eZiemia obiecana\u201d (1974) w re\u017c. Andrzeja Wajdy w dniach 20 i 24 maja o godz. 15:00.\\nPo zako\u0144czeniu edycji tokijskiej wsp\u00f3\u0142czesne filmy EU film Days zostan\u0105 zaprezentowane w Nagoi, Hiroszimie, Kioto i Fukuoce. Wkr\u00f3tce znany b\u0119dzie harmonogram projekcji!\\nSzczeg\u00f3\u0142y: https:\/\/eufilmdays.jp\/year2026\/\\nOrganizatorzy: Delegatura Unii Europejskiej w Japonii, Ambasady i Instytuty Kultury kraj\u00f3w Unii Europejskiej, w tym Instytut Polski w Tokio.\\nWsp\u00f3\u0142organizatorzy: Image Forum i National Film Archive.\",\"breadcrumb\":{\"@id\":\"https:\/\/instytutpolski.pl\/tokyo\/pl\/eu-film-days-2026-w-tokio\/#breadcrumb\"},\"inLanguage\":\"pl-PL\",\"potentialAction\":[{\"@type\":\"ReadAction\",\"target\":[\"https:\/\/instytutpolski.pl\/tokyo\/pl\/eu-film-days-2026-w-tokio\/\"]}],\"@context\":\"https:\/\/schema.org\",\"startDate\":\"2026-05-16\",\"endDate\":\"2026-05-29\",\"eventStatus\":\"EventScheduled\",\"eventAttendanceMode\":\"OfflineEventAttendanceMode\",\"location\":{\"@type\":\"place\",\"name\":\"\",\"address\":\"\",\"geo\":{\"@type\":\"GeoCoordinates\",\"latitude\":\"\",\"longitude\":\"\"}}},{\"@type\":\"ImageObject\",\"inLanguage\":\"pl-PL\",\"@id\":\"https:\/\/instytutpolski.pl\/tokyo\/pl\/eu-film-days-2026-w-tokio\/#primaryimage\",\"url\":\"https:\/\/instytutpolski.pl\/tokyo\/wp-content\/uploads\/sites\/22\/2026\/04\/EU-Film-Days-2026.jpg\",\"contentUrl\":\"https:\/\/instytutpolski.pl\/tokyo\/wp-content\/uploads\/sites\/22\/2026\/04\/EU-Film-Days-2026.jpg\",\"width\":1440,\"height\":1920},{\"@type\":\"BreadcrumbList\",\"@id\":\"https:\/\/instytutpolski.pl\/tokyo\/pl\/eu-film-days-2026-w-tokio\/#breadcrumb\",\"itemListElement\":[{\"@type\":\"ListItem\",\"position\":1,\"name\":\"Home\",\"item\":\"https:\/\/instytutpolski.pl\/tokyo\/\"},{\"@type\":\"ListItem\",\"position\":2,\"name\":\"EU Film Days 2026 w Tokio\"}]},{\"@type\":\"WebSite\",\"@id\":\"https:\/\/instytutpolski.pl\/tokyo\/#website\",\"url\":\"https:\/\/instytutpolski.pl\/tokyo\/\",\"name\":\"Instytut Polski w Tokio\",\"description\":\"Instytuty Polskie\",\"potentialAction\":[{\"@type\":\"SearchAction\",\"target\":{\"@type\":\"EntryPoint\",\"urlTemplate\":\"https:\/\/instytutpolski.pl\/tokyo\/?s={search_term_string}\"},\"query-input\":{\"@type\":\"PropertyValueSpecification\",\"valueRequired\":true,\"valueName\":\"search_term_string\"}}],\"inLanguage\":\"pl-PL\"},{\"@type\":\"Person\",\"@id\":\"https:\/\/instytutpolski.pl\/tokyo\/#\/schema\/person\/c355a8da97263c37442a1539607489fd\",\"name\":\"waczynskij\",\"image\":{\"@type\":\"ImageObject\",\"inLanguage\":\"pl-PL\",\"@id\":\"https:\/\/instytutpolski.pl\/tokyo\/#\/schema\/person\/image\/\",\"url\":\"https:\/\/secure.gravatar.com\/avatar\/941b1aebc0719ac067c1a08d1d1998fa?s=96&d=mm&r=g\",\"contentUrl\":\"https:\/\/secure.gravatar.com\/avatar\/941b1aebc0719ac067c1a08d1d1998fa?s=96&d=mm&r=g\",\"caption\":\"waczynskij\"},\"url\":\"https:\/\/instytutpolski.pl\/tokyo\/author\/waczynskij\/\"}]}<\/script>\n<!-- \/ Yoast SEO plugin. -->","yoast_head_json":{"title":"EU Film Days 2026 w Tokio - Instytut Polski w Tokio","description":"\u3010\u6771\u4eac\u3011EU\u30d5\u30a3\u30eb\u30e0\u30c7\u30fc\u30ba2026","robots":{"index":"index","follow":"follow","max-snippet":"max-snippet:-1","max-image-preview":"max-image-preview:large","max-video-preview":"max-video-preview:-1"},"canonical":"https:\/\/instytutpolski.pl\/tokyo\/pl\/eu-film-days-2026-w-tokio\/","og_locale":"pl_PL","og_type":"article","og_title":"EU Film Days 2026 w Tokio - Instytut Polski w Tokio","og_description":"\u3010\u6771\u4eac\u3011EU\u30d5\u30a3\u30eb\u30e0\u30c7\u30fc\u30ba2026","og_url":"https:\/\/instytutpolski.pl\/tokyo\/pl\/eu-film-days-2026-w-tokio\/","og_site_name":"Instytut Polski w Tokio","article_published_time":"2026-04-28T04:54:38+00:00","article_modified_time":"2026-04-30T01:58:26+00:00","og_image":[{"width":1440,"height":1920,"url":"https:\/\/instytutpolski.pl\/tokyo\/wp-content\/uploads\/sites\/22\/2026\/04\/EU-Film-Days-2026.jpg","type":"image\/jpeg"}],"author":"waczynskij","twitter_card":"summary_large_image","twitter_misc":{"Napisane przez":"waczynskij","Szacowany czas czytania":"3 minuty"},"schema":{"@context":"https:\/\/schema.org","@graph":[{"@type":"event","@id":"https:\/\/instytutpolski.pl\/tokyo\/pl\/eu-film-days-2026-w-tokio\/","url":"https:\/\/instytutpolski.pl\/tokyo\/pl\/eu-film-days-2026-w-tokio\/","name":"EU Film Days 2026 w Tokio","isPartOf":{"@id":"https:\/\/instytutpolski.pl\/tokyo\/#website"},"primaryImageOfPage":{"@id":"https:\/\/instytutpolski.pl\/tokyo\/pl\/eu-film-days-2026-w-tokio\/#primaryimage"},"image":["https:\/\/instytutpolski.pl\/tokyo\/wp-content\/uploads\/sites\/22\/2026\/04\/EU-Film-Days-2026.jpg","https:\/\/instytutpolski.pl\/tokyo\/wp-content\/uploads\/sites\/22\/2026\/04\/EU-Film-Days-2026-225x300.jpg","https:\/\/instytutpolski.pl\/tokyo\/wp-content\/uploads\/sites\/22\/2026\/04\/EU-Film-Days-2026-768x1024.jpg","https:\/\/instytutpolski.pl\/tokyo\/wp-content\/uploads\/sites\/22\/2026\/04\/EU-Film-Days-2026.jpg"],"thumbnailUrl":"https:\/\/instytutpolski.pl\/tokyo\/wp-content\/uploads\/sites\/22\/2026\/04\/EU-Film-Days-2026.jpg","datePublished":"2026-04-28T04:54:38+02:00","dateModified":"2026-04-30T01:58:26+02:00","author":{"@id":"https:\/\/instytutpolski.pl\/tokyo\/#\/schema\/person\/c355a8da97263c37442a1539607489fd"},"description":"16 \u2013 29 maja 2026 r.\nMiejsce: Theatre Image Forum\n\u00a0\nEU Film Days 2026: Classic Selection\n19 \u2013 24 maja 2026 r.\nMiejsce: National Film Archive\n\u00a0\nPrzegl\u0105d filmowy EU Film Days, co roku wsp\u00f3\u0142organizowany przez Instytut Polski w Tokio, odb\u0119dzie si\u0119 w tym roku w dniach 16 \u2013 29 maja w Theatre Image Forum. Podczas przegl\u0105du zostanie zaprezentowany film \u201eChopin, Chopin!\u201d w re\u017c. Micha\u0142a Kwieci\u0144skiego z Erykiem Kulmem w roli g\u0142\u00f3wnej (2025, j\u0119zyk francuski, polski i hiszpa\u0144ski, z napisami japo\u0144skimi i angielskimi) w dniach 25 maja (godz. 12:00) i 27 maja (godz. 18:45).\nW bloku Classic Selection (19 \u2013 24 maja National Film Archive) pokazany zostanie film \u201eZiemia obiecana\u201d (1974) w re\u017c. Andrzeja Wajdy w dniach 20 i 24 maja o godz. 15:00.\nPo zako\u0144czeniu edycji tokijskiej wsp\u00f3\u0142czesne filmy EU film Days zostan\u0105 zaprezentowane w Nagoi, Hiroszimie, Kioto i Fukuoce. Wkr\u00f3tce znany b\u0119dzie harmonogram projekcji!\nSzczeg\u00f3\u0142y: https:\/\/eufilmdays.jp\/year2026\/\nOrganizatorzy: Delegatura Unii Europejskiej w Japonii, Ambasady i Instytuty Kultury kraj\u00f3w Unii Europejskiej, w tym Instytut Polski w Tokio.\nWsp\u00f3\u0142organizatorzy: Image Forum i National Film Archive.","breadcrumb":{"@id":"https:\/\/instytutpolski.pl\/tokyo\/pl\/eu-film-days-2026-w-tokio\/#breadcrumb"},"inLanguage":"pl-PL","potentialAction":[{"@type":"ReadAction","target":["https:\/\/instytutpolski.pl\/tokyo\/pl\/eu-film-days-2026-w-tokio\/"]}],"@context":"https:\/\/schema.org","startDate":"2026-05-16","endDate":"2026-05-29","eventStatus":"EventScheduled","eventAttendanceMode":"OfflineEventAttendanceMode","location":{"@type":"place","name":"","address":"","geo":{"@type":"GeoCoordinates","latitude":"","longitude":""}}},{"@type":"ImageObject","inLanguage":"pl-PL","@id":"https:\/\/instytutpolski.pl\/tokyo\/pl\/eu-film-days-2026-w-tokio\/#primaryimage","url":"https:\/\/instytutpolski.pl\/tokyo\/wp-content\/uploads\/sites\/22\/2026\/04\/EU-Film-Days-2026.jpg","contentUrl":"https:\/\/instytutpolski.pl\/tokyo\/wp-content\/uploads\/sites\/22\/2026\/04\/EU-Film-Days-2026.jpg","width":1440,"height":1920},{"@type":"BreadcrumbList","@id":"https:\/\/instytutpolski.pl\/tokyo\/pl\/eu-film-days-2026-w-tokio\/#breadcrumb","itemListElement":[{"@type":"ListItem","position":1,"name":"Home","item":"https:\/\/instytutpolski.pl\/tokyo\/"},{"@type":"ListItem","position":2,"name":"EU Film Days 2026 w Tokio"}]},{"@type":"WebSite","@id":"https:\/\/instytutpolski.pl\/tokyo\/#website","url":"https:\/\/instytutpolski.pl\/tokyo\/","name":"Instytut Polski w Tokio","description":"Instytuty Polskie","potentialAction":[{"@type":"SearchAction","target":{"@type":"EntryPoint","urlTemplate":"https:\/\/instytutpolski.pl\/tokyo\/?s={search_term_string}"},"query-input":{"@type":"PropertyValueSpecification","valueRequired":true,"valueName":"search_term_string"}}],"inLanguage":"pl-PL"},{"@type":"Person","@id":"https:\/\/instytutpolski.pl\/tokyo\/#\/schema\/person\/c355a8da97263c37442a1539607489fd","name":"waczynskij","image":{"@type":"ImageObject","inLanguage":"pl-PL","@id":"https:\/\/instytutpolski.pl\/tokyo\/#\/schema\/person\/image\/","url":"https:\/\/secure.gravatar.com\/avatar\/941b1aebc0719ac067c1a08d1d1998fa?s=96&d=mm&r=g","contentUrl":"https:\/\/secure.gravatar.com\/avatar\/941b1aebc0719ac067c1a08d1d1998fa?s=96&d=mm&r=g","caption":"waczynskij"},"url":"https:\/\/instytutpolski.pl\/tokyo\/author\/waczynskij\/"}]}},"_links":{"self":[{"href":"https:\/\/instytutpolski.pl\/tokyo\/wp-json\/wp\/v2\/posts\/13823","targetHints":{"allow":["GET"]}}],"collection":[{"href":"https:\/\/instytutpolski.pl\/tokyo\/wp-json\/wp\/v2\/posts"}],"about":[{"href":"https:\/\/instytutpolski.pl\/tokyo\/wp-json\/wp\/v2\/types\/post"}],"author":[{"embeddable":true,"href":"https:\/\/instytutpolski.pl\/tokyo\/wp-json\/wp\/v2\/users\/214"}],"replies":[{"embeddable":true,"href":"https:\/\/instytutpolski.pl\/tokyo\/wp-json\/wp\/v2\/comments?post=13823"}],"version-history":[{"count":2,"href":"https:\/\/instytutpolski.pl\/tokyo\/wp-json\/wp\/v2\/posts\/13823\/revisions"}],"predecessor-version":[{"id":13828,"href":"https:\/\/instytutpolski.pl\/tokyo\/wp-json\/wp\/v2\/posts\/13823\/revisions\/13828"}],"wp:featuredmedia":[{"embeddable":true,"href":"https:\/\/instytutpolski.pl\/tokyo\/wp-json\/wp\/v2\/media\/13778"}],"wp:attachment":[{"href":"https:\/\/instytutpolski.pl\/tokyo\/wp-json\/wp\/v2\/media?parent=13823"}],"wp:term":[{"taxonomy":"category","embeddable":true,"href":"https:\/\/instytutpolski.pl\/tokyo\/wp-json\/wp\/v2\/categories?post=13823"},{"taxonomy":"post_tag","embeddable":true,"href":"https:\/\/instytutpolski.pl\/tokyo\/wp-json\/wp\/v2\/tags?post=13823"}],"curies":[{"name":"wp","href":"https:\/\/api.w.org\/{rel}","templated":true}]}}