{"id":13836,"date":"2026-04-28T09:51:48","date_gmt":"2026-04-28T07:51:48","guid":{"rendered":"https:\/\/instytutpolski.pl\/tokyo\/?p=13836"},"modified":"2026-04-30T05:38:02","modified_gmt":"2026-04-30T03:38:02","slug":"quintet-smyczkowy-volosi-zagra-ponownie-w-japonii","status":"publish","type":"post","link":"https:\/\/instytutpolski.pl\/tokyo\/pl\/quintet-smyczkowy-volosi-zagra-ponownie-w-japonii\/","title":{"rendered":"Quintet smyczkowy VO\u0141OSI zagra ponownie w Japonii!"},"content":{"rendered":"\n<p>Vo\u0142osi to zesp\u00f3\u0142, kt\u00f3ry powsta\u0142 w samym \u015brodku polskich g\u00f3r, w wyniku niespodziewanego spotkania miejscowych muzyk\u00f3w ze wsp\u00f3\u0142czesnymi artystami ze \u015al\u0105ska. W ich r\u00f3\u017cnorodnym stylu zawiera si\u0119 wszystko od zapadaj\u0105cych w pami\u0119\u0107 pi\u0119knych melodii po ekstatyczne szale\u0144stwo. Mo\u017cna tu wyczu\u0107 \u015blady rocka, punka, jazzu, muzyki filmowej, doprawione sekcjami ambientowymi ale fakt, \u017ce to wszystko grane jest na instrumentach smyczkowych czyni ich prawdziwym fenomenem.<\/p>\n<p>VO\u0141OSI zagrali ponad 950 koncert\u00f3w na ca\u0142ym \u015bwiecie, a ju\u017c w maju zagraj\u0105 w Japonii:<\/p>\n<p>&#8211; 16 maja na Festiwalu Polskim w Tokio na placu Roppongi Hills Arena\u00a0<a href=\"https:\/\/instytutpolski.pl\/tokyo\/pl\/festiwal-polski-2026\/\">https:\/\/instytutpolski.pl\/tokyo\/pl\/festiwal-polski-2026\/\u00a0<\/a><\/p>\n<p>&#8211; 18 maja w Teatrze Miejskim w Takasaki (<a href=\"https:\/\/www.takasaki-foundation.or.jp\/theatre\/concert_detail.php?key=2248\">https:\/\/www.takasaki-foundation.or.jp\/theatre\/concert_detail.php?key=2248<\/a> )<\/p>\n<p>&#8211; 21 maja w Teatrze Artystycznym Harenowa (<a href=\"https:\/\/pmanj.wordpress.com\/events\/\">https:\/\/pmanj.wordpress.com\/events\/<\/a> )<\/p>\n<p>&#8211; 22 maja w o\u015brodku Yumetopia Osafune (<a href=\"https:\/\/pmanj.wordpress.com\/events\/\">https:\/\/pmanj.wordpress.com\/events\/<\/a> )<\/p>\n<p>Organizatorzy: Instytut Polski w Tokio, Fundacja Takasaki, Polska Misja Artystyczno-Naukowa w Japonii<\/p>\n<p>Wsparcie: MKiDN, Instytut Adama Mickiewicza Projekt realizowany w ramach Dni Dziedzictwa Polskiego (PHD) 2026.<\/p>\n<p>Fot. Ana Filipa Flores<\/p>\n\n\n\n<figure class=\"wp-block-gallery has-nested-images columns-1 is-cropped wp-block-gallery-1 is-layout-flex wp-block-gallery-is-layout-flex\">\n<figure class=\"wp-block-image size-large\"><img loading=\"lazy\" decoding=\"async\" width=\"1024\" height=\"714\" data-id=\"13811\" src=\"https:\/\/instytutpolski.pl\/tokyo\/wp-content\/uploads\/sites\/22\/2026\/04\/fot-Ana-Filipa-Flores-1024x714.jpg\" alt=\"\" class=\"wp-image-13811\" srcset=\"https:\/\/instytutpolski.pl\/tokyo\/wp-content\/uploads\/sites\/22\/2026\/04\/fot-Ana-Filipa-Flores-1024x714.jpg 1024w, https:\/\/instytutpolski.pl\/tokyo\/wp-content\/uploads\/sites\/22\/2026\/04\/fot-Ana-Filipa-Flores-300x209.jpg 300w, https:\/\/instytutpolski.pl\/tokyo\/wp-content\/uploads\/sites\/22\/2026\/04\/fot-Ana-Filipa-Flores-768x535.jpg 768w, https:\/\/instytutpolski.pl\/tokyo\/wp-content\/uploads\/sites\/22\/2026\/04\/fot-Ana-Filipa-Flores-1536x1070.jpg 1536w, https:\/\/instytutpolski.pl\/tokyo\/wp-content\/uploads\/sites\/22\/2026\/04\/fot-Ana-Filipa-Flores-2048x1427.jpg 2048w\" sizes=\"auto, (max-width: 1024px) 100vw, 1024px\" \/><\/figure>\n\n\n\n<figure class=\"wp-block-image size-large\"><img loading=\"lazy\" decoding=\"async\" width=\"724\" height=\"1024\" data-id=\"13812\" src=\"https:\/\/instytutpolski.pl\/tokyo\/wp-content\/uploads\/sites\/22\/2026\/04\/Takasaki-724x1024.jpg\" alt=\"\" class=\"wp-image-13812\" srcset=\"https:\/\/instytutpolski.pl\/tokyo\/wp-content\/uploads\/sites\/22\/2026\/04\/Takasaki-724x1024.jpg 724w, https:\/\/instytutpolski.pl\/tokyo\/wp-content\/uploads\/sites\/22\/2026\/04\/Takasaki-212x300.jpg 212w, https:\/\/instytutpolski.pl\/tokyo\/wp-content\/uploads\/sites\/22\/2026\/04\/Takasaki-768x1086.jpg 768w, https:\/\/instytutpolski.pl\/tokyo\/wp-content\/uploads\/sites\/22\/2026\/04\/Takasaki-1086x1536.jpg 1086w, https:\/\/instytutpolski.pl\/tokyo\/wp-content\/uploads\/sites\/22\/2026\/04\/Takasaki.jpg 1240w\" sizes=\"auto, (max-width: 724px) 100vw, 724px\" \/><\/figure>\n\n\n\n<figure class=\"wp-block-image size-large\"><img loading=\"lazy\" decoding=\"async\" width=\"724\" height=\"1024\" data-id=\"13813\" src=\"https:\/\/instytutpolski.pl\/tokyo\/wp-content\/uploads\/sites\/22\/2026\/04\/Harenova-Avers-724x1024.png\" alt=\"\" class=\"wp-image-13813\" srcset=\"https:\/\/instytutpolski.pl\/tokyo\/wp-content\/uploads\/sites\/22\/2026\/04\/Harenova-Avers-724x1024.png 724w, https:\/\/instytutpolski.pl\/tokyo\/wp-content\/uploads\/sites\/22\/2026\/04\/Harenova-Avers-212x300.png 212w, https:\/\/instytutpolski.pl\/tokyo\/wp-content\/uploads\/sites\/22\/2026\/04\/Harenova-Avers-768x1086.png 768w, https:\/\/instytutpolski.pl\/tokyo\/wp-content\/uploads\/sites\/22\/2026\/04\/Harenova-Avers-1086x1536.png 1086w, https:\/\/instytutpolski.pl\/tokyo\/wp-content\/uploads\/sites\/22\/2026\/04\/Harenova-Avers.png 1264w\" sizes=\"auto, (max-width: 724px) 100vw, 724px\" \/><\/figure>\n\n\n\n<figure class=\"wp-block-image size-large\"><img loading=\"lazy\" decoding=\"async\" width=\"724\" height=\"1024\" data-id=\"13814\" src=\"https:\/\/instytutpolski.pl\/tokyo\/wp-content\/uploads\/sites\/22\/2026\/04\/Yumetopia-Avers-724x1024.png\" alt=\"\" class=\"wp-image-13814\" srcset=\"https:\/\/instytutpolski.pl\/tokyo\/wp-content\/uploads\/sites\/22\/2026\/04\/Yumetopia-Avers-724x1024.png 724w, https:\/\/instytutpolski.pl\/tokyo\/wp-content\/uploads\/sites\/22\/2026\/04\/Yumetopia-Avers-212x300.png 212w, https:\/\/instytutpolski.pl\/tokyo\/wp-content\/uploads\/sites\/22\/2026\/04\/Yumetopia-Avers-768x1086.png 768w, https:\/\/instytutpolski.pl\/tokyo\/wp-content\/uploads\/sites\/22\/2026\/04\/Yumetopia-Avers-1086x1536.png 1086w, https:\/\/instytutpolski.pl\/tokyo\/wp-content\/uploads\/sites\/22\/2026\/04\/Yumetopia-Avers.png 1184w\" sizes=\"auto, (max-width: 724px) 100vw, 724px\" \/><\/figure>\n<\/figure>\n","protected":false},"excerpt":{"rendered":"<p>Vo\u0142osi to zesp\u00f3\u0142, kt\u00f3ry powsta\u0142 w samym \u015brodku polskich g\u00f3r, w wyniku niespodziewanego spotkania miejscowych muzyk\u00f3w ze wsp\u00f3\u0142czesnymi artystami ze \u015al\u0105ska. W ich r\u00f3\u017cnorodnym stylu zawiera si\u0119 wszystko od zapadaj\u0105cych w pami\u0119\u0107 pi\u0119knych melodii po ekstatyczne szale\u0144stwo. Mo\u017cna tu wyczu\u0107 \u015blady rocka, punka, jazzu, muzyki filmowej, doprawione sekcjami ambientowymi ale fakt, \u017ce to wszystko grane [&hellip;]<\/p>\n","protected":false},"author":214,"featured_media":13811,"comment_status":"open","ping_status":"open","sticky":false,"template":"","format":"standard","meta":{"inline_featured_image":false,"_monsterinsights_skip_tracking":false,"_monsterinsights_sitenote_active":false,"_monsterinsights_sitenote_note":"","_monsterinsights_sitenote_category":0,"footnotes":""},"categories":[48,44,34],"tags":[754],"class_list":["post-13836","post","type-post","status-publish","format-standard","has-post-thumbnail","hentry","category-aktualnosci","category-muzyka","category-wydarzenia","tag-volosi"],"yoast_head":"<!-- This site is optimized with the Yoast SEO plugin v24.6 - https:\/\/yoast.com\/wordpress\/plugins\/seo\/ -->\n<title>Quintet smyczkowy VO\u0141OSI zagra ponownie w Japonii! - Instytut Polski w Tokio<\/title>\n<meta name=\"description\" content=\"\u5f26\u697d\u4e94\u91cd\u594f\u56e3\u300cVO\u0141OSI\u300d\u518d\u6765\u65e5\uff01\" \/>\n<meta name=\"robots\" content=\"index, follow, max-snippet:-1, max-image-preview:large, max-video-preview:-1\" \/>\n<link rel=\"canonical\" href=\"https:\/\/instytutpolski.pl\/tokyo\/pl\/quintet-smyczkowy-volosi-zagra-ponownie-w-japonii\/\" \/>\n<meta property=\"og:locale\" content=\"pl_PL\" \/>\n<meta property=\"og:type\" content=\"article\" \/>\n<meta property=\"og:title\" content=\"Quintet smyczkowy VO\u0141OSI zagra ponownie w Japonii! - Instytut Polski w Tokio\" \/>\n<meta property=\"og:description\" content=\"\u5f26\u697d\u4e94\u91cd\u594f\u56e3\u300cVO\u0141OSI\u300d\u518d\u6765\u65e5\uff01\" \/>\n<meta property=\"og:url\" content=\"https:\/\/instytutpolski.pl\/tokyo\/pl\/quintet-smyczkowy-volosi-zagra-ponownie-w-japonii\/\" \/>\n<meta property=\"og:site_name\" content=\"Instytut Polski w Tokio\" \/>\n<meta property=\"article:published_time\" content=\"2026-04-28T07:51:48+00:00\" \/>\n<meta property=\"article:modified_time\" content=\"2026-04-30T03:38:02+00:00\" \/>\n<meta property=\"og:image\" content=\"https:\/\/instytutpolski.pl\/tokyo\/wp-content\/uploads\/sites\/22\/2026\/04\/fot-Ana-Filipa-Flores-scaled.jpg\" \/>\n\t<meta property=\"og:image:width\" content=\"2560\" \/>\n\t<meta property=\"og:image:height\" content=\"1784\" \/>\n\t<meta property=\"og:image:type\" content=\"image\/jpeg\" \/>\n<meta name=\"author\" content=\"waczynskij\" \/>\n<meta name=\"twitter:card\" content=\"summary_large_image\" \/>\n<meta name=\"twitter:label1\" content=\"Napisane przez\" \/>\n\t<meta name=\"twitter:data1\" content=\"waczynskij\" \/>\n\t<meta name=\"twitter:label2\" content=\"Szacowany czas czytania\" \/>\n\t<meta name=\"twitter:data2\" content=\"2 minuty\" \/>\n<script type=\"application\/ld+json\" class=\"yoast-schema-graph\">{\"@context\":\"https:\/\/schema.org\",\"@graph\":[{\"@type\":\"event\",\"@id\":\"https:\/\/instytutpolski.pl\/tokyo\/pl\/quintet-smyczkowy-volosi-zagra-ponownie-w-japonii\/\",\"url\":\"https:\/\/instytutpolski.pl\/tokyo\/pl\/quintet-smyczkowy-volosi-zagra-ponownie-w-japonii\/\",\"name\":\"Quintet smyczkowy VO\u0141OSI zagra ponownie w Japonii!\",\"isPartOf\":{\"@id\":\"https:\/\/instytutpolski.pl\/tokyo\/#website\"},\"primaryImageOfPage\":{\"@id\":\"https:\/\/instytutpolski.pl\/tokyo\/pl\/quintet-smyczkowy-volosi-zagra-ponownie-w-japonii\/#primaryimage\"},\"image\":[\"https:\/\/instytutpolski.pl\/tokyo\/wp-content\/uploads\/sites\/22\/2026\/04\/fot-Ana-Filipa-Flores-scaled.jpg\",\"https:\/\/instytutpolski.pl\/tokyo\/wp-content\/uploads\/sites\/22\/2026\/04\/fot-Ana-Filipa-Flores-300x209.jpg\",\"https:\/\/instytutpolski.pl\/tokyo\/wp-content\/uploads\/sites\/22\/2026\/04\/fot-Ana-Filipa-Flores-1024x714.jpg\",\"https:\/\/instytutpolski.pl\/tokyo\/wp-content\/uploads\/sites\/22\/2026\/04\/fot-Ana-Filipa-Flores-scaled.jpg\"],\"thumbnailUrl\":\"https:\/\/instytutpolski.pl\/tokyo\/wp-content\/uploads\/sites\/22\/2026\/04\/fot-Ana-Filipa-Flores-scaled.jpg\",\"datePublished\":\"2026-04-28T07:51:48+02:00\",\"dateModified\":\"2026-04-30T03:38:02+02:00\",\"author\":{\"@id\":\"https:\/\/instytutpolski.pl\/tokyo\/#\/schema\/person\/c355a8da97263c37442a1539607489fd\"},\"description\":\"Vo\u0142osi to zesp\u00f3\u0142, kt\u00f3ry powsta\u0142 w samym \u015brodku polskich g\u00f3r, w wyniku niespodziewanego spotkania miejscowych muzyk\u00f3w ze wsp\u00f3\u0142czesnymi artystami ze \u015al\u0105ska. W ich r\u00f3\u017cnorodnym stylu zawiera si\u0119 wszystko od zapadaj\u0105cych w pami\u0119\u0107 pi\u0119knych melodii po ekstatyczne szale\u0144stwo. Mo\u017cna tu wyczu\u0107 \u015blady rocka, punka, jazzu, muzyki filmowej, doprawione sekcjami ambientowymi ale fakt, \u017ce to wszystko grane jest na instrumentach smyczkowych czyni ich prawdziwym fenomenem.\\nVO\u0141OSI zagrali ponad 950 koncert\u00f3w na ca\u0142ym \u015bwiecie, a ju\u017c w maju zagraj\u0105 w Japonii:\\n- 16 maja na Festiwalu Polskim w Tokio na placu Roppongi Hills Arena\u00a0https:\/\/instytutpolski.pl\/tokyo\/pl\/festiwal-polski-2026\/\u00a0\\n- 18 maja w Teatrze Miejskim w Takasaki (https:\/\/www.takasaki-foundation.or.jp\/theatre\/concert_detail.php?key=2248 )\\n- 21 maja w Teatrze Artystycznym Harenowa (https:\/\/pmanj.wordpress.com\/events\/ )\\n- 22 maja w o\u015brodku Yumetopia Osafune (https:\/\/pmanj.wordpress.com\/events\/ )\\nOrganizatorzy: Instytut Polski w Tokio, Fundacja Takasaki, Polska Misja Artystyczno-Naukowa w Japonii\\nWsparcie: MKiDN, Instytut Adama Mickiewicza Projekt realizowany w ramach Dni Dziedzictwa Polskiego (PHD) 2026.\\nFot. Ana Filipa Flores\",\"breadcrumb\":{\"@id\":\"https:\/\/instytutpolski.pl\/tokyo\/pl\/quintet-smyczkowy-volosi-zagra-ponownie-w-japonii\/#breadcrumb\"},\"inLanguage\":\"pl-PL\",\"potentialAction\":[{\"@type\":\"ReadAction\",\"target\":[\"https:\/\/instytutpolski.pl\/tokyo\/pl\/quintet-smyczkowy-volosi-zagra-ponownie-w-japonii\/\"]}],\"@context\":\"https:\/\/schema.org\",\"startDate\":\"2026-05-16\",\"endDate\":\"2026-05-22\",\"eventStatus\":\"EventScheduled\",\"eventAttendanceMode\":\"OfflineEventAttendanceMode\",\"location\":{\"@type\":\"place\",\"name\":\"\",\"address\":\"\",\"geo\":{\"@type\":\"GeoCoordinates\",\"latitude\":\"\",\"longitude\":\"\"}}},{\"@type\":\"ImageObject\",\"inLanguage\":\"pl-PL\",\"@id\":\"https:\/\/instytutpolski.pl\/tokyo\/pl\/quintet-smyczkowy-volosi-zagra-ponownie-w-japonii\/#primaryimage\",\"url\":\"https:\/\/instytutpolski.pl\/tokyo\/wp-content\/uploads\/sites\/22\/2026\/04\/fot-Ana-Filipa-Flores-scaled.jpg\",\"contentUrl\":\"https:\/\/instytutpolski.pl\/tokyo\/wp-content\/uploads\/sites\/22\/2026\/04\/fot-Ana-Filipa-Flores-scaled.jpg\",\"width\":2560,\"height\":1784},{\"@type\":\"BreadcrumbList\",\"@id\":\"https:\/\/instytutpolski.pl\/tokyo\/pl\/quintet-smyczkowy-volosi-zagra-ponownie-w-japonii\/#breadcrumb\",\"itemListElement\":[{\"@type\":\"ListItem\",\"position\":1,\"name\":\"Home\",\"item\":\"https:\/\/instytutpolski.pl\/tokyo\/\"},{\"@type\":\"ListItem\",\"position\":2,\"name\":\"Quintet smyczkowy VO\u0141OSI zagra ponownie w Japonii!\"}]},{\"@type\":\"WebSite\",\"@id\":\"https:\/\/instytutpolski.pl\/tokyo\/#website\",\"url\":\"https:\/\/instytutpolski.pl\/tokyo\/\",\"name\":\"Instytut Polski w Tokio\",\"description\":\"Instytuty Polskie\",\"potentialAction\":[{\"@type\":\"SearchAction\",\"target\":{\"@type\":\"EntryPoint\",\"urlTemplate\":\"https:\/\/instytutpolski.pl\/tokyo\/?s={search_term_string}\"},\"query-input\":{\"@type\":\"PropertyValueSpecification\",\"valueRequired\":true,\"valueName\":\"search_term_string\"}}],\"inLanguage\":\"pl-PL\"},{\"@type\":\"Person\",\"@id\":\"https:\/\/instytutpolski.pl\/tokyo\/#\/schema\/person\/c355a8da97263c37442a1539607489fd\",\"name\":\"waczynskij\",\"image\":{\"@type\":\"ImageObject\",\"inLanguage\":\"pl-PL\",\"@id\":\"https:\/\/instytutpolski.pl\/tokyo\/#\/schema\/person\/image\/\",\"url\":\"https:\/\/secure.gravatar.com\/avatar\/941b1aebc0719ac067c1a08d1d1998fa?s=96&d=mm&r=g\",\"contentUrl\":\"https:\/\/secure.gravatar.com\/avatar\/941b1aebc0719ac067c1a08d1d1998fa?s=96&d=mm&r=g\",\"caption\":\"waczynskij\"},\"url\":\"https:\/\/instytutpolski.pl\/tokyo\/author\/waczynskij\/\"}]}<\/script>\n<!-- \/ Yoast SEO plugin. -->","yoast_head_json":{"title":"Quintet smyczkowy VO\u0141OSI zagra ponownie w Japonii! - Instytut Polski w Tokio","description":"\u5f26\u697d\u4e94\u91cd\u594f\u56e3\u300cVO\u0141OSI\u300d\u518d\u6765\u65e5\uff01","robots":{"index":"index","follow":"follow","max-snippet":"max-snippet:-1","max-image-preview":"max-image-preview:large","max-video-preview":"max-video-preview:-1"},"canonical":"https:\/\/instytutpolski.pl\/tokyo\/pl\/quintet-smyczkowy-volosi-zagra-ponownie-w-japonii\/","og_locale":"pl_PL","og_type":"article","og_title":"Quintet smyczkowy VO\u0141OSI zagra ponownie w Japonii! - Instytut Polski w Tokio","og_description":"\u5f26\u697d\u4e94\u91cd\u594f\u56e3\u300cVO\u0141OSI\u300d\u518d\u6765\u65e5\uff01","og_url":"https:\/\/instytutpolski.pl\/tokyo\/pl\/quintet-smyczkowy-volosi-zagra-ponownie-w-japonii\/","og_site_name":"Instytut Polski w Tokio","article_published_time":"2026-04-28T07:51:48+00:00","article_modified_time":"2026-04-30T03:38:02+00:00","og_image":[{"width":2560,"height":1784,"url":"https:\/\/instytutpolski.pl\/tokyo\/wp-content\/uploads\/sites\/22\/2026\/04\/fot-Ana-Filipa-Flores-scaled.jpg","type":"image\/jpeg"}],"author":"waczynskij","twitter_card":"summary_large_image","twitter_misc":{"Napisane przez":"waczynskij","Szacowany czas czytania":"2 minuty"},"schema":{"@context":"https:\/\/schema.org","@graph":[{"@type":"event","@id":"https:\/\/instytutpolski.pl\/tokyo\/pl\/quintet-smyczkowy-volosi-zagra-ponownie-w-japonii\/","url":"https:\/\/instytutpolski.pl\/tokyo\/pl\/quintet-smyczkowy-volosi-zagra-ponownie-w-japonii\/","name":"Quintet smyczkowy VO\u0141OSI zagra ponownie w Japonii!","isPartOf":{"@id":"https:\/\/instytutpolski.pl\/tokyo\/#website"},"primaryImageOfPage":{"@id":"https:\/\/instytutpolski.pl\/tokyo\/pl\/quintet-smyczkowy-volosi-zagra-ponownie-w-japonii\/#primaryimage"},"image":["https:\/\/instytutpolski.pl\/tokyo\/wp-content\/uploads\/sites\/22\/2026\/04\/fot-Ana-Filipa-Flores-scaled.jpg","https:\/\/instytutpolski.pl\/tokyo\/wp-content\/uploads\/sites\/22\/2026\/04\/fot-Ana-Filipa-Flores-300x209.jpg","https:\/\/instytutpolski.pl\/tokyo\/wp-content\/uploads\/sites\/22\/2026\/04\/fot-Ana-Filipa-Flores-1024x714.jpg","https:\/\/instytutpolski.pl\/tokyo\/wp-content\/uploads\/sites\/22\/2026\/04\/fot-Ana-Filipa-Flores-scaled.jpg"],"thumbnailUrl":"https:\/\/instytutpolski.pl\/tokyo\/wp-content\/uploads\/sites\/22\/2026\/04\/fot-Ana-Filipa-Flores-scaled.jpg","datePublished":"2026-04-28T07:51:48+02:00","dateModified":"2026-04-30T03:38:02+02:00","author":{"@id":"https:\/\/instytutpolski.pl\/tokyo\/#\/schema\/person\/c355a8da97263c37442a1539607489fd"},"description":"Vo\u0142osi to zesp\u00f3\u0142, kt\u00f3ry powsta\u0142 w samym \u015brodku polskich g\u00f3r, w wyniku niespodziewanego spotkania miejscowych muzyk\u00f3w ze wsp\u00f3\u0142czesnymi artystami ze \u015al\u0105ska. W ich r\u00f3\u017cnorodnym stylu zawiera si\u0119 wszystko od zapadaj\u0105cych w pami\u0119\u0107 pi\u0119knych melodii po ekstatyczne szale\u0144stwo. Mo\u017cna tu wyczu\u0107 \u015blady rocka, punka, jazzu, muzyki filmowej, doprawione sekcjami ambientowymi ale fakt, \u017ce to wszystko grane jest na instrumentach smyczkowych czyni ich prawdziwym fenomenem.\nVO\u0141OSI zagrali ponad 950 koncert\u00f3w na ca\u0142ym \u015bwiecie, a ju\u017c w maju zagraj\u0105 w Japonii:\n- 16 maja na Festiwalu Polskim w Tokio na placu Roppongi Hills Arena\u00a0https:\/\/instytutpolski.pl\/tokyo\/pl\/festiwal-polski-2026\/\u00a0\n- 18 maja w Teatrze Miejskim w Takasaki (https:\/\/www.takasaki-foundation.or.jp\/theatre\/concert_detail.php?key=2248 )\n- 21 maja w Teatrze Artystycznym Harenowa (https:\/\/pmanj.wordpress.com\/events\/ )\n- 22 maja w o\u015brodku Yumetopia Osafune (https:\/\/pmanj.wordpress.com\/events\/ )\nOrganizatorzy: Instytut Polski w Tokio, Fundacja Takasaki, Polska Misja Artystyczno-Naukowa w Japonii\nWsparcie: MKiDN, Instytut Adama Mickiewicza Projekt realizowany w ramach Dni Dziedzictwa Polskiego (PHD) 2026.\nFot. Ana Filipa Flores","breadcrumb":{"@id":"https:\/\/instytutpolski.pl\/tokyo\/pl\/quintet-smyczkowy-volosi-zagra-ponownie-w-japonii\/#breadcrumb"},"inLanguage":"pl-PL","potentialAction":[{"@type":"ReadAction","target":["https:\/\/instytutpolski.pl\/tokyo\/pl\/quintet-smyczkowy-volosi-zagra-ponownie-w-japonii\/"]}],"@context":"https:\/\/schema.org","startDate":"2026-05-16","endDate":"2026-05-22","eventStatus":"EventScheduled","eventAttendanceMode":"OfflineEventAttendanceMode","location":{"@type":"place","name":"","address":"","geo":{"@type":"GeoCoordinates","latitude":"","longitude":""}}},{"@type":"ImageObject","inLanguage":"pl-PL","@id":"https:\/\/instytutpolski.pl\/tokyo\/pl\/quintet-smyczkowy-volosi-zagra-ponownie-w-japonii\/#primaryimage","url":"https:\/\/instytutpolski.pl\/tokyo\/wp-content\/uploads\/sites\/22\/2026\/04\/fot-Ana-Filipa-Flores-scaled.jpg","contentUrl":"https:\/\/instytutpolski.pl\/tokyo\/wp-content\/uploads\/sites\/22\/2026\/04\/fot-Ana-Filipa-Flores-scaled.jpg","width":2560,"height":1784},{"@type":"BreadcrumbList","@id":"https:\/\/instytutpolski.pl\/tokyo\/pl\/quintet-smyczkowy-volosi-zagra-ponownie-w-japonii\/#breadcrumb","itemListElement":[{"@type":"ListItem","position":1,"name":"Home","item":"https:\/\/instytutpolski.pl\/tokyo\/"},{"@type":"ListItem","position":2,"name":"Quintet smyczkowy VO\u0141OSI zagra ponownie w Japonii!"}]},{"@type":"WebSite","@id":"https:\/\/instytutpolski.pl\/tokyo\/#website","url":"https:\/\/instytutpolski.pl\/tokyo\/","name":"Instytut Polski w Tokio","description":"Instytuty Polskie","potentialAction":[{"@type":"SearchAction","target":{"@type":"EntryPoint","urlTemplate":"https:\/\/instytutpolski.pl\/tokyo\/?s={search_term_string}"},"query-input":{"@type":"PropertyValueSpecification","valueRequired":true,"valueName":"search_term_string"}}],"inLanguage":"pl-PL"},{"@type":"Person","@id":"https:\/\/instytutpolski.pl\/tokyo\/#\/schema\/person\/c355a8da97263c37442a1539607489fd","name":"waczynskij","image":{"@type":"ImageObject","inLanguage":"pl-PL","@id":"https:\/\/instytutpolski.pl\/tokyo\/#\/schema\/person\/image\/","url":"https:\/\/secure.gravatar.com\/avatar\/941b1aebc0719ac067c1a08d1d1998fa?s=96&d=mm&r=g","contentUrl":"https:\/\/secure.gravatar.com\/avatar\/941b1aebc0719ac067c1a08d1d1998fa?s=96&d=mm&r=g","caption":"waczynskij"},"url":"https:\/\/instytutpolski.pl\/tokyo\/author\/waczynskij\/"}]}},"_links":{"self":[{"href":"https:\/\/instytutpolski.pl\/tokyo\/wp-json\/wp\/v2\/posts\/13836","targetHints":{"allow":["GET"]}}],"collection":[{"href":"https:\/\/instytutpolski.pl\/tokyo\/wp-json\/wp\/v2\/posts"}],"about":[{"href":"https:\/\/instytutpolski.pl\/tokyo\/wp-json\/wp\/v2\/types\/post"}],"author":[{"embeddable":true,"href":"https:\/\/instytutpolski.pl\/tokyo\/wp-json\/wp\/v2\/users\/214"}],"replies":[{"embeddable":true,"href":"https:\/\/instytutpolski.pl\/tokyo\/wp-json\/wp\/v2\/comments?post=13836"}],"version-history":[{"count":3,"href":"https:\/\/instytutpolski.pl\/tokyo\/wp-json\/wp\/v2\/posts\/13836\/revisions"}],"predecessor-version":[{"id":13841,"href":"https:\/\/instytutpolski.pl\/tokyo\/wp-json\/wp\/v2\/posts\/13836\/revisions\/13841"}],"wp:featuredmedia":[{"embeddable":true,"href":"https:\/\/instytutpolski.pl\/tokyo\/wp-json\/wp\/v2\/media\/13811"}],"wp:attachment":[{"href":"https:\/\/instytutpolski.pl\/tokyo\/wp-json\/wp\/v2\/media?parent=13836"}],"wp:term":[{"taxonomy":"category","embeddable":true,"href":"https:\/\/instytutpolski.pl\/tokyo\/wp-json\/wp\/v2\/categories?post=13836"},{"taxonomy":"post_tag","embeddable":true,"href":"https:\/\/instytutpolski.pl\/tokyo\/wp-json\/wp\/v2\/tags?post=13836"}],"curies":[{"name":"wp","href":"https:\/\/api.w.org\/{rel}","templated":true}]}}