{"id":14626,"date":"2026-08-26T03:30:17","date_gmt":"2026-08-26T01:30:17","guid":{"rendered":"https:\/\/instytutpolski.pl\/tokyo\/?p=14626"},"modified":"2026-08-31T08:57:46","modified_gmt":"2026-08-31T06:57:46","slug":"prelekcja-kazuko-adachi-wspomnienia-z-czasow-studiow-w-polsce","status":"publish","type":"post","link":"https:\/\/instytutpolski.pl\/tokyo\/pl\/prelekcja-kazuko-adachi-wspomnienia-z-czasow-studiow-w-polsce\/","title":{"rendered":"Prelekcja Kazuko Adachi &#8222;Wspomnienia z czas\u00f3w studi\u00f3w w Polsce&#8221;"},"content":{"rendered":"\n<p>13 wrze\u015bnia 2026 r., godz. 14:00 &#8211; 15:30<\/p>\n<p>Miejsce: Centrum Kultury w Higashi-Kurume (sala wyk\u0142adowa)<\/p>\n<p>\u00a0<\/p>\n<p>Kazuko Adachi &#8211; t\u0142umaczka j\u0119zyka polskiego, mieszkaj\u0105ca w Higashi-Kurume, wspomina okres swoich studi\u00f3w w Warszawie podczas kt\u00f3rych opracowa\u0142a pierwszy w Polsce &#8222;S\u0142ownik minimum japo\u0144sko-polski i polsko-japo\u0144ski&#8221;, a tak\u017ce swoj\u0105 drog\u0119 jako t\u0142umaczki polskich ksi\u0105\u017cek.<\/p>\n<p>Szczeg\u00f3\u0142y: <a href=\"https:\/\/www.city.higashikurume.lg.jp\/library\/1024999\/1029559.html\">https:\/\/www.city.higashikurume.lg.jp\/library\/1024999\/1029559.html<\/a> <br \/>Organizator: Miejska Biblioteka Higashi-Kurume (tel. 042\u2010470-8022)<br \/>Wydarzenie obj\u0119te patronatem Instytutu Polskiego w Tokio<br \/><br \/><\/p>\n\n\n\n<figure class=\"wp-block-image size-large\"><img loading=\"lazy\" decoding=\"async\" width=\"725\" height=\"1024\" src=\"https:\/\/instytutpolski.pl\/tokyo\/wp-content\/uploads\/sites\/22\/2026\/08\/0913-Kazuko-Adachi-725x1024.jpg\" alt=\"\" class=\"wp-image-14564\" srcset=\"https:\/\/instytutpolski.pl\/tokyo\/wp-content\/uploads\/sites\/22\/2026\/08\/0913-Kazuko-Adachi-725x1024.jpg 725w, https:\/\/instytutpolski.pl\/tokyo\/wp-content\/uploads\/sites\/22\/2026\/08\/0913-Kazuko-Adachi-212x300.jpg 212w, https:\/\/instytutpolski.pl\/tokyo\/wp-content\/uploads\/sites\/22\/2026\/08\/0913-Kazuko-Adachi-768x1085.jpg 768w, https:\/\/instytutpolski.pl\/tokyo\/wp-content\/uploads\/sites\/22\/2026\/08\/0913-Kazuko-Adachi-1087x1536.jpg 1087w, https:\/\/instytutpolski.pl\/tokyo\/wp-content\/uploads\/sites\/22\/2026\/08\/0913-Kazuko-Adachi.jpg 1241w\" sizes=\"auto, (max-width: 725px) 100vw, 725px\" \/><\/figure>\n","protected":false},"excerpt":{"rendered":"<p>13 wrze\u015bnia 2026 r., godz. 14:00 &#8211; 15:30 Miejsce: Centrum Kultury w Higashi-Kurume (sala wyk\u0142adowa) \u00a0 Kazuko Adachi &#8211; t\u0142umaczka j\u0119zyka polskiego, mieszkaj\u0105ca w Higashi-Kurume, wspomina okres swoich studi\u00f3w w Warszawie podczas kt\u00f3rych opracowa\u0142a pierwszy w Polsce &#8222;S\u0142ownik minimum japo\u0144sko-polski i polsko-japo\u0144ski&#8221;, a tak\u017ce swoj\u0105 drog\u0119 jako t\u0142umaczki polskich ksi\u0105\u017cek. Szczeg\u00f3\u0142y: https:\/\/www.city.higashikurume.lg.jp\/library\/1024999\/1029559.html Organizator: Miejska Biblioteka [&hellip;]<\/p>\n","protected":false},"author":203,"featured_media":14564,"comment_status":"open","ping_status":"open","sticky":false,"template":"","format":"standard","meta":{"inline_featured_image":false,"_monsterinsights_skip_tracking":false,"_monsterinsights_sitenote_active":false,"_monsterinsights_sitenote_note":"","_monsterinsights_sitenote_category":0,"footnotes":""},"categories":[48,38,42,34],"tags":[],"class_list":["post-14626","post","type-post","status-publish","format-standard","has-post-thumbnail","hentry","category-aktualnosci","category-inne","category-literatura","category-wydarzenia"],"yoast_head":"<!-- This site is optimized with the Yoast SEO plugin v24.6 - https:\/\/yoast.com\/wordpress\/plugins\/seo\/ -->\n<title>Prelekcja Kazuko Adachi &quot;Wspomnienia z czas\u00f3w studi\u00f3w w Polsce&quot; - Instytut Polski w Tokio<\/title>\n<meta name=\"description\" content=\"\u8b1b\u6f14\u4f1a\u300e\u30dd\u30fc\u30e9\u30f3\u30c9\u7559\u5b66\u6642\u4ee3\u306e\u601d\u3044\u51fa\u300f Prelekcja Kazuko Adachi &quot;Wspomnienia z czas\u00f3w studi\u00f3w w Polsce&quot;\" \/>\n<meta name=\"robots\" content=\"index, follow, max-snippet:-1, max-image-preview:large, max-video-preview:-1\" \/>\n<link rel=\"canonical\" href=\"https:\/\/instytutpolski.pl\/tokyo\/pl\/prelekcja-kazuko-adachi-wspomnienia-z-czasow-studiow-w-polsce\/\" \/>\n<meta property=\"og:locale\" content=\"pl_PL\" \/>\n<meta property=\"og:type\" content=\"article\" \/>\n<meta property=\"og:title\" content=\"Prelekcja Kazuko Adachi &quot;Wspomnienia z czas\u00f3w studi\u00f3w w Polsce&quot; - Instytut Polski w Tokio\" \/>\n<meta property=\"og:description\" content=\"\u8b1b\u6f14\u4f1a\u300e\u30dd\u30fc\u30e9\u30f3\u30c9\u7559\u5b66\u6642\u4ee3\u306e\u601d\u3044\u51fa\u300f Prelekcja Kazuko Adachi &quot;Wspomnienia z czas\u00f3w studi\u00f3w w Polsce&quot;\" \/>\n<meta property=\"og:url\" content=\"https:\/\/instytutpolski.pl\/tokyo\/pl\/prelekcja-kazuko-adachi-wspomnienia-z-czasow-studiow-w-polsce\/\" \/>\n<meta property=\"og:site_name\" content=\"Instytut Polski w Tokio\" \/>\n<meta property=\"article:published_time\" content=\"2026-08-26T01:30:17+00:00\" \/>\n<meta property=\"article:modified_time\" content=\"2026-08-31T06:57:46+00:00\" \/>\n<meta property=\"og:image\" content=\"https:\/\/instytutpolski.pl\/tokyo\/wp-content\/uploads\/sites\/22\/2026\/08\/0913-Kazuko-Adachi.jpg\" \/>\n\t<meta property=\"og:image:width\" content=\"1241\" \/>\n\t<meta property=\"og:image:height\" content=\"1754\" \/>\n\t<meta property=\"og:image:type\" content=\"image\/jpeg\" \/>\n<meta name=\"author\" content=\"hiraiwar\" \/>\n<meta name=\"twitter:card\" content=\"summary_large_image\" \/>\n<meta name=\"twitter:label1\" content=\"Napisane przez\" \/>\n\t<meta name=\"twitter:data1\" content=\"hiraiwar\" \/>\n\t<meta name=\"twitter:label2\" content=\"Szacowany czas czytania\" \/>\n\t<meta name=\"twitter:data2\" content=\"1 minuta\" \/>\n<script type=\"application\/ld+json\" class=\"yoast-schema-graph\">{\"@context\":\"https:\/\/schema.org\",\"@graph\":[{\"@type\":\"event\",\"@id\":\"https:\/\/instytutpolski.pl\/tokyo\/pl\/prelekcja-kazuko-adachi-wspomnienia-z-czasow-studiow-w-polsce\/\",\"url\":\"https:\/\/instytutpolski.pl\/tokyo\/pl\/prelekcja-kazuko-adachi-wspomnienia-z-czasow-studiow-w-polsce\/\",\"name\":\"Prelekcja Kazuko Adachi \\\"Wspomnienia z czas\u00f3w studi\u00f3w w Polsce\\\"\",\"isPartOf\":{\"@id\":\"https:\/\/instytutpolski.pl\/tokyo\/#website\"},\"primaryImageOfPage\":{\"@id\":\"https:\/\/instytutpolski.pl\/tokyo\/pl\/prelekcja-kazuko-adachi-wspomnienia-z-czasow-studiow-w-polsce\/#primaryimage\"},\"image\":[\"https:\/\/instytutpolski.pl\/tokyo\/wp-content\/uploads\/sites\/22\/2026\/08\/0913-Kazuko-Adachi.jpg\",\"https:\/\/instytutpolski.pl\/tokyo\/wp-content\/uploads\/sites\/22\/2026\/08\/0913-Kazuko-Adachi-212x300.jpg\",\"https:\/\/instytutpolski.pl\/tokyo\/wp-content\/uploads\/sites\/22\/2026\/08\/0913-Kazuko-Adachi-725x1024.jpg\",\"https:\/\/instytutpolski.pl\/tokyo\/wp-content\/uploads\/sites\/22\/2026\/08\/0913-Kazuko-Adachi.jpg\"],\"thumbnailUrl\":\"https:\/\/instytutpolski.pl\/tokyo\/wp-content\/uploads\/sites\/22\/2026\/08\/0913-Kazuko-Adachi.jpg\",\"datePublished\":\"2026-08-26T01:30:17+02:00\",\"dateModified\":\"2026-08-31T06:57:46+02:00\",\"author\":{\"@id\":\"https:\/\/instytutpolski.pl\/tokyo\/#\/schema\/person\/440b376deee068c4b785671b24434d86\"},\"description\":\"13 wrze\u015bnia 2026 r., godz. 14:00 - 15:30\\nMiejsce: Centrum Kultury w Higashi-Kurume (sala wyk\u0142adowa)\\n\u00a0\\nKazuko Adachi - t\u0142umaczka j\u0119zyka polskiego, mieszkaj\u0105ca w Higashi-Kurume, wspomina okres swoich studi\u00f3w w Warszawie podczas kt\u00f3rych opracowa\u0142a pierwszy w Polsce \\\"S\u0142ownik minimum japo\u0144sko-polski i polsko-japo\u0144ski\\\", a tak\u017ce swoj\u0105 drog\u0119 jako t\u0142umaczki polskich ksi\u0105\u017cek.\\nSzczeg\u00f3\u0142y: https:\/\/www.city.higashikurume.lg.jp\/library\/1024999\/1029559.html Organizator: Miejska Biblioteka Higashi-Kurume (tel. 042\u2010470-8022)Wydarzenie obj\u0119te patronatem Instytutu Polskiego w Tokio\",\"breadcrumb\":{\"@id\":\"https:\/\/instytutpolski.pl\/tokyo\/pl\/prelekcja-kazuko-adachi-wspomnienia-z-czasow-studiow-w-polsce\/#breadcrumb\"},\"inLanguage\":\"pl-PL\",\"potentialAction\":[{\"@type\":\"ReadAction\",\"target\":[\"https:\/\/instytutpolski.pl\/tokyo\/pl\/prelekcja-kazuko-adachi-wspomnienia-z-czasow-studiow-w-polsce\/\"]}],\"@context\":\"https:\/\/schema.org\",\"startDate\":\"2026-09-13\",\"endDate\":\"2026-09-13\",\"eventStatus\":\"EventScheduled\",\"eventAttendanceMode\":\"OfflineEventAttendanceMode\",\"location\":{\"@type\":\"place\",\"name\":\"\",\"address\":\"\",\"geo\":{\"@type\":\"GeoCoordinates\",\"latitude\":\"\",\"longitude\":\"\"}}},{\"@type\":\"ImageObject\",\"inLanguage\":\"pl-PL\",\"@id\":\"https:\/\/instytutpolski.pl\/tokyo\/pl\/prelekcja-kazuko-adachi-wspomnienia-z-czasow-studiow-w-polsce\/#primaryimage\",\"url\":\"https:\/\/instytutpolski.pl\/tokyo\/wp-content\/uploads\/sites\/22\/2026\/08\/0913-Kazuko-Adachi.jpg\",\"contentUrl\":\"https:\/\/instytutpolski.pl\/tokyo\/wp-content\/uploads\/sites\/22\/2026\/08\/0913-Kazuko-Adachi.jpg\",\"width\":1241,\"height\":1754},{\"@type\":\"BreadcrumbList\",\"@id\":\"https:\/\/instytutpolski.pl\/tokyo\/pl\/prelekcja-kazuko-adachi-wspomnienia-z-czasow-studiow-w-polsce\/#breadcrumb\",\"itemListElement\":[{\"@type\":\"ListItem\",\"position\":1,\"name\":\"Home\",\"item\":\"https:\/\/instytutpolski.pl\/tokyo\/\"},{\"@type\":\"ListItem\",\"position\":2,\"name\":\"Prelekcja Kazuko Adachi &#8222;Wspomnienia z czas\u00f3w studi\u00f3w w Polsce&#8221;\"}]},{\"@type\":\"WebSite\",\"@id\":\"https:\/\/instytutpolski.pl\/tokyo\/#website\",\"url\":\"https:\/\/instytutpolski.pl\/tokyo\/\",\"name\":\"Instytut Polski w Tokio\",\"description\":\"Instytuty Polskie\",\"potentialAction\":[{\"@type\":\"SearchAction\",\"target\":{\"@type\":\"EntryPoint\",\"urlTemplate\":\"https:\/\/instytutpolski.pl\/tokyo\/?s={search_term_string}\"},\"query-input\":{\"@type\":\"PropertyValueSpecification\",\"valueRequired\":true,\"valueName\":\"search_term_string\"}}],\"inLanguage\":\"pl-PL\"},{\"@type\":\"Person\",\"@id\":\"https:\/\/instytutpolski.pl\/tokyo\/#\/schema\/person\/440b376deee068c4b785671b24434d86\",\"name\":\"hiraiwar\",\"image\":{\"@type\":\"ImageObject\",\"inLanguage\":\"pl-PL\",\"@id\":\"https:\/\/instytutpolski.pl\/tokyo\/#\/schema\/person\/image\/\",\"url\":\"https:\/\/secure.gravatar.com\/avatar\/ff8cc1326667a6b7d4c97d205e545882?s=96&d=mm&r=g\",\"contentUrl\":\"https:\/\/secure.gravatar.com\/avatar\/ff8cc1326667a6b7d4c97d205e545882?s=96&d=mm&r=g\",\"caption\":\"hiraiwar\"},\"url\":\"https:\/\/instytutpolski.pl\/tokyo\/author\/hiraiwar\/\"}]}<\/script>\n<!-- \/ Yoast SEO plugin. -->","yoast_head_json":{"title":"Prelekcja Kazuko Adachi \"Wspomnienia z czas\u00f3w studi\u00f3w w Polsce\" - Instytut Polski w Tokio","description":"\u8b1b\u6f14\u4f1a\u300e\u30dd\u30fc\u30e9\u30f3\u30c9\u7559\u5b66\u6642\u4ee3\u306e\u601d\u3044\u51fa\u300f Prelekcja Kazuko Adachi \"Wspomnienia z czas\u00f3w studi\u00f3w w Polsce\"","robots":{"index":"index","follow":"follow","max-snippet":"max-snippet:-1","max-image-preview":"max-image-preview:large","max-video-preview":"max-video-preview:-1"},"canonical":"https:\/\/instytutpolski.pl\/tokyo\/pl\/prelekcja-kazuko-adachi-wspomnienia-z-czasow-studiow-w-polsce\/","og_locale":"pl_PL","og_type":"article","og_title":"Prelekcja Kazuko Adachi \"Wspomnienia z czas\u00f3w studi\u00f3w w Polsce\" - Instytut Polski w Tokio","og_description":"\u8b1b\u6f14\u4f1a\u300e\u30dd\u30fc\u30e9\u30f3\u30c9\u7559\u5b66\u6642\u4ee3\u306e\u601d\u3044\u51fa\u300f Prelekcja Kazuko Adachi \"Wspomnienia z czas\u00f3w studi\u00f3w w Polsce\"","og_url":"https:\/\/instytutpolski.pl\/tokyo\/pl\/prelekcja-kazuko-adachi-wspomnienia-z-czasow-studiow-w-polsce\/","og_site_name":"Instytut Polski w Tokio","article_published_time":"2026-08-26T01:30:17+00:00","article_modified_time":"2026-08-31T06:57:46+00:00","og_image":[{"width":1241,"height":1754,"url":"https:\/\/instytutpolski.pl\/tokyo\/wp-content\/uploads\/sites\/22\/2026\/08\/0913-Kazuko-Adachi.jpg","type":"image\/jpeg"}],"author":"hiraiwar","twitter_card":"summary_large_image","twitter_misc":{"Napisane przez":"hiraiwar","Szacowany czas czytania":"1 minuta"},"schema":{"@context":"https:\/\/schema.org","@graph":[{"@type":"event","@id":"https:\/\/instytutpolski.pl\/tokyo\/pl\/prelekcja-kazuko-adachi-wspomnienia-z-czasow-studiow-w-polsce\/","url":"https:\/\/instytutpolski.pl\/tokyo\/pl\/prelekcja-kazuko-adachi-wspomnienia-z-czasow-studiow-w-polsce\/","name":"Prelekcja Kazuko Adachi \"Wspomnienia z czas\u00f3w studi\u00f3w w Polsce\"","isPartOf":{"@id":"https:\/\/instytutpolski.pl\/tokyo\/#website"},"primaryImageOfPage":{"@id":"https:\/\/instytutpolski.pl\/tokyo\/pl\/prelekcja-kazuko-adachi-wspomnienia-z-czasow-studiow-w-polsce\/#primaryimage"},"image":["https:\/\/instytutpolski.pl\/tokyo\/wp-content\/uploads\/sites\/22\/2026\/08\/0913-Kazuko-Adachi.jpg","https:\/\/instytutpolski.pl\/tokyo\/wp-content\/uploads\/sites\/22\/2026\/08\/0913-Kazuko-Adachi-212x300.jpg","https:\/\/instytutpolski.pl\/tokyo\/wp-content\/uploads\/sites\/22\/2026\/08\/0913-Kazuko-Adachi-725x1024.jpg","https:\/\/instytutpolski.pl\/tokyo\/wp-content\/uploads\/sites\/22\/2026\/08\/0913-Kazuko-Adachi.jpg"],"thumbnailUrl":"https:\/\/instytutpolski.pl\/tokyo\/wp-content\/uploads\/sites\/22\/2026\/08\/0913-Kazuko-Adachi.jpg","datePublished":"2026-08-26T01:30:17+02:00","dateModified":"2026-08-31T06:57:46+02:00","author":{"@id":"https:\/\/instytutpolski.pl\/tokyo\/#\/schema\/person\/440b376deee068c4b785671b24434d86"},"description":"13 wrze\u015bnia 2026 r., godz. 14:00 - 15:30\nMiejsce: Centrum Kultury w Higashi-Kurume (sala wyk\u0142adowa)\n\u00a0\nKazuko Adachi - t\u0142umaczka j\u0119zyka polskiego, mieszkaj\u0105ca w Higashi-Kurume, wspomina okres swoich studi\u00f3w w Warszawie podczas kt\u00f3rych opracowa\u0142a pierwszy w Polsce \"S\u0142ownik minimum japo\u0144sko-polski i polsko-japo\u0144ski\", a tak\u017ce swoj\u0105 drog\u0119 jako t\u0142umaczki polskich ksi\u0105\u017cek.\nSzczeg\u00f3\u0142y: https:\/\/www.city.higashikurume.lg.jp\/library\/1024999\/1029559.html Organizator: Miejska Biblioteka Higashi-Kurume (tel. 042\u2010470-8022)Wydarzenie obj\u0119te patronatem Instytutu Polskiego w Tokio","breadcrumb":{"@id":"https:\/\/instytutpolski.pl\/tokyo\/pl\/prelekcja-kazuko-adachi-wspomnienia-z-czasow-studiow-w-polsce\/#breadcrumb"},"inLanguage":"pl-PL","potentialAction":[{"@type":"ReadAction","target":["https:\/\/instytutpolski.pl\/tokyo\/pl\/prelekcja-kazuko-adachi-wspomnienia-z-czasow-studiow-w-polsce\/"]}],"@context":"https:\/\/schema.org","startDate":"2026-09-13","endDate":"2026-09-13","eventStatus":"EventScheduled","eventAttendanceMode":"OfflineEventAttendanceMode","location":{"@type":"place","name":"","address":"","geo":{"@type":"GeoCoordinates","latitude":"","longitude":""}}},{"@type":"ImageObject","inLanguage":"pl-PL","@id":"https:\/\/instytutpolski.pl\/tokyo\/pl\/prelekcja-kazuko-adachi-wspomnienia-z-czasow-studiow-w-polsce\/#primaryimage","url":"https:\/\/instytutpolski.pl\/tokyo\/wp-content\/uploads\/sites\/22\/2026\/08\/0913-Kazuko-Adachi.jpg","contentUrl":"https:\/\/instytutpolski.pl\/tokyo\/wp-content\/uploads\/sites\/22\/2026\/08\/0913-Kazuko-Adachi.jpg","width":1241,"height":1754},{"@type":"BreadcrumbList","@id":"https:\/\/instytutpolski.pl\/tokyo\/pl\/prelekcja-kazuko-adachi-wspomnienia-z-czasow-studiow-w-polsce\/#breadcrumb","itemListElement":[{"@type":"ListItem","position":1,"name":"Home","item":"https:\/\/instytutpolski.pl\/tokyo\/"},{"@type":"ListItem","position":2,"name":"Prelekcja Kazuko Adachi &#8222;Wspomnienia z czas\u00f3w studi\u00f3w w Polsce&#8221;"}]},{"@type":"WebSite","@id":"https:\/\/instytutpolski.pl\/tokyo\/#website","url":"https:\/\/instytutpolski.pl\/tokyo\/","name":"Instytut Polski w Tokio","description":"Instytuty Polskie","potentialAction":[{"@type":"SearchAction","target":{"@type":"EntryPoint","urlTemplate":"https:\/\/instytutpolski.pl\/tokyo\/?s={search_term_string}"},"query-input":{"@type":"PropertyValueSpecification","valueRequired":true,"valueName":"search_term_string"}}],"inLanguage":"pl-PL"},{"@type":"Person","@id":"https:\/\/instytutpolski.pl\/tokyo\/#\/schema\/person\/440b376deee068c4b785671b24434d86","name":"hiraiwar","image":{"@type":"ImageObject","inLanguage":"pl-PL","@id":"https:\/\/instytutpolski.pl\/tokyo\/#\/schema\/person\/image\/","url":"https:\/\/secure.gravatar.com\/avatar\/ff8cc1326667a6b7d4c97d205e545882?s=96&d=mm&r=g","contentUrl":"https:\/\/secure.gravatar.com\/avatar\/ff8cc1326667a6b7d4c97d205e545882?s=96&d=mm&r=g","caption":"hiraiwar"},"url":"https:\/\/instytutpolski.pl\/tokyo\/author\/hiraiwar\/"}]}},"_links":{"self":[{"href":"https:\/\/instytutpolski.pl\/tokyo\/wp-json\/wp\/v2\/posts\/14626","targetHints":{"allow":["GET"]}}],"collection":[{"href":"https:\/\/instytutpolski.pl\/tokyo\/wp-json\/wp\/v2\/posts"}],"about":[{"href":"https:\/\/instytutpolski.pl\/tokyo\/wp-json\/wp\/v2\/types\/post"}],"author":[{"embeddable":true,"href":"https:\/\/instytutpolski.pl\/tokyo\/wp-json\/wp\/v2\/users\/203"}],"replies":[{"embeddable":true,"href":"https:\/\/instytutpolski.pl\/tokyo\/wp-json\/wp\/v2\/comments?post=14626"}],"version-history":[{"count":2,"href":"https:\/\/instytutpolski.pl\/tokyo\/wp-json\/wp\/v2\/posts\/14626\/revisions"}],"predecessor-version":[{"id":14628,"href":"https:\/\/instytutpolski.pl\/tokyo\/wp-json\/wp\/v2\/posts\/14626\/revisions\/14628"}],"wp:featuredmedia":[{"embeddable":true,"href":"https:\/\/instytutpolski.pl\/tokyo\/wp-json\/wp\/v2\/media\/14564"}],"wp:attachment":[{"href":"https:\/\/instytutpolski.pl\/tokyo\/wp-json\/wp\/v2\/media?parent=14626"}],"wp:term":[{"taxonomy":"category","embeddable":true,"href":"https:\/\/instytutpolski.pl\/tokyo\/wp-json\/wp\/v2\/categories?post=14626"},{"taxonomy":"post_tag","embeddable":true,"href":"https:\/\/instytutpolski.pl\/tokyo\/wp-json\/wp\/v2\/tags?post=14626"}],"curies":[{"name":"wp","href":"https:\/\/api.w.org\/{rel}","templated":true}]}}