{"id":7941,"date":"2023-12-13T05:16:33","date_gmt":"2023-12-13T04:16:33","guid":{"rendered":"https:\/\/instytutpolski.pl\/tokyo\/?p=7941"},"modified":"2023-12-13T05:21:39","modified_gmt":"2023-12-13T04:21:39","slug":"spektakl-tanczyc-konrada-teatru-wierszalin-w-tokio","status":"publish","type":"post","link":"https:\/\/instytutpolski.pl\/tokyo\/pl\/spektakl-tanczyc-konrada-teatru-wierszalin-w-tokio\/","title":{"rendered":"Spektakl \u201eTa\u0144czy\u0107 Konrada\u201d Teatru Wierszalin \u2013 w Tokio"},"content":{"rendered":"\n<p>W dniach 6 \u2013 9 grudnia w Teatrze X w Tokio odby\u0142y si\u0119 spektakle pt. \u201eTa\u0144czy\u0107 Konrada\u201d w wykonaniu wizytuj\u0105cego w Japonii polskiego Teatru Wierszalin, za\u0142o\u017conego w 1991 r. przez re\u017cysera Piotra Tomaszuka w miejscowo\u015bci Supra\u015bl pod Bia\u0142ymstokiem.<\/p>\n<p>\u201eTa\u0144czy\u0107 Konrada\u201d to\u00a0\u201eWielka Improwizacja\u201d z\u00a0III cz\u0119\u015bci \u201eDziad\u00f3w\u201d Adama Mickiewicza w\u00a0aktorskiej interpretacji Rafa\u0142a G\u0105sowskiego i\u00a0Dariusza Matysa z\u00a0Teatru Wierszalin, wzbogacona o\u00a0improwizacje baletowe artysty Polskiego Baletu Narodowego Bartosza Zy\u015bka oraz\u00a0fortepianowe Aleksandry \u015awigut (zdobywczyni II nagrody w I Mi\u0119dzynarodowym Konkursie Chopinowskim na Instrumentach Historycznych w Warszawie).<\/p>\n<p>\u00a0<\/p>\n<p>Pokazom towarzyszy\u0142y spotkania z tw\u00f3rcami spektaklu oraz wystawa fotografii Magdaleny Rybij. Wystawa przedstawia\u0142a impresje fotograficzne wykonane w\u00a0trakcie trzech improwizowanych sesji \u201eTa\u0144czy\u0107 Konrada\u201d w\u00a0Teatrze Wierszalin na\u00a0festiwalu \u201eMiedzy wierszami 2022\u201d w\u00a0Supra\u015blu. Fotografie zosta\u0142y utrwalone na surowych drewnianych deskach z Puszczy Knyszy\u0144skiej.<\/p>\n<p>\u00a0<\/p>\n<p>Dzi\u0119ki projektowi \u201eTa\u0144czy\u0107 Konrada w\u00a0Tokio\u201d powsta\u0142o pierwsze w\u00a0historii t\u0142umaczenie fragment\u00f3w III cz\u0119\u015bci \u201eDziad\u00f3w\u201d Adama Mickiewicza na\u00a0j\u0119zyk japo\u0144ski. T\u0142umaczenie obejmuje wst\u0119p do\u00a0cz\u0119\u015bci III, \u201eWielk\u0105 Improwizacj\u0119\u201d oraz\u00a0\u201eWidzenie ksi\u0119dza Piotra\u201d. T\u0142umaczenia dokona\u0142 wybitny japo\u0144ski profesor Tokimasa Sekiguchi (laureat m.in. Nagrody Transatlantyk).<\/p>\n<p>\u00a0<\/p>\n<p>By\u0142a to druga wizyta w Japonii zespo\u0142u teatralnego Wierszalin po 10 latach, kt\u00f3ry w 2013 r. pokaza\u0142 spektakl pt. \u201eTraktat o Manekinach\u201d.<\/p>\n<p>Projekt \u201eTa\u0144czac Konrada\u201d Teatru Wierszalin w Japonii zosta\u0142 dofinansowany ze \u015brodk\u00f3w Ministra Kultury i Dziedzictwa Narodowego w ramach programu \u201eKultura inspiruj\u0105ca\u201d, przy wsparciu Instytutu Polskiego w Tokio.<\/p>\n<p class=\"wordsection1\" style=\"margin: 0cm;margin-bottom: .0001pt;text-align: justify;line-height: 115%\">Zdj\u0119cia: Magdalena Rybij oraz IP Tokio<\/p>\n\n\n\n<figure class=\"wp-block-gallery has-nested-images columns-2 wp-block-gallery-1 is-layout-flex wp-block-gallery-is-layout-flex\">\n<figure class=\"wp-block-image size-large\"><img loading=\"lazy\" decoding=\"async\" width=\"1024\" height=\"683\" data-id=\"7931\" src=\"https:\/\/instytutpolski.pl\/tokyo\/wp-content\/uploads\/sites\/22\/2023\/12\/Wierszalin1-1024x683.jpg\" alt=\"\" class=\"wp-image-7931\" srcset=\"https:\/\/instytutpolski.pl\/tokyo\/wp-content\/uploads\/sites\/22\/2023\/12\/Wierszalin1-1024x683.jpg 1024w, https:\/\/instytutpolski.pl\/tokyo\/wp-content\/uploads\/sites\/22\/2023\/12\/Wierszalin1-300x200.jpg 300w, https:\/\/instytutpolski.pl\/tokyo\/wp-content\/uploads\/sites\/22\/2023\/12\/Wierszalin1-768x512.jpg 768w, https:\/\/instytutpolski.pl\/tokyo\/wp-content\/uploads\/sites\/22\/2023\/12\/Wierszalin1-1536x1024.jpg 1536w, https:\/\/instytutpolski.pl\/tokyo\/wp-content\/uploads\/sites\/22\/2023\/12\/Wierszalin1-2048x1365.jpg 2048w\" sizes=\"auto, (max-width: 1024px) 100vw, 1024px\" \/><\/figure>\n\n\n\n<figure class=\"wp-block-image size-large\"><img loading=\"lazy\" decoding=\"async\" width=\"1024\" height=\"712\" data-id=\"7932\" src=\"https:\/\/instytutpolski.pl\/tokyo\/wp-content\/uploads\/sites\/22\/2023\/12\/Wierszalin2-1024x712.jpg\" alt=\"\" class=\"wp-image-7932\" srcset=\"https:\/\/instytutpolski.pl\/tokyo\/wp-content\/uploads\/sites\/22\/2023\/12\/Wierszalin2-1024x712.jpg 1024w, https:\/\/instytutpolski.pl\/tokyo\/wp-content\/uploads\/sites\/22\/2023\/12\/Wierszalin2-300x209.jpg 300w, https:\/\/instytutpolski.pl\/tokyo\/wp-content\/uploads\/sites\/22\/2023\/12\/Wierszalin2-768x534.jpg 768w, https:\/\/instytutpolski.pl\/tokyo\/wp-content\/uploads\/sites\/22\/2023\/12\/Wierszalin2-1536x1068.jpg 1536w, https:\/\/instytutpolski.pl\/tokyo\/wp-content\/uploads\/sites\/22\/2023\/12\/Wierszalin2-2048x1424.jpg 2048w\" sizes=\"auto, (max-width: 1024px) 100vw, 1024px\" \/><\/figure>\n\n\n\n<figure class=\"wp-block-image size-large\"><img loading=\"lazy\" decoding=\"async\" width=\"683\" height=\"1024\" data-id=\"7939\" src=\"https:\/\/instytutpolski.pl\/tokyo\/wp-content\/uploads\/sites\/22\/2023\/12\/DSC9042-683x1024.jpg\" alt=\"\" class=\"wp-image-7939\" srcset=\"https:\/\/instytutpolski.pl\/tokyo\/wp-content\/uploads\/sites\/22\/2023\/12\/DSC9042-683x1024.jpg 683w, https:\/\/instytutpolski.pl\/tokyo\/wp-content\/uploads\/sites\/22\/2023\/12\/DSC9042-200x300.jpg 200w, https:\/\/instytutpolski.pl\/tokyo\/wp-content\/uploads\/sites\/22\/2023\/12\/DSC9042-768x1152.jpg 768w, https:\/\/instytutpolski.pl\/tokyo\/wp-content\/uploads\/sites\/22\/2023\/12\/DSC9042-1024x1536.jpg 1024w, https:\/\/instytutpolski.pl\/tokyo\/wp-content\/uploads\/sites\/22\/2023\/12\/DSC9042.jpg 1365w\" sizes=\"auto, (max-width: 683px) 100vw, 683px\" \/><\/figure>\n\n\n\n<figure class=\"wp-block-image size-large\"><img loading=\"lazy\" decoding=\"async\" width=\"1024\" height=\"683\" data-id=\"7938\" src=\"https:\/\/instytutpolski.pl\/tokyo\/wp-content\/uploads\/sites\/22\/2023\/12\/DSC8927-1024x683.jpg\" alt=\"\" class=\"wp-image-7938\" srcset=\"https:\/\/instytutpolski.pl\/tokyo\/wp-content\/uploads\/sites\/22\/2023\/12\/DSC8927-1024x683.jpg 1024w, https:\/\/instytutpolski.pl\/tokyo\/wp-content\/uploads\/sites\/22\/2023\/12\/DSC8927-300x200.jpg 300w, https:\/\/instytutpolski.pl\/tokyo\/wp-content\/uploads\/sites\/22\/2023\/12\/DSC8927-768x512.jpg 768w, https:\/\/instytutpolski.pl\/tokyo\/wp-content\/uploads\/sites\/22\/2023\/12\/DSC8927-1536x1024.jpg 1536w, https:\/\/instytutpolski.pl\/tokyo\/wp-content\/uploads\/sites\/22\/2023\/12\/DSC8927.jpg 2048w\" sizes=\"auto, (max-width: 1024px) 100vw, 1024px\" \/><\/figure>\n\n\n\n<figure class=\"wp-block-image size-large\"><img loading=\"lazy\" decoding=\"async\" width=\"683\" height=\"1024\" data-id=\"7937\" src=\"https:\/\/instytutpolski.pl\/tokyo\/wp-content\/uploads\/sites\/22\/2023\/12\/DSC8872-683x1024.jpg\" alt=\"\" class=\"wp-image-7937\" srcset=\"https:\/\/instytutpolski.pl\/tokyo\/wp-content\/uploads\/sites\/22\/2023\/12\/DSC8872-683x1024.jpg 683w, https:\/\/instytutpolski.pl\/tokyo\/wp-content\/uploads\/sites\/22\/2023\/12\/DSC8872-200x300.jpg 200w, https:\/\/instytutpolski.pl\/tokyo\/wp-content\/uploads\/sites\/22\/2023\/12\/DSC8872-768x1152.jpg 768w, https:\/\/instytutpolski.pl\/tokyo\/wp-content\/uploads\/sites\/22\/2023\/12\/DSC8872-1024x1536.jpg 1024w, https:\/\/instytutpolski.pl\/tokyo\/wp-content\/uploads\/sites\/22\/2023\/12\/DSC8872.jpg 1365w\" sizes=\"auto, (max-width: 683px) 100vw, 683px\" \/><\/figure>\n\n\n\n<figure class=\"wp-block-image size-large\"><img loading=\"lazy\" decoding=\"async\" width=\"683\" height=\"1024\" data-id=\"7936\" src=\"https:\/\/instytutpolski.pl\/tokyo\/wp-content\/uploads\/sites\/22\/2023\/12\/DSC8799-683x1024.jpg\" alt=\"\" class=\"wp-image-7936\" srcset=\"https:\/\/instytutpolski.pl\/tokyo\/wp-content\/uploads\/sites\/22\/2023\/12\/DSC8799-683x1024.jpg 683w, https:\/\/instytutpolski.pl\/tokyo\/wp-content\/uploads\/sites\/22\/2023\/12\/DSC8799-200x300.jpg 200w, https:\/\/instytutpolski.pl\/tokyo\/wp-content\/uploads\/sites\/22\/2023\/12\/DSC8799-768x1152.jpg 768w, https:\/\/instytutpolski.pl\/tokyo\/wp-content\/uploads\/sites\/22\/2023\/12\/DSC8799-1024x1536.jpg 1024w, https:\/\/instytutpolski.pl\/tokyo\/wp-content\/uploads\/sites\/22\/2023\/12\/DSC8799.jpg 1365w\" sizes=\"auto, (max-width: 683px) 100vw, 683px\" \/><\/figure>\n\n\n\n<figure class=\"wp-block-image size-large\"><img loading=\"lazy\" decoding=\"async\" width=\"683\" height=\"1024\" data-id=\"7935\" src=\"https:\/\/instytutpolski.pl\/tokyo\/wp-content\/uploads\/sites\/22\/2023\/12\/DSC8770-683x1024.jpg\" alt=\"\" class=\"wp-image-7935\" srcset=\"https:\/\/instytutpolski.pl\/tokyo\/wp-content\/uploads\/sites\/22\/2023\/12\/DSC8770-683x1024.jpg 683w, https:\/\/instytutpolski.pl\/tokyo\/wp-content\/uploads\/sites\/22\/2023\/12\/DSC8770-200x300.jpg 200w, https:\/\/instytutpolski.pl\/tokyo\/wp-content\/uploads\/sites\/22\/2023\/12\/DSC8770-768x1152.jpg 768w, https:\/\/instytutpolski.pl\/tokyo\/wp-content\/uploads\/sites\/22\/2023\/12\/DSC8770-1024x1536.jpg 1024w, https:\/\/instytutpolski.pl\/tokyo\/wp-content\/uploads\/sites\/22\/2023\/12\/DSC8770.jpg 1365w\" sizes=\"auto, (max-width: 683px) 100vw, 683px\" \/><\/figure>\n\n\n\n<figure class=\"wp-block-image size-large\"><img loading=\"lazy\" decoding=\"async\" width=\"1024\" height=\"683\" data-id=\"7934\" src=\"https:\/\/instytutpolski.pl\/tokyo\/wp-content\/uploads\/sites\/22\/2023\/12\/DSC8769-1024x683.jpg\" alt=\"\" class=\"wp-image-7934\" srcset=\"https:\/\/instytutpolski.pl\/tokyo\/wp-content\/uploads\/sites\/22\/2023\/12\/DSC8769-1024x683.jpg 1024w, https:\/\/instytutpolski.pl\/tokyo\/wp-content\/uploads\/sites\/22\/2023\/12\/DSC8769-300x200.jpg 300w, https:\/\/instytutpolski.pl\/tokyo\/wp-content\/uploads\/sites\/22\/2023\/12\/DSC8769-768x512.jpg 768w, https:\/\/instytutpolski.pl\/tokyo\/wp-content\/uploads\/sites\/22\/2023\/12\/DSC8769-1536x1024.jpg 1536w, https:\/\/instytutpolski.pl\/tokyo\/wp-content\/uploads\/sites\/22\/2023\/12\/DSC8769.jpg 2048w\" sizes=\"auto, (max-width: 1024px) 100vw, 1024px\" \/><\/figure>\n\n\n\n<figure class=\"wp-block-image size-large\"><img loading=\"lazy\" decoding=\"async\" width=\"683\" height=\"1024\" data-id=\"7933\" src=\"https:\/\/instytutpolski.pl\/tokyo\/wp-content\/uploads\/sites\/22\/2023\/12\/DSC8562-683x1024.jpg\" alt=\"\" class=\"wp-image-7933\" srcset=\"https:\/\/instytutpolski.pl\/tokyo\/wp-content\/uploads\/sites\/22\/2023\/12\/DSC8562-683x1024.jpg 683w, https:\/\/instytutpolski.pl\/tokyo\/wp-content\/uploads\/sites\/22\/2023\/12\/DSC8562-200x300.jpg 200w, https:\/\/instytutpolski.pl\/tokyo\/wp-content\/uploads\/sites\/22\/2023\/12\/DSC8562-768x1152.jpg 768w, https:\/\/instytutpolski.pl\/tokyo\/wp-content\/uploads\/sites\/22\/2023\/12\/DSC8562-1024x1536.jpg 1024w, https:\/\/instytutpolski.pl\/tokyo\/wp-content\/uploads\/sites\/22\/2023\/12\/DSC8562.jpg 1365w\" sizes=\"auto, (max-width: 683px) 100vw, 683px\" \/><\/figure>\n\n\n\n<figure class=\"wp-block-image size-large\"><img loading=\"lazy\" decoding=\"async\" width=\"1024\" height=\"746\" data-id=\"7930\" src=\"https:\/\/instytutpolski.pl\/tokyo\/wp-content\/uploads\/sites\/22\/2023\/12\/DSC9957-1024x746.jpg\" alt=\"\" class=\"wp-image-7930\" srcset=\"https:\/\/instytutpolski.pl\/tokyo\/wp-content\/uploads\/sites\/22\/2023\/12\/DSC9957-1024x746.jpg 1024w, https:\/\/instytutpolski.pl\/tokyo\/wp-content\/uploads\/sites\/22\/2023\/12\/DSC9957-300x219.jpg 300w, https:\/\/instytutpolski.pl\/tokyo\/wp-content\/uploads\/sites\/22\/2023\/12\/DSC9957-768x559.jpg 768w, https:\/\/instytutpolski.pl\/tokyo\/wp-content\/uploads\/sites\/22\/2023\/12\/DSC9957.jpg 1359w\" sizes=\"auto, (max-width: 1024px) 100vw, 1024px\" \/><\/figure>\n\n\n\n<figure class=\"wp-block-image size-large\"><img loading=\"lazy\" decoding=\"async\" width=\"1024\" height=\"683\" data-id=\"7929\" src=\"https:\/\/instytutpolski.pl\/tokyo\/wp-content\/uploads\/sites\/22\/2023\/12\/DSC9934-1024x683.jpg\" alt=\"\" class=\"wp-image-7929\" srcset=\"https:\/\/instytutpolski.pl\/tokyo\/wp-content\/uploads\/sites\/22\/2023\/12\/DSC9934-1024x683.jpg 1024w, https:\/\/instytutpolski.pl\/tokyo\/wp-content\/uploads\/sites\/22\/2023\/12\/DSC9934-300x200.jpg 300w, https:\/\/instytutpolski.pl\/tokyo\/wp-content\/uploads\/sites\/22\/2023\/12\/DSC9934-768x512.jpg 768w, https:\/\/instytutpolski.pl\/tokyo\/wp-content\/uploads\/sites\/22\/2023\/12\/DSC9934-1536x1024.jpg 1536w, https:\/\/instytutpolski.pl\/tokyo\/wp-content\/uploads\/sites\/22\/2023\/12\/DSC9934.jpg 2048w\" sizes=\"auto, (max-width: 1024px) 100vw, 1024px\" \/><\/figure>\n\n\n\n<figure class=\"wp-block-image size-large\"><img loading=\"lazy\" decoding=\"async\" width=\"1024\" height=\"683\" data-id=\"7928\" src=\"https:\/\/instytutpolski.pl\/tokyo\/wp-content\/uploads\/sites\/22\/2023\/12\/DSC9644-1024x683.jpg\" alt=\"\" class=\"wp-image-7928\" srcset=\"https:\/\/instytutpolski.pl\/tokyo\/wp-content\/uploads\/sites\/22\/2023\/12\/DSC9644-1024x683.jpg 1024w, https:\/\/instytutpolski.pl\/tokyo\/wp-content\/uploads\/sites\/22\/2023\/12\/DSC9644-300x200.jpg 300w, https:\/\/instytutpolski.pl\/tokyo\/wp-content\/uploads\/sites\/22\/2023\/12\/DSC9644-768x512.jpg 768w, https:\/\/instytutpolski.pl\/tokyo\/wp-content\/uploads\/sites\/22\/2023\/12\/DSC9644-1536x1024.jpg 1536w, https:\/\/instytutpolski.pl\/tokyo\/wp-content\/uploads\/sites\/22\/2023\/12\/DSC9644.jpg 2048w\" sizes=\"auto, (max-width: 1024px) 100vw, 1024px\" \/><\/figure>\n\n\n\n<figure class=\"wp-block-image size-large\"><img loading=\"lazy\" decoding=\"async\" width=\"1024\" height=\"683\" data-id=\"7927\" src=\"https:\/\/instytutpolski.pl\/tokyo\/wp-content\/uploads\/sites\/22\/2023\/12\/DSC9639-1024x683.jpg\" alt=\"\" class=\"wp-image-7927\" srcset=\"https:\/\/instytutpolski.pl\/tokyo\/wp-content\/uploads\/sites\/22\/2023\/12\/DSC9639-1024x683.jpg 1024w, https:\/\/instytutpolski.pl\/tokyo\/wp-content\/uploads\/sites\/22\/2023\/12\/DSC9639-300x200.jpg 300w, https:\/\/instytutpolski.pl\/tokyo\/wp-content\/uploads\/sites\/22\/2023\/12\/DSC9639-768x512.jpg 768w, https:\/\/instytutpolski.pl\/tokyo\/wp-content\/uploads\/sites\/22\/2023\/12\/DSC9639-1536x1024.jpg 1536w, https:\/\/instytutpolski.pl\/tokyo\/wp-content\/uploads\/sites\/22\/2023\/12\/DSC9639.jpg 2048w\" sizes=\"auto, (max-width: 1024px) 100vw, 1024px\" \/><\/figure>\n\n\n\n<figure class=\"wp-block-image size-large\"><img loading=\"lazy\" decoding=\"async\" width=\"1024\" height=\"683\" data-id=\"7926\" src=\"https:\/\/instytutpolski.pl\/tokyo\/wp-content\/uploads\/sites\/22\/2023\/12\/DSC9229-1024x683.jpg\" alt=\"\" class=\"wp-image-7926\" srcset=\"https:\/\/instytutpolski.pl\/tokyo\/wp-content\/uploads\/sites\/22\/2023\/12\/DSC9229-1024x683.jpg 1024w, https:\/\/instytutpolski.pl\/tokyo\/wp-content\/uploads\/sites\/22\/2023\/12\/DSC9229-300x200.jpg 300w, https:\/\/instytutpolski.pl\/tokyo\/wp-content\/uploads\/sites\/22\/2023\/12\/DSC9229-768x512.jpg 768w, https:\/\/instytutpolski.pl\/tokyo\/wp-content\/uploads\/sites\/22\/2023\/12\/DSC9229-1536x1024.jpg 1536w, https:\/\/instytutpolski.pl\/tokyo\/wp-content\/uploads\/sites\/22\/2023\/12\/DSC9229.jpg 2048w\" sizes=\"auto, (max-width: 1024px) 100vw, 1024px\" \/><\/figure>\n\n\n\n<figure class=\"wp-block-image size-large\"><img loading=\"lazy\" decoding=\"async\" width=\"1024\" height=\"683\" data-id=\"7925\" src=\"https:\/\/instytutpolski.pl\/tokyo\/wp-content\/uploads\/sites\/22\/2023\/12\/DSC9200-1024x683.jpg\" alt=\"\" class=\"wp-image-7925\" srcset=\"https:\/\/instytutpolski.pl\/tokyo\/wp-content\/uploads\/sites\/22\/2023\/12\/DSC9200-1024x683.jpg 1024w, https:\/\/instytutpolski.pl\/tokyo\/wp-content\/uploads\/sites\/22\/2023\/12\/DSC9200-300x200.jpg 300w, https:\/\/instytutpolski.pl\/tokyo\/wp-content\/uploads\/sites\/22\/2023\/12\/DSC9200-768x512.jpg 768w, https:\/\/instytutpolski.pl\/tokyo\/wp-content\/uploads\/sites\/22\/2023\/12\/DSC9200-1536x1024.jpg 1536w, https:\/\/instytutpolski.pl\/tokyo\/wp-content\/uploads\/sites\/22\/2023\/12\/DSC9200.jpg 2048w\" sizes=\"auto, (max-width: 1024px) 100vw, 1024px\" \/><\/figure>\n\n\n\n<figure class=\"wp-block-image size-large\"><img loading=\"lazy\" decoding=\"async\" width=\"683\" height=\"1024\" data-id=\"7924\" src=\"https:\/\/instytutpolski.pl\/tokyo\/wp-content\/uploads\/sites\/22\/2023\/12\/DSC9126-683x1024.jpg\" alt=\"\" class=\"wp-image-7924\" srcset=\"https:\/\/instytutpolski.pl\/tokyo\/wp-content\/uploads\/sites\/22\/2023\/12\/DSC9126-683x1024.jpg 683w, https:\/\/instytutpolski.pl\/tokyo\/wp-content\/uploads\/sites\/22\/2023\/12\/DSC9126-200x300.jpg 200w, https:\/\/instytutpolski.pl\/tokyo\/wp-content\/uploads\/sites\/22\/2023\/12\/DSC9126-768x1152.jpg 768w, https:\/\/instytutpolski.pl\/tokyo\/wp-content\/uploads\/sites\/22\/2023\/12\/DSC9126-1024x1536.jpg 1024w, https:\/\/instytutpolski.pl\/tokyo\/wp-content\/uploads\/sites\/22\/2023\/12\/DSC9126.jpg 1365w\" sizes=\"auto, (max-width: 683px) 100vw, 683px\" \/><\/figure>\n\n\n\n<figure class=\"wp-block-image size-large\"><img loading=\"lazy\" decoding=\"async\" width=\"1024\" height=\"683\" data-id=\"7923\" src=\"https:\/\/instytutpolski.pl\/tokyo\/wp-content\/uploads\/sites\/22\/2023\/12\/DSC9112-1024x683.jpg\" alt=\"\" class=\"wp-image-7923\" srcset=\"https:\/\/instytutpolski.pl\/tokyo\/wp-content\/uploads\/sites\/22\/2023\/12\/DSC9112-1024x683.jpg 1024w, https:\/\/instytutpolski.pl\/tokyo\/wp-content\/uploads\/sites\/22\/2023\/12\/DSC9112-300x200.jpg 300w, https:\/\/instytutpolski.pl\/tokyo\/wp-content\/uploads\/sites\/22\/2023\/12\/DSC9112-768x512.jpg 768w, https:\/\/instytutpolski.pl\/tokyo\/wp-content\/uploads\/sites\/22\/2023\/12\/DSC9112-1536x1024.jpg 1536w, https:\/\/instytutpolski.pl\/tokyo\/wp-content\/uploads\/sites\/22\/2023\/12\/DSC9112.jpg 2048w\" sizes=\"auto, (max-width: 1024px) 100vw, 1024px\" \/><\/figure>\n<\/figure>\n","protected":false},"excerpt":{"rendered":"<p>W dniach 6 \u2013 9 grudnia w Teatrze X w Tokio odby\u0142y si\u0119 spektakle pt. \u201eTa\u0144czy\u0107 Konrada\u201d w wykonaniu wizytuj\u0105cego w Japonii polskiego Teatru Wierszalin, za\u0142o\u017conego w 1991 r. przez re\u017cysera Piotra Tomaszuka w miejscowo\u015bci Supra\u015bl pod Bia\u0142ymstokiem. \u201eTa\u0144czy\u0107 Konrada\u201d to\u00a0\u201eWielka Improwizacja\u201d z\u00a0III cz\u0119\u015bci \u201eDziad\u00f3w\u201d Adama Mickiewicza w\u00a0aktorskiej interpretacji Rafa\u0142a G\u0105sowskiego i\u00a0Dariusza Matysa z\u00a0Teatru Wierszalin, [&hellip;]<\/p>\n","protected":false},"author":94,"featured_media":7931,"comment_status":"open","ping_status":"open","sticky":true,"template":"","format":"standard","meta":{"inline_featured_image":false,"_monsterinsights_skip_tracking":false,"_monsterinsights_sitenote_active":false,"_monsterinsights_sitenote_note":"","_monsterinsights_sitenote_category":0,"footnotes":""},"categories":[50,34],"tags":[],"class_list":["post-7941","post","type-post","status-publish","format-standard","has-post-thumbnail","hentry","category-teatr-i-taniec","category-wydarzenia"],"yoast_head":"<!-- This site is optimized with the Yoast SEO plugin v24.6 - https:\/\/yoast.com\/wordpress\/plugins\/seo\/ -->\n<title>Spektakl \u201eTa\u0144czy\u0107 Konrada\u201d Teatru Wierszalin \u2013 w Tokio - Instytut Polski w Tokio<\/title>\n<meta name=\"robots\" content=\"index, follow, max-snippet:-1, max-image-preview:large, max-video-preview:-1\" \/>\n<link rel=\"canonical\" href=\"https:\/\/instytutpolski.pl\/tokyo\/pl\/spektakl-tanczyc-konrada-teatru-wierszalin-w-tokio\/\" \/>\n<meta property=\"og:locale\" content=\"pl_PL\" \/>\n<meta property=\"og:type\" content=\"article\" \/>\n<meta property=\"og:title\" content=\"Spektakl \u201eTa\u0144czy\u0107 Konrada\u201d Teatru Wierszalin \u2013 w Tokio - Instytut Polski w Tokio\" \/>\n<meta property=\"og:description\" content=\"W dniach 6 \u2013 9 grudnia w Teatrze X w Tokio odby\u0142y si\u0119 spektakle pt. \u201eTa\u0144czy\u0107 Konrada\u201d w wykonaniu wizytuj\u0105cego w Japonii polskiego Teatru Wierszalin, za\u0142o\u017conego w 1991 r. przez re\u017cysera Piotra Tomaszuka w miejscowo\u015bci Supra\u015bl pod Bia\u0142ymstokiem. \u201eTa\u0144czy\u0107 Konrada\u201d to\u00a0\u201eWielka Improwizacja\u201d z\u00a0III cz\u0119\u015bci \u201eDziad\u00f3w\u201d Adama Mickiewicza w\u00a0aktorskiej interpretacji Rafa\u0142a G\u0105sowskiego i\u00a0Dariusza Matysa z\u00a0Teatru Wierszalin, [&hellip;]\" \/>\n<meta property=\"og:url\" content=\"https:\/\/instytutpolski.pl\/tokyo\/pl\/spektakl-tanczyc-konrada-teatru-wierszalin-w-tokio\/\" \/>\n<meta property=\"og:site_name\" content=\"Instytut Polski w Tokio\" \/>\n<meta property=\"article:published_time\" content=\"2023-12-13T04:16:33+00:00\" \/>\n<meta property=\"article:modified_time\" content=\"2023-12-13T04:21:39+00:00\" \/>\n<meta property=\"og:image\" content=\"https:\/\/instytutpolski.pl\/tokyo\/wp-content\/uploads\/sites\/22\/2023\/12\/Wierszalin1-scaled.jpg\" \/>\n\t<meta property=\"og:image:width\" content=\"2560\" \/>\n\t<meta property=\"og:image:height\" content=\"1706\" \/>\n\t<meta property=\"og:image:type\" content=\"image\/jpeg\" \/>\n<meta name=\"author\" content=\"sugiura\" \/>\n<meta name=\"twitter:card\" content=\"summary_large_image\" \/>\n<meta name=\"twitter:label1\" content=\"Napisane przez\" \/>\n\t<meta name=\"twitter:data1\" content=\"sugiura\" \/>\n\t<meta name=\"twitter:label2\" content=\"Szacowany czas czytania\" \/>\n\t<meta name=\"twitter:data2\" content=\"5 minut\" \/>\n<script type=\"application\/ld+json\" class=\"yoast-schema-graph\">{\"@context\":\"https:\/\/schema.org\",\"@graph\":[{\"@type\":\"event\",\"@id\":\"https:\/\/instytutpolski.pl\/tokyo\/pl\/spektakl-tanczyc-konrada-teatru-wierszalin-w-tokio\/\",\"url\":\"https:\/\/instytutpolski.pl\/tokyo\/pl\/spektakl-tanczyc-konrada-teatru-wierszalin-w-tokio\/\",\"name\":\"Spektakl \u201eTa\u0144czy\u0107 Konrada\u201d Teatru Wierszalin \u2013 w Tokio\",\"isPartOf\":{\"@id\":\"https:\/\/instytutpolski.pl\/tokyo\/#website\"},\"primaryImageOfPage\":{\"@id\":\"https:\/\/instytutpolski.pl\/tokyo\/pl\/spektakl-tanczyc-konrada-teatru-wierszalin-w-tokio\/#primaryimage\"},\"image\":[\"https:\/\/instytutpolski.pl\/tokyo\/wp-content\/uploads\/sites\/22\/2023\/12\/Wierszalin1-scaled.jpg\",\"https:\/\/instytutpolski.pl\/tokyo\/wp-content\/uploads\/sites\/22\/2023\/12\/Wierszalin1-300x200.jpg\",\"https:\/\/instytutpolski.pl\/tokyo\/wp-content\/uploads\/sites\/22\/2023\/12\/Wierszalin1-1024x683.jpg\",\"https:\/\/instytutpolski.pl\/tokyo\/wp-content\/uploads\/sites\/22\/2023\/12\/Wierszalin1-scaled.jpg\"],\"thumbnailUrl\":\"https:\/\/instytutpolski.pl\/tokyo\/wp-content\/uploads\/sites\/22\/2023\/12\/Wierszalin1-scaled.jpg\",\"datePublished\":\"2023-12-13T04:16:33+02:00\",\"dateModified\":\"2023-12-13T04:21:39+02:00\",\"author\":{\"@id\":\"https:\/\/instytutpolski.pl\/tokyo\/#\/schema\/person\/7a654c59da8e62887c2b147d6d2fea92\"},\"breadcrumb\":{\"@id\":\"https:\/\/instytutpolski.pl\/tokyo\/pl\/spektakl-tanczyc-konrada-teatru-wierszalin-w-tokio\/#breadcrumb\"},\"inLanguage\":\"pl-PL\",\"potentialAction\":[{\"@type\":\"ReadAction\",\"target\":[\"https:\/\/instytutpolski.pl\/tokyo\/pl\/spektakl-tanczyc-konrada-teatru-wierszalin-w-tokio\/\"]}],\"@context\":\"https:\/\/schema.org\",\"startDate\":\"2023-12-13\",\"endDate\":\"2023-12-13\",\"eventStatus\":\"EventScheduled\",\"eventAttendanceMode\":\"OfflineEventAttendanceMode\",\"location\":{\"@type\":\"place\",\"name\":\"\",\"address\":\"\",\"geo\":{\"@type\":\"GeoCoordinates\",\"latitude\":\"\",\"longitude\":\"\"}},\"description\":\"W dniach 6 \u2013 9 grudnia w Teatrze X w Tokio odby\u0142y si\u0119 spektakle pt. \u201eTa\u0144czy\u0107 Konrada\u201d w wykonaniu wizytuj\u0105cego w Japonii polskiego Teatru Wierszalin, za\u0142o\u017conego w 1991 r. przez re\u017cysera Piotra Tomaszuka w miejscowo\u015bci Supra\u015bl pod Bia\u0142ymstokiem.\\n\u201eTa\u0144czy\u0107 Konrada\u201d to\u00a0\u201eWielka Improwizacja\u201d z\u00a0III cz\u0119\u015bci \u201eDziad\u00f3w\u201d Adama Mickiewicza w\u00a0aktorskiej interpretacji Rafa\u0142a G\u0105sowskiego i\u00a0Dariusza Matysa z\u00a0Teatru Wierszalin, wzbogacona o\u00a0improwizacje baletowe artysty Polskiego Baletu Narodowego Bartosza Zy\u015bka oraz\u00a0fortepianowe Aleksandry \u015awigut (zdobywczyni II nagrody w I Mi\u0119dzynarodowym Konkursie Chopinowskim na Instrumentach Historycznych w Warszawie).\\n\u00a0\\nPokazom towarzyszy\u0142y spotkania z tw\u00f3rcami spektaklu oraz wystawa fotografii Magdaleny Rybij. Wystawa przedstawia\u0142a impresje fotograficzne wykonane w\u00a0trakcie trzech improwizowanych sesji \u201eTa\u0144czy\u0107 Konrada\u201d w\u00a0Teatrze Wierszalin na\u00a0festiwalu \u201eMiedzy wierszami 2022\u201d w\u00a0Supra\u015blu. Fotografie zosta\u0142y utrwalone na surowych drewnianych deskach z Puszczy Knyszy\u0144skiej.\\n\u00a0\\nDzi\u0119ki projektowi \u201eTa\u0144czy\u0107 Konrada w\u00a0Tokio\u201d powsta\u0142o pierwsze w\u00a0historii t\u0142umaczenie fragment\u00f3w III cz\u0119\u015bci \u201eDziad\u00f3w\u201d Adama Mickiewicza na\u00a0j\u0119zyk japo\u0144ski. T\u0142umaczenie obejmuje wst\u0119p do\u00a0cz\u0119\u015bci III, \u201eWielk\u0105 Improwizacj\u0119\u201d oraz\u00a0\u201eWidzenie ksi\u0119dza Piotra\u201d. T\u0142umaczenia dokona\u0142 wybitny japo\u0144ski profesor Tokimasa Sekiguchi (laureat m.in. Nagrody Transatlantyk).\\n\u00a0\\nBy\u0142a to druga wizyta w Japonii zespo\u0142u teatralnego Wierszalin po 10 latach, kt\u00f3ry w 2013 r. pokaza\u0142 spektakl pt. \u201eTraktat o Manekinach\u201d.\\nProjekt \u201eTa\u0144czac Konrada\u201d Teatru Wierszalin w Japonii zosta\u0142 dofinansowany ze \u015brodk\u00f3w Ministra Kultury i Dziedzictwa Narodowego w ramach programu \u201eKultura inspiruj\u0105ca\u201d, przy wsparciu Instytutu Polskiego w Tokio.\\nZdj\u0119cia: Magdalena Rybij oraz IP Tokio\"},{\"@type\":\"ImageObject\",\"inLanguage\":\"pl-PL\",\"@id\":\"https:\/\/instytutpolski.pl\/tokyo\/pl\/spektakl-tanczyc-konrada-teatru-wierszalin-w-tokio\/#primaryimage\",\"url\":\"https:\/\/instytutpolski.pl\/tokyo\/wp-content\/uploads\/sites\/22\/2023\/12\/Wierszalin1-scaled.jpg\",\"contentUrl\":\"https:\/\/instytutpolski.pl\/tokyo\/wp-content\/uploads\/sites\/22\/2023\/12\/Wierszalin1-scaled.jpg\",\"width\":2560,\"height\":1706},{\"@type\":\"BreadcrumbList\",\"@id\":\"https:\/\/instytutpolski.pl\/tokyo\/pl\/spektakl-tanczyc-konrada-teatru-wierszalin-w-tokio\/#breadcrumb\",\"itemListElement\":[{\"@type\":\"ListItem\",\"position\":1,\"name\":\"Home\",\"item\":\"https:\/\/instytutpolski.pl\/tokyo\/\"},{\"@type\":\"ListItem\",\"position\":2,\"name\":\"Spektakl \u201eTa\u0144czy\u0107 Konrada\u201d Teatru Wierszalin \u2013 w Tokio\"}]},{\"@type\":\"WebSite\",\"@id\":\"https:\/\/instytutpolski.pl\/tokyo\/#website\",\"url\":\"https:\/\/instytutpolski.pl\/tokyo\/\",\"name\":\"Instytut Polski w Tokio\",\"description\":\"Instytuty Polskie\",\"potentialAction\":[{\"@type\":\"SearchAction\",\"target\":{\"@type\":\"EntryPoint\",\"urlTemplate\":\"https:\/\/instytutpolski.pl\/tokyo\/?s={search_term_string}\"},\"query-input\":{\"@type\":\"PropertyValueSpecification\",\"valueRequired\":true,\"valueName\":\"search_term_string\"}}],\"inLanguage\":\"pl-PL\"},{\"@type\":\"Person\",\"@id\":\"https:\/\/instytutpolski.pl\/tokyo\/#\/schema\/person\/7a654c59da8e62887c2b147d6d2fea92\",\"name\":\"sugiura\",\"image\":{\"@type\":\"ImageObject\",\"inLanguage\":\"pl-PL\",\"@id\":\"https:\/\/instytutpolski.pl\/tokyo\/#\/schema\/person\/image\/\",\"url\":\"https:\/\/secure.gravatar.com\/avatar\/86449d47195af407c9daaa902a09d4cc?s=96&d=mm&r=g\",\"contentUrl\":\"https:\/\/secure.gravatar.com\/avatar\/86449d47195af407c9daaa902a09d4cc?s=96&d=mm&r=g\",\"caption\":\"sugiura\"},\"url\":\"https:\/\/instytutpolski.pl\/tokyo\/author\/sugiura\/\"}]}<\/script>\n<!-- \/ Yoast SEO plugin. -->","yoast_head_json":{"title":"Spektakl \u201eTa\u0144czy\u0107 Konrada\u201d Teatru Wierszalin \u2013 w Tokio - Instytut Polski w Tokio","robots":{"index":"index","follow":"follow","max-snippet":"max-snippet:-1","max-image-preview":"max-image-preview:large","max-video-preview":"max-video-preview:-1"},"canonical":"https:\/\/instytutpolski.pl\/tokyo\/pl\/spektakl-tanczyc-konrada-teatru-wierszalin-w-tokio\/","og_locale":"pl_PL","og_type":"article","og_title":"Spektakl \u201eTa\u0144czy\u0107 Konrada\u201d Teatru Wierszalin \u2013 w Tokio - Instytut Polski w Tokio","og_description":"W dniach 6 \u2013 9 grudnia w Teatrze X w Tokio odby\u0142y si\u0119 spektakle pt. \u201eTa\u0144czy\u0107 Konrada\u201d w wykonaniu wizytuj\u0105cego w Japonii polskiego Teatru Wierszalin, za\u0142o\u017conego w 1991 r. przez re\u017cysera Piotra Tomaszuka w miejscowo\u015bci Supra\u015bl pod Bia\u0142ymstokiem. \u201eTa\u0144czy\u0107 Konrada\u201d to\u00a0\u201eWielka Improwizacja\u201d z\u00a0III cz\u0119\u015bci \u201eDziad\u00f3w\u201d Adama Mickiewicza w\u00a0aktorskiej interpretacji Rafa\u0142a G\u0105sowskiego i\u00a0Dariusza Matysa z\u00a0Teatru Wierszalin, [&hellip;]","og_url":"https:\/\/instytutpolski.pl\/tokyo\/pl\/spektakl-tanczyc-konrada-teatru-wierszalin-w-tokio\/","og_site_name":"Instytut Polski w Tokio","article_published_time":"2023-12-13T04:16:33+00:00","article_modified_time":"2023-12-13T04:21:39+00:00","og_image":[{"width":2560,"height":1706,"url":"https:\/\/instytutpolski.pl\/tokyo\/wp-content\/uploads\/sites\/22\/2023\/12\/Wierszalin1-scaled.jpg","type":"image\/jpeg"}],"author":"sugiura","twitter_card":"summary_large_image","twitter_misc":{"Napisane przez":"sugiura","Szacowany czas czytania":"5 minut"},"schema":{"@context":"https:\/\/schema.org","@graph":[{"@type":"event","@id":"https:\/\/instytutpolski.pl\/tokyo\/pl\/spektakl-tanczyc-konrada-teatru-wierszalin-w-tokio\/","url":"https:\/\/instytutpolski.pl\/tokyo\/pl\/spektakl-tanczyc-konrada-teatru-wierszalin-w-tokio\/","name":"Spektakl \u201eTa\u0144czy\u0107 Konrada\u201d Teatru Wierszalin \u2013 w Tokio","isPartOf":{"@id":"https:\/\/instytutpolski.pl\/tokyo\/#website"},"primaryImageOfPage":{"@id":"https:\/\/instytutpolski.pl\/tokyo\/pl\/spektakl-tanczyc-konrada-teatru-wierszalin-w-tokio\/#primaryimage"},"image":["https:\/\/instytutpolski.pl\/tokyo\/wp-content\/uploads\/sites\/22\/2023\/12\/Wierszalin1-scaled.jpg","https:\/\/instytutpolski.pl\/tokyo\/wp-content\/uploads\/sites\/22\/2023\/12\/Wierszalin1-300x200.jpg","https:\/\/instytutpolski.pl\/tokyo\/wp-content\/uploads\/sites\/22\/2023\/12\/Wierszalin1-1024x683.jpg","https:\/\/instytutpolski.pl\/tokyo\/wp-content\/uploads\/sites\/22\/2023\/12\/Wierszalin1-scaled.jpg"],"thumbnailUrl":"https:\/\/instytutpolski.pl\/tokyo\/wp-content\/uploads\/sites\/22\/2023\/12\/Wierszalin1-scaled.jpg","datePublished":"2023-12-13T04:16:33+02:00","dateModified":"2023-12-13T04:21:39+02:00","author":{"@id":"https:\/\/instytutpolski.pl\/tokyo\/#\/schema\/person\/7a654c59da8e62887c2b147d6d2fea92"},"breadcrumb":{"@id":"https:\/\/instytutpolski.pl\/tokyo\/pl\/spektakl-tanczyc-konrada-teatru-wierszalin-w-tokio\/#breadcrumb"},"inLanguage":"pl-PL","potentialAction":[{"@type":"ReadAction","target":["https:\/\/instytutpolski.pl\/tokyo\/pl\/spektakl-tanczyc-konrada-teatru-wierszalin-w-tokio\/"]}],"@context":"https:\/\/schema.org","startDate":"2023-12-13","endDate":"2023-12-13","eventStatus":"EventScheduled","eventAttendanceMode":"OfflineEventAttendanceMode","location":{"@type":"place","name":"","address":"","geo":{"@type":"GeoCoordinates","latitude":"","longitude":""}},"description":"W dniach 6 \u2013 9 grudnia w Teatrze X w Tokio odby\u0142y si\u0119 spektakle pt. \u201eTa\u0144czy\u0107 Konrada\u201d w wykonaniu wizytuj\u0105cego w Japonii polskiego Teatru Wierszalin, za\u0142o\u017conego w 1991 r. przez re\u017cysera Piotra Tomaszuka w miejscowo\u015bci Supra\u015bl pod Bia\u0142ymstokiem.\n\u201eTa\u0144czy\u0107 Konrada\u201d to\u00a0\u201eWielka Improwizacja\u201d z\u00a0III cz\u0119\u015bci \u201eDziad\u00f3w\u201d Adama Mickiewicza w\u00a0aktorskiej interpretacji Rafa\u0142a G\u0105sowskiego i\u00a0Dariusza Matysa z\u00a0Teatru Wierszalin, wzbogacona o\u00a0improwizacje baletowe artysty Polskiego Baletu Narodowego Bartosza Zy\u015bka oraz\u00a0fortepianowe Aleksandry \u015awigut (zdobywczyni II nagrody w I Mi\u0119dzynarodowym Konkursie Chopinowskim na Instrumentach Historycznych w Warszawie).\n\u00a0\nPokazom towarzyszy\u0142y spotkania z tw\u00f3rcami spektaklu oraz wystawa fotografii Magdaleny Rybij. Wystawa przedstawia\u0142a impresje fotograficzne wykonane w\u00a0trakcie trzech improwizowanych sesji \u201eTa\u0144czy\u0107 Konrada\u201d w\u00a0Teatrze Wierszalin na\u00a0festiwalu \u201eMiedzy wierszami 2022\u201d w\u00a0Supra\u015blu. Fotografie zosta\u0142y utrwalone na surowych drewnianych deskach z Puszczy Knyszy\u0144skiej.\n\u00a0\nDzi\u0119ki projektowi \u201eTa\u0144czy\u0107 Konrada w\u00a0Tokio\u201d powsta\u0142o pierwsze w\u00a0historii t\u0142umaczenie fragment\u00f3w III cz\u0119\u015bci \u201eDziad\u00f3w\u201d Adama Mickiewicza na\u00a0j\u0119zyk japo\u0144ski. T\u0142umaczenie obejmuje wst\u0119p do\u00a0cz\u0119\u015bci III, \u201eWielk\u0105 Improwizacj\u0119\u201d oraz\u00a0\u201eWidzenie ksi\u0119dza Piotra\u201d. T\u0142umaczenia dokona\u0142 wybitny japo\u0144ski profesor Tokimasa Sekiguchi (laureat m.in. Nagrody Transatlantyk).\n\u00a0\nBy\u0142a to druga wizyta w Japonii zespo\u0142u teatralnego Wierszalin po 10 latach, kt\u00f3ry w 2013 r. pokaza\u0142 spektakl pt. \u201eTraktat o Manekinach\u201d.\nProjekt \u201eTa\u0144czac Konrada\u201d Teatru Wierszalin w Japonii zosta\u0142 dofinansowany ze \u015brodk\u00f3w Ministra Kultury i Dziedzictwa Narodowego w ramach programu \u201eKultura inspiruj\u0105ca\u201d, przy wsparciu Instytutu Polskiego w Tokio.\nZdj\u0119cia: Magdalena Rybij oraz IP Tokio"},{"@type":"ImageObject","inLanguage":"pl-PL","@id":"https:\/\/instytutpolski.pl\/tokyo\/pl\/spektakl-tanczyc-konrada-teatru-wierszalin-w-tokio\/#primaryimage","url":"https:\/\/instytutpolski.pl\/tokyo\/wp-content\/uploads\/sites\/22\/2023\/12\/Wierszalin1-scaled.jpg","contentUrl":"https:\/\/instytutpolski.pl\/tokyo\/wp-content\/uploads\/sites\/22\/2023\/12\/Wierszalin1-scaled.jpg","width":2560,"height":1706},{"@type":"BreadcrumbList","@id":"https:\/\/instytutpolski.pl\/tokyo\/pl\/spektakl-tanczyc-konrada-teatru-wierszalin-w-tokio\/#breadcrumb","itemListElement":[{"@type":"ListItem","position":1,"name":"Home","item":"https:\/\/instytutpolski.pl\/tokyo\/"},{"@type":"ListItem","position":2,"name":"Spektakl \u201eTa\u0144czy\u0107 Konrada\u201d Teatru Wierszalin \u2013 w Tokio"}]},{"@type":"WebSite","@id":"https:\/\/instytutpolski.pl\/tokyo\/#website","url":"https:\/\/instytutpolski.pl\/tokyo\/","name":"Instytut Polski w Tokio","description":"Instytuty Polskie","potentialAction":[{"@type":"SearchAction","target":{"@type":"EntryPoint","urlTemplate":"https:\/\/instytutpolski.pl\/tokyo\/?s={search_term_string}"},"query-input":{"@type":"PropertyValueSpecification","valueRequired":true,"valueName":"search_term_string"}}],"inLanguage":"pl-PL"},{"@type":"Person","@id":"https:\/\/instytutpolski.pl\/tokyo\/#\/schema\/person\/7a654c59da8e62887c2b147d6d2fea92","name":"sugiura","image":{"@type":"ImageObject","inLanguage":"pl-PL","@id":"https:\/\/instytutpolski.pl\/tokyo\/#\/schema\/person\/image\/","url":"https:\/\/secure.gravatar.com\/avatar\/86449d47195af407c9daaa902a09d4cc?s=96&d=mm&r=g","contentUrl":"https:\/\/secure.gravatar.com\/avatar\/86449d47195af407c9daaa902a09d4cc?s=96&d=mm&r=g","caption":"sugiura"},"url":"https:\/\/instytutpolski.pl\/tokyo\/author\/sugiura\/"}]}},"_links":{"self":[{"href":"https:\/\/instytutpolski.pl\/tokyo\/wp-json\/wp\/v2\/posts\/7941","targetHints":{"allow":["GET"]}}],"collection":[{"href":"https:\/\/instytutpolski.pl\/tokyo\/wp-json\/wp\/v2\/posts"}],"about":[{"href":"https:\/\/instytutpolski.pl\/tokyo\/wp-json\/wp\/v2\/types\/post"}],"author":[{"embeddable":true,"href":"https:\/\/instytutpolski.pl\/tokyo\/wp-json\/wp\/v2\/users\/94"}],"replies":[{"embeddable":true,"href":"https:\/\/instytutpolski.pl\/tokyo\/wp-json\/wp\/v2\/comments?post=7941"}],"version-history":[{"count":1,"href":"https:\/\/instytutpolski.pl\/tokyo\/wp-json\/wp\/v2\/posts\/7941\/revisions"}],"predecessor-version":[{"id":7942,"href":"https:\/\/instytutpolski.pl\/tokyo\/wp-json\/wp\/v2\/posts\/7941\/revisions\/7942"}],"wp:featuredmedia":[{"embeddable":true,"href":"https:\/\/instytutpolski.pl\/tokyo\/wp-json\/wp\/v2\/media\/7931"}],"wp:attachment":[{"href":"https:\/\/instytutpolski.pl\/tokyo\/wp-json\/wp\/v2\/media?parent=7941"}],"wp:term":[{"taxonomy":"category","embeddable":true,"href":"https:\/\/instytutpolski.pl\/tokyo\/wp-json\/wp\/v2\/categories?post=7941"},{"taxonomy":"post_tag","embeddable":true,"href":"https:\/\/instytutpolski.pl\/tokyo\/wp-json\/wp\/v2\/tags?post=7941"}],"curies":[{"name":"wp","href":"https:\/\/api.w.org\/{rel}","templated":true}]}}