{"id":7952,"date":"2023-12-13T05:29:49","date_gmt":"2023-12-13T04:29:49","guid":{"rendered":"https:\/\/instytutpolski.pl\/tokyo\/?p=7952"},"modified":"2023-12-13T07:13:24","modified_gmt":"2023-12-13T06:13:24","slug":"festiwalu-filmow-animowanych-v4-dla-dzieci-w-tokio","status":"publish","type":"post","link":"https:\/\/instytutpolski.pl\/tokyo\/pl\/festiwalu-filmow-animowanych-v4-dla-dzieci-w-tokio\/","title":{"rendered":"Festiwal Film\u00f3w Animowanych V4 dla Dzieci w Tokio"},"content":{"rendered":"\n<p>9 grudnia, w Japo\u0144skim Narodowym Archiwum Filmowym (NFAJ) odby\u0142 si\u0119 Festiwal Film\u00f3w V4 dla Dzieci (V4 Countries Kids Film Festival), organizowany co roku od 2016 r. przez NFAJ oraz Instytut Polski, W\u0119gierski Instytut Kultury, Centrum Czeskie i Ambasad\u0119 S\u0142owacji w Tokio.<\/p>\n<p>\u00a0<\/p>\n<p>W ramach tegorocznego festiwalu Instytut Polski w Tokio przedstawi\u0142 film animowany pt. \u201eMost\u201d w re\u017c. Izumi Yoshidy, urodzonej w \u0141odzi absolwentki \u0142\u00f3dzkiej Szko\u0142y Filmowej, wyk\u0142adowczyni na Akademii Sztuk Pi\u0119knych w \u0141odzi. Film ten zdoby\u0142 Grand Prix \u201eGeorge Lucas Award\u201d na festiwalu film\u00f3w kr\u00f3tkometra\u017cowych Short Shorts Film Festival&amp;Asia 2023 w Tokio, gdzie zosta\u0142 r\u00f3wnie\u017c uznany za najlepszy film animowany. \u201eMost\u201d przedstawia prawdziw\u0105 histori\u0119 polskich \u201edzieci syberyjskich\u201d, kt\u00f3re zosta\u0142y uratowane przez japo\u0144ski Czerwony Krzy\u017c w latach 20tych XX wieku.<\/p>\n<p>\u00a0<\/p>\n<p>Festiwal stanowi doskona\u0142\u0105 okazj\u0119 do promocji w Japonii wsp\u00f3\u0142pracy w formacie Grupy Wyszehradzkiej, a tak\u017ce jej pa\u0144stw cz\u0142onkowskich. Instytut Polski w Tokio przygotowa\u0142 dla wszystkich uczestnik\u00f3w wydarzenia wydane przez Muzeum Sztuki i Techniki Japo\u0144skiej Manggha w Krakowie ksi\u0105\u017ceczki dla dzieci \u201ePrzez Japoni\u0119 do Polski. O dzielnych polskich dzieciach z Syberii\u201d oraz p\u0105czki.<\/p>\n<p>\u00a0<\/p>\n<p>Zdj\u0119cia: NFAJ oraz IP Tokio.<\/p>\n\n\n\n<figure class=\"wp-block-gallery has-nested-images columns-2 wp-block-gallery-1 is-layout-flex wp-block-gallery-is-layout-flex\">\n<figure class=\"wp-block-image size-large\"><img loading=\"lazy\" decoding=\"async\" width=\"1024\" height=\"429\" data-id=\"7944\" src=\"https:\/\/instytutpolski.pl\/tokyo\/wp-content\/uploads\/sites\/22\/2023\/12\/3.still1_-1024x429.jpg\" alt=\"\" class=\"wp-image-7944\" srcset=\"https:\/\/instytutpolski.pl\/tokyo\/wp-content\/uploads\/sites\/22\/2023\/12\/3.still1_-1024x429.jpg 1024w, https:\/\/instytutpolski.pl\/tokyo\/wp-content\/uploads\/sites\/22\/2023\/12\/3.still1_-300x126.jpg 300w, https:\/\/instytutpolski.pl\/tokyo\/wp-content\/uploads\/sites\/22\/2023\/12\/3.still1_-768x322.jpg 768w, https:\/\/instytutpolski.pl\/tokyo\/wp-content\/uploads\/sites\/22\/2023\/12\/3.still1_-1536x644.jpg 1536w, https:\/\/instytutpolski.pl\/tokyo\/wp-content\/uploads\/sites\/22\/2023\/12\/3.still1_.jpg 2048w\" sizes=\"auto, (max-width: 1024px) 100vw, 1024px\" \/><\/figure>\n\n\n\n<figure class=\"wp-block-image size-large\"><img loading=\"lazy\" decoding=\"async\" width=\"1024\" height=\"429\" data-id=\"7947\" src=\"https:\/\/instytutpolski.pl\/tokyo\/wp-content\/uploads\/sites\/22\/2023\/12\/4.still2_-1024x429.jpg\" alt=\"\" class=\"wp-image-7947\" srcset=\"https:\/\/instytutpolski.pl\/tokyo\/wp-content\/uploads\/sites\/22\/2023\/12\/4.still2_-1024x429.jpg 1024w, https:\/\/instytutpolski.pl\/tokyo\/wp-content\/uploads\/sites\/22\/2023\/12\/4.still2_-300x126.jpg 300w, https:\/\/instytutpolski.pl\/tokyo\/wp-content\/uploads\/sites\/22\/2023\/12\/4.still2_-768x322.jpg 768w, https:\/\/instytutpolski.pl\/tokyo\/wp-content\/uploads\/sites\/22\/2023\/12\/4.still2_-1536x644.jpg 1536w, https:\/\/instytutpolski.pl\/tokyo\/wp-content\/uploads\/sites\/22\/2023\/12\/4.still2_.jpg 2048w\" sizes=\"auto, (max-width: 1024px) 100vw, 1024px\" \/><\/figure>\n\n\n\n<figure class=\"wp-block-image size-large\"><img loading=\"lazy\" decoding=\"async\" width=\"797\" height=\"1024\" data-id=\"7950\" src=\"https:\/\/instytutpolski.pl\/tokyo\/wp-content\/uploads\/sites\/22\/2023\/12\/1-797x1024.jpeg\" alt=\"\" class=\"wp-image-7950\" srcset=\"https:\/\/instytutpolski.pl\/tokyo\/wp-content\/uploads\/sites\/22\/2023\/12\/1-797x1024.jpeg 797w, https:\/\/instytutpolski.pl\/tokyo\/wp-content\/uploads\/sites\/22\/2023\/12\/1-233x300.jpeg 233w, https:\/\/instytutpolski.pl\/tokyo\/wp-content\/uploads\/sites\/22\/2023\/12\/1-768x987.jpeg 768w, https:\/\/instytutpolski.pl\/tokyo\/wp-content\/uploads\/sites\/22\/2023\/12\/1-1195x1536.jpeg 1195w, https:\/\/instytutpolski.pl\/tokyo\/wp-content\/uploads\/sites\/22\/2023\/12\/1-1593x2048.jpeg 1593w, https:\/\/instytutpolski.pl\/tokyo\/wp-content\/uploads\/sites\/22\/2023\/12\/1-scaled.jpeg 1992w\" sizes=\"auto, (max-width: 797px) 100vw, 797px\" \/><\/figure>\n\n\n\n<figure class=\"wp-block-image size-large\"><img loading=\"lazy\" decoding=\"async\" width=\"1024\" height=\"768\" data-id=\"7945\" src=\"https:\/\/instytutpolski.pl\/tokyo\/wp-content\/uploads\/sites\/22\/2023\/12\/1.NFAJ_-1024x768.jpg\" alt=\"\" class=\"wp-image-7945\" srcset=\"https:\/\/instytutpolski.pl\/tokyo\/wp-content\/uploads\/sites\/22\/2023\/12\/1.NFAJ_-1024x768.jpg 1024w, https:\/\/instytutpolski.pl\/tokyo\/wp-content\/uploads\/sites\/22\/2023\/12\/1.NFAJ_-300x225.jpg 300w, https:\/\/instytutpolski.pl\/tokyo\/wp-content\/uploads\/sites\/22\/2023\/12\/1.NFAJ_-768x576.jpg 768w, https:\/\/instytutpolski.pl\/tokyo\/wp-content\/uploads\/sites\/22\/2023\/12\/1.NFAJ_-1536x1153.jpg 1536w, https:\/\/instytutpolski.pl\/tokyo\/wp-content\/uploads\/sites\/22\/2023\/12\/1.NFAJ_.jpg 1711w\" sizes=\"auto, (max-width: 1024px) 100vw, 1024px\" \/><\/figure>\n\n\n\n<figure class=\"wp-block-image size-large\"><img loading=\"lazy\" decoding=\"async\" width=\"1024\" height=\"768\" data-id=\"7946\" src=\"https:\/\/instytutpolski.pl\/tokyo\/wp-content\/uploads\/sites\/22\/2023\/12\/2.IP_-1024x768.jpg\" alt=\"\" class=\"wp-image-7946\" srcset=\"https:\/\/instytutpolski.pl\/tokyo\/wp-content\/uploads\/sites\/22\/2023\/12\/2.IP_-1024x768.jpg 1024w, https:\/\/instytutpolski.pl\/tokyo\/wp-content\/uploads\/sites\/22\/2023\/12\/2.IP_-300x225.jpg 300w, https:\/\/instytutpolski.pl\/tokyo\/wp-content\/uploads\/sites\/22\/2023\/12\/2.IP_-768x576.jpg 768w, https:\/\/instytutpolski.pl\/tokyo\/wp-content\/uploads\/sites\/22\/2023\/12\/2.IP_.jpg 1506w\" sizes=\"auto, (max-width: 1024px) 100vw, 1024px\" \/><\/figure>\n\n\n\n<figure class=\"wp-block-image size-large\"><img loading=\"lazy\" decoding=\"async\" width=\"768\" height=\"1024\" data-id=\"7948\" src=\"https:\/\/instytutpolski.pl\/tokyo\/wp-content\/uploads\/sites\/22\/2023\/12\/7.IP_-768x1024.jpg\" alt=\"\" class=\"wp-image-7948\" srcset=\"https:\/\/instytutpolski.pl\/tokyo\/wp-content\/uploads\/sites\/22\/2023\/12\/7.IP_-768x1024.jpg 768w, https:\/\/instytutpolski.pl\/tokyo\/wp-content\/uploads\/sites\/22\/2023\/12\/7.IP_-225x300.jpg 225w, https:\/\/instytutpolski.pl\/tokyo\/wp-content\/uploads\/sites\/22\/2023\/12\/7.IP_-1152x1536.jpg 1152w, https:\/\/instytutpolski.pl\/tokyo\/wp-content\/uploads\/sites\/22\/2023\/12\/7.IP_.jpg 1412w\" sizes=\"auto, (max-width: 768px) 100vw, 768px\" \/><\/figure>\n\n\n\n<figure class=\"wp-block-image size-large\"><img loading=\"lazy\" decoding=\"async\" width=\"1024\" height=\"576\" data-id=\"7949\" src=\"https:\/\/instytutpolski.pl\/tokyo\/wp-content\/uploads\/sites\/22\/2023\/12\/8.IP_-1024x576.jpeg\" alt=\"\" class=\"wp-image-7949\" srcset=\"https:\/\/instytutpolski.pl\/tokyo\/wp-content\/uploads\/sites\/22\/2023\/12\/8.IP_-1024x576.jpeg 1024w, https:\/\/instytutpolski.pl\/tokyo\/wp-content\/uploads\/sites\/22\/2023\/12\/8.IP_-300x169.jpeg 300w, https:\/\/instytutpolski.pl\/tokyo\/wp-content\/uploads\/sites\/22\/2023\/12\/8.IP_-768x432.jpeg 768w, https:\/\/instytutpolski.pl\/tokyo\/wp-content\/uploads\/sites\/22\/2023\/12\/8.IP_-1120x630.jpeg 1120w, https:\/\/instytutpolski.pl\/tokyo\/wp-content\/uploads\/sites\/22\/2023\/12\/8.IP_.jpeg 1331w\" sizes=\"auto, (max-width: 1024px) 100vw, 1024px\" \/><\/figure>\n<\/figure>\n","protected":false},"excerpt":{"rendered":"<p>9 grudnia, w Japo\u0144skim Narodowym Archiwum Filmowym (NFAJ) odby\u0142 si\u0119 Festiwal Film\u00f3w V4 dla Dzieci (V4 Countries Kids Film Festival), organizowany co roku od 2016 r. przez NFAJ oraz Instytut Polski, W\u0119gierski Instytut Kultury, Centrum Czeskie i Ambasad\u0119 S\u0142owacji w Tokio. \u00a0 W ramach tegorocznego festiwalu Instytut Polski w Tokio przedstawi\u0142 film animowany pt. \u201eMost\u201d [&hellip;]<\/p>\n","protected":false},"author":94,"featured_media":7947,"comment_status":"open","ping_status":"open","sticky":true,"template":"","format":"standard","meta":{"inline_featured_image":false,"_monsterinsights_skip_tracking":false,"_monsterinsights_sitenote_active":false,"_monsterinsights_sitenote_note":"","_monsterinsights_sitenote_category":0,"footnotes":""},"categories":[46,34],"tags":[],"class_list":["post-7952","post","type-post","status-publish","format-standard","has-post-thumbnail","hentry","category-film-pl","category-wydarzenia"],"yoast_head":"<!-- This site is optimized with the Yoast SEO plugin v24.6 - https:\/\/yoast.com\/wordpress\/plugins\/seo\/ -->\n<title>Festiwal Film\u00f3w Animowanych V4 dla Dzieci w Tokio - Instytut Polski w Tokio<\/title>\n<meta name=\"robots\" content=\"index, follow, max-snippet:-1, max-image-preview:large, max-video-preview:-1\" \/>\n<link rel=\"canonical\" href=\"https:\/\/instytutpolski.pl\/tokyo\/pl\/festiwalu-filmow-animowanych-v4-dla-dzieci-w-tokio\/\" \/>\n<meta property=\"og:locale\" content=\"pl_PL\" \/>\n<meta property=\"og:type\" content=\"article\" \/>\n<meta property=\"og:title\" content=\"Festiwal Film\u00f3w Animowanych V4 dla Dzieci w Tokio - Instytut Polski w Tokio\" \/>\n<meta property=\"og:description\" content=\"9 grudnia, w Japo\u0144skim Narodowym Archiwum Filmowym (NFAJ) odby\u0142 si\u0119 Festiwal Film\u00f3w V4 dla Dzieci (V4 Countries Kids Film Festival), organizowany co roku od 2016 r. przez NFAJ oraz Instytut Polski, W\u0119gierski Instytut Kultury, Centrum Czeskie i Ambasad\u0119 S\u0142owacji w Tokio. \u00a0 W ramach tegorocznego festiwalu Instytut Polski w Tokio przedstawi\u0142 film animowany pt. \u201eMost\u201d [&hellip;]\" \/>\n<meta property=\"og:url\" content=\"https:\/\/instytutpolski.pl\/tokyo\/pl\/festiwalu-filmow-animowanych-v4-dla-dzieci-w-tokio\/\" \/>\n<meta property=\"og:site_name\" content=\"Instytut Polski w Tokio\" \/>\n<meta property=\"article:published_time\" content=\"2023-12-13T04:29:49+00:00\" \/>\n<meta property=\"article:modified_time\" content=\"2023-12-13T06:13:24+00:00\" \/>\n<meta property=\"og:image\" content=\"https:\/\/instytutpolski.pl\/tokyo\/wp-content\/uploads\/sites\/22\/2023\/12\/4.still2_.jpg\" \/>\n\t<meta property=\"og:image:width\" content=\"2048\" \/>\n\t<meta property=\"og:image:height\" content=\"858\" \/>\n\t<meta property=\"og:image:type\" content=\"image\/jpeg\" \/>\n<meta name=\"author\" content=\"sugiura\" \/>\n<meta name=\"twitter:card\" content=\"summary_large_image\" \/>\n<meta name=\"twitter:label1\" content=\"Napisane przez\" \/>\n\t<meta name=\"twitter:data1\" content=\"sugiura\" \/>\n\t<meta name=\"twitter:label2\" content=\"Szacowany czas czytania\" \/>\n\t<meta name=\"twitter:data2\" content=\"3 minuty\" \/>\n<script type=\"application\/ld+json\" class=\"yoast-schema-graph\">{\"@context\":\"https:\/\/schema.org\",\"@graph\":[{\"@type\":\"event\",\"@id\":\"https:\/\/instytutpolski.pl\/tokyo\/pl\/festiwalu-filmow-animowanych-v4-dla-dzieci-w-tokio\/\",\"url\":\"https:\/\/instytutpolski.pl\/tokyo\/pl\/festiwalu-filmow-animowanych-v4-dla-dzieci-w-tokio\/\",\"name\":\"Festiwal Film\u00f3w Animowanych V4 dla Dzieci w Tokio\",\"isPartOf\":{\"@id\":\"https:\/\/instytutpolski.pl\/tokyo\/#website\"},\"primaryImageOfPage\":{\"@id\":\"https:\/\/instytutpolski.pl\/tokyo\/pl\/festiwalu-filmow-animowanych-v4-dla-dzieci-w-tokio\/#primaryimage\"},\"image\":[\"https:\/\/instytutpolski.pl\/tokyo\/wp-content\/uploads\/sites\/22\/2023\/12\/4.still2_.jpg\",\"https:\/\/instytutpolski.pl\/tokyo\/wp-content\/uploads\/sites\/22\/2023\/12\/4.still2_-300x126.jpg\",\"https:\/\/instytutpolski.pl\/tokyo\/wp-content\/uploads\/sites\/22\/2023\/12\/4.still2_-1024x429.jpg\",\"https:\/\/instytutpolski.pl\/tokyo\/wp-content\/uploads\/sites\/22\/2023\/12\/4.still2_.jpg\"],\"thumbnailUrl\":\"https:\/\/instytutpolski.pl\/tokyo\/wp-content\/uploads\/sites\/22\/2023\/12\/4.still2_.jpg\",\"datePublished\":\"2023-12-13T04:29:49+02:00\",\"dateModified\":\"2023-12-13T06:13:24+02:00\",\"author\":{\"@id\":\"https:\/\/instytutpolski.pl\/tokyo\/#\/schema\/person\/7a654c59da8e62887c2b147d6d2fea92\"},\"breadcrumb\":{\"@id\":\"https:\/\/instytutpolski.pl\/tokyo\/pl\/festiwalu-filmow-animowanych-v4-dla-dzieci-w-tokio\/#breadcrumb\"},\"inLanguage\":\"pl-PL\",\"potentialAction\":[{\"@type\":\"ReadAction\",\"target\":[\"https:\/\/instytutpolski.pl\/tokyo\/pl\/festiwalu-filmow-animowanych-v4-dla-dzieci-w-tokio\/\"]}],\"@context\":\"https:\/\/schema.org\",\"startDate\":\"2023-12-13\",\"endDate\":\"2023-12-13\",\"eventStatus\":\"EventScheduled\",\"eventAttendanceMode\":\"OfflineEventAttendanceMode\",\"location\":{\"@type\":\"place\",\"name\":\"\",\"address\":\"\",\"geo\":{\"@type\":\"GeoCoordinates\",\"latitude\":\"\",\"longitude\":\"\"}},\"description\":\"9 grudnia, w Japo\u0144skim Narodowym Archiwum Filmowym (NFAJ) odby\u0142 si\u0119 Festiwal Film\u00f3w V4 dla Dzieci (V4 Countries Kids Film Festival), organizowany co roku od 2016 r. przez NFAJ oraz Instytut Polski, W\u0119gierski Instytut Kultury, Centrum Czeskie i Ambasad\u0119 S\u0142owacji w Tokio.\\n\u00a0\\nW ramach tegorocznego festiwalu Instytut Polski w Tokio przedstawi\u0142 film animowany pt. \u201eMost\u201d w re\u017c. Izumi Yoshidy, urodzonej w \u0141odzi absolwentki \u0142\u00f3dzkiej Szko\u0142y Filmowej, wyk\u0142adowczyni na Akademii Sztuk Pi\u0119knych w \u0141odzi. Film ten zdoby\u0142 Grand Prix \u201eGeorge Lucas Award\u201d na festiwalu film\u00f3w kr\u00f3tkometra\u017cowych Short Shorts Film Festival&amp;Asia 2023 w Tokio, gdzie zosta\u0142 r\u00f3wnie\u017c uznany za najlepszy film animowany. \u201eMost\u201d przedstawia prawdziw\u0105 histori\u0119 polskich \u201edzieci syberyjskich\u201d, kt\u00f3re zosta\u0142y uratowane przez japo\u0144ski Czerwony Krzy\u017c w latach 20tych XX wieku.\\n\u00a0\\nFestiwal stanowi doskona\u0142\u0105 okazj\u0119 do promocji w Japonii wsp\u00f3\u0142pracy w formacie Grupy Wyszehradzkiej, a tak\u017ce jej pa\u0144stw cz\u0142onkowskich. Instytut Polski w Tokio przygotowa\u0142 dla wszystkich uczestnik\u00f3w wydarzenia wydane przez Muzeum Sztuki i Techniki Japo\u0144skiej Manggha w Krakowie ksi\u0105\u017ceczki dla dzieci \u201ePrzez Japoni\u0119 do Polski. O dzielnych polskich dzieciach z Syberii\u201d oraz p\u0105czki.\\n\u00a0\\nZdj\u0119cia: NFAJ oraz IP Tokio.\"},{\"@type\":\"ImageObject\",\"inLanguage\":\"pl-PL\",\"@id\":\"https:\/\/instytutpolski.pl\/tokyo\/pl\/festiwalu-filmow-animowanych-v4-dla-dzieci-w-tokio\/#primaryimage\",\"url\":\"https:\/\/instytutpolski.pl\/tokyo\/wp-content\/uploads\/sites\/22\/2023\/12\/4.still2_.jpg\",\"contentUrl\":\"https:\/\/instytutpolski.pl\/tokyo\/wp-content\/uploads\/sites\/22\/2023\/12\/4.still2_.jpg\",\"width\":2048,\"height\":858},{\"@type\":\"BreadcrumbList\",\"@id\":\"https:\/\/instytutpolski.pl\/tokyo\/pl\/festiwalu-filmow-animowanych-v4-dla-dzieci-w-tokio\/#breadcrumb\",\"itemListElement\":[{\"@type\":\"ListItem\",\"position\":1,\"name\":\"Home\",\"item\":\"https:\/\/instytutpolski.pl\/tokyo\/\"},{\"@type\":\"ListItem\",\"position\":2,\"name\":\"Festiwal Film\u00f3w Animowanych V4 dla Dzieci w Tokio\"}]},{\"@type\":\"WebSite\",\"@id\":\"https:\/\/instytutpolski.pl\/tokyo\/#website\",\"url\":\"https:\/\/instytutpolski.pl\/tokyo\/\",\"name\":\"Instytut Polski w Tokio\",\"description\":\"Instytuty Polskie\",\"potentialAction\":[{\"@type\":\"SearchAction\",\"target\":{\"@type\":\"EntryPoint\",\"urlTemplate\":\"https:\/\/instytutpolski.pl\/tokyo\/?s={search_term_string}\"},\"query-input\":{\"@type\":\"PropertyValueSpecification\",\"valueRequired\":true,\"valueName\":\"search_term_string\"}}],\"inLanguage\":\"pl-PL\"},{\"@type\":\"Person\",\"@id\":\"https:\/\/instytutpolski.pl\/tokyo\/#\/schema\/person\/7a654c59da8e62887c2b147d6d2fea92\",\"name\":\"sugiura\",\"image\":{\"@type\":\"ImageObject\",\"inLanguage\":\"pl-PL\",\"@id\":\"https:\/\/instytutpolski.pl\/tokyo\/#\/schema\/person\/image\/\",\"url\":\"https:\/\/secure.gravatar.com\/avatar\/86449d47195af407c9daaa902a09d4cc?s=96&d=mm&r=g\",\"contentUrl\":\"https:\/\/secure.gravatar.com\/avatar\/86449d47195af407c9daaa902a09d4cc?s=96&d=mm&r=g\",\"caption\":\"sugiura\"},\"url\":\"https:\/\/instytutpolski.pl\/tokyo\/author\/sugiura\/\"}]}<\/script>\n<!-- \/ Yoast SEO plugin. -->","yoast_head_json":{"title":"Festiwal Film\u00f3w Animowanych V4 dla Dzieci w Tokio - Instytut Polski w Tokio","robots":{"index":"index","follow":"follow","max-snippet":"max-snippet:-1","max-image-preview":"max-image-preview:large","max-video-preview":"max-video-preview:-1"},"canonical":"https:\/\/instytutpolski.pl\/tokyo\/pl\/festiwalu-filmow-animowanych-v4-dla-dzieci-w-tokio\/","og_locale":"pl_PL","og_type":"article","og_title":"Festiwal Film\u00f3w Animowanych V4 dla Dzieci w Tokio - Instytut Polski w Tokio","og_description":"9 grudnia, w Japo\u0144skim Narodowym Archiwum Filmowym (NFAJ) odby\u0142 si\u0119 Festiwal Film\u00f3w V4 dla Dzieci (V4 Countries Kids Film Festival), organizowany co roku od 2016 r. przez NFAJ oraz Instytut Polski, W\u0119gierski Instytut Kultury, Centrum Czeskie i Ambasad\u0119 S\u0142owacji w Tokio. \u00a0 W ramach tegorocznego festiwalu Instytut Polski w Tokio przedstawi\u0142 film animowany pt. \u201eMost\u201d [&hellip;]","og_url":"https:\/\/instytutpolski.pl\/tokyo\/pl\/festiwalu-filmow-animowanych-v4-dla-dzieci-w-tokio\/","og_site_name":"Instytut Polski w Tokio","article_published_time":"2023-12-13T04:29:49+00:00","article_modified_time":"2023-12-13T06:13:24+00:00","og_image":[{"width":2048,"height":858,"url":"https:\/\/instytutpolski.pl\/tokyo\/wp-content\/uploads\/sites\/22\/2023\/12\/4.still2_.jpg","type":"image\/jpeg"}],"author":"sugiura","twitter_card":"summary_large_image","twitter_misc":{"Napisane przez":"sugiura","Szacowany czas czytania":"3 minuty"},"schema":{"@context":"https:\/\/schema.org","@graph":[{"@type":"event","@id":"https:\/\/instytutpolski.pl\/tokyo\/pl\/festiwalu-filmow-animowanych-v4-dla-dzieci-w-tokio\/","url":"https:\/\/instytutpolski.pl\/tokyo\/pl\/festiwalu-filmow-animowanych-v4-dla-dzieci-w-tokio\/","name":"Festiwal Film\u00f3w Animowanych V4 dla Dzieci w Tokio","isPartOf":{"@id":"https:\/\/instytutpolski.pl\/tokyo\/#website"},"primaryImageOfPage":{"@id":"https:\/\/instytutpolski.pl\/tokyo\/pl\/festiwalu-filmow-animowanych-v4-dla-dzieci-w-tokio\/#primaryimage"},"image":["https:\/\/instytutpolski.pl\/tokyo\/wp-content\/uploads\/sites\/22\/2023\/12\/4.still2_.jpg","https:\/\/instytutpolski.pl\/tokyo\/wp-content\/uploads\/sites\/22\/2023\/12\/4.still2_-300x126.jpg","https:\/\/instytutpolski.pl\/tokyo\/wp-content\/uploads\/sites\/22\/2023\/12\/4.still2_-1024x429.jpg","https:\/\/instytutpolski.pl\/tokyo\/wp-content\/uploads\/sites\/22\/2023\/12\/4.still2_.jpg"],"thumbnailUrl":"https:\/\/instytutpolski.pl\/tokyo\/wp-content\/uploads\/sites\/22\/2023\/12\/4.still2_.jpg","datePublished":"2023-12-13T04:29:49+02:00","dateModified":"2023-12-13T06:13:24+02:00","author":{"@id":"https:\/\/instytutpolski.pl\/tokyo\/#\/schema\/person\/7a654c59da8e62887c2b147d6d2fea92"},"breadcrumb":{"@id":"https:\/\/instytutpolski.pl\/tokyo\/pl\/festiwalu-filmow-animowanych-v4-dla-dzieci-w-tokio\/#breadcrumb"},"inLanguage":"pl-PL","potentialAction":[{"@type":"ReadAction","target":["https:\/\/instytutpolski.pl\/tokyo\/pl\/festiwalu-filmow-animowanych-v4-dla-dzieci-w-tokio\/"]}],"@context":"https:\/\/schema.org","startDate":"2023-12-13","endDate":"2023-12-13","eventStatus":"EventScheduled","eventAttendanceMode":"OfflineEventAttendanceMode","location":{"@type":"place","name":"","address":"","geo":{"@type":"GeoCoordinates","latitude":"","longitude":""}},"description":"9 grudnia, w Japo\u0144skim Narodowym Archiwum Filmowym (NFAJ) odby\u0142 si\u0119 Festiwal Film\u00f3w V4 dla Dzieci (V4 Countries Kids Film Festival), organizowany co roku od 2016 r. przez NFAJ oraz Instytut Polski, W\u0119gierski Instytut Kultury, Centrum Czeskie i Ambasad\u0119 S\u0142owacji w Tokio.\n\u00a0\nW ramach tegorocznego festiwalu Instytut Polski w Tokio przedstawi\u0142 film animowany pt. \u201eMost\u201d w re\u017c. Izumi Yoshidy, urodzonej w \u0141odzi absolwentki \u0142\u00f3dzkiej Szko\u0142y Filmowej, wyk\u0142adowczyni na Akademii Sztuk Pi\u0119knych w \u0141odzi. Film ten zdoby\u0142 Grand Prix \u201eGeorge Lucas Award\u201d na festiwalu film\u00f3w kr\u00f3tkometra\u017cowych Short Shorts Film Festival&amp;Asia 2023 w Tokio, gdzie zosta\u0142 r\u00f3wnie\u017c uznany za najlepszy film animowany. \u201eMost\u201d przedstawia prawdziw\u0105 histori\u0119 polskich \u201edzieci syberyjskich\u201d, kt\u00f3re zosta\u0142y uratowane przez japo\u0144ski Czerwony Krzy\u017c w latach 20tych XX wieku.\n\u00a0\nFestiwal stanowi doskona\u0142\u0105 okazj\u0119 do promocji w Japonii wsp\u00f3\u0142pracy w formacie Grupy Wyszehradzkiej, a tak\u017ce jej pa\u0144stw cz\u0142onkowskich. Instytut Polski w Tokio przygotowa\u0142 dla wszystkich uczestnik\u00f3w wydarzenia wydane przez Muzeum Sztuki i Techniki Japo\u0144skiej Manggha w Krakowie ksi\u0105\u017ceczki dla dzieci \u201ePrzez Japoni\u0119 do Polski. O dzielnych polskich dzieciach z Syberii\u201d oraz p\u0105czki.\n\u00a0\nZdj\u0119cia: NFAJ oraz IP Tokio."},{"@type":"ImageObject","inLanguage":"pl-PL","@id":"https:\/\/instytutpolski.pl\/tokyo\/pl\/festiwalu-filmow-animowanych-v4-dla-dzieci-w-tokio\/#primaryimage","url":"https:\/\/instytutpolski.pl\/tokyo\/wp-content\/uploads\/sites\/22\/2023\/12\/4.still2_.jpg","contentUrl":"https:\/\/instytutpolski.pl\/tokyo\/wp-content\/uploads\/sites\/22\/2023\/12\/4.still2_.jpg","width":2048,"height":858},{"@type":"BreadcrumbList","@id":"https:\/\/instytutpolski.pl\/tokyo\/pl\/festiwalu-filmow-animowanych-v4-dla-dzieci-w-tokio\/#breadcrumb","itemListElement":[{"@type":"ListItem","position":1,"name":"Home","item":"https:\/\/instytutpolski.pl\/tokyo\/"},{"@type":"ListItem","position":2,"name":"Festiwal Film\u00f3w Animowanych V4 dla Dzieci w Tokio"}]},{"@type":"WebSite","@id":"https:\/\/instytutpolski.pl\/tokyo\/#website","url":"https:\/\/instytutpolski.pl\/tokyo\/","name":"Instytut Polski w Tokio","description":"Instytuty Polskie","potentialAction":[{"@type":"SearchAction","target":{"@type":"EntryPoint","urlTemplate":"https:\/\/instytutpolski.pl\/tokyo\/?s={search_term_string}"},"query-input":{"@type":"PropertyValueSpecification","valueRequired":true,"valueName":"search_term_string"}}],"inLanguage":"pl-PL"},{"@type":"Person","@id":"https:\/\/instytutpolski.pl\/tokyo\/#\/schema\/person\/7a654c59da8e62887c2b147d6d2fea92","name":"sugiura","image":{"@type":"ImageObject","inLanguage":"pl-PL","@id":"https:\/\/instytutpolski.pl\/tokyo\/#\/schema\/person\/image\/","url":"https:\/\/secure.gravatar.com\/avatar\/86449d47195af407c9daaa902a09d4cc?s=96&d=mm&r=g","contentUrl":"https:\/\/secure.gravatar.com\/avatar\/86449d47195af407c9daaa902a09d4cc?s=96&d=mm&r=g","caption":"sugiura"},"url":"https:\/\/instytutpolski.pl\/tokyo\/author\/sugiura\/"}]}},"_links":{"self":[{"href":"https:\/\/instytutpolski.pl\/tokyo\/wp-json\/wp\/v2\/posts\/7952","targetHints":{"allow":["GET"]}}],"collection":[{"href":"https:\/\/instytutpolski.pl\/tokyo\/wp-json\/wp\/v2\/posts"}],"about":[{"href":"https:\/\/instytutpolski.pl\/tokyo\/wp-json\/wp\/v2\/types\/post"}],"author":[{"embeddable":true,"href":"https:\/\/instytutpolski.pl\/tokyo\/wp-json\/wp\/v2\/users\/94"}],"replies":[{"embeddable":true,"href":"https:\/\/instytutpolski.pl\/tokyo\/wp-json\/wp\/v2\/comments?post=7952"}],"version-history":[{"count":2,"href":"https:\/\/instytutpolski.pl\/tokyo\/wp-json\/wp\/v2\/posts\/7952\/revisions"}],"predecessor-version":[{"id":7966,"href":"https:\/\/instytutpolski.pl\/tokyo\/wp-json\/wp\/v2\/posts\/7952\/revisions\/7966"}],"wp:featuredmedia":[{"embeddable":true,"href":"https:\/\/instytutpolski.pl\/tokyo\/wp-json\/wp\/v2\/media\/7947"}],"wp:attachment":[{"href":"https:\/\/instytutpolski.pl\/tokyo\/wp-json\/wp\/v2\/media?parent=7952"}],"wp:term":[{"taxonomy":"category","embeddable":true,"href":"https:\/\/instytutpolski.pl\/tokyo\/wp-json\/wp\/v2\/categories?post=7952"},{"taxonomy":"post_tag","embeddable":true,"href":"https:\/\/instytutpolski.pl\/tokyo\/wp-json\/wp\/v2\/tags?post=7952"}],"curies":[{"name":"wp","href":"https:\/\/api.w.org\/{rel}","templated":true}]}}