{"id":215,"date":"2019-05-17T23:57:58","date_gmt":"2019-05-17T21:57:58","guid":{"rendered":"https:\/\/instytutpolski.pl\/wilno\/?p=215"},"modified":"2019-06-05T23:59:40","modified_gmt":"2019-06-05T21:59:40","slug":"projekt-instytutu-polskiego-w-wilnie-w-finale-konkursu-wydarzenie-historyczne-roku","status":"publish","type":"post","link":"https:\/\/instytutpolski.pl\/vilnius\/pl\/2019\/05\/17\/projekt-instytutu-polskiego-w-wilnie-w-finale-konkursu-wydarzenie-historyczne-roku\/","title":{"rendered":"Projekt Instytutu Polskiego w Wilnie w finale konkursu \u201eWydarzenie historyczne roku\u201d!"},"content":{"rendered":"\n<p>Polsko-litewski projekt edukacyjny Instytutu Polskiego w Wilnie oraz Litewskiego Centrum Edukacji Nieformalnej \u201ePolska i Litwa \u2013 na wsp\u00f3lnej drodze. Miejsca i ludzie, kt\u00f3rzy nas \u0142\u0105cz\u0105\u201d trafi\u0142 do fina\u0142u presti\u017cowego konkursu \u201eWydarzenie Historyczne Roku 2017\u201d, organizowanego przez\u00a0Muzeum Historii Polski. Ostateczn\u0105 decyzj\u0119, kt\u00f3re projekty wygraj\u0105, podejm\u0105 w drodze g\u0142osowania internauci. Zach\u0119camy do oddania g\u0142osu na projekt Instytutu. G\u0142osowa\u0107 mo\u017cna do 17 maja!<br \/>Aby zag\u0142osowa\u0107 nale\u017cy wej\u015b\u0107 na stron\u0119:\u00a0<a href=\"http:\/\/click.mlsend3.com\/link\/c\/YT04ODEwMzI0NTcxMTYxODk5MzcmYz1nNWE4JmU9NTg4NjE5NSZiPTE3MjU2MDMzOCZkPXEzbTNrNmY=.y-20H4TzDtshyFEhrAAxlJ6XEraUSwTqWlJBTrY1FjI\" target=\"_blank\" rel=\"noopener noreferrer\" data-link-id=\"172560338\">http:\/\/whr.muzhp.pl\/#vote<\/a>\u00a0i, zaznaczaj\u0105c w lewym g\u00f3rnym rogu zdj\u0119cia danego projektu, wybra\u0107 po jednym wydarzeniu z wszystkich trzech kategorii: \u201eEdukacja i Multimedia\u201d, \u201eWydarzenie\u201d, \u201eWystawa\u201d, dopiero wtedy uaktywni si\u0119 przycisk \u201eg\u0142osuj\u201d.<\/p>\n","protected":false},"excerpt":{"rendered":"<p>Polsko-litewski projekt edukacyjny Instytutu Polskiego w Wilnie oraz Litewskiego Centrum Edukacji Nieformalnej \u201ePolska i Litwa \u2013 na wsp\u00f3lnej drodze. Miejsca i ludzie, kt\u00f3rzy nas \u0142\u0105cz\u0105\u201d trafi\u0142 do fina\u0142u presti\u017cowego konkursu \u201eWydarzenie Historyczne Roku 2017\u201d, organizowanego przez\u00a0Muzeum Historii Polski. Ostateczn\u0105 decyzj\u0119, kt\u00f3re projekty wygraj\u0105, podejm\u0105 w drodze g\u0142osowania internauci. Zach\u0119camy do oddania g\u0142osu na projekt Instytutu. [&hellip;]<\/p>\n","protected":false},"author":1,"featured_media":216,"comment_status":"open","ping_status":"open","sticky":false,"template":"","format":"standard","meta":{"inline_featured_image":false,"_monsterinsights_skip_tracking":false,"_monsterinsights_sitenote_active":false,"_monsterinsights_sitenote_note":"","_monsterinsights_sitenote_category":0,"footnotes":""},"categories":[36],"tags":[],"class_list":["post-215","post","type-post","status-publish","format-standard","has-post-thumbnail","hentry","category-aktualnosci"],"yoast_head":"<!-- This site is optimized with the Yoast SEO plugin v24.6 - https:\/\/yoast.com\/wordpress\/plugins\/seo\/ -->\n<title>Projekt Instytutu Polskiego w Wilnie w finale konkursu \u201eWydarzenie historyczne roku\u201d! - Instytut Polski w Wilnie<\/title>\n<meta name=\"robots\" content=\"index, follow, max-snippet:-1, max-image-preview:large, max-video-preview:-1\" \/>\n<link rel=\"canonical\" href=\"https:\/\/instytutpolski.pl\/vilnius\/pl\/2019\/05\/17\/projekt-instytutu-polskiego-w-wilnie-w-finale-konkursu-wydarzenie-historyczne-roku\/\" \/>\n<meta property=\"og:locale\" content=\"pl_PL\" \/>\n<meta property=\"og:type\" content=\"article\" \/>\n<meta property=\"og:title\" content=\"Projekt Instytutu Polskiego w Wilnie w finale konkursu \u201eWydarzenie historyczne roku\u201d! - Instytut Polski w Wilnie\" \/>\n<meta property=\"og:description\" content=\"Polsko-litewski projekt edukacyjny Instytutu Polskiego w Wilnie oraz Litewskiego Centrum Edukacji Nieformalnej \u201ePolska i Litwa \u2013 na wsp\u00f3lnej drodze. Miejsca i ludzie, kt\u00f3rzy nas \u0142\u0105cz\u0105\u201d trafi\u0142 do fina\u0142u presti\u017cowego konkursu \u201eWydarzenie Historyczne Roku 2017\u201d, organizowanego przez\u00a0Muzeum Historii Polski. Ostateczn\u0105 decyzj\u0119, kt\u00f3re projekty wygraj\u0105, podejm\u0105 w drodze g\u0142osowania internauci. Zach\u0119camy do oddania g\u0142osu na projekt Instytutu. [&hellip;]\" \/>\n<meta property=\"og:url\" content=\"https:\/\/instytutpolski.pl\/vilnius\/pl\/2019\/05\/17\/projekt-instytutu-polskiego-w-wilnie-w-finale-konkursu-wydarzenie-historyczne-roku\/\" \/>\n<meta property=\"og:site_name\" content=\"Instytut Polski w Wilnie\" \/>\n<meta property=\"article:published_time\" content=\"2019-05-17T21:57:58+00:00\" \/>\n<meta property=\"article:modified_time\" content=\"2019-06-05T21:59:40+00:00\" \/>\n<meta property=\"og:image\" content=\"https:\/\/instytutpolski.pl\/vilnius\/wp-content\/uploads\/sites\/24\/2019\/06\/cover-fb-II-etap.png\" \/>\n\t<meta property=\"og:image:width\" content=\"640\" \/>\n\t<meta property=\"og:image:height\" content=\"237\" \/>\n\t<meta property=\"og:image:type\" content=\"image\/png\" \/>\n<meta name=\"author\" content=\"sienkiewiczl.disabled\" \/>\n<meta name=\"twitter:card\" content=\"summary_large_image\" \/>\n<meta name=\"twitter:label1\" content=\"Napisane przez\" \/>\n\t<meta name=\"twitter:data1\" content=\"sienkiewiczl.disabled\" \/>\n\t<meta name=\"twitter:label2\" content=\"Szacowany czas czytania\" \/>\n\t<meta name=\"twitter:data2\" content=\"1 minuta\" \/>\n<script type=\"application\/ld+json\" class=\"yoast-schema-graph\">{\"@context\":\"https:\/\/schema.org\",\"@graph\":[{\"@type\":\"event\",\"@id\":\"https:\/\/instytutpolski.pl\/vilnius\/pl\/2019\/05\/17\/projekt-instytutu-polskiego-w-wilnie-w-finale-konkursu-wydarzenie-historyczne-roku\/\",\"url\":\"https:\/\/instytutpolski.pl\/vilnius\/pl\/2019\/05\/17\/projekt-instytutu-polskiego-w-wilnie-w-finale-konkursu-wydarzenie-historyczne-roku\/\",\"name\":\"Projekt Instytutu Polskiego w Wilnie w finale konkursu \u201eWydarzenie historyczne roku\u201d!\",\"isPartOf\":{\"@id\":\"https:\/\/instytutpolski.pl\/vilnius\/#website\"},\"primaryImageOfPage\":{\"@id\":\"https:\/\/instytutpolski.pl\/vilnius\/pl\/2019\/05\/17\/projekt-instytutu-polskiego-w-wilnie-w-finale-konkursu-wydarzenie-historyczne-roku\/#primaryimage\"},\"image\":[\"https:\/\/instytutpolski.pl\/vilnius\/wp-content\/uploads\/sites\/24\/2019\/06\/cover-fb-II-etap.png\",\"https:\/\/instytutpolski.pl\/vilnius\/wp-content\/uploads\/sites\/24\/2019\/06\/cover-fb-II-etap-300x111.png\",\"https:\/\/instytutpolski.pl\/vilnius\/wp-content\/uploads\/sites\/24\/2019\/06\/cover-fb-II-etap.png\",\"https:\/\/instytutpolski.pl\/vilnius\/wp-content\/uploads\/sites\/24\/2019\/06\/cover-fb-II-etap.png\"],\"thumbnailUrl\":\"https:\/\/instytutpolski.pl\/vilnius\/wp-content\/uploads\/sites\/24\/2019\/06\/cover-fb-II-etap.png\",\"datePublished\":\"2019-05-17T21:57:58+02:00\",\"dateModified\":\"2019-06-05T21:59:40+02:00\",\"author\":{\"@id\":\"https:\/\/instytutpolski.pl\/vilnius\/#\/schema\/person\/0d8a0025312a17e346e67e3c446cf459\"},\"breadcrumb\":{\"@id\":\"https:\/\/instytutpolski.pl\/vilnius\/pl\/2019\/05\/17\/projekt-instytutu-polskiego-w-wilnie-w-finale-konkursu-wydarzenie-historyczne-roku\/#breadcrumb\"},\"inLanguage\":\"pl-PL\",\"potentialAction\":[{\"@type\":\"ReadAction\",\"target\":[\"https:\/\/instytutpolski.pl\/vilnius\/pl\/2019\/05\/17\/projekt-instytutu-polskiego-w-wilnie-w-finale-konkursu-wydarzenie-historyczne-roku\/\"]}],\"@context\":\"https:\/\/schema.org\",\"startDate\":\"2019-05-17\",\"endDate\":\"2019-05-17\",\"eventStatus\":\"EventScheduled\",\"eventAttendanceMode\":\"OfflineEventAttendanceMode\",\"location\":{\"@type\":\"place\",\"name\":\"\",\"address\":\"\",\"geo\":{\"@type\":\"GeoCoordinates\",\"latitude\":\"\",\"longitude\":\"\"}},\"description\":\"Polsko-litewski projekt edukacyjny Instytutu Polskiego w Wilnie oraz Litewskiego Centrum Edukacji Nieformalnej \u201ePolska i Litwa \u2013 na wsp\u00f3lnej drodze. Miejsca i ludzie, kt\u00f3rzy nas \u0142\u0105cz\u0105\u201d trafi\u0142 do fina\u0142u presti\u017cowego konkursu \u201eWydarzenie Historyczne Roku 2017\u201d, organizowanego przez\u00a0Muzeum Historii Polski. Ostateczn\u0105 decyzj\u0119, kt\u00f3re projekty wygraj\u0105, podejm\u0105 w drodze g\u0142osowania internauci. Zach\u0119camy do oddania g\u0142osu na projekt Instytutu. G\u0142osowa\u0107 mo\u017cna do 17 maja!Aby zag\u0142osowa\u0107 nale\u017cy wej\u015b\u0107 na stron\u0119:\u00a0http:\/\/whr.muzhp.pl\/#vote\u00a0i, zaznaczaj\u0105c w lewym g\u00f3rnym rogu zdj\u0119cia danego projektu, wybra\u0107 po jednym wydarzeniu z wszystkich trzech kategorii: \u201eEdukacja i Multimedia\u201d, \u201eWydarzenie\u201d, \u201eWystawa\u201d, dopiero wtedy uaktywni si\u0119 przycisk \u201eg\u0142osuj\u201d.\"},{\"@type\":\"ImageObject\",\"inLanguage\":\"pl-PL\",\"@id\":\"https:\/\/instytutpolski.pl\/vilnius\/pl\/2019\/05\/17\/projekt-instytutu-polskiego-w-wilnie-w-finale-konkursu-wydarzenie-historyczne-roku\/#primaryimage\",\"url\":\"https:\/\/instytutpolski.pl\/vilnius\/wp-content\/uploads\/sites\/24\/2019\/06\/cover-fb-II-etap.png\",\"contentUrl\":\"https:\/\/instytutpolski.pl\/vilnius\/wp-content\/uploads\/sites\/24\/2019\/06\/cover-fb-II-etap.png\",\"width\":640,\"height\":237},{\"@type\":\"BreadcrumbList\",\"@id\":\"https:\/\/instytutpolski.pl\/vilnius\/pl\/2019\/05\/17\/projekt-instytutu-polskiego-w-wilnie-w-finale-konkursu-wydarzenie-historyczne-roku\/#breadcrumb\",\"itemListElement\":[{\"@type\":\"ListItem\",\"position\":1,\"name\":\"Home\",\"item\":\"https:\/\/instytutpolski.pl\/vilnius\/\"},{\"@type\":\"ListItem\",\"position\":2,\"name\":\"Projekt Instytutu Polskiego w Wilnie w finale konkursu \u201eWydarzenie historyczne roku\u201d!\"}]},{\"@type\":\"WebSite\",\"@id\":\"https:\/\/instytutpolski.pl\/vilnius\/#website\",\"url\":\"https:\/\/instytutpolski.pl\/vilnius\/\",\"name\":\"Instytut Polski w Wilnie\",\"description\":\"Instytuty Polskie\",\"potentialAction\":[{\"@type\":\"SearchAction\",\"target\":{\"@type\":\"EntryPoint\",\"urlTemplate\":\"https:\/\/instytutpolski.pl\/vilnius\/?s={search_term_string}\"},\"query-input\":{\"@type\":\"PropertyValueSpecification\",\"valueRequired\":true,\"valueName\":\"search_term_string\"}}],\"inLanguage\":\"pl-PL\"},{\"@type\":\"Person\",\"@id\":\"https:\/\/instytutpolski.pl\/vilnius\/#\/schema\/person\/0d8a0025312a17e346e67e3c446cf459\",\"name\":\"sienkiewiczl.disabled\",\"image\":{\"@type\":\"ImageObject\",\"inLanguage\":\"pl-PL\",\"@id\":\"https:\/\/instytutpolski.pl\/vilnius\/#\/schema\/person\/image\/\",\"url\":\"https:\/\/secure.gravatar.com\/avatar\/37c03cac7512c34f5dfeba093c3631c1?s=96&d=mm&r=g\",\"contentUrl\":\"https:\/\/secure.gravatar.com\/avatar\/37c03cac7512c34f5dfeba093c3631c1?s=96&d=mm&r=g\",\"caption\":\"sienkiewiczl.disabled\"},\"url\":\"https:\/\/instytutpolski.pl\/vilnius\/author\/msz\/\"}]}<\/script>\n<!-- \/ Yoast SEO plugin. -->","yoast_head_json":{"title":"Projekt Instytutu Polskiego w Wilnie w finale konkursu \u201eWydarzenie historyczne roku\u201d! - Instytut Polski w Wilnie","robots":{"index":"index","follow":"follow","max-snippet":"max-snippet:-1","max-image-preview":"max-image-preview:large","max-video-preview":"max-video-preview:-1"},"canonical":"https:\/\/instytutpolski.pl\/vilnius\/pl\/2019\/05\/17\/projekt-instytutu-polskiego-w-wilnie-w-finale-konkursu-wydarzenie-historyczne-roku\/","og_locale":"pl_PL","og_type":"article","og_title":"Projekt Instytutu Polskiego w Wilnie w finale konkursu \u201eWydarzenie historyczne roku\u201d! - Instytut Polski w Wilnie","og_description":"Polsko-litewski projekt edukacyjny Instytutu Polskiego w Wilnie oraz Litewskiego Centrum Edukacji Nieformalnej \u201ePolska i Litwa \u2013 na wsp\u00f3lnej drodze. Miejsca i ludzie, kt\u00f3rzy nas \u0142\u0105cz\u0105\u201d trafi\u0142 do fina\u0142u presti\u017cowego konkursu \u201eWydarzenie Historyczne Roku 2017\u201d, organizowanego przez\u00a0Muzeum Historii Polski. Ostateczn\u0105 decyzj\u0119, kt\u00f3re projekty wygraj\u0105, podejm\u0105 w drodze g\u0142osowania internauci. Zach\u0119camy do oddania g\u0142osu na projekt Instytutu. [&hellip;]","og_url":"https:\/\/instytutpolski.pl\/vilnius\/pl\/2019\/05\/17\/projekt-instytutu-polskiego-w-wilnie-w-finale-konkursu-wydarzenie-historyczne-roku\/","og_site_name":"Instytut Polski w Wilnie","article_published_time":"2019-05-17T21:57:58+00:00","article_modified_time":"2019-06-05T21:59:40+00:00","og_image":[{"width":640,"height":237,"url":"https:\/\/instytutpolski.pl\/vilnius\/wp-content\/uploads\/sites\/24\/2019\/06\/cover-fb-II-etap.png","type":"image\/png"}],"author":"sienkiewiczl.disabled","twitter_card":"summary_large_image","twitter_misc":{"Napisane przez":"sienkiewiczl.disabled","Szacowany czas czytania":"1 minuta"},"schema":{"@context":"https:\/\/schema.org","@graph":[{"@type":"event","@id":"https:\/\/instytutpolski.pl\/vilnius\/pl\/2019\/05\/17\/projekt-instytutu-polskiego-w-wilnie-w-finale-konkursu-wydarzenie-historyczne-roku\/","url":"https:\/\/instytutpolski.pl\/vilnius\/pl\/2019\/05\/17\/projekt-instytutu-polskiego-w-wilnie-w-finale-konkursu-wydarzenie-historyczne-roku\/","name":"Projekt Instytutu Polskiego w Wilnie w finale konkursu \u201eWydarzenie historyczne roku\u201d!","isPartOf":{"@id":"https:\/\/instytutpolski.pl\/vilnius\/#website"},"primaryImageOfPage":{"@id":"https:\/\/instytutpolski.pl\/vilnius\/pl\/2019\/05\/17\/projekt-instytutu-polskiego-w-wilnie-w-finale-konkursu-wydarzenie-historyczne-roku\/#primaryimage"},"image":["https:\/\/instytutpolski.pl\/vilnius\/wp-content\/uploads\/sites\/24\/2019\/06\/cover-fb-II-etap.png","https:\/\/instytutpolski.pl\/vilnius\/wp-content\/uploads\/sites\/24\/2019\/06\/cover-fb-II-etap-300x111.png","https:\/\/instytutpolski.pl\/vilnius\/wp-content\/uploads\/sites\/24\/2019\/06\/cover-fb-II-etap.png","https:\/\/instytutpolski.pl\/vilnius\/wp-content\/uploads\/sites\/24\/2019\/06\/cover-fb-II-etap.png"],"thumbnailUrl":"https:\/\/instytutpolski.pl\/vilnius\/wp-content\/uploads\/sites\/24\/2019\/06\/cover-fb-II-etap.png","datePublished":"2019-05-17T21:57:58+02:00","dateModified":"2019-06-05T21:59:40+02:00","author":{"@id":"https:\/\/instytutpolski.pl\/vilnius\/#\/schema\/person\/0d8a0025312a17e346e67e3c446cf459"},"breadcrumb":{"@id":"https:\/\/instytutpolski.pl\/vilnius\/pl\/2019\/05\/17\/projekt-instytutu-polskiego-w-wilnie-w-finale-konkursu-wydarzenie-historyczne-roku\/#breadcrumb"},"inLanguage":"pl-PL","potentialAction":[{"@type":"ReadAction","target":["https:\/\/instytutpolski.pl\/vilnius\/pl\/2019\/05\/17\/projekt-instytutu-polskiego-w-wilnie-w-finale-konkursu-wydarzenie-historyczne-roku\/"]}],"@context":"https:\/\/schema.org","startDate":"2019-05-17","endDate":"2019-05-17","eventStatus":"EventScheduled","eventAttendanceMode":"OfflineEventAttendanceMode","location":{"@type":"place","name":"","address":"","geo":{"@type":"GeoCoordinates","latitude":"","longitude":""}},"description":"Polsko-litewski projekt edukacyjny Instytutu Polskiego w Wilnie oraz Litewskiego Centrum Edukacji Nieformalnej \u201ePolska i Litwa \u2013 na wsp\u00f3lnej drodze. Miejsca i ludzie, kt\u00f3rzy nas \u0142\u0105cz\u0105\u201d trafi\u0142 do fina\u0142u presti\u017cowego konkursu \u201eWydarzenie Historyczne Roku 2017\u201d, organizowanego przez\u00a0Muzeum Historii Polski. Ostateczn\u0105 decyzj\u0119, kt\u00f3re projekty wygraj\u0105, podejm\u0105 w drodze g\u0142osowania internauci. Zach\u0119camy do oddania g\u0142osu na projekt Instytutu. G\u0142osowa\u0107 mo\u017cna do 17 maja!Aby zag\u0142osowa\u0107 nale\u017cy wej\u015b\u0107 na stron\u0119:\u00a0http:\/\/whr.muzhp.pl\/#vote\u00a0i, zaznaczaj\u0105c w lewym g\u00f3rnym rogu zdj\u0119cia danego projektu, wybra\u0107 po jednym wydarzeniu z wszystkich trzech kategorii: \u201eEdukacja i Multimedia\u201d, \u201eWydarzenie\u201d, \u201eWystawa\u201d, dopiero wtedy uaktywni si\u0119 przycisk \u201eg\u0142osuj\u201d."},{"@type":"ImageObject","inLanguage":"pl-PL","@id":"https:\/\/instytutpolski.pl\/vilnius\/pl\/2019\/05\/17\/projekt-instytutu-polskiego-w-wilnie-w-finale-konkursu-wydarzenie-historyczne-roku\/#primaryimage","url":"https:\/\/instytutpolski.pl\/vilnius\/wp-content\/uploads\/sites\/24\/2019\/06\/cover-fb-II-etap.png","contentUrl":"https:\/\/instytutpolski.pl\/vilnius\/wp-content\/uploads\/sites\/24\/2019\/06\/cover-fb-II-etap.png","width":640,"height":237},{"@type":"BreadcrumbList","@id":"https:\/\/instytutpolski.pl\/vilnius\/pl\/2019\/05\/17\/projekt-instytutu-polskiego-w-wilnie-w-finale-konkursu-wydarzenie-historyczne-roku\/#breadcrumb","itemListElement":[{"@type":"ListItem","position":1,"name":"Home","item":"https:\/\/instytutpolski.pl\/vilnius\/"},{"@type":"ListItem","position":2,"name":"Projekt Instytutu Polskiego w Wilnie w finale konkursu \u201eWydarzenie historyczne roku\u201d!"}]},{"@type":"WebSite","@id":"https:\/\/instytutpolski.pl\/vilnius\/#website","url":"https:\/\/instytutpolski.pl\/vilnius\/","name":"Instytut Polski w Wilnie","description":"Instytuty Polskie","potentialAction":[{"@type":"SearchAction","target":{"@type":"EntryPoint","urlTemplate":"https:\/\/instytutpolski.pl\/vilnius\/?s={search_term_string}"},"query-input":{"@type":"PropertyValueSpecification","valueRequired":true,"valueName":"search_term_string"}}],"inLanguage":"pl-PL"},{"@type":"Person","@id":"https:\/\/instytutpolski.pl\/vilnius\/#\/schema\/person\/0d8a0025312a17e346e67e3c446cf459","name":"sienkiewiczl.disabled","image":{"@type":"ImageObject","inLanguage":"pl-PL","@id":"https:\/\/instytutpolski.pl\/vilnius\/#\/schema\/person\/image\/","url":"https:\/\/secure.gravatar.com\/avatar\/37c03cac7512c34f5dfeba093c3631c1?s=96&d=mm&r=g","contentUrl":"https:\/\/secure.gravatar.com\/avatar\/37c03cac7512c34f5dfeba093c3631c1?s=96&d=mm&r=g","caption":"sienkiewiczl.disabled"},"url":"https:\/\/instytutpolski.pl\/vilnius\/author\/msz\/"}]}},"_links":{"self":[{"href":"https:\/\/instytutpolski.pl\/vilnius\/wp-json\/wp\/v2\/posts\/215","targetHints":{"allow":["GET"]}}],"collection":[{"href":"https:\/\/instytutpolski.pl\/vilnius\/wp-json\/wp\/v2\/posts"}],"about":[{"href":"https:\/\/instytutpolski.pl\/vilnius\/wp-json\/wp\/v2\/types\/post"}],"author":[{"embeddable":true,"href":"https:\/\/instytutpolski.pl\/vilnius\/wp-json\/wp\/v2\/users\/1"}],"replies":[{"embeddable":true,"href":"https:\/\/instytutpolski.pl\/vilnius\/wp-json\/wp\/v2\/comments?post=215"}],"version-history":[{"count":1,"href":"https:\/\/instytutpolski.pl\/vilnius\/wp-json\/wp\/v2\/posts\/215\/revisions"}],"predecessor-version":[{"id":217,"href":"https:\/\/instytutpolski.pl\/vilnius\/wp-json\/wp\/v2\/posts\/215\/revisions\/217"}],"wp:featuredmedia":[{"embeddable":true,"href":"https:\/\/instytutpolski.pl\/vilnius\/wp-json\/wp\/v2\/media\/216"}],"wp:attachment":[{"href":"https:\/\/instytutpolski.pl\/vilnius\/wp-json\/wp\/v2\/media?parent=215"}],"wp:term":[{"taxonomy":"category","embeddable":true,"href":"https:\/\/instytutpolski.pl\/vilnius\/wp-json\/wp\/v2\/categories?post=215"},{"taxonomy":"post_tag","embeddable":true,"href":"https:\/\/instytutpolski.pl\/vilnius\/wp-json\/wp\/v2\/tags?post=215"}],"curies":[{"name":"wp","href":"https:\/\/api.w.org\/{rel}","templated":true}]}}