{"id":7287,"date":"2025-04-14T08:45:02","date_gmt":"2025-04-14T06:45:02","guid":{"rendered":"https:\/\/instytutpolski.pl\/vilnius\/?p=7287"},"modified":"2025-04-14T08:45:03","modified_gmt":"2025-04-14T06:45:03","slug":"pokaz-filmu-dokumentalnego-byla-sobie-piosenka","status":"publish","type":"post","link":"https:\/\/instytutpolski.pl\/vilnius\/pl\/2025\/04\/14\/pokaz-filmu-dokumentalnego-byla-sobie-piosenka\/","title":{"rendered":"Pokaz filmu dokumentalnego \u201eBy\u0142a sobie piosenka\u201d"},"content":{"rendered":"\n<p>15 maja 2025 r. godz. 15.00<br \/>Filia Uniwersytetu w Bia\u0142ymstoku w Wilnie (ul. Aguon\u0173 22, sala 108)<\/p>\n<p>Film dokumentalny pt. \u201eBy\u0142a sobie piosenka\u201d (re\u017c. Mateusz Koldun, czas trwania: 50 minut) zosta\u0142 wyprodukowany w roku 2024 przez Muzeum II Wojny \u015awiatowej w Gda\u0144sku. Film jest histori\u0105 pie\u015bni-symbolu &#8211; \u201eCzerwone maki na Monte Cassino\u201d, kt\u00f3ra po bitwie o Monte Cassino kr\u0119tymi \u015bcie\u017ckami przyw\u0119drowa\u0142a nad Wis\u0142\u0119. Tu zdoby\u0142a serca Polak\u00f3w, ale jej powojenne losy wcale nie by\u0142y \u0142atwe&#8230; Z czasem te\u017c symbolika pie\u015bni ewoluowa\u0142a. Co z niej zosta\u0142o do dzi\u015b? Autor \u0142\u0105czy w swoim filmie refleksj\u0119 nad pie\u015bni\u0105 \u201eCzerwone maki\u201d i histori\u0105 z refleksj\u0105 nad pami\u0119ci\u0105 zbiorow\u0105, poprzez wspomnienia uczestnik\u00f3w bitwy, fragmenty film\u00f3w, bogate archiwalia, ukazanie perspektywy muzykologicznej, teatrologicznej (teatru emigracyjnego), historycznej, w tle za\u015b snuje si\u0119 opowie\u015b\u0107 o tym, jak dosz\u0142o do powstania tego wojennego przeboju autorstwa F. Konarskiego i A. Sch\u00fctza.<br \/>Projekcje filmu w\u015br\u00f3d publiczno\u015bci zagranicznej stwarzaj\u0105 szans\u0119 \u0142atwiejszego odczytywania polskiego kodu kulturowego, kszta\u0142towanego m.in. przez wydarzenia i dzieje opisywane w filmie. Niezale\u017cnie od tego obraz jest uniwersaln\u0105 opowie\u015bci\u0105 o mocy muzyki, osadzon\u0105 w powszechnie znanych wydarzeniach historycznych, b\u0119d\u0105cych do\u015bwiadczeniem wielu narod\u00f3w.<br \/><br \/>Przed filmem kontekst historyczny bitwy pod Monte Cassino przedstawi historyczka z Muzeum II Wojny \u015awiatowej w Gda\u0144sku Monika So\u0142oduszkiewicz.<br \/><br \/>Spotkanie i film w j\u0119zyku polskim. Wst\u0119p wolny.<br \/><br \/>Organizatorzy: Instytut Polski w Wilnie, Muzeum II Wojny \u015awiatowej w Gda\u0144sku, Filia Uniwersytetu w Bia\u0142ymstoku w Wilnie<\/p>\n","protected":false},"excerpt":{"rendered":"<p>15 maja 2025 r. godz. 15.00Filia Uniwersytetu w Bia\u0142ymstoku w Wilnie (ul. Aguon\u0173 22, sala 108) Film dokumentalny pt. \u201eBy\u0142a sobie piosenka\u201d (re\u017c. Mateusz Koldun, czas trwania: 50 minut) zosta\u0142 wyprodukowany w roku 2024 przez Muzeum II Wojny \u015awiatowej w Gda\u0144sku. Film jest histori\u0105 pie\u015bni-symbolu &#8211; \u201eCzerwone maki na Monte Cassino\u201d, kt\u00f3ra po bitwie o [&hellip;]<\/p>\n","protected":false},"author":97,"featured_media":7288,"comment_status":"open","ping_status":"open","sticky":false,"template":"","format":"standard","meta":{"inline_featured_image":false,"_monsterinsights_skip_tracking":false,"_monsterinsights_sitenote_active":false,"_monsterinsights_sitenote_note":"","_monsterinsights_sitenote_category":0,"footnotes":""},"categories":[43,115,95],"tags":[],"class_list":["post-7287","post","type-post","status-publish","format-standard","has-post-thumbnail","hentry","category-film","category-historia-pl","category-wydarzenia"],"yoast_head":"<!-- This site is optimized with the Yoast SEO plugin v24.6 - https:\/\/yoast.com\/wordpress\/plugins\/seo\/ -->\n<title>Pokaz filmu dokumentalnego \u201eBy\u0142a sobie piosenka\u201d - Instytut Polski w Wilnie<\/title>\n<meta name=\"robots\" content=\"index, follow, max-snippet:-1, max-image-preview:large, max-video-preview:-1\" \/>\n<link rel=\"canonical\" href=\"https:\/\/instytutpolski.pl\/vilnius\/pl\/2025\/04\/14\/pokaz-filmu-dokumentalnego-byla-sobie-piosenka\/\" \/>\n<meta property=\"og:locale\" content=\"pl_PL\" \/>\n<meta property=\"og:type\" content=\"article\" \/>\n<meta property=\"og:title\" content=\"Pokaz filmu dokumentalnego \u201eBy\u0142a sobie piosenka\u201d - Instytut Polski w Wilnie\" \/>\n<meta property=\"og:description\" content=\"15 maja 2025 r. godz. 15.00Filia Uniwersytetu w Bia\u0142ymstoku w Wilnie (ul. Aguon\u0173 22, sala 108) Film dokumentalny pt. \u201eBy\u0142a sobie piosenka\u201d (re\u017c. Mateusz Koldun, czas trwania: 50 minut) zosta\u0142 wyprodukowany w roku 2024 przez Muzeum II Wojny \u015awiatowej w Gda\u0144sku. Film jest histori\u0105 pie\u015bni-symbolu &#8211; \u201eCzerwone maki na Monte Cassino\u201d, kt\u00f3ra po bitwie o [&hellip;]\" \/>\n<meta property=\"og:url\" content=\"https:\/\/instytutpolski.pl\/vilnius\/pl\/2025\/04\/14\/pokaz-filmu-dokumentalnego-byla-sobie-piosenka\/\" \/>\n<meta property=\"og:site_name\" content=\"Instytut Polski w Wilnie\" \/>\n<meta property=\"article:published_time\" content=\"2025-04-14T06:45:02+00:00\" \/>\n<meta property=\"article:modified_time\" content=\"2025-04-14T06:45:03+00:00\" \/>\n<meta property=\"og:image\" content=\"https:\/\/instytutpolski.pl\/vilnius\/wp-content\/uploads\/sites\/24\/2025\/04\/Byla_sobie_piosenka_poziom_www.png\" \/>\n\t<meta property=\"og:image:width\" content=\"960\" \/>\n\t<meta property=\"og:image:height\" content=\"540\" \/>\n\t<meta property=\"og:image:type\" content=\"image\/png\" \/>\n<meta name=\"author\" content=\"kierulisa\" \/>\n<meta name=\"twitter:card\" content=\"summary_large_image\" \/>\n<meta name=\"twitter:label1\" content=\"Napisane przez\" \/>\n\t<meta name=\"twitter:data1\" content=\"kierulisa\" \/>\n\t<meta name=\"twitter:label2\" content=\"Szacowany czas czytania\" \/>\n\t<meta name=\"twitter:data2\" content=\"2 minuty\" \/>\n<script type=\"application\/ld+json\" class=\"yoast-schema-graph\">{\"@context\":\"https:\/\/schema.org\",\"@graph\":[{\"@type\":\"event\",\"@id\":\"https:\/\/instytutpolski.pl\/vilnius\/pl\/2025\/04\/14\/pokaz-filmu-dokumentalnego-byla-sobie-piosenka\/\",\"url\":\"https:\/\/instytutpolski.pl\/vilnius\/pl\/2025\/04\/14\/pokaz-filmu-dokumentalnego-byla-sobie-piosenka\/\",\"name\":\"Pokaz filmu dokumentalnego \u201eBy\u0142a sobie piosenka\u201d\",\"isPartOf\":{\"@id\":\"https:\/\/instytutpolski.pl\/vilnius\/#website\"},\"primaryImageOfPage\":{\"@id\":\"https:\/\/instytutpolski.pl\/vilnius\/pl\/2025\/04\/14\/pokaz-filmu-dokumentalnego-byla-sobie-piosenka\/#primaryimage\"},\"image\":[\"https:\/\/instytutpolski.pl\/vilnius\/wp-content\/uploads\/sites\/24\/2025\/04\/Byla_sobie_piosenka_poziom_www.png\",\"https:\/\/instytutpolski.pl\/vilnius\/wp-content\/uploads\/sites\/24\/2025\/04\/Byla_sobie_piosenka_poziom_www-300x169.png\",\"https:\/\/instytutpolski.pl\/vilnius\/wp-content\/uploads\/sites\/24\/2025\/04\/Byla_sobie_piosenka_poziom_www.png\",\"https:\/\/instytutpolski.pl\/vilnius\/wp-content\/uploads\/sites\/24\/2025\/04\/Byla_sobie_piosenka_poziom_www.png\"],\"thumbnailUrl\":\"https:\/\/instytutpolski.pl\/vilnius\/wp-content\/uploads\/sites\/24\/2025\/04\/Byla_sobie_piosenka_poziom_www.png\",\"datePublished\":\"2025-04-14T06:45:02+02:00\",\"dateModified\":\"2025-04-14T06:45:03+02:00\",\"author\":{\"@id\":\"https:\/\/instytutpolski.pl\/vilnius\/#\/schema\/person\/78c72aa8a0c11636786e5f94021bbf20\"},\"breadcrumb\":{\"@id\":\"https:\/\/instytutpolski.pl\/vilnius\/pl\/2025\/04\/14\/pokaz-filmu-dokumentalnego-byla-sobie-piosenka\/#breadcrumb\"},\"inLanguage\":\"pl-PL\",\"potentialAction\":[{\"@type\":\"ReadAction\",\"target\":[\"https:\/\/instytutpolski.pl\/vilnius\/pl\/2025\/04\/14\/pokaz-filmu-dokumentalnego-byla-sobie-piosenka\/\"]}],\"@context\":\"https:\/\/schema.org\",\"startDate\":\"2025-05-15\",\"endDate\":\"2025-05-15\",\"eventStatus\":\"EventScheduled\",\"eventAttendanceMode\":\"OfflineEventAttendanceMode\",\"location\":{\"@type\":\"place\",\"name\":\"\",\"address\":\"\",\"geo\":{\"@type\":\"GeoCoordinates\",\"latitude\":\"\",\"longitude\":\"\"}},\"description\":\"15 maja 2025 r. godz. 15.00Filia Uniwersytetu w Bia\u0142ymstoku w Wilnie (ul. Aguon\u0173 22, sala 108)\\nFilm dokumentalny pt. \u201eBy\u0142a sobie piosenka\u201d (re\u017c. Mateusz Koldun, czas trwania: 50 minut) zosta\u0142 wyprodukowany w roku 2024 przez Muzeum II Wojny \u015awiatowej w Gda\u0144sku. Film jest histori\u0105 pie\u015bni-symbolu - \u201eCzerwone maki na Monte Cassino\u201d, kt\u00f3ra po bitwie o Monte Cassino kr\u0119tymi \u015bcie\u017ckami przyw\u0119drowa\u0142a nad Wis\u0142\u0119. Tu zdoby\u0142a serca Polak\u00f3w, ale jej powojenne losy wcale nie by\u0142y \u0142atwe... Z czasem te\u017c symbolika pie\u015bni ewoluowa\u0142a. Co z niej zosta\u0142o do dzi\u015b? Autor \u0142\u0105czy w swoim filmie refleksj\u0119 nad pie\u015bni\u0105 \u201eCzerwone maki\u201d i histori\u0105 z refleksj\u0105 nad pami\u0119ci\u0105 zbiorow\u0105, poprzez wspomnienia uczestnik\u00f3w bitwy, fragmenty film\u00f3w, bogate archiwalia, ukazanie perspektywy muzykologicznej, teatrologicznej (teatru emigracyjnego), historycznej, w tle za\u015b snuje si\u0119 opowie\u015b\u0107 o tym, jak dosz\u0142o do powstania tego wojennego przeboju autorstwa F. Konarskiego i A. Sch\u00fctza.Projekcje filmu w\u015br\u00f3d publiczno\u015bci zagranicznej stwarzaj\u0105 szans\u0119 \u0142atwiejszego odczytywania polskiego kodu kulturowego, kszta\u0142towanego m.in. przez wydarzenia i dzieje opisywane w filmie. Niezale\u017cnie od tego obraz jest uniwersaln\u0105 opowie\u015bci\u0105 o mocy muzyki, osadzon\u0105 w powszechnie znanych wydarzeniach historycznych, b\u0119d\u0105cych do\u015bwiadczeniem wielu narod\u00f3w.Przed filmem kontekst historyczny bitwy pod Monte Cassino przedstawi historyczka z Muzeum II Wojny \u015awiatowej w Gda\u0144sku Monika So\u0142oduszkiewicz.Spotkanie i film w j\u0119zyku polskim. Wst\u0119p wolny.Organizatorzy: Instytut Polski w Wilnie, Muzeum II Wojny \u015awiatowej w Gda\u0144sku, Filia Uniwersytetu w Bia\u0142ymstoku w Wilnie\"},{\"@type\":\"ImageObject\",\"inLanguage\":\"pl-PL\",\"@id\":\"https:\/\/instytutpolski.pl\/vilnius\/pl\/2025\/04\/14\/pokaz-filmu-dokumentalnego-byla-sobie-piosenka\/#primaryimage\",\"url\":\"https:\/\/instytutpolski.pl\/vilnius\/wp-content\/uploads\/sites\/24\/2025\/04\/Byla_sobie_piosenka_poziom_www.png\",\"contentUrl\":\"https:\/\/instytutpolski.pl\/vilnius\/wp-content\/uploads\/sites\/24\/2025\/04\/Byla_sobie_piosenka_poziom_www.png\",\"width\":960,\"height\":540},{\"@type\":\"BreadcrumbList\",\"@id\":\"https:\/\/instytutpolski.pl\/vilnius\/pl\/2025\/04\/14\/pokaz-filmu-dokumentalnego-byla-sobie-piosenka\/#breadcrumb\",\"itemListElement\":[{\"@type\":\"ListItem\",\"position\":1,\"name\":\"Home\",\"item\":\"https:\/\/instytutpolski.pl\/vilnius\/\"},{\"@type\":\"ListItem\",\"position\":2,\"name\":\"Pokaz filmu dokumentalnego \u201eBy\u0142a sobie piosenka\u201d\"}]},{\"@type\":\"WebSite\",\"@id\":\"https:\/\/instytutpolski.pl\/vilnius\/#website\",\"url\":\"https:\/\/instytutpolski.pl\/vilnius\/\",\"name\":\"Instytut Polski w Wilnie\",\"description\":\"Instytuty Polskie\",\"potentialAction\":[{\"@type\":\"SearchAction\",\"target\":{\"@type\":\"EntryPoint\",\"urlTemplate\":\"https:\/\/instytutpolski.pl\/vilnius\/?s={search_term_string}\"},\"query-input\":{\"@type\":\"PropertyValueSpecification\",\"valueRequired\":true,\"valueName\":\"search_term_string\"}}],\"inLanguage\":\"pl-PL\"},{\"@type\":\"Person\",\"@id\":\"https:\/\/instytutpolski.pl\/vilnius\/#\/schema\/person\/78c72aa8a0c11636786e5f94021bbf20\",\"name\":\"kierulisa\",\"image\":{\"@type\":\"ImageObject\",\"inLanguage\":\"pl-PL\",\"@id\":\"https:\/\/instytutpolski.pl\/vilnius\/#\/schema\/person\/image\/\",\"url\":\"https:\/\/secure.gravatar.com\/avatar\/8f657fc62324bc6bb80da604bb5900de?s=96&d=mm&r=g\",\"contentUrl\":\"https:\/\/secure.gravatar.com\/avatar\/8f657fc62324bc6bb80da604bb5900de?s=96&d=mm&r=g\",\"caption\":\"kierulisa\"},\"sameAs\":[\"http:\/\/kierulisa\"],\"url\":\"https:\/\/instytutpolski.pl\/vilnius\/author\/kierulisa\/\"}]}<\/script>\n<!-- \/ Yoast SEO plugin. -->","yoast_head_json":{"title":"Pokaz filmu dokumentalnego \u201eBy\u0142a sobie piosenka\u201d - Instytut Polski w Wilnie","robots":{"index":"index","follow":"follow","max-snippet":"max-snippet:-1","max-image-preview":"max-image-preview:large","max-video-preview":"max-video-preview:-1"},"canonical":"https:\/\/instytutpolski.pl\/vilnius\/pl\/2025\/04\/14\/pokaz-filmu-dokumentalnego-byla-sobie-piosenka\/","og_locale":"pl_PL","og_type":"article","og_title":"Pokaz filmu dokumentalnego \u201eBy\u0142a sobie piosenka\u201d - Instytut Polski w Wilnie","og_description":"15 maja 2025 r. godz. 15.00Filia Uniwersytetu w Bia\u0142ymstoku w Wilnie (ul. Aguon\u0173 22, sala 108) Film dokumentalny pt. \u201eBy\u0142a sobie piosenka\u201d (re\u017c. Mateusz Koldun, czas trwania: 50 minut) zosta\u0142 wyprodukowany w roku 2024 przez Muzeum II Wojny \u015awiatowej w Gda\u0144sku. Film jest histori\u0105 pie\u015bni-symbolu &#8211; \u201eCzerwone maki na Monte Cassino\u201d, kt\u00f3ra po bitwie o [&hellip;]","og_url":"https:\/\/instytutpolski.pl\/vilnius\/pl\/2025\/04\/14\/pokaz-filmu-dokumentalnego-byla-sobie-piosenka\/","og_site_name":"Instytut Polski w Wilnie","article_published_time":"2025-04-14T06:45:02+00:00","article_modified_time":"2025-04-14T06:45:03+00:00","og_image":[{"width":960,"height":540,"url":"https:\/\/instytutpolski.pl\/vilnius\/wp-content\/uploads\/sites\/24\/2025\/04\/Byla_sobie_piosenka_poziom_www.png","type":"image\/png"}],"author":"kierulisa","twitter_card":"summary_large_image","twitter_misc":{"Napisane przez":"kierulisa","Szacowany czas czytania":"2 minuty"},"schema":{"@context":"https:\/\/schema.org","@graph":[{"@type":"event","@id":"https:\/\/instytutpolski.pl\/vilnius\/pl\/2025\/04\/14\/pokaz-filmu-dokumentalnego-byla-sobie-piosenka\/","url":"https:\/\/instytutpolski.pl\/vilnius\/pl\/2025\/04\/14\/pokaz-filmu-dokumentalnego-byla-sobie-piosenka\/","name":"Pokaz filmu dokumentalnego \u201eBy\u0142a sobie piosenka\u201d","isPartOf":{"@id":"https:\/\/instytutpolski.pl\/vilnius\/#website"},"primaryImageOfPage":{"@id":"https:\/\/instytutpolski.pl\/vilnius\/pl\/2025\/04\/14\/pokaz-filmu-dokumentalnego-byla-sobie-piosenka\/#primaryimage"},"image":["https:\/\/instytutpolski.pl\/vilnius\/wp-content\/uploads\/sites\/24\/2025\/04\/Byla_sobie_piosenka_poziom_www.png","https:\/\/instytutpolski.pl\/vilnius\/wp-content\/uploads\/sites\/24\/2025\/04\/Byla_sobie_piosenka_poziom_www-300x169.png","https:\/\/instytutpolski.pl\/vilnius\/wp-content\/uploads\/sites\/24\/2025\/04\/Byla_sobie_piosenka_poziom_www.png","https:\/\/instytutpolski.pl\/vilnius\/wp-content\/uploads\/sites\/24\/2025\/04\/Byla_sobie_piosenka_poziom_www.png"],"thumbnailUrl":"https:\/\/instytutpolski.pl\/vilnius\/wp-content\/uploads\/sites\/24\/2025\/04\/Byla_sobie_piosenka_poziom_www.png","datePublished":"2025-04-14T06:45:02+02:00","dateModified":"2025-04-14T06:45:03+02:00","author":{"@id":"https:\/\/instytutpolski.pl\/vilnius\/#\/schema\/person\/78c72aa8a0c11636786e5f94021bbf20"},"breadcrumb":{"@id":"https:\/\/instytutpolski.pl\/vilnius\/pl\/2025\/04\/14\/pokaz-filmu-dokumentalnego-byla-sobie-piosenka\/#breadcrumb"},"inLanguage":"pl-PL","potentialAction":[{"@type":"ReadAction","target":["https:\/\/instytutpolski.pl\/vilnius\/pl\/2025\/04\/14\/pokaz-filmu-dokumentalnego-byla-sobie-piosenka\/"]}],"@context":"https:\/\/schema.org","startDate":"2025-05-15","endDate":"2025-05-15","eventStatus":"EventScheduled","eventAttendanceMode":"OfflineEventAttendanceMode","location":{"@type":"place","name":"","address":"","geo":{"@type":"GeoCoordinates","latitude":"","longitude":""}},"description":"15 maja 2025 r. godz. 15.00Filia Uniwersytetu w Bia\u0142ymstoku w Wilnie (ul. Aguon\u0173 22, sala 108)\nFilm dokumentalny pt. \u201eBy\u0142a sobie piosenka\u201d (re\u017c. Mateusz Koldun, czas trwania: 50 minut) zosta\u0142 wyprodukowany w roku 2024 przez Muzeum II Wojny \u015awiatowej w Gda\u0144sku. Film jest histori\u0105 pie\u015bni-symbolu - \u201eCzerwone maki na Monte Cassino\u201d, kt\u00f3ra po bitwie o Monte Cassino kr\u0119tymi \u015bcie\u017ckami przyw\u0119drowa\u0142a nad Wis\u0142\u0119. Tu zdoby\u0142a serca Polak\u00f3w, ale jej powojenne losy wcale nie by\u0142y \u0142atwe... Z czasem te\u017c symbolika pie\u015bni ewoluowa\u0142a. Co z niej zosta\u0142o do dzi\u015b? Autor \u0142\u0105czy w swoim filmie refleksj\u0119 nad pie\u015bni\u0105 \u201eCzerwone maki\u201d i histori\u0105 z refleksj\u0105 nad pami\u0119ci\u0105 zbiorow\u0105, poprzez wspomnienia uczestnik\u00f3w bitwy, fragmenty film\u00f3w, bogate archiwalia, ukazanie perspektywy muzykologicznej, teatrologicznej (teatru emigracyjnego), historycznej, w tle za\u015b snuje si\u0119 opowie\u015b\u0107 o tym, jak dosz\u0142o do powstania tego wojennego przeboju autorstwa F. Konarskiego i A. Sch\u00fctza.Projekcje filmu w\u015br\u00f3d publiczno\u015bci zagranicznej stwarzaj\u0105 szans\u0119 \u0142atwiejszego odczytywania polskiego kodu kulturowego, kszta\u0142towanego m.in. przez wydarzenia i dzieje opisywane w filmie. Niezale\u017cnie od tego obraz jest uniwersaln\u0105 opowie\u015bci\u0105 o mocy muzyki, osadzon\u0105 w powszechnie znanych wydarzeniach historycznych, b\u0119d\u0105cych do\u015bwiadczeniem wielu narod\u00f3w.Przed filmem kontekst historyczny bitwy pod Monte Cassino przedstawi historyczka z Muzeum II Wojny \u015awiatowej w Gda\u0144sku Monika So\u0142oduszkiewicz.Spotkanie i film w j\u0119zyku polskim. Wst\u0119p wolny.Organizatorzy: Instytut Polski w Wilnie, Muzeum II Wojny \u015awiatowej w Gda\u0144sku, Filia Uniwersytetu w Bia\u0142ymstoku w Wilnie"},{"@type":"ImageObject","inLanguage":"pl-PL","@id":"https:\/\/instytutpolski.pl\/vilnius\/pl\/2025\/04\/14\/pokaz-filmu-dokumentalnego-byla-sobie-piosenka\/#primaryimage","url":"https:\/\/instytutpolski.pl\/vilnius\/wp-content\/uploads\/sites\/24\/2025\/04\/Byla_sobie_piosenka_poziom_www.png","contentUrl":"https:\/\/instytutpolski.pl\/vilnius\/wp-content\/uploads\/sites\/24\/2025\/04\/Byla_sobie_piosenka_poziom_www.png","width":960,"height":540},{"@type":"BreadcrumbList","@id":"https:\/\/instytutpolski.pl\/vilnius\/pl\/2025\/04\/14\/pokaz-filmu-dokumentalnego-byla-sobie-piosenka\/#breadcrumb","itemListElement":[{"@type":"ListItem","position":1,"name":"Home","item":"https:\/\/instytutpolski.pl\/vilnius\/"},{"@type":"ListItem","position":2,"name":"Pokaz filmu dokumentalnego \u201eBy\u0142a sobie piosenka\u201d"}]},{"@type":"WebSite","@id":"https:\/\/instytutpolski.pl\/vilnius\/#website","url":"https:\/\/instytutpolski.pl\/vilnius\/","name":"Instytut Polski w Wilnie","description":"Instytuty Polskie","potentialAction":[{"@type":"SearchAction","target":{"@type":"EntryPoint","urlTemplate":"https:\/\/instytutpolski.pl\/vilnius\/?s={search_term_string}"},"query-input":{"@type":"PropertyValueSpecification","valueRequired":true,"valueName":"search_term_string"}}],"inLanguage":"pl-PL"},{"@type":"Person","@id":"https:\/\/instytutpolski.pl\/vilnius\/#\/schema\/person\/78c72aa8a0c11636786e5f94021bbf20","name":"kierulisa","image":{"@type":"ImageObject","inLanguage":"pl-PL","@id":"https:\/\/instytutpolski.pl\/vilnius\/#\/schema\/person\/image\/","url":"https:\/\/secure.gravatar.com\/avatar\/8f657fc62324bc6bb80da604bb5900de?s=96&d=mm&r=g","contentUrl":"https:\/\/secure.gravatar.com\/avatar\/8f657fc62324bc6bb80da604bb5900de?s=96&d=mm&r=g","caption":"kierulisa"},"sameAs":["http:\/\/kierulisa"],"url":"https:\/\/instytutpolski.pl\/vilnius\/author\/kierulisa\/"}]}},"_links":{"self":[{"href":"https:\/\/instytutpolski.pl\/vilnius\/wp-json\/wp\/v2\/posts\/7287","targetHints":{"allow":["GET"]}}],"collection":[{"href":"https:\/\/instytutpolski.pl\/vilnius\/wp-json\/wp\/v2\/posts"}],"about":[{"href":"https:\/\/instytutpolski.pl\/vilnius\/wp-json\/wp\/v2\/types\/post"}],"author":[{"embeddable":true,"href":"https:\/\/instytutpolski.pl\/vilnius\/wp-json\/wp\/v2\/users\/97"}],"replies":[{"embeddable":true,"href":"https:\/\/instytutpolski.pl\/vilnius\/wp-json\/wp\/v2\/comments?post=7287"}],"version-history":[{"count":2,"href":"https:\/\/instytutpolski.pl\/vilnius\/wp-json\/wp\/v2\/posts\/7287\/revisions"}],"predecessor-version":[{"id":7290,"href":"https:\/\/instytutpolski.pl\/vilnius\/wp-json\/wp\/v2\/posts\/7287\/revisions\/7290"}],"wp:featuredmedia":[{"embeddable":true,"href":"https:\/\/instytutpolski.pl\/vilnius\/wp-json\/wp\/v2\/media\/7288"}],"wp:attachment":[{"href":"https:\/\/instytutpolski.pl\/vilnius\/wp-json\/wp\/v2\/media?parent=7287"}],"wp:term":[{"taxonomy":"category","embeddable":true,"href":"https:\/\/instytutpolski.pl\/vilnius\/wp-json\/wp\/v2\/categories?post=7287"},{"taxonomy":"post_tag","embeddable":true,"href":"https:\/\/instytutpolski.pl\/vilnius\/wp-json\/wp\/v2\/tags?post=7287"}],"curies":[{"name":"wp","href":"https:\/\/api.w.org\/{rel}","templated":true}]}}