{"id":7332,"date":"2025-04-24T08:54:45","date_gmt":"2025-04-24T06:54:45","guid":{"rendered":"https:\/\/instytutpolski.pl\/vilnius\/?p=7332"},"modified":"2025-04-29T11:39:51","modified_gmt":"2025-04-29T09:39:51","slug":"koncert-vesperae-resurrectionis-a-d-1625","status":"publish","type":"post","link":"https:\/\/instytutpolski.pl\/vilnius\/pl\/2025\/04\/24\/koncert-vesperae-resurrectionis-a-d-1625\/","title":{"rendered":"Koncert \u201eVesperae Resurrectionis A.D. 1625\u201d"},"content":{"rendered":"\n<p>Koncert \u201eVesperae Resurrectionis A.D. 1625\u201d. Tradycja muzyki Jezuickiej w Rzeczypospolitej Obojga Narod\u00f3w \u2013 podczas mi\u0119dzynarodowego festiwalu muzyki liturgicznej i dawnej \u201eLucernalis\u201c.<br>10 maja 2025 r., godz. 20.00, Ko\u015bci\u00f3\u0142 \u015bw. Jana Chrzciciela i \u015bw. Jana Aposto\u0142a i Ewangelisty w Wilnie, ul. \u0160v. Jono 12 | Wst\u0119p wolny<\/p>\n\n\n\n<p>Wykonawcy:<br>Ensemble JERYCHO (Polska), G\u0160 Ansamblis (Litwa), sekcja <em>continuo<\/em>, uczestnicy warsztat\u00f3w tw\u00f3rczych<br>Kierownik: Bartosz Izbicki<\/p>\n\n\n\n<p><strong>JERYCHO<\/strong> to zesp\u00f3\u0142 wokalny pos\u0142uguj\u0105cy si\u0119 tradycyjnym idiomem \u015bpiewu sakralnego. Grupa wykonuje historyczne \u015bpiewy polskie i \u0142aci\u0144skie stosuj\u0105c improwizowan\u0105 polifoni\u0119 zaadaptowan\u0105 przez Bartosza Izbickiego. Kreuj\u0105c now\u0105 przestrze\u0144 muzyczn\u0105 wok\u00f3\u0142 dawnego repertuaru Jerycho urzeczywistnia wizj\u0119 \u017cywej tradycji polskiego \u015bpiewu praktykowanego do XIX wieku.<br>Zesp\u00f3\u0142 zadebiutowa\u0142 w 2014 roku i od tej pory aktywnie uczestniczy w \u017cyciu muzycznym przygotowuj\u0105c liczne projekty, nagrywaj\u0105c p\u0142yty i koncertuj\u0105c w kraju za granic\u0105 (Czechy, W\u0119gry, Litwa, Austria, Irlandia).<br>W 2014 roku dla Festiwalu Muzyki Dawnej \u201ePie\u015b\u0144 Naszych Korzeni\u201d w Jaros\u0142awiu zesp\u00f3\u0142 przygotowa\u0142 program \u201eMissa Polonica AD 1475\u201d, kt\u00f3ry pokaza\u0142 bogactwo muzyczne polskiego p\u00f3\u017anego \u015bredniowiecza, a przede wszystkim rekonstrukcj\u0119 stylu \u201ecantus planus multiplex\u201d, czyli praktyki \u015bpiewania chora\u0142u na g\u0142osy.<br>W roku 2015 zesp\u00f3\u0142 przygotowa\u0142 program \u201eLaudario Polonico\u201d przedstawiaj\u0105cy dziedzictwo laudy franciszka\u0144skiej w Polsce. Zapis tego koncertu zosta\u0142 wydany na p\u0142ycie CD (wyd. Mikroklimat 2016).<br>Dla wydawnictwa \u201cMusica Iagiellonica\u201d zesp\u00f3\u0142 zrealizowa\u0142 nagranie \u201cHistoria Sancti Stanislai\u201d &#8211; obszernych fragment\u00f3w oficjum rymowanego \u201cDies adest celebris\u201d o \u015bw. Stanis\u0142awie, a tak\u017ce mszy i oficjum o \u015bw. Janie Ja\u0142mu\u017cniku z wawelskiego r\u0119kopisu z 1503 roku. Oba materia\u0142y ukaza\u0142y si\u0119 w serii MECCA (Musica in Ecclesia Cathedrali Cracoviensi Audita) &#8211; tom 2 i 4.<br>W 2016 roku zesp\u00f3\u0142 uczestniczy\u0142 w rozpocz\u0119ciu obchod\u00f3w 1050 rocznicy Chrztu Polski 10 kwietnia w Pradze &#8211; \u015bpiewa\u0142 podczas mszy \u015bwi\u0119tej w Bazylice \u015bw. Jerzego i da\u0142 tam koncert &#8211; przedstawi\u0142 m.in. wielkanocne motety z kancjona\u0142u Jana Franusa.<br>W 2016 roku w zwi\u0105zku z 1050 z rocznic\u0105 Chrztu Polski zesp\u00f3\u0142 wzi\u0105\u0142 udzia\u0142 w projekcie badawczym z dr. hab Jakubem Kubie\u0144cem (UJ) i Marcelem P\u00e9r\u00e8s&#8217;em (Ensemble Organum), kt\u00f3rego zwie\u0144czeniem by\u0142 koncert \u201cChrzest Mieszka &#8211; ksi\u0119cia polskiego\u201d &#8211; 10 listopada w katedrze p\u0142ockiej.<br>W roku 2017 zesp\u00f3\u0142 dokona\u0142 nagrania programu \u201cChrzest Mieszka\u201d, nad kt\u00f3rym kierownictwo artystyczne obj\u0105\u0142 Marcel P\u00e9r\u00e8s. W 2019 roku materia\u0142 ten zosta\u0142 wydany na p\u0142ycie CD pod tytu\u0142em \u201c966\u201d (wyd. Ars Sonora).<br>W 2018 roku ukaza\u0142a si\u0119 p\u0142yta \u201cSurgit Leo fortis\u201d z p\u00f3\u017ano\u015bredniowiecznym repertuarem wielkanocnym (wyd. Ars Sonora). Na 100-lecie odzyskania niepodleg\u0142o\u015bci zesp\u00f3\u0142 przygotowa\u0142 album \u201cBogarodzica\u201d (wyd. Fundacja InCanto), kt\u00f3ry mia\u0142 premier\u0119 11 listopada 2018 roku. Oba albumy zosta\u0142y \u201cp\u0142ytami numeru\u201d czasopisma Ruch Muzyczny (1\/2019).<br>W roku 2018 zesp\u00f3\u0142 zainaugurowa\u0142 festiwal Musica Divina w Krakowie, wyst\u0105pi\u0142 te\u017c na festiwalu Banchetto Musicale w Wilnie.<br>W 2019 roku zesp\u00f3\u0142 wyda\u0142 p\u0142yt\u0119 \u201cGolgotha\u201d (wyd. Fundacja InCanto) ze \u015bpiewami na Wielki Post, a na zam\u00f3wienie festiwalu Misteria Paschalia wykona\u0142 liturgicznie trzygodzinne nabo\u017ce\u0144stwo Ciemnych Jutrzni na Wielki Piatek. W tym samym roku zesp\u00f3\u0142 wyst\u0105pi\u0142 na presti\u017cowym festiwalu muzyki dawnej \u201cTrigonale\u201d (Austria).<br>Od 2019 roku zesp\u00f3\u0142 bierze udzia\u0142 w du\u017cych projektach wokalno-instrumentalnych (z towarzyszeniem sekcji continuo), takich jak: &#8222;Bogarodzica &#8211; continuum continuo&#8221; (Godzinki o Niepokalanym Pocz\u0119ci NMP z hymnami Diomedesa Cato i Franciszka Liliusa), \u201cVesperae Resurrectionis 1620-2020\u201d (praktyka falso-bordone oraz contrapunctus fractus z r\u0119kopis\u00f3w jezuickich), \u201cBeatitudines, czyli staropolski przepis na szcz\u0119\u015bcie\u201d (kontrafaktury z kancjona\u0142\u00f3w protestanckich).<br>Z okazji 500 rocznicy \u015bmierci Josquina des Pres, 27 sierpnia 2021 roku, zesp\u00f3\u0142 JERYCHO wykona\u0142 program \u201cDe Consolatione Polyphoniae\u201d (O pocieszeniu przez polifoni\u0119), podczas kt\u00f3rego zaprezentowa\u0142 msz\u0119 Josquina \u201cMater Patris\u201d przystosowan\u0105 do u\u017cytku Kolegium Rorantyst\u00f3w przez Krzysztofa Borka (ok. 1552 roku) jako \u201cMissa Mater Matris\u201d. Zabrzmia\u0142y te\u017c inne kompozycje Josquina &#8211; np. \u201cInviolata\u201d i motety mszalne (Vultum tuum, Ora pro nobis).<br>W 2021 roku zesp\u00f3\u0142 JERYCHO wraz z Ensemble Morgaine i GSz Ansamblis przygotowa\u0142 program \u201cOratio Dominica\u201d, czyli dzie\u0142a wszystkie Cypriana Bazylika w formie koncertowej. Koncert by\u0142 prezentowany zar\u00f3wno polskiej (4 koncerty), jak i litewskiej publiczno\u015bci (6 koncert\u00f3w).<br>W 2023 roku zesp\u00f3\u0142 przygotowa\u0142 program \u201cSiedem Gwiazd Miko\u0142aja\u201d, w kt\u00f3rym przedstawi\u0142 swoj\u0105 wizj\u0119 odczytania dzie\u0142 Miko\u0142aja z Radomia. Premiera mia\u0142a miejsce na Festiwalu \u201cPie\u015b\u0144 Naszych Korzeni\u201d w Jaros\u0142awiu. Materia\u0142 zostanie wydany na p\u0142ycie CD w roku 2025.<br>W listopadzie 2023 roku mia\u0142a miejsce premiera CD \u201cCyprian z Sieradza &#8211; dzie\u0142a wszystkie\u201d, kt\u00f3r\u0105 zesp\u00f3\u0142 nagra\u0142 z udzia\u0142em Henryka Kasperczaka, Justyny Rek\u015b\u0107-Raubo, Jana Kiernickiego i Przemys\u0142awa Pogockiego. Patronat nad wydawnictwem obj\u0105\u0142 \u0141\u00f3dzki Dom Kultury.<br>W 2023 roku z okazji 10-lecia istnienia zespo\u0142u odby\u0142 si\u0119 jubileuszowy koncert \u201cSztuka \u015bredniowiecznej polifonii\u201d w Filharmonii \u0141\u00f3dzkiej. R\u00f3wnocze\u015bnie mia\u0142a miejsce premiera p\u0142yty \u201cCyprian Bazylik. Opera Omnia\u201d. Album ten rozpocz\u0105\u0142 wsp\u00f3\u0142prac\u0119 z wytw\u00f3rni\u0105 DUX.<br>W 2024 roku jako fina\u0142 festiwalu Misteria Paschalia w katedrze na Wawelu odby\u0142a si\u0119 premiera p\u0142yty \u201cJosquin in Poland\u201d. Koncert by\u0142 transmitowany na \u017cywo przez II program Polskiego Radia.<br>Zesp\u00f3\u0142 stopniowo powi\u0119ksza grup\u0119 s\u0142uchaczy i odbiorc\u00f3w. JERYCHO jest obserwowane na portalu Facebook przez ponad 11 tysi\u0119cy os\u00f3b. Kana\u0142 JERYCHO na YouTube przekroczy\u0142 2 miliona wy\u015bwietle\u0144.<br><br><strong>BARTOSZ IZBICKI<\/strong> w 1999 uko\u0144czy\u0142 muzykologi\u0119 ko\u015bcieln\u0105 w Akademii Teologii Katolickiej (obecnie UKSW) w Warszawie. W 1996 roku uczestniczy\u0142 w kursie chora\u0142u gregoria\u0144skiego pod kierunkiem M. P\u00e9r\u00e8s&#8217;a w Royaumont. W 2006 roku obroni\u0142 doktorat. W latach 2007-2020 wsp\u00f3\u0142pracowa\u0142 z Instytutem Sztuki PAN &#8211; by\u0142 inicjatorem portalu \u201cCantus Planus in Polonia\u201d. Napisa\u0142 te\u017c kilka pionierskich artyku\u0142\u00f3w o tradycji chora\u0142u gregoria\u0144skiego na ziemiach polskich w XIX wieku.<br>Od 2002 roku pracuje jako organista w Bazylice \u015bw. Jana Chrzciciela w Brochowie (miejsce chrztu F. Chopina). W 2013 roku za\u0142o\u017cy\u0142 zesp\u00f3\u0142 JERYCHO, z kt\u00f3rym urzeczywistnia swoj\u0105 wizj\u0119 muzyki dawnej &#8211; zakorzenion\u0105 w tradycji i jednocze\u015bnie atrakcyjn\u0105 dla wsp\u00f3\u0142czesnego odbiorcy.<br><br>Partner koncertu: Instytut Polski w Wilnie<\/p>\n\n\n\n<p>Fot. Dariusz Kulesza<\/p>\n\n\n\n<p><\/p>\n","protected":false},"excerpt":{"rendered":"<p>Koncert \u201eVesperae Resurrectionis A.D. 1625\u201d. Tradycja muzyki Jezuickiej w Rzeczypospolitej Obojga Narod\u00f3w \u2013 podczas mi\u0119dzynarodowego festiwalu muzyki liturgicznej i dawnej \u201eLucernalis\u201c.10 maja 2025 r., godz. 20.00, Ko\u015bci\u00f3\u0142 \u015bw. Jana Chrzciciela i \u015bw. Jana Aposto\u0142a i Ewangelisty w Wilnie, ul. \u0160v. Jono 12 | Wst\u0119p wolny Wykonawcy:Ensemble JERYCHO (Polska), G\u0160 Ansamblis (Litwa), sekcja continuo, uczestnicy warsztat\u00f3w [&hellip;]<\/p>\n","protected":false},"author":97,"featured_media":7450,"comment_status":"open","ping_status":"open","sticky":false,"template":"","format":"standard","meta":{"inline_featured_image":false,"_monsterinsights_skip_tracking":false,"_monsterinsights_sitenote_active":false,"_monsterinsights_sitenote_note":"","_monsterinsights_sitenote_category":0,"footnotes":""},"categories":[115,49,95],"tags":[],"class_list":["post-7332","post","type-post","status-publish","format-standard","has-post-thumbnail","hentry","category-historia-pl","category-muzyka","category-wydarzenia"],"yoast_head":"<!-- This site is optimized with the Yoast SEO plugin v24.6 - https:\/\/yoast.com\/wordpress\/plugins\/seo\/ -->\n<title>Koncert \u201eVesperae Resurrectionis A.D. 1625\u201d - Instytut Polski w Wilnie<\/title>\n<meta name=\"robots\" content=\"index, follow, max-snippet:-1, max-image-preview:large, max-video-preview:-1\" \/>\n<link rel=\"canonical\" href=\"https:\/\/instytutpolski.pl\/vilnius\/pl\/2025\/04\/24\/koncert-vesperae-resurrectionis-a-d-1625\/\" \/>\n<meta property=\"og:locale\" content=\"pl_PL\" \/>\n<meta property=\"og:type\" content=\"article\" \/>\n<meta property=\"og:title\" content=\"Koncert \u201eVesperae Resurrectionis A.D. 1625\u201d - Instytut Polski w Wilnie\" \/>\n<meta property=\"og:description\" content=\"Koncert \u201eVesperae Resurrectionis A.D. 1625\u201d. Tradycja muzyki Jezuickiej w Rzeczypospolitej Obojga Narod\u00f3w \u2013 podczas mi\u0119dzynarodowego festiwalu muzyki liturgicznej i dawnej \u201eLucernalis\u201c.10 maja 2025 r., godz. 20.00, Ko\u015bci\u00f3\u0142 \u015bw. Jana Chrzciciela i \u015bw. Jana Aposto\u0142a i Ewangelisty w Wilnie, ul. \u0160v. Jono 12 | Wst\u0119p wolny Wykonawcy:Ensemble JERYCHO (Polska), G\u0160 Ansamblis (Litwa), sekcja continuo, uczestnicy warsztat\u00f3w [&hellip;]\" \/>\n<meta property=\"og:url\" content=\"https:\/\/instytutpolski.pl\/vilnius\/pl\/2025\/04\/24\/koncert-vesperae-resurrectionis-a-d-1625\/\" \/>\n<meta property=\"og:site_name\" content=\"Instytut Polski w Wilnie\" \/>\n<meta property=\"article:published_time\" content=\"2025-04-24T06:54:45+00:00\" \/>\n<meta property=\"article:modified_time\" content=\"2025-04-29T09:39:51+00:00\" \/>\n<meta property=\"og:image\" content=\"https:\/\/instytutpolski.pl\/vilnius\/wp-content\/uploads\/sites\/24\/2025\/04\/Jerycho_fot_Dariusz_Kulesza.jpg\" \/>\n\t<meta property=\"og:image:width\" content=\"2048\" \/>\n\t<meta property=\"og:image:height\" content=\"1366\" \/>\n\t<meta property=\"og:image:type\" content=\"image\/jpeg\" \/>\n<meta name=\"author\" content=\"kierulisa\" \/>\n<meta name=\"twitter:card\" content=\"summary_large_image\" \/>\n<meta name=\"twitter:label1\" content=\"Napisane przez\" \/>\n\t<meta name=\"twitter:data1\" content=\"kierulisa\" \/>\n\t<meta name=\"twitter:label2\" content=\"Szacowany czas czytania\" \/>\n\t<meta name=\"twitter:data2\" content=\"6 minut\" \/>\n<script type=\"application\/ld+json\" class=\"yoast-schema-graph\">{\"@context\":\"https:\/\/schema.org\",\"@graph\":[{\"@type\":\"event\",\"@id\":\"https:\/\/instytutpolski.pl\/vilnius\/pl\/2025\/04\/24\/koncert-vesperae-resurrectionis-a-d-1625\/\",\"url\":\"https:\/\/instytutpolski.pl\/vilnius\/pl\/2025\/04\/24\/koncert-vesperae-resurrectionis-a-d-1625\/\",\"name\":\"Koncert \u201eVesperae Resurrectionis A.D. 1625\u201d\",\"isPartOf\":{\"@id\":\"https:\/\/instytutpolski.pl\/vilnius\/#website\"},\"primaryImageOfPage\":{\"@id\":\"https:\/\/instytutpolski.pl\/vilnius\/pl\/2025\/04\/24\/koncert-vesperae-resurrectionis-a-d-1625\/#primaryimage\"},\"image\":[\"https:\/\/instytutpolski.pl\/vilnius\/wp-content\/uploads\/sites\/24\/2025\/04\/Jerycho_fot_Dariusz_Kulesza.jpg\",\"https:\/\/instytutpolski.pl\/vilnius\/wp-content\/uploads\/sites\/24\/2025\/04\/Jerycho_fot_Dariusz_Kulesza-300x200.jpg\",\"https:\/\/instytutpolski.pl\/vilnius\/wp-content\/uploads\/sites\/24\/2025\/04\/Jerycho_fot_Dariusz_Kulesza-1024x683.jpg\",\"https:\/\/instytutpolski.pl\/vilnius\/wp-content\/uploads\/sites\/24\/2025\/04\/Jerycho_fot_Dariusz_Kulesza.jpg\"],\"thumbnailUrl\":\"https:\/\/instytutpolski.pl\/vilnius\/wp-content\/uploads\/sites\/24\/2025\/04\/Jerycho_fot_Dariusz_Kulesza.jpg\",\"datePublished\":\"2025-04-24T06:54:45+02:00\",\"dateModified\":\"2025-04-29T09:39:51+02:00\",\"author\":{\"@id\":\"https:\/\/instytutpolski.pl\/vilnius\/#\/schema\/person\/78c72aa8a0c11636786e5f94021bbf20\"},\"breadcrumb\":{\"@id\":\"https:\/\/instytutpolski.pl\/vilnius\/pl\/2025\/04\/24\/koncert-vesperae-resurrectionis-a-d-1625\/#breadcrumb\"},\"inLanguage\":\"pl-PL\",\"potentialAction\":[{\"@type\":\"ReadAction\",\"target\":[\"https:\/\/instytutpolski.pl\/vilnius\/pl\/2025\/04\/24\/koncert-vesperae-resurrectionis-a-d-1625\/\"]}],\"@context\":\"https:\/\/schema.org\",\"startDate\":\"2025-05-10\",\"endDate\":\"2025-05-10\",\"eventStatus\":\"EventScheduled\",\"eventAttendanceMode\":\"OfflineEventAttendanceMode\",\"location\":{\"@type\":\"place\",\"name\":\"\",\"address\":\"\",\"geo\":{\"@type\":\"GeoCoordinates\",\"latitude\":\"\",\"longitude\":\"\"}},\"description\":\"Koncert \u201eVesperae Resurrectionis A.D. 1625\u201d. Tradycja muzyki Jezuickiej w Rzeczypospolitej Obojga Narod\u00f3w \u2013 podczas mi\u0119dzynarodowego festiwalu muzyki liturgicznej i dawnej \u201eLucernalis\u201c.10 maja 2025 r., godz. 20.00, Ko\u015bci\u00f3\u0142 \u015bw. Jana Chrzciciela i \u015bw. Jana Aposto\u0142a i Ewangelisty w Wilnie, ul. \u0160v. Jono 12 | Wst\u0119p wolny\\nWykonawcy:Ensemble JERYCHO (Polska), G\u0160 Ansamblis (Litwa), sekcja continuo, uczestnicy warsztat\u00f3w tw\u00f3rczychKierownik: Bartosz Izbicki\\nJERYCHO to zesp\u00f3\u0142 wokalny pos\u0142uguj\u0105cy si\u0119 tradycyjnym idiomem \u015bpiewu sakralnego. Grupa wykonuje historyczne \u015bpiewy polskie i \u0142aci\u0144skie stosuj\u0105c improwizowan\u0105 polifoni\u0119 zaadaptowan\u0105 przez Bartosza Izbickiego. Kreuj\u0105c now\u0105 przestrze\u0144 muzyczn\u0105 wok\u00f3\u0142 dawnego repertuaru Jerycho urzeczywistnia wizj\u0119 \u017cywej tradycji polskiego \u015bpiewu praktykowanego do XIX wieku.Zesp\u00f3\u0142 zadebiutowa\u0142 w 2014 roku i od tej pory aktywnie uczestniczy w \u017cyciu muzycznym przygotowuj\u0105c liczne projekty, nagrywaj\u0105c p\u0142yty i koncertuj\u0105c w kraju za granic\u0105 (Czechy, W\u0119gry, Litwa, Austria, Irlandia).W 2014 roku dla Festiwalu Muzyki Dawnej \u201ePie\u015b\u0144 Naszych Korzeni\u201d w Jaros\u0142awiu zesp\u00f3\u0142 przygotowa\u0142 program \u201eMissa Polonica AD 1475\u201d, kt\u00f3ry pokaza\u0142 bogactwo muzyczne polskiego p\u00f3\u017anego \u015bredniowiecza, a przede wszystkim rekonstrukcj\u0119 stylu \u201ecantus planus multiplex\u201d, czyli praktyki \u015bpiewania chora\u0142u na g\u0142osy.W roku 2015 zesp\u00f3\u0142 przygotowa\u0142 program \u201eLaudario Polonico\u201d przedstawiaj\u0105cy dziedzictwo laudy franciszka\u0144skiej w Polsce. Zapis tego koncertu zosta\u0142 wydany na p\u0142ycie CD (wyd. Mikroklimat 2016).Dla wydawnictwa \u201cMusica Iagiellonica\u201d zesp\u00f3\u0142 zrealizowa\u0142 nagranie \u201cHistoria Sancti Stanislai\u201d - obszernych fragment\u00f3w oficjum rymowanego \u201cDies adest celebris\u201d o \u015bw. Stanis\u0142awie, a tak\u017ce mszy i oficjum o \u015bw. Janie Ja\u0142mu\u017cniku z wawelskiego r\u0119kopisu z 1503 roku. Oba materia\u0142y ukaza\u0142y si\u0119 w serii MECCA (Musica in Ecclesia Cathedrali Cracoviensi Audita) - tom 2 i 4.W 2016 roku zesp\u00f3\u0142 uczestniczy\u0142 w rozpocz\u0119ciu obchod\u00f3w 1050 rocznicy Chrztu Polski 10 kwietnia w Pradze - \u015bpiewa\u0142 podczas mszy \u015bwi\u0119tej w Bazylice \u015bw. Jerzego i da\u0142 tam koncert - przedstawi\u0142 m.in. wielkanocne motety z kancjona\u0142u Jana Franusa.W 2016 roku w zwi\u0105zku z 1050 z rocznic\u0105 Chrztu Polski zesp\u00f3\u0142 wzi\u0105\u0142 udzia\u0142 w projekcie badawczym z dr. hab Jakubem Kubie\u0144cem (UJ) i Marcelem P\u00e9r\u00e8s'em (Ensemble Organum), kt\u00f3rego zwie\u0144czeniem by\u0142 koncert \u201cChrzest Mieszka - ksi\u0119cia polskiego\u201d - 10 listopada w katedrze p\u0142ockiej.W roku 2017 zesp\u00f3\u0142 dokona\u0142 nagrania programu \u201cChrzest Mieszka\u201d, nad kt\u00f3rym kierownictwo artystyczne obj\u0105\u0142 Marcel P\u00e9r\u00e8s. W 2019 roku materia\u0142 ten zosta\u0142 wydany na p\u0142ycie CD pod tytu\u0142em \u201c966\u201d (wyd. Ars Sonora).W 2018 roku ukaza\u0142a si\u0119 p\u0142yta \u201cSurgit Leo fortis\u201d z p\u00f3\u017ano\u015bredniowiecznym repertuarem wielkanocnym (wyd. Ars Sonora). Na 100-lecie odzyskania niepodleg\u0142o\u015bci zesp\u00f3\u0142 przygotowa\u0142 album \u201cBogarodzica\u201d (wyd. Fundacja InCanto), kt\u00f3ry mia\u0142 premier\u0119 11 listopada 2018 roku. Oba albumy zosta\u0142y \u201cp\u0142ytami numeru\u201d czasopisma Ruch Muzyczny (1\/2019).W roku 2018 zesp\u00f3\u0142 zainaugurowa\u0142 festiwal Musica Divina w Krakowie, wyst\u0105pi\u0142 te\u017c na festiwalu Banchetto Musicale w Wilnie.W 2019 roku zesp\u00f3\u0142 wyda\u0142 p\u0142yt\u0119 \u201cGolgotha\u201d (wyd. Fundacja InCanto) ze \u015bpiewami na Wielki Post, a na zam\u00f3wienie festiwalu Misteria Paschalia wykona\u0142 liturgicznie trzygodzinne nabo\u017ce\u0144stwo Ciemnych Jutrzni na Wielki Piatek. W tym samym roku zesp\u00f3\u0142 wyst\u0105pi\u0142 na presti\u017cowym festiwalu muzyki dawnej \u201cTrigonale\u201d (Austria).Od 2019 roku zesp\u00f3\u0142 bierze udzia\u0142 w du\u017cych projektach wokalno-instrumentalnych (z towarzyszeniem sekcji continuo), takich jak: \\\"Bogarodzica - continuum continuo\\\" (Godzinki o Niepokalanym Pocz\u0119ci NMP z hymnami Diomedesa Cato i Franciszka Liliusa), \u201cVesperae Resurrectionis 1620-2020\u201d (praktyka falso-bordone oraz contrapunctus fractus z r\u0119kopis\u00f3w jezuickich), \u201cBeatitudines, czyli staropolski przepis na szcz\u0119\u015bcie\u201d (kontrafaktury z kancjona\u0142\u00f3w protestanckich).Z okazji 500 rocznicy \u015bmierci Josquina des Pres, 27 sierpnia 2021 roku, zesp\u00f3\u0142 JERYCHO wykona\u0142 program \u201cDe Consolatione Polyphoniae\u201d (O pocieszeniu przez polifoni\u0119), podczas kt\u00f3rego zaprezentowa\u0142 msz\u0119 Josquina \u201cMater Patris\u201d przystosowan\u0105 do u\u017cytku Kolegium Rorantyst\u00f3w przez Krzysztofa Borka (ok. 1552 roku) jako \u201cMissa Mater Matris\u201d. Zabrzmia\u0142y te\u017c inne kompozycje Josquina - np. \u201cInviolata\u201d i motety mszalne (Vultum tuum, Ora pro nobis).W 2021 roku zesp\u00f3\u0142 JERYCHO wraz z Ensemble Morgaine i GSz Ansamblis przygotowa\u0142 program \u201cOratio Dominica\u201d, czyli dzie\u0142a wszystkie Cypriana Bazylika w formie koncertowej. Koncert by\u0142 prezentowany zar\u00f3wno polskiej (4 koncerty), jak i litewskiej publiczno\u015bci (6 koncert\u00f3w).W 2023 roku zesp\u00f3\u0142 przygotowa\u0142 program \u201cSiedem Gwiazd Miko\u0142aja\u201d, w kt\u00f3rym przedstawi\u0142 swoj\u0105 wizj\u0119 odczytania dzie\u0142 Miko\u0142aja z Radomia. Premiera mia\u0142a miejsce na Festiwalu \u201cPie\u015b\u0144 Naszych Korzeni\u201d w Jaros\u0142awiu. Materia\u0142 zostanie wydany na p\u0142ycie CD w roku 2025.W listopadzie 2023 roku mia\u0142a miejsce premiera CD \u201cCyprian z Sieradza - dzie\u0142a wszystkie\u201d, kt\u00f3r\u0105 zesp\u00f3\u0142 nagra\u0142 z udzia\u0142em Henryka Kasperczaka, Justyny Rek\u015b\u0107-Raubo, Jana Kiernickiego i Przemys\u0142awa Pogockiego. Patronat nad wydawnictwem obj\u0105\u0142 \u0141\u00f3dzki Dom Kultury.W 2023 roku z okazji 10-lecia istnienia zespo\u0142u odby\u0142 si\u0119 jubileuszowy koncert \u201cSztuka \u015bredniowiecznej polifonii\u201d w Filharmonii \u0141\u00f3dzkiej. R\u00f3wnocze\u015bnie mia\u0142a miejsce premiera p\u0142yty \u201cCyprian Bazylik. Opera Omnia\u201d. Album ten rozpocz\u0105\u0142 wsp\u00f3\u0142prac\u0119 z wytw\u00f3rni\u0105 DUX.W 2024 roku jako fina\u0142 festiwalu Misteria Paschalia w katedrze na Wawelu odby\u0142a si\u0119 premiera p\u0142yty \u201cJosquin in Poland\u201d. Koncert by\u0142 transmitowany na \u017cywo przez II program Polskiego Radia.Zesp\u00f3\u0142 stopniowo powi\u0119ksza grup\u0119 s\u0142uchaczy i odbiorc\u00f3w. JERYCHO jest obserwowane na portalu Facebook przez ponad 11 tysi\u0119cy os\u00f3b. Kana\u0142 JERYCHO na YouTube przekroczy\u0142 2 miliona wy\u015bwietle\u0144.BARTOSZ IZBICKI w 1999 uko\u0144czy\u0142 muzykologi\u0119 ko\u015bcieln\u0105 w Akademii Teologii Katolickiej (obecnie UKSW) w Warszawie. W 1996 roku uczestniczy\u0142 w kursie chora\u0142u gregoria\u0144skiego pod kierunkiem M. P\u00e9r\u00e8s'a w Royaumont. W 2006 roku obroni\u0142 doktorat. W latach 2007-2020 wsp\u00f3\u0142pracowa\u0142 z Instytutem Sztuki PAN - by\u0142 inicjatorem portalu \u201cCantus Planus in Polonia\u201d. Napisa\u0142 te\u017c kilka pionierskich artyku\u0142\u00f3w o tradycji chora\u0142u gregoria\u0144skiego na ziemiach polskich w XIX wieku.Od 2002 roku pracuje jako organista w Bazylice \u015bw. Jana Chrzciciela w Brochowie (miejsce chrztu F. Chopina). W 2013 roku za\u0142o\u017cy\u0142 zesp\u00f3\u0142 JERYCHO, z kt\u00f3rym urzeczywistnia swoj\u0105 wizj\u0119 muzyki dawnej - zakorzenion\u0105 w tradycji i jednocze\u015bnie atrakcyjn\u0105 dla wsp\u00f3\u0142czesnego odbiorcy.Partner koncertu: Instytut Polski w Wilnie\\nFot. Dariusz Kulesza\"},{\"@type\":\"ImageObject\",\"inLanguage\":\"pl-PL\",\"@id\":\"https:\/\/instytutpolski.pl\/vilnius\/pl\/2025\/04\/24\/koncert-vesperae-resurrectionis-a-d-1625\/#primaryimage\",\"url\":\"https:\/\/instytutpolski.pl\/vilnius\/wp-content\/uploads\/sites\/24\/2025\/04\/Jerycho_fot_Dariusz_Kulesza.jpg\",\"contentUrl\":\"https:\/\/instytutpolski.pl\/vilnius\/wp-content\/uploads\/sites\/24\/2025\/04\/Jerycho_fot_Dariusz_Kulesza.jpg\",\"width\":2048,\"height\":1366,\"caption\":\"JERYCHO fot.Dariusz Kulesza\"},{\"@type\":\"BreadcrumbList\",\"@id\":\"https:\/\/instytutpolski.pl\/vilnius\/pl\/2025\/04\/24\/koncert-vesperae-resurrectionis-a-d-1625\/#breadcrumb\",\"itemListElement\":[{\"@type\":\"ListItem\",\"position\":1,\"name\":\"Home\",\"item\":\"https:\/\/instytutpolski.pl\/vilnius\/\"},{\"@type\":\"ListItem\",\"position\":2,\"name\":\"Koncert \u201eVesperae Resurrectionis A.D. 1625\u201d\"}]},{\"@type\":\"WebSite\",\"@id\":\"https:\/\/instytutpolski.pl\/vilnius\/#website\",\"url\":\"https:\/\/instytutpolski.pl\/vilnius\/\",\"name\":\"Instytut Polski w Wilnie\",\"description\":\"Instytuty Polskie\",\"potentialAction\":[{\"@type\":\"SearchAction\",\"target\":{\"@type\":\"EntryPoint\",\"urlTemplate\":\"https:\/\/instytutpolski.pl\/vilnius\/?s={search_term_string}\"},\"query-input\":{\"@type\":\"PropertyValueSpecification\",\"valueRequired\":true,\"valueName\":\"search_term_string\"}}],\"inLanguage\":\"pl-PL\"},{\"@type\":\"Person\",\"@id\":\"https:\/\/instytutpolski.pl\/vilnius\/#\/schema\/person\/78c72aa8a0c11636786e5f94021bbf20\",\"name\":\"kierulisa\",\"image\":{\"@type\":\"ImageObject\",\"inLanguage\":\"pl-PL\",\"@id\":\"https:\/\/instytutpolski.pl\/vilnius\/#\/schema\/person\/image\/\",\"url\":\"https:\/\/secure.gravatar.com\/avatar\/8f657fc62324bc6bb80da604bb5900de?s=96&d=mm&r=g\",\"contentUrl\":\"https:\/\/secure.gravatar.com\/avatar\/8f657fc62324bc6bb80da604bb5900de?s=96&d=mm&r=g\",\"caption\":\"kierulisa\"},\"sameAs\":[\"http:\/\/kierulisa\"],\"url\":\"https:\/\/instytutpolski.pl\/vilnius\/author\/kierulisa\/\"}]}<\/script>\n<!-- \/ Yoast SEO plugin. -->","yoast_head_json":{"title":"Koncert \u201eVesperae Resurrectionis A.D. 1625\u201d - Instytut Polski w Wilnie","robots":{"index":"index","follow":"follow","max-snippet":"max-snippet:-1","max-image-preview":"max-image-preview:large","max-video-preview":"max-video-preview:-1"},"canonical":"https:\/\/instytutpolski.pl\/vilnius\/pl\/2025\/04\/24\/koncert-vesperae-resurrectionis-a-d-1625\/","og_locale":"pl_PL","og_type":"article","og_title":"Koncert \u201eVesperae Resurrectionis A.D. 1625\u201d - Instytut Polski w Wilnie","og_description":"Koncert \u201eVesperae Resurrectionis A.D. 1625\u201d. Tradycja muzyki Jezuickiej w Rzeczypospolitej Obojga Narod\u00f3w \u2013 podczas mi\u0119dzynarodowego festiwalu muzyki liturgicznej i dawnej \u201eLucernalis\u201c.10 maja 2025 r., godz. 20.00, Ko\u015bci\u00f3\u0142 \u015bw. Jana Chrzciciela i \u015bw. Jana Aposto\u0142a i Ewangelisty w Wilnie, ul. \u0160v. Jono 12 | Wst\u0119p wolny Wykonawcy:Ensemble JERYCHO (Polska), G\u0160 Ansamblis (Litwa), sekcja continuo, uczestnicy warsztat\u00f3w [&hellip;]","og_url":"https:\/\/instytutpolski.pl\/vilnius\/pl\/2025\/04\/24\/koncert-vesperae-resurrectionis-a-d-1625\/","og_site_name":"Instytut Polski w Wilnie","article_published_time":"2025-04-24T06:54:45+00:00","article_modified_time":"2025-04-29T09:39:51+00:00","og_image":[{"width":2048,"height":1366,"url":"https:\/\/instytutpolski.pl\/vilnius\/wp-content\/uploads\/sites\/24\/2025\/04\/Jerycho_fot_Dariusz_Kulesza.jpg","type":"image\/jpeg"}],"author":"kierulisa","twitter_card":"summary_large_image","twitter_misc":{"Napisane przez":"kierulisa","Szacowany czas czytania":"6 minut"},"schema":{"@context":"https:\/\/schema.org","@graph":[{"@type":"event","@id":"https:\/\/instytutpolski.pl\/vilnius\/pl\/2025\/04\/24\/koncert-vesperae-resurrectionis-a-d-1625\/","url":"https:\/\/instytutpolski.pl\/vilnius\/pl\/2025\/04\/24\/koncert-vesperae-resurrectionis-a-d-1625\/","name":"Koncert \u201eVesperae Resurrectionis A.D. 1625\u201d","isPartOf":{"@id":"https:\/\/instytutpolski.pl\/vilnius\/#website"},"primaryImageOfPage":{"@id":"https:\/\/instytutpolski.pl\/vilnius\/pl\/2025\/04\/24\/koncert-vesperae-resurrectionis-a-d-1625\/#primaryimage"},"image":["https:\/\/instytutpolski.pl\/vilnius\/wp-content\/uploads\/sites\/24\/2025\/04\/Jerycho_fot_Dariusz_Kulesza.jpg","https:\/\/instytutpolski.pl\/vilnius\/wp-content\/uploads\/sites\/24\/2025\/04\/Jerycho_fot_Dariusz_Kulesza-300x200.jpg","https:\/\/instytutpolski.pl\/vilnius\/wp-content\/uploads\/sites\/24\/2025\/04\/Jerycho_fot_Dariusz_Kulesza-1024x683.jpg","https:\/\/instytutpolski.pl\/vilnius\/wp-content\/uploads\/sites\/24\/2025\/04\/Jerycho_fot_Dariusz_Kulesza.jpg"],"thumbnailUrl":"https:\/\/instytutpolski.pl\/vilnius\/wp-content\/uploads\/sites\/24\/2025\/04\/Jerycho_fot_Dariusz_Kulesza.jpg","datePublished":"2025-04-24T06:54:45+02:00","dateModified":"2025-04-29T09:39:51+02:00","author":{"@id":"https:\/\/instytutpolski.pl\/vilnius\/#\/schema\/person\/78c72aa8a0c11636786e5f94021bbf20"},"breadcrumb":{"@id":"https:\/\/instytutpolski.pl\/vilnius\/pl\/2025\/04\/24\/koncert-vesperae-resurrectionis-a-d-1625\/#breadcrumb"},"inLanguage":"pl-PL","potentialAction":[{"@type":"ReadAction","target":["https:\/\/instytutpolski.pl\/vilnius\/pl\/2025\/04\/24\/koncert-vesperae-resurrectionis-a-d-1625\/"]}],"@context":"https:\/\/schema.org","startDate":"2025-05-10","endDate":"2025-05-10","eventStatus":"EventScheduled","eventAttendanceMode":"OfflineEventAttendanceMode","location":{"@type":"place","name":"","address":"","geo":{"@type":"GeoCoordinates","latitude":"","longitude":""}},"description":"Koncert \u201eVesperae Resurrectionis A.D. 1625\u201d. Tradycja muzyki Jezuickiej w Rzeczypospolitej Obojga Narod\u00f3w \u2013 podczas mi\u0119dzynarodowego festiwalu muzyki liturgicznej i dawnej \u201eLucernalis\u201c.10 maja 2025 r., godz. 20.00, Ko\u015bci\u00f3\u0142 \u015bw. Jana Chrzciciela i \u015bw. Jana Aposto\u0142a i Ewangelisty w Wilnie, ul. \u0160v. Jono 12 | Wst\u0119p wolny\nWykonawcy:Ensemble JERYCHO (Polska), G\u0160 Ansamblis (Litwa), sekcja continuo, uczestnicy warsztat\u00f3w tw\u00f3rczychKierownik: Bartosz Izbicki\nJERYCHO to zesp\u00f3\u0142 wokalny pos\u0142uguj\u0105cy si\u0119 tradycyjnym idiomem \u015bpiewu sakralnego. Grupa wykonuje historyczne \u015bpiewy polskie i \u0142aci\u0144skie stosuj\u0105c improwizowan\u0105 polifoni\u0119 zaadaptowan\u0105 przez Bartosza Izbickiego. Kreuj\u0105c now\u0105 przestrze\u0144 muzyczn\u0105 wok\u00f3\u0142 dawnego repertuaru Jerycho urzeczywistnia wizj\u0119 \u017cywej tradycji polskiego \u015bpiewu praktykowanego do XIX wieku.Zesp\u00f3\u0142 zadebiutowa\u0142 w 2014 roku i od tej pory aktywnie uczestniczy w \u017cyciu muzycznym przygotowuj\u0105c liczne projekty, nagrywaj\u0105c p\u0142yty i koncertuj\u0105c w kraju za granic\u0105 (Czechy, W\u0119gry, Litwa, Austria, Irlandia).W 2014 roku dla Festiwalu Muzyki Dawnej \u201ePie\u015b\u0144 Naszych Korzeni\u201d w Jaros\u0142awiu zesp\u00f3\u0142 przygotowa\u0142 program \u201eMissa Polonica AD 1475\u201d, kt\u00f3ry pokaza\u0142 bogactwo muzyczne polskiego p\u00f3\u017anego \u015bredniowiecza, a przede wszystkim rekonstrukcj\u0119 stylu \u201ecantus planus multiplex\u201d, czyli praktyki \u015bpiewania chora\u0142u na g\u0142osy.W roku 2015 zesp\u00f3\u0142 przygotowa\u0142 program \u201eLaudario Polonico\u201d przedstawiaj\u0105cy dziedzictwo laudy franciszka\u0144skiej w Polsce. Zapis tego koncertu zosta\u0142 wydany na p\u0142ycie CD (wyd. Mikroklimat 2016).Dla wydawnictwa \u201cMusica Iagiellonica\u201d zesp\u00f3\u0142 zrealizowa\u0142 nagranie \u201cHistoria Sancti Stanislai\u201d - obszernych fragment\u00f3w oficjum rymowanego \u201cDies adest celebris\u201d o \u015bw. Stanis\u0142awie, a tak\u017ce mszy i oficjum o \u015bw. Janie Ja\u0142mu\u017cniku z wawelskiego r\u0119kopisu z 1503 roku. Oba materia\u0142y ukaza\u0142y si\u0119 w serii MECCA (Musica in Ecclesia Cathedrali Cracoviensi Audita) - tom 2 i 4.W 2016 roku zesp\u00f3\u0142 uczestniczy\u0142 w rozpocz\u0119ciu obchod\u00f3w 1050 rocznicy Chrztu Polski 10 kwietnia w Pradze - \u015bpiewa\u0142 podczas mszy \u015bwi\u0119tej w Bazylice \u015bw. Jerzego i da\u0142 tam koncert - przedstawi\u0142 m.in. wielkanocne motety z kancjona\u0142u Jana Franusa.W 2016 roku w zwi\u0105zku z 1050 z rocznic\u0105 Chrztu Polski zesp\u00f3\u0142 wzi\u0105\u0142 udzia\u0142 w projekcie badawczym z dr. hab Jakubem Kubie\u0144cem (UJ) i Marcelem P\u00e9r\u00e8s'em (Ensemble Organum), kt\u00f3rego zwie\u0144czeniem by\u0142 koncert \u201cChrzest Mieszka - ksi\u0119cia polskiego\u201d - 10 listopada w katedrze p\u0142ockiej.W roku 2017 zesp\u00f3\u0142 dokona\u0142 nagrania programu \u201cChrzest Mieszka\u201d, nad kt\u00f3rym kierownictwo artystyczne obj\u0105\u0142 Marcel P\u00e9r\u00e8s. W 2019 roku materia\u0142 ten zosta\u0142 wydany na p\u0142ycie CD pod tytu\u0142em \u201c966\u201d (wyd. Ars Sonora).W 2018 roku ukaza\u0142a si\u0119 p\u0142yta \u201cSurgit Leo fortis\u201d z p\u00f3\u017ano\u015bredniowiecznym repertuarem wielkanocnym (wyd. Ars Sonora). Na 100-lecie odzyskania niepodleg\u0142o\u015bci zesp\u00f3\u0142 przygotowa\u0142 album \u201cBogarodzica\u201d (wyd. Fundacja InCanto), kt\u00f3ry mia\u0142 premier\u0119 11 listopada 2018 roku. Oba albumy zosta\u0142y \u201cp\u0142ytami numeru\u201d czasopisma Ruch Muzyczny (1\/2019).W roku 2018 zesp\u00f3\u0142 zainaugurowa\u0142 festiwal Musica Divina w Krakowie, wyst\u0105pi\u0142 te\u017c na festiwalu Banchetto Musicale w Wilnie.W 2019 roku zesp\u00f3\u0142 wyda\u0142 p\u0142yt\u0119 \u201cGolgotha\u201d (wyd. Fundacja InCanto) ze \u015bpiewami na Wielki Post, a na zam\u00f3wienie festiwalu Misteria Paschalia wykona\u0142 liturgicznie trzygodzinne nabo\u017ce\u0144stwo Ciemnych Jutrzni na Wielki Piatek. W tym samym roku zesp\u00f3\u0142 wyst\u0105pi\u0142 na presti\u017cowym festiwalu muzyki dawnej \u201cTrigonale\u201d (Austria).Od 2019 roku zesp\u00f3\u0142 bierze udzia\u0142 w du\u017cych projektach wokalno-instrumentalnych (z towarzyszeniem sekcji continuo), takich jak: \"Bogarodzica - continuum continuo\" (Godzinki o Niepokalanym Pocz\u0119ci NMP z hymnami Diomedesa Cato i Franciszka Liliusa), \u201cVesperae Resurrectionis 1620-2020\u201d (praktyka falso-bordone oraz contrapunctus fractus z r\u0119kopis\u00f3w jezuickich), \u201cBeatitudines, czyli staropolski przepis na szcz\u0119\u015bcie\u201d (kontrafaktury z kancjona\u0142\u00f3w protestanckich).Z okazji 500 rocznicy \u015bmierci Josquina des Pres, 27 sierpnia 2021 roku, zesp\u00f3\u0142 JERYCHO wykona\u0142 program \u201cDe Consolatione Polyphoniae\u201d (O pocieszeniu przez polifoni\u0119), podczas kt\u00f3rego zaprezentowa\u0142 msz\u0119 Josquina \u201cMater Patris\u201d przystosowan\u0105 do u\u017cytku Kolegium Rorantyst\u00f3w przez Krzysztofa Borka (ok. 1552 roku) jako \u201cMissa Mater Matris\u201d. Zabrzmia\u0142y te\u017c inne kompozycje Josquina - np. \u201cInviolata\u201d i motety mszalne (Vultum tuum, Ora pro nobis).W 2021 roku zesp\u00f3\u0142 JERYCHO wraz z Ensemble Morgaine i GSz Ansamblis przygotowa\u0142 program \u201cOratio Dominica\u201d, czyli dzie\u0142a wszystkie Cypriana Bazylika w formie koncertowej. Koncert by\u0142 prezentowany zar\u00f3wno polskiej (4 koncerty), jak i litewskiej publiczno\u015bci (6 koncert\u00f3w).W 2023 roku zesp\u00f3\u0142 przygotowa\u0142 program \u201cSiedem Gwiazd Miko\u0142aja\u201d, w kt\u00f3rym przedstawi\u0142 swoj\u0105 wizj\u0119 odczytania dzie\u0142 Miko\u0142aja z Radomia. Premiera mia\u0142a miejsce na Festiwalu \u201cPie\u015b\u0144 Naszych Korzeni\u201d w Jaros\u0142awiu. Materia\u0142 zostanie wydany na p\u0142ycie CD w roku 2025.W listopadzie 2023 roku mia\u0142a miejsce premiera CD \u201cCyprian z Sieradza - dzie\u0142a wszystkie\u201d, kt\u00f3r\u0105 zesp\u00f3\u0142 nagra\u0142 z udzia\u0142em Henryka Kasperczaka, Justyny Rek\u015b\u0107-Raubo, Jana Kiernickiego i Przemys\u0142awa Pogockiego. Patronat nad wydawnictwem obj\u0105\u0142 \u0141\u00f3dzki Dom Kultury.W 2023 roku z okazji 10-lecia istnienia zespo\u0142u odby\u0142 si\u0119 jubileuszowy koncert \u201cSztuka \u015bredniowiecznej polifonii\u201d w Filharmonii \u0141\u00f3dzkiej. R\u00f3wnocze\u015bnie mia\u0142a miejsce premiera p\u0142yty \u201cCyprian Bazylik. Opera Omnia\u201d. Album ten rozpocz\u0105\u0142 wsp\u00f3\u0142prac\u0119 z wytw\u00f3rni\u0105 DUX.W 2024 roku jako fina\u0142 festiwalu Misteria Paschalia w katedrze na Wawelu odby\u0142a si\u0119 premiera p\u0142yty \u201cJosquin in Poland\u201d. Koncert by\u0142 transmitowany na \u017cywo przez II program Polskiego Radia.Zesp\u00f3\u0142 stopniowo powi\u0119ksza grup\u0119 s\u0142uchaczy i odbiorc\u00f3w. JERYCHO jest obserwowane na portalu Facebook przez ponad 11 tysi\u0119cy os\u00f3b. Kana\u0142 JERYCHO na YouTube przekroczy\u0142 2 miliona wy\u015bwietle\u0144.BARTOSZ IZBICKI w 1999 uko\u0144czy\u0142 muzykologi\u0119 ko\u015bcieln\u0105 w Akademii Teologii Katolickiej (obecnie UKSW) w Warszawie. W 1996 roku uczestniczy\u0142 w kursie chora\u0142u gregoria\u0144skiego pod kierunkiem M. P\u00e9r\u00e8s'a w Royaumont. W 2006 roku obroni\u0142 doktorat. W latach 2007-2020 wsp\u00f3\u0142pracowa\u0142 z Instytutem Sztuki PAN - by\u0142 inicjatorem portalu \u201cCantus Planus in Polonia\u201d. Napisa\u0142 te\u017c kilka pionierskich artyku\u0142\u00f3w o tradycji chora\u0142u gregoria\u0144skiego na ziemiach polskich w XIX wieku.Od 2002 roku pracuje jako organista w Bazylice \u015bw. Jana Chrzciciela w Brochowie (miejsce chrztu F. Chopina). W 2013 roku za\u0142o\u017cy\u0142 zesp\u00f3\u0142 JERYCHO, z kt\u00f3rym urzeczywistnia swoj\u0105 wizj\u0119 muzyki dawnej - zakorzenion\u0105 w tradycji i jednocze\u015bnie atrakcyjn\u0105 dla wsp\u00f3\u0142czesnego odbiorcy.Partner koncertu: Instytut Polski w Wilnie\nFot. Dariusz Kulesza"},{"@type":"ImageObject","inLanguage":"pl-PL","@id":"https:\/\/instytutpolski.pl\/vilnius\/pl\/2025\/04\/24\/koncert-vesperae-resurrectionis-a-d-1625\/#primaryimage","url":"https:\/\/instytutpolski.pl\/vilnius\/wp-content\/uploads\/sites\/24\/2025\/04\/Jerycho_fot_Dariusz_Kulesza.jpg","contentUrl":"https:\/\/instytutpolski.pl\/vilnius\/wp-content\/uploads\/sites\/24\/2025\/04\/Jerycho_fot_Dariusz_Kulesza.jpg","width":2048,"height":1366,"caption":"JERYCHO fot.Dariusz Kulesza"},{"@type":"BreadcrumbList","@id":"https:\/\/instytutpolski.pl\/vilnius\/pl\/2025\/04\/24\/koncert-vesperae-resurrectionis-a-d-1625\/#breadcrumb","itemListElement":[{"@type":"ListItem","position":1,"name":"Home","item":"https:\/\/instytutpolski.pl\/vilnius\/"},{"@type":"ListItem","position":2,"name":"Koncert \u201eVesperae Resurrectionis A.D. 1625\u201d"}]},{"@type":"WebSite","@id":"https:\/\/instytutpolski.pl\/vilnius\/#website","url":"https:\/\/instytutpolski.pl\/vilnius\/","name":"Instytut Polski w Wilnie","description":"Instytuty Polskie","potentialAction":[{"@type":"SearchAction","target":{"@type":"EntryPoint","urlTemplate":"https:\/\/instytutpolski.pl\/vilnius\/?s={search_term_string}"},"query-input":{"@type":"PropertyValueSpecification","valueRequired":true,"valueName":"search_term_string"}}],"inLanguage":"pl-PL"},{"@type":"Person","@id":"https:\/\/instytutpolski.pl\/vilnius\/#\/schema\/person\/78c72aa8a0c11636786e5f94021bbf20","name":"kierulisa","image":{"@type":"ImageObject","inLanguage":"pl-PL","@id":"https:\/\/instytutpolski.pl\/vilnius\/#\/schema\/person\/image\/","url":"https:\/\/secure.gravatar.com\/avatar\/8f657fc62324bc6bb80da604bb5900de?s=96&d=mm&r=g","contentUrl":"https:\/\/secure.gravatar.com\/avatar\/8f657fc62324bc6bb80da604bb5900de?s=96&d=mm&r=g","caption":"kierulisa"},"sameAs":["http:\/\/kierulisa"],"url":"https:\/\/instytutpolski.pl\/vilnius\/author\/kierulisa\/"}]}},"_links":{"self":[{"href":"https:\/\/instytutpolski.pl\/vilnius\/wp-json\/wp\/v2\/posts\/7332","targetHints":{"allow":["GET"]}}],"collection":[{"href":"https:\/\/instytutpolski.pl\/vilnius\/wp-json\/wp\/v2\/posts"}],"about":[{"href":"https:\/\/instytutpolski.pl\/vilnius\/wp-json\/wp\/v2\/types\/post"}],"author":[{"embeddable":true,"href":"https:\/\/instytutpolski.pl\/vilnius\/wp-json\/wp\/v2\/users\/97"}],"replies":[{"embeddable":true,"href":"https:\/\/instytutpolski.pl\/vilnius\/wp-json\/wp\/v2\/comments?post=7332"}],"version-history":[{"count":3,"href":"https:\/\/instytutpolski.pl\/vilnius\/wp-json\/wp\/v2\/posts\/7332\/revisions"}],"predecessor-version":[{"id":7451,"href":"https:\/\/instytutpolski.pl\/vilnius\/wp-json\/wp\/v2\/posts\/7332\/revisions\/7451"}],"wp:featuredmedia":[{"embeddable":true,"href":"https:\/\/instytutpolski.pl\/vilnius\/wp-json\/wp\/v2\/media\/7450"}],"wp:attachment":[{"href":"https:\/\/instytutpolski.pl\/vilnius\/wp-json\/wp\/v2\/media?parent=7332"}],"wp:term":[{"taxonomy":"category","embeddable":true,"href":"https:\/\/instytutpolski.pl\/vilnius\/wp-json\/wp\/v2\/categories?post=7332"},{"taxonomy":"post_tag","embeddable":true,"href":"https:\/\/instytutpolski.pl\/vilnius\/wp-json\/wp\/v2\/tags?post=7332"}],"curies":[{"name":"wp","href":"https:\/\/api.w.org\/{rel}","templated":true}]}}