{"id":7481,"date":"2025-05-13T08:58:59","date_gmt":"2025-05-13T06:58:59","guid":{"rendered":"https:\/\/instytutpolski.pl\/vilnius\/?p=7481"},"modified":"2025-05-13T09:01:05","modified_gmt":"2025-05-13T07:01:05","slug":"dyskusje-o-jozefie-pilsudskim","status":"publish","type":"post","link":"https:\/\/instytutpolski.pl\/vilnius\/pl\/2025\/05\/13\/dyskusje-o-jozefie-pilsudskim\/","title":{"rendered":"Dyskusje o J\u00f3zefie Pi\u0142sudskim"},"content":{"rendered":"\n<p>Wydzia\u0142 Historii Uniwersytetu Wile\u0144skiego, Muzeum Wojska im. Witolda Wielkiego w Kownie, Ambasada Rzeczypospolitej Polskiej w Wilnie i Instytut Polski w Wilnie zapraszaj\u0105 na dyskusj\u0119 o J\u00f3zefie Pi\u0142sudskim &#8222;Rewolucjonista i za\u0142o\u017cyciel pa\u0144stwa?&#8221; z Wolfgangiem Templinem, niemieckim publicyst\u0105, autorem ksi\u0105\u017cki &#8222;J\u00f3zef Pi\u0142sudski. Od Rewolucjonisty do Marsza\u0142ka&#8221;.<\/p>\n\n\n\n<p>Dyskusja odb\u0119dzie si\u0119 22 maja 2025 r. (czwartek) o godz. 17.00 na <strong>Wydziale Historii Uniwersytetu Wile\u0144skiego<\/strong>, w sala 211 (ul. Universiteto 7) i 23 maja 2025 r. (pi\u0105tek) o godz. 14.00 w <strong>Muzeum Wojska im. Witolda Wielkiego<\/strong> (ul. K. Donelai\u010dio 64, Kowno).<\/p>\n\n\n\n<div style=\"height:33px\" aria-hidden=\"true\" class=\"wp-block-spacer\"><\/div>\n\n\n\n<p>Wolfgang Templin (ur. 1948 w Jenie) \u2013 niemiecki publicysta zainteresowany histori\u0105 NRD, by\u0142ego bloku wschodniego i zjednoczeniem Niemiec. By\u0142 dzia\u0142aczem antykomunistycznej demokratycznej opozycji w NRD. W 1988 r. trafi\u0142 do wi\u0119zienia i zosta\u0142 zmuszony do wyjazdu z NRD. Powr\u00f3ci\u0142 do Berlina po zjednoczeniu Niemiec. W latach 2010-2014 kierowa\u0142 biurem Fundacji Heinricha B\u00f6lla w Warszawie. Autor ksi\u0105\u017cek o Polsce i Ukrainie.<\/p>\n\n\n\n<p>W dyskusji \u201eRewolucjonista i za\u0142o\u017cyciel pa\u0144stwa?\u201d poza autorem ksi\u0105\u017cki na Uniwersytecie Wile\u0144skim udzia\u0142 wezm\u0105 r\u00f3wnie\u017c znani litewscy historycy: prof. dr hab. Alfredas Bumblauskas (Wydzia\u0142 Historii UW), dr Tomasz Bo\u017cerocki (Wydzia\u0142 Komunikacji UW) i Andrius Grodis (Wydzia\u0142 Historii UW). Spotkanie poprowadzi Prorektor Uniwersytetu Wile\u0144skiego dr Art\u016bras Vasiliauskas.<\/p>\n\n\n\n<p>W Muzeum Wojska im. Witolda Wielkiego w Kownie wezm\u0105 udzia\u0142 znani litewscy historycy: prof. dr Rimantas Miknys, prof. dr Jonas Vai\u010denonis i doc. dr Kastytis Antanaitis. Spotkanie poprowadzi doc. dr Laima Bucevi\u010di\u016bt\u0117, Kierownik Dzia\u0142u Historii Wojskowo\u015bci w Muzeum Wojska im. Witolda Wielkiego.<\/p>\n\n\n\n<p>Spotkania odb\u0119d\u0105 si\u0119 w j\u0119zyku polskim i litewskim.<\/p>\n\n\n\n<p>Wst\u0119p wolny.<\/p>\n\n\n\n<p>Prosimy o potwierdzenie swego udzia\u0142u pod adresem: <a href=\"mailto:wilno.amb.rsvp@msz.gov.pl\">wilno.amb.rsvp@msz.gov.pl<\/a> <strong>do 20 maja 2025 r.<\/strong><\/p>\n","protected":false},"excerpt":{"rendered":"<p>Wydzia\u0142 Historii Uniwersytetu Wile\u0144skiego, Muzeum Wojska im. Witolda Wielkiego w Kownie, Ambasada Rzeczypospolitej Polskiej w Wilnie i Instytut Polski w Wilnie zapraszaj\u0105 na dyskusj\u0119 o J\u00f3zefie Pi\u0142sudskim &#8222;Rewolucjonista i za\u0142o\u017cyciel pa\u0144stwa?&#8221; z Wolfgangiem Templinem, niemieckim publicyst\u0105, autorem ksi\u0105\u017cki &#8222;J\u00f3zef Pi\u0142sudski. Od Rewolucjonisty do Marsza\u0142ka&#8221;. Dyskusja odb\u0119dzie si\u0119 22 maja 2025 r. (czwartek) o godz. 17.00 [&hellip;]<\/p>\n","protected":false},"author":179,"featured_media":7478,"comment_status":"open","ping_status":"open","sticky":false,"template":"","format":"standard","meta":{"inline_featured_image":false,"_monsterinsights_skip_tracking":false,"_monsterinsights_sitenote_active":false,"_monsterinsights_sitenote_note":"","_monsterinsights_sitenote_category":0,"footnotes":""},"categories":[115,95],"tags":[],"class_list":["post-7481","post","type-post","status-publish","format-standard","has-post-thumbnail","hentry","category-historia-pl","category-wydarzenia"],"yoast_head":"<!-- This site is optimized with the Yoast SEO plugin v24.6 - https:\/\/yoast.com\/wordpress\/plugins\/seo\/ -->\n<title>Dyskusje o J\u00f3zefie Pi\u0142sudskim - Instytut Polski w Wilnie<\/title>\n<meta name=\"robots\" content=\"index, follow, max-snippet:-1, max-image-preview:large, max-video-preview:-1\" \/>\n<link rel=\"canonical\" href=\"https:\/\/instytutpolski.pl\/vilnius\/pl\/2025\/05\/13\/dyskusje-o-jozefie-pilsudskim\/\" \/>\n<meta property=\"og:locale\" content=\"pl_PL\" \/>\n<meta property=\"og:type\" content=\"article\" \/>\n<meta property=\"og:title\" content=\"Dyskusje o J\u00f3zefie Pi\u0142sudskim - Instytut Polski w Wilnie\" \/>\n<meta property=\"og:description\" content=\"Wydzia\u0142 Historii Uniwersytetu Wile\u0144skiego, Muzeum Wojska im. Witolda Wielkiego w Kownie, Ambasada Rzeczypospolitej Polskiej w Wilnie i Instytut Polski w Wilnie zapraszaj\u0105 na dyskusj\u0119 o J\u00f3zefie Pi\u0142sudskim &#8222;Rewolucjonista i za\u0142o\u017cyciel pa\u0144stwa?&#8221; z Wolfgangiem Templinem, niemieckim publicyst\u0105, autorem ksi\u0105\u017cki &#8222;J\u00f3zef Pi\u0142sudski. Od Rewolucjonisty do Marsza\u0142ka&#8221;. Dyskusja odb\u0119dzie si\u0119 22 maja 2025 r. (czwartek) o godz. 17.00 [&hellip;]\" \/>\n<meta property=\"og:url\" content=\"https:\/\/instytutpolski.pl\/vilnius\/pl\/2025\/05\/13\/dyskusje-o-jozefie-pilsudskim\/\" \/>\n<meta property=\"og:site_name\" content=\"Instytut Polski w Wilnie\" \/>\n<meta property=\"article:published_time\" content=\"2025-05-13T06:58:59+00:00\" \/>\n<meta property=\"article:modified_time\" content=\"2025-05-13T07:01:05+00:00\" \/>\n<meta property=\"og:image\" content=\"https:\/\/instytutpolski.pl\/vilnius\/wp-content\/uploads\/sites\/24\/2025\/05\/495839590_706688745066236_3935142355620759003_n-1.jpg\" \/>\n\t<meta property=\"og:image:width\" content=\"960\" \/>\n\t<meta property=\"og:image:height\" content=\"540\" \/>\n\t<meta property=\"og:image:type\" content=\"image\/jpeg\" \/>\n<meta name=\"author\" content=\"strielkunasr\" \/>\n<meta name=\"twitter:card\" content=\"summary_large_image\" \/>\n<meta name=\"twitter:label1\" content=\"Napisane przez\" \/>\n\t<meta name=\"twitter:data1\" content=\"strielkunasr\" \/>\n\t<meta name=\"twitter:label2\" content=\"Szacowany czas czytania\" \/>\n\t<meta name=\"twitter:data2\" content=\"2 minuty\" \/>\n<script type=\"application\/ld+json\" class=\"yoast-schema-graph\">{\"@context\":\"https:\/\/schema.org\",\"@graph\":[{\"@type\":\"event\",\"@id\":\"https:\/\/instytutpolski.pl\/vilnius\/pl\/2025\/05\/13\/dyskusje-o-jozefie-pilsudskim\/\",\"url\":\"https:\/\/instytutpolski.pl\/vilnius\/pl\/2025\/05\/13\/dyskusje-o-jozefie-pilsudskim\/\",\"name\":\"Dyskusje o J\u00f3zefie Pi\u0142sudskim\",\"isPartOf\":{\"@id\":\"https:\/\/instytutpolski.pl\/vilnius\/#website\"},\"primaryImageOfPage\":{\"@id\":\"https:\/\/instytutpolski.pl\/vilnius\/pl\/2025\/05\/13\/dyskusje-o-jozefie-pilsudskim\/#primaryimage\"},\"image\":[\"https:\/\/instytutpolski.pl\/vilnius\/wp-content\/uploads\/sites\/24\/2025\/05\/495839590_706688745066236_3935142355620759003_n-1.jpg\",\"https:\/\/instytutpolski.pl\/vilnius\/wp-content\/uploads\/sites\/24\/2025\/05\/495839590_706688745066236_3935142355620759003_n-1-300x169.jpg\",\"https:\/\/instytutpolski.pl\/vilnius\/wp-content\/uploads\/sites\/24\/2025\/05\/495839590_706688745066236_3935142355620759003_n-1.jpg\",\"https:\/\/instytutpolski.pl\/vilnius\/wp-content\/uploads\/sites\/24\/2025\/05\/495839590_706688745066236_3935142355620759003_n-1.jpg\"],\"thumbnailUrl\":\"https:\/\/instytutpolski.pl\/vilnius\/wp-content\/uploads\/sites\/24\/2025\/05\/495839590_706688745066236_3935142355620759003_n-1.jpg\",\"datePublished\":\"2025-05-13T06:58:59+02:00\",\"dateModified\":\"2025-05-13T07:01:05+02:00\",\"author\":{\"@id\":\"https:\/\/instytutpolski.pl\/vilnius\/#\/schema\/person\/0fe71ab8ff05e4d313f18753e7735a3c\"},\"breadcrumb\":{\"@id\":\"https:\/\/instytutpolski.pl\/vilnius\/pl\/2025\/05\/13\/dyskusje-o-jozefie-pilsudskim\/#breadcrumb\"},\"inLanguage\":\"pl-PL\",\"potentialAction\":[{\"@type\":\"ReadAction\",\"target\":[\"https:\/\/instytutpolski.pl\/vilnius\/pl\/2025\/05\/13\/dyskusje-o-jozefie-pilsudskim\/\"]}],\"@context\":\"https:\/\/schema.org\",\"startDate\":\"2025-05-22\",\"endDate\":\"2025-05-23\",\"eventStatus\":\"EventScheduled\",\"eventAttendanceMode\":\"OfflineEventAttendanceMode\",\"location\":{\"@type\":\"place\",\"name\":\"\",\"address\":\"\",\"geo\":{\"@type\":\"GeoCoordinates\",\"latitude\":\"\",\"longitude\":\"\"}},\"description\":\"Wydzia\u0142 Historii Uniwersytetu Wile\u0144skiego, Muzeum Wojska im. Witolda Wielkiego w Kownie, Ambasada Rzeczypospolitej Polskiej w Wilnie i Instytut Polski w Wilnie zapraszaj\u0105 na dyskusj\u0119 o J\u00f3zefie Pi\u0142sudskim \\\"Rewolucjonista i za\u0142o\u017cyciel pa\u0144stwa?\\\" z Wolfgangiem Templinem, niemieckim publicyst\u0105, autorem ksi\u0105\u017cki \\\"J\u00f3zef Pi\u0142sudski. Od Rewolucjonisty do Marsza\u0142ka\\\".\\nDyskusja odb\u0119dzie si\u0119 22 maja 2025 r. (czwartek) o godz. 17.00 na Wydziale Historii Uniwersytetu Wile\u0144skiego, w sala 211 (ul. Universiteto 7) i 23 maja 2025 r. (pi\u0105tek) o godz. 14.00 w Muzeum Wojska im. Witolda Wielkiego (ul. K. Donelai\u010dio 64, Kowno).\\nWolfgang Templin (ur. 1948 w Jenie) \u2013 niemiecki publicysta zainteresowany histori\u0105 NRD, by\u0142ego bloku wschodniego i zjednoczeniem Niemiec. By\u0142 dzia\u0142aczem antykomunistycznej demokratycznej opozycji w NRD. W 1988 r. trafi\u0142 do wi\u0119zienia i zosta\u0142 zmuszony do wyjazdu z NRD. Powr\u00f3ci\u0142 do Berlina po zjednoczeniu Niemiec. W latach 2010-2014 kierowa\u0142 biurem Fundacji Heinricha B\u00f6lla w Warszawie. Autor ksi\u0105\u017cek o Polsce i Ukrainie.\\nW dyskusji \u201eRewolucjonista i za\u0142o\u017cyciel pa\u0144stwa?\u201d poza autorem ksi\u0105\u017cki na Uniwersytecie Wile\u0144skim udzia\u0142 wezm\u0105 r\u00f3wnie\u017c znani litewscy historycy: prof. dr hab. Alfredas Bumblauskas (Wydzia\u0142 Historii UW), dr Tomasz Bo\u017cerocki (Wydzia\u0142 Komunikacji UW) i Andrius Grodis (Wydzia\u0142 Historii UW). Spotkanie poprowadzi Prorektor Uniwersytetu Wile\u0144skiego dr Art\u016bras Vasiliauskas.\\nW Muzeum Wojska im. Witolda Wielkiego w Kownie wezm\u0105 udzia\u0142 znani litewscy historycy: prof. dr Rimantas Miknys, prof. dr Jonas Vai\u010denonis i doc. dr Kastytis Antanaitis. Spotkanie poprowadzi doc. dr Laima Bucevi\u010di\u016bt\u0117, Kierownik Dzia\u0142u Historii Wojskowo\u015bci w Muzeum Wojska im. Witolda Wielkiego.\\nSpotkania odb\u0119d\u0105 si\u0119 w j\u0119zyku polskim i litewskim.\\nWst\u0119p wolny.\\nProsimy o potwierdzenie swego udzia\u0142u pod adresem: wilno.amb.rsvp@msz.gov.pl do 20 maja 2025 r.\"},{\"@type\":\"ImageObject\",\"inLanguage\":\"pl-PL\",\"@id\":\"https:\/\/instytutpolski.pl\/vilnius\/pl\/2025\/05\/13\/dyskusje-o-jozefie-pilsudskim\/#primaryimage\",\"url\":\"https:\/\/instytutpolski.pl\/vilnius\/wp-content\/uploads\/sites\/24\/2025\/05\/495839590_706688745066236_3935142355620759003_n-1.jpg\",\"contentUrl\":\"https:\/\/instytutpolski.pl\/vilnius\/wp-content\/uploads\/sites\/24\/2025\/05\/495839590_706688745066236_3935142355620759003_n-1.jpg\",\"width\":960,\"height\":540},{\"@type\":\"BreadcrumbList\",\"@id\":\"https:\/\/instytutpolski.pl\/vilnius\/pl\/2025\/05\/13\/dyskusje-o-jozefie-pilsudskim\/#breadcrumb\",\"itemListElement\":[{\"@type\":\"ListItem\",\"position\":1,\"name\":\"Home\",\"item\":\"https:\/\/instytutpolski.pl\/vilnius\/\"},{\"@type\":\"ListItem\",\"position\":2,\"name\":\"Dyskusje o J\u00f3zefie Pi\u0142sudskim\"}]},{\"@type\":\"WebSite\",\"@id\":\"https:\/\/instytutpolski.pl\/vilnius\/#website\",\"url\":\"https:\/\/instytutpolski.pl\/vilnius\/\",\"name\":\"Instytut Polski w Wilnie\",\"description\":\"Instytuty Polskie\",\"potentialAction\":[{\"@type\":\"SearchAction\",\"target\":{\"@type\":\"EntryPoint\",\"urlTemplate\":\"https:\/\/instytutpolski.pl\/vilnius\/?s={search_term_string}\"},\"query-input\":{\"@type\":\"PropertyValueSpecification\",\"valueRequired\":true,\"valueName\":\"search_term_string\"}}],\"inLanguage\":\"pl-PL\"},{\"@type\":\"Person\",\"@id\":\"https:\/\/instytutpolski.pl\/vilnius\/#\/schema\/person\/0fe71ab8ff05e4d313f18753e7735a3c\",\"name\":\"strielkunasr\",\"image\":{\"@type\":\"ImageObject\",\"inLanguage\":\"pl-PL\",\"@id\":\"https:\/\/instytutpolski.pl\/vilnius\/#\/schema\/person\/image\/\",\"url\":\"https:\/\/secure.gravatar.com\/avatar\/1f685238784360c3347cf65c78e0c870?s=96&d=mm&r=g\",\"contentUrl\":\"https:\/\/secure.gravatar.com\/avatar\/1f685238784360c3347cf65c78e0c870?s=96&d=mm&r=g\",\"caption\":\"strielkunasr\"},\"url\":\"https:\/\/instytutpolski.pl\/vilnius\/author\/strielkunasr\/\"}]}<\/script>\n<!-- \/ Yoast SEO plugin. -->","yoast_head_json":{"title":"Dyskusje o J\u00f3zefie Pi\u0142sudskim - Instytut Polski w Wilnie","robots":{"index":"index","follow":"follow","max-snippet":"max-snippet:-1","max-image-preview":"max-image-preview:large","max-video-preview":"max-video-preview:-1"},"canonical":"https:\/\/instytutpolski.pl\/vilnius\/pl\/2025\/05\/13\/dyskusje-o-jozefie-pilsudskim\/","og_locale":"pl_PL","og_type":"article","og_title":"Dyskusje o J\u00f3zefie Pi\u0142sudskim - Instytut Polski w Wilnie","og_description":"Wydzia\u0142 Historii Uniwersytetu Wile\u0144skiego, Muzeum Wojska im. Witolda Wielkiego w Kownie, Ambasada Rzeczypospolitej Polskiej w Wilnie i Instytut Polski w Wilnie zapraszaj\u0105 na dyskusj\u0119 o J\u00f3zefie Pi\u0142sudskim &#8222;Rewolucjonista i za\u0142o\u017cyciel pa\u0144stwa?&#8221; z Wolfgangiem Templinem, niemieckim publicyst\u0105, autorem ksi\u0105\u017cki &#8222;J\u00f3zef Pi\u0142sudski. Od Rewolucjonisty do Marsza\u0142ka&#8221;. Dyskusja odb\u0119dzie si\u0119 22 maja 2025 r. (czwartek) o godz. 17.00 [&hellip;]","og_url":"https:\/\/instytutpolski.pl\/vilnius\/pl\/2025\/05\/13\/dyskusje-o-jozefie-pilsudskim\/","og_site_name":"Instytut Polski w Wilnie","article_published_time":"2025-05-13T06:58:59+00:00","article_modified_time":"2025-05-13T07:01:05+00:00","og_image":[{"width":960,"height":540,"url":"https:\/\/instytutpolski.pl\/vilnius\/wp-content\/uploads\/sites\/24\/2025\/05\/495839590_706688745066236_3935142355620759003_n-1.jpg","type":"image\/jpeg"}],"author":"strielkunasr","twitter_card":"summary_large_image","twitter_misc":{"Napisane przez":"strielkunasr","Szacowany czas czytania":"2 minuty"},"schema":{"@context":"https:\/\/schema.org","@graph":[{"@type":"event","@id":"https:\/\/instytutpolski.pl\/vilnius\/pl\/2025\/05\/13\/dyskusje-o-jozefie-pilsudskim\/","url":"https:\/\/instytutpolski.pl\/vilnius\/pl\/2025\/05\/13\/dyskusje-o-jozefie-pilsudskim\/","name":"Dyskusje o J\u00f3zefie Pi\u0142sudskim","isPartOf":{"@id":"https:\/\/instytutpolski.pl\/vilnius\/#website"},"primaryImageOfPage":{"@id":"https:\/\/instytutpolski.pl\/vilnius\/pl\/2025\/05\/13\/dyskusje-o-jozefie-pilsudskim\/#primaryimage"},"image":["https:\/\/instytutpolski.pl\/vilnius\/wp-content\/uploads\/sites\/24\/2025\/05\/495839590_706688745066236_3935142355620759003_n-1.jpg","https:\/\/instytutpolski.pl\/vilnius\/wp-content\/uploads\/sites\/24\/2025\/05\/495839590_706688745066236_3935142355620759003_n-1-300x169.jpg","https:\/\/instytutpolski.pl\/vilnius\/wp-content\/uploads\/sites\/24\/2025\/05\/495839590_706688745066236_3935142355620759003_n-1.jpg","https:\/\/instytutpolski.pl\/vilnius\/wp-content\/uploads\/sites\/24\/2025\/05\/495839590_706688745066236_3935142355620759003_n-1.jpg"],"thumbnailUrl":"https:\/\/instytutpolski.pl\/vilnius\/wp-content\/uploads\/sites\/24\/2025\/05\/495839590_706688745066236_3935142355620759003_n-1.jpg","datePublished":"2025-05-13T06:58:59+02:00","dateModified":"2025-05-13T07:01:05+02:00","author":{"@id":"https:\/\/instytutpolski.pl\/vilnius\/#\/schema\/person\/0fe71ab8ff05e4d313f18753e7735a3c"},"breadcrumb":{"@id":"https:\/\/instytutpolski.pl\/vilnius\/pl\/2025\/05\/13\/dyskusje-o-jozefie-pilsudskim\/#breadcrumb"},"inLanguage":"pl-PL","potentialAction":[{"@type":"ReadAction","target":["https:\/\/instytutpolski.pl\/vilnius\/pl\/2025\/05\/13\/dyskusje-o-jozefie-pilsudskim\/"]}],"@context":"https:\/\/schema.org","startDate":"2025-05-22","endDate":"2025-05-23","eventStatus":"EventScheduled","eventAttendanceMode":"OfflineEventAttendanceMode","location":{"@type":"place","name":"","address":"","geo":{"@type":"GeoCoordinates","latitude":"","longitude":""}},"description":"Wydzia\u0142 Historii Uniwersytetu Wile\u0144skiego, Muzeum Wojska im. Witolda Wielkiego w Kownie, Ambasada Rzeczypospolitej Polskiej w Wilnie i Instytut Polski w Wilnie zapraszaj\u0105 na dyskusj\u0119 o J\u00f3zefie Pi\u0142sudskim \"Rewolucjonista i za\u0142o\u017cyciel pa\u0144stwa?\" z Wolfgangiem Templinem, niemieckim publicyst\u0105, autorem ksi\u0105\u017cki \"J\u00f3zef Pi\u0142sudski. Od Rewolucjonisty do Marsza\u0142ka\".\nDyskusja odb\u0119dzie si\u0119 22 maja 2025 r. (czwartek) o godz. 17.00 na Wydziale Historii Uniwersytetu Wile\u0144skiego, w sala 211 (ul. Universiteto 7) i 23 maja 2025 r. (pi\u0105tek) o godz. 14.00 w Muzeum Wojska im. Witolda Wielkiego (ul. K. Donelai\u010dio 64, Kowno).\nWolfgang Templin (ur. 1948 w Jenie) \u2013 niemiecki publicysta zainteresowany histori\u0105 NRD, by\u0142ego bloku wschodniego i zjednoczeniem Niemiec. By\u0142 dzia\u0142aczem antykomunistycznej demokratycznej opozycji w NRD. W 1988 r. trafi\u0142 do wi\u0119zienia i zosta\u0142 zmuszony do wyjazdu z NRD. Powr\u00f3ci\u0142 do Berlina po zjednoczeniu Niemiec. W latach 2010-2014 kierowa\u0142 biurem Fundacji Heinricha B\u00f6lla w Warszawie. Autor ksi\u0105\u017cek o Polsce i Ukrainie.\nW dyskusji \u201eRewolucjonista i za\u0142o\u017cyciel pa\u0144stwa?\u201d poza autorem ksi\u0105\u017cki na Uniwersytecie Wile\u0144skim udzia\u0142 wezm\u0105 r\u00f3wnie\u017c znani litewscy historycy: prof. dr hab. Alfredas Bumblauskas (Wydzia\u0142 Historii UW), dr Tomasz Bo\u017cerocki (Wydzia\u0142 Komunikacji UW) i Andrius Grodis (Wydzia\u0142 Historii UW). Spotkanie poprowadzi Prorektor Uniwersytetu Wile\u0144skiego dr Art\u016bras Vasiliauskas.\nW Muzeum Wojska im. Witolda Wielkiego w Kownie wezm\u0105 udzia\u0142 znani litewscy historycy: prof. dr Rimantas Miknys, prof. dr Jonas Vai\u010denonis i doc. dr Kastytis Antanaitis. Spotkanie poprowadzi doc. dr Laima Bucevi\u010di\u016bt\u0117, Kierownik Dzia\u0142u Historii Wojskowo\u015bci w Muzeum Wojska im. Witolda Wielkiego.\nSpotkania odb\u0119d\u0105 si\u0119 w j\u0119zyku polskim i litewskim.\nWst\u0119p wolny.\nProsimy o potwierdzenie swego udzia\u0142u pod adresem: wilno.amb.rsvp@msz.gov.pl do 20 maja 2025 r."},{"@type":"ImageObject","inLanguage":"pl-PL","@id":"https:\/\/instytutpolski.pl\/vilnius\/pl\/2025\/05\/13\/dyskusje-o-jozefie-pilsudskim\/#primaryimage","url":"https:\/\/instytutpolski.pl\/vilnius\/wp-content\/uploads\/sites\/24\/2025\/05\/495839590_706688745066236_3935142355620759003_n-1.jpg","contentUrl":"https:\/\/instytutpolski.pl\/vilnius\/wp-content\/uploads\/sites\/24\/2025\/05\/495839590_706688745066236_3935142355620759003_n-1.jpg","width":960,"height":540},{"@type":"BreadcrumbList","@id":"https:\/\/instytutpolski.pl\/vilnius\/pl\/2025\/05\/13\/dyskusje-o-jozefie-pilsudskim\/#breadcrumb","itemListElement":[{"@type":"ListItem","position":1,"name":"Home","item":"https:\/\/instytutpolski.pl\/vilnius\/"},{"@type":"ListItem","position":2,"name":"Dyskusje o J\u00f3zefie Pi\u0142sudskim"}]},{"@type":"WebSite","@id":"https:\/\/instytutpolski.pl\/vilnius\/#website","url":"https:\/\/instytutpolski.pl\/vilnius\/","name":"Instytut Polski w Wilnie","description":"Instytuty Polskie","potentialAction":[{"@type":"SearchAction","target":{"@type":"EntryPoint","urlTemplate":"https:\/\/instytutpolski.pl\/vilnius\/?s={search_term_string}"},"query-input":{"@type":"PropertyValueSpecification","valueRequired":true,"valueName":"search_term_string"}}],"inLanguage":"pl-PL"},{"@type":"Person","@id":"https:\/\/instytutpolski.pl\/vilnius\/#\/schema\/person\/0fe71ab8ff05e4d313f18753e7735a3c","name":"strielkunasr","image":{"@type":"ImageObject","inLanguage":"pl-PL","@id":"https:\/\/instytutpolski.pl\/vilnius\/#\/schema\/person\/image\/","url":"https:\/\/secure.gravatar.com\/avatar\/1f685238784360c3347cf65c78e0c870?s=96&d=mm&r=g","contentUrl":"https:\/\/secure.gravatar.com\/avatar\/1f685238784360c3347cf65c78e0c870?s=96&d=mm&r=g","caption":"strielkunasr"},"url":"https:\/\/instytutpolski.pl\/vilnius\/author\/strielkunasr\/"}]}},"_links":{"self":[{"href":"https:\/\/instytutpolski.pl\/vilnius\/wp-json\/wp\/v2\/posts\/7481","targetHints":{"allow":["GET"]}}],"collection":[{"href":"https:\/\/instytutpolski.pl\/vilnius\/wp-json\/wp\/v2\/posts"}],"about":[{"href":"https:\/\/instytutpolski.pl\/vilnius\/wp-json\/wp\/v2\/types\/post"}],"author":[{"embeddable":true,"href":"https:\/\/instytutpolski.pl\/vilnius\/wp-json\/wp\/v2\/users\/179"}],"replies":[{"embeddable":true,"href":"https:\/\/instytutpolski.pl\/vilnius\/wp-json\/wp\/v2\/comments?post=7481"}],"version-history":[{"count":1,"href":"https:\/\/instytutpolski.pl\/vilnius\/wp-json\/wp\/v2\/posts\/7481\/revisions"}],"predecessor-version":[{"id":7482,"href":"https:\/\/instytutpolski.pl\/vilnius\/wp-json\/wp\/v2\/posts\/7481\/revisions\/7482"}],"wp:featuredmedia":[{"embeddable":true,"href":"https:\/\/instytutpolski.pl\/vilnius\/wp-json\/wp\/v2\/media\/7478"}],"wp:attachment":[{"href":"https:\/\/instytutpolski.pl\/vilnius\/wp-json\/wp\/v2\/media?parent=7481"}],"wp:term":[{"taxonomy":"category","embeddable":true,"href":"https:\/\/instytutpolski.pl\/vilnius\/wp-json\/wp\/v2\/categories?post=7481"},{"taxonomy":"post_tag","embeddable":true,"href":"https:\/\/instytutpolski.pl\/vilnius\/wp-json\/wp\/v2\/tags?post=7481"}],"curies":[{"name":"wp","href":"https:\/\/api.w.org\/{rel}","templated":true}]}}