{"id":7805,"date":"2025-08-27T11:14:18","date_gmt":"2025-08-27T09:14:18","guid":{"rendered":"https:\/\/instytutpolski.pl\/vilnius\/?p=7805"},"modified":"2025-08-27T11:14:19","modified_gmt":"2025-08-27T09:14:19","slug":"narodowe-czytanie-poezji-jana-kochanowskiego-w-wilnie-pod-patronatem-prezydenta-rp-andrzeja-dudy","status":"publish","type":"post","link":"https:\/\/instytutpolski.pl\/vilnius\/pl\/2025\/08\/27\/narodowe-czytanie-poezji-jana-kochanowskiego-w-wilnie-pod-patronatem-prezydenta-rp-andrzeja-dudy\/","title":{"rendered":"Narodowe czytanie\u00a0 poezji Jana Kochanowskiego w Wilnie pod patronatem Prezydenta RP Andrzeja Dudy"},"content":{"rendered":"\n<p><strong>3 wrze\u015bnia, godz. 18.00, kawiarnia \u201eSakwa\u201d (ul. M. K. Paco 1\/2, Wilno)<\/strong><\/p>\n\n\n\n<p>Tegoroczn\u0105 lektur\u0105 Narodowego Czytania b\u0119dzie poezja Jana Kochanowskiego.<\/p>\n\n\n\n<p>Prezydent RP Andrzej Duda wraz z Ma\u0142\u017conk\u0105 Agat\u0105 Kornhauser-Dud\u0105 skierowali specjalny list, zach\u0119caj\u0105c do udzia\u0142u w Narodowym Czytaniu poezji Jana Kochanowskiego.<\/p>\n\n\n\n<p>W tym roku lektur\u0105 Narodowego Czytania jest poezja Jana Kochanowskiego, w kt\u00f3rej g\u0142\u0119boka zaduma nad \u015bwiatem \u0142\u0105czy si\u0119 z humorem, a idee humanizmu z dojrza\u0142\u0105 refleksj\u0105 obywatelsk\u0105 i trosk\u0105 o Ojczyzn\u0119. Nasz wybitny renesansowy tw\u00f3rca zawar\u0142 w swoich utworach emocje oraz prze\u017cycia prawdziwie uniwersalne i dzi\u0119ki temu bliskie nam wsp\u00f3\u0142czesnym. Napisana przepi\u0119kn\u0105 polszczyzn\u0105, pe\u0142na m\u0105drych rad poezja Mistrza z Czarnolasu to niezwyk\u0142a kronika my\u015bli i obyczaj\u00f3w dawnej Rzeczypospolitej, kt\u00f3ra \u0142\u0105czy pokolenia i jest nadal aktualna \u2013 podkre\u015bli\u0142a w li\u015bcie Para Prezydencka.<\/p>\n\n\n\n<p><em>Jan Kochanowski zaliczany jest do grona najwybitniejszych polskich poet\u00f3w i najwi\u0119kszych tw\u00f3rc\u00f3w europejskich epoki renesansu. Urodzi\u0142 si\u0119 w 1530 roku w Sycynie pod Zwoleniem. Studiowa\u0142 w Akademii Krakowskiej i na uniwersytecie w Padwie, w m\u0142odo\u015bci podr\u00f3\u017cowa\u0142 po Europie. W 1559 roku powr\u00f3ci\u0142 do kraju i przyj\u0105\u0142 s\u0142u\u017cb\u0119 dworzanina na dworach magnackich oraz na dworze kr\u00f3lewskim. Kilkana\u015bcie lat p\u00f3\u017aniej osiad\u0142 na sta\u0142e w dziedzicznym maj\u0105tku w Czarnolesie, po\u015bwi\u0119caj\u0105c si\u0119 pracy pisarskiej. W tym okresie kontynuowa\u0142 pisanie pie\u015bni i fraszek. Po \u015bmierci ukochanej c\u00f3rki, Urszulki, opublikowa\u0142 cykl Tren\u00f3w \u2013 arcydzie\u0142o literatury staropolskiej. Kochanowski zmar\u0142 nagle w 1584 roku w czasie obrad sejmu w Lublinie, zosta\u0142 pochowany w krypcie zwole\u0144skiego ko\u015bcio\u0142a.<\/em><\/p>\n\n\n\n<p><em>Poezja Jana Kochanowskiego porusza r\u00f3\u017cnorodne tematy \u2013 od powa\u017cnych i donios\u0142ych po l\u017cejsze i \u017cartobliwe. Opisuje \u017cycie dworskie i ziemia\u0144skie, pojawiaj\u0105 si\u0119 w niej w\u0105tki patriotyczne, refleksje moralne, nawi\u0105zania antyczne i biblijne. W wierszach odnajdziemy humanistyczn\u0105 religijno\u015b\u0107, zachwyt \u017cyciem, ale te\u017c g\u0142\u0119bok\u0105 zadum\u0119 nad przemijaniem i ludzkim losem. Artysta przyczyni\u0142 si\u0119 do rozwoju polskiego j\u0119zyka literackiego, a jego niezr\u00f3wnane dzie\u0142a do dzi\u015b pozostaj\u0105 \u017cywe i nadal inspiruj\u0105.<\/em><\/p>\n\n\n\n<p>W programie organizowanego przez Instytut Polski w Wilnie wydarzenia znajdzie si\u0119 czytanie poezji J. Kochanowskiego przez aktor\u00f3w Polskiego Teatru \u201eStudio\u201d w Wilnie oraz czytanie utwor\u00f3w przez wszystkich ch\u0119tnych.<\/p>\n\n\n\n<p>Organizatorzy przygotuj\u0105 teksty poezji, kt\u00f3re mo\u017cna b\u0119dzie przeczyta\u0107, ale zach\u0119camy tak\u017ce do wcze\u015bniejszego wyboru utwor\u00f3w.&nbsp;<\/p>\n\n\n\n<p>Uwaga, ze wzgl\u0119du na ograniczon\u0105 liczb\u0119 miejsc w kawiarni obowi\u0105zuje bezp\u0142atna rejestracja. Osoby zainteresowane udzia\u0142em prosimy o rejestracj\u0119 drog\u0105 mailow\u0105 pod adresem&nbsp;<a href=\"mailto:barbara.orszewska@instytutpolski.pl\">barbara.orszewska@instytutpolski.pl<\/a>&nbsp;do 2 wrze\u015bnia. W tytule wiadomo\u015bci prosimy o wpisanie: \u201eNarodowe Czytanie 2025\u201d.&nbsp; W tre\u015bci wiadomo\u015bci prosimy o podanie swego imienia i nazwiska. Decyduje kolejno\u015b\u0107 zg\u0142osze\u0144.<\/p>\n\n\n\n<p>Spotkanie w j\u0119zyku polskim.<\/p>\n\n\n\n<p>Organizatorzy: Instytut Polski w Wilnie, Ambasada RP w Wilnie, Polski Teatr \u201eStudio\u201d w Wilnie,&nbsp; kawiarnia \u201eSakwa\u201d.<\/p>\n","protected":false},"excerpt":{"rendered":"<p>3 wrze\u015bnia, godz. 18.00, kawiarnia \u201eSakwa\u201d (ul. M. K. Paco 1\/2, Wilno) Tegoroczn\u0105 lektur\u0105 Narodowego Czytania b\u0119dzie poezja Jana Kochanowskiego. Prezydent RP Andrzej Duda wraz z Ma\u0142\u017conk\u0105 Agat\u0105 Kornhauser-Dud\u0105 skierowali specjalny list, zach\u0119caj\u0105c do udzia\u0142u w Narodowym Czytaniu poezji Jana Kochanowskiego. W tym roku lektur\u0105 Narodowego Czytania jest poezja Jana Kochanowskiego, w kt\u00f3rej g\u0142\u0119boka zaduma [&hellip;]<\/p>\n","protected":false},"author":179,"featured_media":7806,"comment_status":"open","ping_status":"open","sticky":false,"template":"","format":"standard","meta":{"inline_featured_image":false,"_monsterinsights_skip_tracking":false,"_monsterinsights_sitenote_active":false,"_monsterinsights_sitenote_note":"","_monsterinsights_sitenote_category":0,"footnotes":""},"categories":[36,47,95],"tags":[],"class_list":["post-7805","post","type-post","status-publish","format-standard","has-post-thumbnail","hentry","category-aktualnosci","category-literatura-pl","category-wydarzenia"],"yoast_head":"<!-- This site is optimized with the Yoast SEO plugin v24.6 - https:\/\/yoast.com\/wordpress\/plugins\/seo\/ -->\n<title>Narodowe czytanie\u00a0 poezji Jana Kochanowskiego w Wilnie pod patronatem Prezydenta RP Andrzeja Dudy - Instytut Polski w Wilnie<\/title>\n<meta name=\"robots\" content=\"index, follow, max-snippet:-1, max-image-preview:large, max-video-preview:-1\" \/>\n<link rel=\"canonical\" href=\"https:\/\/instytutpolski.pl\/vilnius\/pl\/2025\/08\/27\/narodowe-czytanie-poezji-jana-kochanowskiego-w-wilnie-pod-patronatem-prezydenta-rp-andrzeja-dudy\/\" \/>\n<meta property=\"og:locale\" content=\"pl_PL\" \/>\n<meta property=\"og:type\" content=\"article\" \/>\n<meta property=\"og:title\" content=\"Narodowe czytanie\u00a0 poezji Jana Kochanowskiego w Wilnie pod patronatem Prezydenta RP Andrzeja Dudy - Instytut Polski w Wilnie\" \/>\n<meta property=\"og:description\" content=\"3 wrze\u015bnia, godz. 18.00, kawiarnia \u201eSakwa\u201d (ul. M. K. Paco 1\/2, Wilno) Tegoroczn\u0105 lektur\u0105 Narodowego Czytania b\u0119dzie poezja Jana Kochanowskiego. Prezydent RP Andrzej Duda wraz z Ma\u0142\u017conk\u0105 Agat\u0105 Kornhauser-Dud\u0105 skierowali specjalny list, zach\u0119caj\u0105c do udzia\u0142u w Narodowym Czytaniu poezji Jana Kochanowskiego. W tym roku lektur\u0105 Narodowego Czytania jest poezja Jana Kochanowskiego, w kt\u00f3rej g\u0142\u0119boka zaduma [&hellip;]\" \/>\n<meta property=\"og:url\" content=\"https:\/\/instytutpolski.pl\/vilnius\/pl\/2025\/08\/27\/narodowe-czytanie-poezji-jana-kochanowskiego-w-wilnie-pod-patronatem-prezydenta-rp-andrzeja-dudy\/\" \/>\n<meta property=\"og:site_name\" content=\"Instytut Polski w Wilnie\" \/>\n<meta property=\"article:published_time\" content=\"2025-08-27T09:14:18+00:00\" \/>\n<meta property=\"article:modified_time\" content=\"2025-08-27T09:14:19+00:00\" \/>\n<meta property=\"og:image\" content=\"https:\/\/instytutpolski.pl\/vilnius\/wp-content\/uploads\/sites\/24\/2025\/08\/Narodowe-Czytanie-2025.-Jan-Kochanowski.png\" \/>\n\t<meta property=\"og:image:width\" content=\"1889\" \/>\n\t<meta property=\"og:image:height\" content=\"2672\" \/>\n\t<meta property=\"og:image:type\" content=\"image\/png\" \/>\n<meta name=\"author\" content=\"strielkunasr\" \/>\n<meta name=\"twitter:card\" content=\"summary_large_image\" \/>\n<meta name=\"twitter:label1\" content=\"Napisane przez\" \/>\n\t<meta name=\"twitter:data1\" content=\"strielkunasr\" \/>\n\t<meta name=\"twitter:label2\" content=\"Szacowany czas czytania\" \/>\n\t<meta name=\"twitter:data2\" content=\"3 minuty\" \/>\n<script type=\"application\/ld+json\" class=\"yoast-schema-graph\">{\"@context\":\"https:\/\/schema.org\",\"@graph\":[{\"@type\":\"event\",\"@id\":\"https:\/\/instytutpolski.pl\/vilnius\/pl\/2025\/08\/27\/narodowe-czytanie-poezji-jana-kochanowskiego-w-wilnie-pod-patronatem-prezydenta-rp-andrzeja-dudy\/\",\"url\":\"https:\/\/instytutpolski.pl\/vilnius\/pl\/2025\/08\/27\/narodowe-czytanie-poezji-jana-kochanowskiego-w-wilnie-pod-patronatem-prezydenta-rp-andrzeja-dudy\/\",\"name\":\"Narodowe czytanie\u00a0 poezji Jana Kochanowskiego w Wilnie pod patronatem Prezydenta RP Andrzeja Dudy\",\"isPartOf\":{\"@id\":\"https:\/\/instytutpolski.pl\/vilnius\/#website\"},\"primaryImageOfPage\":{\"@id\":\"https:\/\/instytutpolski.pl\/vilnius\/pl\/2025\/08\/27\/narodowe-czytanie-poezji-jana-kochanowskiego-w-wilnie-pod-patronatem-prezydenta-rp-andrzeja-dudy\/#primaryimage\"},\"image\":[\"https:\/\/instytutpolski.pl\/vilnius\/wp-content\/uploads\/sites\/24\/2025\/08\/Narodowe-Czytanie-2025.-Jan-Kochanowski.png\",\"https:\/\/instytutpolski.pl\/vilnius\/wp-content\/uploads\/sites\/24\/2025\/08\/Narodowe-Czytanie-2025.-Jan-Kochanowski-212x300.png\",\"https:\/\/instytutpolski.pl\/vilnius\/wp-content\/uploads\/sites\/24\/2025\/08\/Narodowe-Czytanie-2025.-Jan-Kochanowski-724x1024.png\",\"https:\/\/instytutpolski.pl\/vilnius\/wp-content\/uploads\/sites\/24\/2025\/08\/Narodowe-Czytanie-2025.-Jan-Kochanowski.png\"],\"thumbnailUrl\":\"https:\/\/instytutpolski.pl\/vilnius\/wp-content\/uploads\/sites\/24\/2025\/08\/Narodowe-Czytanie-2025.-Jan-Kochanowski.png\",\"datePublished\":\"2025-08-27T09:14:18+02:00\",\"dateModified\":\"2025-08-27T09:14:19+02:00\",\"author\":{\"@id\":\"https:\/\/instytutpolski.pl\/vilnius\/#\/schema\/person\/0fe71ab8ff05e4d313f18753e7735a3c\"},\"breadcrumb\":{\"@id\":\"https:\/\/instytutpolski.pl\/vilnius\/pl\/2025\/08\/27\/narodowe-czytanie-poezji-jana-kochanowskiego-w-wilnie-pod-patronatem-prezydenta-rp-andrzeja-dudy\/#breadcrumb\"},\"inLanguage\":\"pl-PL\",\"potentialAction\":[{\"@type\":\"ReadAction\",\"target\":[\"https:\/\/instytutpolski.pl\/vilnius\/pl\/2025\/08\/27\/narodowe-czytanie-poezji-jana-kochanowskiego-w-wilnie-pod-patronatem-prezydenta-rp-andrzeja-dudy\/\"]}],\"@context\":\"https:\/\/schema.org\",\"startDate\":\"2025-09-03\",\"endDate\":\"2025-09-03\",\"eventStatus\":\"EventScheduled\",\"eventAttendanceMode\":\"OfflineEventAttendanceMode\",\"location\":{\"@type\":\"place\",\"name\":\"\",\"address\":\"\",\"geo\":{\"@type\":\"GeoCoordinates\",\"latitude\":\"\",\"longitude\":\"\"}},\"description\":\"3 wrze\u015bnia, godz. 18.00, kawiarnia \u201eSakwa\u201d (ul. M. K. Paco 1\/2, Wilno)\\nTegoroczn\u0105 lektur\u0105 Narodowego Czytania b\u0119dzie poezja Jana Kochanowskiego.\\nPrezydent RP Andrzej Duda wraz z Ma\u0142\u017conk\u0105 Agat\u0105 Kornhauser-Dud\u0105 skierowali specjalny list, zach\u0119caj\u0105c do udzia\u0142u w Narodowym Czytaniu poezji Jana Kochanowskiego.\\nW tym roku lektur\u0105 Narodowego Czytania jest poezja Jana Kochanowskiego, w kt\u00f3rej g\u0142\u0119boka zaduma nad \u015bwiatem \u0142\u0105czy si\u0119 z humorem, a idee humanizmu z dojrza\u0142\u0105 refleksj\u0105 obywatelsk\u0105 i trosk\u0105 o Ojczyzn\u0119. Nasz wybitny renesansowy tw\u00f3rca zawar\u0142 w swoich utworach emocje oraz prze\u017cycia prawdziwie uniwersalne i dzi\u0119ki temu bliskie nam wsp\u00f3\u0142czesnym. Napisana przepi\u0119kn\u0105 polszczyzn\u0105, pe\u0142na m\u0105drych rad poezja Mistrza z Czarnolasu to niezwyk\u0142a kronika my\u015bli i obyczaj\u00f3w dawnej Rzeczypospolitej, kt\u00f3ra \u0142\u0105czy pokolenia i jest nadal aktualna \u2013 podkre\u015bli\u0142a w li\u015bcie Para Prezydencka.\\nJan Kochanowski zaliczany jest do grona najwybitniejszych polskich poet\u00f3w i najwi\u0119kszych tw\u00f3rc\u00f3w europejskich epoki renesansu. Urodzi\u0142 si\u0119 w 1530 roku w Sycynie pod Zwoleniem. Studiowa\u0142 w Akademii Krakowskiej i na uniwersytecie w Padwie, w m\u0142odo\u015bci podr\u00f3\u017cowa\u0142 po Europie. W 1559 roku powr\u00f3ci\u0142 do kraju i przyj\u0105\u0142 s\u0142u\u017cb\u0119 dworzanina na dworach magnackich oraz na dworze kr\u00f3lewskim. Kilkana\u015bcie lat p\u00f3\u017aniej osiad\u0142 na sta\u0142e w dziedzicznym maj\u0105tku w Czarnolesie, po\u015bwi\u0119caj\u0105c si\u0119 pracy pisarskiej. W tym okresie kontynuowa\u0142 pisanie pie\u015bni i fraszek. Po \u015bmierci ukochanej c\u00f3rki, Urszulki, opublikowa\u0142 cykl Tren\u00f3w \u2013 arcydzie\u0142o literatury staropolskiej. Kochanowski zmar\u0142 nagle w 1584 roku w czasie obrad sejmu w Lublinie, zosta\u0142 pochowany w krypcie zwole\u0144skiego ko\u015bcio\u0142a.\\nPoezja Jana Kochanowskiego porusza r\u00f3\u017cnorodne tematy \u2013 od powa\u017cnych i donios\u0142ych po l\u017cejsze i \u017cartobliwe. Opisuje \u017cycie dworskie i ziemia\u0144skie, pojawiaj\u0105 si\u0119 w niej w\u0105tki patriotyczne, refleksje moralne, nawi\u0105zania antyczne i biblijne. W wierszach odnajdziemy humanistyczn\u0105 religijno\u015b\u0107, zachwyt \u017cyciem, ale te\u017c g\u0142\u0119bok\u0105 zadum\u0119 nad przemijaniem i ludzkim losem. Artysta przyczyni\u0142 si\u0119 do rozwoju polskiego j\u0119zyka literackiego, a jego niezr\u00f3wnane dzie\u0142a do dzi\u015b pozostaj\u0105 \u017cywe i nadal inspiruj\u0105.\\nW programie organizowanego przez Instytut Polski w Wilnie wydarzenia znajdzie si\u0119 czytanie poezji J. Kochanowskiego przez aktor\u00f3w Polskiego Teatru \u201eStudio\u201d w Wilnie oraz czytanie utwor\u00f3w przez wszystkich ch\u0119tnych.\\nOrganizatorzy przygotuj\u0105 teksty poezji, kt\u00f3re mo\u017cna b\u0119dzie przeczyta\u0107, ale zach\u0119camy tak\u017ce do wcze\u015bniejszego wyboru utwor\u00f3w. \\nUwaga, ze wzgl\u0119du na ograniczon\u0105 liczb\u0119 miejsc w kawiarni obowi\u0105zuje bezp\u0142atna rejestracja. Osoby zainteresowane udzia\u0142em prosimy o rejestracj\u0119 drog\u0105 mailow\u0105 pod adresem barbara.orszewska@instytutpolski.pl do 2 wrze\u015bnia. W tytule wiadomo\u015bci prosimy o wpisanie: \u201eNarodowe Czytanie 2025\u201d.  W tre\u015bci wiadomo\u015bci prosimy o podanie swego imienia i nazwiska. Decyduje kolejno\u015b\u0107 zg\u0142osze\u0144.\\nSpotkanie w j\u0119zyku polskim.\\nOrganizatorzy: Instytut Polski w Wilnie, Ambasada RP w Wilnie, Polski Teatr \u201eStudio\u201d w Wilnie,  kawiarnia \u201eSakwa\u201d.\"},{\"@type\":\"ImageObject\",\"inLanguage\":\"pl-PL\",\"@id\":\"https:\/\/instytutpolski.pl\/vilnius\/pl\/2025\/08\/27\/narodowe-czytanie-poezji-jana-kochanowskiego-w-wilnie-pod-patronatem-prezydenta-rp-andrzeja-dudy\/#primaryimage\",\"url\":\"https:\/\/instytutpolski.pl\/vilnius\/wp-content\/uploads\/sites\/24\/2025\/08\/Narodowe-Czytanie-2025.-Jan-Kochanowski.png\",\"contentUrl\":\"https:\/\/instytutpolski.pl\/vilnius\/wp-content\/uploads\/sites\/24\/2025\/08\/Narodowe-Czytanie-2025.-Jan-Kochanowski.png\",\"width\":1889,\"height\":2672},{\"@type\":\"BreadcrumbList\",\"@id\":\"https:\/\/instytutpolski.pl\/vilnius\/pl\/2025\/08\/27\/narodowe-czytanie-poezji-jana-kochanowskiego-w-wilnie-pod-patronatem-prezydenta-rp-andrzeja-dudy\/#breadcrumb\",\"itemListElement\":[{\"@type\":\"ListItem\",\"position\":1,\"name\":\"Home\",\"item\":\"https:\/\/instytutpolski.pl\/vilnius\/\"},{\"@type\":\"ListItem\",\"position\":2,\"name\":\"Narodowe czytanie\u00a0 poezji Jana Kochanowskiego w Wilnie pod patronatem Prezydenta RP Andrzeja Dudy\"}]},{\"@type\":\"WebSite\",\"@id\":\"https:\/\/instytutpolski.pl\/vilnius\/#website\",\"url\":\"https:\/\/instytutpolski.pl\/vilnius\/\",\"name\":\"Instytut Polski w Wilnie\",\"description\":\"Instytuty Polskie\",\"potentialAction\":[{\"@type\":\"SearchAction\",\"target\":{\"@type\":\"EntryPoint\",\"urlTemplate\":\"https:\/\/instytutpolski.pl\/vilnius\/?s={search_term_string}\"},\"query-input\":{\"@type\":\"PropertyValueSpecification\",\"valueRequired\":true,\"valueName\":\"search_term_string\"}}],\"inLanguage\":\"pl-PL\"},{\"@type\":\"Person\",\"@id\":\"https:\/\/instytutpolski.pl\/vilnius\/#\/schema\/person\/0fe71ab8ff05e4d313f18753e7735a3c\",\"name\":\"strielkunasr\",\"image\":{\"@type\":\"ImageObject\",\"inLanguage\":\"pl-PL\",\"@id\":\"https:\/\/instytutpolski.pl\/vilnius\/#\/schema\/person\/image\/\",\"url\":\"https:\/\/secure.gravatar.com\/avatar\/1f685238784360c3347cf65c78e0c870?s=96&d=mm&r=g\",\"contentUrl\":\"https:\/\/secure.gravatar.com\/avatar\/1f685238784360c3347cf65c78e0c870?s=96&d=mm&r=g\",\"caption\":\"strielkunasr\"},\"url\":\"https:\/\/instytutpolski.pl\/vilnius\/author\/strielkunasr\/\"}]}<\/script>\n<!-- \/ Yoast SEO plugin. -->","yoast_head_json":{"title":"Narodowe czytanie\u00a0 poezji Jana Kochanowskiego w Wilnie pod patronatem Prezydenta RP Andrzeja Dudy - Instytut Polski w Wilnie","robots":{"index":"index","follow":"follow","max-snippet":"max-snippet:-1","max-image-preview":"max-image-preview:large","max-video-preview":"max-video-preview:-1"},"canonical":"https:\/\/instytutpolski.pl\/vilnius\/pl\/2025\/08\/27\/narodowe-czytanie-poezji-jana-kochanowskiego-w-wilnie-pod-patronatem-prezydenta-rp-andrzeja-dudy\/","og_locale":"pl_PL","og_type":"article","og_title":"Narodowe czytanie\u00a0 poezji Jana Kochanowskiego w Wilnie pod patronatem Prezydenta RP Andrzeja Dudy - Instytut Polski w Wilnie","og_description":"3 wrze\u015bnia, godz. 18.00, kawiarnia \u201eSakwa\u201d (ul. M. K. Paco 1\/2, Wilno) Tegoroczn\u0105 lektur\u0105 Narodowego Czytania b\u0119dzie poezja Jana Kochanowskiego. Prezydent RP Andrzej Duda wraz z Ma\u0142\u017conk\u0105 Agat\u0105 Kornhauser-Dud\u0105 skierowali specjalny list, zach\u0119caj\u0105c do udzia\u0142u w Narodowym Czytaniu poezji Jana Kochanowskiego. W tym roku lektur\u0105 Narodowego Czytania jest poezja Jana Kochanowskiego, w kt\u00f3rej g\u0142\u0119boka zaduma [&hellip;]","og_url":"https:\/\/instytutpolski.pl\/vilnius\/pl\/2025\/08\/27\/narodowe-czytanie-poezji-jana-kochanowskiego-w-wilnie-pod-patronatem-prezydenta-rp-andrzeja-dudy\/","og_site_name":"Instytut Polski w Wilnie","article_published_time":"2025-08-27T09:14:18+00:00","article_modified_time":"2025-08-27T09:14:19+00:00","og_image":[{"width":1889,"height":2672,"url":"https:\/\/instytutpolski.pl\/vilnius\/wp-content\/uploads\/sites\/24\/2025\/08\/Narodowe-Czytanie-2025.-Jan-Kochanowski.png","type":"image\/png"}],"author":"strielkunasr","twitter_card":"summary_large_image","twitter_misc":{"Napisane przez":"strielkunasr","Szacowany czas czytania":"3 minuty"},"schema":{"@context":"https:\/\/schema.org","@graph":[{"@type":"event","@id":"https:\/\/instytutpolski.pl\/vilnius\/pl\/2025\/08\/27\/narodowe-czytanie-poezji-jana-kochanowskiego-w-wilnie-pod-patronatem-prezydenta-rp-andrzeja-dudy\/","url":"https:\/\/instytutpolski.pl\/vilnius\/pl\/2025\/08\/27\/narodowe-czytanie-poezji-jana-kochanowskiego-w-wilnie-pod-patronatem-prezydenta-rp-andrzeja-dudy\/","name":"Narodowe czytanie\u00a0 poezji Jana Kochanowskiego w Wilnie pod patronatem Prezydenta RP Andrzeja Dudy","isPartOf":{"@id":"https:\/\/instytutpolski.pl\/vilnius\/#website"},"primaryImageOfPage":{"@id":"https:\/\/instytutpolski.pl\/vilnius\/pl\/2025\/08\/27\/narodowe-czytanie-poezji-jana-kochanowskiego-w-wilnie-pod-patronatem-prezydenta-rp-andrzeja-dudy\/#primaryimage"},"image":["https:\/\/instytutpolski.pl\/vilnius\/wp-content\/uploads\/sites\/24\/2025\/08\/Narodowe-Czytanie-2025.-Jan-Kochanowski.png","https:\/\/instytutpolski.pl\/vilnius\/wp-content\/uploads\/sites\/24\/2025\/08\/Narodowe-Czytanie-2025.-Jan-Kochanowski-212x300.png","https:\/\/instytutpolski.pl\/vilnius\/wp-content\/uploads\/sites\/24\/2025\/08\/Narodowe-Czytanie-2025.-Jan-Kochanowski-724x1024.png","https:\/\/instytutpolski.pl\/vilnius\/wp-content\/uploads\/sites\/24\/2025\/08\/Narodowe-Czytanie-2025.-Jan-Kochanowski.png"],"thumbnailUrl":"https:\/\/instytutpolski.pl\/vilnius\/wp-content\/uploads\/sites\/24\/2025\/08\/Narodowe-Czytanie-2025.-Jan-Kochanowski.png","datePublished":"2025-08-27T09:14:18+02:00","dateModified":"2025-08-27T09:14:19+02:00","author":{"@id":"https:\/\/instytutpolski.pl\/vilnius\/#\/schema\/person\/0fe71ab8ff05e4d313f18753e7735a3c"},"breadcrumb":{"@id":"https:\/\/instytutpolski.pl\/vilnius\/pl\/2025\/08\/27\/narodowe-czytanie-poezji-jana-kochanowskiego-w-wilnie-pod-patronatem-prezydenta-rp-andrzeja-dudy\/#breadcrumb"},"inLanguage":"pl-PL","potentialAction":[{"@type":"ReadAction","target":["https:\/\/instytutpolski.pl\/vilnius\/pl\/2025\/08\/27\/narodowe-czytanie-poezji-jana-kochanowskiego-w-wilnie-pod-patronatem-prezydenta-rp-andrzeja-dudy\/"]}],"@context":"https:\/\/schema.org","startDate":"2025-09-03","endDate":"2025-09-03","eventStatus":"EventScheduled","eventAttendanceMode":"OfflineEventAttendanceMode","location":{"@type":"place","name":"","address":"","geo":{"@type":"GeoCoordinates","latitude":"","longitude":""}},"description":"3 wrze\u015bnia, godz. 18.00, kawiarnia \u201eSakwa\u201d (ul. M. K. Paco 1\/2, Wilno)\nTegoroczn\u0105 lektur\u0105 Narodowego Czytania b\u0119dzie poezja Jana Kochanowskiego.\nPrezydent RP Andrzej Duda wraz z Ma\u0142\u017conk\u0105 Agat\u0105 Kornhauser-Dud\u0105 skierowali specjalny list, zach\u0119caj\u0105c do udzia\u0142u w Narodowym Czytaniu poezji Jana Kochanowskiego.\nW tym roku lektur\u0105 Narodowego Czytania jest poezja Jana Kochanowskiego, w kt\u00f3rej g\u0142\u0119boka zaduma nad \u015bwiatem \u0142\u0105czy si\u0119 z humorem, a idee humanizmu z dojrza\u0142\u0105 refleksj\u0105 obywatelsk\u0105 i trosk\u0105 o Ojczyzn\u0119. Nasz wybitny renesansowy tw\u00f3rca zawar\u0142 w swoich utworach emocje oraz prze\u017cycia prawdziwie uniwersalne i dzi\u0119ki temu bliskie nam wsp\u00f3\u0142czesnym. Napisana przepi\u0119kn\u0105 polszczyzn\u0105, pe\u0142na m\u0105drych rad poezja Mistrza z Czarnolasu to niezwyk\u0142a kronika my\u015bli i obyczaj\u00f3w dawnej Rzeczypospolitej, kt\u00f3ra \u0142\u0105czy pokolenia i jest nadal aktualna \u2013 podkre\u015bli\u0142a w li\u015bcie Para Prezydencka.\nJan Kochanowski zaliczany jest do grona najwybitniejszych polskich poet\u00f3w i najwi\u0119kszych tw\u00f3rc\u00f3w europejskich epoki renesansu. Urodzi\u0142 si\u0119 w 1530 roku w Sycynie pod Zwoleniem. Studiowa\u0142 w Akademii Krakowskiej i na uniwersytecie w Padwie, w m\u0142odo\u015bci podr\u00f3\u017cowa\u0142 po Europie. W 1559 roku powr\u00f3ci\u0142 do kraju i przyj\u0105\u0142 s\u0142u\u017cb\u0119 dworzanina na dworach magnackich oraz na dworze kr\u00f3lewskim. Kilkana\u015bcie lat p\u00f3\u017aniej osiad\u0142 na sta\u0142e w dziedzicznym maj\u0105tku w Czarnolesie, po\u015bwi\u0119caj\u0105c si\u0119 pracy pisarskiej. W tym okresie kontynuowa\u0142 pisanie pie\u015bni i fraszek. Po \u015bmierci ukochanej c\u00f3rki, Urszulki, opublikowa\u0142 cykl Tren\u00f3w \u2013 arcydzie\u0142o literatury staropolskiej. Kochanowski zmar\u0142 nagle w 1584 roku w czasie obrad sejmu w Lublinie, zosta\u0142 pochowany w krypcie zwole\u0144skiego ko\u015bcio\u0142a.\nPoezja Jana Kochanowskiego porusza r\u00f3\u017cnorodne tematy \u2013 od powa\u017cnych i donios\u0142ych po l\u017cejsze i \u017cartobliwe. Opisuje \u017cycie dworskie i ziemia\u0144skie, pojawiaj\u0105 si\u0119 w niej w\u0105tki patriotyczne, refleksje moralne, nawi\u0105zania antyczne i biblijne. W wierszach odnajdziemy humanistyczn\u0105 religijno\u015b\u0107, zachwyt \u017cyciem, ale te\u017c g\u0142\u0119bok\u0105 zadum\u0119 nad przemijaniem i ludzkim losem. Artysta przyczyni\u0142 si\u0119 do rozwoju polskiego j\u0119zyka literackiego, a jego niezr\u00f3wnane dzie\u0142a do dzi\u015b pozostaj\u0105 \u017cywe i nadal inspiruj\u0105.\nW programie organizowanego przez Instytut Polski w Wilnie wydarzenia znajdzie si\u0119 czytanie poezji J. Kochanowskiego przez aktor\u00f3w Polskiego Teatru \u201eStudio\u201d w Wilnie oraz czytanie utwor\u00f3w przez wszystkich ch\u0119tnych.\nOrganizatorzy przygotuj\u0105 teksty poezji, kt\u00f3re mo\u017cna b\u0119dzie przeczyta\u0107, ale zach\u0119camy tak\u017ce do wcze\u015bniejszego wyboru utwor\u00f3w. \nUwaga, ze wzgl\u0119du na ograniczon\u0105 liczb\u0119 miejsc w kawiarni obowi\u0105zuje bezp\u0142atna rejestracja. Osoby zainteresowane udzia\u0142em prosimy o rejestracj\u0119 drog\u0105 mailow\u0105 pod adresem barbara.orszewska@instytutpolski.pl do 2 wrze\u015bnia. W tytule wiadomo\u015bci prosimy o wpisanie: \u201eNarodowe Czytanie 2025\u201d.  W tre\u015bci wiadomo\u015bci prosimy o podanie swego imienia i nazwiska. Decyduje kolejno\u015b\u0107 zg\u0142osze\u0144.\nSpotkanie w j\u0119zyku polskim.\nOrganizatorzy: Instytut Polski w Wilnie, Ambasada RP w Wilnie, Polski Teatr \u201eStudio\u201d w Wilnie,  kawiarnia \u201eSakwa\u201d."},{"@type":"ImageObject","inLanguage":"pl-PL","@id":"https:\/\/instytutpolski.pl\/vilnius\/pl\/2025\/08\/27\/narodowe-czytanie-poezji-jana-kochanowskiego-w-wilnie-pod-patronatem-prezydenta-rp-andrzeja-dudy\/#primaryimage","url":"https:\/\/instytutpolski.pl\/vilnius\/wp-content\/uploads\/sites\/24\/2025\/08\/Narodowe-Czytanie-2025.-Jan-Kochanowski.png","contentUrl":"https:\/\/instytutpolski.pl\/vilnius\/wp-content\/uploads\/sites\/24\/2025\/08\/Narodowe-Czytanie-2025.-Jan-Kochanowski.png","width":1889,"height":2672},{"@type":"BreadcrumbList","@id":"https:\/\/instytutpolski.pl\/vilnius\/pl\/2025\/08\/27\/narodowe-czytanie-poezji-jana-kochanowskiego-w-wilnie-pod-patronatem-prezydenta-rp-andrzeja-dudy\/#breadcrumb","itemListElement":[{"@type":"ListItem","position":1,"name":"Home","item":"https:\/\/instytutpolski.pl\/vilnius\/"},{"@type":"ListItem","position":2,"name":"Narodowe czytanie\u00a0 poezji Jana Kochanowskiego w Wilnie pod patronatem Prezydenta RP Andrzeja Dudy"}]},{"@type":"WebSite","@id":"https:\/\/instytutpolski.pl\/vilnius\/#website","url":"https:\/\/instytutpolski.pl\/vilnius\/","name":"Instytut Polski w Wilnie","description":"Instytuty Polskie","potentialAction":[{"@type":"SearchAction","target":{"@type":"EntryPoint","urlTemplate":"https:\/\/instytutpolski.pl\/vilnius\/?s={search_term_string}"},"query-input":{"@type":"PropertyValueSpecification","valueRequired":true,"valueName":"search_term_string"}}],"inLanguage":"pl-PL"},{"@type":"Person","@id":"https:\/\/instytutpolski.pl\/vilnius\/#\/schema\/person\/0fe71ab8ff05e4d313f18753e7735a3c","name":"strielkunasr","image":{"@type":"ImageObject","inLanguage":"pl-PL","@id":"https:\/\/instytutpolski.pl\/vilnius\/#\/schema\/person\/image\/","url":"https:\/\/secure.gravatar.com\/avatar\/1f685238784360c3347cf65c78e0c870?s=96&d=mm&r=g","contentUrl":"https:\/\/secure.gravatar.com\/avatar\/1f685238784360c3347cf65c78e0c870?s=96&d=mm&r=g","caption":"strielkunasr"},"url":"https:\/\/instytutpolski.pl\/vilnius\/author\/strielkunasr\/"}]}},"_links":{"self":[{"href":"https:\/\/instytutpolski.pl\/vilnius\/wp-json\/wp\/v2\/posts\/7805","targetHints":{"allow":["GET"]}}],"collection":[{"href":"https:\/\/instytutpolski.pl\/vilnius\/wp-json\/wp\/v2\/posts"}],"about":[{"href":"https:\/\/instytutpolski.pl\/vilnius\/wp-json\/wp\/v2\/types\/post"}],"author":[{"embeddable":true,"href":"https:\/\/instytutpolski.pl\/vilnius\/wp-json\/wp\/v2\/users\/179"}],"replies":[{"embeddable":true,"href":"https:\/\/instytutpolski.pl\/vilnius\/wp-json\/wp\/v2\/comments?post=7805"}],"version-history":[{"count":3,"href":"https:\/\/instytutpolski.pl\/vilnius\/wp-json\/wp\/v2\/posts\/7805\/revisions"}],"predecessor-version":[{"id":7809,"href":"https:\/\/instytutpolski.pl\/vilnius\/wp-json\/wp\/v2\/posts\/7805\/revisions\/7809"}],"wp:featuredmedia":[{"embeddable":true,"href":"https:\/\/instytutpolski.pl\/vilnius\/wp-json\/wp\/v2\/media\/7806"}],"wp:attachment":[{"href":"https:\/\/instytutpolski.pl\/vilnius\/wp-json\/wp\/v2\/media?parent=7805"}],"wp:term":[{"taxonomy":"category","embeddable":true,"href":"https:\/\/instytutpolski.pl\/vilnius\/wp-json\/wp\/v2\/categories?post=7805"},{"taxonomy":"post_tag","embeddable":true,"href":"https:\/\/instytutpolski.pl\/vilnius\/wp-json\/wp\/v2\/tags?post=7805"}],"curies":[{"name":"wp","href":"https:\/\/api.w.org\/{rel}","templated":true}]}}