{"id":7810,"date":"2025-08-28T08:22:38","date_gmt":"2025-08-28T06:22:38","guid":{"rendered":"https:\/\/instytutpolski.pl\/vilnius\/?p=7810"},"modified":"2025-09-03T13:42:50","modified_gmt":"2025-09-03T11:42:50","slug":"spektakl-improwizowany-pt-slucham-wasza-wysokosc-w-wilenskim-teatrze-starym","status":"publish","type":"post","link":"https:\/\/instytutpolski.pl\/vilnius\/pl\/2025\/08\/28\/spektakl-improwizowany-pt-slucham-wasza-wysokosc-w-wilenskim-teatrze-starym\/","title":{"rendered":"Spektakl improwizowany pt. \u201eS\u0142ucham, Wasza Wysoko\u015b\u0107!\u201d w Wile\u0144skim Teatrze Starym"},"content":{"rendered":"\n<p>12 wrze\u015bnia br. o godz. 10:00 w Wile\u0144skim Teatrze Starym odb\u0119dzie si\u0119 spektakl improwizowany na podstawie powie\u015bci polskiego pedagoga i pisarza Janusza Korczaka \u201eKr\u00f3l Maciu\u015b Pierwszy\u201d. Przedstawienie w re\u017cyserii Oskara Wyganowskiego b\u0119dzie grane w j\u0119zyku polskim.<\/p>\n\n\n\n<p>Spektakl w jednym akcie dla dzieci w wieku 6-11 lat.<\/p>\n\n\n\n<p>Czas trwania: 1:15 godz.<\/p>\n\n\n\n<p>Premiera spektaklu w j\u0119zyku litewskim odby\u0142a si\u0119 21 maja br. Jesieni\u0105, opr\u00f3cz spektaklu po polsku, planowana jest r\u00f3wnie\u017c premiera sztuki w j\u0119zyku ukrai\u0144skim (11 wrze\u015bnia br.).<\/p>\n\n\n\n<div style=\"height:30px\" aria-hidden=\"true\" class=\"wp-block-spacer\"><\/div>\n\n\n\n<figure class=\"wp-block-image size-full\"><img loading=\"lazy\" decoding=\"async\" width=\"1000\" height=\"666\" src=\"https:\/\/instytutpolski.pl\/vilnius\/wp-content\/uploads\/sites\/24\/2025\/08\/1748518437-Jusu-didenybe_25_photo_T.Ragimov.jpg\" alt=\"\" class=\"wp-image-7811\" srcset=\"https:\/\/instytutpolski.pl\/vilnius\/wp-content\/uploads\/sites\/24\/2025\/08\/1748518437-Jusu-didenybe_25_photo_T.Ragimov.jpg 1000w, https:\/\/instytutpolski.pl\/vilnius\/wp-content\/uploads\/sites\/24\/2025\/08\/1748518437-Jusu-didenybe_25_photo_T.Ragimov-300x200.jpg 300w, https:\/\/instytutpolski.pl\/vilnius\/wp-content\/uploads\/sites\/24\/2025\/08\/1748518437-Jusu-didenybe_25_photo_T.Ragimov-768x511.jpg 768w\" sizes=\"auto, (max-width: 1000px) 100vw, 1000px\" \/><\/figure>\n\n\n\n<div style=\"height:29px\" aria-hidden=\"true\" class=\"wp-block-spacer\"><\/div>\n\n\n\n<p>Tw\u00f3rcy:<\/p>\n\n\n\n<p>Pomys\u0142odawcy \u2013&nbsp;Raimondas Klezys, Kamil\u0117 Petru\u0161kevi\u010di\u016bt\u0117,&nbsp;Oskar Wyganowski<\/p>\n\n\n\n<p>Re\u017cyser \u2013&nbsp;Oskar Wyganowski<\/p>\n\n\n\n<p>Dramatur\u017cka, autorka inscenizacji \u2013&nbsp;Edita Rudak<\/p>\n\n\n\n<p>Scenograf \u2013&nbsp;Oles Makukhin<\/p>\n\n\n\n<p>Kompozytorka \u2013&nbsp;Kamil\u0117 Petru\u0161kevi\u010di\u016bt\u0117<\/p>\n\n\n\n<p>Asystentka re\u017cysera \u2013&nbsp;Tatsiana Belanouskaya&nbsp;<\/p>\n\n\n\n<p>Kierowniczka spektaklu \u2013&nbsp;Inga Sanakojevait\u0117<\/p>\n\n\n\n<p>Psycholog-konsultantka \u2013&nbsp;Natalia Govorun<\/p>\n\n\n\n<p>Aktorzy: Gabriel\u0117 Andru\u0161kevi\u010d, Bo\u017eena Sosnowska i Oskar Wyganowski<\/p>\n\n\n\n<div style=\"height:32px\" aria-hidden=\"true\" class=\"wp-block-spacer\"><\/div>\n\n\n\n<p>\u201eS\u0142ucham, Wasza Wysoko\u015b\u0107!\u201d \u2013 to interaktywne przedstawienie oparte i zainspirowane powie\u015bci\u0105 z 1922 r. \u201eKr\u00f3l Maciu\u015b Pierwszy\u201d autorstwa Janusza Korczaka \u2013 pedagoga, innowatora, lekarza i obro\u0144cy praw dziecka z pocz\u0105tku XX w. W powie\u015bci Korczak przedstawi\u0142 pa\u0144stwo reformowane przez dziesi\u0119cioletniego w\u0142adc\u0119, kt\u00f3rego \u015bmia\u0142e teorie w praktyce codzienno\u015bci ponios\u0142y jednak fiasko. Ksi\u0105\u017cka jest zarazem: antyutopi\u0105 dla dzieci i dystopi\u0105 dla doros\u0142ych \u2013 tych umiej\u0105cych czyta\u0107 ze zrozumieniem.<\/p>\n\n\n\n<p>Bohaterem spektaklu jest ch\u0142opiec o imieniu&nbsp;Maciu\u015b, kt\u00f3ry niespodziewanie zostaje kr\u00f3lem. Jest nie tylko w\u0142adc\u0105, ale i zwyczajnym dzieckiem, kt\u00f3remu wci\u0105\u017c obce s\u0105 zasady i warto\u015bci \u015bwiata doros\u0142ych. Obejmuj\u0105c w\u0142adz\u0119, Maciu\u015b staje w obliczu dylemat\u00f3w i wyzwa\u0144 \u2013 otacza go bowiem \u015bwiat doros\u0142ych, w kt\u00f3rym powszechna jest niesprawiedliwo\u015b\u0107, w\u0105tpliwe decyzje i puste ambicje. Pragn\u0105c by\u0107 dobrym kr\u00f3lem, nawi\u0105zuje stosunki dyplomatyczne, rozwi\u0105zuje problemy gospodarcze swojego kr\u00f3lestwa i rz\u0105dzi tak, jak potrafi \u2013 po dzieci\u0119cemu. Niestety, s\u0105siednie pa\u0144stwa wykorzystuj\u0105 jego charakterystyczne dla dziecka podej\u015bcie i&#8230; wypowiadaj\u0105 mu wojn\u0119.<\/p>\n\n\n\n<figure class=\"wp-block-image size-full\"><img loading=\"lazy\" decoding=\"async\" width=\"1000\" height=\"666\" src=\"https:\/\/instytutpolski.pl\/vilnius\/wp-content\/uploads\/sites\/24\/2025\/08\/1748518437-Jusu-didenybe_43_photo_T.Ragimov.jpg\" alt=\"\" class=\"wp-image-7813\" srcset=\"https:\/\/instytutpolski.pl\/vilnius\/wp-content\/uploads\/sites\/24\/2025\/08\/1748518437-Jusu-didenybe_43_photo_T.Ragimov.jpg 1000w, https:\/\/instytutpolski.pl\/vilnius\/wp-content\/uploads\/sites\/24\/2025\/08\/1748518437-Jusu-didenybe_43_photo_T.Ragimov-300x200.jpg 300w, https:\/\/instytutpolski.pl\/vilnius\/wp-content\/uploads\/sites\/24\/2025\/08\/1748518437-Jusu-didenybe_43_photo_T.Ragimov-768x511.jpg 768w\" sizes=\"auto, (max-width: 1000px) 100vw, 1000px\" \/><\/figure>\n\n\n\n<p>Przedstawienie jest&nbsp; zaproszeniem do wsp\u00f3lnego tworzenia. Pozwala najbardziej wymagaj\u0105cemu widzowi \u2013 dziecku, nie tylko obserwowa\u0107, ale te\u017c wsp\u00f3lnie z g\u0142\u00f3wnym bohaterem podejmowa\u0107 decyzje, uczy\u0107 si\u0119 postaw obywatelskich i bra\u0107 odpowiedzialno\u015b\u0107 za wcze\u015bniejsze decyzje. Spektakl&nbsp;nie ma z g\u00f3ry ustalonej fabu\u0142y&nbsp;\u2013 zmienia si\u0119 w zale\u017cno\u015bci od wybor\u00f3w widz\u00f3w. Zar\u00f3wno dzieci, jak i ich rodzice czy opiekunowie staj\u0105 si\u0119 re\u017cyserami przedstawienia.<\/p>\n\n\n\n<p>Przedstawienienie pt. \u201eS\u0142ucham, Wasza Wysoko\u015b\u0107!\u201d powsta\u0142o w ramach konkursu \u201eOtwarte Przestrzenie\u201d, w kt\u00f3rym w 2023 r. praca Oskara Wyganowskiego, Kamil\u0117 Petru\u0161kevi\u010di\u016bt\u0117&nbsp;i&nbsp;Raimondasa Klezysa zdoby\u0142a pierwsze miejsce.<\/p>\n\n\n\n<p>\u201eChcieli\u015bmy stworzy\u0107 interaktywny spektakl, w kt\u00f3rym dzieci poczu\u0142yby moc kierowania aktorami i ca\u0142ym przebiegiem wydarze\u0144 na scenie. Powie\u015b\u0107 Korczaka doskonale s\u0142u\u017cy temu, aby uczy\u0107 m\u0142odego widza odpowiedzialno\u015bci za w\u0142asne dzia\u0142ania.\u201d \u2013 m\u00f3wi Oskar Wyganowski.<\/p>\n\n\n\n<p>Partnerem premiery spektaklu w j\u0119zyku polskim jest Instytut Polski w Wilnie.<\/p>\n\n\n\n<p>Wi\u0119cej informacji oraz bilety: <a href=\"https:\/\/vsteatras.lt\/spektakliai\/klausau-jusu-didenybe\" target=\"_blank\" rel=\"noreferrer noopener\">\u201eS\u0142ucham, Wasza Wysoko\u015b\u0107!\u201d<\/a><\/p>\n\n\n\n<div style=\"height:42px\" aria-hidden=\"true\" class=\"wp-block-spacer\"><\/div>\n\n\n\n<p>*<\/p>\n\n\n\n<p><a href=\"https:\/\/culture.pl\/pl\/dzielo\/janusz-korczak-krol-macius-pierwszy\" target=\"_blank\" rel=\"noreferrer noopener\"><strong>Powie\u015b\u0107 \u201eKr\u00f3l Maciu\u015b Pierwszy\u201d<\/strong><\/a> Janusza Korczaka to klasyka polskiej literatury dzieci\u0119cej. Opowiada ona o ma\u0142ym ch\u0142opcu, kt\u00f3ry zostaje kr\u00f3lem-reformatorem. Pocz\u0105tkowo zwi\u0105zany dworsk\u0105 etykiet\u0105 i uzale\u017cniony od ministr\u00f3w, z czasem wybija si\u0119 na samodzielno\u015b\u0107. Wprowadza reformy, kt\u00f3re maj\u0105 uczyni\u0107 szcz\u0119\u015bliwymi wszystkie dzieci na \u015bwiecie. Gdy w kraju wybucha wojna, przebiera si\u0119 za zwyk\u0142ego \u017co\u0142nierza i wyrusza na front. Tam uczy si\u0119 pokory, szacunku dla \u017cycia, a jednocze\u015bnie bycia wytrwa\u0142ym i opanowanym w ka\u017cdej sytuacji. Chce ponadto dowie\u015b\u0107, \u017ce jest odwa\u017cny jak jego przodkowie.<\/p>\n\n\n\n<p>Dalsz\u0105 cz\u0119\u015b\u0107 przyg\u00f3d ma\u0142ego w\u0142adcy-reformatora Korczak opisa\u0142 w ksi\u0105\u017cce \u201eKr\u00f3l Maciu\u015b na wyspie bezludnej\u201d.<\/p>\n\n\n\n<div style=\"height:31px\" aria-hidden=\"true\" class=\"wp-block-spacer\"><\/div>\n\n\n\n<p>Lekarz, pedagog, pisarz, publicysta i dzia\u0142acz spo\u0142eczny <a href=\"https:\/\/culture.pl\/pl\/tworca\/janusz-korczak\" target=\"_blank\" rel=\"noreferrer noopener\"><strong>Janusz Korczak<\/strong><\/a> (w\u0142a\u015bciwe imi\u0119 i nazwisko Henryk Goldszmit) urodzi\u0142 si\u0119 22 lipca 1878 r. lub 1879 r. w Warszawie. Zgin\u0105\u0142 prawdopodobnie 7 sierpnia 1942 r. w Treblince. Pochodzi\u0142 ze spolonizowanej rodziny Goldszmit\u00f3w.<\/p>\n\n\n\n<p>Przeszed\u0142 do historii pedagogiki, jako niezwyk\u0142y tw\u00f3rca systemu wychowania dzieci w duchu szacunku, ale i my\u015blenia samodzielnego. By\u0142 r\u00f3wnie znakomitym pediatr\u0105 oraz tw\u00f3rc\u0105 literackim, a przy tym \u2013 osob\u0105 wybitnie zas\u0142u\u017con\u0105 w walce o prawa dziecka.<\/p>\n\n\n\n<p>Pozostawi\u0142 po sobie bogat\u0105 spu\u015bcizn\u0119 literack\u0105. Swoje pogl\u0105dy na temat pedagogiki zawar\u0142 przede wszystkim w dzie\u0142ach \u201eJak kocha\u0107 dziecko\u201d,&nbsp; \u201ePrawo dziecka do szacunku\u201d i \u201eMomenty wychowawcze\u201d. W\u015br\u00f3d jego utwor\u00f3w skierowanych do dzieci najbardziej znane to: ksi\u0105\u017cki o przygodach Kr\u00f3la Maciusia Pierwszy, \u201eBankructwo ma\u0142ego D\u017ceka\u201d, \u201eKajtu\u015b czarodziej\u201d i \u201eKiedy zn\u00f3w b\u0119d\u0119 ma\u0142y\u201d. Ponadto by\u0142 autorem powie\u015bci o tematyce spo\u0142ecznej takich jak \u201eDzieci ulicy\u201d czy \u201eDziecko salonu\u201d, a tak\u017ce innych utwor\u00f3w, m.in. \u201eKosza\u0142k\u00f3w opa\u0142k\u00f3w\u201d, \u201eSam na sam z Bogiem\u201d oraz dramat\u00f3w, z kt\u00f3rych zachowa\u0142 si\u0119 tylko jeden: \u201eSenat szale\u0144c\u00f3w\u201d, wystawiony w teatrze Ateneum przez Stefana Jaracza w 1931 r.<\/p>\n\n\n\n<div style=\"height:41px\" aria-hidden=\"true\" class=\"wp-block-spacer\"><\/div>\n\n\n\n<figure class=\"wp-block-image size-full\"><img loading=\"lazy\" decoding=\"async\" width=\"1000\" height=\"666\" src=\"https:\/\/instytutpolski.pl\/vilnius\/wp-content\/uploads\/sites\/24\/2025\/08\/1748518437-Jusu-didenybe_20_photo_T.Ragimov.jpg\" alt=\"\" class=\"wp-image-7814\" srcset=\"https:\/\/instytutpolski.pl\/vilnius\/wp-content\/uploads\/sites\/24\/2025\/08\/1748518437-Jusu-didenybe_20_photo_T.Ragimov.jpg 1000w, https:\/\/instytutpolski.pl\/vilnius\/wp-content\/uploads\/sites\/24\/2025\/08\/1748518437-Jusu-didenybe_20_photo_T.Ragimov-300x200.jpg 300w, https:\/\/instytutpolski.pl\/vilnius\/wp-content\/uploads\/sites\/24\/2025\/08\/1748518437-Jusu-didenybe_20_photo_T.Ragimov-768x511.jpg 768w\" sizes=\"auto, (max-width: 1000px) 100vw, 1000px\" \/><\/figure>\n\n\n\n<p>Fot. Telman Ragimov<\/p>\n","protected":false},"excerpt":{"rendered":"<p>12 wrze\u015bnia br. o godz. 10:00 w Wile\u0144skim Teatrze Starym odb\u0119dzie si\u0119 spektakl improwizowany na podstawie powie\u015bci polskiego pedagoga i pisarza Janusza Korczaka \u201eKr\u00f3l Maciu\u015b Pierwszy\u201d. Przedstawienie w re\u017cyserii Oskara Wyganowskiego b\u0119dzie grane w j\u0119zyku polskim. Spektakl w jednym akcie dla dzieci w wieku 6-11 lat. Czas trwania: 1:15 godz. Premiera spektaklu w j\u0119zyku litewskim [&hellip;]<\/p>\n","protected":false},"author":179,"featured_media":7812,"comment_status":"open","ping_status":"open","sticky":false,"template":"","format":"standard","meta":{"inline_featured_image":false,"_monsterinsights_skip_tracking":false,"_monsterinsights_sitenote_active":false,"_monsterinsights_sitenote_note":"","_monsterinsights_sitenote_category":0,"footnotes":""},"categories":[36,51,95],"tags":[],"class_list":["post-7810","post","type-post","status-publish","format-standard","has-post-thumbnail","hentry","category-aktualnosci","category-teatr","category-wydarzenia"],"yoast_head":"<!-- This site is optimized with the Yoast SEO plugin v24.6 - https:\/\/yoast.com\/wordpress\/plugins\/seo\/ -->\n<title>Spektakl improwizowany pt. \u201eS\u0142ucham, Wasza Wysoko\u015b\u0107!\u201d w Wile\u0144skim Teatrze Starym - Instytut Polski w Wilnie<\/title>\n<meta name=\"robots\" content=\"index, follow, max-snippet:-1, max-image-preview:large, max-video-preview:-1\" \/>\n<link rel=\"canonical\" href=\"https:\/\/instytutpolski.pl\/vilnius\/pl\/2025\/08\/28\/spektakl-improwizowany-pt-slucham-wasza-wysokosc-w-wilenskim-teatrze-starym\/\" \/>\n<meta property=\"og:locale\" content=\"pl_PL\" \/>\n<meta property=\"og:type\" content=\"article\" \/>\n<meta property=\"og:title\" content=\"Spektakl improwizowany pt. \u201eS\u0142ucham, Wasza Wysoko\u015b\u0107!\u201d w Wile\u0144skim Teatrze Starym - Instytut Polski w Wilnie\" \/>\n<meta property=\"og:description\" content=\"12 wrze\u015bnia br. o godz. 10:00 w Wile\u0144skim Teatrze Starym odb\u0119dzie si\u0119 spektakl improwizowany na podstawie powie\u015bci polskiego pedagoga i pisarza Janusza Korczaka \u201eKr\u00f3l Maciu\u015b Pierwszy\u201d. Przedstawienie w re\u017cyserii Oskara Wyganowskiego b\u0119dzie grane w j\u0119zyku polskim. Spektakl w jednym akcie dla dzieci w wieku 6-11 lat. Czas trwania: 1:15 godz. Premiera spektaklu w j\u0119zyku litewskim [&hellip;]\" \/>\n<meta property=\"og:url\" content=\"https:\/\/instytutpolski.pl\/vilnius\/pl\/2025\/08\/28\/spektakl-improwizowany-pt-slucham-wasza-wysokosc-w-wilenskim-teatrze-starym\/\" \/>\n<meta property=\"og:site_name\" content=\"Instytut Polski w Wilnie\" \/>\n<meta property=\"article:published_time\" content=\"2025-08-28T06:22:38+00:00\" \/>\n<meta property=\"article:modified_time\" content=\"2025-09-03T11:42:50+00:00\" \/>\n<meta property=\"og:image\" content=\"https:\/\/instytutpolski.pl\/vilnius\/wp-content\/uploads\/sites\/24\/2025\/08\/1748518437-Jusu-didenybe_63_photo_T.Ragimov.jpg\" \/>\n\t<meta property=\"og:image:width\" content=\"1000\" \/>\n\t<meta property=\"og:image:height\" content=\"666\" \/>\n\t<meta property=\"og:image:type\" content=\"image\/jpeg\" \/>\n<meta name=\"author\" content=\"strielkunasr\" \/>\n<meta name=\"twitter:card\" content=\"summary_large_image\" \/>\n<meta name=\"twitter:label1\" content=\"Napisane przez\" \/>\n\t<meta name=\"twitter:data1\" content=\"strielkunasr\" \/>\n\t<meta name=\"twitter:label2\" content=\"Szacowany czas czytania\" \/>\n\t<meta name=\"twitter:data2\" content=\"5 minut\" \/>\n<script type=\"application\/ld+json\" class=\"yoast-schema-graph\">{\"@context\":\"https:\/\/schema.org\",\"@graph\":[{\"@type\":\"event\",\"@id\":\"https:\/\/instytutpolski.pl\/vilnius\/pl\/2025\/08\/28\/spektakl-improwizowany-pt-slucham-wasza-wysokosc-w-wilenskim-teatrze-starym\/\",\"url\":\"https:\/\/instytutpolski.pl\/vilnius\/pl\/2025\/08\/28\/spektakl-improwizowany-pt-slucham-wasza-wysokosc-w-wilenskim-teatrze-starym\/\",\"name\":\"Spektakl improwizowany pt. \u201eS\u0142ucham, Wasza Wysoko\u015b\u0107!\u201d w Wile\u0144skim Teatrze Starym\",\"isPartOf\":{\"@id\":\"https:\/\/instytutpolski.pl\/vilnius\/#website\"},\"primaryImageOfPage\":{\"@id\":\"https:\/\/instytutpolski.pl\/vilnius\/pl\/2025\/08\/28\/spektakl-improwizowany-pt-slucham-wasza-wysokosc-w-wilenskim-teatrze-starym\/#primaryimage\"},\"image\":[\"https:\/\/instytutpolski.pl\/vilnius\/wp-content\/uploads\/sites\/24\/2025\/08\/1748518437-Jusu-didenybe_63_photo_T.Ragimov.jpg\",\"https:\/\/instytutpolski.pl\/vilnius\/wp-content\/uploads\/sites\/24\/2025\/08\/1748518437-Jusu-didenybe_63_photo_T.Ragimov-300x200.jpg\",\"https:\/\/instytutpolski.pl\/vilnius\/wp-content\/uploads\/sites\/24\/2025\/08\/1748518437-Jusu-didenybe_63_photo_T.Ragimov.jpg\",\"https:\/\/instytutpolski.pl\/vilnius\/wp-content\/uploads\/sites\/24\/2025\/08\/1748518437-Jusu-didenybe_63_photo_T.Ragimov.jpg\"],\"thumbnailUrl\":\"https:\/\/instytutpolski.pl\/vilnius\/wp-content\/uploads\/sites\/24\/2025\/08\/1748518437-Jusu-didenybe_63_photo_T.Ragimov.jpg\",\"datePublished\":\"2025-08-28T06:22:38+02:00\",\"dateModified\":\"2025-09-03T11:42:50+02:00\",\"author\":{\"@id\":\"https:\/\/instytutpolski.pl\/vilnius\/#\/schema\/person\/0fe71ab8ff05e4d313f18753e7735a3c\"},\"breadcrumb\":{\"@id\":\"https:\/\/instytutpolski.pl\/vilnius\/pl\/2025\/08\/28\/spektakl-improwizowany-pt-slucham-wasza-wysokosc-w-wilenskim-teatrze-starym\/#breadcrumb\"},\"inLanguage\":\"pl-PL\",\"potentialAction\":[{\"@type\":\"ReadAction\",\"target\":[\"https:\/\/instytutpolski.pl\/vilnius\/pl\/2025\/08\/28\/spektakl-improwizowany-pt-slucham-wasza-wysokosc-w-wilenskim-teatrze-starym\/\"]}],\"@context\":\"https:\/\/schema.org\",\"startDate\":\"2025-09-10\",\"endDate\":\"2025-09-13\",\"eventStatus\":\"EventScheduled\",\"eventAttendanceMode\":\"OfflineEventAttendanceMode\",\"location\":{\"@type\":\"place\",\"name\":\"\",\"address\":\"\",\"geo\":{\"@type\":\"GeoCoordinates\",\"latitude\":\"\",\"longitude\":\"\"}},\"description\":\"12 wrze\u015bnia br. o godz. 10:00 w Wile\u0144skim Teatrze Starym odb\u0119dzie si\u0119 spektakl improwizowany na podstawie powie\u015bci polskiego pedagoga i pisarza Janusza Korczaka \u201eKr\u00f3l Maciu\u015b Pierwszy\u201d. Przedstawienie w re\u017cyserii Oskara Wyganowskiego b\u0119dzie grane w j\u0119zyku polskim.\\nSpektakl w jednym akcie dla dzieci w wieku 6-11 lat.\\nCzas trwania: 1:15 godz.\\nPremiera spektaklu w j\u0119zyku litewskim odby\u0142a si\u0119 21 maja br. Jesieni\u0105, opr\u00f3cz spektaklu po polsku, planowana jest r\u00f3wnie\u017c premiera sztuki w j\u0119zyku ukrai\u0144skim (11 wrze\u015bnia br.).\\nTw\u00f3rcy:\\nPomys\u0142odawcy \u2013 Raimondas Klezys, Kamil\u0117 Petru\u0161kevi\u010di\u016bt\u0117, Oskar Wyganowski\\nRe\u017cyser \u2013 Oskar Wyganowski\\nDramatur\u017cka, autorka inscenizacji \u2013 Edita Rudak\\nScenograf \u2013 Oles Makukhin\\nKompozytorka \u2013 Kamil\u0117 Petru\u0161kevi\u010di\u016bt\u0117\\nAsystentka re\u017cysera \u2013 Tatsiana Belanouskaya \\nKierowniczka spektaklu \u2013 Inga Sanakojevait\u0117\\nPsycholog-konsultantka \u2013 Natalia Govorun\\nAktorzy: Gabriel\u0117 Andru\u0161kevi\u010d, Bo\u017eena Sosnowska i Oskar Wyganowski\\n\u201eS\u0142ucham, Wasza Wysoko\u015b\u0107!\u201d \u2013 to interaktywne przedstawienie oparte i zainspirowane powie\u015bci\u0105 z 1922 r. \u201eKr\u00f3l Maciu\u015b Pierwszy\u201d autorstwa Janusza Korczaka \u2013 pedagoga, innowatora, lekarza i obro\u0144cy praw dziecka z pocz\u0105tku XX w. W powie\u015bci Korczak przedstawi\u0142 pa\u0144stwo reformowane przez dziesi\u0119cioletniego w\u0142adc\u0119, kt\u00f3rego \u015bmia\u0142e teorie w praktyce codzienno\u015bci ponios\u0142y jednak fiasko. Ksi\u0105\u017cka jest zarazem: antyutopi\u0105 dla dzieci i dystopi\u0105 dla doros\u0142ych \u2013 tych umiej\u0105cych czyta\u0107 ze zrozumieniem.\\nBohaterem spektaklu jest ch\u0142opiec o imieniu Maciu\u015b, kt\u00f3ry niespodziewanie zostaje kr\u00f3lem. Jest nie tylko w\u0142adc\u0105, ale i zwyczajnym dzieckiem, kt\u00f3remu wci\u0105\u017c obce s\u0105 zasady i warto\u015bci \u015bwiata doros\u0142ych. Obejmuj\u0105c w\u0142adz\u0119, Maciu\u015b staje w obliczu dylemat\u00f3w i wyzwa\u0144 \u2013 otacza go bowiem \u015bwiat doros\u0142ych, w kt\u00f3rym powszechna jest niesprawiedliwo\u015b\u0107, w\u0105tpliwe decyzje i puste ambicje. Pragn\u0105c by\u0107 dobrym kr\u00f3lem, nawi\u0105zuje stosunki dyplomatyczne, rozwi\u0105zuje problemy gospodarcze swojego kr\u00f3lestwa i rz\u0105dzi tak, jak potrafi \u2013 po dzieci\u0119cemu. Niestety, s\u0105siednie pa\u0144stwa wykorzystuj\u0105 jego charakterystyczne dla dziecka podej\u015bcie i... wypowiadaj\u0105 mu wojn\u0119.\\nPrzedstawienie jest  zaproszeniem do wsp\u00f3lnego tworzenia. Pozwala najbardziej wymagaj\u0105cemu widzowi \u2013 dziecku, nie tylko obserwowa\u0107, ale te\u017c wsp\u00f3lnie z g\u0142\u00f3wnym bohaterem podejmowa\u0107 decyzje, uczy\u0107 si\u0119 postaw obywatelskich i bra\u0107 odpowiedzialno\u015b\u0107 za wcze\u015bniejsze decyzje. Spektakl nie ma z g\u00f3ry ustalonej fabu\u0142y \u2013 zmienia si\u0119 w zale\u017cno\u015bci od wybor\u00f3w widz\u00f3w. Zar\u00f3wno dzieci, jak i ich rodzice czy opiekunowie staj\u0105 si\u0119 re\u017cyserami przedstawienia.\\nPrzedstawienienie pt. \u201eS\u0142ucham, Wasza Wysoko\u015b\u0107!\u201d powsta\u0142o w ramach konkursu \u201eOtwarte Przestrzenie\u201d, w kt\u00f3rym w 2023 r. praca Oskara Wyganowskiego, Kamil\u0117 Petru\u0161kevi\u010di\u016bt\u0117 i Raimondasa Klezysa zdoby\u0142a pierwsze miejsce.\\n\u201eChcieli\u015bmy stworzy\u0107 interaktywny spektakl, w kt\u00f3rym dzieci poczu\u0142yby moc kierowania aktorami i ca\u0142ym przebiegiem wydarze\u0144 na scenie. Powie\u015b\u0107 Korczaka doskonale s\u0142u\u017cy temu, aby uczy\u0107 m\u0142odego widza odpowiedzialno\u015bci za w\u0142asne dzia\u0142ania.\u201d \u2013 m\u00f3wi Oskar Wyganowski.\\nPartnerem premiery spektaklu w j\u0119zyku polskim jest Instytut Polski w Wilnie.\\nWi\u0119cej informacji oraz bilety: \u201eS\u0142ucham, Wasza Wysoko\u015b\u0107!\u201d\\n*\\nPowie\u015b\u0107 \u201eKr\u00f3l Maciu\u015b Pierwszy\u201d Janusza Korczaka to klasyka polskiej literatury dzieci\u0119cej. Opowiada ona o ma\u0142ym ch\u0142opcu, kt\u00f3ry zostaje kr\u00f3lem-reformatorem. Pocz\u0105tkowo zwi\u0105zany dworsk\u0105 etykiet\u0105 i uzale\u017cniony od ministr\u00f3w, z czasem wybija si\u0119 na samodzielno\u015b\u0107. Wprowadza reformy, kt\u00f3re maj\u0105 uczyni\u0107 szcz\u0119\u015bliwymi wszystkie dzieci na \u015bwiecie. Gdy w kraju wybucha wojna, przebiera si\u0119 za zwyk\u0142ego \u017co\u0142nierza i wyrusza na front. Tam uczy si\u0119 pokory, szacunku dla \u017cycia, a jednocze\u015bnie bycia wytrwa\u0142ym i opanowanym w ka\u017cdej sytuacji. Chce ponadto dowie\u015b\u0107, \u017ce jest odwa\u017cny jak jego przodkowie.\\nDalsz\u0105 cz\u0119\u015b\u0107 przyg\u00f3d ma\u0142ego w\u0142adcy-reformatora Korczak opisa\u0142 w ksi\u0105\u017cce \u201eKr\u00f3l Maciu\u015b na wyspie bezludnej\u201d.\\nLekarz, pedagog, pisarz, publicysta i dzia\u0142acz spo\u0142eczny Janusz Korczak (w\u0142a\u015bciwe imi\u0119 i nazwisko Henryk Goldszmit) urodzi\u0142 si\u0119 22 lipca 1878 r. lub 1879 r. w Warszawie. Zgin\u0105\u0142 prawdopodobnie 7 sierpnia 1942 r. w Treblince. Pochodzi\u0142 ze spolonizowanej rodziny Goldszmit\u00f3w.\\nPrzeszed\u0142 do historii pedagogiki, jako niezwyk\u0142y tw\u00f3rca systemu wychowania dzieci w duchu szacunku, ale i my\u015blenia samodzielnego. By\u0142 r\u00f3wnie znakomitym pediatr\u0105 oraz tw\u00f3rc\u0105 literackim, a przy tym \u2013 osob\u0105 wybitnie zas\u0142u\u017con\u0105 w walce o prawa dziecka.\\nPozostawi\u0142 po sobie bogat\u0105 spu\u015bcizn\u0119 literack\u0105. Swoje pogl\u0105dy na temat pedagogiki zawar\u0142 przede wszystkim w dzie\u0142ach \u201eJak kocha\u0107 dziecko\u201d,  \u201ePrawo dziecka do szacunku\u201d i \u201eMomenty wychowawcze\u201d. W\u015br\u00f3d jego utwor\u00f3w skierowanych do dzieci najbardziej znane to: ksi\u0105\u017cki o przygodach Kr\u00f3la Maciusia Pierwszy, \u201eBankructwo ma\u0142ego D\u017ceka\u201d, \u201eKajtu\u015b czarodziej\u201d i \u201eKiedy zn\u00f3w b\u0119d\u0119 ma\u0142y\u201d. Ponadto by\u0142 autorem powie\u015bci o tematyce spo\u0142ecznej takich jak \u201eDzieci ulicy\u201d czy \u201eDziecko salonu\u201d, a tak\u017ce innych utwor\u00f3w, m.in. \u201eKosza\u0142k\u00f3w opa\u0142k\u00f3w\u201d, \u201eSam na sam z Bogiem\u201d oraz dramat\u00f3w, z kt\u00f3rych zachowa\u0142 si\u0119 tylko jeden: \u201eSenat szale\u0144c\u00f3w\u201d, wystawiony w teatrze Ateneum przez Stefana Jaracza w 1931 r.\\nFot. Telman Ragimov\"},{\"@type\":\"ImageObject\",\"inLanguage\":\"pl-PL\",\"@id\":\"https:\/\/instytutpolski.pl\/vilnius\/pl\/2025\/08\/28\/spektakl-improwizowany-pt-slucham-wasza-wysokosc-w-wilenskim-teatrze-starym\/#primaryimage\",\"url\":\"https:\/\/instytutpolski.pl\/vilnius\/wp-content\/uploads\/sites\/24\/2025\/08\/1748518437-Jusu-didenybe_63_photo_T.Ragimov.jpg\",\"contentUrl\":\"https:\/\/instytutpolski.pl\/vilnius\/wp-content\/uploads\/sites\/24\/2025\/08\/1748518437-Jusu-didenybe_63_photo_T.Ragimov.jpg\",\"width\":1000,\"height\":666},{\"@type\":\"BreadcrumbList\",\"@id\":\"https:\/\/instytutpolski.pl\/vilnius\/pl\/2025\/08\/28\/spektakl-improwizowany-pt-slucham-wasza-wysokosc-w-wilenskim-teatrze-starym\/#breadcrumb\",\"itemListElement\":[{\"@type\":\"ListItem\",\"position\":1,\"name\":\"Home\",\"item\":\"https:\/\/instytutpolski.pl\/vilnius\/\"},{\"@type\":\"ListItem\",\"position\":2,\"name\":\"Spektakl improwizowany pt. \u201eS\u0142ucham, Wasza Wysoko\u015b\u0107!\u201d w Wile\u0144skim Teatrze Starym\"}]},{\"@type\":\"WebSite\",\"@id\":\"https:\/\/instytutpolski.pl\/vilnius\/#website\",\"url\":\"https:\/\/instytutpolski.pl\/vilnius\/\",\"name\":\"Instytut Polski w Wilnie\",\"description\":\"Instytuty Polskie\",\"potentialAction\":[{\"@type\":\"SearchAction\",\"target\":{\"@type\":\"EntryPoint\",\"urlTemplate\":\"https:\/\/instytutpolski.pl\/vilnius\/?s={search_term_string}\"},\"query-input\":{\"@type\":\"PropertyValueSpecification\",\"valueRequired\":true,\"valueName\":\"search_term_string\"}}],\"inLanguage\":\"pl-PL\"},{\"@type\":\"Person\",\"@id\":\"https:\/\/instytutpolski.pl\/vilnius\/#\/schema\/person\/0fe71ab8ff05e4d313f18753e7735a3c\",\"name\":\"strielkunasr\",\"image\":{\"@type\":\"ImageObject\",\"inLanguage\":\"pl-PL\",\"@id\":\"https:\/\/instytutpolski.pl\/vilnius\/#\/schema\/person\/image\/\",\"url\":\"https:\/\/secure.gravatar.com\/avatar\/1f685238784360c3347cf65c78e0c870?s=96&d=mm&r=g\",\"contentUrl\":\"https:\/\/secure.gravatar.com\/avatar\/1f685238784360c3347cf65c78e0c870?s=96&d=mm&r=g\",\"caption\":\"strielkunasr\"},\"url\":\"https:\/\/instytutpolski.pl\/vilnius\/author\/strielkunasr\/\"}]}<\/script>\n<!-- \/ Yoast SEO plugin. -->","yoast_head_json":{"title":"Spektakl improwizowany pt. \u201eS\u0142ucham, Wasza Wysoko\u015b\u0107!\u201d w Wile\u0144skim Teatrze Starym - Instytut Polski w Wilnie","robots":{"index":"index","follow":"follow","max-snippet":"max-snippet:-1","max-image-preview":"max-image-preview:large","max-video-preview":"max-video-preview:-1"},"canonical":"https:\/\/instytutpolski.pl\/vilnius\/pl\/2025\/08\/28\/spektakl-improwizowany-pt-slucham-wasza-wysokosc-w-wilenskim-teatrze-starym\/","og_locale":"pl_PL","og_type":"article","og_title":"Spektakl improwizowany pt. \u201eS\u0142ucham, Wasza Wysoko\u015b\u0107!\u201d w Wile\u0144skim Teatrze Starym - Instytut Polski w Wilnie","og_description":"12 wrze\u015bnia br. o godz. 10:00 w Wile\u0144skim Teatrze Starym odb\u0119dzie si\u0119 spektakl improwizowany na podstawie powie\u015bci polskiego pedagoga i pisarza Janusza Korczaka \u201eKr\u00f3l Maciu\u015b Pierwszy\u201d. Przedstawienie w re\u017cyserii Oskara Wyganowskiego b\u0119dzie grane w j\u0119zyku polskim. Spektakl w jednym akcie dla dzieci w wieku 6-11 lat. Czas trwania: 1:15 godz. Premiera spektaklu w j\u0119zyku litewskim [&hellip;]","og_url":"https:\/\/instytutpolski.pl\/vilnius\/pl\/2025\/08\/28\/spektakl-improwizowany-pt-slucham-wasza-wysokosc-w-wilenskim-teatrze-starym\/","og_site_name":"Instytut Polski w Wilnie","article_published_time":"2025-08-28T06:22:38+00:00","article_modified_time":"2025-09-03T11:42:50+00:00","og_image":[{"width":1000,"height":666,"url":"https:\/\/instytutpolski.pl\/vilnius\/wp-content\/uploads\/sites\/24\/2025\/08\/1748518437-Jusu-didenybe_63_photo_T.Ragimov.jpg","type":"image\/jpeg"}],"author":"strielkunasr","twitter_card":"summary_large_image","twitter_misc":{"Napisane przez":"strielkunasr","Szacowany czas czytania":"5 minut"},"schema":{"@context":"https:\/\/schema.org","@graph":[{"@type":"event","@id":"https:\/\/instytutpolski.pl\/vilnius\/pl\/2025\/08\/28\/spektakl-improwizowany-pt-slucham-wasza-wysokosc-w-wilenskim-teatrze-starym\/","url":"https:\/\/instytutpolski.pl\/vilnius\/pl\/2025\/08\/28\/spektakl-improwizowany-pt-slucham-wasza-wysokosc-w-wilenskim-teatrze-starym\/","name":"Spektakl improwizowany pt. \u201eS\u0142ucham, Wasza Wysoko\u015b\u0107!\u201d w Wile\u0144skim Teatrze Starym","isPartOf":{"@id":"https:\/\/instytutpolski.pl\/vilnius\/#website"},"primaryImageOfPage":{"@id":"https:\/\/instytutpolski.pl\/vilnius\/pl\/2025\/08\/28\/spektakl-improwizowany-pt-slucham-wasza-wysokosc-w-wilenskim-teatrze-starym\/#primaryimage"},"image":["https:\/\/instytutpolski.pl\/vilnius\/wp-content\/uploads\/sites\/24\/2025\/08\/1748518437-Jusu-didenybe_63_photo_T.Ragimov.jpg","https:\/\/instytutpolski.pl\/vilnius\/wp-content\/uploads\/sites\/24\/2025\/08\/1748518437-Jusu-didenybe_63_photo_T.Ragimov-300x200.jpg","https:\/\/instytutpolski.pl\/vilnius\/wp-content\/uploads\/sites\/24\/2025\/08\/1748518437-Jusu-didenybe_63_photo_T.Ragimov.jpg","https:\/\/instytutpolski.pl\/vilnius\/wp-content\/uploads\/sites\/24\/2025\/08\/1748518437-Jusu-didenybe_63_photo_T.Ragimov.jpg"],"thumbnailUrl":"https:\/\/instytutpolski.pl\/vilnius\/wp-content\/uploads\/sites\/24\/2025\/08\/1748518437-Jusu-didenybe_63_photo_T.Ragimov.jpg","datePublished":"2025-08-28T06:22:38+02:00","dateModified":"2025-09-03T11:42:50+02:00","author":{"@id":"https:\/\/instytutpolski.pl\/vilnius\/#\/schema\/person\/0fe71ab8ff05e4d313f18753e7735a3c"},"breadcrumb":{"@id":"https:\/\/instytutpolski.pl\/vilnius\/pl\/2025\/08\/28\/spektakl-improwizowany-pt-slucham-wasza-wysokosc-w-wilenskim-teatrze-starym\/#breadcrumb"},"inLanguage":"pl-PL","potentialAction":[{"@type":"ReadAction","target":["https:\/\/instytutpolski.pl\/vilnius\/pl\/2025\/08\/28\/spektakl-improwizowany-pt-slucham-wasza-wysokosc-w-wilenskim-teatrze-starym\/"]}],"@context":"https:\/\/schema.org","startDate":"2025-09-10","endDate":"2025-09-13","eventStatus":"EventScheduled","eventAttendanceMode":"OfflineEventAttendanceMode","location":{"@type":"place","name":"","address":"","geo":{"@type":"GeoCoordinates","latitude":"","longitude":""}},"description":"12 wrze\u015bnia br. o godz. 10:00 w Wile\u0144skim Teatrze Starym odb\u0119dzie si\u0119 spektakl improwizowany na podstawie powie\u015bci polskiego pedagoga i pisarza Janusza Korczaka \u201eKr\u00f3l Maciu\u015b Pierwszy\u201d. Przedstawienie w re\u017cyserii Oskara Wyganowskiego b\u0119dzie grane w j\u0119zyku polskim.\nSpektakl w jednym akcie dla dzieci w wieku 6-11 lat.\nCzas trwania: 1:15 godz.\nPremiera spektaklu w j\u0119zyku litewskim odby\u0142a si\u0119 21 maja br. Jesieni\u0105, opr\u00f3cz spektaklu po polsku, planowana jest r\u00f3wnie\u017c premiera sztuki w j\u0119zyku ukrai\u0144skim (11 wrze\u015bnia br.).\nTw\u00f3rcy:\nPomys\u0142odawcy \u2013 Raimondas Klezys, Kamil\u0117 Petru\u0161kevi\u010di\u016bt\u0117, Oskar Wyganowski\nRe\u017cyser \u2013 Oskar Wyganowski\nDramatur\u017cka, autorka inscenizacji \u2013 Edita Rudak\nScenograf \u2013 Oles Makukhin\nKompozytorka \u2013 Kamil\u0117 Petru\u0161kevi\u010di\u016bt\u0117\nAsystentka re\u017cysera \u2013 Tatsiana Belanouskaya \nKierowniczka spektaklu \u2013 Inga Sanakojevait\u0117\nPsycholog-konsultantka \u2013 Natalia Govorun\nAktorzy: Gabriel\u0117 Andru\u0161kevi\u010d, Bo\u017eena Sosnowska i Oskar Wyganowski\n\u201eS\u0142ucham, Wasza Wysoko\u015b\u0107!\u201d \u2013 to interaktywne przedstawienie oparte i zainspirowane powie\u015bci\u0105 z 1922 r. \u201eKr\u00f3l Maciu\u015b Pierwszy\u201d autorstwa Janusza Korczaka \u2013 pedagoga, innowatora, lekarza i obro\u0144cy praw dziecka z pocz\u0105tku XX w. W powie\u015bci Korczak przedstawi\u0142 pa\u0144stwo reformowane przez dziesi\u0119cioletniego w\u0142adc\u0119, kt\u00f3rego \u015bmia\u0142e teorie w praktyce codzienno\u015bci ponios\u0142y jednak fiasko. Ksi\u0105\u017cka jest zarazem: antyutopi\u0105 dla dzieci i dystopi\u0105 dla doros\u0142ych \u2013 tych umiej\u0105cych czyta\u0107 ze zrozumieniem.\nBohaterem spektaklu jest ch\u0142opiec o imieniu Maciu\u015b, kt\u00f3ry niespodziewanie zostaje kr\u00f3lem. Jest nie tylko w\u0142adc\u0105, ale i zwyczajnym dzieckiem, kt\u00f3remu wci\u0105\u017c obce s\u0105 zasady i warto\u015bci \u015bwiata doros\u0142ych. Obejmuj\u0105c w\u0142adz\u0119, Maciu\u015b staje w obliczu dylemat\u00f3w i wyzwa\u0144 \u2013 otacza go bowiem \u015bwiat doros\u0142ych, w kt\u00f3rym powszechna jest niesprawiedliwo\u015b\u0107, w\u0105tpliwe decyzje i puste ambicje. Pragn\u0105c by\u0107 dobrym kr\u00f3lem, nawi\u0105zuje stosunki dyplomatyczne, rozwi\u0105zuje problemy gospodarcze swojego kr\u00f3lestwa i rz\u0105dzi tak, jak potrafi \u2013 po dzieci\u0119cemu. Niestety, s\u0105siednie pa\u0144stwa wykorzystuj\u0105 jego charakterystyczne dla dziecka podej\u015bcie i... wypowiadaj\u0105 mu wojn\u0119.\nPrzedstawienie jest  zaproszeniem do wsp\u00f3lnego tworzenia. Pozwala najbardziej wymagaj\u0105cemu widzowi \u2013 dziecku, nie tylko obserwowa\u0107, ale te\u017c wsp\u00f3lnie z g\u0142\u00f3wnym bohaterem podejmowa\u0107 decyzje, uczy\u0107 si\u0119 postaw obywatelskich i bra\u0107 odpowiedzialno\u015b\u0107 za wcze\u015bniejsze decyzje. Spektakl nie ma z g\u00f3ry ustalonej fabu\u0142y \u2013 zmienia si\u0119 w zale\u017cno\u015bci od wybor\u00f3w widz\u00f3w. Zar\u00f3wno dzieci, jak i ich rodzice czy opiekunowie staj\u0105 si\u0119 re\u017cyserami przedstawienia.\nPrzedstawienienie pt. \u201eS\u0142ucham, Wasza Wysoko\u015b\u0107!\u201d powsta\u0142o w ramach konkursu \u201eOtwarte Przestrzenie\u201d, w kt\u00f3rym w 2023 r. praca Oskara Wyganowskiego, Kamil\u0117 Petru\u0161kevi\u010di\u016bt\u0117 i Raimondasa Klezysa zdoby\u0142a pierwsze miejsce.\n\u201eChcieli\u015bmy stworzy\u0107 interaktywny spektakl, w kt\u00f3rym dzieci poczu\u0142yby moc kierowania aktorami i ca\u0142ym przebiegiem wydarze\u0144 na scenie. Powie\u015b\u0107 Korczaka doskonale s\u0142u\u017cy temu, aby uczy\u0107 m\u0142odego widza odpowiedzialno\u015bci za w\u0142asne dzia\u0142ania.\u201d \u2013 m\u00f3wi Oskar Wyganowski.\nPartnerem premiery spektaklu w j\u0119zyku polskim jest Instytut Polski w Wilnie.\nWi\u0119cej informacji oraz bilety: \u201eS\u0142ucham, Wasza Wysoko\u015b\u0107!\u201d\n*\nPowie\u015b\u0107 \u201eKr\u00f3l Maciu\u015b Pierwszy\u201d Janusza Korczaka to klasyka polskiej literatury dzieci\u0119cej. Opowiada ona o ma\u0142ym ch\u0142opcu, kt\u00f3ry zostaje kr\u00f3lem-reformatorem. Pocz\u0105tkowo zwi\u0105zany dworsk\u0105 etykiet\u0105 i uzale\u017cniony od ministr\u00f3w, z czasem wybija si\u0119 na samodzielno\u015b\u0107. Wprowadza reformy, kt\u00f3re maj\u0105 uczyni\u0107 szcz\u0119\u015bliwymi wszystkie dzieci na \u015bwiecie. Gdy w kraju wybucha wojna, przebiera si\u0119 za zwyk\u0142ego \u017co\u0142nierza i wyrusza na front. Tam uczy si\u0119 pokory, szacunku dla \u017cycia, a jednocze\u015bnie bycia wytrwa\u0142ym i opanowanym w ka\u017cdej sytuacji. Chce ponadto dowie\u015b\u0107, \u017ce jest odwa\u017cny jak jego przodkowie.\nDalsz\u0105 cz\u0119\u015b\u0107 przyg\u00f3d ma\u0142ego w\u0142adcy-reformatora Korczak opisa\u0142 w ksi\u0105\u017cce \u201eKr\u00f3l Maciu\u015b na wyspie bezludnej\u201d.\nLekarz, pedagog, pisarz, publicysta i dzia\u0142acz spo\u0142eczny Janusz Korczak (w\u0142a\u015bciwe imi\u0119 i nazwisko Henryk Goldszmit) urodzi\u0142 si\u0119 22 lipca 1878 r. lub 1879 r. w Warszawie. Zgin\u0105\u0142 prawdopodobnie 7 sierpnia 1942 r. w Treblince. Pochodzi\u0142 ze spolonizowanej rodziny Goldszmit\u00f3w.\nPrzeszed\u0142 do historii pedagogiki, jako niezwyk\u0142y tw\u00f3rca systemu wychowania dzieci w duchu szacunku, ale i my\u015blenia samodzielnego. By\u0142 r\u00f3wnie znakomitym pediatr\u0105 oraz tw\u00f3rc\u0105 literackim, a przy tym \u2013 osob\u0105 wybitnie zas\u0142u\u017con\u0105 w walce o prawa dziecka.\nPozostawi\u0142 po sobie bogat\u0105 spu\u015bcizn\u0119 literack\u0105. Swoje pogl\u0105dy na temat pedagogiki zawar\u0142 przede wszystkim w dzie\u0142ach \u201eJak kocha\u0107 dziecko\u201d,  \u201ePrawo dziecka do szacunku\u201d i \u201eMomenty wychowawcze\u201d. W\u015br\u00f3d jego utwor\u00f3w skierowanych do dzieci najbardziej znane to: ksi\u0105\u017cki o przygodach Kr\u00f3la Maciusia Pierwszy, \u201eBankructwo ma\u0142ego D\u017ceka\u201d, \u201eKajtu\u015b czarodziej\u201d i \u201eKiedy zn\u00f3w b\u0119d\u0119 ma\u0142y\u201d. Ponadto by\u0142 autorem powie\u015bci o tematyce spo\u0142ecznej takich jak \u201eDzieci ulicy\u201d czy \u201eDziecko salonu\u201d, a tak\u017ce innych utwor\u00f3w, m.in. \u201eKosza\u0142k\u00f3w opa\u0142k\u00f3w\u201d, \u201eSam na sam z Bogiem\u201d oraz dramat\u00f3w, z kt\u00f3rych zachowa\u0142 si\u0119 tylko jeden: \u201eSenat szale\u0144c\u00f3w\u201d, wystawiony w teatrze Ateneum przez Stefana Jaracza w 1931 r.\nFot. Telman Ragimov"},{"@type":"ImageObject","inLanguage":"pl-PL","@id":"https:\/\/instytutpolski.pl\/vilnius\/pl\/2025\/08\/28\/spektakl-improwizowany-pt-slucham-wasza-wysokosc-w-wilenskim-teatrze-starym\/#primaryimage","url":"https:\/\/instytutpolski.pl\/vilnius\/wp-content\/uploads\/sites\/24\/2025\/08\/1748518437-Jusu-didenybe_63_photo_T.Ragimov.jpg","contentUrl":"https:\/\/instytutpolski.pl\/vilnius\/wp-content\/uploads\/sites\/24\/2025\/08\/1748518437-Jusu-didenybe_63_photo_T.Ragimov.jpg","width":1000,"height":666},{"@type":"BreadcrumbList","@id":"https:\/\/instytutpolski.pl\/vilnius\/pl\/2025\/08\/28\/spektakl-improwizowany-pt-slucham-wasza-wysokosc-w-wilenskim-teatrze-starym\/#breadcrumb","itemListElement":[{"@type":"ListItem","position":1,"name":"Home","item":"https:\/\/instytutpolski.pl\/vilnius\/"},{"@type":"ListItem","position":2,"name":"Spektakl improwizowany pt. \u201eS\u0142ucham, Wasza Wysoko\u015b\u0107!\u201d w Wile\u0144skim Teatrze Starym"}]},{"@type":"WebSite","@id":"https:\/\/instytutpolski.pl\/vilnius\/#website","url":"https:\/\/instytutpolski.pl\/vilnius\/","name":"Instytut Polski w Wilnie","description":"Instytuty Polskie","potentialAction":[{"@type":"SearchAction","target":{"@type":"EntryPoint","urlTemplate":"https:\/\/instytutpolski.pl\/vilnius\/?s={search_term_string}"},"query-input":{"@type":"PropertyValueSpecification","valueRequired":true,"valueName":"search_term_string"}}],"inLanguage":"pl-PL"},{"@type":"Person","@id":"https:\/\/instytutpolski.pl\/vilnius\/#\/schema\/person\/0fe71ab8ff05e4d313f18753e7735a3c","name":"strielkunasr","image":{"@type":"ImageObject","inLanguage":"pl-PL","@id":"https:\/\/instytutpolski.pl\/vilnius\/#\/schema\/person\/image\/","url":"https:\/\/secure.gravatar.com\/avatar\/1f685238784360c3347cf65c78e0c870?s=96&d=mm&r=g","contentUrl":"https:\/\/secure.gravatar.com\/avatar\/1f685238784360c3347cf65c78e0c870?s=96&d=mm&r=g","caption":"strielkunasr"},"url":"https:\/\/instytutpolski.pl\/vilnius\/author\/strielkunasr\/"}]}},"_links":{"self":[{"href":"https:\/\/instytutpolski.pl\/vilnius\/wp-json\/wp\/v2\/posts\/7810","targetHints":{"allow":["GET"]}}],"collection":[{"href":"https:\/\/instytutpolski.pl\/vilnius\/wp-json\/wp\/v2\/posts"}],"about":[{"href":"https:\/\/instytutpolski.pl\/vilnius\/wp-json\/wp\/v2\/types\/post"}],"author":[{"embeddable":true,"href":"https:\/\/instytutpolski.pl\/vilnius\/wp-json\/wp\/v2\/users\/179"}],"replies":[{"embeddable":true,"href":"https:\/\/instytutpolski.pl\/vilnius\/wp-json\/wp\/v2\/comments?post=7810"}],"version-history":[{"count":5,"href":"https:\/\/instytutpolski.pl\/vilnius\/wp-json\/wp\/v2\/posts\/7810\/revisions"}],"predecessor-version":[{"id":7914,"href":"https:\/\/instytutpolski.pl\/vilnius\/wp-json\/wp\/v2\/posts\/7810\/revisions\/7914"}],"wp:featuredmedia":[{"embeddable":true,"href":"https:\/\/instytutpolski.pl\/vilnius\/wp-json\/wp\/v2\/media\/7812"}],"wp:attachment":[{"href":"https:\/\/instytutpolski.pl\/vilnius\/wp-json\/wp\/v2\/media?parent=7810"}],"wp:term":[{"taxonomy":"category","embeddable":true,"href":"https:\/\/instytutpolski.pl\/vilnius\/wp-json\/wp\/v2\/categories?post=7810"},{"taxonomy":"post_tag","embeddable":true,"href":"https:\/\/instytutpolski.pl\/vilnius\/wp-json\/wp\/v2\/tags?post=7810"}],"curies":[{"name":"wp","href":"https:\/\/api.w.org\/{rel}","templated":true}]}}