{"id":7895,"date":"2025-09-01T10:47:25","date_gmt":"2025-09-01T08:47:25","guid":{"rendered":"https:\/\/instytutpolski.pl\/vilnius\/?p=7895"},"modified":"2025-09-01T11:03:02","modified_gmt":"2025-09-01T09:03:02","slug":"wystawa-fotograficzna-koronacja","status":"publish","type":"post","link":"https:\/\/instytutpolski.pl\/vilnius\/pl\/2025\/09\/01\/wystawa-fotograficzna-koronacja\/","title":{"rendered":"Wystawa fotograficzna \u201eKoronacja\u201d"},"content":{"rendered":"\n<p>28 08 \u2013 08 09 2025 Hotel Radisson Collection Astorija (ul. Did\u017eioji 35\/2, Wilno)<\/p>\n\n\n\n<p>28 08 \u2013 19 09 2025\u00a0Dom Kultury Polskiej w Wilnie (ul. Naugarduko 76)<\/p>\n\n\n\n<div style=\"height:33px\" aria-hidden=\"true\" class=\"wp-block-spacer\"><\/div>\n\n\n\n<p>Projekt \u201eKoronacja\u201d realizowany przez polsk\u0105 projektantk\u0119 mody, kostiumografk\u0119 i charakteryzatork\u0119 <a href=\"https:\/\/www.facebook.com\/beata.bojda.3\" target=\"_blank\" rel=\"noreferrer noopener\">Beat\u0119 Bojd\u0119<\/a> we wsp\u00f3\u0142pracy z\u00a0<a href=\"https:\/\/fundacjastrefakobiet.pl\/\" target=\"_blank\" rel=\"noreferrer noopener\">Fundacj\u0105 Strefa Kobiet<\/a>\u00a0i jest dedykowany kobietom zmagaj\u0105cym si\u0119 z chorobami onkologicznymi.<\/p>\n\n\n\n<p>W roli modelek \u2013 ambasadorek projektu \u201eKoronacja\u201d, wyst\u0105pi\u0142y kobiety chore na raka. Zar\u00f3wno te, kt\u00f3rym uda\u0142o si\u0119 zwyci\u0119\u017cy\u0107, jaki i te, kt\u00f3re nadal s\u0105 w terapii i ka\u017cdego dnia walcz\u0105 nie tylko o swoje marzenia, ale o i swoje \u017cycie. Akt koronacji to przekazanie wszystkim bohaterkom projektu wiary, nadziei i mi\u0142o\u015bci, otulenie ich wsparciem i podkre\u015blenie tego, \u017ce choroba nie odbiera im pi\u0119kna i mocy. Przeskalowane korony z r\u0119cznie robionych przez projektantk\u0119 Beat\u0119 Bojd\u0119 krepinowych kwiat\u00f3w s\u0105 unikatow\u0105 kompozycj\u0105 si\u0142y insygni\u00f3w kr\u00f3lewskich oraz delikatno\u015bci i krucho\u015bci materia\u0142u z kt\u00f3rego powsta\u0142y.<\/p>\n\n\n\n<p>Celem nadrz\u0119dnym, kt\u00f3ry przy\u015bwieca\u0142 od samego pocz\u0105tku pracy przy \u201eKoronacji\u201d jest afirmacja zdrowia i \u017cycia oraz zbi\u00f3rka \u015brodk\u00f3w pieni\u0119\u017cnych na podejmowanie dzia\u0142a\u0144 profilaktycznych i kontynuowanie misji.<\/p>\n\n\n\n<p>W ramach profilaktyki Raka Piersi bezp\u0142atne badania mammograficzne b\u0119d\u0105 wykonywane w dniach 30 sierpnia \u2013 3 wrze\u015bnia na placu V. Kudirki w Wilnie\u00a0(<a href=\"https:\/\/l.facebook.com\/l.php?u=https%3A%2F%2Felle.lt%2Fserija%2Fvfw-socialine-kampanija%2F%3Ffbclid%3DIwZXh0bgNhZW0CMTAAYnJpZBEwV0dERUwzZVpaZkhjQkQzdwEek4S1Zk_r0z1VX_Jb1VgKfv8euuSo00P5Qqim-Ctouv8_iDkbSl9hZ5tBzNs_aem_YlX_UtIVgxO31cmJxRFFnQ&amp;h=AT0VXeaXro-t_WIeQGxR_qCTyfSGfA5NAaYKq-BGoFLu2Vs43iMuNOBLi4yXaHrMGITO_-S9CC4rxZuyRZNXmbXUybiOEtO8ax4GwiaML-FE-MTu9RqmK9uOIQkvY3sCC7Rf6S8dLqXnw-OA&amp;__tn__=-UK-R&amp;c%5b0%5d=AT0wNquny7czwS5mBbjlhARnMGNiKQ4KCuZpPmawfMRuEc_VhnnDwPQK5_bAbnohtfiRLHhez-3MPFIpWHE8RbxfrTaCAj3K4rh14AHKT3vZPl49USOO3s-THZG8xlUSN9SlPlPCges4Bl5Hn2hPGMSvk5UmTrmNdHipLW6kNaYwcMTJdxB4zOJ_JmJPj-myymRxgWvwoNHYaDSXx0ks7rCI\" target=\"_blank\" rel=\"noreferrer noopener\">elle.lt\/serija\/vfw-socialine-kampanija<\/a>).<\/p>\n\n\n\n<p>Dbajmy o swoje zdrowie i badajmy si\u0119!<\/p>\n\n\n\n<div style=\"height:31px\" aria-hidden=\"true\" class=\"wp-block-spacer\"><\/div>\n\n\n\n<p>Organizatorzy projektu na Litwie: <a href=\"https:\/\/www.facebook.com\/profile.php?id=61562530127571\" target=\"_blank\" rel=\"noreferrer noopener\">Vilnius Fashion Week<\/a>, <a href=\"https:\/\/www.iwavilnius.com\/blossom-of-hope\" target=\"_blank\" rel=\"noreferrer noopener\">Blossom of Hope<\/a> i Ambasada RP w Wilnie.<\/p>\n\n\n\n<p>Organizatorzy projektu: Beata Bojda, Fundacja Strefa Kobiet.<\/p>\n\n\n\n<p>Partnerzy:\u00a0Instytut Polski w Wilnie, Wojew\u00f3dztwo \u015al\u0105skie, Muzeum \u015al\u0105skie, kosmetyki AFFECT, Hotel Radisson Collection Astorija Vilnius, Dom Kultury Polskiej w Wilnie, Bielsko-Bia\u0142a Polish Capital of Culture 2026.<\/p>\n","protected":false},"excerpt":{"rendered":"<p>28 08 \u2013 08 09 2025 Hotel Radisson Collection Astorija (ul. Did\u017eioji 35\/2, Wilno) 28 08 \u2013 19 09 2025\u00a0Dom Kultury Polskiej w Wilnie (ul. Naugarduko 76) Projekt \u201eKoronacja\u201d realizowany przez polsk\u0105 projektantk\u0119 mody, kostiumografk\u0119 i charakteryzatork\u0119 Beat\u0119 Bojd\u0119 we wsp\u00f3\u0142pracy z\u00a0Fundacj\u0105 Strefa Kobiet\u00a0i jest dedykowany kobietom zmagaj\u0105cym si\u0119 z chorobami onkologicznymi. W roli modelek [&hellip;]<\/p>\n","protected":false},"author":179,"featured_media":7891,"comment_status":"open","ping_status":"open","sticky":false,"template":"","format":"standard","meta":{"inline_featured_image":false,"_monsterinsights_skip_tracking":false,"_monsterinsights_sitenote_active":false,"_monsterinsights_sitenote_note":"","_monsterinsights_sitenote_category":0,"footnotes":""},"categories":[36,45,95,53],"tags":[],"class_list":["post-7895","post","type-post","status-publish","format-standard","has-post-thumbnail","hentry","category-aktualnosci","category-inne","category-wydarzenia","category-wystawy"],"yoast_head":"<!-- This site is optimized with the Yoast SEO plugin v24.6 - https:\/\/yoast.com\/wordpress\/plugins\/seo\/ -->\n<title>Wystawa fotograficzna \u201eKoronacja\u201d - Instytut Polski w Wilnie<\/title>\n<meta name=\"robots\" content=\"index, follow, max-snippet:-1, max-image-preview:large, max-video-preview:-1\" \/>\n<link rel=\"canonical\" href=\"https:\/\/instytutpolski.pl\/vilnius\/pl\/2025\/09\/01\/wystawa-fotograficzna-koronacja\/\" \/>\n<meta property=\"og:locale\" content=\"pl_PL\" \/>\n<meta property=\"og:type\" content=\"article\" \/>\n<meta property=\"og:title\" content=\"Wystawa fotograficzna \u201eKoronacja\u201d - Instytut Polski w Wilnie\" \/>\n<meta property=\"og:description\" content=\"28 08 \u2013 08 09 2025 Hotel Radisson Collection Astorija (ul. Did\u017eioji 35\/2, Wilno) 28 08 \u2013 19 09 2025\u00a0Dom Kultury Polskiej w Wilnie (ul. Naugarduko 76) Projekt \u201eKoronacja\u201d realizowany przez polsk\u0105 projektantk\u0119 mody, kostiumografk\u0119 i charakteryzatork\u0119 Beat\u0119 Bojd\u0119 we wsp\u00f3\u0142pracy z\u00a0Fundacj\u0105 Strefa Kobiet\u00a0i jest dedykowany kobietom zmagaj\u0105cym si\u0119 z chorobami onkologicznymi. W roli modelek [&hellip;]\" \/>\n<meta property=\"og:url\" content=\"https:\/\/instytutpolski.pl\/vilnius\/pl\/2025\/09\/01\/wystawa-fotograficzna-koronacja\/\" \/>\n<meta property=\"og:site_name\" content=\"Instytut Polski w Wilnie\" \/>\n<meta property=\"article:published_time\" content=\"2025-09-01T08:47:25+00:00\" \/>\n<meta property=\"article:modified_time\" content=\"2025-09-01T09:03:02+00:00\" \/>\n<meta property=\"og:image\" content=\"https:\/\/instytutpolski.pl\/vilnius\/wp-content\/uploads\/sites\/24\/2025\/09\/karunavimas-scaled.jpg\" \/>\n\t<meta property=\"og:image:width\" content=\"2560\" \/>\n\t<meta property=\"og:image:height\" content=\"1195\" \/>\n\t<meta property=\"og:image:type\" content=\"image\/jpeg\" \/>\n<meta name=\"author\" content=\"strielkunasr\" \/>\n<meta name=\"twitter:card\" content=\"summary_large_image\" \/>\n<meta name=\"twitter:label1\" content=\"Napisane przez\" \/>\n\t<meta name=\"twitter:data1\" content=\"strielkunasr\" \/>\n\t<meta name=\"twitter:label2\" content=\"Szacowany czas czytania\" \/>\n\t<meta name=\"twitter:data2\" content=\"2 minuty\" \/>\n<script type=\"application\/ld+json\" class=\"yoast-schema-graph\">{\"@context\":\"https:\/\/schema.org\",\"@graph\":[{\"@type\":\"event\",\"@id\":\"https:\/\/instytutpolski.pl\/vilnius\/pl\/2025\/09\/01\/wystawa-fotograficzna-koronacja\/\",\"url\":\"https:\/\/instytutpolski.pl\/vilnius\/pl\/2025\/09\/01\/wystawa-fotograficzna-koronacja\/\",\"name\":\"Wystawa fotograficzna \u201eKoronacja\u201d\",\"isPartOf\":{\"@id\":\"https:\/\/instytutpolski.pl\/vilnius\/#website\"},\"primaryImageOfPage\":{\"@id\":\"https:\/\/instytutpolski.pl\/vilnius\/pl\/2025\/09\/01\/wystawa-fotograficzna-koronacja\/#primaryimage\"},\"image\":[\"https:\/\/instytutpolski.pl\/vilnius\/wp-content\/uploads\/sites\/24\/2025\/09\/karunavimas-scaled.jpg\",\"https:\/\/instytutpolski.pl\/vilnius\/wp-content\/uploads\/sites\/24\/2025\/09\/karunavimas-300x140.jpg\",\"https:\/\/instytutpolski.pl\/vilnius\/wp-content\/uploads\/sites\/24\/2025\/09\/karunavimas-1024x478.jpg\",\"https:\/\/instytutpolski.pl\/vilnius\/wp-content\/uploads\/sites\/24\/2025\/09\/karunavimas-scaled.jpg\"],\"thumbnailUrl\":\"https:\/\/instytutpolski.pl\/vilnius\/wp-content\/uploads\/sites\/24\/2025\/09\/karunavimas-scaled.jpg\",\"datePublished\":\"2025-09-01T08:47:25+02:00\",\"dateModified\":\"2025-09-01T09:03:02+02:00\",\"author\":{\"@id\":\"https:\/\/instytutpolski.pl\/vilnius\/#\/schema\/person\/0fe71ab8ff05e4d313f18753e7735a3c\"},\"breadcrumb\":{\"@id\":\"https:\/\/instytutpolski.pl\/vilnius\/pl\/2025\/09\/01\/wystawa-fotograficzna-koronacja\/#breadcrumb\"},\"inLanguage\":\"pl-PL\",\"potentialAction\":[{\"@type\":\"ReadAction\",\"target\":[\"https:\/\/instytutpolski.pl\/vilnius\/pl\/2025\/09\/01\/wystawa-fotograficzna-koronacja\/\"]}],\"@context\":\"https:\/\/schema.org\",\"startDate\":\"2025-08-28\",\"endDate\":\"2025-09-19\",\"eventStatus\":\"EventScheduled\",\"eventAttendanceMode\":\"OfflineEventAttendanceMode\",\"location\":{\"@type\":\"place\",\"name\":\"\",\"address\":\"\",\"geo\":{\"@type\":\"GeoCoordinates\",\"latitude\":\"\",\"longitude\":\"\"}},\"description\":\"28 08 \u2013 08 09 2025 Hotel Radisson Collection Astorija (ul. Did\u017eioji 35\/2, Wilno)\\n28 08 \u2013 19 09 2025\u00a0Dom Kultury Polskiej w Wilnie (ul. Naugarduko 76)\\nProjekt \u201eKoronacja\u201d realizowany przez polsk\u0105 projektantk\u0119 mody, kostiumografk\u0119 i charakteryzatork\u0119 Beat\u0119 Bojd\u0119 we wsp\u00f3\u0142pracy z\u00a0Fundacj\u0105 Strefa Kobiet\u00a0i jest dedykowany kobietom zmagaj\u0105cym si\u0119 z chorobami onkologicznymi.\\nW roli modelek \u2013 ambasadorek projektu \u201eKoronacja\u201d, wyst\u0105pi\u0142y kobiety chore na raka. Zar\u00f3wno te, kt\u00f3rym uda\u0142o si\u0119 zwyci\u0119\u017cy\u0107, jaki i te, kt\u00f3re nadal s\u0105 w terapii i ka\u017cdego dnia walcz\u0105 nie tylko o swoje marzenia, ale o i swoje \u017cycie. Akt koronacji to przekazanie wszystkim bohaterkom projektu wiary, nadziei i mi\u0142o\u015bci, otulenie ich wsparciem i podkre\u015blenie tego, \u017ce choroba nie odbiera im pi\u0119kna i mocy. Przeskalowane korony z r\u0119cznie robionych przez projektantk\u0119 Beat\u0119 Bojd\u0119 krepinowych kwiat\u00f3w s\u0105 unikatow\u0105 kompozycj\u0105 si\u0142y insygni\u00f3w kr\u00f3lewskich oraz delikatno\u015bci i krucho\u015bci materia\u0142u z kt\u00f3rego powsta\u0142y.\\nCelem nadrz\u0119dnym, kt\u00f3ry przy\u015bwieca\u0142 od samego pocz\u0105tku pracy przy \u201eKoronacji\u201d jest afirmacja zdrowia i \u017cycia oraz zbi\u00f3rka \u015brodk\u00f3w pieni\u0119\u017cnych na podejmowanie dzia\u0142a\u0144 profilaktycznych i kontynuowanie misji.\\nW ramach profilaktyki Raka Piersi bezp\u0142atne badania mammograficzne b\u0119d\u0105 wykonywane w dniach 30 sierpnia \u2013 3 wrze\u015bnia na placu V. Kudirki w Wilnie\u00a0(elle.lt\/serija\/vfw-socialine-kampanija).\\nDbajmy o swoje zdrowie i badajmy si\u0119!\\nOrganizatorzy projektu na Litwie: Vilnius Fashion Week, Blossom of Hope i Ambasada RP w Wilnie.\\nOrganizatorzy projektu: Beata Bojda, Fundacja Strefa Kobiet.\\nPartnerzy:\u00a0Instytut Polski w Wilnie, Wojew\u00f3dztwo \u015al\u0105skie, Muzeum \u015al\u0105skie, kosmetyki AFFECT, Hotel Radisson Collection Astorija Vilnius, Dom Kultury Polskiej w Wilnie, Bielsko-Bia\u0142a Polish Capital of Culture 2026.\"},{\"@type\":\"ImageObject\",\"inLanguage\":\"pl-PL\",\"@id\":\"https:\/\/instytutpolski.pl\/vilnius\/pl\/2025\/09\/01\/wystawa-fotograficzna-koronacja\/#primaryimage\",\"url\":\"https:\/\/instytutpolski.pl\/vilnius\/wp-content\/uploads\/sites\/24\/2025\/09\/karunavimas-scaled.jpg\",\"contentUrl\":\"https:\/\/instytutpolski.pl\/vilnius\/wp-content\/uploads\/sites\/24\/2025\/09\/karunavimas-scaled.jpg\",\"width\":2560,\"height\":1195},{\"@type\":\"BreadcrumbList\",\"@id\":\"https:\/\/instytutpolski.pl\/vilnius\/pl\/2025\/09\/01\/wystawa-fotograficzna-koronacja\/#breadcrumb\",\"itemListElement\":[{\"@type\":\"ListItem\",\"position\":1,\"name\":\"Home\",\"item\":\"https:\/\/instytutpolski.pl\/vilnius\/\"},{\"@type\":\"ListItem\",\"position\":2,\"name\":\"Wystawa fotograficzna \u201eKoronacja\u201d\"}]},{\"@type\":\"WebSite\",\"@id\":\"https:\/\/instytutpolski.pl\/vilnius\/#website\",\"url\":\"https:\/\/instytutpolski.pl\/vilnius\/\",\"name\":\"Instytut Polski w Wilnie\",\"description\":\"Instytuty Polskie\",\"potentialAction\":[{\"@type\":\"SearchAction\",\"target\":{\"@type\":\"EntryPoint\",\"urlTemplate\":\"https:\/\/instytutpolski.pl\/vilnius\/?s={search_term_string}\"},\"query-input\":{\"@type\":\"PropertyValueSpecification\",\"valueRequired\":true,\"valueName\":\"search_term_string\"}}],\"inLanguage\":\"pl-PL\"},{\"@type\":\"Person\",\"@id\":\"https:\/\/instytutpolski.pl\/vilnius\/#\/schema\/person\/0fe71ab8ff05e4d313f18753e7735a3c\",\"name\":\"strielkunasr\",\"image\":{\"@type\":\"ImageObject\",\"inLanguage\":\"pl-PL\",\"@id\":\"https:\/\/instytutpolski.pl\/vilnius\/#\/schema\/person\/image\/\",\"url\":\"https:\/\/secure.gravatar.com\/avatar\/1f685238784360c3347cf65c78e0c870?s=96&d=mm&r=g\",\"contentUrl\":\"https:\/\/secure.gravatar.com\/avatar\/1f685238784360c3347cf65c78e0c870?s=96&d=mm&r=g\",\"caption\":\"strielkunasr\"},\"url\":\"https:\/\/instytutpolski.pl\/vilnius\/author\/strielkunasr\/\"}]}<\/script>\n<!-- \/ Yoast SEO plugin. -->","yoast_head_json":{"title":"Wystawa fotograficzna \u201eKoronacja\u201d - Instytut Polski w Wilnie","robots":{"index":"index","follow":"follow","max-snippet":"max-snippet:-1","max-image-preview":"max-image-preview:large","max-video-preview":"max-video-preview:-1"},"canonical":"https:\/\/instytutpolski.pl\/vilnius\/pl\/2025\/09\/01\/wystawa-fotograficzna-koronacja\/","og_locale":"pl_PL","og_type":"article","og_title":"Wystawa fotograficzna \u201eKoronacja\u201d - Instytut Polski w Wilnie","og_description":"28 08 \u2013 08 09 2025 Hotel Radisson Collection Astorija (ul. Did\u017eioji 35\/2, Wilno) 28 08 \u2013 19 09 2025\u00a0Dom Kultury Polskiej w Wilnie (ul. Naugarduko 76) Projekt \u201eKoronacja\u201d realizowany przez polsk\u0105 projektantk\u0119 mody, kostiumografk\u0119 i charakteryzatork\u0119 Beat\u0119 Bojd\u0119 we wsp\u00f3\u0142pracy z\u00a0Fundacj\u0105 Strefa Kobiet\u00a0i jest dedykowany kobietom zmagaj\u0105cym si\u0119 z chorobami onkologicznymi. W roli modelek [&hellip;]","og_url":"https:\/\/instytutpolski.pl\/vilnius\/pl\/2025\/09\/01\/wystawa-fotograficzna-koronacja\/","og_site_name":"Instytut Polski w Wilnie","article_published_time":"2025-09-01T08:47:25+00:00","article_modified_time":"2025-09-01T09:03:02+00:00","og_image":[{"width":2560,"height":1195,"url":"https:\/\/instytutpolski.pl\/vilnius\/wp-content\/uploads\/sites\/24\/2025\/09\/karunavimas-scaled.jpg","type":"image\/jpeg"}],"author":"strielkunasr","twitter_card":"summary_large_image","twitter_misc":{"Napisane przez":"strielkunasr","Szacowany czas czytania":"2 minuty"},"schema":{"@context":"https:\/\/schema.org","@graph":[{"@type":"event","@id":"https:\/\/instytutpolski.pl\/vilnius\/pl\/2025\/09\/01\/wystawa-fotograficzna-koronacja\/","url":"https:\/\/instytutpolski.pl\/vilnius\/pl\/2025\/09\/01\/wystawa-fotograficzna-koronacja\/","name":"Wystawa fotograficzna \u201eKoronacja\u201d","isPartOf":{"@id":"https:\/\/instytutpolski.pl\/vilnius\/#website"},"primaryImageOfPage":{"@id":"https:\/\/instytutpolski.pl\/vilnius\/pl\/2025\/09\/01\/wystawa-fotograficzna-koronacja\/#primaryimage"},"image":["https:\/\/instytutpolski.pl\/vilnius\/wp-content\/uploads\/sites\/24\/2025\/09\/karunavimas-scaled.jpg","https:\/\/instytutpolski.pl\/vilnius\/wp-content\/uploads\/sites\/24\/2025\/09\/karunavimas-300x140.jpg","https:\/\/instytutpolski.pl\/vilnius\/wp-content\/uploads\/sites\/24\/2025\/09\/karunavimas-1024x478.jpg","https:\/\/instytutpolski.pl\/vilnius\/wp-content\/uploads\/sites\/24\/2025\/09\/karunavimas-scaled.jpg"],"thumbnailUrl":"https:\/\/instytutpolski.pl\/vilnius\/wp-content\/uploads\/sites\/24\/2025\/09\/karunavimas-scaled.jpg","datePublished":"2025-09-01T08:47:25+02:00","dateModified":"2025-09-01T09:03:02+02:00","author":{"@id":"https:\/\/instytutpolski.pl\/vilnius\/#\/schema\/person\/0fe71ab8ff05e4d313f18753e7735a3c"},"breadcrumb":{"@id":"https:\/\/instytutpolski.pl\/vilnius\/pl\/2025\/09\/01\/wystawa-fotograficzna-koronacja\/#breadcrumb"},"inLanguage":"pl-PL","potentialAction":[{"@type":"ReadAction","target":["https:\/\/instytutpolski.pl\/vilnius\/pl\/2025\/09\/01\/wystawa-fotograficzna-koronacja\/"]}],"@context":"https:\/\/schema.org","startDate":"2025-08-28","endDate":"2025-09-19","eventStatus":"EventScheduled","eventAttendanceMode":"OfflineEventAttendanceMode","location":{"@type":"place","name":"","address":"","geo":{"@type":"GeoCoordinates","latitude":"","longitude":""}},"description":"28 08 \u2013 08 09 2025 Hotel Radisson Collection Astorija (ul. Did\u017eioji 35\/2, Wilno)\n28 08 \u2013 19 09 2025\u00a0Dom Kultury Polskiej w Wilnie (ul. Naugarduko 76)\nProjekt \u201eKoronacja\u201d realizowany przez polsk\u0105 projektantk\u0119 mody, kostiumografk\u0119 i charakteryzatork\u0119 Beat\u0119 Bojd\u0119 we wsp\u00f3\u0142pracy z\u00a0Fundacj\u0105 Strefa Kobiet\u00a0i jest dedykowany kobietom zmagaj\u0105cym si\u0119 z chorobami onkologicznymi.\nW roli modelek \u2013 ambasadorek projektu \u201eKoronacja\u201d, wyst\u0105pi\u0142y kobiety chore na raka. Zar\u00f3wno te, kt\u00f3rym uda\u0142o si\u0119 zwyci\u0119\u017cy\u0107, jaki i te, kt\u00f3re nadal s\u0105 w terapii i ka\u017cdego dnia walcz\u0105 nie tylko o swoje marzenia, ale o i swoje \u017cycie. Akt koronacji to przekazanie wszystkim bohaterkom projektu wiary, nadziei i mi\u0142o\u015bci, otulenie ich wsparciem i podkre\u015blenie tego, \u017ce choroba nie odbiera im pi\u0119kna i mocy. Przeskalowane korony z r\u0119cznie robionych przez projektantk\u0119 Beat\u0119 Bojd\u0119 krepinowych kwiat\u00f3w s\u0105 unikatow\u0105 kompozycj\u0105 si\u0142y insygni\u00f3w kr\u00f3lewskich oraz delikatno\u015bci i krucho\u015bci materia\u0142u z kt\u00f3rego powsta\u0142y.\nCelem nadrz\u0119dnym, kt\u00f3ry przy\u015bwieca\u0142 od samego pocz\u0105tku pracy przy \u201eKoronacji\u201d jest afirmacja zdrowia i \u017cycia oraz zbi\u00f3rka \u015brodk\u00f3w pieni\u0119\u017cnych na podejmowanie dzia\u0142a\u0144 profilaktycznych i kontynuowanie misji.\nW ramach profilaktyki Raka Piersi bezp\u0142atne badania mammograficzne b\u0119d\u0105 wykonywane w dniach 30 sierpnia \u2013 3 wrze\u015bnia na placu V. Kudirki w Wilnie\u00a0(elle.lt\/serija\/vfw-socialine-kampanija).\nDbajmy o swoje zdrowie i badajmy si\u0119!\nOrganizatorzy projektu na Litwie: Vilnius Fashion Week, Blossom of Hope i Ambasada RP w Wilnie.\nOrganizatorzy projektu: Beata Bojda, Fundacja Strefa Kobiet.\nPartnerzy:\u00a0Instytut Polski w Wilnie, Wojew\u00f3dztwo \u015al\u0105skie, Muzeum \u015al\u0105skie, kosmetyki AFFECT, Hotel Radisson Collection Astorija Vilnius, Dom Kultury Polskiej w Wilnie, Bielsko-Bia\u0142a Polish Capital of Culture 2026."},{"@type":"ImageObject","inLanguage":"pl-PL","@id":"https:\/\/instytutpolski.pl\/vilnius\/pl\/2025\/09\/01\/wystawa-fotograficzna-koronacja\/#primaryimage","url":"https:\/\/instytutpolski.pl\/vilnius\/wp-content\/uploads\/sites\/24\/2025\/09\/karunavimas-scaled.jpg","contentUrl":"https:\/\/instytutpolski.pl\/vilnius\/wp-content\/uploads\/sites\/24\/2025\/09\/karunavimas-scaled.jpg","width":2560,"height":1195},{"@type":"BreadcrumbList","@id":"https:\/\/instytutpolski.pl\/vilnius\/pl\/2025\/09\/01\/wystawa-fotograficzna-koronacja\/#breadcrumb","itemListElement":[{"@type":"ListItem","position":1,"name":"Home","item":"https:\/\/instytutpolski.pl\/vilnius\/"},{"@type":"ListItem","position":2,"name":"Wystawa fotograficzna \u201eKoronacja\u201d"}]},{"@type":"WebSite","@id":"https:\/\/instytutpolski.pl\/vilnius\/#website","url":"https:\/\/instytutpolski.pl\/vilnius\/","name":"Instytut Polski w Wilnie","description":"Instytuty Polskie","potentialAction":[{"@type":"SearchAction","target":{"@type":"EntryPoint","urlTemplate":"https:\/\/instytutpolski.pl\/vilnius\/?s={search_term_string}"},"query-input":{"@type":"PropertyValueSpecification","valueRequired":true,"valueName":"search_term_string"}}],"inLanguage":"pl-PL"},{"@type":"Person","@id":"https:\/\/instytutpolski.pl\/vilnius\/#\/schema\/person\/0fe71ab8ff05e4d313f18753e7735a3c","name":"strielkunasr","image":{"@type":"ImageObject","inLanguage":"pl-PL","@id":"https:\/\/instytutpolski.pl\/vilnius\/#\/schema\/person\/image\/","url":"https:\/\/secure.gravatar.com\/avatar\/1f685238784360c3347cf65c78e0c870?s=96&d=mm&r=g","contentUrl":"https:\/\/secure.gravatar.com\/avatar\/1f685238784360c3347cf65c78e0c870?s=96&d=mm&r=g","caption":"strielkunasr"},"url":"https:\/\/instytutpolski.pl\/vilnius\/author\/strielkunasr\/"}]}},"_links":{"self":[{"href":"https:\/\/instytutpolski.pl\/vilnius\/wp-json\/wp\/v2\/posts\/7895","targetHints":{"allow":["GET"]}}],"collection":[{"href":"https:\/\/instytutpolski.pl\/vilnius\/wp-json\/wp\/v2\/posts"}],"about":[{"href":"https:\/\/instytutpolski.pl\/vilnius\/wp-json\/wp\/v2\/types\/post"}],"author":[{"embeddable":true,"href":"https:\/\/instytutpolski.pl\/vilnius\/wp-json\/wp\/v2\/users\/179"}],"replies":[{"embeddable":true,"href":"https:\/\/instytutpolski.pl\/vilnius\/wp-json\/wp\/v2\/comments?post=7895"}],"version-history":[{"count":1,"href":"https:\/\/instytutpolski.pl\/vilnius\/wp-json\/wp\/v2\/posts\/7895\/revisions"}],"predecessor-version":[{"id":7898,"href":"https:\/\/instytutpolski.pl\/vilnius\/wp-json\/wp\/v2\/posts\/7895\/revisions\/7898"}],"wp:featuredmedia":[{"embeddable":true,"href":"https:\/\/instytutpolski.pl\/vilnius\/wp-json\/wp\/v2\/media\/7891"}],"wp:attachment":[{"href":"https:\/\/instytutpolski.pl\/vilnius\/wp-json\/wp\/v2\/media?parent=7895"}],"wp:term":[{"taxonomy":"category","embeddable":true,"href":"https:\/\/instytutpolski.pl\/vilnius\/wp-json\/wp\/v2\/categories?post=7895"},{"taxonomy":"post_tag","embeddable":true,"href":"https:\/\/instytutpolski.pl\/vilnius\/wp-json\/wp\/v2\/tags?post=7895"}],"curies":[{"name":"wp","href":"https:\/\/api.w.org\/{rel}","templated":true}]}}