{"id":8725,"date":"2026-03-19T11:05:19","date_gmt":"2026-03-19T10:05:19","guid":{"rendered":"https:\/\/instytutpolski.pl\/vilnius\/?p=8725"},"modified":"2026-03-19T11:05:59","modified_gmt":"2026-03-19T10:05:59","slug":"septynios-vienatves-rez-r-wilson-ch-chemin","status":"publish","type":"post","link":"https:\/\/instytutpolski.pl\/vilnius\/2026\/03\/19\/septynios-vienatves-rez-r-wilson-ch-chemin\/","title":{"rendered":"\u201eSeptynios vienatv\u0117s\u201c, re\u017e. R. Wilson, Ch. Chemin"},"content":{"rendered":"\n<p class=\"has-text-align-center has-medium-font-size\"><em><strong>pagal Oskaro Mila\u0161iaus k\u016bryb\u0105<\/strong><\/em><\/p>\n\n\n\n<div style=\"height:29px\" aria-hidden=\"true\" class=\"wp-block-spacer\"><\/div>\n\n\n\n<p>Laukiamiausias Lietuvos ir Europos kult\u016bros \u012fvykis \u2013 pasaulin\u0117 spektaklio \u201eSeptynios vienatv\u0117s\u201c premjera, skirta Robertui Wilsonui (1941\u20132025) atminti.<\/p>\n\n\n\n<div style=\"height:27px\" aria-hidden=\"true\" class=\"wp-block-spacer\"><\/div>\n\n\n\n<p>Nacionalinis Kauno dramos teatras (Laisv\u0117s al. 71, Kaunas)<\/p>\n\n\n\n<p><strong>Premjera \u2013 2026 m. kovo 20\u201322 d. Did\u017eiojoje\u00a0scenoje!<\/strong><\/p>\n\n\n\n<p>2026 m. kovo 20\u201322 d. 19.00 val.<\/p>\n\n\n\n<p>2026 m. kovo 27\u201328 d. 19.00 val.<\/p>\n\n\n\n<p>2026 m. kovo 29 d. 15.00 val.<\/p>\n\n\n\n<div style=\"height:28px\" aria-hidden=\"true\" class=\"wp-block-spacer\"><\/div>\n\n\n\n<p>Trukm\u0117: 1,5 val. (vienos dalies spektaklis)<\/p>\n\n\n\n<p>Am\u017eius: N-14<\/p>\n\n\n\n<div style=\"height:20px\" aria-hidden=\"true\" class=\"wp-block-spacer\"><\/div>\n\n\n\n<figure class=\"wp-block-image size-large\"><img loading=\"lazy\" decoding=\"async\" width=\"1024\" height=\"683\" src=\"https:\/\/instytutpolski.pl\/vilnius\/wp-content\/uploads\/sites\/24\/2026\/03\/2026_7SOLI031090R-scaled-1-1024x683.jpg\" alt=\"\" class=\"wp-image-8728\" srcset=\"https:\/\/instytutpolski.pl\/vilnius\/wp-content\/uploads\/sites\/24\/2026\/03\/2026_7SOLI031090R-scaled-1-1024x683.jpg 1024w, https:\/\/instytutpolski.pl\/vilnius\/wp-content\/uploads\/sites\/24\/2026\/03\/2026_7SOLI031090R-scaled-1-300x200.jpg 300w, https:\/\/instytutpolski.pl\/vilnius\/wp-content\/uploads\/sites\/24\/2026\/03\/2026_7SOLI031090R-scaled-1-768x512.jpg 768w, https:\/\/instytutpolski.pl\/vilnius\/wp-content\/uploads\/sites\/24\/2026\/03\/2026_7SOLI031090R-scaled-1-1536x1024.jpg 1536w, https:\/\/instytutpolski.pl\/vilnius\/wp-content\/uploads\/sites\/24\/2026\/03\/2026_7SOLI031090R-scaled-1-2048x1366.jpg 2048w\" sizes=\"auto, (max-width: 1024px) 100vw, 1024px\" \/><figcaption class=\"wp-element-caption\"><sub>L. Jansch nuotr.<\/sub><\/figcaption><\/figure>\n\n\n\n<div style=\"height:30px\" aria-hidden=\"true\" class=\"wp-block-spacer\"><\/div>\n\n\n\n<p><strong>Apra\u0161ymas<\/strong><\/p>\n\n\n\n<p>Roberto\u00a0Wilsono\u00a0re\u017eis\u016bra, virtusi vizualinio teatro klasika, neblogai pa\u017e\u012fstama Lietuvos publikai. 2022 metais Nacionaliniame Kauno dramos teatre pastat\u0119s \u201eDorian\u0105\u201c, 2025-aisiais Robertas\u00a0Wilsonas\u00a0prad\u0117jo repetuoti nauj\u0105 spektakl\u012f pagal lietuvi\u0173 kilm\u0117s pranc\u016bz\u0173 poeto, dramaturgo, diplomato Oskaro Mila\u0161iaus k\u016bryb\u0105. Deja, baigti \u0161io darbo jis nesp\u0117jo, ta\u010diau jo id\u0117jas, jau virtusias ry\u0161kiu spektaklio kont\u016bru, \u012fgyvendino visa puiki Roberto\u00a0Wilsono komanda, vadovaujama spektaklio bendrare\u017eisierio Charles\u2018io Chemino. \u0160i NKDT premjera \u2013 tai unikali galimyb\u0117\u00a0pamatyti paskutin\u012f meistro, vieno\u00a0\u017eymiausi\u0173 eksperimentinio ir avangardinio teatro re\u017eisieri\u0173\u00a0pasaulyje, dramos spektakl\u012f.\u00a0<\/p>\n\n\n\n<div style=\"height:23px\" aria-hidden=\"true\" class=\"wp-block-spacer\"><\/div>\n\n\n\n<figure class=\"wp-block-image size-large\"><img loading=\"lazy\" decoding=\"async\" width=\"1024\" height=\"683\" src=\"https:\/\/instytutpolski.pl\/vilnius\/wp-content\/uploads\/sites\/24\/2026\/03\/2026_7SOLI031006R-scaled-1-1024x683.jpg\" alt=\"\" class=\"wp-image-8729\" srcset=\"https:\/\/instytutpolski.pl\/vilnius\/wp-content\/uploads\/sites\/24\/2026\/03\/2026_7SOLI031006R-scaled-1-1024x683.jpg 1024w, https:\/\/instytutpolski.pl\/vilnius\/wp-content\/uploads\/sites\/24\/2026\/03\/2026_7SOLI031006R-scaled-1-300x200.jpg 300w, https:\/\/instytutpolski.pl\/vilnius\/wp-content\/uploads\/sites\/24\/2026\/03\/2026_7SOLI031006R-scaled-1-768x512.jpg 768w, https:\/\/instytutpolski.pl\/vilnius\/wp-content\/uploads\/sites\/24\/2026\/03\/2026_7SOLI031006R-scaled-1-1536x1024.jpg 1536w, https:\/\/instytutpolski.pl\/vilnius\/wp-content\/uploads\/sites\/24\/2026\/03\/2026_7SOLI031006R-scaled-1-2048x1366.jpg 2048w\" sizes=\"auto, (max-width: 1024px) 100vw, 1024px\" \/><figcaption class=\"wp-element-caption\"><sub>L. Jansch nuotr.<\/sub><\/figcaption><\/figure>\n\n\n\n<div style=\"height:19px\" aria-hidden=\"true\" class=\"wp-block-spacer\"><\/div>\n\n\n\n<p>\u201eSeptynios vienatv\u0117s\u201c \u2013 tai poetin\u0117 kelion\u0117 po Oskaro Mila\u0161iaus k\u016brinius ir k\u016brybines Roberto Wilsono mintis.<\/p>\n\n\n\n<p>Spektaklis jungia Mila\u0161iaus poezij\u0105, proz\u0105 ir pasakas su jo dramati\u0161kesniais ir metafiziniais k\u016briniais, tyrin\u0117jan\u010diais meil\u0119, vienatv\u0119, mirt\u012f, nesibaigian\u010di\u0105 \u0161viesos bei harmonijos paie\u0161k\u0105, kelian\u010diais gilius egzistencinius klausimus apie \u017emonij\u0105, jos viet\u0105 visatoje, apie laiko t\u0117km\u0119.<\/p>\n\n\n\n<div style=\"height:24px\" aria-hidden=\"true\" class=\"wp-block-spacer\"><\/div>\n\n\n\n<figure class=\"wp-block-image size-large\"><img loading=\"lazy\" decoding=\"async\" width=\"1024\" height=\"683\" src=\"https:\/\/instytutpolski.pl\/vilnius\/wp-content\/uploads\/sites\/24\/2026\/03\/2026_7SOLI031001R-scaled-1-1024x683.jpg\" alt=\"\" class=\"wp-image-8727\" srcset=\"https:\/\/instytutpolski.pl\/vilnius\/wp-content\/uploads\/sites\/24\/2026\/03\/2026_7SOLI031001R-scaled-1-1024x683.jpg 1024w, https:\/\/instytutpolski.pl\/vilnius\/wp-content\/uploads\/sites\/24\/2026\/03\/2026_7SOLI031001R-scaled-1-300x200.jpg 300w, https:\/\/instytutpolski.pl\/vilnius\/wp-content\/uploads\/sites\/24\/2026\/03\/2026_7SOLI031001R-scaled-1-768x512.jpg 768w, https:\/\/instytutpolski.pl\/vilnius\/wp-content\/uploads\/sites\/24\/2026\/03\/2026_7SOLI031001R-scaled-1-1536x1024.jpg 1536w, https:\/\/instytutpolski.pl\/vilnius\/wp-content\/uploads\/sites\/24\/2026\/03\/2026_7SOLI031001R-scaled-1-2048x1366.jpg 2048w\" sizes=\"auto, (max-width: 1024px) 100vw, 1024px\" \/><figcaption class=\"wp-element-caption\"><sub>L. Jansch nuotr.<\/sub><\/figcaption><\/figure>\n\n\n\n<div style=\"height:25px\" aria-hidden=\"true\" class=\"wp-block-spacer\"><\/div>\n\n\n\n<p>Ne\u012ftik\u0117tinas Mila\u0161iaus vaizduot\u0117s pasaulis atgyja per poeti\u0161k\u0105 Wilsono \u017evilgsn\u012f \u2013 jo sukurtas nerimastingas subjektyvias abstrakcijas ir \u012fsp\u016bdingas vaizdines priemones.<\/p>\n\n\n\n<p>Pagrindinis spektaklio veik\u0117jas Poetas\u00a0\u012fk\u016bnija \u017eaving\u0105 fig\u016br\u0105, kurios \u017eod\u017eiai padaro m\u016bs\u0173 pasaul\u012f sud\u0117tingesn\u012f, bet tuo pa\u010diu ir lengviau suprantam\u0105. Savo ie\u0161kojimams jis pasitelkia i\u0161galvot\u0105 antrinink\u0105, gars\u0173 dramos persona\u017e\u0105 Don \u017duan\u0105. Jis pasirodo tiesiai i\u0161 Mila\u0161iaus jaunyst\u0117je para\u0161ytos dramos scen\u0173, vaizduojan\u010di\u0173 nepasotinam\u0105 gyvenimo alk\u012f ir tro\u0161kim\u0105 u\u017ekariauti pasaul\u012f. \u0160ios scenos persipina v\u0117lesnio laikotarpio pjes\u0117s \u201eMigelis Manjara\u201c scenomis, kuriose pagrindinis veik\u0117jas Don \u017duanas i\u0161 Sevilijos siekia atpirkimo. Per \u0161iuos persona\u017eus aktoriai vaizduoja universalias fig\u016bras, atskleid\u017eian\u010dias \u017emogaus sielos sud\u0117tingum\u0105, gro\u017e\u012f ir nei\u0161vengiam\u0105 absurdi\u0161kum\u0105.<\/p>\n\n\n\n<div style=\"height:18px\" aria-hidden=\"true\" class=\"wp-block-spacer\"><\/div>\n\n\n\n<figure class=\"wp-block-image size-large\"><img loading=\"lazy\" decoding=\"async\" width=\"1024\" height=\"683\" src=\"https:\/\/instytutpolski.pl\/vilnius\/wp-content\/uploads\/sites\/24\/2026\/03\/2026_7SOLI031012R-scaled-1-1024x683.jpg\" alt=\"\" class=\"wp-image-8732\" srcset=\"https:\/\/instytutpolski.pl\/vilnius\/wp-content\/uploads\/sites\/24\/2026\/03\/2026_7SOLI031012R-scaled-1-1024x683.jpg 1024w, https:\/\/instytutpolski.pl\/vilnius\/wp-content\/uploads\/sites\/24\/2026\/03\/2026_7SOLI031012R-scaled-1-300x200.jpg 300w, https:\/\/instytutpolski.pl\/vilnius\/wp-content\/uploads\/sites\/24\/2026\/03\/2026_7SOLI031012R-scaled-1-768x512.jpg 768w, https:\/\/instytutpolski.pl\/vilnius\/wp-content\/uploads\/sites\/24\/2026\/03\/2026_7SOLI031012R-scaled-1-1536x1024.jpg 1536w, https:\/\/instytutpolski.pl\/vilnius\/wp-content\/uploads\/sites\/24\/2026\/03\/2026_7SOLI031012R-scaled-1-2048x1366.jpg 2048w\" sizes=\"auto, (max-width: 1024px) 100vw, 1024px\" \/><figcaption class=\"wp-element-caption\"><sub>L. Jansch nuotr.<\/sub><\/figcaption><\/figure>\n\n\n\n<div style=\"height:23px\" aria-hidden=\"true\" class=\"wp-block-spacer\"><\/div>\n\n\n\n<p>Spektaklyje sekame Poeto k\u016brybos proces\u0105, kaip jis nustato ir \u012fveikia savo \u012fsivaizduojam\u0173 pasauli\u0173 ribas. Abejodamas, klajodamas po paslaptingas ir nei\u0161tirtas teritorijas, jis mums atne\u0161a laisv\u0119 i\u0161 vietos, kuri\u0105 gali pasiekti tik poetai, i\u0161 begalin\u0117s kelion\u0117s tikslo, i\u0161 pa\u010dios am\u017einyb\u0117s.<\/p>\n\n\n\n<p>\u0160is k\u016brinys yra paskutin\u0117 Roberto Wilsono dovana, ir tai yra Nacionalinio Kauno dramos teatro dovana, kuri\u0105 jis dovanoja pateikdamas unikali\u0105 \u0161io scenos poeto vizij\u0105.<\/p>\n\n\n\n<p>Poetai yra nemirtingi.<\/p>\n\n\n\n<div style=\"height:22px\" aria-hidden=\"true\" class=\"wp-block-spacer\"><\/div>\n\n\n\n<figure class=\"wp-block-image size-large\"><img loading=\"lazy\" decoding=\"async\" width=\"1024\" height=\"683\" src=\"https:\/\/instytutpolski.pl\/vilnius\/wp-content\/uploads\/sites\/24\/2026\/03\/2026_7SOLI031030R-scaled-1-1024x683.jpg\" alt=\"\" class=\"wp-image-8730\" srcset=\"https:\/\/instytutpolski.pl\/vilnius\/wp-content\/uploads\/sites\/24\/2026\/03\/2026_7SOLI031030R-scaled-1-1024x683.jpg 1024w, https:\/\/instytutpolski.pl\/vilnius\/wp-content\/uploads\/sites\/24\/2026\/03\/2026_7SOLI031030R-scaled-1-300x200.jpg 300w, https:\/\/instytutpolski.pl\/vilnius\/wp-content\/uploads\/sites\/24\/2026\/03\/2026_7SOLI031030R-scaled-1-768x512.jpg 768w, https:\/\/instytutpolski.pl\/vilnius\/wp-content\/uploads\/sites\/24\/2026\/03\/2026_7SOLI031030R-scaled-1-1536x1024.jpg 1536w, https:\/\/instytutpolski.pl\/vilnius\/wp-content\/uploads\/sites\/24\/2026\/03\/2026_7SOLI031030R-scaled-1-2048x1366.jpg 2048w\" sizes=\"auto, (max-width: 1024px) 100vw, 1024px\" \/><figcaption class=\"wp-element-caption\"><sub>L. Jansch nuotr.<\/sub><\/figcaption><\/figure>\n\n\n\n<div style=\"height:18px\" aria-hidden=\"true\" class=\"wp-block-spacer\"><\/div>\n\n\n\n<p><strong>K\u016brybin\u0117 komanda:<\/strong><\/p>\n\n\n\n<p>Re\u017eis\u016bros, scenografijos ir \u0161vies\u0173 dail\u0117s koncepcijos autorius \u2013 Robert\u00a0Wilson<\/p>\n\n\n\n<p>Re\u017eisierius ir teksto adaptacijos autorius \u2013 Charles\u00a0Chemin<\/p>\n\n\n\n<p>Kompozitorius \u2013 Hans-J\u00f6rn Brandenburg<\/p>\n\n\n\n<p>Scenograf\u0117 \u2013 Stephanie Engeln<\/p>\n\n\n\n<p>\u0160vies\u0173 dailininkas \u2013 Marcello Lumaca<\/p>\n\n\n\n<p>Kostium\u0173 dailinink\u0117 \u2013 Flavia Ruggeri<\/p>\n\n\n\n<p>Vaizdo menininkas \u2013 Tomasz Jeziorski<\/p>\n\n\n\n<p>Grimo ir peruk\u0173 k\u016br\u0117ja \u2013 Manu Halligan<\/p>\n\n\n\n<p>K\u016brybin\u0117 bendraautor\u0117 \u2013 Thaiz Bozano<\/p>\n\n\n\n<p>Vertimas \u012f angl\u0173 kalb\u0105 \u2013 Mike Sens<\/p>\n\n\n\n<p>Vert\u0117jai i\u0161 pranc\u016bz\u0173 kalbos \u2013 G. Dru\u010dkut\u0117, V. \u0160iug\u017edinis, V. Petrauskas, P. Kimbrys, S. Banionyt\u0117, A. Vai\u010diulaitis<\/p>\n\n\n\n<p>Vaidina:&nbsp;Martyna Gedvilait\u0117, K\u0119stutis Jak\u0161tas, Gytis Laskovas, Migl\u0117 Navasaityt\u0117, Agnieszka Ravdo, Dainius Svobonas, Vladimiras \u0160erstabojevas.<\/p>\n\n\n\n<div style=\"height:17px\" aria-hidden=\"true\" class=\"wp-block-spacer\"><\/div>\n\n\n\n<figure class=\"wp-block-image size-large\"><img loading=\"lazy\" decoding=\"async\" width=\"1024\" height=\"683\" src=\"https:\/\/instytutpolski.pl\/vilnius\/wp-content\/uploads\/sites\/24\/2026\/03\/2026_7SOLI0310108R-scaled-1-1024x683.jpg\" alt=\"\" class=\"wp-image-8731\" srcset=\"https:\/\/instytutpolski.pl\/vilnius\/wp-content\/uploads\/sites\/24\/2026\/03\/2026_7SOLI0310108R-scaled-1-1024x683.jpg 1024w, https:\/\/instytutpolski.pl\/vilnius\/wp-content\/uploads\/sites\/24\/2026\/03\/2026_7SOLI0310108R-scaled-1-300x200.jpg 300w, https:\/\/instytutpolski.pl\/vilnius\/wp-content\/uploads\/sites\/24\/2026\/03\/2026_7SOLI0310108R-scaled-1-768x512.jpg 768w, https:\/\/instytutpolski.pl\/vilnius\/wp-content\/uploads\/sites\/24\/2026\/03\/2026_7SOLI0310108R-scaled-1-1536x1024.jpg 1536w, https:\/\/instytutpolski.pl\/vilnius\/wp-content\/uploads\/sites\/24\/2026\/03\/2026_7SOLI0310108R-scaled-1-2048x1366.jpg 2048w\" sizes=\"auto, (max-width: 1024px) 100vw, 1024px\" \/><figcaption class=\"wp-element-caption\"><sub>L. Jansch nuotr.<\/sub><\/figcaption><\/figure>\n\n\n\n<div style=\"height:26px\" aria-hidden=\"true\" class=\"wp-block-spacer\"><\/div>\n\n\n\n<p>Daugiau informacijos ir bilietai: <a href=\"https:\/\/dramosteatras.lt\/shows\/septynios-vienatves\/#full-review\">\u201eSeptynios vienatv\u0117s\u201c<\/a><\/p>\n\n\n\n<p>Spektaklio koprodiuseris \u2013 Wilamo Horzycos teatras Torun\u0117je (Lenkija).<\/p>\n\n\n\n<p>Roberto Wilsono \u201eSeptyni\u0173 vienatvi\u0173\u201c premjera Lenkijoje vyks gegu\u017e\u0117s 29 d. Torun\u0117je. Spektaklis atidarys 30-\u0105j\u012f tarptautin\u012f teatro festival\u012f \u201eKontakt\u201c.<\/p>\n\n\n\n<p><\/p>\n","protected":false},"excerpt":{"rendered":"<p>pagal Oskaro Mila\u0161iaus k\u016bryb\u0105 Laukiamiausias Lietuvos ir Europos kult\u016bros \u012fvykis \u2013 pasaulin\u0117 spektaklio \u201eSeptynios vienatv\u0117s\u201c premjera, skirta Robertui Wilsonui (1941\u20132025) atminti. Nacionalinis Kauno dramos teatras (Laisv\u0117s al. 71, Kaunas) Premjera \u2013 2026 m. kovo 20\u201322 d. Did\u017eiojoje\u00a0scenoje! 2026 m. kovo 20\u201322 d. 19.00 val. 2026 m. kovo 27\u201328 d. 19.00 val. 2026 m. kovo 29 [&hellip;]<\/p>\n","protected":false},"author":179,"featured_media":8726,"comment_status":"open","ping_status":"open","sticky":false,"template":"","format":"standard","meta":{"inline_featured_image":false,"_monsterinsights_skip_tracking":false,"_monsterinsights_sitenote_active":false,"_monsterinsights_sitenote_note":"","_monsterinsights_sitenote_category":0,"footnotes":""},"categories":[93,13,29],"tags":[],"class_list":["post-8725","post","type-post","status-publish","format-standard","has-post-thumbnail","hentry","category-naujienos","category-renginiai","category-teatras"],"yoast_head":"<!-- This site is optimized with the Yoast SEO plugin v24.6 - https:\/\/yoast.com\/wordpress\/plugins\/seo\/ -->\n<title>\u201eSeptynios vienatv\u0117s\u201c, re\u017e. R. Wilson, Ch. Chemin - Instytut Polski w Wilnie<\/title>\n<meta name=\"robots\" content=\"index, follow, max-snippet:-1, max-image-preview:large, max-video-preview:-1\" \/>\n<link rel=\"canonical\" href=\"https:\/\/instytutpolski.pl\/vilnius\/2026\/03\/19\/septynios-vienatves-rez-r-wilson-ch-chemin\/\" \/>\n<meta property=\"og:locale\" content=\"pl_PL\" \/>\n<meta property=\"og:type\" content=\"article\" \/>\n<meta property=\"og:title\" content=\"\u201eSeptynios vienatv\u0117s\u201c, re\u017e. R. Wilson, Ch. Chemin - Instytut Polski w Wilnie\" \/>\n<meta property=\"og:description\" content=\"pagal Oskaro Mila\u0161iaus k\u016bryb\u0105 Laukiamiausias Lietuvos ir Europos kult\u016bros \u012fvykis \u2013 pasaulin\u0117 spektaklio \u201eSeptynios vienatv\u0117s\u201c premjera, skirta Robertui Wilsonui (1941\u20132025) atminti. Nacionalinis Kauno dramos teatras (Laisv\u0117s al. 71, Kaunas) Premjera \u2013 2026 m. kovo 20\u201322 d. Did\u017eiojoje\u00a0scenoje! 2026 m. kovo 20\u201322 d. 19.00 val. 2026 m. kovo 27\u201328 d. 19.00 val. 2026 m. kovo 29 [&hellip;]\" \/>\n<meta property=\"og:url\" content=\"https:\/\/instytutpolski.pl\/vilnius\/2026\/03\/19\/septynios-vienatves-rez-r-wilson-ch-chemin\/\" \/>\n<meta property=\"og:site_name\" content=\"Instytut Polski w Wilnie\" \/>\n<meta property=\"article:published_time\" content=\"2026-03-19T10:05:19+00:00\" \/>\n<meta property=\"article:modified_time\" content=\"2026-03-19T10:05:59+00:00\" \/>\n<meta property=\"og:image\" content=\"https:\/\/instytutpolski.pl\/vilnius\/wp-content\/uploads\/sites\/24\/2026\/03\/World-Premiere-Invitation-\u2013-Seven-Solitudes.jpg\" \/>\n\t<meta property=\"og:image:width\" content=\"820\" \/>\n\t<meta property=\"og:image:height\" content=\"360\" \/>\n\t<meta property=\"og:image:type\" content=\"image\/jpeg\" \/>\n<meta name=\"author\" content=\"strielkunasr\" \/>\n<meta name=\"twitter:card\" content=\"summary_large_image\" \/>\n<meta name=\"twitter:label1\" content=\"Napisane przez\" \/>\n\t<meta name=\"twitter:data1\" content=\"strielkunasr\" \/>\n\t<meta name=\"twitter:label2\" content=\"Szacowany czas czytania\" \/>\n\t<meta name=\"twitter:data2\" content=\"5 minut\" \/>\n<script type=\"application\/ld+json\" class=\"yoast-schema-graph\">{\"@context\":\"https:\/\/schema.org\",\"@graph\":[{\"@type\":\"event\",\"@id\":\"https:\/\/instytutpolski.pl\/vilnius\/2026\/03\/19\/septynios-vienatves-rez-r-wilson-ch-chemin\/\",\"url\":\"https:\/\/instytutpolski.pl\/vilnius\/2026\/03\/19\/septynios-vienatves-rez-r-wilson-ch-chemin\/\",\"name\":\"\u201eSeptynios vienatv\u0117s\u201c, re\u017e. R. Wilson, Ch. Chemin\",\"isPartOf\":{\"@id\":\"https:\/\/instytutpolski.pl\/vilnius\/#website\"},\"primaryImageOfPage\":{\"@id\":\"https:\/\/instytutpolski.pl\/vilnius\/2026\/03\/19\/septynios-vienatves-rez-r-wilson-ch-chemin\/#primaryimage\"},\"image\":[\"https:\/\/instytutpolski.pl\/vilnius\/wp-content\/uploads\/sites\/24\/2026\/03\/World-Premiere-Invitation-\u2013-Seven-Solitudes.jpg\",\"https:\/\/instytutpolski.pl\/vilnius\/wp-content\/uploads\/sites\/24\/2026\/03\/World-Premiere-Invitation-\u2013-Seven-Solitudes-300x132.jpg\",\"https:\/\/instytutpolski.pl\/vilnius\/wp-content\/uploads\/sites\/24\/2026\/03\/World-Premiere-Invitation-\u2013-Seven-Solitudes.jpg\",\"https:\/\/instytutpolski.pl\/vilnius\/wp-content\/uploads\/sites\/24\/2026\/03\/World-Premiere-Invitation-\u2013-Seven-Solitudes.jpg\"],\"thumbnailUrl\":\"https:\/\/instytutpolski.pl\/vilnius\/wp-content\/uploads\/sites\/24\/2026\/03\/World-Premiere-Invitation-\u2013-Seven-Solitudes.jpg\",\"datePublished\":\"2026-03-19T10:05:19+02:00\",\"dateModified\":\"2026-03-19T10:05:59+02:00\",\"author\":{\"@id\":\"https:\/\/instytutpolski.pl\/vilnius\/#\/schema\/person\/0fe71ab8ff05e4d313f18753e7735a3c\"},\"breadcrumb\":{\"@id\":\"https:\/\/instytutpolski.pl\/vilnius\/2026\/03\/19\/septynios-vienatves-rez-r-wilson-ch-chemin\/#breadcrumb\"},\"inLanguage\":\"pl-PL\",\"potentialAction\":[{\"@type\":\"ReadAction\",\"target\":[\"https:\/\/instytutpolski.pl\/vilnius\/2026\/03\/19\/septynios-vienatves-rez-r-wilson-ch-chemin\/\"]}],\"@context\":\"https:\/\/schema.org\",\"startDate\":\"2026-03-20\",\"endDate\":\"2026-03-29\",\"eventStatus\":\"EventScheduled\",\"eventAttendanceMode\":\"OfflineEventAttendanceMode\",\"location\":{\"@type\":\"place\",\"name\":\"\",\"address\":\"\",\"geo\":{\"@type\":\"GeoCoordinates\",\"latitude\":\"\",\"longitude\":\"\"}},\"description\":\"pagal Oskaro Mila\u0161iaus k\u016bryb\u0105\\nLaukiamiausias Lietuvos ir Europos kult\u016bros \u012fvykis \u2013 pasaulin\u0117 spektaklio \u201eSeptynios vienatv\u0117s\u201c premjera, skirta Robertui Wilsonui (1941\u20132025) atminti.\\nNacionalinis Kauno dramos teatras (Laisv\u0117s al. 71, Kaunas)\\nPremjera \u2013 2026 m. kovo 20\u201322 d. Did\u017eiojoje\u00a0scenoje!\\n2026 m. kovo 20\u201322 d. 19.00 val.\\n2026 m. kovo 27\u201328 d. 19.00 val.\\n2026 m. kovo 29 d. 15.00 val.\\nTrukm\u0117: 1,5 val. (vienos dalies spektaklis)\\nAm\u017eius: N-14\\nApra\u0161ymas\\nRoberto\u00a0Wilsono\u00a0re\u017eis\u016bra, virtusi vizualinio teatro klasika, neblogai pa\u017e\u012fstama Lietuvos publikai. 2022 metais Nacionaliniame Kauno dramos teatre pastat\u0119s \u201eDorian\u0105\u201c, 2025-aisiais Robertas\u00a0Wilsonas\u00a0prad\u0117jo repetuoti nauj\u0105 spektakl\u012f pagal lietuvi\u0173 kilm\u0117s pranc\u016bz\u0173 poeto, dramaturgo, diplomato Oskaro Mila\u0161iaus k\u016bryb\u0105. Deja, baigti \u0161io darbo jis nesp\u0117jo, ta\u010diau jo id\u0117jas, jau virtusias ry\u0161kiu spektaklio kont\u016bru, \u012fgyvendino visa puiki Roberto\u00a0Wilsono komanda, vadovaujama spektaklio bendrare\u017eisierio Charles\u2018io Chemino. \u0160i NKDT premjera \u2013 tai unikali galimyb\u0117\u00a0pamatyti paskutin\u012f meistro, vieno\u00a0\u017eymiausi\u0173 eksperimentinio ir avangardinio teatro re\u017eisieri\u0173\u00a0pasaulyje, dramos spektakl\u012f.\u00a0\\n\u201eSeptynios vienatv\u0117s\u201c \u2013 tai poetin\u0117 kelion\u0117 po Oskaro Mila\u0161iaus k\u016brinius ir k\u016brybines Roberto Wilsono mintis.\\nSpektaklis jungia Mila\u0161iaus poezij\u0105, proz\u0105 ir pasakas su jo dramati\u0161kesniais ir metafiziniais k\u016briniais, tyrin\u0117jan\u010diais meil\u0119, vienatv\u0119, mirt\u012f, nesibaigian\u010di\u0105 \u0161viesos bei harmonijos paie\u0161k\u0105, kelian\u010diais gilius egzistencinius klausimus apie \u017emonij\u0105, jos viet\u0105 visatoje, apie laiko t\u0117km\u0119.\\nNe\u012ftik\u0117tinas Mila\u0161iaus vaizduot\u0117s pasaulis atgyja per poeti\u0161k\u0105 Wilsono \u017evilgsn\u012f \u2013 jo sukurtas nerimastingas subjektyvias abstrakcijas ir \u012fsp\u016bdingas vaizdines priemones.\\nPagrindinis spektaklio veik\u0117jas Poetas\u00a0\u012fk\u016bnija \u017eaving\u0105 fig\u016br\u0105, kurios \u017eod\u017eiai padaro m\u016bs\u0173 pasaul\u012f sud\u0117tingesn\u012f, bet tuo pa\u010diu ir lengviau suprantam\u0105. Savo ie\u0161kojimams jis pasitelkia i\u0161galvot\u0105 antrinink\u0105, gars\u0173 dramos persona\u017e\u0105 Don \u017duan\u0105. Jis pasirodo tiesiai i\u0161 Mila\u0161iaus jaunyst\u0117je para\u0161ytos dramos scen\u0173, vaizduojan\u010di\u0173 nepasotinam\u0105 gyvenimo alk\u012f ir tro\u0161kim\u0105 u\u017ekariauti pasaul\u012f. \u0160ios scenos persipina v\u0117lesnio laikotarpio pjes\u0117s \u201eMigelis Manjara\u201c scenomis, kuriose pagrindinis veik\u0117jas Don \u017duanas i\u0161 Sevilijos siekia atpirkimo. Per \u0161iuos persona\u017eus aktoriai vaizduoja universalias fig\u016bras, atskleid\u017eian\u010dias \u017emogaus sielos sud\u0117tingum\u0105, gro\u017e\u012f ir nei\u0161vengiam\u0105 absurdi\u0161kum\u0105.\\nSpektaklyje sekame Poeto k\u016brybos proces\u0105, kaip jis nustato ir \u012fveikia savo \u012fsivaizduojam\u0173 pasauli\u0173 ribas. Abejodamas, klajodamas po paslaptingas ir nei\u0161tirtas teritorijas, jis mums atne\u0161a laisv\u0119 i\u0161 vietos, kuri\u0105 gali pasiekti tik poetai, i\u0161 begalin\u0117s kelion\u0117s tikslo, i\u0161 pa\u010dios am\u017einyb\u0117s.\\n\u0160is k\u016brinys yra paskutin\u0117 Roberto Wilsono dovana, ir tai yra Nacionalinio Kauno dramos teatro dovana, kuri\u0105 jis dovanoja pateikdamas unikali\u0105 \u0161io scenos poeto vizij\u0105.\\nPoetai yra nemirtingi.\\nK\u016brybin\u0117 komanda:\\nRe\u017eis\u016bros, scenografijos ir \u0161vies\u0173 dail\u0117s koncepcijos autorius \u2013 Robert\u00a0Wilson\\nRe\u017eisierius ir teksto adaptacijos autorius \u2013 Charles\u00a0Chemin\\nKompozitorius \u2013 Hans-J\u00f6rn Brandenburg\\nScenograf\u0117 \u2013 Stephanie Engeln\\n\u0160vies\u0173 dailininkas \u2013 Marcello Lumaca\\nKostium\u0173 dailinink\u0117 \u2013 Flavia Ruggeri\\nVaizdo menininkas \u2013 Tomasz Jeziorski\\nGrimo ir peruk\u0173 k\u016br\u0117ja \u2013 Manu Halligan\\nK\u016brybin\u0117 bendraautor\u0117 \u2013 Thaiz Bozano\\nVertimas \u012f angl\u0173 kalb\u0105 \u2013 Mike Sens\\nVert\u0117jai i\u0161 pranc\u016bz\u0173 kalbos \u2013 G. Dru\u010dkut\u0117, V. \u0160iug\u017edinis, V. Petrauskas, P. Kimbrys, S. Banionyt\u0117, A. Vai\u010diulaitis\\nVaidina: Martyna Gedvilait\u0117, K\u0119stutis Jak\u0161tas, Gytis Laskovas, Migl\u0117 Navasaityt\u0117, Agnieszka Ravdo, Dainius Svobonas, Vladimiras \u0160erstabojevas.\\nDaugiau informacijos ir bilietai: \u201eSeptynios vienatv\u0117s\u201c\\nSpektaklio koprodiuseris \u2013 Wilamo Horzycos teatras Torun\u0117je (Lenkija).\\nRoberto Wilsono \u201eSeptyni\u0173 vienatvi\u0173\u201c premjera Lenkijoje vyks gegu\u017e\u0117s 29 d. Torun\u0117je. Spektaklis atidarys 30-\u0105j\u012f tarptautin\u012f teatro festival\u012f \u201eKontakt\u201c.\"},{\"@type\":\"ImageObject\",\"inLanguage\":\"pl-PL\",\"@id\":\"https:\/\/instytutpolski.pl\/vilnius\/2026\/03\/19\/septynios-vienatves-rez-r-wilson-ch-chemin\/#primaryimage\",\"url\":\"https:\/\/instytutpolski.pl\/vilnius\/wp-content\/uploads\/sites\/24\/2026\/03\/World-Premiere-Invitation-\u2013-Seven-Solitudes.jpg\",\"contentUrl\":\"https:\/\/instytutpolski.pl\/vilnius\/wp-content\/uploads\/sites\/24\/2026\/03\/World-Premiere-Invitation-\u2013-Seven-Solitudes.jpg\",\"width\":820,\"height\":360},{\"@type\":\"BreadcrumbList\",\"@id\":\"https:\/\/instytutpolski.pl\/vilnius\/2026\/03\/19\/septynios-vienatves-rez-r-wilson-ch-chemin\/#breadcrumb\",\"itemListElement\":[{\"@type\":\"ListItem\",\"position\":1,\"name\":\"Home\",\"item\":\"https:\/\/instytutpolski.pl\/vilnius\/\"},{\"@type\":\"ListItem\",\"position\":2,\"name\":\"\u201eSeptynios vienatv\u0117s\u201c, re\u017e. R. Wilson, Ch. Chemin\"}]},{\"@type\":\"WebSite\",\"@id\":\"https:\/\/instytutpolski.pl\/vilnius\/#website\",\"url\":\"https:\/\/instytutpolski.pl\/vilnius\/\",\"name\":\"Instytut Polski w Wilnie\",\"description\":\"Instytuty Polskie\",\"potentialAction\":[{\"@type\":\"SearchAction\",\"target\":{\"@type\":\"EntryPoint\",\"urlTemplate\":\"https:\/\/instytutpolski.pl\/vilnius\/?s={search_term_string}\"},\"query-input\":{\"@type\":\"PropertyValueSpecification\",\"valueRequired\":true,\"valueName\":\"search_term_string\"}}],\"inLanguage\":\"pl-PL\"},{\"@type\":\"Person\",\"@id\":\"https:\/\/instytutpolski.pl\/vilnius\/#\/schema\/person\/0fe71ab8ff05e4d313f18753e7735a3c\",\"name\":\"strielkunasr\",\"image\":{\"@type\":\"ImageObject\",\"inLanguage\":\"pl-PL\",\"@id\":\"https:\/\/instytutpolski.pl\/vilnius\/#\/schema\/person\/image\/\",\"url\":\"https:\/\/secure.gravatar.com\/avatar\/1f685238784360c3347cf65c78e0c870?s=96&d=mm&r=g\",\"contentUrl\":\"https:\/\/secure.gravatar.com\/avatar\/1f685238784360c3347cf65c78e0c870?s=96&d=mm&r=g\",\"caption\":\"strielkunasr\"},\"url\":\"https:\/\/instytutpolski.pl\/vilnius\/author\/strielkunasr\/\"}]}<\/script>\n<!-- \/ Yoast SEO plugin. -->","yoast_head_json":{"title":"\u201eSeptynios vienatv\u0117s\u201c, re\u017e. R. Wilson, Ch. Chemin - Instytut Polski w Wilnie","robots":{"index":"index","follow":"follow","max-snippet":"max-snippet:-1","max-image-preview":"max-image-preview:large","max-video-preview":"max-video-preview:-1"},"canonical":"https:\/\/instytutpolski.pl\/vilnius\/2026\/03\/19\/septynios-vienatves-rez-r-wilson-ch-chemin\/","og_locale":"pl_PL","og_type":"article","og_title":"\u201eSeptynios vienatv\u0117s\u201c, re\u017e. R. Wilson, Ch. Chemin - Instytut Polski w Wilnie","og_description":"pagal Oskaro Mila\u0161iaus k\u016bryb\u0105 Laukiamiausias Lietuvos ir Europos kult\u016bros \u012fvykis \u2013 pasaulin\u0117 spektaklio \u201eSeptynios vienatv\u0117s\u201c premjera, skirta Robertui Wilsonui (1941\u20132025) atminti. Nacionalinis Kauno dramos teatras (Laisv\u0117s al. 71, Kaunas) Premjera \u2013 2026 m. kovo 20\u201322 d. Did\u017eiojoje\u00a0scenoje! 2026 m. kovo 20\u201322 d. 19.00 val. 2026 m. kovo 27\u201328 d. 19.00 val. 2026 m. kovo 29 [&hellip;]","og_url":"https:\/\/instytutpolski.pl\/vilnius\/2026\/03\/19\/septynios-vienatves-rez-r-wilson-ch-chemin\/","og_site_name":"Instytut Polski w Wilnie","article_published_time":"2026-03-19T10:05:19+00:00","article_modified_time":"2026-03-19T10:05:59+00:00","og_image":[{"width":820,"height":360,"url":"https:\/\/instytutpolski.pl\/vilnius\/wp-content\/uploads\/sites\/24\/2026\/03\/World-Premiere-Invitation-\u2013-Seven-Solitudes.jpg","type":"image\/jpeg"}],"author":"strielkunasr","twitter_card":"summary_large_image","twitter_misc":{"Napisane przez":"strielkunasr","Szacowany czas czytania":"5 minut"},"schema":{"@context":"https:\/\/schema.org","@graph":[{"@type":"event","@id":"https:\/\/instytutpolski.pl\/vilnius\/2026\/03\/19\/septynios-vienatves-rez-r-wilson-ch-chemin\/","url":"https:\/\/instytutpolski.pl\/vilnius\/2026\/03\/19\/septynios-vienatves-rez-r-wilson-ch-chemin\/","name":"\u201eSeptynios vienatv\u0117s\u201c, re\u017e. R. Wilson, Ch. Chemin","isPartOf":{"@id":"https:\/\/instytutpolski.pl\/vilnius\/#website"},"primaryImageOfPage":{"@id":"https:\/\/instytutpolski.pl\/vilnius\/2026\/03\/19\/septynios-vienatves-rez-r-wilson-ch-chemin\/#primaryimage"},"image":["https:\/\/instytutpolski.pl\/vilnius\/wp-content\/uploads\/sites\/24\/2026\/03\/World-Premiere-Invitation-\u2013-Seven-Solitudes.jpg","https:\/\/instytutpolski.pl\/vilnius\/wp-content\/uploads\/sites\/24\/2026\/03\/World-Premiere-Invitation-\u2013-Seven-Solitudes-300x132.jpg","https:\/\/instytutpolski.pl\/vilnius\/wp-content\/uploads\/sites\/24\/2026\/03\/World-Premiere-Invitation-\u2013-Seven-Solitudes.jpg","https:\/\/instytutpolski.pl\/vilnius\/wp-content\/uploads\/sites\/24\/2026\/03\/World-Premiere-Invitation-\u2013-Seven-Solitudes.jpg"],"thumbnailUrl":"https:\/\/instytutpolski.pl\/vilnius\/wp-content\/uploads\/sites\/24\/2026\/03\/World-Premiere-Invitation-\u2013-Seven-Solitudes.jpg","datePublished":"2026-03-19T10:05:19+02:00","dateModified":"2026-03-19T10:05:59+02:00","author":{"@id":"https:\/\/instytutpolski.pl\/vilnius\/#\/schema\/person\/0fe71ab8ff05e4d313f18753e7735a3c"},"breadcrumb":{"@id":"https:\/\/instytutpolski.pl\/vilnius\/2026\/03\/19\/septynios-vienatves-rez-r-wilson-ch-chemin\/#breadcrumb"},"inLanguage":"pl-PL","potentialAction":[{"@type":"ReadAction","target":["https:\/\/instytutpolski.pl\/vilnius\/2026\/03\/19\/septynios-vienatves-rez-r-wilson-ch-chemin\/"]}],"@context":"https:\/\/schema.org","startDate":"2026-03-20","endDate":"2026-03-29","eventStatus":"EventScheduled","eventAttendanceMode":"OfflineEventAttendanceMode","location":{"@type":"place","name":"","address":"","geo":{"@type":"GeoCoordinates","latitude":"","longitude":""}},"description":"pagal Oskaro Mila\u0161iaus k\u016bryb\u0105\nLaukiamiausias Lietuvos ir Europos kult\u016bros \u012fvykis \u2013 pasaulin\u0117 spektaklio \u201eSeptynios vienatv\u0117s\u201c premjera, skirta Robertui Wilsonui (1941\u20132025) atminti.\nNacionalinis Kauno dramos teatras (Laisv\u0117s al. 71, Kaunas)\nPremjera \u2013 2026 m. kovo 20\u201322 d. Did\u017eiojoje\u00a0scenoje!\n2026 m. kovo 20\u201322 d. 19.00 val.\n2026 m. kovo 27\u201328 d. 19.00 val.\n2026 m. kovo 29 d. 15.00 val.\nTrukm\u0117: 1,5 val. (vienos dalies spektaklis)\nAm\u017eius: N-14\nApra\u0161ymas\nRoberto\u00a0Wilsono\u00a0re\u017eis\u016bra, virtusi vizualinio teatro klasika, neblogai pa\u017e\u012fstama Lietuvos publikai. 2022 metais Nacionaliniame Kauno dramos teatre pastat\u0119s \u201eDorian\u0105\u201c, 2025-aisiais Robertas\u00a0Wilsonas\u00a0prad\u0117jo repetuoti nauj\u0105 spektakl\u012f pagal lietuvi\u0173 kilm\u0117s pranc\u016bz\u0173 poeto, dramaturgo, diplomato Oskaro Mila\u0161iaus k\u016bryb\u0105. Deja, baigti \u0161io darbo jis nesp\u0117jo, ta\u010diau jo id\u0117jas, jau virtusias ry\u0161kiu spektaklio kont\u016bru, \u012fgyvendino visa puiki Roberto\u00a0Wilsono komanda, vadovaujama spektaklio bendrare\u017eisierio Charles\u2018io Chemino. \u0160i NKDT premjera \u2013 tai unikali galimyb\u0117\u00a0pamatyti paskutin\u012f meistro, vieno\u00a0\u017eymiausi\u0173 eksperimentinio ir avangardinio teatro re\u017eisieri\u0173\u00a0pasaulyje, dramos spektakl\u012f.\u00a0\n\u201eSeptynios vienatv\u0117s\u201c \u2013 tai poetin\u0117 kelion\u0117 po Oskaro Mila\u0161iaus k\u016brinius ir k\u016brybines Roberto Wilsono mintis.\nSpektaklis jungia Mila\u0161iaus poezij\u0105, proz\u0105 ir pasakas su jo dramati\u0161kesniais ir metafiziniais k\u016briniais, tyrin\u0117jan\u010diais meil\u0119, vienatv\u0119, mirt\u012f, nesibaigian\u010di\u0105 \u0161viesos bei harmonijos paie\u0161k\u0105, kelian\u010diais gilius egzistencinius klausimus apie \u017emonij\u0105, jos viet\u0105 visatoje, apie laiko t\u0117km\u0119.\nNe\u012ftik\u0117tinas Mila\u0161iaus vaizduot\u0117s pasaulis atgyja per poeti\u0161k\u0105 Wilsono \u017evilgsn\u012f \u2013 jo sukurtas nerimastingas subjektyvias abstrakcijas ir \u012fsp\u016bdingas vaizdines priemones.\nPagrindinis spektaklio veik\u0117jas Poetas\u00a0\u012fk\u016bnija \u017eaving\u0105 fig\u016br\u0105, kurios \u017eod\u017eiai padaro m\u016bs\u0173 pasaul\u012f sud\u0117tingesn\u012f, bet tuo pa\u010diu ir lengviau suprantam\u0105. Savo ie\u0161kojimams jis pasitelkia i\u0161galvot\u0105 antrinink\u0105, gars\u0173 dramos persona\u017e\u0105 Don \u017duan\u0105. Jis pasirodo tiesiai i\u0161 Mila\u0161iaus jaunyst\u0117je para\u0161ytos dramos scen\u0173, vaizduojan\u010di\u0173 nepasotinam\u0105 gyvenimo alk\u012f ir tro\u0161kim\u0105 u\u017ekariauti pasaul\u012f. \u0160ios scenos persipina v\u0117lesnio laikotarpio pjes\u0117s \u201eMigelis Manjara\u201c scenomis, kuriose pagrindinis veik\u0117jas Don \u017duanas i\u0161 Sevilijos siekia atpirkimo. Per \u0161iuos persona\u017eus aktoriai vaizduoja universalias fig\u016bras, atskleid\u017eian\u010dias \u017emogaus sielos sud\u0117tingum\u0105, gro\u017e\u012f ir nei\u0161vengiam\u0105 absurdi\u0161kum\u0105.\nSpektaklyje sekame Poeto k\u016brybos proces\u0105, kaip jis nustato ir \u012fveikia savo \u012fsivaizduojam\u0173 pasauli\u0173 ribas. Abejodamas, klajodamas po paslaptingas ir nei\u0161tirtas teritorijas, jis mums atne\u0161a laisv\u0119 i\u0161 vietos, kuri\u0105 gali pasiekti tik poetai, i\u0161 begalin\u0117s kelion\u0117s tikslo, i\u0161 pa\u010dios am\u017einyb\u0117s.\n\u0160is k\u016brinys yra paskutin\u0117 Roberto Wilsono dovana, ir tai yra Nacionalinio Kauno dramos teatro dovana, kuri\u0105 jis dovanoja pateikdamas unikali\u0105 \u0161io scenos poeto vizij\u0105.\nPoetai yra nemirtingi.\nK\u016brybin\u0117 komanda:\nRe\u017eis\u016bros, scenografijos ir \u0161vies\u0173 dail\u0117s koncepcijos autorius \u2013 Robert\u00a0Wilson\nRe\u017eisierius ir teksto adaptacijos autorius \u2013 Charles\u00a0Chemin\nKompozitorius \u2013 Hans-J\u00f6rn Brandenburg\nScenograf\u0117 \u2013 Stephanie Engeln\n\u0160vies\u0173 dailininkas \u2013 Marcello Lumaca\nKostium\u0173 dailinink\u0117 \u2013 Flavia Ruggeri\nVaizdo menininkas \u2013 Tomasz Jeziorski\nGrimo ir peruk\u0173 k\u016br\u0117ja \u2013 Manu Halligan\nK\u016brybin\u0117 bendraautor\u0117 \u2013 Thaiz Bozano\nVertimas \u012f angl\u0173 kalb\u0105 \u2013 Mike Sens\nVert\u0117jai i\u0161 pranc\u016bz\u0173 kalbos \u2013 G. Dru\u010dkut\u0117, V. \u0160iug\u017edinis, V. Petrauskas, P. Kimbrys, S. Banionyt\u0117, A. Vai\u010diulaitis\nVaidina: Martyna Gedvilait\u0117, K\u0119stutis Jak\u0161tas, Gytis Laskovas, Migl\u0117 Navasaityt\u0117, Agnieszka Ravdo, Dainius Svobonas, Vladimiras \u0160erstabojevas.\nDaugiau informacijos ir bilietai: \u201eSeptynios vienatv\u0117s\u201c\nSpektaklio koprodiuseris \u2013 Wilamo Horzycos teatras Torun\u0117je (Lenkija).\nRoberto Wilsono \u201eSeptyni\u0173 vienatvi\u0173\u201c premjera Lenkijoje vyks gegu\u017e\u0117s 29 d. Torun\u0117je. Spektaklis atidarys 30-\u0105j\u012f tarptautin\u012f teatro festival\u012f \u201eKontakt\u201c."},{"@type":"ImageObject","inLanguage":"pl-PL","@id":"https:\/\/instytutpolski.pl\/vilnius\/2026\/03\/19\/septynios-vienatves-rez-r-wilson-ch-chemin\/#primaryimage","url":"https:\/\/instytutpolski.pl\/vilnius\/wp-content\/uploads\/sites\/24\/2026\/03\/World-Premiere-Invitation-\u2013-Seven-Solitudes.jpg","contentUrl":"https:\/\/instytutpolski.pl\/vilnius\/wp-content\/uploads\/sites\/24\/2026\/03\/World-Premiere-Invitation-\u2013-Seven-Solitudes.jpg","width":820,"height":360},{"@type":"BreadcrumbList","@id":"https:\/\/instytutpolski.pl\/vilnius\/2026\/03\/19\/septynios-vienatves-rez-r-wilson-ch-chemin\/#breadcrumb","itemListElement":[{"@type":"ListItem","position":1,"name":"Home","item":"https:\/\/instytutpolski.pl\/vilnius\/"},{"@type":"ListItem","position":2,"name":"\u201eSeptynios vienatv\u0117s\u201c, re\u017e. R. Wilson, Ch. Chemin"}]},{"@type":"WebSite","@id":"https:\/\/instytutpolski.pl\/vilnius\/#website","url":"https:\/\/instytutpolski.pl\/vilnius\/","name":"Instytut Polski w Wilnie","description":"Instytuty Polskie","potentialAction":[{"@type":"SearchAction","target":{"@type":"EntryPoint","urlTemplate":"https:\/\/instytutpolski.pl\/vilnius\/?s={search_term_string}"},"query-input":{"@type":"PropertyValueSpecification","valueRequired":true,"valueName":"search_term_string"}}],"inLanguage":"pl-PL"},{"@type":"Person","@id":"https:\/\/instytutpolski.pl\/vilnius\/#\/schema\/person\/0fe71ab8ff05e4d313f18753e7735a3c","name":"strielkunasr","image":{"@type":"ImageObject","inLanguage":"pl-PL","@id":"https:\/\/instytutpolski.pl\/vilnius\/#\/schema\/person\/image\/","url":"https:\/\/secure.gravatar.com\/avatar\/1f685238784360c3347cf65c78e0c870?s=96&d=mm&r=g","contentUrl":"https:\/\/secure.gravatar.com\/avatar\/1f685238784360c3347cf65c78e0c870?s=96&d=mm&r=g","caption":"strielkunasr"},"url":"https:\/\/instytutpolski.pl\/vilnius\/author\/strielkunasr\/"}]}},"_links":{"self":[{"href":"https:\/\/instytutpolski.pl\/vilnius\/wp-json\/wp\/v2\/posts\/8725","targetHints":{"allow":["GET"]}}],"collection":[{"href":"https:\/\/instytutpolski.pl\/vilnius\/wp-json\/wp\/v2\/posts"}],"about":[{"href":"https:\/\/instytutpolski.pl\/vilnius\/wp-json\/wp\/v2\/types\/post"}],"author":[{"embeddable":true,"href":"https:\/\/instytutpolski.pl\/vilnius\/wp-json\/wp\/v2\/users\/179"}],"replies":[{"embeddable":true,"href":"https:\/\/instytutpolski.pl\/vilnius\/wp-json\/wp\/v2\/comments?post=8725"}],"version-history":[{"count":5,"href":"https:\/\/instytutpolski.pl\/vilnius\/wp-json\/wp\/v2\/posts\/8725\/revisions"}],"predecessor-version":[{"id":8738,"href":"https:\/\/instytutpolski.pl\/vilnius\/wp-json\/wp\/v2\/posts\/8725\/revisions\/8738"}],"wp:featuredmedia":[{"embeddable":true,"href":"https:\/\/instytutpolski.pl\/vilnius\/wp-json\/wp\/v2\/media\/8726"}],"wp:attachment":[{"href":"https:\/\/instytutpolski.pl\/vilnius\/wp-json\/wp\/v2\/media?parent=8725"}],"wp:term":[{"taxonomy":"category","embeddable":true,"href":"https:\/\/instytutpolski.pl\/vilnius\/wp-json\/wp\/v2\/categories?post=8725"},{"taxonomy":"post_tag","embeddable":true,"href":"https:\/\/instytutpolski.pl\/vilnius\/wp-json\/wp\/v2\/tags?post=8725"}],"curies":[{"name":"wp","href":"https:\/\/api.w.org\/{rel}","templated":true}]}}