{"id":8739,"date":"2026-03-19T11:05:19","date_gmt":"2026-03-19T10:05:19","guid":{"rendered":"https:\/\/instytutpolski.pl\/vilnius\/?p=8739"},"modified":"2026-03-19T11:43:42","modified_gmt":"2026-03-19T10:43:42","slug":"siedem-samotnosci-rez-robert-wilson-charles-chemin","status":"publish","type":"post","link":"https:\/\/instytutpolski.pl\/vilnius\/pl\/2026\/03\/19\/siedem-samotnosci-rez-robert-wilson-charles-chemin\/","title":{"rendered":"\u201eSiedem samotno\u015bci\u201d, re\u017c. Robert Wilson, Charles Chemin"},"content":{"rendered":"\n<p class=\"has-text-align-center has-medium-font-size\"><em>na podstawie tw\u00f3rczo\u015bci Oskara Mi\u0142osza<\/em><\/p>\n\n\n\n<div style=\"height:25px\" aria-hidden=\"true\" class=\"wp-block-spacer\"><\/div>\n\n\n\n<p>Jedno z najbardziej wyczekiwanych wydarze\u0144 kulturalnych na Litwie i w Europie \u2013 \u015bwiatowa premiera spektaklu \u201eSiedem samotno\u015bci\u201d, po\u015bwi\u0119conego pami\u0119ci Roberta Wilsona (1941\u20132025).<\/p>\n\n\n\n<div style=\"height:28px\" aria-hidden=\"true\" class=\"wp-block-spacer\"><\/div>\n\n\n\n<p>Narodowy Teatr Dramatyczny w Kownie (Laisv\u0117s al. 71, Kowno)<\/p>\n\n\n\n<p><strong>Premiera \u2013 20-22 marca 2026 r. na Scenie G\u0142\u00f3wnej!<\/strong><\/p>\n\n\n\n<p>20-22 marca 2026 r., godz. 19:00<\/p>\n\n\n\n<p>27-28 marca 2026 r., godz. 19:00<\/p>\n\n\n\n<p>29 marca 2026 r., godz. 15:00<\/p>\n\n\n\n<p>Kolejne pokazy zaplanowano na 24, 26, 27 i 28 maja.<\/p>\n\n\n\n<div style=\"height:15px\" aria-hidden=\"true\" class=\"wp-block-spacer\"><\/div>\n\n\n\n<p>Spektakl dla widz\u00f3w powy\u017cej 14 roku \u017cycia.<\/p>\n\n\n\n<p>Czas trwania: 90 minut (bez przerwy).<\/p>\n\n\n\n<div style=\"height:27px\" aria-hidden=\"true\" class=\"wp-block-spacer\"><\/div>\n\n\n\n<figure class=\"wp-block-image size-large\"><img loading=\"lazy\" decoding=\"async\" width=\"1024\" height=\"683\" src=\"https:\/\/instytutpolski.pl\/vilnius\/wp-content\/uploads\/sites\/24\/2026\/03\/2026_7SOLI031090R-scaled-1-1024x683.jpg\" alt=\"\" class=\"wp-image-8728\" srcset=\"https:\/\/instytutpolski.pl\/vilnius\/wp-content\/uploads\/sites\/24\/2026\/03\/2026_7SOLI031090R-scaled-1-1024x683.jpg 1024w, https:\/\/instytutpolski.pl\/vilnius\/wp-content\/uploads\/sites\/24\/2026\/03\/2026_7SOLI031090R-scaled-1-300x200.jpg 300w, https:\/\/instytutpolski.pl\/vilnius\/wp-content\/uploads\/sites\/24\/2026\/03\/2026_7SOLI031090R-scaled-1-768x512.jpg 768w, https:\/\/instytutpolski.pl\/vilnius\/wp-content\/uploads\/sites\/24\/2026\/03\/2026_7SOLI031090R-scaled-1-1536x1024.jpg 1536w, https:\/\/instytutpolski.pl\/vilnius\/wp-content\/uploads\/sites\/24\/2026\/03\/2026_7SOLI031090R-scaled-1-2048x1366.jpg 2048w\" sizes=\"auto, (max-width: 1024px) 100vw, 1024px\" \/><figcaption class=\"wp-element-caption\"><sub>Fot. L. Jansch<\/sub><\/figcaption><\/figure>\n\n\n\n<div style=\"height:17px\" aria-hidden=\"true\" class=\"wp-block-spacer\"><\/div>\n\n\n\n<p>\u201eSiedem samotno\u015bci\u201d to poetycka podr\u00f3\u017c przez tw\u00f3rczo\u015b\u0107 Oscara Mi\u0142osza oraz wyobra\u017ani\u0119 tw\u00f3rcz\u0105 Roberta Wilsona.<\/p>\n\n\n\n<p>Spektakl \u0142\u0105czy poezj\u0119, proz\u0119, ba\u015bnie oraz utwory dramatyczne i&nbsp;metafizyczne Mi\u0142osza, stawiaj\u0105c egzystencjalne pytania o&nbsp;ludzko\u015b\u0107 i&nbsp;jej miejsce w&nbsp;bezkresnym wszech\u015bwiecie. Jednocze\u015bnie bada g\u0142\u0119bi\u0119 mi\u0142o\u015bci i&nbsp;samotno\u015bci, przeczucie \u015bmierci, poszukiwanie \u015bwiat\u0142a i&nbsp;harmonii oraz up\u0142yw czasu. W&nbsp;centrum znajduje si\u0119 posta\u0107 poety \u2013 fascynuj\u0105ca figura, dzi\u0119ki kt\u00f3rej nasz \u015bwiat staje si\u0119 zarazem bardziej z\u0142o\u017cony i&nbsp;\u0142atwiejszy do zrozumienia.<\/p>\n\n\n\n<div style=\"height:20px\" aria-hidden=\"true\" class=\"wp-block-spacer\"><\/div>\n\n\n\n<figure class=\"wp-block-image size-large\"><img loading=\"lazy\" decoding=\"async\" width=\"1024\" height=\"683\" src=\"https:\/\/instytutpolski.pl\/vilnius\/wp-content\/uploads\/sites\/24\/2026\/03\/2026_7SOLI031006R-scaled-1-1024x683.jpg\" alt=\"\" class=\"wp-image-8729\" srcset=\"https:\/\/instytutpolski.pl\/vilnius\/wp-content\/uploads\/sites\/24\/2026\/03\/2026_7SOLI031006R-scaled-1-1024x683.jpg 1024w, https:\/\/instytutpolski.pl\/vilnius\/wp-content\/uploads\/sites\/24\/2026\/03\/2026_7SOLI031006R-scaled-1-300x200.jpg 300w, https:\/\/instytutpolski.pl\/vilnius\/wp-content\/uploads\/sites\/24\/2026\/03\/2026_7SOLI031006R-scaled-1-768x512.jpg 768w, https:\/\/instytutpolski.pl\/vilnius\/wp-content\/uploads\/sites\/24\/2026\/03\/2026_7SOLI031006R-scaled-1-1536x1024.jpg 1536w, https:\/\/instytutpolski.pl\/vilnius\/wp-content\/uploads\/sites\/24\/2026\/03\/2026_7SOLI031006R-scaled-1-2048x1366.jpg 2048w\" sizes=\"auto, (max-width: 1024px) 100vw, 1024px\" \/><figcaption class=\"wp-element-caption\"><sub>Fot. L. Jansch<\/sub><\/figcaption><\/figure>\n\n\n\n<div style=\"height:17px\" aria-hidden=\"true\" class=\"wp-block-spacer\"><\/div>\n\n\n\n<p>W swojej w\u0119dr\u00f3wce przywo\u0142uje on wyobra\u017conego sobowt\u00f3ra \u2013 s\u0142ynn\u0105 posta\u0107 dramatyczn\u0105 Don Juana \u2013 z&nbsp;fragment\u00f3w sztuki napisanej przez Mi\u0142osza w&nbsp;m\u0142odo\u015bci, pe\u0142nej g\u0142odu \u017cycia i&nbsp;pragnienia podboju \u015bwiata. Sceny te przeplataj\u0105 si\u0119 z&nbsp;fragmentami p\u00f3\u017aniejszego dramatu \u201eMiguel Ma\u00f1ara\u201d, w&nbsp;kt\u00f3rym g\u0142\u00f3wny bohater, Don Juan z&nbsp;Sewilli, poszukuje odkupienia.<\/p>\n\n\n\n<div style=\"height:25px\" aria-hidden=\"true\" class=\"wp-block-spacer\"><\/div>\n\n\n\n<figure class=\"wp-block-image size-large\"><img loading=\"lazy\" decoding=\"async\" width=\"1024\" height=\"683\" src=\"https:\/\/instytutpolski.pl\/vilnius\/wp-content\/uploads\/sites\/24\/2026\/03\/2026_7SOLI031001R-scaled-1-1024x683.jpg\" alt=\"\" class=\"wp-image-8727\" srcset=\"https:\/\/instytutpolski.pl\/vilnius\/wp-content\/uploads\/sites\/24\/2026\/03\/2026_7SOLI031001R-scaled-1-1024x683.jpg 1024w, https:\/\/instytutpolski.pl\/vilnius\/wp-content\/uploads\/sites\/24\/2026\/03\/2026_7SOLI031001R-scaled-1-300x200.jpg 300w, https:\/\/instytutpolski.pl\/vilnius\/wp-content\/uploads\/sites\/24\/2026\/03\/2026_7SOLI031001R-scaled-1-768x512.jpg 768w, https:\/\/instytutpolski.pl\/vilnius\/wp-content\/uploads\/sites\/24\/2026\/03\/2026_7SOLI031001R-scaled-1-1536x1024.jpg 1536w, https:\/\/instytutpolski.pl\/vilnius\/wp-content\/uploads\/sites\/24\/2026\/03\/2026_7SOLI031001R-scaled-1-2048x1366.jpg 2048w\" sizes=\"auto, (max-width: 1024px) 100vw, 1024px\" \/><figcaption class=\"wp-element-caption\"><sub>Fot. L. Jansch<\/sub><\/figcaption><\/figure>\n\n\n\n<div style=\"height:23px\" aria-hidden=\"true\" class=\"wp-block-spacer\"><\/div>\n\n\n\n<p>Ten niezwyk\u0142y wszech\u015bwiat Mi\u0142osza o\u017cywa dzi\u0119ki poetyckiej wizji Wilsona, zbudowanej z&nbsp;niepokoj\u0105cych, subiektywnych abstrakcji i&nbsp;sugestywnych obraz\u00f3w scenicznych. Aktorzy tworz\u0105 uniwersalne postacie, ods\u0142aniaj\u0105ce z\u0142o\u017cono\u015b\u0107, pi\u0119kno i&nbsp;absurd ludzkiej duszy. Pod\u0105\u017camy za figur\u0105 poety, obserwuj\u0105c powstawanie \u015bwiat\u00f3w jego wyobra\u017ani, proces tw\u00f3rczy oraz granice, kt\u00f3re przekracza. B\u0142\u0105dz\u0105c pomi\u0119dzy w\u0105tpliwo\u015bciami a&nbsp;zachwytem, badaj\u0105c nieokre\u015blone przestrzenie, kt\u00f3re pozostan\u0105 tajemnic\u0105, prowadzi nas ku wolno\u015bci dost\u0119pnej jedynie poetom \u2013 ku bezkresnemu celowi, jakim jest wieczno\u015b\u0107.<\/p>\n\n\n\n<div style=\"height:20px\" aria-hidden=\"true\" class=\"wp-block-spacer\"><\/div>\n\n\n\n<figure class=\"wp-block-image size-large\"><img loading=\"lazy\" decoding=\"async\" width=\"1024\" height=\"683\" src=\"https:\/\/instytutpolski.pl\/vilnius\/wp-content\/uploads\/sites\/24\/2026\/03\/2026_7SOLI031012R-scaled-1-1024x683.jpg\" alt=\"\" class=\"wp-image-8732\" srcset=\"https:\/\/instytutpolski.pl\/vilnius\/wp-content\/uploads\/sites\/24\/2026\/03\/2026_7SOLI031012R-scaled-1-1024x683.jpg 1024w, https:\/\/instytutpolski.pl\/vilnius\/wp-content\/uploads\/sites\/24\/2026\/03\/2026_7SOLI031012R-scaled-1-300x200.jpg 300w, https:\/\/instytutpolski.pl\/vilnius\/wp-content\/uploads\/sites\/24\/2026\/03\/2026_7SOLI031012R-scaled-1-768x512.jpg 768w, https:\/\/instytutpolski.pl\/vilnius\/wp-content\/uploads\/sites\/24\/2026\/03\/2026_7SOLI031012R-scaled-1-1536x1024.jpg 1536w, https:\/\/instytutpolski.pl\/vilnius\/wp-content\/uploads\/sites\/24\/2026\/03\/2026_7SOLI031012R-scaled-1-2048x1366.jpg 2048w\" sizes=\"auto, (max-width: 1024px) 100vw, 1024px\" \/><figcaption class=\"wp-element-caption\"><sub>Fot. L. Jansch<\/sub><\/figcaption><\/figure>\n\n\n\n<div style=\"height:24px\" aria-hidden=\"true\" class=\"wp-block-spacer\"><\/div>\n\n\n\n<p>Spektakl jest jedn\u0105 z dw\u00f3ch produkcji ze spu\u015bcizny Roberta Wilsona, kt\u00f3re b\u0119d\u0105 mia\u0142y premier\u0119 po jego odej\u015bciu. Miesi\u0105c przed \u015bmierci\u0105 (31 lipca 2025 r.) artysta zako\u0144czy\u0142 re\u017cyseri\u0119 i projektowanie spektaklu, powierzaj\u0105c swoim wsp\u00f3\u0142pracownikom doprowadzenie dzie\u0142a na scen\u0119.<\/p>\n\n\n\n<p>Robert Wilson pragn\u0105\u0142 zadedykowa\u0107 t\u0119 produkcj\u0119&nbsp;Audrey Butvay Gruss.<\/p>\n\n\n\n<div style=\"height:29px\" aria-hidden=\"true\" class=\"wp-block-spacer\"><\/div>\n\n\n\n<figure class=\"wp-block-image size-large\"><img loading=\"lazy\" decoding=\"async\" width=\"1024\" height=\"683\" src=\"https:\/\/instytutpolski.pl\/vilnius\/wp-content\/uploads\/sites\/24\/2026\/03\/2026_7SOLI031030R-scaled-1-1024x683.jpg\" alt=\"\" class=\"wp-image-8730\" srcset=\"https:\/\/instytutpolski.pl\/vilnius\/wp-content\/uploads\/sites\/24\/2026\/03\/2026_7SOLI031030R-scaled-1-1024x683.jpg 1024w, https:\/\/instytutpolski.pl\/vilnius\/wp-content\/uploads\/sites\/24\/2026\/03\/2026_7SOLI031030R-scaled-1-300x200.jpg 300w, https:\/\/instytutpolski.pl\/vilnius\/wp-content\/uploads\/sites\/24\/2026\/03\/2026_7SOLI031030R-scaled-1-768x512.jpg 768w, https:\/\/instytutpolski.pl\/vilnius\/wp-content\/uploads\/sites\/24\/2026\/03\/2026_7SOLI031030R-scaled-1-1536x1024.jpg 1536w, https:\/\/instytutpolski.pl\/vilnius\/wp-content\/uploads\/sites\/24\/2026\/03\/2026_7SOLI031030R-scaled-1-2048x1366.jpg 2048w\" sizes=\"auto, (max-width: 1024px) 100vw, 1024px\" \/><figcaption class=\"wp-element-caption\"><sub>Fot. L. Jansch<\/sub><\/figcaption><\/figure>\n\n\n\n<div style=\"height:26px\" aria-hidden=\"true\" class=\"wp-block-spacer\"><\/div>\n\n\n\n<p><strong>Tw\u00f3rcy:<\/strong><\/p>\n\n\n\n<p>Re\u017cyseria, scenografia i koncepcja o\u015bwietlenia \u2013 Robert Wilson<\/p>\n\n\n\n<p>Re\u017cyser wsp\u00f3\u0142pracuj\u0105cy i autor adaptacji tekstu \u2013 Charles Chemin<\/p>\n\n\n\n<p>Scenograf wsp\u00f3\u0142pracuj\u0105ca \u2013 Stephanie Engeln<\/p>\n\n\n\n<p>Autor \u015bwiat\u0142a wsp\u00f3\u0142pracuj\u0105cy \u2013 Marcello Lumaca<\/p>\n\n\n\n<p>Kompozytor \u2013 Hans-J\u00f6rn Brandenburg<\/p>\n\n\n\n<p>Autorka kostium\u00f3w \u2013 Flavia Ruggeri<\/p>\n\n\n\n<p>Autorka fryzur i charakteryzacji \u2013 Manu Halligan<\/p>\n\n\n\n<p>Artysta wideo \u2013 Tomasz Jeziorski<\/p>\n\n\n\n<p>Obsada: Martyna Gedvilait\u0117, K\u0119stutis Jak\u0161tas, Gytis Laskovas, Migl\u0117 Navasaityt\u0117, Agnieszka Ravdo, Dainius Svobonas, Vladimiras \u0160erstabojevas.<\/p>\n\n\n\n<div style=\"height:27px\" aria-hidden=\"true\" class=\"wp-block-spacer\"><\/div>\n\n\n\n<figure class=\"wp-block-image size-large\"><img loading=\"lazy\" decoding=\"async\" width=\"1024\" height=\"683\" src=\"https:\/\/instytutpolski.pl\/vilnius\/wp-content\/uploads\/sites\/24\/2026\/03\/2026_7SOLI0310108R-scaled-1-1024x683.jpg\" alt=\"\" class=\"wp-image-8731\" srcset=\"https:\/\/instytutpolski.pl\/vilnius\/wp-content\/uploads\/sites\/24\/2026\/03\/2026_7SOLI0310108R-scaled-1-1024x683.jpg 1024w, https:\/\/instytutpolski.pl\/vilnius\/wp-content\/uploads\/sites\/24\/2026\/03\/2026_7SOLI0310108R-scaled-1-300x200.jpg 300w, https:\/\/instytutpolski.pl\/vilnius\/wp-content\/uploads\/sites\/24\/2026\/03\/2026_7SOLI0310108R-scaled-1-768x512.jpg 768w, https:\/\/instytutpolski.pl\/vilnius\/wp-content\/uploads\/sites\/24\/2026\/03\/2026_7SOLI0310108R-scaled-1-1536x1024.jpg 1536w, https:\/\/instytutpolski.pl\/vilnius\/wp-content\/uploads\/sites\/24\/2026\/03\/2026_7SOLI0310108R-scaled-1-2048x1366.jpg 2048w\" sizes=\"auto, (max-width: 1024px) 100vw, 1024px\" \/><figcaption class=\"wp-element-caption\"><sub>Fot. L. Jansch<\/sub><\/figcaption><\/figure>\n\n\n\n<div style=\"height:25px\" aria-hidden=\"true\" class=\"wp-block-spacer\"><\/div>\n\n\n\n<p>Wi\u0119cej informacji oraz bilety:&nbsp; <a href=\"https:\/\/dramosteatras.lt\/shows\/septynios-vienatves\/#full-review\" target=\"_blank\" rel=\"noreferrer noopener\">\u201eSiedem samotno\u015bci\u201d<\/a><\/p>\n\n\n\n<p>Produkcja realizowana jest we wsp\u00f3\u0142pracy z Teatr im. Wilama Horzycy w Toruniu.<\/p>\n\n\n\n<p>Polska prapremiera \u201eSiedmiu samotno\u015bci\u201d Roberta Wilsona odb\u0119dzie si\u0119 29 maja 2026 r. w Toruniu, gdzie spektakl otworzy 30. Mi\u0119dzynarodowy Festiwal Teatralny \u201eKontakt\u201d.<\/p>\n","protected":false},"excerpt":{"rendered":"<p>na podstawie tw\u00f3rczo\u015bci Oskara Mi\u0142osza Jedno z najbardziej wyczekiwanych wydarze\u0144 kulturalnych na Litwie i w Europie \u2013 \u015bwiatowa premiera spektaklu \u201eSiedem samotno\u015bci\u201d, po\u015bwi\u0119conego pami\u0119ci Roberta Wilsona (1941\u20132025). Narodowy Teatr Dramatyczny w Kownie (Laisv\u0117s al. 71, Kowno) Premiera \u2013 20-22 marca 2026 r. na Scenie G\u0142\u00f3wnej! 20-22 marca 2026 r., godz. 19:00 27-28 marca 2026 r., [&hellip;]<\/p>\n","protected":false},"author":179,"featured_media":8726,"comment_status":"open","ping_status":"open","sticky":false,"template":"","format":"standard","meta":{"inline_featured_image":false,"_monsterinsights_skip_tracking":false,"_monsterinsights_sitenote_active":false,"_monsterinsights_sitenote_note":"","_monsterinsights_sitenote_category":0,"footnotes":""},"categories":[36,51,95],"tags":[],"class_list":["post-8739","post","type-post","status-publish","format-standard","has-post-thumbnail","hentry","category-aktualnosci","category-teatr","category-wydarzenia"],"yoast_head":"<!-- This site is optimized with the Yoast SEO plugin v24.6 - https:\/\/yoast.com\/wordpress\/plugins\/seo\/ -->\n<title>\u201eSiedem samotno\u015bci\u201d, re\u017c. Robert Wilson, Charles Chemin - Instytut Polski w Wilnie<\/title>\n<meta name=\"robots\" content=\"index, follow, max-snippet:-1, max-image-preview:large, max-video-preview:-1\" \/>\n<link rel=\"canonical\" href=\"https:\/\/instytutpolski.pl\/vilnius\/pl\/2026\/03\/19\/siedem-samotnosci-rez-robert-wilson-charles-chemin\/\" \/>\n<meta property=\"og:locale\" content=\"pl_PL\" \/>\n<meta property=\"og:type\" content=\"article\" \/>\n<meta property=\"og:title\" content=\"\u201eSiedem samotno\u015bci\u201d, re\u017c. Robert Wilson, Charles Chemin - Instytut Polski w Wilnie\" \/>\n<meta property=\"og:description\" content=\"na podstawie tw\u00f3rczo\u015bci Oskara Mi\u0142osza Jedno z najbardziej wyczekiwanych wydarze\u0144 kulturalnych na Litwie i w Europie \u2013 \u015bwiatowa premiera spektaklu \u201eSiedem samotno\u015bci\u201d, po\u015bwi\u0119conego pami\u0119ci Roberta Wilsona (1941\u20132025). Narodowy Teatr Dramatyczny w Kownie (Laisv\u0117s al. 71, Kowno) Premiera \u2013 20-22 marca 2026 r. na Scenie G\u0142\u00f3wnej! 20-22 marca 2026 r., godz. 19:00 27-28 marca 2026 r., [&hellip;]\" \/>\n<meta property=\"og:url\" content=\"https:\/\/instytutpolski.pl\/vilnius\/pl\/2026\/03\/19\/siedem-samotnosci-rez-robert-wilson-charles-chemin\/\" \/>\n<meta property=\"og:site_name\" content=\"Instytut Polski w Wilnie\" \/>\n<meta property=\"article:published_time\" content=\"2026-03-19T10:05:19+00:00\" \/>\n<meta property=\"article:modified_time\" content=\"2026-03-19T10:43:42+00:00\" \/>\n<meta property=\"og:image\" content=\"https:\/\/instytutpolski.pl\/vilnius\/wp-content\/uploads\/sites\/24\/2026\/03\/World-Premiere-Invitation-\u2013-Seven-Solitudes.jpg\" \/>\n\t<meta property=\"og:image:width\" content=\"820\" \/>\n\t<meta property=\"og:image:height\" content=\"360\" \/>\n\t<meta property=\"og:image:type\" content=\"image\/jpeg\" \/>\n<meta name=\"author\" content=\"strielkunasr\" \/>\n<meta name=\"twitter:card\" content=\"summary_large_image\" \/>\n<meta name=\"twitter:label1\" content=\"Napisane przez\" \/>\n\t<meta name=\"twitter:data1\" content=\"strielkunasr\" \/>\n\t<meta name=\"twitter:label2\" content=\"Szacowany czas czytania\" \/>\n\t<meta name=\"twitter:data2\" content=\"5 minut\" \/>\n<script type=\"application\/ld+json\" class=\"yoast-schema-graph\">{\"@context\":\"https:\/\/schema.org\",\"@graph\":[{\"@type\":\"event\",\"@id\":\"https:\/\/instytutpolski.pl\/vilnius\/pl\/2026\/03\/19\/siedem-samotnosci-rez-robert-wilson-charles-chemin\/\",\"url\":\"https:\/\/instytutpolski.pl\/vilnius\/pl\/2026\/03\/19\/siedem-samotnosci-rez-robert-wilson-charles-chemin\/\",\"name\":\"\u201eSiedem samotno\u015bci\u201d, re\u017c. Robert Wilson, Charles Chemin\",\"isPartOf\":{\"@id\":\"https:\/\/instytutpolski.pl\/vilnius\/#website\"},\"primaryImageOfPage\":{\"@id\":\"https:\/\/instytutpolski.pl\/vilnius\/pl\/2026\/03\/19\/siedem-samotnosci-rez-robert-wilson-charles-chemin\/#primaryimage\"},\"image\":[\"https:\/\/instytutpolski.pl\/vilnius\/wp-content\/uploads\/sites\/24\/2026\/03\/World-Premiere-Invitation-\u2013-Seven-Solitudes.jpg\",\"https:\/\/instytutpolski.pl\/vilnius\/wp-content\/uploads\/sites\/24\/2026\/03\/World-Premiere-Invitation-\u2013-Seven-Solitudes-300x132.jpg\",\"https:\/\/instytutpolski.pl\/vilnius\/wp-content\/uploads\/sites\/24\/2026\/03\/World-Premiere-Invitation-\u2013-Seven-Solitudes.jpg\",\"https:\/\/instytutpolski.pl\/vilnius\/wp-content\/uploads\/sites\/24\/2026\/03\/World-Premiere-Invitation-\u2013-Seven-Solitudes.jpg\"],\"thumbnailUrl\":\"https:\/\/instytutpolski.pl\/vilnius\/wp-content\/uploads\/sites\/24\/2026\/03\/World-Premiere-Invitation-\u2013-Seven-Solitudes.jpg\",\"datePublished\":\"2026-03-19T10:05:19+02:00\",\"dateModified\":\"2026-03-19T10:43:42+02:00\",\"author\":{\"@id\":\"https:\/\/instytutpolski.pl\/vilnius\/#\/schema\/person\/0fe71ab8ff05e4d313f18753e7735a3c\"},\"breadcrumb\":{\"@id\":\"https:\/\/instytutpolski.pl\/vilnius\/pl\/2026\/03\/19\/siedem-samotnosci-rez-robert-wilson-charles-chemin\/#breadcrumb\"},\"inLanguage\":\"pl-PL\",\"potentialAction\":[{\"@type\":\"ReadAction\",\"target\":[\"https:\/\/instytutpolski.pl\/vilnius\/pl\/2026\/03\/19\/siedem-samotnosci-rez-robert-wilson-charles-chemin\/\"]}],\"@context\":\"https:\/\/schema.org\",\"startDate\":\"2026-03-20\",\"endDate\":\"2026-03-29\",\"eventStatus\":\"EventScheduled\",\"eventAttendanceMode\":\"OfflineEventAttendanceMode\",\"location\":{\"@type\":\"place\",\"name\":\"\",\"address\":\"\",\"geo\":{\"@type\":\"GeoCoordinates\",\"latitude\":\"\",\"longitude\":\"\"}},\"description\":\"na podstawie tw\u00f3rczo\u015bci Oskara Mi\u0142osza\\nJedno z najbardziej wyczekiwanych wydarze\u0144 kulturalnych na Litwie i w Europie \u2013 \u015bwiatowa premiera spektaklu \u201eSiedem samotno\u015bci\u201d, po\u015bwi\u0119conego pami\u0119ci Roberta Wilsona (1941\u20132025).\\nNarodowy Teatr Dramatyczny w Kownie (Laisv\u0117s al. 71, Kowno)\\nPremiera \u2013 20-22 marca 2026 r. na Scenie G\u0142\u00f3wnej!\\n20-22 marca 2026 r., godz. 19:00\\n27-28 marca 2026 r., godz. 19:00\\n29 marca 2026 r., godz. 15:00\\nKolejne pokazy zaplanowano na 24, 26, 27 i 28 maja.\\nSpektakl dla widz\u00f3w powy\u017cej 14 roku \u017cycia.\\nCzas trwania: 90 minut (bez przerwy).\\n\u201eSiedem samotno\u015bci\u201d to poetycka podr\u00f3\u017c przez tw\u00f3rczo\u015b\u0107 Oscara Mi\u0142osza oraz wyobra\u017ani\u0119 tw\u00f3rcz\u0105 Roberta Wilsona.\\nSpektakl \u0142\u0105czy poezj\u0119, proz\u0119, ba\u015bnie oraz utwory dramatyczne i metafizyczne Mi\u0142osza, stawiaj\u0105c egzystencjalne pytania o ludzko\u015b\u0107 i jej miejsce w bezkresnym wszech\u015bwiecie. Jednocze\u015bnie bada g\u0142\u0119bi\u0119 mi\u0142o\u015bci i samotno\u015bci, przeczucie \u015bmierci, poszukiwanie \u015bwiat\u0142a i harmonii oraz up\u0142yw czasu. W centrum znajduje si\u0119 posta\u0107 poety \u2013 fascynuj\u0105ca figura, dzi\u0119ki kt\u00f3rej nasz \u015bwiat staje si\u0119 zarazem bardziej z\u0142o\u017cony i \u0142atwiejszy do zrozumienia.\\nW swojej w\u0119dr\u00f3wce przywo\u0142uje on wyobra\u017conego sobowt\u00f3ra \u2013 s\u0142ynn\u0105 posta\u0107 dramatyczn\u0105 Don Juana \u2013 z fragment\u00f3w sztuki napisanej przez Mi\u0142osza w m\u0142odo\u015bci, pe\u0142nej g\u0142odu \u017cycia i pragnienia podboju \u015bwiata. Sceny te przeplataj\u0105 si\u0119 z fragmentami p\u00f3\u017aniejszego dramatu \u201eMiguel Ma\u00f1ara\u201d, w kt\u00f3rym g\u0142\u00f3wny bohater, Don Juan z Sewilli, poszukuje odkupienia.\\nTen niezwyk\u0142y wszech\u015bwiat Mi\u0142osza o\u017cywa dzi\u0119ki poetyckiej wizji Wilsona, zbudowanej z niepokoj\u0105cych, subiektywnych abstrakcji i sugestywnych obraz\u00f3w scenicznych. Aktorzy tworz\u0105 uniwersalne postacie, ods\u0142aniaj\u0105ce z\u0142o\u017cono\u015b\u0107, pi\u0119kno i absurd ludzkiej duszy. Pod\u0105\u017camy za figur\u0105 poety, obserwuj\u0105c powstawanie \u015bwiat\u00f3w jego wyobra\u017ani, proces tw\u00f3rczy oraz granice, kt\u00f3re przekracza. B\u0142\u0105dz\u0105c pomi\u0119dzy w\u0105tpliwo\u015bciami a zachwytem, badaj\u0105c nieokre\u015blone przestrzenie, kt\u00f3re pozostan\u0105 tajemnic\u0105, prowadzi nas ku wolno\u015bci dost\u0119pnej jedynie poetom \u2013 ku bezkresnemu celowi, jakim jest wieczno\u015b\u0107.\\nSpektakl jest jedn\u0105 z dw\u00f3ch produkcji ze spu\u015bcizny Roberta Wilsona, kt\u00f3re b\u0119d\u0105 mia\u0142y premier\u0119 po jego odej\u015bciu. Miesi\u0105c przed \u015bmierci\u0105 (31 lipca 2025 r.) artysta zako\u0144czy\u0142 re\u017cyseri\u0119 i projektowanie spektaklu, powierzaj\u0105c swoim wsp\u00f3\u0142pracownikom doprowadzenie dzie\u0142a na scen\u0119.\\nRobert Wilson pragn\u0105\u0142 zadedykowa\u0107 t\u0119 produkcj\u0119 Audrey Butvay Gruss.\\nTw\u00f3rcy:\\nRe\u017cyseria, scenografia i koncepcja o\u015bwietlenia \u2013 Robert Wilson\\nRe\u017cyser wsp\u00f3\u0142pracuj\u0105cy i autor adaptacji tekstu \u2013 Charles Chemin\\nScenograf wsp\u00f3\u0142pracuj\u0105ca \u2013 Stephanie Engeln\\nAutor \u015bwiat\u0142a wsp\u00f3\u0142pracuj\u0105cy \u2013 Marcello Lumaca\\nKompozytor \u2013 Hans-J\u00f6rn Brandenburg\\nAutorka kostium\u00f3w \u2013 Flavia Ruggeri\\nAutorka fryzur i charakteryzacji \u2013 Manu Halligan\\nArtysta wideo \u2013 Tomasz Jeziorski\\nObsada: Martyna Gedvilait\u0117, K\u0119stutis Jak\u0161tas, Gytis Laskovas, Migl\u0117 Navasaityt\u0117, Agnieszka Ravdo, Dainius Svobonas, Vladimiras \u0160erstabojevas.\\nWi\u0119cej informacji oraz bilety:  \u201eSiedem samotno\u015bci\u201d\\nProdukcja realizowana jest we wsp\u00f3\u0142pracy z Teatr im. Wilama Horzycy w Toruniu.\\nPolska prapremiera \u201eSiedmiu samotno\u015bci\u201d Roberta Wilsona odb\u0119dzie si\u0119 29 maja 2026 r. w Toruniu, gdzie spektakl otworzy 30. Mi\u0119dzynarodowy Festiwal Teatralny \u201eKontakt\u201d.\"},{\"@type\":\"ImageObject\",\"inLanguage\":\"pl-PL\",\"@id\":\"https:\/\/instytutpolski.pl\/vilnius\/pl\/2026\/03\/19\/siedem-samotnosci-rez-robert-wilson-charles-chemin\/#primaryimage\",\"url\":\"https:\/\/instytutpolski.pl\/vilnius\/wp-content\/uploads\/sites\/24\/2026\/03\/World-Premiere-Invitation-\u2013-Seven-Solitudes.jpg\",\"contentUrl\":\"https:\/\/instytutpolski.pl\/vilnius\/wp-content\/uploads\/sites\/24\/2026\/03\/World-Premiere-Invitation-\u2013-Seven-Solitudes.jpg\",\"width\":820,\"height\":360},{\"@type\":\"BreadcrumbList\",\"@id\":\"https:\/\/instytutpolski.pl\/vilnius\/pl\/2026\/03\/19\/siedem-samotnosci-rez-robert-wilson-charles-chemin\/#breadcrumb\",\"itemListElement\":[{\"@type\":\"ListItem\",\"position\":1,\"name\":\"Home\",\"item\":\"https:\/\/instytutpolski.pl\/vilnius\/\"},{\"@type\":\"ListItem\",\"position\":2,\"name\":\"\u201eSiedem samotno\u015bci\u201d, re\u017c. Robert Wilson, Charles Chemin\"}]},{\"@type\":\"WebSite\",\"@id\":\"https:\/\/instytutpolski.pl\/vilnius\/#website\",\"url\":\"https:\/\/instytutpolski.pl\/vilnius\/\",\"name\":\"Instytut Polski w Wilnie\",\"description\":\"Instytuty Polskie\",\"potentialAction\":[{\"@type\":\"SearchAction\",\"target\":{\"@type\":\"EntryPoint\",\"urlTemplate\":\"https:\/\/instytutpolski.pl\/vilnius\/?s={search_term_string}\"},\"query-input\":{\"@type\":\"PropertyValueSpecification\",\"valueRequired\":true,\"valueName\":\"search_term_string\"}}],\"inLanguage\":\"pl-PL\"},{\"@type\":\"Person\",\"@id\":\"https:\/\/instytutpolski.pl\/vilnius\/#\/schema\/person\/0fe71ab8ff05e4d313f18753e7735a3c\",\"name\":\"strielkunasr\",\"image\":{\"@type\":\"ImageObject\",\"inLanguage\":\"pl-PL\",\"@id\":\"https:\/\/instytutpolski.pl\/vilnius\/#\/schema\/person\/image\/\",\"url\":\"https:\/\/secure.gravatar.com\/avatar\/1f685238784360c3347cf65c78e0c870?s=96&d=mm&r=g\",\"contentUrl\":\"https:\/\/secure.gravatar.com\/avatar\/1f685238784360c3347cf65c78e0c870?s=96&d=mm&r=g\",\"caption\":\"strielkunasr\"},\"url\":\"https:\/\/instytutpolski.pl\/vilnius\/author\/strielkunasr\/\"}]}<\/script>\n<!-- \/ Yoast SEO plugin. -->","yoast_head_json":{"title":"\u201eSiedem samotno\u015bci\u201d, re\u017c. Robert Wilson, Charles Chemin - Instytut Polski w Wilnie","robots":{"index":"index","follow":"follow","max-snippet":"max-snippet:-1","max-image-preview":"max-image-preview:large","max-video-preview":"max-video-preview:-1"},"canonical":"https:\/\/instytutpolski.pl\/vilnius\/pl\/2026\/03\/19\/siedem-samotnosci-rez-robert-wilson-charles-chemin\/","og_locale":"pl_PL","og_type":"article","og_title":"\u201eSiedem samotno\u015bci\u201d, re\u017c. Robert Wilson, Charles Chemin - Instytut Polski w Wilnie","og_description":"na podstawie tw\u00f3rczo\u015bci Oskara Mi\u0142osza Jedno z najbardziej wyczekiwanych wydarze\u0144 kulturalnych na Litwie i w Europie \u2013 \u015bwiatowa premiera spektaklu \u201eSiedem samotno\u015bci\u201d, po\u015bwi\u0119conego pami\u0119ci Roberta Wilsona (1941\u20132025). Narodowy Teatr Dramatyczny w Kownie (Laisv\u0117s al. 71, Kowno) Premiera \u2013 20-22 marca 2026 r. na Scenie G\u0142\u00f3wnej! 20-22 marca 2026 r., godz. 19:00 27-28 marca 2026 r., [&hellip;]","og_url":"https:\/\/instytutpolski.pl\/vilnius\/pl\/2026\/03\/19\/siedem-samotnosci-rez-robert-wilson-charles-chemin\/","og_site_name":"Instytut Polski w Wilnie","article_published_time":"2026-03-19T10:05:19+00:00","article_modified_time":"2026-03-19T10:43:42+00:00","og_image":[{"width":820,"height":360,"url":"https:\/\/instytutpolski.pl\/vilnius\/wp-content\/uploads\/sites\/24\/2026\/03\/World-Premiere-Invitation-\u2013-Seven-Solitudes.jpg","type":"image\/jpeg"}],"author":"strielkunasr","twitter_card":"summary_large_image","twitter_misc":{"Napisane przez":"strielkunasr","Szacowany czas czytania":"5 minut"},"schema":{"@context":"https:\/\/schema.org","@graph":[{"@type":"event","@id":"https:\/\/instytutpolski.pl\/vilnius\/pl\/2026\/03\/19\/siedem-samotnosci-rez-robert-wilson-charles-chemin\/","url":"https:\/\/instytutpolski.pl\/vilnius\/pl\/2026\/03\/19\/siedem-samotnosci-rez-robert-wilson-charles-chemin\/","name":"\u201eSiedem samotno\u015bci\u201d, re\u017c. Robert Wilson, Charles Chemin","isPartOf":{"@id":"https:\/\/instytutpolski.pl\/vilnius\/#website"},"primaryImageOfPage":{"@id":"https:\/\/instytutpolski.pl\/vilnius\/pl\/2026\/03\/19\/siedem-samotnosci-rez-robert-wilson-charles-chemin\/#primaryimage"},"image":["https:\/\/instytutpolski.pl\/vilnius\/wp-content\/uploads\/sites\/24\/2026\/03\/World-Premiere-Invitation-\u2013-Seven-Solitudes.jpg","https:\/\/instytutpolski.pl\/vilnius\/wp-content\/uploads\/sites\/24\/2026\/03\/World-Premiere-Invitation-\u2013-Seven-Solitudes-300x132.jpg","https:\/\/instytutpolski.pl\/vilnius\/wp-content\/uploads\/sites\/24\/2026\/03\/World-Premiere-Invitation-\u2013-Seven-Solitudes.jpg","https:\/\/instytutpolski.pl\/vilnius\/wp-content\/uploads\/sites\/24\/2026\/03\/World-Premiere-Invitation-\u2013-Seven-Solitudes.jpg"],"thumbnailUrl":"https:\/\/instytutpolski.pl\/vilnius\/wp-content\/uploads\/sites\/24\/2026\/03\/World-Premiere-Invitation-\u2013-Seven-Solitudes.jpg","datePublished":"2026-03-19T10:05:19+02:00","dateModified":"2026-03-19T10:43:42+02:00","author":{"@id":"https:\/\/instytutpolski.pl\/vilnius\/#\/schema\/person\/0fe71ab8ff05e4d313f18753e7735a3c"},"breadcrumb":{"@id":"https:\/\/instytutpolski.pl\/vilnius\/pl\/2026\/03\/19\/siedem-samotnosci-rez-robert-wilson-charles-chemin\/#breadcrumb"},"inLanguage":"pl-PL","potentialAction":[{"@type":"ReadAction","target":["https:\/\/instytutpolski.pl\/vilnius\/pl\/2026\/03\/19\/siedem-samotnosci-rez-robert-wilson-charles-chemin\/"]}],"@context":"https:\/\/schema.org","startDate":"2026-03-20","endDate":"2026-03-29","eventStatus":"EventScheduled","eventAttendanceMode":"OfflineEventAttendanceMode","location":{"@type":"place","name":"","address":"","geo":{"@type":"GeoCoordinates","latitude":"","longitude":""}},"description":"na podstawie tw\u00f3rczo\u015bci Oskara Mi\u0142osza\nJedno z najbardziej wyczekiwanych wydarze\u0144 kulturalnych na Litwie i w Europie \u2013 \u015bwiatowa premiera spektaklu \u201eSiedem samotno\u015bci\u201d, po\u015bwi\u0119conego pami\u0119ci Roberta Wilsona (1941\u20132025).\nNarodowy Teatr Dramatyczny w Kownie (Laisv\u0117s al. 71, Kowno)\nPremiera \u2013 20-22 marca 2026 r. na Scenie G\u0142\u00f3wnej!\n20-22 marca 2026 r., godz. 19:00\n27-28 marca 2026 r., godz. 19:00\n29 marca 2026 r., godz. 15:00\nKolejne pokazy zaplanowano na 24, 26, 27 i 28 maja.\nSpektakl dla widz\u00f3w powy\u017cej 14 roku \u017cycia.\nCzas trwania: 90 minut (bez przerwy).\n\u201eSiedem samotno\u015bci\u201d to poetycka podr\u00f3\u017c przez tw\u00f3rczo\u015b\u0107 Oscara Mi\u0142osza oraz wyobra\u017ani\u0119 tw\u00f3rcz\u0105 Roberta Wilsona.\nSpektakl \u0142\u0105czy poezj\u0119, proz\u0119, ba\u015bnie oraz utwory dramatyczne i metafizyczne Mi\u0142osza, stawiaj\u0105c egzystencjalne pytania o ludzko\u015b\u0107 i jej miejsce w bezkresnym wszech\u015bwiecie. Jednocze\u015bnie bada g\u0142\u0119bi\u0119 mi\u0142o\u015bci i samotno\u015bci, przeczucie \u015bmierci, poszukiwanie \u015bwiat\u0142a i harmonii oraz up\u0142yw czasu. W centrum znajduje si\u0119 posta\u0107 poety \u2013 fascynuj\u0105ca figura, dzi\u0119ki kt\u00f3rej nasz \u015bwiat staje si\u0119 zarazem bardziej z\u0142o\u017cony i \u0142atwiejszy do zrozumienia.\nW swojej w\u0119dr\u00f3wce przywo\u0142uje on wyobra\u017conego sobowt\u00f3ra \u2013 s\u0142ynn\u0105 posta\u0107 dramatyczn\u0105 Don Juana \u2013 z fragment\u00f3w sztuki napisanej przez Mi\u0142osza w m\u0142odo\u015bci, pe\u0142nej g\u0142odu \u017cycia i pragnienia podboju \u015bwiata. Sceny te przeplataj\u0105 si\u0119 z fragmentami p\u00f3\u017aniejszego dramatu \u201eMiguel Ma\u00f1ara\u201d, w kt\u00f3rym g\u0142\u00f3wny bohater, Don Juan z Sewilli, poszukuje odkupienia.\nTen niezwyk\u0142y wszech\u015bwiat Mi\u0142osza o\u017cywa dzi\u0119ki poetyckiej wizji Wilsona, zbudowanej z niepokoj\u0105cych, subiektywnych abstrakcji i sugestywnych obraz\u00f3w scenicznych. Aktorzy tworz\u0105 uniwersalne postacie, ods\u0142aniaj\u0105ce z\u0142o\u017cono\u015b\u0107, pi\u0119kno i absurd ludzkiej duszy. Pod\u0105\u017camy za figur\u0105 poety, obserwuj\u0105c powstawanie \u015bwiat\u00f3w jego wyobra\u017ani, proces tw\u00f3rczy oraz granice, kt\u00f3re przekracza. B\u0142\u0105dz\u0105c pomi\u0119dzy w\u0105tpliwo\u015bciami a zachwytem, badaj\u0105c nieokre\u015blone przestrzenie, kt\u00f3re pozostan\u0105 tajemnic\u0105, prowadzi nas ku wolno\u015bci dost\u0119pnej jedynie poetom \u2013 ku bezkresnemu celowi, jakim jest wieczno\u015b\u0107.\nSpektakl jest jedn\u0105 z dw\u00f3ch produkcji ze spu\u015bcizny Roberta Wilsona, kt\u00f3re b\u0119d\u0105 mia\u0142y premier\u0119 po jego odej\u015bciu. Miesi\u0105c przed \u015bmierci\u0105 (31 lipca 2025 r.) artysta zako\u0144czy\u0142 re\u017cyseri\u0119 i projektowanie spektaklu, powierzaj\u0105c swoim wsp\u00f3\u0142pracownikom doprowadzenie dzie\u0142a na scen\u0119.\nRobert Wilson pragn\u0105\u0142 zadedykowa\u0107 t\u0119 produkcj\u0119 Audrey Butvay Gruss.\nTw\u00f3rcy:\nRe\u017cyseria, scenografia i koncepcja o\u015bwietlenia \u2013 Robert Wilson\nRe\u017cyser wsp\u00f3\u0142pracuj\u0105cy i autor adaptacji tekstu \u2013 Charles Chemin\nScenograf wsp\u00f3\u0142pracuj\u0105ca \u2013 Stephanie Engeln\nAutor \u015bwiat\u0142a wsp\u00f3\u0142pracuj\u0105cy \u2013 Marcello Lumaca\nKompozytor \u2013 Hans-J\u00f6rn Brandenburg\nAutorka kostium\u00f3w \u2013 Flavia Ruggeri\nAutorka fryzur i charakteryzacji \u2013 Manu Halligan\nArtysta wideo \u2013 Tomasz Jeziorski\nObsada: Martyna Gedvilait\u0117, K\u0119stutis Jak\u0161tas, Gytis Laskovas, Migl\u0117 Navasaityt\u0117, Agnieszka Ravdo, Dainius Svobonas, Vladimiras \u0160erstabojevas.\nWi\u0119cej informacji oraz bilety:  \u201eSiedem samotno\u015bci\u201d\nProdukcja realizowana jest we wsp\u00f3\u0142pracy z Teatr im. Wilama Horzycy w Toruniu.\nPolska prapremiera \u201eSiedmiu samotno\u015bci\u201d Roberta Wilsona odb\u0119dzie si\u0119 29 maja 2026 r. w Toruniu, gdzie spektakl otworzy 30. Mi\u0119dzynarodowy Festiwal Teatralny \u201eKontakt\u201d."},{"@type":"ImageObject","inLanguage":"pl-PL","@id":"https:\/\/instytutpolski.pl\/vilnius\/pl\/2026\/03\/19\/siedem-samotnosci-rez-robert-wilson-charles-chemin\/#primaryimage","url":"https:\/\/instytutpolski.pl\/vilnius\/wp-content\/uploads\/sites\/24\/2026\/03\/World-Premiere-Invitation-\u2013-Seven-Solitudes.jpg","contentUrl":"https:\/\/instytutpolski.pl\/vilnius\/wp-content\/uploads\/sites\/24\/2026\/03\/World-Premiere-Invitation-\u2013-Seven-Solitudes.jpg","width":820,"height":360},{"@type":"BreadcrumbList","@id":"https:\/\/instytutpolski.pl\/vilnius\/pl\/2026\/03\/19\/siedem-samotnosci-rez-robert-wilson-charles-chemin\/#breadcrumb","itemListElement":[{"@type":"ListItem","position":1,"name":"Home","item":"https:\/\/instytutpolski.pl\/vilnius\/"},{"@type":"ListItem","position":2,"name":"\u201eSiedem samotno\u015bci\u201d, re\u017c. Robert Wilson, Charles Chemin"}]},{"@type":"WebSite","@id":"https:\/\/instytutpolski.pl\/vilnius\/#website","url":"https:\/\/instytutpolski.pl\/vilnius\/","name":"Instytut Polski w Wilnie","description":"Instytuty Polskie","potentialAction":[{"@type":"SearchAction","target":{"@type":"EntryPoint","urlTemplate":"https:\/\/instytutpolski.pl\/vilnius\/?s={search_term_string}"},"query-input":{"@type":"PropertyValueSpecification","valueRequired":true,"valueName":"search_term_string"}}],"inLanguage":"pl-PL"},{"@type":"Person","@id":"https:\/\/instytutpolski.pl\/vilnius\/#\/schema\/person\/0fe71ab8ff05e4d313f18753e7735a3c","name":"strielkunasr","image":{"@type":"ImageObject","inLanguage":"pl-PL","@id":"https:\/\/instytutpolski.pl\/vilnius\/#\/schema\/person\/image\/","url":"https:\/\/secure.gravatar.com\/avatar\/1f685238784360c3347cf65c78e0c870?s=96&d=mm&r=g","contentUrl":"https:\/\/secure.gravatar.com\/avatar\/1f685238784360c3347cf65c78e0c870?s=96&d=mm&r=g","caption":"strielkunasr"},"url":"https:\/\/instytutpolski.pl\/vilnius\/author\/strielkunasr\/"}]}},"_links":{"self":[{"href":"https:\/\/instytutpolski.pl\/vilnius\/wp-json\/wp\/v2\/posts\/8739","targetHints":{"allow":["GET"]}}],"collection":[{"href":"https:\/\/instytutpolski.pl\/vilnius\/wp-json\/wp\/v2\/posts"}],"about":[{"href":"https:\/\/instytutpolski.pl\/vilnius\/wp-json\/wp\/v2\/types\/post"}],"author":[{"embeddable":true,"href":"https:\/\/instytutpolski.pl\/vilnius\/wp-json\/wp\/v2\/users\/179"}],"replies":[{"embeddable":true,"href":"https:\/\/instytutpolski.pl\/vilnius\/wp-json\/wp\/v2\/comments?post=8739"}],"version-history":[{"count":2,"href":"https:\/\/instytutpolski.pl\/vilnius\/wp-json\/wp\/v2\/posts\/8739\/revisions"}],"predecessor-version":[{"id":8742,"href":"https:\/\/instytutpolski.pl\/vilnius\/wp-json\/wp\/v2\/posts\/8739\/revisions\/8742"}],"wp:featuredmedia":[{"embeddable":true,"href":"https:\/\/instytutpolski.pl\/vilnius\/wp-json\/wp\/v2\/media\/8726"}],"wp:attachment":[{"href":"https:\/\/instytutpolski.pl\/vilnius\/wp-json\/wp\/v2\/media?parent=8739"}],"wp:term":[{"taxonomy":"category","embeddable":true,"href":"https:\/\/instytutpolski.pl\/vilnius\/wp-json\/wp\/v2\/categories?post=8739"},{"taxonomy":"post_tag","embeddable":true,"href":"https:\/\/instytutpolski.pl\/vilnius\/wp-json\/wp\/v2\/tags?post=8739"}],"curies":[{"name":"wp","href":"https:\/\/api.w.org\/{rel}","templated":true}]}}