{"id":9011,"date":"2026-04-28T10:25:43","date_gmt":"2026-04-28T08:25:43","guid":{"rendered":"https:\/\/instytutpolski.pl\/vilnius\/?p=9011"},"modified":"2026-04-28T10:25:44","modified_gmt":"2026-04-28T08:25:44","slug":"autoriniu-andrzejaus-tadeuszo-krolio-instrumentu-paroda-ne-akivaizdus-rysiai","status":"publish","type":"post","link":"https:\/\/instytutpolski.pl\/vilnius\/2026\/04\/28\/autoriniu-andrzejaus-tadeuszo-krolio-instrumentu-paroda-ne-akivaizdus-rysiai\/","title":{"rendered":"Autorini\u0173\u00a0Andrzejaus Tadeuszo Kr\u00f3lio instrument\u0173 paroda \u201eNE\/AKIVAIZD\u016aS RY\u0160IAI\u201c"},"content":{"rendered":"\n<p><strong>2026 m. gegu\u017e\u0117s 16 d. 17 val. Antano Mon\u010dio meno muziejus (S. Daukanto g. 16, Palanga)<\/strong><\/p>\n\n\n\n<div style=\"height:20px\" aria-hidden=\"true\" class=\"wp-block-spacer\"><\/div>\n\n\n\n<p>Antano Mon\u010dio meno muziejuje Palangoje vyks Lenkijos menininko Andrzejaus Tadeuszo Kr\u00f3lio (g. 1948) darb\u0173 parodos atidarymas. A. T. Kr\u00f3l yra stygini\u0173 instrument\u0173 meistras, daugiausiai kuriantis violon\u010deles primenan\u010dius instrumentus ir baig\u0119s mokslus pas \u017eym\u0173j\u012f lietuvi\u0173 skulptori\u0173 Antan\u0105 Mon\u010d\u012f (1921\u20131993). Parodoje bus pristatyti menininko sukurti autoriniai instrumentai, tarp j\u0173 pagaminti 1984 m. A. Mon\u010dio dirbtuv\u0117je Pary\u017eiuje. Taip pat bus eksponuojami A. T. Kr\u00f3lio pie\u0161iniai, fotografijos ir filmuota med\u017eiaga. Kaip \u017einia, lietuvi\u0173 skulptorius A. Mon\u010dys i\u0161gars\u0117jo savo i\u0161skirtiniais, meni\u0161kais \u0161vilpiais. Tuo tarpu A. T. Kr\u00f3l pavert\u0117 savo skulpt\u016bras muzikos instrumentais ir pavadino juos \u201evspakais\u201c (nuo \u017eod\u017eio \u201ewspak\u201c, tai yra \u201eatvirk\u0161\u010diai, atvirk\u0161tine tvarka\u201c).<\/p>\n\n\n\n<p>Parodos atidarymo proga Antano Mon\u010dio meno muziejus taip pat organizuoja k\u016brybines dirbtuves. J\u0173 metu parodos autorius kartu su lietuvi\u0173 menininkais Donatu Bielkausku \u201eDoniu\u201c ir Karoliu Vai\u010diuliu surengs muzikin\u012f performans\u0105, naudodami parodoje pristatomas skulpt\u016bras ir instrumentus.<\/p>\n\n\n\n<p>Parodos kurator\u0117: Marta P\u0142o\u0144ska-Kr\u00f3l.<\/p>\n\n\n\n<p>\u012e\u0117jimas \u012f rengin\u012f nemokamas.<\/p>\n\n\n\n<p>Paroda veiks iki bir\u017eelio 15 d.<\/p>\n\n\n\n<div style=\"height:18px\" aria-hidden=\"true\" class=\"wp-block-spacer\"><\/div>\n\n\n\n<p>Organizatoriai: Lenkijos institutas Vilniuje, Antano Mon\u010dio meno muziejus, Palangos miesto savivaldyb\u0117.<\/p>\n","protected":false},"excerpt":{"rendered":"<p>2026 m. gegu\u017e\u0117s 16 d. 17 val. Antano Mon\u010dio meno muziejus (S. Daukanto g. 16, Palanga) Antano Mon\u010dio meno muziejuje Palangoje vyks Lenkijos menininko Andrzejaus Tadeuszo Kr\u00f3lio (g. 1948) darb\u0173 parodos atidarymas. A. T. Kr\u00f3l yra stygini\u0173 instrument\u0173 meistras, daugiausiai kuriantis violon\u010deles primenan\u010dius instrumentus ir baig\u0119s mokslus pas \u017eym\u0173j\u012f lietuvi\u0173 skulptori\u0173 Antan\u0105 Mon\u010d\u012f (1921\u20131993). Parodoje [&hellip;]<\/p>\n","protected":false},"author":179,"featured_media":9012,"comment_status":"open","ping_status":"open","sticky":false,"template":"","format":"standard","meta":{"inline_featured_image":false,"_monsterinsights_skip_tracking":false,"_monsterinsights_sitenote_active":false,"_monsterinsights_sitenote_note":"","_monsterinsights_sitenote_category":0,"footnotes":""},"categories":[25,31,13],"tags":[],"class_list":["post-9011","post","type-post","status-publish","format-standard","has-post-thumbnail","hentry","category-muzika","category-parodos","category-renginiai"],"yoast_head":"<!-- This site is optimized with the Yoast SEO plugin v24.6 - https:\/\/yoast.com\/wordpress\/plugins\/seo\/ -->\n<title>Autorini\u0173\u00a0Andrzejaus Tadeuszo Kr\u00f3lio instrument\u0173 paroda \u201eNE\/AKIVAIZD\u016aS RY\u0160IAI\u201c - Instytut Polski w Wilnie<\/title>\n<meta name=\"robots\" content=\"index, follow, max-snippet:-1, max-image-preview:large, max-video-preview:-1\" \/>\n<link rel=\"canonical\" href=\"https:\/\/instytutpolski.pl\/vilnius\/2026\/04\/28\/autoriniu-andrzejaus-tadeuszo-krolio-instrumentu-paroda-ne-akivaizdus-rysiai\/\" \/>\n<meta property=\"og:locale\" content=\"pl_PL\" \/>\n<meta property=\"og:type\" content=\"article\" \/>\n<meta property=\"og:title\" content=\"Autorini\u0173\u00a0Andrzejaus Tadeuszo Kr\u00f3lio instrument\u0173 paroda \u201eNE\/AKIVAIZD\u016aS RY\u0160IAI\u201c - Instytut Polski w Wilnie\" \/>\n<meta property=\"og:description\" content=\"2026 m. gegu\u017e\u0117s 16 d. 17 val. Antano Mon\u010dio meno muziejus (S. Daukanto g. 16, Palanga) Antano Mon\u010dio meno muziejuje Palangoje vyks Lenkijos menininko Andrzejaus Tadeuszo Kr\u00f3lio (g. 1948) darb\u0173 parodos atidarymas. A. T. Kr\u00f3l yra stygini\u0173 instrument\u0173 meistras, daugiausiai kuriantis violon\u010deles primenan\u010dius instrumentus ir baig\u0119s mokslus pas \u017eym\u0173j\u012f lietuvi\u0173 skulptori\u0173 Antan\u0105 Mon\u010d\u012f (1921\u20131993). Parodoje [&hellip;]\" \/>\n<meta property=\"og:url\" content=\"https:\/\/instytutpolski.pl\/vilnius\/2026\/04\/28\/autoriniu-andrzejaus-tadeuszo-krolio-instrumentu-paroda-ne-akivaizdus-rysiai\/\" \/>\n<meta property=\"og:site_name\" content=\"Instytut Polski w Wilnie\" \/>\n<meta property=\"article:published_time\" content=\"2026-04-28T08:25:43+00:00\" \/>\n<meta property=\"article:modified_time\" content=\"2026-04-28T08:25:44+00:00\" \/>\n<meta property=\"og:image\" content=\"https:\/\/instytutpolski.pl\/vilnius\/wp-content\/uploads\/sites\/24\/2026\/04\/A.T.-Krolaus-paroda.png\" \/>\n\t<meta property=\"og:image:width\" content=\"849\" \/>\n\t<meta property=\"og:image:height\" content=\"1200\" \/>\n\t<meta property=\"og:image:type\" content=\"image\/png\" \/>\n<meta name=\"author\" content=\"strielkunasr\" \/>\n<meta name=\"twitter:card\" content=\"summary_large_image\" \/>\n<meta name=\"twitter:label1\" content=\"Napisane przez\" \/>\n\t<meta name=\"twitter:data1\" content=\"strielkunasr\" \/>\n\t<meta name=\"twitter:label2\" content=\"Szacowany czas czytania\" \/>\n\t<meta name=\"twitter:data2\" content=\"2 minuty\" \/>\n<script type=\"application\/ld+json\" class=\"yoast-schema-graph\">{\"@context\":\"https:\/\/schema.org\",\"@graph\":[{\"@type\":\"event\",\"@id\":\"https:\/\/instytutpolski.pl\/vilnius\/2026\/04\/28\/autoriniu-andrzejaus-tadeuszo-krolio-instrumentu-paroda-ne-akivaizdus-rysiai\/\",\"url\":\"https:\/\/instytutpolski.pl\/vilnius\/2026\/04\/28\/autoriniu-andrzejaus-tadeuszo-krolio-instrumentu-paroda-ne-akivaizdus-rysiai\/\",\"name\":\"Autorini\u0173\u00a0Andrzejaus Tadeuszo Kr\u00f3lio instrument\u0173 paroda \u201eNE\/AKIVAIZD\u016aS RY\u0160IAI\u201c\",\"isPartOf\":{\"@id\":\"https:\/\/instytutpolski.pl\/vilnius\/#website\"},\"primaryImageOfPage\":{\"@id\":\"https:\/\/instytutpolski.pl\/vilnius\/2026\/04\/28\/autoriniu-andrzejaus-tadeuszo-krolio-instrumentu-paroda-ne-akivaizdus-rysiai\/#primaryimage\"},\"image\":[\"https:\/\/instytutpolski.pl\/vilnius\/wp-content\/uploads\/sites\/24\/2026\/04\/A.T.-Krolaus-paroda.png\",\"https:\/\/instytutpolski.pl\/vilnius\/wp-content\/uploads\/sites\/24\/2026\/04\/A.T.-Krolaus-paroda-212x300.png\",\"https:\/\/instytutpolski.pl\/vilnius\/wp-content\/uploads\/sites\/24\/2026\/04\/A.T.-Krolaus-paroda-724x1024.png\",\"https:\/\/instytutpolski.pl\/vilnius\/wp-content\/uploads\/sites\/24\/2026\/04\/A.T.-Krolaus-paroda.png\"],\"thumbnailUrl\":\"https:\/\/instytutpolski.pl\/vilnius\/wp-content\/uploads\/sites\/24\/2026\/04\/A.T.-Krolaus-paroda.png\",\"datePublished\":\"2026-04-28T08:25:43+02:00\",\"dateModified\":\"2026-04-28T08:25:44+02:00\",\"author\":{\"@id\":\"https:\/\/instytutpolski.pl\/vilnius\/#\/schema\/person\/0fe71ab8ff05e4d313f18753e7735a3c\"},\"breadcrumb\":{\"@id\":\"https:\/\/instytutpolski.pl\/vilnius\/2026\/04\/28\/autoriniu-andrzejaus-tadeuszo-krolio-instrumentu-paroda-ne-akivaizdus-rysiai\/#breadcrumb\"},\"inLanguage\":\"pl-PL\",\"potentialAction\":[{\"@type\":\"ReadAction\",\"target\":[\"https:\/\/instytutpolski.pl\/vilnius\/2026\/04\/28\/autoriniu-andrzejaus-tadeuszo-krolio-instrumentu-paroda-ne-akivaizdus-rysiai\/\"]}],\"@context\":\"https:\/\/schema.org\",\"startDate\":\"2026-05-16\",\"endDate\":\"2026-06-15\",\"eventStatus\":\"EventScheduled\",\"eventAttendanceMode\":\"OfflineEventAttendanceMode\",\"location\":{\"@type\":\"place\",\"name\":\"\",\"address\":\"\",\"geo\":{\"@type\":\"GeoCoordinates\",\"latitude\":\"\",\"longitude\":\"\"}},\"description\":\"2026 m. gegu\u017e\u0117s 16 d. 17 val. Antano Mon\u010dio meno muziejus (S. Daukanto g. 16, Palanga)\\nAntano Mon\u010dio meno muziejuje Palangoje vyks Lenkijos menininko Andrzejaus Tadeuszo Kr\u00f3lio (g. 1948) darb\u0173 parodos atidarymas. A. T. Kr\u00f3l yra stygini\u0173 instrument\u0173 meistras, daugiausiai kuriantis violon\u010deles primenan\u010dius instrumentus ir baig\u0119s mokslus pas \u017eym\u0173j\u012f lietuvi\u0173 skulptori\u0173 Antan\u0105 Mon\u010d\u012f (1921\u20131993). Parodoje bus pristatyti menininko sukurti autoriniai instrumentai, tarp j\u0173 pagaminti 1984 m. A. Mon\u010dio dirbtuv\u0117je Pary\u017eiuje. Taip pat bus eksponuojami A. T. Kr\u00f3lio pie\u0161iniai, fotografijos ir filmuota med\u017eiaga. Kaip \u017einia, lietuvi\u0173 skulptorius A. Mon\u010dys i\u0161gars\u0117jo savo i\u0161skirtiniais, meni\u0161kais \u0161vilpiais. Tuo tarpu A. T. Kr\u00f3l pavert\u0117 savo skulpt\u016bras muzikos instrumentais ir pavadino juos \u201evspakais\u201c (nuo \u017eod\u017eio \u201ewspak\u201c, tai yra \u201eatvirk\u0161\u010diai, atvirk\u0161tine tvarka\u201c).\\nParodos atidarymo proga Antano Mon\u010dio meno muziejus taip pat organizuoja k\u016brybines dirbtuves. J\u0173 metu parodos autorius kartu su lietuvi\u0173 menininkais Donatu Bielkausku \u201eDoniu\u201c ir Karoliu Vai\u010diuliu surengs muzikin\u012f performans\u0105, naudodami parodoje pristatomas skulpt\u016bras ir instrumentus.\\nParodos kurator\u0117: Marta P\u0142o\u0144ska-Kr\u00f3l.\\n\u012e\u0117jimas \u012f rengin\u012f nemokamas.\\nParoda veiks iki bir\u017eelio 15 d.\\nOrganizatoriai: Lenkijos institutas Vilniuje, Antano Mon\u010dio meno muziejus, Palangos miesto savivaldyb\u0117.\"},{\"@type\":\"ImageObject\",\"inLanguage\":\"pl-PL\",\"@id\":\"https:\/\/instytutpolski.pl\/vilnius\/2026\/04\/28\/autoriniu-andrzejaus-tadeuszo-krolio-instrumentu-paroda-ne-akivaizdus-rysiai\/#primaryimage\",\"url\":\"https:\/\/instytutpolski.pl\/vilnius\/wp-content\/uploads\/sites\/24\/2026\/04\/A.T.-Krolaus-paroda.png\",\"contentUrl\":\"https:\/\/instytutpolski.pl\/vilnius\/wp-content\/uploads\/sites\/24\/2026\/04\/A.T.-Krolaus-paroda.png\",\"width\":849,\"height\":1200},{\"@type\":\"BreadcrumbList\",\"@id\":\"https:\/\/instytutpolski.pl\/vilnius\/2026\/04\/28\/autoriniu-andrzejaus-tadeuszo-krolio-instrumentu-paroda-ne-akivaizdus-rysiai\/#breadcrumb\",\"itemListElement\":[{\"@type\":\"ListItem\",\"position\":1,\"name\":\"Home\",\"item\":\"https:\/\/instytutpolski.pl\/vilnius\/\"},{\"@type\":\"ListItem\",\"position\":2,\"name\":\"Autorini\u0173\u00a0Andrzejaus Tadeuszo Kr\u00f3lio instrument\u0173 paroda \u201eNE\/AKIVAIZD\u016aS RY\u0160IAI\u201c\"}]},{\"@type\":\"WebSite\",\"@id\":\"https:\/\/instytutpolski.pl\/vilnius\/#website\",\"url\":\"https:\/\/instytutpolski.pl\/vilnius\/\",\"name\":\"Instytut Polski w Wilnie\",\"description\":\"Instytuty Polskie\",\"potentialAction\":[{\"@type\":\"SearchAction\",\"target\":{\"@type\":\"EntryPoint\",\"urlTemplate\":\"https:\/\/instytutpolski.pl\/vilnius\/?s={search_term_string}\"},\"query-input\":{\"@type\":\"PropertyValueSpecification\",\"valueRequired\":true,\"valueName\":\"search_term_string\"}}],\"inLanguage\":\"pl-PL\"},{\"@type\":\"Person\",\"@id\":\"https:\/\/instytutpolski.pl\/vilnius\/#\/schema\/person\/0fe71ab8ff05e4d313f18753e7735a3c\",\"name\":\"strielkunasr\",\"image\":{\"@type\":\"ImageObject\",\"inLanguage\":\"pl-PL\",\"@id\":\"https:\/\/instytutpolski.pl\/vilnius\/#\/schema\/person\/image\/\",\"url\":\"https:\/\/secure.gravatar.com\/avatar\/1f685238784360c3347cf65c78e0c870?s=96&d=mm&r=g\",\"contentUrl\":\"https:\/\/secure.gravatar.com\/avatar\/1f685238784360c3347cf65c78e0c870?s=96&d=mm&r=g\",\"caption\":\"strielkunasr\"},\"url\":\"https:\/\/instytutpolski.pl\/vilnius\/author\/strielkunasr\/\"}]}<\/script>\n<!-- \/ Yoast SEO plugin. -->","yoast_head_json":{"title":"Autorini\u0173\u00a0Andrzejaus Tadeuszo Kr\u00f3lio instrument\u0173 paroda \u201eNE\/AKIVAIZD\u016aS RY\u0160IAI\u201c - Instytut Polski w Wilnie","robots":{"index":"index","follow":"follow","max-snippet":"max-snippet:-1","max-image-preview":"max-image-preview:large","max-video-preview":"max-video-preview:-1"},"canonical":"https:\/\/instytutpolski.pl\/vilnius\/2026\/04\/28\/autoriniu-andrzejaus-tadeuszo-krolio-instrumentu-paroda-ne-akivaizdus-rysiai\/","og_locale":"pl_PL","og_type":"article","og_title":"Autorini\u0173\u00a0Andrzejaus Tadeuszo Kr\u00f3lio instrument\u0173 paroda \u201eNE\/AKIVAIZD\u016aS RY\u0160IAI\u201c - Instytut Polski w Wilnie","og_description":"2026 m. gegu\u017e\u0117s 16 d. 17 val. Antano Mon\u010dio meno muziejus (S. Daukanto g. 16, Palanga) Antano Mon\u010dio meno muziejuje Palangoje vyks Lenkijos menininko Andrzejaus Tadeuszo Kr\u00f3lio (g. 1948) darb\u0173 parodos atidarymas. A. T. Kr\u00f3l yra stygini\u0173 instrument\u0173 meistras, daugiausiai kuriantis violon\u010deles primenan\u010dius instrumentus ir baig\u0119s mokslus pas \u017eym\u0173j\u012f lietuvi\u0173 skulptori\u0173 Antan\u0105 Mon\u010d\u012f (1921\u20131993). Parodoje [&hellip;]","og_url":"https:\/\/instytutpolski.pl\/vilnius\/2026\/04\/28\/autoriniu-andrzejaus-tadeuszo-krolio-instrumentu-paroda-ne-akivaizdus-rysiai\/","og_site_name":"Instytut Polski w Wilnie","article_published_time":"2026-04-28T08:25:43+00:00","article_modified_time":"2026-04-28T08:25:44+00:00","og_image":[{"width":849,"height":1200,"url":"https:\/\/instytutpolski.pl\/vilnius\/wp-content\/uploads\/sites\/24\/2026\/04\/A.T.-Krolaus-paroda.png","type":"image\/png"}],"author":"strielkunasr","twitter_card":"summary_large_image","twitter_misc":{"Napisane przez":"strielkunasr","Szacowany czas czytania":"2 minuty"},"schema":{"@context":"https:\/\/schema.org","@graph":[{"@type":"event","@id":"https:\/\/instytutpolski.pl\/vilnius\/2026\/04\/28\/autoriniu-andrzejaus-tadeuszo-krolio-instrumentu-paroda-ne-akivaizdus-rysiai\/","url":"https:\/\/instytutpolski.pl\/vilnius\/2026\/04\/28\/autoriniu-andrzejaus-tadeuszo-krolio-instrumentu-paroda-ne-akivaizdus-rysiai\/","name":"Autorini\u0173\u00a0Andrzejaus Tadeuszo Kr\u00f3lio instrument\u0173 paroda \u201eNE\/AKIVAIZD\u016aS RY\u0160IAI\u201c","isPartOf":{"@id":"https:\/\/instytutpolski.pl\/vilnius\/#website"},"primaryImageOfPage":{"@id":"https:\/\/instytutpolski.pl\/vilnius\/2026\/04\/28\/autoriniu-andrzejaus-tadeuszo-krolio-instrumentu-paroda-ne-akivaizdus-rysiai\/#primaryimage"},"image":["https:\/\/instytutpolski.pl\/vilnius\/wp-content\/uploads\/sites\/24\/2026\/04\/A.T.-Krolaus-paroda.png","https:\/\/instytutpolski.pl\/vilnius\/wp-content\/uploads\/sites\/24\/2026\/04\/A.T.-Krolaus-paroda-212x300.png","https:\/\/instytutpolski.pl\/vilnius\/wp-content\/uploads\/sites\/24\/2026\/04\/A.T.-Krolaus-paroda-724x1024.png","https:\/\/instytutpolski.pl\/vilnius\/wp-content\/uploads\/sites\/24\/2026\/04\/A.T.-Krolaus-paroda.png"],"thumbnailUrl":"https:\/\/instytutpolski.pl\/vilnius\/wp-content\/uploads\/sites\/24\/2026\/04\/A.T.-Krolaus-paroda.png","datePublished":"2026-04-28T08:25:43+02:00","dateModified":"2026-04-28T08:25:44+02:00","author":{"@id":"https:\/\/instytutpolski.pl\/vilnius\/#\/schema\/person\/0fe71ab8ff05e4d313f18753e7735a3c"},"breadcrumb":{"@id":"https:\/\/instytutpolski.pl\/vilnius\/2026\/04\/28\/autoriniu-andrzejaus-tadeuszo-krolio-instrumentu-paroda-ne-akivaizdus-rysiai\/#breadcrumb"},"inLanguage":"pl-PL","potentialAction":[{"@type":"ReadAction","target":["https:\/\/instytutpolski.pl\/vilnius\/2026\/04\/28\/autoriniu-andrzejaus-tadeuszo-krolio-instrumentu-paroda-ne-akivaizdus-rysiai\/"]}],"@context":"https:\/\/schema.org","startDate":"2026-05-16","endDate":"2026-06-15","eventStatus":"EventScheduled","eventAttendanceMode":"OfflineEventAttendanceMode","location":{"@type":"place","name":"","address":"","geo":{"@type":"GeoCoordinates","latitude":"","longitude":""}},"description":"2026 m. gegu\u017e\u0117s 16 d. 17 val. Antano Mon\u010dio meno muziejus (S. Daukanto g. 16, Palanga)\nAntano Mon\u010dio meno muziejuje Palangoje vyks Lenkijos menininko Andrzejaus Tadeuszo Kr\u00f3lio (g. 1948) darb\u0173 parodos atidarymas. A. T. Kr\u00f3l yra stygini\u0173 instrument\u0173 meistras, daugiausiai kuriantis violon\u010deles primenan\u010dius instrumentus ir baig\u0119s mokslus pas \u017eym\u0173j\u012f lietuvi\u0173 skulptori\u0173 Antan\u0105 Mon\u010d\u012f (1921\u20131993). Parodoje bus pristatyti menininko sukurti autoriniai instrumentai, tarp j\u0173 pagaminti 1984 m. A. Mon\u010dio dirbtuv\u0117je Pary\u017eiuje. Taip pat bus eksponuojami A. T. Kr\u00f3lio pie\u0161iniai, fotografijos ir filmuota med\u017eiaga. Kaip \u017einia, lietuvi\u0173 skulptorius A. Mon\u010dys i\u0161gars\u0117jo savo i\u0161skirtiniais, meni\u0161kais \u0161vilpiais. Tuo tarpu A. T. Kr\u00f3l pavert\u0117 savo skulpt\u016bras muzikos instrumentais ir pavadino juos \u201evspakais\u201c (nuo \u017eod\u017eio \u201ewspak\u201c, tai yra \u201eatvirk\u0161\u010diai, atvirk\u0161tine tvarka\u201c).\nParodos atidarymo proga Antano Mon\u010dio meno muziejus taip pat organizuoja k\u016brybines dirbtuves. J\u0173 metu parodos autorius kartu su lietuvi\u0173 menininkais Donatu Bielkausku \u201eDoniu\u201c ir Karoliu Vai\u010diuliu surengs muzikin\u012f performans\u0105, naudodami parodoje pristatomas skulpt\u016bras ir instrumentus.\nParodos kurator\u0117: Marta P\u0142o\u0144ska-Kr\u00f3l.\n\u012e\u0117jimas \u012f rengin\u012f nemokamas.\nParoda veiks iki bir\u017eelio 15 d.\nOrganizatoriai: Lenkijos institutas Vilniuje, Antano Mon\u010dio meno muziejus, Palangos miesto savivaldyb\u0117."},{"@type":"ImageObject","inLanguage":"pl-PL","@id":"https:\/\/instytutpolski.pl\/vilnius\/2026\/04\/28\/autoriniu-andrzejaus-tadeuszo-krolio-instrumentu-paroda-ne-akivaizdus-rysiai\/#primaryimage","url":"https:\/\/instytutpolski.pl\/vilnius\/wp-content\/uploads\/sites\/24\/2026\/04\/A.T.-Krolaus-paroda.png","contentUrl":"https:\/\/instytutpolski.pl\/vilnius\/wp-content\/uploads\/sites\/24\/2026\/04\/A.T.-Krolaus-paroda.png","width":849,"height":1200},{"@type":"BreadcrumbList","@id":"https:\/\/instytutpolski.pl\/vilnius\/2026\/04\/28\/autoriniu-andrzejaus-tadeuszo-krolio-instrumentu-paroda-ne-akivaizdus-rysiai\/#breadcrumb","itemListElement":[{"@type":"ListItem","position":1,"name":"Home","item":"https:\/\/instytutpolski.pl\/vilnius\/"},{"@type":"ListItem","position":2,"name":"Autorini\u0173\u00a0Andrzejaus Tadeuszo Kr\u00f3lio instrument\u0173 paroda \u201eNE\/AKIVAIZD\u016aS RY\u0160IAI\u201c"}]},{"@type":"WebSite","@id":"https:\/\/instytutpolski.pl\/vilnius\/#website","url":"https:\/\/instytutpolski.pl\/vilnius\/","name":"Instytut Polski w Wilnie","description":"Instytuty Polskie","potentialAction":[{"@type":"SearchAction","target":{"@type":"EntryPoint","urlTemplate":"https:\/\/instytutpolski.pl\/vilnius\/?s={search_term_string}"},"query-input":{"@type":"PropertyValueSpecification","valueRequired":true,"valueName":"search_term_string"}}],"inLanguage":"pl-PL"},{"@type":"Person","@id":"https:\/\/instytutpolski.pl\/vilnius\/#\/schema\/person\/0fe71ab8ff05e4d313f18753e7735a3c","name":"strielkunasr","image":{"@type":"ImageObject","inLanguage":"pl-PL","@id":"https:\/\/instytutpolski.pl\/vilnius\/#\/schema\/person\/image\/","url":"https:\/\/secure.gravatar.com\/avatar\/1f685238784360c3347cf65c78e0c870?s=96&d=mm&r=g","contentUrl":"https:\/\/secure.gravatar.com\/avatar\/1f685238784360c3347cf65c78e0c870?s=96&d=mm&r=g","caption":"strielkunasr"},"url":"https:\/\/instytutpolski.pl\/vilnius\/author\/strielkunasr\/"}]}},"_links":{"self":[{"href":"https:\/\/instytutpolski.pl\/vilnius\/wp-json\/wp\/v2\/posts\/9011","targetHints":{"allow":["GET"]}}],"collection":[{"href":"https:\/\/instytutpolski.pl\/vilnius\/wp-json\/wp\/v2\/posts"}],"about":[{"href":"https:\/\/instytutpolski.pl\/vilnius\/wp-json\/wp\/v2\/types\/post"}],"author":[{"embeddable":true,"href":"https:\/\/instytutpolski.pl\/vilnius\/wp-json\/wp\/v2\/users\/179"}],"replies":[{"embeddable":true,"href":"https:\/\/instytutpolski.pl\/vilnius\/wp-json\/wp\/v2\/comments?post=9011"}],"version-history":[{"count":3,"href":"https:\/\/instytutpolski.pl\/vilnius\/wp-json\/wp\/v2\/posts\/9011\/revisions"}],"predecessor-version":[{"id":9015,"href":"https:\/\/instytutpolski.pl\/vilnius\/wp-json\/wp\/v2\/posts\/9011\/revisions\/9015"}],"wp:featuredmedia":[{"embeddable":true,"href":"https:\/\/instytutpolski.pl\/vilnius\/wp-json\/wp\/v2\/media\/9012"}],"wp:attachment":[{"href":"https:\/\/instytutpolski.pl\/vilnius\/wp-json\/wp\/v2\/media?parent=9011"}],"wp:term":[{"taxonomy":"category","embeddable":true,"href":"https:\/\/instytutpolski.pl\/vilnius\/wp-json\/wp\/v2\/categories?post=9011"},{"taxonomy":"post_tag","embeddable":true,"href":"https:\/\/instytutpolski.pl\/vilnius\/wp-json\/wp\/v2\/tags?post=9011"}],"curies":[{"name":"wp","href":"https:\/\/api.w.org\/{rel}","templated":true}]}}