{"id":9016,"date":"2026-04-28T10:25:43","date_gmt":"2026-04-28T08:25:43","guid":{"rendered":"https:\/\/instytutpolski.pl\/vilnius\/?p=9016"},"modified":"2026-04-28T10:27:33","modified_gmt":"2026-04-28T08:27:33","slug":"wystawa-autorskich-instrumentow-andrzeja-tadeusza-krola-nie-oczywiste-zwiazki","status":"publish","type":"post","link":"https:\/\/instytutpolski.pl\/vilnius\/pl\/2026\/04\/28\/wystawa-autorskich-instrumentow-andrzeja-tadeusza-krola-nie-oczywiste-zwiazki\/","title":{"rendered":"Wystawa autorskich instrument\u00f3w Andrzeja Tadeusza Kr\u00f3la \u201eNIE\/OCZYWISTE ZWI\u0104ZKI\u201c"},"content":{"rendered":"\n<p><strong>16 maja 2026 r., godz. 17.00, Muzeum Sztuki im. Antanasa Mon\u010dysa (ul. S. Daukanto 16)<\/strong><\/p>\n\n\n\n<div style=\"height:21px\" aria-hidden=\"true\" class=\"wp-block-spacer\"><\/div>\n\n\n\n<p>16 maja 2026 roku o godz. 17.00 w Muzeum Sztuki im. Antanasa Mon\u010dysa w Po\u0142\u0105dze odb\u0119dzie si\u0119 otwarcie wystawy prac Andrzeja Tadeusza Kr\u00f3la (ur. 1948), polskiego lutnika specjalizuj\u0105cego si\u0119 w budowie instrument\u00f3w o menzurze wiolonczeli, tworz\u0105cych m. in. seri\u0119 \u201eWspak i Kij\u201d. Artysta jest uczniem znanego litewskiego rze\u017abiarza Antanasa Mon\u010dysa (1921\u20131993), studiowa\u0142 w Cit\u00e9 internationale universitaire de Paris i obecnie mieszka w Warszawie. Na wystawie zostan\u0105 zaprezentowane skonstruowane przez A. T. Kr\u00f3la autorskie instrumenty, w tym prace powsta\u0142e w 1984 roku w paryskiej pracowni A. Mon\u010dysa. List\u0119 prezentowanych eksponat\u00f3w dope\u0142ni\u0105 tak\u017ce rysunki, fotografie i materia\u0142y filmowe. Litewski rze\u017abiarz Antanas Mon\u010dys zas\u0142yn\u0105\u0142 m. in. z tworzenia wyszukanych gwizdk\u00f3w. Z kolei Andrzej Tadeusz Kr\u00f3l przekszta\u0142ci\u0142 swoje rze\u017aby w instrumenty muzyczne i nazwa\u0142 je \u201eWspakami\u201d (od s\u0142owa \u201ewspak\u201d). Z okazji otwarcia wystawy Muzeum Sztuki im. Antanasa Mon\u010dysa zorganizuje r\u00f3wnie\u017c warsztaty tw\u00f3rcze, podczas kt\u00f3rych autor wystawy wesp\u00f3\u0142 z litewskimi artystami Donatasem Bielkauskasem (DONIS) oraz Karolisem Vai\u010diulisem, przygotuje muzyczny performance z wykorzystaniem prezentowanych rze\u017ab i instrument\u00f3w.<\/p>\n\n\n\n<p>Kurator wystawy: Marta P\u0142o\u0144ska-Kr\u00f3l.<\/p>\n\n\n\n<p>Wystawa\u00a0prezentowana\u00a0b\u0119dzie do 15 czerwca br.<\/p>\n\n\n\n<p>Wst\u0119p wolny.<\/p>\n\n\n\n<div style=\"height:17px\" aria-hidden=\"true\" class=\"wp-block-spacer\"><\/div>\n\n\n\n<p>Organizatorzy: Instytut Polski w Wilnie, Muzeum Sztuki im. Antanasa Mon\u010dysa, Samorz\u0105d m. Po\u0142\u0105gi<\/p>\n","protected":false},"excerpt":{"rendered":"<p>16 maja 2026 r., godz. 17.00, Muzeum Sztuki im. Antanasa Mon\u010dysa (ul. S. Daukanto 16) 16 maja 2026 roku o godz. 17.00 w Muzeum Sztuki im. Antanasa Mon\u010dysa w Po\u0142\u0105dze odb\u0119dzie si\u0119 otwarcie wystawy prac Andrzeja Tadeusza Kr\u00f3la (ur. 1948), polskiego lutnika specjalizuj\u0105cego si\u0119 w budowie instrument\u00f3w o menzurze wiolonczeli, tworz\u0105cych m. in. seri\u0119 \u201eWspak [&hellip;]<\/p>\n","protected":false},"author":179,"featured_media":9012,"comment_status":"open","ping_status":"open","sticky":false,"template":"","format":"standard","meta":{"inline_featured_image":false,"_monsterinsights_skip_tracking":false,"_monsterinsights_sitenote_active":false,"_monsterinsights_sitenote_note":"","_monsterinsights_sitenote_category":0,"footnotes":""},"categories":[49,95,53],"tags":[],"class_list":["post-9016","post","type-post","status-publish","format-standard","has-post-thumbnail","hentry","category-muzyka","category-wydarzenia","category-wystawy"],"yoast_head":"<!-- This site is optimized with the Yoast SEO plugin v24.6 - https:\/\/yoast.com\/wordpress\/plugins\/seo\/ -->\n<title>Wystawa autorskich instrument\u00f3w Andrzeja Tadeusza Kr\u00f3la \u201eNIE\/OCZYWISTE ZWI\u0104ZKI\u201c - Instytut Polski w Wilnie<\/title>\n<meta name=\"robots\" content=\"index, follow, max-snippet:-1, max-image-preview:large, max-video-preview:-1\" \/>\n<link rel=\"canonical\" href=\"https:\/\/instytutpolski.pl\/vilnius\/pl\/2026\/04\/28\/wystawa-autorskich-instrumentow-andrzeja-tadeusza-krola-nie-oczywiste-zwiazki\/\" \/>\n<meta property=\"og:locale\" content=\"pl_PL\" \/>\n<meta property=\"og:type\" content=\"article\" \/>\n<meta property=\"og:title\" content=\"Wystawa autorskich instrument\u00f3w Andrzeja Tadeusza Kr\u00f3la \u201eNIE\/OCZYWISTE ZWI\u0104ZKI\u201c - Instytut Polski w Wilnie\" \/>\n<meta property=\"og:description\" content=\"16 maja 2026 r., godz. 17.00, Muzeum Sztuki im. Antanasa Mon\u010dysa (ul. S. Daukanto 16) 16 maja 2026 roku o godz. 17.00 w Muzeum Sztuki im. Antanasa Mon\u010dysa w Po\u0142\u0105dze odb\u0119dzie si\u0119 otwarcie wystawy prac Andrzeja Tadeusza Kr\u00f3la (ur. 1948), polskiego lutnika specjalizuj\u0105cego si\u0119 w budowie instrument\u00f3w o menzurze wiolonczeli, tworz\u0105cych m. in. seri\u0119 \u201eWspak [&hellip;]\" \/>\n<meta property=\"og:url\" content=\"https:\/\/instytutpolski.pl\/vilnius\/pl\/2026\/04\/28\/wystawa-autorskich-instrumentow-andrzeja-tadeusza-krola-nie-oczywiste-zwiazki\/\" \/>\n<meta property=\"og:site_name\" content=\"Instytut Polski w Wilnie\" \/>\n<meta property=\"article:published_time\" content=\"2026-04-28T08:25:43+00:00\" \/>\n<meta property=\"article:modified_time\" content=\"2026-04-28T08:27:33+00:00\" \/>\n<meta property=\"og:image\" content=\"https:\/\/instytutpolski.pl\/vilnius\/wp-content\/uploads\/sites\/24\/2026\/04\/A.T.-Krolaus-paroda.png\" \/>\n\t<meta property=\"og:image:width\" content=\"849\" \/>\n\t<meta property=\"og:image:height\" content=\"1200\" \/>\n\t<meta property=\"og:image:type\" content=\"image\/png\" \/>\n<meta name=\"author\" content=\"strielkunasr\" \/>\n<meta name=\"twitter:card\" content=\"summary_large_image\" \/>\n<meta name=\"twitter:label1\" content=\"Napisane przez\" \/>\n\t<meta name=\"twitter:data1\" content=\"strielkunasr\" \/>\n\t<meta name=\"twitter:label2\" content=\"Szacowany czas czytania\" \/>\n\t<meta name=\"twitter:data2\" content=\"2 minuty\" \/>\n<script type=\"application\/ld+json\" class=\"yoast-schema-graph\">{\"@context\":\"https:\/\/schema.org\",\"@graph\":[{\"@type\":\"event\",\"@id\":\"https:\/\/instytutpolski.pl\/vilnius\/pl\/2026\/04\/28\/wystawa-autorskich-instrumentow-andrzeja-tadeusza-krola-nie-oczywiste-zwiazki\/\",\"url\":\"https:\/\/instytutpolski.pl\/vilnius\/pl\/2026\/04\/28\/wystawa-autorskich-instrumentow-andrzeja-tadeusza-krola-nie-oczywiste-zwiazki\/\",\"name\":\"Wystawa autorskich instrument\u00f3w Andrzeja Tadeusza Kr\u00f3la \u201eNIE\/OCZYWISTE ZWI\u0104ZKI\u201c\",\"isPartOf\":{\"@id\":\"https:\/\/instytutpolski.pl\/vilnius\/#website\"},\"primaryImageOfPage\":{\"@id\":\"https:\/\/instytutpolski.pl\/vilnius\/pl\/2026\/04\/28\/wystawa-autorskich-instrumentow-andrzeja-tadeusza-krola-nie-oczywiste-zwiazki\/#primaryimage\"},\"image\":[\"https:\/\/instytutpolski.pl\/vilnius\/wp-content\/uploads\/sites\/24\/2026\/04\/A.T.-Krolaus-paroda.png\",\"https:\/\/instytutpolski.pl\/vilnius\/wp-content\/uploads\/sites\/24\/2026\/04\/A.T.-Krolaus-paroda-212x300.png\",\"https:\/\/instytutpolski.pl\/vilnius\/wp-content\/uploads\/sites\/24\/2026\/04\/A.T.-Krolaus-paroda-724x1024.png\",\"https:\/\/instytutpolski.pl\/vilnius\/wp-content\/uploads\/sites\/24\/2026\/04\/A.T.-Krolaus-paroda.png\"],\"thumbnailUrl\":\"https:\/\/instytutpolski.pl\/vilnius\/wp-content\/uploads\/sites\/24\/2026\/04\/A.T.-Krolaus-paroda.png\",\"datePublished\":\"2026-04-28T08:25:43+02:00\",\"dateModified\":\"2026-04-28T08:27:33+02:00\",\"author\":{\"@id\":\"https:\/\/instytutpolski.pl\/vilnius\/#\/schema\/person\/0fe71ab8ff05e4d313f18753e7735a3c\"},\"breadcrumb\":{\"@id\":\"https:\/\/instytutpolski.pl\/vilnius\/pl\/2026\/04\/28\/wystawa-autorskich-instrumentow-andrzeja-tadeusza-krola-nie-oczywiste-zwiazki\/#breadcrumb\"},\"inLanguage\":\"pl-PL\",\"potentialAction\":[{\"@type\":\"ReadAction\",\"target\":[\"https:\/\/instytutpolski.pl\/vilnius\/pl\/2026\/04\/28\/wystawa-autorskich-instrumentow-andrzeja-tadeusza-krola-nie-oczywiste-zwiazki\/\"]}],\"@context\":\"https:\/\/schema.org\",\"startDate\":\"2026-05-16\",\"endDate\":\"2026-06-15\",\"eventStatus\":\"EventScheduled\",\"eventAttendanceMode\":\"OfflineEventAttendanceMode\",\"location\":{\"@type\":\"place\",\"name\":\"\",\"address\":\"\",\"geo\":{\"@type\":\"GeoCoordinates\",\"latitude\":\"\",\"longitude\":\"\"}},\"description\":\"16 maja 2026 r., godz. 17.00, Muzeum Sztuki im. Antanasa Mon\u010dysa (ul. S. Daukanto 16)\\n16 maja 2026 roku o godz. 17.00 w Muzeum Sztuki im. Antanasa Mon\u010dysa w Po\u0142\u0105dze odb\u0119dzie si\u0119 otwarcie wystawy prac Andrzeja Tadeusza Kr\u00f3la (ur. 1948), polskiego lutnika specjalizuj\u0105cego si\u0119 w budowie instrument\u00f3w o menzurze wiolonczeli, tworz\u0105cych m. in. seri\u0119 \u201eWspak i Kij\u201d. Artysta jest uczniem znanego litewskiego rze\u017abiarza Antanasa Mon\u010dysa (1921\u20131993), studiowa\u0142 w Cit\u00e9 internationale universitaire de Paris i obecnie mieszka w Warszawie. Na wystawie zostan\u0105 zaprezentowane skonstruowane przez A. T. Kr\u00f3la autorskie instrumenty, w tym prace powsta\u0142e w 1984 roku w paryskiej pracowni A. Mon\u010dysa. List\u0119 prezentowanych eksponat\u00f3w dope\u0142ni\u0105 tak\u017ce rysunki, fotografie i materia\u0142y filmowe. Litewski rze\u017abiarz Antanas Mon\u010dys zas\u0142yn\u0105\u0142 m. in. z tworzenia wyszukanych gwizdk\u00f3w. Z kolei Andrzej Tadeusz Kr\u00f3l przekszta\u0142ci\u0142 swoje rze\u017aby w instrumenty muzyczne i nazwa\u0142 je \u201eWspakami\u201d (od s\u0142owa \u201ewspak\u201d). Z okazji otwarcia wystawy Muzeum Sztuki im. Antanasa Mon\u010dysa zorganizuje r\u00f3wnie\u017c warsztaty tw\u00f3rcze, podczas kt\u00f3rych autor wystawy wesp\u00f3\u0142 z litewskimi artystami Donatasem Bielkauskasem (DONIS) oraz Karolisem Vai\u010diulisem, przygotuje muzyczny performance z wykorzystaniem prezentowanych rze\u017ab i instrument\u00f3w.\\nKurator wystawy: Marta P\u0142o\u0144ska-Kr\u00f3l.\\nWystawa\u00a0prezentowana\u00a0b\u0119dzie do 15 czerwca br.\\nWst\u0119p wolny.\\nOrganizatorzy: Instytut Polski w Wilnie, Muzeum Sztuki im. Antanasa Mon\u010dysa, Samorz\u0105d m. Po\u0142\u0105gi\"},{\"@type\":\"ImageObject\",\"inLanguage\":\"pl-PL\",\"@id\":\"https:\/\/instytutpolski.pl\/vilnius\/pl\/2026\/04\/28\/wystawa-autorskich-instrumentow-andrzeja-tadeusza-krola-nie-oczywiste-zwiazki\/#primaryimage\",\"url\":\"https:\/\/instytutpolski.pl\/vilnius\/wp-content\/uploads\/sites\/24\/2026\/04\/A.T.-Krolaus-paroda.png\",\"contentUrl\":\"https:\/\/instytutpolski.pl\/vilnius\/wp-content\/uploads\/sites\/24\/2026\/04\/A.T.-Krolaus-paroda.png\",\"width\":849,\"height\":1200},{\"@type\":\"BreadcrumbList\",\"@id\":\"https:\/\/instytutpolski.pl\/vilnius\/pl\/2026\/04\/28\/wystawa-autorskich-instrumentow-andrzeja-tadeusza-krola-nie-oczywiste-zwiazki\/#breadcrumb\",\"itemListElement\":[{\"@type\":\"ListItem\",\"position\":1,\"name\":\"Home\",\"item\":\"https:\/\/instytutpolski.pl\/vilnius\/\"},{\"@type\":\"ListItem\",\"position\":2,\"name\":\"Wystawa autorskich instrument\u00f3w Andrzeja Tadeusza Kr\u00f3la \u201eNIE\/OCZYWISTE ZWI\u0104ZKI\u201c\"}]},{\"@type\":\"WebSite\",\"@id\":\"https:\/\/instytutpolski.pl\/vilnius\/#website\",\"url\":\"https:\/\/instytutpolski.pl\/vilnius\/\",\"name\":\"Instytut Polski w Wilnie\",\"description\":\"Instytuty Polskie\",\"potentialAction\":[{\"@type\":\"SearchAction\",\"target\":{\"@type\":\"EntryPoint\",\"urlTemplate\":\"https:\/\/instytutpolski.pl\/vilnius\/?s={search_term_string}\"},\"query-input\":{\"@type\":\"PropertyValueSpecification\",\"valueRequired\":true,\"valueName\":\"search_term_string\"}}],\"inLanguage\":\"pl-PL\"},{\"@type\":\"Person\",\"@id\":\"https:\/\/instytutpolski.pl\/vilnius\/#\/schema\/person\/0fe71ab8ff05e4d313f18753e7735a3c\",\"name\":\"strielkunasr\",\"image\":{\"@type\":\"ImageObject\",\"inLanguage\":\"pl-PL\",\"@id\":\"https:\/\/instytutpolski.pl\/vilnius\/#\/schema\/person\/image\/\",\"url\":\"https:\/\/secure.gravatar.com\/avatar\/1f685238784360c3347cf65c78e0c870?s=96&d=mm&r=g\",\"contentUrl\":\"https:\/\/secure.gravatar.com\/avatar\/1f685238784360c3347cf65c78e0c870?s=96&d=mm&r=g\",\"caption\":\"strielkunasr\"},\"url\":\"https:\/\/instytutpolski.pl\/vilnius\/author\/strielkunasr\/\"}]}<\/script>\n<!-- \/ Yoast SEO plugin. -->","yoast_head_json":{"title":"Wystawa autorskich instrument\u00f3w Andrzeja Tadeusza Kr\u00f3la \u201eNIE\/OCZYWISTE ZWI\u0104ZKI\u201c - Instytut Polski w Wilnie","robots":{"index":"index","follow":"follow","max-snippet":"max-snippet:-1","max-image-preview":"max-image-preview:large","max-video-preview":"max-video-preview:-1"},"canonical":"https:\/\/instytutpolski.pl\/vilnius\/pl\/2026\/04\/28\/wystawa-autorskich-instrumentow-andrzeja-tadeusza-krola-nie-oczywiste-zwiazki\/","og_locale":"pl_PL","og_type":"article","og_title":"Wystawa autorskich instrument\u00f3w Andrzeja Tadeusza Kr\u00f3la \u201eNIE\/OCZYWISTE ZWI\u0104ZKI\u201c - Instytut Polski w Wilnie","og_description":"16 maja 2026 r., godz. 17.00, Muzeum Sztuki im. Antanasa Mon\u010dysa (ul. S. Daukanto 16) 16 maja 2026 roku o godz. 17.00 w Muzeum Sztuki im. Antanasa Mon\u010dysa w Po\u0142\u0105dze odb\u0119dzie si\u0119 otwarcie wystawy prac Andrzeja Tadeusza Kr\u00f3la (ur. 1948), polskiego lutnika specjalizuj\u0105cego si\u0119 w budowie instrument\u00f3w o menzurze wiolonczeli, tworz\u0105cych m. in. seri\u0119 \u201eWspak [&hellip;]","og_url":"https:\/\/instytutpolski.pl\/vilnius\/pl\/2026\/04\/28\/wystawa-autorskich-instrumentow-andrzeja-tadeusza-krola-nie-oczywiste-zwiazki\/","og_site_name":"Instytut Polski w Wilnie","article_published_time":"2026-04-28T08:25:43+00:00","article_modified_time":"2026-04-28T08:27:33+00:00","og_image":[{"width":849,"height":1200,"url":"https:\/\/instytutpolski.pl\/vilnius\/wp-content\/uploads\/sites\/24\/2026\/04\/A.T.-Krolaus-paroda.png","type":"image\/png"}],"author":"strielkunasr","twitter_card":"summary_large_image","twitter_misc":{"Napisane przez":"strielkunasr","Szacowany czas czytania":"2 minuty"},"schema":{"@context":"https:\/\/schema.org","@graph":[{"@type":"event","@id":"https:\/\/instytutpolski.pl\/vilnius\/pl\/2026\/04\/28\/wystawa-autorskich-instrumentow-andrzeja-tadeusza-krola-nie-oczywiste-zwiazki\/","url":"https:\/\/instytutpolski.pl\/vilnius\/pl\/2026\/04\/28\/wystawa-autorskich-instrumentow-andrzeja-tadeusza-krola-nie-oczywiste-zwiazki\/","name":"Wystawa autorskich instrument\u00f3w Andrzeja Tadeusza Kr\u00f3la \u201eNIE\/OCZYWISTE ZWI\u0104ZKI\u201c","isPartOf":{"@id":"https:\/\/instytutpolski.pl\/vilnius\/#website"},"primaryImageOfPage":{"@id":"https:\/\/instytutpolski.pl\/vilnius\/pl\/2026\/04\/28\/wystawa-autorskich-instrumentow-andrzeja-tadeusza-krola-nie-oczywiste-zwiazki\/#primaryimage"},"image":["https:\/\/instytutpolski.pl\/vilnius\/wp-content\/uploads\/sites\/24\/2026\/04\/A.T.-Krolaus-paroda.png","https:\/\/instytutpolski.pl\/vilnius\/wp-content\/uploads\/sites\/24\/2026\/04\/A.T.-Krolaus-paroda-212x300.png","https:\/\/instytutpolski.pl\/vilnius\/wp-content\/uploads\/sites\/24\/2026\/04\/A.T.-Krolaus-paroda-724x1024.png","https:\/\/instytutpolski.pl\/vilnius\/wp-content\/uploads\/sites\/24\/2026\/04\/A.T.-Krolaus-paroda.png"],"thumbnailUrl":"https:\/\/instytutpolski.pl\/vilnius\/wp-content\/uploads\/sites\/24\/2026\/04\/A.T.-Krolaus-paroda.png","datePublished":"2026-04-28T08:25:43+02:00","dateModified":"2026-04-28T08:27:33+02:00","author":{"@id":"https:\/\/instytutpolski.pl\/vilnius\/#\/schema\/person\/0fe71ab8ff05e4d313f18753e7735a3c"},"breadcrumb":{"@id":"https:\/\/instytutpolski.pl\/vilnius\/pl\/2026\/04\/28\/wystawa-autorskich-instrumentow-andrzeja-tadeusza-krola-nie-oczywiste-zwiazki\/#breadcrumb"},"inLanguage":"pl-PL","potentialAction":[{"@type":"ReadAction","target":["https:\/\/instytutpolski.pl\/vilnius\/pl\/2026\/04\/28\/wystawa-autorskich-instrumentow-andrzeja-tadeusza-krola-nie-oczywiste-zwiazki\/"]}],"@context":"https:\/\/schema.org","startDate":"2026-05-16","endDate":"2026-06-15","eventStatus":"EventScheduled","eventAttendanceMode":"OfflineEventAttendanceMode","location":{"@type":"place","name":"","address":"","geo":{"@type":"GeoCoordinates","latitude":"","longitude":""}},"description":"16 maja 2026 r., godz. 17.00, Muzeum Sztuki im. Antanasa Mon\u010dysa (ul. S. Daukanto 16)\n16 maja 2026 roku o godz. 17.00 w Muzeum Sztuki im. Antanasa Mon\u010dysa w Po\u0142\u0105dze odb\u0119dzie si\u0119 otwarcie wystawy prac Andrzeja Tadeusza Kr\u00f3la (ur. 1948), polskiego lutnika specjalizuj\u0105cego si\u0119 w budowie instrument\u00f3w o menzurze wiolonczeli, tworz\u0105cych m. in. seri\u0119 \u201eWspak i Kij\u201d. Artysta jest uczniem znanego litewskiego rze\u017abiarza Antanasa Mon\u010dysa (1921\u20131993), studiowa\u0142 w Cit\u00e9 internationale universitaire de Paris i obecnie mieszka w Warszawie. Na wystawie zostan\u0105 zaprezentowane skonstruowane przez A. T. Kr\u00f3la autorskie instrumenty, w tym prace powsta\u0142e w 1984 roku w paryskiej pracowni A. Mon\u010dysa. List\u0119 prezentowanych eksponat\u00f3w dope\u0142ni\u0105 tak\u017ce rysunki, fotografie i materia\u0142y filmowe. Litewski rze\u017abiarz Antanas Mon\u010dys zas\u0142yn\u0105\u0142 m. in. z tworzenia wyszukanych gwizdk\u00f3w. Z kolei Andrzej Tadeusz Kr\u00f3l przekszta\u0142ci\u0142 swoje rze\u017aby w instrumenty muzyczne i nazwa\u0142 je \u201eWspakami\u201d (od s\u0142owa \u201ewspak\u201d). Z okazji otwarcia wystawy Muzeum Sztuki im. Antanasa Mon\u010dysa zorganizuje r\u00f3wnie\u017c warsztaty tw\u00f3rcze, podczas kt\u00f3rych autor wystawy wesp\u00f3\u0142 z litewskimi artystami Donatasem Bielkauskasem (DONIS) oraz Karolisem Vai\u010diulisem, przygotuje muzyczny performance z wykorzystaniem prezentowanych rze\u017ab i instrument\u00f3w.\nKurator wystawy: Marta P\u0142o\u0144ska-Kr\u00f3l.\nWystawa\u00a0prezentowana\u00a0b\u0119dzie do 15 czerwca br.\nWst\u0119p wolny.\nOrganizatorzy: Instytut Polski w Wilnie, Muzeum Sztuki im. Antanasa Mon\u010dysa, Samorz\u0105d m. Po\u0142\u0105gi"},{"@type":"ImageObject","inLanguage":"pl-PL","@id":"https:\/\/instytutpolski.pl\/vilnius\/pl\/2026\/04\/28\/wystawa-autorskich-instrumentow-andrzeja-tadeusza-krola-nie-oczywiste-zwiazki\/#primaryimage","url":"https:\/\/instytutpolski.pl\/vilnius\/wp-content\/uploads\/sites\/24\/2026\/04\/A.T.-Krolaus-paroda.png","contentUrl":"https:\/\/instytutpolski.pl\/vilnius\/wp-content\/uploads\/sites\/24\/2026\/04\/A.T.-Krolaus-paroda.png","width":849,"height":1200},{"@type":"BreadcrumbList","@id":"https:\/\/instytutpolski.pl\/vilnius\/pl\/2026\/04\/28\/wystawa-autorskich-instrumentow-andrzeja-tadeusza-krola-nie-oczywiste-zwiazki\/#breadcrumb","itemListElement":[{"@type":"ListItem","position":1,"name":"Home","item":"https:\/\/instytutpolski.pl\/vilnius\/"},{"@type":"ListItem","position":2,"name":"Wystawa autorskich instrument\u00f3w Andrzeja Tadeusza Kr\u00f3la \u201eNIE\/OCZYWISTE ZWI\u0104ZKI\u201c"}]},{"@type":"WebSite","@id":"https:\/\/instytutpolski.pl\/vilnius\/#website","url":"https:\/\/instytutpolski.pl\/vilnius\/","name":"Instytut Polski w Wilnie","description":"Instytuty Polskie","potentialAction":[{"@type":"SearchAction","target":{"@type":"EntryPoint","urlTemplate":"https:\/\/instytutpolski.pl\/vilnius\/?s={search_term_string}"},"query-input":{"@type":"PropertyValueSpecification","valueRequired":true,"valueName":"search_term_string"}}],"inLanguage":"pl-PL"},{"@type":"Person","@id":"https:\/\/instytutpolski.pl\/vilnius\/#\/schema\/person\/0fe71ab8ff05e4d313f18753e7735a3c","name":"strielkunasr","image":{"@type":"ImageObject","inLanguage":"pl-PL","@id":"https:\/\/instytutpolski.pl\/vilnius\/#\/schema\/person\/image\/","url":"https:\/\/secure.gravatar.com\/avatar\/1f685238784360c3347cf65c78e0c870?s=96&d=mm&r=g","contentUrl":"https:\/\/secure.gravatar.com\/avatar\/1f685238784360c3347cf65c78e0c870?s=96&d=mm&r=g","caption":"strielkunasr"},"url":"https:\/\/instytutpolski.pl\/vilnius\/author\/strielkunasr\/"}]}},"_links":{"self":[{"href":"https:\/\/instytutpolski.pl\/vilnius\/wp-json\/wp\/v2\/posts\/9016","targetHints":{"allow":["GET"]}}],"collection":[{"href":"https:\/\/instytutpolski.pl\/vilnius\/wp-json\/wp\/v2\/posts"}],"about":[{"href":"https:\/\/instytutpolski.pl\/vilnius\/wp-json\/wp\/v2\/types\/post"}],"author":[{"embeddable":true,"href":"https:\/\/instytutpolski.pl\/vilnius\/wp-json\/wp\/v2\/users\/179"}],"replies":[{"embeddable":true,"href":"https:\/\/instytutpolski.pl\/vilnius\/wp-json\/wp\/v2\/comments?post=9016"}],"version-history":[{"count":2,"href":"https:\/\/instytutpolski.pl\/vilnius\/wp-json\/wp\/v2\/posts\/9016\/revisions"}],"predecessor-version":[{"id":9018,"href":"https:\/\/instytutpolski.pl\/vilnius\/wp-json\/wp\/v2\/posts\/9016\/revisions\/9018"}],"wp:featuredmedia":[{"embeddable":true,"href":"https:\/\/instytutpolski.pl\/vilnius\/wp-json\/wp\/v2\/media\/9012"}],"wp:attachment":[{"href":"https:\/\/instytutpolski.pl\/vilnius\/wp-json\/wp\/v2\/media?parent=9016"}],"wp:term":[{"taxonomy":"category","embeddable":true,"href":"https:\/\/instytutpolski.pl\/vilnius\/wp-json\/wp\/v2\/categories?post=9016"},{"taxonomy":"post_tag","embeddable":true,"href":"https:\/\/instytutpolski.pl\/vilnius\/wp-json\/wp\/v2\/tags?post=9016"}],"curies":[{"name":"wp","href":"https:\/\/api.w.org\/{rel}","templated":true}]}}