{"id":24681,"date":"2024-11-14T11:46:49","date_gmt":"2024-11-14T10:46:49","guid":{"rendered":"https:\/\/instytutpolski.pl\/wien\/?p=24681"},"modified":"2024-11-18T15:17:27","modified_gmt":"2024-11-18T14:17:27","slug":"polnische-filme-und-ko-produktionen-beim-europaischen-kinotag-2024-am-17-11-in-wien-bei-freiem-eintritt","status":"publish","type":"post","link":"https:\/\/instytutpolski.pl\/wien\/2024\/11\/14\/polnische-filme-und-ko-produktionen-beim-europaischen-kinotag-2024-am-17-11-in-wien-bei-freiem-eintritt\/","title":{"rendered":"Polnische Filme und Ko-Produktionen beim Europ\u00e4ischen Kinotag 2024 am 17.11. in Wien &#8211; bei freiem Eintritt"},"content":{"rendered":"\n<p style=\"text-align: justify\">Die Eventreihe wird von Cineplexx gemeinsam mit dem Verein LET\u2019S CEE Filmfestival und seinem Projekt EU Youth Cinema: Green Deal (<a href=\"http:\/\/www.euyc.green\">www.euyc.green<\/a>) veranstaltet. <br \/>\u21d2 Eintritt frei, keine Reservierung. Die Z\u00e4hlkarten werden am Veranstaltungstag nach dem First-Come-First-Served-Prinzip an der Kinokasse vergeben.<\/p>\n<p><strong><br \/>VILLAGE CINEMA WIEN MITTE &#8211; <\/strong><strong>Landstra\u00dfer Hauptstra\u00dfe 2a, 1030 Wien<\/strong><\/p>\n<p><strong><span style=\"color: #0000ff\">12:30 Uhr: \u201eEs war einmal ein Meer&#8230;\u201c | \u201eOnce there was a sea\u2026\u201d<\/span><\/strong> <br \/>(Polen, Slowakei 2021, 16 Min., Regie:\u00a0 Joanna Ko\u017cuch); zuvor: \u201eThe World According to My Dad\u201c (Tschechische Republik, Slowakei 2023, 77 Min., Regie: Marta Kov\u00e1\u0159ov\u00e1)\u00a0\u00a0<br \/><br \/><\/p>\n<p><strong>ACTORS STUDIO WIEN &#8211; <\/strong><strong>Tuchlauben 13, 1010 Wien<\/strong><\/p>\n<p><span style=\"color: #0000ff\"><strong>18:00 Uhr: \u201eBis zum letzten Tropfen\u201c | \u201eUntil the Last Drop\u201c<\/strong> <\/span>(Polen 2023, 70 Min., Regie: Ewa Ewart); im Anschluss: \u201eLake of Apples\u201c (Nordmazedonien 2017, 30 Min., Regie:\u00a0 Tamara Kotevska &amp; Ljubomir Stefanov)<br \/><br \/><\/p>\n<p><strong>GEIDORF KUNSTKINO GRAZ &#8211; <\/strong><strong>Geidorfpl. 1a, 8010 Graz<\/strong><\/p>\n<p><strong><span style=\"color: #0000ff\">17:00 Uhr: \u201eGeneration Change: Wer rettet die Welt?\u201c | \u201eGeneration Change:\u00a0 Who saves the world?\u201c<\/span><\/strong> (AT\/DE\/IT\/PT\/ES\/CZ\/PL\/FR 2022, 82 Min., Regie:\u00a0 Vanessa B\u00f6ttcher); zuvor: \u201eTierheim\u201c | \u201eSanctuary\u201c (Tschechische Republik 2021, 5 Min., Regie: Eva Mat\u011bjovi\u010dov\u00e1)\u00a0\u00a0<\/p>\n<hr \/>\n<p><strong>\u201eBis zum letzten Tropfen\u201c | \u201eUntil the Last Drop\u201c<\/strong><\/p>\n<p style=\"text-align: justify\">Dieser wundersch\u00f6n gedrehte Dokumentarfilm zeigt die globalen Kosten und Folgen der Naturzerst\u00f6rung auf. Unsere lebensspendenden Fl\u00fcsse sind besonders stark betroffen. Der Film folgt Umweltaktivist*innen in Kanada, den Niederlanden, Italien, Albanien, Polen und der Schweiz und dokumentiert ihre Sorgen, aber auch ihre Erfolge im Kampf f\u00fcr sauberes Wasser und unber\u00fchrte Fl\u00fcsse. Der Film ist eine starke Botschaft zum Schutz der Fl\u00fcsse und all unserer Gew\u00e4sser, damit wir auch weiterhin sauberes Wasser haben oder wieder haben werden. Er ist eine Geschichte der Hoffnung und des Mutes, aber auch der Verzweiflung und zeigt uns, dass wir Teil der L\u00f6sung sind und nicht allein mit unseren Hoffnungen im Kampf gegen eine der gr\u00f6\u00dften Bedrohungen der menschlichen Zivilisation: die wachsende S\u00fc\u00dfwasserkrise.<\/p>\n<hr \/>\n<p>\u00a0<\/p>\n<p><strong>\u201eGeneration Change: Wer rettet die Welt?\u201c <\/strong><strong>| \u201eGeneration Change:\u00a0 Who saves the world?\u201c <\/strong><\/p>\n<p style=\"text-align: justify\">Im Rahmen des europaweiten Klimaprojekts 1Planet4All macht sich S\u00fcdwind im Sommer 2021 gemeinsam mit der Grazer Klimaaktivistin Sarah Sadeghi und einem Filmteam aus Wien auf eine Reise quer durch ganz Europa. Von Polen bis Portugal werden Orte besucht, an denen die Klimakrise bereits deutlich sichtbar und sp\u00fcrbar ist. Sie treffen dabei junge Menschen im Kampf gegen die Klimakrise und sprechen gemeinsam \u00fcber L\u00f6sungen. Die Klimakrise ist auch w\u00e4hrend der Reise immer wieder pr\u00e4sent: Nachrichten \u00fcber \u00dcberflutungen, Waldbr\u00e4nde, Tornados und Rekordhitze sind allgegenw\u00e4rtig. Herausgekommen ist ein eindr\u00fccklicher Dokumentarfilm \u00fcber die dramatischen Folgen der Klimakrise in Europa mit spektakul\u00e4ren Bildern, engagierten Gespr\u00e4chspartner*innen und hoffnungsvollen Initiativen.<\/p>\n<hr \/>\n<p><strong>\u201eEs war einmal ein Meer&#8230;\u201c | \u201eOnce there was a sea\u2026\u201d <\/strong><\/p>\n<p style=\"text-align: justify\">Der animierte Kurzfilm folgt den Spuren des verschwundenen Aralsees, dessen Erinnerung noch immer die lokale Bev\u00f6lkerung eines kleinen usbekischen Dorfes verfolgt. Ein Kurzfilm \u00fcber die verheerenden Folgen menschlicher Fehlentscheidungen und unverantwortlichen Handelns. \u201eEin bewegendes, animiertes Portr\u00e4t des sterbenden Aralsees an der Grenze zwischen Kasachstan und Usbekistan, der Schauplatz einer der schlimmsten von Menschen verursachten Umweltkatastrophen der Menschheitsgeschichte ist.\u201c \u2013 Robert John Torres<\/p>\n<hr \/>\n<p><strong><u>\u00dcBER DEN EUROP\u00c4ISCHEN KINOTAG <\/u><\/strong><\/p>\n<p style=\"text-align: justify\">Mit dem EUROP\u00c4ISCHEN KINOTAG bekommen die europ\u00e4ischen Filme und alle leidenschaftlichen Kinobetreiber endlich einen Feiertag. Kinos sind eine kulturelle Bereicherung &#8211; f\u00fcr Alt und Jung, auf dem Land und in der Stadt. Und sie bringen Menschen zusammen unabh\u00e4ngig von Herkunft, Bildung und Einkommen. \u00dcber 100 Millionen Besucher*innen leisten Arthouse-Kinos einen wertvollen Beitrag f\u00fcr die programmatische Vielfalt, die Entdeckung und F\u00f6rderung junger Talente und den kulturellen Austausch innerhalb Europas.<\/p>\n<p>\u00a0<\/p>\n\n\n\n<figure class=\"wp-block-embed is-type-video is-provider-vimeo wp-block-embed-vimeo wp-embed-aspect-16-9 wp-has-aspect-ratio\"><div class=\"wp-block-embed__wrapper\">\nhttps:\/\/vimeo.com\/letsceeff\/generation?share=copy\n<\/div><\/figure>\n\n\n\n<figure class=\"wp-block-embed is-type-video is-provider-vimeo wp-block-embed-vimeo wp-embed-aspect-16-9 wp-has-aspect-ratio\"><div class=\"wp-block-embed__wrapper\">\nhttps:\/\/vimeo.com\/letsceeff\/lastdrop?share=copy\n<\/div><\/figure>\n","protected":false},"excerpt":{"rendered":"<p>Die Eventreihe wird von Cineplexx gemeinsam mit dem Verein LET\u2019S CEE Filmfestival und seinem Projekt EU Youth Cinema: Green Deal (www.euyc.green) veranstaltet. \u21d2 Eintritt frei, keine Reservierung. Die Z\u00e4hlkarten werden am Veranstaltungstag nach dem First-Come-First-Served-Prinzip an der Kinokasse vergeben. VILLAGE CINEMA WIEN MITTE &#8211; Landstra\u00dfer Hauptstra\u00dfe 2a, 1030 Wien 12:30 Uhr: \u201eEs war einmal ein [&hellip;]<\/p>\n","protected":false},"author":154,"featured_media":24683,"comment_status":"open","ping_status":"open","sticky":false,"template":"","format":"standard","meta":{"inline_featured_image":false,"_monsterinsights_skip_tracking":false,"_monsterinsights_sitenote_active":false,"_monsterinsights_sitenote_note":"","_monsterinsights_sitenote_category":0,"footnotes":""},"categories":[1],"tags":[],"class_list":["post-24681","post","type-post","status-publish","format-standard","has-post-thumbnail","hentry","category-aktuelles"],"yoast_head":"<!-- This site is optimized with the Yoast SEO plugin v24.6 - https:\/\/yoast.com\/wordpress\/plugins\/seo\/ -->\n<title>Polnische Filme und Ko-Produktionen beim Europ\u00e4ischen Kinotag 2024 am 17.11. in Wien - bei freiem Eintritt - Instytut Polski w Wiedniu<\/title>\n<meta name=\"robots\" content=\"index, follow, max-snippet:-1, max-image-preview:large, max-video-preview:-1\" \/>\n<link rel=\"canonical\" href=\"https:\/\/instytutpolski.pl\/wien\/2024\/11\/14\/polnische-filme-und-ko-produktionen-beim-europaischen-kinotag-2024-am-17-11-in-wien-bei-freiem-eintritt\/\" \/>\n<meta property=\"og:locale\" content=\"pl_PL\" \/>\n<meta property=\"og:type\" content=\"article\" \/>\n<meta property=\"og:title\" content=\"Polnische Filme und Ko-Produktionen beim Europ\u00e4ischen Kinotag 2024 am 17.11. in Wien - bei freiem Eintritt - Instytut Polski w Wiedniu\" \/>\n<meta property=\"og:description\" content=\"Die Eventreihe wird von Cineplexx gemeinsam mit dem Verein LET\u2019S CEE Filmfestival und seinem Projekt EU Youth Cinema: Green Deal (www.euyc.green) veranstaltet. \u21d2 Eintritt frei, keine Reservierung. Die Z\u00e4hlkarten werden am Veranstaltungstag nach dem First-Come-First-Served-Prinzip an der Kinokasse vergeben. VILLAGE CINEMA WIEN MITTE &#8211; Landstra\u00dfer Hauptstra\u00dfe 2a, 1030 Wien 12:30 Uhr: \u201eEs war einmal ein [&hellip;]\" \/>\n<meta property=\"og:url\" content=\"https:\/\/instytutpolski.pl\/wien\/2024\/11\/14\/polnische-filme-und-ko-produktionen-beim-europaischen-kinotag-2024-am-17-11-in-wien-bei-freiem-eintritt\/\" \/>\n<meta property=\"og:site_name\" content=\"Instytut Polski w Wiedniu\" \/>\n<meta property=\"article:published_time\" content=\"2024-11-14T10:46:49+00:00\" \/>\n<meta property=\"article:modified_time\" content=\"2024-11-18T14:17:27+00:00\" \/>\n<meta property=\"og:image\" content=\"https:\/\/instytutpolski.pl\/wien\/wp-content\/uploads\/sites\/2\/2024\/11\/Village-2024-MIT.jpg\" \/>\n\t<meta property=\"og:image:width\" content=\"1920\" \/>\n\t<meta property=\"og:image:height\" content=\"1005\" \/>\n\t<meta property=\"og:image:type\" content=\"image\/jpeg\" \/>\n<meta name=\"author\" content=\"madanya\" \/>\n<meta name=\"twitter:card\" content=\"summary_large_image\" \/>\n<meta name=\"twitter:label1\" content=\"Napisane przez\" \/>\n\t<meta name=\"twitter:data1\" content=\"madanya\" \/>\n\t<meta name=\"twitter:label2\" content=\"Szacowany czas czytania\" \/>\n\t<meta name=\"twitter:data2\" content=\"4 minuty\" \/>\n<script type=\"application\/ld+json\" class=\"yoast-schema-graph\">{\"@context\":\"https:\/\/schema.org\",\"@graph\":[{\"@type\":\"event\",\"@id\":\"https:\/\/instytutpolski.pl\/wien\/2024\/11\/14\/polnische-filme-und-ko-produktionen-beim-europaischen-kinotag-2024-am-17-11-in-wien-bei-freiem-eintritt\/\",\"url\":\"https:\/\/instytutpolski.pl\/wien\/2024\/11\/14\/polnische-filme-und-ko-produktionen-beim-europaischen-kinotag-2024-am-17-11-in-wien-bei-freiem-eintritt\/\",\"name\":\"Polnische Filme und Ko-Produktionen beim Europ\u00e4ischen Kinotag 2024 am 17.11. in Wien - bei freiem Eintritt\",\"isPartOf\":{\"@id\":\"https:\/\/instytutpolski.pl\/wien\/#website\"},\"primaryImageOfPage\":{\"@id\":\"https:\/\/instytutpolski.pl\/wien\/2024\/11\/14\/polnische-filme-und-ko-produktionen-beim-europaischen-kinotag-2024-am-17-11-in-wien-bei-freiem-eintritt\/#primaryimage\"},\"image\":[\"https:\/\/instytutpolski.pl\/wien\/wp-content\/uploads\/sites\/2\/2024\/11\/Village-2024-MIT.jpg\",\"https:\/\/instytutpolski.pl\/wien\/wp-content\/uploads\/sites\/2\/2024\/11\/Village-2024-MIT-300x157.jpg\",\"https:\/\/instytutpolski.pl\/wien\/wp-content\/uploads\/sites\/2\/2024\/11\/Village-2024-MIT-1024x536.jpg\",\"https:\/\/instytutpolski.pl\/wien\/wp-content\/uploads\/sites\/2\/2024\/11\/Village-2024-MIT.jpg\"],\"thumbnailUrl\":\"https:\/\/instytutpolski.pl\/wien\/wp-content\/uploads\/sites\/2\/2024\/11\/Village-2024-MIT.jpg\",\"datePublished\":\"2024-11-14T10:46:49+02:00\",\"dateModified\":\"2024-11-18T14:17:27+02:00\",\"author\":{\"@id\":\"https:\/\/instytutpolski.pl\/wien\/#\/schema\/person\/8d5323f296dd37d9db688cda4648396e\"},\"breadcrumb\":{\"@id\":\"https:\/\/instytutpolski.pl\/wien\/2024\/11\/14\/polnische-filme-und-ko-produktionen-beim-europaischen-kinotag-2024-am-17-11-in-wien-bei-freiem-eintritt\/#breadcrumb\"},\"inLanguage\":\"pl-PL\",\"potentialAction\":[{\"@type\":\"ReadAction\",\"target\":[\"https:\/\/instytutpolski.pl\/wien\/2024\/11\/14\/polnische-filme-und-ko-produktionen-beim-europaischen-kinotag-2024-am-17-11-in-wien-bei-freiem-eintritt\/\"]}],\"@context\":\"https:\/\/schema.org\",\"startDate\":\"2024-11-17\",\"endDate\":\"2024-11-17\",\"eventStatus\":\"EventScheduled\",\"eventAttendanceMode\":\"OfflineEventAttendanceMode\",\"location\":{\"@type\":\"place\",\"name\":\"\",\"address\":\"\",\"geo\":{\"@type\":\"GeoCoordinates\",\"latitude\":\"\",\"longitude\":\"\"}},\"description\":\"Die Eventreihe wird von Cineplexx gemeinsam mit dem Verein LET\u2019S CEE Filmfestival und seinem Projekt EU Youth Cinema: Green Deal (www.euyc.green) veranstaltet. \u21d2 Eintritt frei, keine Reservierung. Die Z\u00e4hlkarten werden am Veranstaltungstag nach dem First-Come-First-Served-Prinzip an der Kinokasse vergeben.\\nVILLAGE CINEMA WIEN MITTE - Landstra\u00dfer Hauptstra\u00dfe 2a, 1030 Wien\\n12:30 Uhr: \u201eEs war einmal ein Meer...\u201c | \u201eOnce there was a sea\u2026\u201d (Polen, Slowakei 2021, 16 Min., Regie:\u00a0 Joanna Ko\u017cuch); zuvor: \u201eThe World According to My Dad\u201c (Tschechische Republik, Slowakei 2023, 77 Min., Regie: Marta Kov\u00e1\u0159ov\u00e1)\u00a0\u00a0\\nACTORS STUDIO WIEN - Tuchlauben 13, 1010 Wien\\n18:00 Uhr: \u201eBis zum letzten Tropfen\u201c | \u201eUntil the Last Drop\u201c (Polen 2023, 70 Min., Regie: Ewa Ewart); im Anschluss: \u201eLake of Apples\u201c (Nordmazedonien 2017, 30 Min., Regie:\u00a0 Tamara Kotevska &amp; Ljubomir Stefanov)\\nGEIDORF KUNSTKINO GRAZ - Geidorfpl. 1a, 8010 Graz\\n17:00 Uhr: \u201eGeneration Change: Wer rettet die Welt?\u201c | \u201eGeneration Change:\u00a0 Who saves the world?\u201c (AT\/DE\/IT\/PT\/ES\/CZ\/PL\/FR 2022, 82 Min., Regie:\u00a0 Vanessa B\u00f6ttcher); zuvor: \u201eTierheim\u201c | \u201eSanctuary\u201c (Tschechische Republik 2021, 5 Min., Regie: Eva Mat\u011bjovi\u010dov\u00e1)\u00a0\u00a0\\n\u201eBis zum letzten Tropfen\u201c | \u201eUntil the Last Drop\u201c\\nDieser wundersch\u00f6n gedrehte Dokumentarfilm zeigt die globalen Kosten und Folgen der Naturzerst\u00f6rung auf. Unsere lebensspendenden Fl\u00fcsse sind besonders stark betroffen. Der Film folgt Umweltaktivist*innen in Kanada, den Niederlanden, Italien, Albanien, Polen und der Schweiz und dokumentiert ihre Sorgen, aber auch ihre Erfolge im Kampf f\u00fcr sauberes Wasser und unber\u00fchrte Fl\u00fcsse. Der Film ist eine starke Botschaft zum Schutz der Fl\u00fcsse und all unserer Gew\u00e4sser, damit wir auch weiterhin sauberes Wasser haben oder wieder haben werden. Er ist eine Geschichte der Hoffnung und des Mutes, aber auch der Verzweiflung und zeigt uns, dass wir Teil der L\u00f6sung sind und nicht allein mit unseren Hoffnungen im Kampf gegen eine der gr\u00f6\u00dften Bedrohungen der menschlichen Zivilisation: die wachsende S\u00fc\u00dfwasserkrise.\\n\u00a0\\n\u201eGeneration Change: Wer rettet die Welt?\u201c | \u201eGeneration Change:\u00a0 Who saves the world?\u201c \\nIm Rahmen des europaweiten Klimaprojekts 1Planet4All macht sich S\u00fcdwind im Sommer 2021 gemeinsam mit der Grazer Klimaaktivistin Sarah Sadeghi und einem Filmteam aus Wien auf eine Reise quer durch ganz Europa. Von Polen bis Portugal werden Orte besucht, an denen die Klimakrise bereits deutlich sichtbar und sp\u00fcrbar ist. Sie treffen dabei junge Menschen im Kampf gegen die Klimakrise und sprechen gemeinsam \u00fcber L\u00f6sungen. Die Klimakrise ist auch w\u00e4hrend der Reise immer wieder pr\u00e4sent: Nachrichten \u00fcber \u00dcberflutungen, Waldbr\u00e4nde, Tornados und Rekordhitze sind allgegenw\u00e4rtig. Herausgekommen ist ein eindr\u00fccklicher Dokumentarfilm \u00fcber die dramatischen Folgen der Klimakrise in Europa mit spektakul\u00e4ren Bildern, engagierten Gespr\u00e4chspartner*innen und hoffnungsvollen Initiativen.\\n\u201eEs war einmal ein Meer...\u201c | \u201eOnce there was a sea\u2026\u201d \\nDer animierte Kurzfilm folgt den Spuren des verschwundenen Aralsees, dessen Erinnerung noch immer die lokale Bev\u00f6lkerung eines kleinen usbekischen Dorfes verfolgt. Ein Kurzfilm \u00fcber die verheerenden Folgen menschlicher Fehlentscheidungen und unverantwortlichen Handelns. \u201eEin bewegendes, animiertes Portr\u00e4t des sterbenden Aralsees an der Grenze zwischen Kasachstan und Usbekistan, der Schauplatz einer der schlimmsten von Menschen verursachten Umweltkatastrophen der Menschheitsgeschichte ist.\u201c \u2013 Robert John Torres\\n\u00dcBER DEN EUROP\u00c4ISCHEN KINOTAG \\nMit dem EUROP\u00c4ISCHEN KINOTAG bekommen die europ\u00e4ischen Filme und alle leidenschaftlichen Kinobetreiber endlich einen Feiertag. Kinos sind eine kulturelle Bereicherung - f\u00fcr Alt und Jung, auf dem Land und in der Stadt. Und sie bringen Menschen zusammen unabh\u00e4ngig von Herkunft, Bildung und Einkommen. \u00dcber 100 Millionen Besucher*innen leisten Arthouse-Kinos einen wertvollen Beitrag f\u00fcr die programmatische Vielfalt, die Entdeckung und F\u00f6rderung junger Talente und den kulturellen Austausch innerhalb Europas.\\n\u00a0\"},{\"@type\":\"ImageObject\",\"inLanguage\":\"pl-PL\",\"@id\":\"https:\/\/instytutpolski.pl\/wien\/2024\/11\/14\/polnische-filme-und-ko-produktionen-beim-europaischen-kinotag-2024-am-17-11-in-wien-bei-freiem-eintritt\/#primaryimage\",\"url\":\"https:\/\/instytutpolski.pl\/wien\/wp-content\/uploads\/sites\/2\/2024\/11\/Village-2024-MIT.jpg\",\"contentUrl\":\"https:\/\/instytutpolski.pl\/wien\/wp-content\/uploads\/sites\/2\/2024\/11\/Village-2024-MIT.jpg\",\"width\":1920,\"height\":1005},{\"@type\":\"BreadcrumbList\",\"@id\":\"https:\/\/instytutpolski.pl\/wien\/2024\/11\/14\/polnische-filme-und-ko-produktionen-beim-europaischen-kinotag-2024-am-17-11-in-wien-bei-freiem-eintritt\/#breadcrumb\",\"itemListElement\":[{\"@type\":\"ListItem\",\"position\":1,\"name\":\"Home\",\"item\":\"https:\/\/instytutpolski.pl\/wien\/pl\/\"},{\"@type\":\"ListItem\",\"position\":2,\"name\":\"Polnische Filme und Ko-Produktionen beim Europ\u00e4ischen Kinotag 2024 am 17.11. in Wien &#8211; bei freiem Eintritt\"}]},{\"@type\":\"WebSite\",\"@id\":\"https:\/\/instytutpolski.pl\/wien\/#website\",\"url\":\"https:\/\/instytutpolski.pl\/wien\/\",\"name\":\"Instytut Polski w Wiedniu\",\"description\":\"Instytuty Polskie\",\"potentialAction\":[{\"@type\":\"SearchAction\",\"target\":{\"@type\":\"EntryPoint\",\"urlTemplate\":\"https:\/\/instytutpolski.pl\/wien\/?s={search_term_string}\"},\"query-input\":{\"@type\":\"PropertyValueSpecification\",\"valueRequired\":true,\"valueName\":\"search_term_string\"}}],\"inLanguage\":\"pl-PL\"},{\"@type\":\"Person\",\"@id\":\"https:\/\/instytutpolski.pl\/wien\/#\/schema\/person\/8d5323f296dd37d9db688cda4648396e\",\"name\":\"madanya\",\"image\":{\"@type\":\"ImageObject\",\"inLanguage\":\"pl-PL\",\"@id\":\"https:\/\/instytutpolski.pl\/wien\/#\/schema\/person\/image\/\",\"url\":\"https:\/\/secure.gravatar.com\/avatar\/61b0eec0056672c478378dcc8a9e8e56?s=96&d=mm&r=g\",\"contentUrl\":\"https:\/\/secure.gravatar.com\/avatar\/61b0eec0056672c478378dcc8a9e8e56?s=96&d=mm&r=g\",\"caption\":\"madanya\"},\"url\":\"https:\/\/instytutpolski.pl\/wien\/author\/madanya\/\"}]}<\/script>\n<!-- \/ Yoast SEO plugin. -->","yoast_head_json":{"title":"Polnische Filme und Ko-Produktionen beim Europ\u00e4ischen Kinotag 2024 am 17.11. in Wien - bei freiem Eintritt - Instytut Polski w Wiedniu","robots":{"index":"index","follow":"follow","max-snippet":"max-snippet:-1","max-image-preview":"max-image-preview:large","max-video-preview":"max-video-preview:-1"},"canonical":"https:\/\/instytutpolski.pl\/wien\/2024\/11\/14\/polnische-filme-und-ko-produktionen-beim-europaischen-kinotag-2024-am-17-11-in-wien-bei-freiem-eintritt\/","og_locale":"pl_PL","og_type":"article","og_title":"Polnische Filme und Ko-Produktionen beim Europ\u00e4ischen Kinotag 2024 am 17.11. in Wien - bei freiem Eintritt - Instytut Polski w Wiedniu","og_description":"Die Eventreihe wird von Cineplexx gemeinsam mit dem Verein LET\u2019S CEE Filmfestival und seinem Projekt EU Youth Cinema: Green Deal (www.euyc.green) veranstaltet. \u21d2 Eintritt frei, keine Reservierung. Die Z\u00e4hlkarten werden am Veranstaltungstag nach dem First-Come-First-Served-Prinzip an der Kinokasse vergeben. VILLAGE CINEMA WIEN MITTE &#8211; Landstra\u00dfer Hauptstra\u00dfe 2a, 1030 Wien 12:30 Uhr: \u201eEs war einmal ein [&hellip;]","og_url":"https:\/\/instytutpolski.pl\/wien\/2024\/11\/14\/polnische-filme-und-ko-produktionen-beim-europaischen-kinotag-2024-am-17-11-in-wien-bei-freiem-eintritt\/","og_site_name":"Instytut Polski w Wiedniu","article_published_time":"2024-11-14T10:46:49+00:00","article_modified_time":"2024-11-18T14:17:27+00:00","og_image":[{"width":1920,"height":1005,"url":"https:\/\/instytutpolski.pl\/wien\/wp-content\/uploads\/sites\/2\/2024\/11\/Village-2024-MIT.jpg","type":"image\/jpeg"}],"author":"madanya","twitter_card":"summary_large_image","twitter_misc":{"Napisane przez":"madanya","Szacowany czas czytania":"4 minuty"},"schema":{"@context":"https:\/\/schema.org","@graph":[{"@type":"event","@id":"https:\/\/instytutpolski.pl\/wien\/2024\/11\/14\/polnische-filme-und-ko-produktionen-beim-europaischen-kinotag-2024-am-17-11-in-wien-bei-freiem-eintritt\/","url":"https:\/\/instytutpolski.pl\/wien\/2024\/11\/14\/polnische-filme-und-ko-produktionen-beim-europaischen-kinotag-2024-am-17-11-in-wien-bei-freiem-eintritt\/","name":"Polnische Filme und Ko-Produktionen beim Europ\u00e4ischen Kinotag 2024 am 17.11. in Wien - bei freiem Eintritt","isPartOf":{"@id":"https:\/\/instytutpolski.pl\/wien\/#website"},"primaryImageOfPage":{"@id":"https:\/\/instytutpolski.pl\/wien\/2024\/11\/14\/polnische-filme-und-ko-produktionen-beim-europaischen-kinotag-2024-am-17-11-in-wien-bei-freiem-eintritt\/#primaryimage"},"image":["https:\/\/instytutpolski.pl\/wien\/wp-content\/uploads\/sites\/2\/2024\/11\/Village-2024-MIT.jpg","https:\/\/instytutpolski.pl\/wien\/wp-content\/uploads\/sites\/2\/2024\/11\/Village-2024-MIT-300x157.jpg","https:\/\/instytutpolski.pl\/wien\/wp-content\/uploads\/sites\/2\/2024\/11\/Village-2024-MIT-1024x536.jpg","https:\/\/instytutpolski.pl\/wien\/wp-content\/uploads\/sites\/2\/2024\/11\/Village-2024-MIT.jpg"],"thumbnailUrl":"https:\/\/instytutpolski.pl\/wien\/wp-content\/uploads\/sites\/2\/2024\/11\/Village-2024-MIT.jpg","datePublished":"2024-11-14T10:46:49+02:00","dateModified":"2024-11-18T14:17:27+02:00","author":{"@id":"https:\/\/instytutpolski.pl\/wien\/#\/schema\/person\/8d5323f296dd37d9db688cda4648396e"},"breadcrumb":{"@id":"https:\/\/instytutpolski.pl\/wien\/2024\/11\/14\/polnische-filme-und-ko-produktionen-beim-europaischen-kinotag-2024-am-17-11-in-wien-bei-freiem-eintritt\/#breadcrumb"},"inLanguage":"pl-PL","potentialAction":[{"@type":"ReadAction","target":["https:\/\/instytutpolski.pl\/wien\/2024\/11\/14\/polnische-filme-und-ko-produktionen-beim-europaischen-kinotag-2024-am-17-11-in-wien-bei-freiem-eintritt\/"]}],"@context":"https:\/\/schema.org","startDate":"2024-11-17","endDate":"2024-11-17","eventStatus":"EventScheduled","eventAttendanceMode":"OfflineEventAttendanceMode","location":{"@type":"place","name":"","address":"","geo":{"@type":"GeoCoordinates","latitude":"","longitude":""}},"description":"Die Eventreihe wird von Cineplexx gemeinsam mit dem Verein LET\u2019S CEE Filmfestival und seinem Projekt EU Youth Cinema: Green Deal (www.euyc.green) veranstaltet. \u21d2 Eintritt frei, keine Reservierung. Die Z\u00e4hlkarten werden am Veranstaltungstag nach dem First-Come-First-Served-Prinzip an der Kinokasse vergeben.\nVILLAGE CINEMA WIEN MITTE - Landstra\u00dfer Hauptstra\u00dfe 2a, 1030 Wien\n12:30 Uhr: \u201eEs war einmal ein Meer...\u201c | \u201eOnce there was a sea\u2026\u201d (Polen, Slowakei 2021, 16 Min., Regie:\u00a0 Joanna Ko\u017cuch); zuvor: \u201eThe World According to My Dad\u201c (Tschechische Republik, Slowakei 2023, 77 Min., Regie: Marta Kov\u00e1\u0159ov\u00e1)\u00a0\u00a0\nACTORS STUDIO WIEN - Tuchlauben 13, 1010 Wien\n18:00 Uhr: \u201eBis zum letzten Tropfen\u201c | \u201eUntil the Last Drop\u201c (Polen 2023, 70 Min., Regie: Ewa Ewart); im Anschluss: \u201eLake of Apples\u201c (Nordmazedonien 2017, 30 Min., Regie:\u00a0 Tamara Kotevska &amp; Ljubomir Stefanov)\nGEIDORF KUNSTKINO GRAZ - Geidorfpl. 1a, 8010 Graz\n17:00 Uhr: \u201eGeneration Change: Wer rettet die Welt?\u201c | \u201eGeneration Change:\u00a0 Who saves the world?\u201c (AT\/DE\/IT\/PT\/ES\/CZ\/PL\/FR 2022, 82 Min., Regie:\u00a0 Vanessa B\u00f6ttcher); zuvor: \u201eTierheim\u201c | \u201eSanctuary\u201c (Tschechische Republik 2021, 5 Min., Regie: Eva Mat\u011bjovi\u010dov\u00e1)\u00a0\u00a0\n\u201eBis zum letzten Tropfen\u201c | \u201eUntil the Last Drop\u201c\nDieser wundersch\u00f6n gedrehte Dokumentarfilm zeigt die globalen Kosten und Folgen der Naturzerst\u00f6rung auf. Unsere lebensspendenden Fl\u00fcsse sind besonders stark betroffen. Der Film folgt Umweltaktivist*innen in Kanada, den Niederlanden, Italien, Albanien, Polen und der Schweiz und dokumentiert ihre Sorgen, aber auch ihre Erfolge im Kampf f\u00fcr sauberes Wasser und unber\u00fchrte Fl\u00fcsse. Der Film ist eine starke Botschaft zum Schutz der Fl\u00fcsse und all unserer Gew\u00e4sser, damit wir auch weiterhin sauberes Wasser haben oder wieder haben werden. Er ist eine Geschichte der Hoffnung und des Mutes, aber auch der Verzweiflung und zeigt uns, dass wir Teil der L\u00f6sung sind und nicht allein mit unseren Hoffnungen im Kampf gegen eine der gr\u00f6\u00dften Bedrohungen der menschlichen Zivilisation: die wachsende S\u00fc\u00dfwasserkrise.\n\u00a0\n\u201eGeneration Change: Wer rettet die Welt?\u201c | \u201eGeneration Change:\u00a0 Who saves the world?\u201c \nIm Rahmen des europaweiten Klimaprojekts 1Planet4All macht sich S\u00fcdwind im Sommer 2021 gemeinsam mit der Grazer Klimaaktivistin Sarah Sadeghi und einem Filmteam aus Wien auf eine Reise quer durch ganz Europa. Von Polen bis Portugal werden Orte besucht, an denen die Klimakrise bereits deutlich sichtbar und sp\u00fcrbar ist. Sie treffen dabei junge Menschen im Kampf gegen die Klimakrise und sprechen gemeinsam \u00fcber L\u00f6sungen. Die Klimakrise ist auch w\u00e4hrend der Reise immer wieder pr\u00e4sent: Nachrichten \u00fcber \u00dcberflutungen, Waldbr\u00e4nde, Tornados und Rekordhitze sind allgegenw\u00e4rtig. Herausgekommen ist ein eindr\u00fccklicher Dokumentarfilm \u00fcber die dramatischen Folgen der Klimakrise in Europa mit spektakul\u00e4ren Bildern, engagierten Gespr\u00e4chspartner*innen und hoffnungsvollen Initiativen.\n\u201eEs war einmal ein Meer...\u201c | \u201eOnce there was a sea\u2026\u201d \nDer animierte Kurzfilm folgt den Spuren des verschwundenen Aralsees, dessen Erinnerung noch immer die lokale Bev\u00f6lkerung eines kleinen usbekischen Dorfes verfolgt. Ein Kurzfilm \u00fcber die verheerenden Folgen menschlicher Fehlentscheidungen und unverantwortlichen Handelns. \u201eEin bewegendes, animiertes Portr\u00e4t des sterbenden Aralsees an der Grenze zwischen Kasachstan und Usbekistan, der Schauplatz einer der schlimmsten von Menschen verursachten Umweltkatastrophen der Menschheitsgeschichte ist.\u201c \u2013 Robert John Torres\n\u00dcBER DEN EUROP\u00c4ISCHEN KINOTAG \nMit dem EUROP\u00c4ISCHEN KINOTAG bekommen die europ\u00e4ischen Filme und alle leidenschaftlichen Kinobetreiber endlich einen Feiertag. Kinos sind eine kulturelle Bereicherung - f\u00fcr Alt und Jung, auf dem Land und in der Stadt. Und sie bringen Menschen zusammen unabh\u00e4ngig von Herkunft, Bildung und Einkommen. \u00dcber 100 Millionen Besucher*innen leisten Arthouse-Kinos einen wertvollen Beitrag f\u00fcr die programmatische Vielfalt, die Entdeckung und F\u00f6rderung junger Talente und den kulturellen Austausch innerhalb Europas.\n\u00a0"},{"@type":"ImageObject","inLanguage":"pl-PL","@id":"https:\/\/instytutpolski.pl\/wien\/2024\/11\/14\/polnische-filme-und-ko-produktionen-beim-europaischen-kinotag-2024-am-17-11-in-wien-bei-freiem-eintritt\/#primaryimage","url":"https:\/\/instytutpolski.pl\/wien\/wp-content\/uploads\/sites\/2\/2024\/11\/Village-2024-MIT.jpg","contentUrl":"https:\/\/instytutpolski.pl\/wien\/wp-content\/uploads\/sites\/2\/2024\/11\/Village-2024-MIT.jpg","width":1920,"height":1005},{"@type":"BreadcrumbList","@id":"https:\/\/instytutpolski.pl\/wien\/2024\/11\/14\/polnische-filme-und-ko-produktionen-beim-europaischen-kinotag-2024-am-17-11-in-wien-bei-freiem-eintritt\/#breadcrumb","itemListElement":[{"@type":"ListItem","position":1,"name":"Home","item":"https:\/\/instytutpolski.pl\/wien\/pl\/"},{"@type":"ListItem","position":2,"name":"Polnische Filme und Ko-Produktionen beim Europ\u00e4ischen Kinotag 2024 am 17.11. in Wien &#8211; bei freiem Eintritt"}]},{"@type":"WebSite","@id":"https:\/\/instytutpolski.pl\/wien\/#website","url":"https:\/\/instytutpolski.pl\/wien\/","name":"Instytut Polski w Wiedniu","description":"Instytuty Polskie","potentialAction":[{"@type":"SearchAction","target":{"@type":"EntryPoint","urlTemplate":"https:\/\/instytutpolski.pl\/wien\/?s={search_term_string}"},"query-input":{"@type":"PropertyValueSpecification","valueRequired":true,"valueName":"search_term_string"}}],"inLanguage":"pl-PL"},{"@type":"Person","@id":"https:\/\/instytutpolski.pl\/wien\/#\/schema\/person\/8d5323f296dd37d9db688cda4648396e","name":"madanya","image":{"@type":"ImageObject","inLanguage":"pl-PL","@id":"https:\/\/instytutpolski.pl\/wien\/#\/schema\/person\/image\/","url":"https:\/\/secure.gravatar.com\/avatar\/61b0eec0056672c478378dcc8a9e8e56?s=96&d=mm&r=g","contentUrl":"https:\/\/secure.gravatar.com\/avatar\/61b0eec0056672c478378dcc8a9e8e56?s=96&d=mm&r=g","caption":"madanya"},"url":"https:\/\/instytutpolski.pl\/wien\/author\/madanya\/"}]}},"_links":{"self":[{"href":"https:\/\/instytutpolski.pl\/wien\/wp-json\/wp\/v2\/posts\/24681","targetHints":{"allow":["GET"]}}],"collection":[{"href":"https:\/\/instytutpolski.pl\/wien\/wp-json\/wp\/v2\/posts"}],"about":[{"href":"https:\/\/instytutpolski.pl\/wien\/wp-json\/wp\/v2\/types\/post"}],"author":[{"embeddable":true,"href":"https:\/\/instytutpolski.pl\/wien\/wp-json\/wp\/v2\/users\/154"}],"replies":[{"embeddable":true,"href":"https:\/\/instytutpolski.pl\/wien\/wp-json\/wp\/v2\/comments?post=24681"}],"version-history":[{"count":2,"href":"https:\/\/instytutpolski.pl\/wien\/wp-json\/wp\/v2\/posts\/24681\/revisions"}],"predecessor-version":[{"id":24685,"href":"https:\/\/instytutpolski.pl\/wien\/wp-json\/wp\/v2\/posts\/24681\/revisions\/24685"}],"wp:featuredmedia":[{"embeddable":true,"href":"https:\/\/instytutpolski.pl\/wien\/wp-json\/wp\/v2\/media\/24683"}],"wp:attachment":[{"href":"https:\/\/instytutpolski.pl\/wien\/wp-json\/wp\/v2\/media?parent=24681"}],"wp:term":[{"taxonomy":"category","embeddable":true,"href":"https:\/\/instytutpolski.pl\/wien\/wp-json\/wp\/v2\/categories?post=24681"},{"taxonomy":"post_tag","embeddable":true,"href":"https:\/\/instytutpolski.pl\/wien\/wp-json\/wp\/v2\/tags?post=24681"}],"curies":[{"name":"wp","href":"https:\/\/api.w.org\/{rel}","templated":true}]}}