{"id":30414,"date":"2026-04-10T12:51:27","date_gmt":"2026-04-10T10:51:27","guid":{"rendered":"https:\/\/instytutpolski.pl\/wien\/?p=30414"},"modified":"2026-04-29T11:06:29","modified_gmt":"2026-04-29T09:06:29","slug":"polnisch-osterreichisches-sommerkolleg-in-warschau","status":"publish","type":"post","link":"https:\/\/instytutpolski.pl\/wien\/2026\/04\/10\/polnisch-osterreichisches-sommerkolleg-in-warschau\/","title":{"rendered":"Polnisch-\u00d6sterreichisches Sommerkolleg in Warschau: 09.\u201319. August 2026"},"content":{"rendered":"\n<p><strong><u>Datum und Uhrzeit:<\/u> <\/strong>09.\u201319. August 2026<strong><br><u>Ort:<\/u> <\/strong>Warschau&nbsp;<br><strong>Informationen und Anmeldung: <a href=\"https:\/\/sommerkolleg.org\/\" target=\"_blank\" rel=\"noopener\">https:\/\/sommerkolleg.org\/<\/a><\/strong><\/p>\n\n\n\n\n\n<p>Auch 2026 findet wieder das Polnisch-\u00d6sterreichische Sommerkolleg schon zum 32 Mal statt.<br \/>Die Sommerschule wird vom Institut f\u00fcr Slawistik der Universit\u00e4t Wien in Kooperation mit dem Institut f\u00fcr Germanistik der Universit\u00e4t \u0141\u00f3d\u017a organisiert und ist Teil der univie: summer schools 2026.<br \/><strong>F\u00fcr die erfolgreiche Teilnahme werden 4 ECTS-Punkte vergeben.<\/strong><\/p>\n<hr \/>\n<p><strong>Programm:<\/strong><br \/>\u2013 10-t\u00e4giger Tandem- und Sprachintensivkurs in Warschau \u2013 Sprachunterricht f\u00fcr Anf\u00e4nger und Fortgeschrittene \u2013 Sprache und Kultur des jeweiligen Partnerlandes \u2013 Vortr\u00e4ge, Tandemunterricht, Projektarbeit \u2013 Filmabende, Theaterbesuche, Tagesexkursionen \u2013 Wochenendausflug<br \/><br \/><strong>Teilnahmebedingungen:<\/strong><br \/><span style=\"text-decoration: underline\">Studierende aus \u00d6sterreich<\/span><br \/>\u2013 Ordentliche Studierende aller Fachrichtungen an einer \u00f6sterreichischen Universit\u00e4t oder Fachhochschule \u2013 Pr\u00fcfungsaktiv (mindestens 8 ECTS im letzten Semester) oder forschungsaktiv (PhD-Studierende)<br \/><br \/><span style=\"text-decoration: underline\">Studierende aus Polen<\/span><br \/>\u2013 Ordentliche Studierende aller Fachrichtungen \u2013 Deutschkenntnisse mindestens auf Niveau B1<\/p>\n<hr \/>\n<p><strong>Bewerbungsfrist: 31. Mai 2026<\/strong><br \/><strong>Bewerbungen bitte an:<\/strong> sommerkolleg.info@gmail.com<br \/><br \/>Wir freuen uns auf Ihre Bewerbungen!<br \/><br \/><\/p>\n\n\n","protected":false},"excerpt":{"rendered":"<p>Datum und Uhrzeit: 09.\u201319. August 2026Ort: Warschau&nbsp;Informationen und Anmeldung: https:\/\/sommerkolleg.org\/ Auch 2026 findet wieder das Polnisch-\u00d6sterreichische Sommerkolleg schon zum 32 Mal statt.Die Sommerschule wird vom Institut f\u00fcr Slawistik der Universit\u00e4t Wien in Kooperation mit dem Institut f\u00fcr Germanistik der Universit\u00e4t \u0141\u00f3d\u017a organisiert und ist Teil der univie: summer schools 2026.F\u00fcr die erfolgreiche Teilnahme werden 4 [&hellip;]<\/p>\n","protected":false},"author":216,"featured_media":30415,"comment_status":"open","ping_status":"open","sticky":false,"template":"","format":"standard","meta":{"inline_featured_image":false,"_monsterinsights_skip_tracking":false,"_monsterinsights_sitenote_active":false,"_monsterinsights_sitenote_note":"","_monsterinsights_sitenote_category":0,"footnotes":""},"categories":[1,628],"tags":[],"class_list":["post-30414","post","type-post","status-publish","format-standard","has-post-thumbnail","hentry","category-aktuelles","category-empfehlungen-de"],"yoast_head":"<!-- This site is optimized with the Yoast SEO plugin v24.6 - https:\/\/yoast.com\/wordpress\/plugins\/seo\/ -->\n<title>Polnisch-\u00d6sterreichisches Sommerkolleg in Warschau: 09.\u201319. August 2026 - Instytut Polski w Wiedniu<\/title>\n<meta name=\"robots\" content=\"index, follow, max-snippet:-1, max-image-preview:large, max-video-preview:-1\" \/>\n<link rel=\"canonical\" href=\"https:\/\/instytutpolski.pl\/wien\/2026\/04\/10\/polnisch-osterreichisches-sommerkolleg-in-warschau\/\" \/>\n<meta property=\"og:locale\" content=\"pl_PL\" \/>\n<meta property=\"og:type\" content=\"article\" \/>\n<meta property=\"og:title\" content=\"Polnisch-\u00d6sterreichisches Sommerkolleg in Warschau: 09.\u201319. August 2026 - Instytut Polski w Wiedniu\" \/>\n<meta property=\"og:description\" content=\"Datum und Uhrzeit: 09.\u201319. August 2026Ort: Warschau&nbsp;Informationen und Anmeldung: https:\/\/sommerkolleg.org\/ Auch 2026 findet wieder das Polnisch-\u00d6sterreichische Sommerkolleg schon zum 32 Mal statt.Die Sommerschule wird vom Institut f\u00fcr Slawistik der Universit\u00e4t Wien in Kooperation mit dem Institut f\u00fcr Germanistik der Universit\u00e4t \u0141\u00f3d\u017a organisiert und ist Teil der univie: summer schools 2026.F\u00fcr die erfolgreiche Teilnahme werden 4 [&hellip;]\" \/>\n<meta property=\"og:url\" content=\"https:\/\/instytutpolski.pl\/wien\/2026\/04\/10\/polnisch-osterreichisches-sommerkolleg-in-warschau\/\" \/>\n<meta property=\"og:site_name\" content=\"Instytut Polski w Wiedniu\" \/>\n<meta property=\"article:published_time\" content=\"2026-04-10T10:51:27+00:00\" \/>\n<meta property=\"article:modified_time\" content=\"2026-04-29T09:06:29+00:00\" \/>\n<meta property=\"og:image\" content=\"https:\/\/instytutpolski.pl\/wien\/wp-content\/uploads\/sites\/2\/2026\/04\/1-Polnisch-O\u0308sterreichisches-Sommerkolleg-724x1024.png\" \/>\n\t<meta property=\"og:image:width\" content=\"724\" \/>\n\t<meta property=\"og:image:height\" content=\"1024\" \/>\n\t<meta property=\"og:image:type\" content=\"image\/png\" \/>\n<meta name=\"author\" content=\"fabianskai\" \/>\n<meta name=\"twitter:card\" content=\"summary_large_image\" \/>\n<meta name=\"twitter:label1\" content=\"Napisane przez\" \/>\n\t<meta name=\"twitter:data1\" content=\"fabianskai\" \/>\n\t<meta name=\"twitter:label2\" content=\"Szacowany czas czytania\" \/>\n\t<meta name=\"twitter:data2\" content=\"2 minuty\" \/>\n<script type=\"application\/ld+json\" class=\"yoast-schema-graph\">{\"@context\":\"https:\/\/schema.org\",\"@graph\":[{\"@type\":\"event\",\"@id\":\"https:\/\/instytutpolski.pl\/wien\/2026\/04\/10\/polnisch-osterreichisches-sommerkolleg-in-warschau\/\",\"url\":\"https:\/\/instytutpolski.pl\/wien\/2026\/04\/10\/polnisch-osterreichisches-sommerkolleg-in-warschau\/\",\"name\":\"Polnisch-\u00d6sterreichisches Sommerkolleg in Warschau: 09.\u201319. August 2026\",\"isPartOf\":{\"@id\":\"https:\/\/instytutpolski.pl\/wien\/#website\"},\"primaryImageOfPage\":{\"@id\":\"https:\/\/instytutpolski.pl\/wien\/2026\/04\/10\/polnisch-osterreichisches-sommerkolleg-in-warschau\/#primaryimage\"},\"image\":[\"https:\/\/instytutpolski.pl\/wien\/wp-content\/uploads\/sites\/2\/2026\/04\/1-Polnisch-O\u0308sterreichisches-Sommerkolleg.png\",\"https:\/\/instytutpolski.pl\/wien\/wp-content\/uploads\/sites\/2\/2026\/04\/1-Polnisch-O\u0308sterreichisches-Sommerkolleg-212x300.png\",\"https:\/\/instytutpolski.pl\/wien\/wp-content\/uploads\/sites\/2\/2026\/04\/1-Polnisch-O\u0308sterreichisches-Sommerkolleg-724x1024.png\",\"https:\/\/instytutpolski.pl\/wien\/wp-content\/uploads\/sites\/2\/2026\/04\/1-Polnisch-O\u0308sterreichisches-Sommerkolleg.png\"],\"thumbnailUrl\":\"https:\/\/instytutpolski.pl\/wien\/wp-content\/uploads\/sites\/2\/2026\/04\/1-Polnisch-O\u0308sterreichisches-Sommerkolleg.png\",\"datePublished\":\"2026-04-10T10:51:27+02:00\",\"dateModified\":\"2026-04-29T09:06:29+02:00\",\"author\":{\"@id\":\"https:\/\/instytutpolski.pl\/wien\/#\/schema\/person\/f6f31f979736d8bebf0e5af2ab4517db\"},\"breadcrumb\":{\"@id\":\"https:\/\/instytutpolski.pl\/wien\/2026\/04\/10\/polnisch-osterreichisches-sommerkolleg-in-warschau\/#breadcrumb\"},\"inLanguage\":\"pl-PL\",\"potentialAction\":[{\"@type\":\"ReadAction\",\"target\":[\"https:\/\/instytutpolski.pl\/wien\/2026\/04\/10\/polnisch-osterreichisches-sommerkolleg-in-warschau\/\"]}],\"@context\":\"https:\/\/schema.org\",\"startDate\":\"2026-08-09T08:00:00+02:00\",\"endDate\":\"2026-08-19T03:00:00+02:00\",\"eventStatus\":\"EventScheduled\",\"eventAttendanceMode\":\"OfflineEventAttendanceMode\",\"location\":{\"@type\":\"place\",\"name\":\"\",\"address\":\"\",\"geo\":{\"@type\":\"GeoCoordinates\",\"latitude\":\"\",\"longitude\":\"\"}},\"description\":\"Datum und Uhrzeit: 09.\u201319. August 2026Ort: Warschau Informationen und Anmeldung: https:\/\/sommerkolleg.org\/\\nAuch 2026 findet wieder das Polnisch-\u00d6sterreichische Sommerkolleg schon zum 32 Mal statt.Die Sommerschule wird vom Institut f\u00fcr Slawistik der Universit\u00e4t Wien in Kooperation mit dem Institut f\u00fcr Germanistik der Universit\u00e4t \u0141\u00f3d\u017a organisiert und ist Teil der univie: summer schools 2026.F\u00fcr die erfolgreiche Teilnahme werden 4 ECTS-Punkte vergeben.\\nProgramm:\u2013 10-t\u00e4giger Tandem- und Sprachintensivkurs in Warschau \u2013 Sprachunterricht f\u00fcr Anf\u00e4nger und Fortgeschrittene \u2013 Sprache und Kultur des jeweiligen Partnerlandes \u2013 Vortr\u00e4ge, Tandemunterricht, Projektarbeit \u2013 Filmabende, Theaterbesuche, Tagesexkursionen \u2013 WochenendausflugTeilnahmebedingungen:Studierende aus \u00d6sterreich\u2013 Ordentliche Studierende aller Fachrichtungen an einer \u00f6sterreichischen Universit\u00e4t oder Fachhochschule \u2013 Pr\u00fcfungsaktiv (mindestens 8 ECTS im letzten Semester) oder forschungsaktiv (PhD-Studierende)Studierende aus Polen\u2013 Ordentliche Studierende aller Fachrichtungen \u2013 Deutschkenntnisse mindestens auf Niveau B1\\nBewerbungsfrist: 31. Mai 2026Bewerbungen bitte an: sommerkolleg.info@gmail.comWir freuen uns auf Ihre Bewerbungen!\"},{\"@type\":\"ImageObject\",\"inLanguage\":\"pl-PL\",\"@id\":\"https:\/\/instytutpolski.pl\/wien\/2026\/04\/10\/polnisch-osterreichisches-sommerkolleg-in-warschau\/#primaryimage\",\"url\":\"https:\/\/instytutpolski.pl\/wien\/wp-content\/uploads\/sites\/2\/2026\/04\/1-Polnisch-O\u0308sterreichisches-Sommerkolleg.png\",\"contentUrl\":\"https:\/\/instytutpolski.pl\/wien\/wp-content\/uploads\/sites\/2\/2026\/04\/1-Polnisch-O\u0308sterreichisches-Sommerkolleg.png\",\"width\":1414,\"height\":2000,\"caption\":\"Flyer mit Informationen @Natalie Kosch\"},{\"@type\":\"BreadcrumbList\",\"@id\":\"https:\/\/instytutpolski.pl\/wien\/2026\/04\/10\/polnisch-osterreichisches-sommerkolleg-in-warschau\/#breadcrumb\",\"itemListElement\":[{\"@type\":\"ListItem\",\"position\":1,\"name\":\"Home\",\"item\":\"https:\/\/instytutpolski.pl\/wien\/pl\/\"},{\"@type\":\"ListItem\",\"position\":2,\"name\":\"Polnisch-\u00d6sterreichisches Sommerkolleg in Warschau: 09.\u201319. August 2026\"}]},{\"@type\":\"WebSite\",\"@id\":\"https:\/\/instytutpolski.pl\/wien\/#website\",\"url\":\"https:\/\/instytutpolski.pl\/wien\/\",\"name\":\"Instytut Polski w Wiedniu\",\"description\":\"Instytuty Polskie\",\"potentialAction\":[{\"@type\":\"SearchAction\",\"target\":{\"@type\":\"EntryPoint\",\"urlTemplate\":\"https:\/\/instytutpolski.pl\/wien\/?s={search_term_string}\"},\"query-input\":{\"@type\":\"PropertyValueSpecification\",\"valueRequired\":true,\"valueName\":\"search_term_string\"}}],\"inLanguage\":\"pl-PL\"},{\"@type\":\"Person\",\"@id\":\"https:\/\/instytutpolski.pl\/wien\/#\/schema\/person\/f6f31f979736d8bebf0e5af2ab4517db\",\"name\":\"fabianskai\",\"image\":{\"@type\":\"ImageObject\",\"inLanguage\":\"pl-PL\",\"@id\":\"https:\/\/instytutpolski.pl\/wien\/#\/schema\/person\/image\/\",\"url\":\"https:\/\/secure.gravatar.com\/avatar\/156ecae343fbe263bf21ea2fc3d3d7c9?s=96&d=mm&r=g\",\"contentUrl\":\"https:\/\/secure.gravatar.com\/avatar\/156ecae343fbe263bf21ea2fc3d3d7c9?s=96&d=mm&r=g\",\"caption\":\"fabianskai\"},\"url\":\"https:\/\/instytutpolski.pl\/wien\/author\/fabianskai\/\"}]}<\/script>\n<!-- \/ Yoast SEO plugin. -->","yoast_head_json":{"title":"Polnisch-\u00d6sterreichisches Sommerkolleg in Warschau: 09.\u201319. August 2026 - Instytut Polski w Wiedniu","robots":{"index":"index","follow":"follow","max-snippet":"max-snippet:-1","max-image-preview":"max-image-preview:large","max-video-preview":"max-video-preview:-1"},"canonical":"https:\/\/instytutpolski.pl\/wien\/2026\/04\/10\/polnisch-osterreichisches-sommerkolleg-in-warschau\/","og_locale":"pl_PL","og_type":"article","og_title":"Polnisch-\u00d6sterreichisches Sommerkolleg in Warschau: 09.\u201319. August 2026 - Instytut Polski w Wiedniu","og_description":"Datum und Uhrzeit: 09.\u201319. August 2026Ort: Warschau&nbsp;Informationen und Anmeldung: https:\/\/sommerkolleg.org\/ Auch 2026 findet wieder das Polnisch-\u00d6sterreichische Sommerkolleg schon zum 32 Mal statt.Die Sommerschule wird vom Institut f\u00fcr Slawistik der Universit\u00e4t Wien in Kooperation mit dem Institut f\u00fcr Germanistik der Universit\u00e4t \u0141\u00f3d\u017a organisiert und ist Teil der univie: summer schools 2026.F\u00fcr die erfolgreiche Teilnahme werden 4 [&hellip;]","og_url":"https:\/\/instytutpolski.pl\/wien\/2026\/04\/10\/polnisch-osterreichisches-sommerkolleg-in-warschau\/","og_site_name":"Instytut Polski w Wiedniu","article_published_time":"2026-04-10T10:51:27+00:00","article_modified_time":"2026-04-29T09:06:29+00:00","og_image":[{"width":724,"height":1024,"url":"https:\/\/instytutpolski.pl\/wien\/wp-content\/uploads\/sites\/2\/2026\/04\/1-Polnisch-O\u0308sterreichisches-Sommerkolleg-724x1024.png","type":"image\/png"}],"author":"fabianskai","twitter_card":"summary_large_image","twitter_misc":{"Napisane przez":"fabianskai","Szacowany czas czytania":"2 minuty"},"schema":{"@context":"https:\/\/schema.org","@graph":[{"@type":"event","@id":"https:\/\/instytutpolski.pl\/wien\/2026\/04\/10\/polnisch-osterreichisches-sommerkolleg-in-warschau\/","url":"https:\/\/instytutpolski.pl\/wien\/2026\/04\/10\/polnisch-osterreichisches-sommerkolleg-in-warschau\/","name":"Polnisch-\u00d6sterreichisches Sommerkolleg in Warschau: 09.\u201319. August 2026","isPartOf":{"@id":"https:\/\/instytutpolski.pl\/wien\/#website"},"primaryImageOfPage":{"@id":"https:\/\/instytutpolski.pl\/wien\/2026\/04\/10\/polnisch-osterreichisches-sommerkolleg-in-warschau\/#primaryimage"},"image":["https:\/\/instytutpolski.pl\/wien\/wp-content\/uploads\/sites\/2\/2026\/04\/1-Polnisch-O\u0308sterreichisches-Sommerkolleg.png","https:\/\/instytutpolski.pl\/wien\/wp-content\/uploads\/sites\/2\/2026\/04\/1-Polnisch-O\u0308sterreichisches-Sommerkolleg-212x300.png","https:\/\/instytutpolski.pl\/wien\/wp-content\/uploads\/sites\/2\/2026\/04\/1-Polnisch-O\u0308sterreichisches-Sommerkolleg-724x1024.png","https:\/\/instytutpolski.pl\/wien\/wp-content\/uploads\/sites\/2\/2026\/04\/1-Polnisch-O\u0308sterreichisches-Sommerkolleg.png"],"thumbnailUrl":"https:\/\/instytutpolski.pl\/wien\/wp-content\/uploads\/sites\/2\/2026\/04\/1-Polnisch-O\u0308sterreichisches-Sommerkolleg.png","datePublished":"2026-04-10T10:51:27+02:00","dateModified":"2026-04-29T09:06:29+02:00","author":{"@id":"https:\/\/instytutpolski.pl\/wien\/#\/schema\/person\/f6f31f979736d8bebf0e5af2ab4517db"},"breadcrumb":{"@id":"https:\/\/instytutpolski.pl\/wien\/2026\/04\/10\/polnisch-osterreichisches-sommerkolleg-in-warschau\/#breadcrumb"},"inLanguage":"pl-PL","potentialAction":[{"@type":"ReadAction","target":["https:\/\/instytutpolski.pl\/wien\/2026\/04\/10\/polnisch-osterreichisches-sommerkolleg-in-warschau\/"]}],"@context":"https:\/\/schema.org","startDate":"2026-08-09T08:00:00+02:00","endDate":"2026-08-19T03:00:00+02:00","eventStatus":"EventScheduled","eventAttendanceMode":"OfflineEventAttendanceMode","location":{"@type":"place","name":"","address":"","geo":{"@type":"GeoCoordinates","latitude":"","longitude":""}},"description":"Datum und Uhrzeit: 09.\u201319. August 2026Ort: Warschau Informationen und Anmeldung: https:\/\/sommerkolleg.org\/\nAuch 2026 findet wieder das Polnisch-\u00d6sterreichische Sommerkolleg schon zum 32 Mal statt.Die Sommerschule wird vom Institut f\u00fcr Slawistik der Universit\u00e4t Wien in Kooperation mit dem Institut f\u00fcr Germanistik der Universit\u00e4t \u0141\u00f3d\u017a organisiert und ist Teil der univie: summer schools 2026.F\u00fcr die erfolgreiche Teilnahme werden 4 ECTS-Punkte vergeben.\nProgramm:\u2013 10-t\u00e4giger Tandem- und Sprachintensivkurs in Warschau \u2013 Sprachunterricht f\u00fcr Anf\u00e4nger und Fortgeschrittene \u2013 Sprache und Kultur des jeweiligen Partnerlandes \u2013 Vortr\u00e4ge, Tandemunterricht, Projektarbeit \u2013 Filmabende, Theaterbesuche, Tagesexkursionen \u2013 WochenendausflugTeilnahmebedingungen:Studierende aus \u00d6sterreich\u2013 Ordentliche Studierende aller Fachrichtungen an einer \u00f6sterreichischen Universit\u00e4t oder Fachhochschule \u2013 Pr\u00fcfungsaktiv (mindestens 8 ECTS im letzten Semester) oder forschungsaktiv (PhD-Studierende)Studierende aus Polen\u2013 Ordentliche Studierende aller Fachrichtungen \u2013 Deutschkenntnisse mindestens auf Niveau B1\nBewerbungsfrist: 31. Mai 2026Bewerbungen bitte an: sommerkolleg.info@gmail.comWir freuen uns auf Ihre Bewerbungen!"},{"@type":"ImageObject","inLanguage":"pl-PL","@id":"https:\/\/instytutpolski.pl\/wien\/2026\/04\/10\/polnisch-osterreichisches-sommerkolleg-in-warschau\/#primaryimage","url":"https:\/\/instytutpolski.pl\/wien\/wp-content\/uploads\/sites\/2\/2026\/04\/1-Polnisch-O\u0308sterreichisches-Sommerkolleg.png","contentUrl":"https:\/\/instytutpolski.pl\/wien\/wp-content\/uploads\/sites\/2\/2026\/04\/1-Polnisch-O\u0308sterreichisches-Sommerkolleg.png","width":1414,"height":2000,"caption":"Flyer mit Informationen @Natalie Kosch"},{"@type":"BreadcrumbList","@id":"https:\/\/instytutpolski.pl\/wien\/2026\/04\/10\/polnisch-osterreichisches-sommerkolleg-in-warschau\/#breadcrumb","itemListElement":[{"@type":"ListItem","position":1,"name":"Home","item":"https:\/\/instytutpolski.pl\/wien\/pl\/"},{"@type":"ListItem","position":2,"name":"Polnisch-\u00d6sterreichisches Sommerkolleg in Warschau: 09.\u201319. August 2026"}]},{"@type":"WebSite","@id":"https:\/\/instytutpolski.pl\/wien\/#website","url":"https:\/\/instytutpolski.pl\/wien\/","name":"Instytut Polski w Wiedniu","description":"Instytuty Polskie","potentialAction":[{"@type":"SearchAction","target":{"@type":"EntryPoint","urlTemplate":"https:\/\/instytutpolski.pl\/wien\/?s={search_term_string}"},"query-input":{"@type":"PropertyValueSpecification","valueRequired":true,"valueName":"search_term_string"}}],"inLanguage":"pl-PL"},{"@type":"Person","@id":"https:\/\/instytutpolski.pl\/wien\/#\/schema\/person\/f6f31f979736d8bebf0e5af2ab4517db","name":"fabianskai","image":{"@type":"ImageObject","inLanguage":"pl-PL","@id":"https:\/\/instytutpolski.pl\/wien\/#\/schema\/person\/image\/","url":"https:\/\/secure.gravatar.com\/avatar\/156ecae343fbe263bf21ea2fc3d3d7c9?s=96&d=mm&r=g","contentUrl":"https:\/\/secure.gravatar.com\/avatar\/156ecae343fbe263bf21ea2fc3d3d7c9?s=96&d=mm&r=g","caption":"fabianskai"},"url":"https:\/\/instytutpolski.pl\/wien\/author\/fabianskai\/"}]}},"_links":{"self":[{"href":"https:\/\/instytutpolski.pl\/wien\/wp-json\/wp\/v2\/posts\/30414","targetHints":{"allow":["GET"]}}],"collection":[{"href":"https:\/\/instytutpolski.pl\/wien\/wp-json\/wp\/v2\/posts"}],"about":[{"href":"https:\/\/instytutpolski.pl\/wien\/wp-json\/wp\/v2\/types\/post"}],"author":[{"embeddable":true,"href":"https:\/\/instytutpolski.pl\/wien\/wp-json\/wp\/v2\/users\/216"}],"replies":[{"embeddable":true,"href":"https:\/\/instytutpolski.pl\/wien\/wp-json\/wp\/v2\/comments?post=30414"}],"version-history":[{"count":10,"href":"https:\/\/instytutpolski.pl\/wien\/wp-json\/wp\/v2\/posts\/30414\/revisions"}],"predecessor-version":[{"id":30622,"href":"https:\/\/instytutpolski.pl\/wien\/wp-json\/wp\/v2\/posts\/30414\/revisions\/30622"}],"wp:featuredmedia":[{"embeddable":true,"href":"https:\/\/instytutpolski.pl\/wien\/wp-json\/wp\/v2\/media\/30415"}],"wp:attachment":[{"href":"https:\/\/instytutpolski.pl\/wien\/wp-json\/wp\/v2\/media?parent=30414"}],"wp:term":[{"taxonomy":"category","embeddable":true,"href":"https:\/\/instytutpolski.pl\/wien\/wp-json\/wp\/v2\/categories?post=30414"},{"taxonomy":"post_tag","embeddable":true,"href":"https:\/\/instytutpolski.pl\/wien\/wp-json\/wp\/v2\/tags?post=30414"}],"curies":[{"name":"wp","href":"https:\/\/api.w.org\/{rel}","templated":true}]}}