{"id":30658,"date":"2026-04-30T11:57:21","date_gmt":"2026-04-30T09:57:21","guid":{"rendered":"https:\/\/instytutpolski.pl\/wien\/?p=30658"},"modified":"2026-04-30T12:21:58","modified_gmt":"2026-04-30T10:21:58","slug":"ausstellung-photo-brut-feeling-photography-von-der-bruno-decharme-collection","status":"publish","type":"post","link":"https:\/\/instytutpolski.pl\/wien\/2026\/04\/30\/ausstellung-photo-brut-feeling-photography-von-der-bruno-decharme-collection\/","title":{"rendered":"Ausstellung: Photo | Brut. Feeling Photography von der Bruno Decharme Collection"},"content":{"rendered":"\n<p><strong><span style=\"text-decoration: underline\">Er\u00f6ffnung:<\/span> Do, 21. Mai 2026, 19:00 Uhr<\/strong><br \/><strong><span style=\"text-decoration: underline\">Ausstellungsdauer:<\/span> 22. Mai \u2013 6. September 2026 <\/strong>(\u00d6ffnungszeiten: Di \u2013 So: 11\u201319 Uhr)<strong><br \/><\/strong><strong><u>Ort:<\/u> <\/strong>FOTO ARSENAL WIEN, Arsenal Objekt 19A, 1030 Wien<br \/><strong><u>Info und Karten:<\/u> <\/strong><a href=\"fotoarsenalwien.at\" target=\"_blank\" rel=\"noopener\">fotoarsenalwien.at<\/a><br \/><br \/><br \/><\/p>\n<p style=\"text-align: justify\">Was, wenn jemand \u00fcber Jahrzehnte hinweg Fotografien mit kleinen Buchstaben beschriftet \u2013 nicht nur ein paar Bilder, sondern tausende? Was, wenn sich ein Automechaniker als Kleopatra, Stalin oder als Hollywoodstar f\u00fcr die Kamera verkleidet \u2013 nicht in einigen Rollen, sondern hunderten, tausenden?<br \/><br \/><\/p>\n<p style=\"text-align: justify\"><em>Photo<\/em><em>|<\/em><em>Brut. Feeling Photography \u2013 from the Bruno Decharme Collection <\/em>versteht solche leidenschaftlichen Auseinandersetzungen als k\u00fcnstlerische Prozesse von AutodidaktInnen, die jenseits eines normativen Kunstverst\u00e4ndnisses eigenst\u00e4ndige Kunst- und Bildwelten hervorbringen. Menschen mit psychischen oder physischen Einschr\u00e4nkungen, gesellschaftliche Au\u00dfenseiterInnen oder verborgene ProduzentInnen er\u00f6ffnen so neue k\u00fcnstlerische Fragestellungen und \u00e4sthetische Wege \u2013 frei von akademischen Einfl\u00fcssen, Kunstmarkt und Normen. So entstehen \u00fcber Jahrzehnte Werke von gro\u00dfer \u00e4sthetischer Relevanz.<\/p>\n<p style=\"text-align: justify\">FOTO ARSENAL WIEN zeigt 150 Arbeiten \u2013 unter anderem vom polnischen K\u00fcnstler Tomasz Machci\u0144ski\u00a0\u2013 aus der Sammlung Bruno Decharme.<br \/><br \/><em>Tomasz Machci\u0144ski schuf Tausende fotografische Selbstportr\u00e4ts. Dabei schl\u00fcpfte er in bekannte Figuren aus Geschichte, Literatur, Politik und Kultur, aber auch in von ihm selbst erfundene Menschentypen. Seinen eigenen K\u00f6rper nutzte er als Medium eines \u00fcber ein halbes Jahrhundert hinweg konsequent verfolgten k\u00fcnstlerischen Projekts, das als offenes Werk angelegt war. Zugleich war er Regisseur und Darsteller, Maskenbildner und Kost\u00fcmbildner sowie schlie\u00dflich K\u00fcnstler, Fotograf und Archivar seines eigenen Schaffens.<\/em><\/p>\n<p>\u00a0<\/p>\n<hr \/>\n<p><strong><u>Veranstalter<\/u><\/strong><strong>:<\/strong> FOTO ARSENAL WIEN<br \/><strong><u>Partner: <\/u><\/strong>Polnisches Institut Wien, Capa Center, Gugging<\/p>\n","protected":false},"excerpt":{"rendered":"<p>Er\u00f6ffnung: Do, 21. Mai 2026, 19:00 UhrAusstellungsdauer: 22. Mai \u2013 6. September 2026 (\u00d6ffnungszeiten: Di \u2013 So: 11\u201319 Uhr)Ort: FOTO ARSENAL WIEN, Arsenal Objekt 19A, 1030 WienInfo und Karten: fotoarsenalwien.at Was, wenn jemand \u00fcber Jahrzehnte hinweg Fotografien mit kleinen Buchstaben beschriftet \u2013 nicht nur ein paar Bilder, sondern tausende? Was, wenn sich ein Automechaniker als [&hellip;]<\/p>\n","protected":false},"author":154,"featured_media":30659,"comment_status":"open","ping_status":"open","sticky":false,"template":"","format":"standard","meta":{"inline_featured_image":false,"_monsterinsights_skip_tracking":false,"_monsterinsights_sitenote_active":false,"_monsterinsights_sitenote_note":"","_monsterinsights_sitenote_category":0,"footnotes":""},"categories":[53,27],"tags":[],"class_list":["post-30658","post","type-post","status-publish","format-standard","has-post-thumbnail","hentry","category-kunst","category-programm"],"yoast_head":"<!-- This site is optimized with the Yoast SEO plugin v24.6 - https:\/\/yoast.com\/wordpress\/plugins\/seo\/ -->\n<title>Ausstellung: Photo | Brut. Feeling Photography von der Bruno Decharme Collection - Instytut Polski w Wiedniu<\/title>\n<meta name=\"robots\" content=\"index, follow, max-snippet:-1, max-image-preview:large, max-video-preview:-1\" \/>\n<link rel=\"canonical\" href=\"https:\/\/instytutpolski.pl\/wien\/2026\/04\/30\/ausstellung-photo-brut-feeling-photography-von-der-bruno-decharme-collection\/\" \/>\n<meta property=\"og:locale\" content=\"pl_PL\" \/>\n<meta property=\"og:type\" content=\"article\" \/>\n<meta property=\"og:title\" content=\"Ausstellung: Photo | Brut. Feeling Photography von der Bruno Decharme Collection - Instytut Polski w Wiedniu\" \/>\n<meta property=\"og:description\" content=\"Er\u00f6ffnung: Do, 21. Mai 2026, 19:00 UhrAusstellungsdauer: 22. Mai \u2013 6. September 2026 (\u00d6ffnungszeiten: Di \u2013 So: 11\u201319 Uhr)Ort: FOTO ARSENAL WIEN, Arsenal Objekt 19A, 1030 WienInfo und Karten: fotoarsenalwien.at Was, wenn jemand \u00fcber Jahrzehnte hinweg Fotografien mit kleinen Buchstaben beschriftet \u2013 nicht nur ein paar Bilder, sondern tausende? Was, wenn sich ein Automechaniker als [&hellip;]\" \/>\n<meta property=\"og:url\" content=\"https:\/\/instytutpolski.pl\/wien\/2026\/04\/30\/ausstellung-photo-brut-feeling-photography-von-der-bruno-decharme-collection\/\" \/>\n<meta property=\"og:site_name\" content=\"Instytut Polski w Wiedniu\" \/>\n<meta property=\"article:published_time\" content=\"2026-04-30T09:57:21+00:00\" \/>\n<meta property=\"article:modified_time\" content=\"2026-04-30T10:21:58+00:00\" \/>\n<meta property=\"og:image\" content=\"https:\/\/instytutpolski.pl\/wien\/wp-content\/uploads\/sites\/2\/2026\/04\/FOTO_ARSENAL_WIEN_Logo_Lang_rgb.png\" \/>\n\t<meta property=\"og:image:width\" content=\"3873\" \/>\n\t<meta property=\"og:image:height\" content=\"815\" \/>\n\t<meta property=\"og:image:type\" content=\"image\/png\" \/>\n<meta name=\"author\" content=\"madanya\" \/>\n<meta name=\"twitter:card\" content=\"summary_large_image\" \/>\n<meta name=\"twitter:label1\" content=\"Napisane przez\" \/>\n\t<meta name=\"twitter:data1\" content=\"madanya\" \/>\n\t<meta name=\"twitter:label2\" content=\"Szacowany czas czytania\" \/>\n\t<meta name=\"twitter:data2\" content=\"2 minuty\" \/>\n<script type=\"application\/ld+json\" class=\"yoast-schema-graph\">{\"@context\":\"https:\/\/schema.org\",\"@graph\":[{\"@type\":\"event\",\"@id\":\"https:\/\/instytutpolski.pl\/wien\/2026\/04\/30\/ausstellung-photo-brut-feeling-photography-von-der-bruno-decharme-collection\/\",\"url\":\"https:\/\/instytutpolski.pl\/wien\/2026\/04\/30\/ausstellung-photo-brut-feeling-photography-von-der-bruno-decharme-collection\/\",\"name\":\"Ausstellung: Photo | Brut. Feeling Photography von der Bruno Decharme Collection\",\"isPartOf\":{\"@id\":\"https:\/\/instytutpolski.pl\/wien\/#website\"},\"primaryImageOfPage\":{\"@id\":\"https:\/\/instytutpolski.pl\/wien\/2026\/04\/30\/ausstellung-photo-brut-feeling-photography-von-der-bruno-decharme-collection\/#primaryimage\"},\"image\":[\"https:\/\/instytutpolski.pl\/wien\/wp-content\/uploads\/sites\/2\/2026\/04\/FOTO_ARSENAL_WIEN_Logo_Lang_rgb.png\",\"https:\/\/instytutpolski.pl\/wien\/wp-content\/uploads\/sites\/2\/2026\/04\/FOTO_ARSENAL_WIEN_Logo_Lang_rgb-300x63.png\",\"https:\/\/instytutpolski.pl\/wien\/wp-content\/uploads\/sites\/2\/2026\/04\/FOTO_ARSENAL_WIEN_Logo_Lang_rgb-1024x215.png\",\"https:\/\/instytutpolski.pl\/wien\/wp-content\/uploads\/sites\/2\/2026\/04\/FOTO_ARSENAL_WIEN_Logo_Lang_rgb.png\"],\"thumbnailUrl\":\"https:\/\/instytutpolski.pl\/wien\/wp-content\/uploads\/sites\/2\/2026\/04\/FOTO_ARSENAL_WIEN_Logo_Lang_rgb.png\",\"datePublished\":\"2026-04-30T09:57:21+02:00\",\"dateModified\":\"2026-04-30T10:21:58+02:00\",\"author\":{\"@id\":\"https:\/\/instytutpolski.pl\/wien\/#\/schema\/person\/8d5323f296dd37d9db688cda4648396e\"},\"breadcrumb\":{\"@id\":\"https:\/\/instytutpolski.pl\/wien\/2026\/04\/30\/ausstellung-photo-brut-feeling-photography-von-der-bruno-decharme-collection\/#breadcrumb\"},\"inLanguage\":\"pl-PL\",\"potentialAction\":[{\"@type\":\"ReadAction\",\"target\":[\"https:\/\/instytutpolski.pl\/wien\/2026\/04\/30\/ausstellung-photo-brut-feeling-photography-von-der-bruno-decharme-collection\/\"]}],\"@context\":\"https:\/\/schema.org\",\"startDate\":\"2026-05-21\",\"endDate\":\"2026-09-06\",\"eventStatus\":\"EventScheduled\",\"eventAttendanceMode\":\"OfflineEventAttendanceMode\",\"location\":{\"@type\":\"place\",\"name\":\"\",\"address\":\"\",\"geo\":{\"@type\":\"GeoCoordinates\",\"latitude\":\"\",\"longitude\":\"\"}},\"description\":\"Er\u00f6ffnung: Do, 21. Mai 2026, 19:00 UhrAusstellungsdauer: 22. Mai \u2013 6. September 2026 (\u00d6ffnungszeiten: Di \u2013 So: 11\u201319 Uhr)Ort: FOTO ARSENAL WIEN, Arsenal Objekt 19A, 1030 WienInfo und Karten: fotoarsenalwien.at\\nWas, wenn jemand \u00fcber Jahrzehnte hinweg Fotografien mit kleinen Buchstaben beschriftet \u2013 nicht nur ein paar Bilder, sondern tausende? Was, wenn sich ein Automechaniker als Kleopatra, Stalin oder als Hollywoodstar f\u00fcr die Kamera verkleidet \u2013 nicht in einigen Rollen, sondern hunderten, tausenden?\\nPhoto|Brut. Feeling Photography \u2013 from the Bruno Decharme Collection versteht solche leidenschaftlichen Auseinandersetzungen als k\u00fcnstlerische Prozesse von AutodidaktInnen, die jenseits eines normativen Kunstverst\u00e4ndnisses eigenst\u00e4ndige Kunst- und Bildwelten hervorbringen. Menschen mit psychischen oder physischen Einschr\u00e4nkungen, gesellschaftliche Au\u00dfenseiterInnen oder verborgene ProduzentInnen er\u00f6ffnen so neue k\u00fcnstlerische Fragestellungen und \u00e4sthetische Wege \u2013 frei von akademischen Einfl\u00fcssen, Kunstmarkt und Normen. So entstehen \u00fcber Jahrzehnte Werke von gro\u00dfer \u00e4sthetischer Relevanz.\\nFOTO ARSENAL WIEN zeigt 150 Arbeiten \u2013 unter anderem vom polnischen K\u00fcnstler Tomasz Machci\u0144ski\u00a0\u2013 aus der Sammlung Bruno Decharme.Tomasz Machci\u0144ski schuf Tausende fotografische Selbstportr\u00e4ts. Dabei schl\u00fcpfte er in bekannte Figuren aus Geschichte, Literatur, Politik und Kultur, aber auch in von ihm selbst erfundene Menschentypen. Seinen eigenen K\u00f6rper nutzte er als Medium eines \u00fcber ein halbes Jahrhundert hinweg konsequent verfolgten k\u00fcnstlerischen Projekts, das als offenes Werk angelegt war. Zugleich war er Regisseur und Darsteller, Maskenbildner und Kost\u00fcmbildner sowie schlie\u00dflich K\u00fcnstler, Fotograf und Archivar seines eigenen Schaffens.\\n\u00a0\\nVeranstalter: FOTO ARSENAL WIENPartner: Polnisches Institut Wien, Capa Center, Gugging\"},{\"@type\":\"ImageObject\",\"inLanguage\":\"pl-PL\",\"@id\":\"https:\/\/instytutpolski.pl\/wien\/2026\/04\/30\/ausstellung-photo-brut-feeling-photography-von-der-bruno-decharme-collection\/#primaryimage\",\"url\":\"https:\/\/instytutpolski.pl\/wien\/wp-content\/uploads\/sites\/2\/2026\/04\/FOTO_ARSENAL_WIEN_Logo_Lang_rgb.png\",\"contentUrl\":\"https:\/\/instytutpolski.pl\/wien\/wp-content\/uploads\/sites\/2\/2026\/04\/FOTO_ARSENAL_WIEN_Logo_Lang_rgb.png\",\"width\":3873,\"height\":815},{\"@type\":\"BreadcrumbList\",\"@id\":\"https:\/\/instytutpolski.pl\/wien\/2026\/04\/30\/ausstellung-photo-brut-feeling-photography-von-der-bruno-decharme-collection\/#breadcrumb\",\"itemListElement\":[{\"@type\":\"ListItem\",\"position\":1,\"name\":\"Home\",\"item\":\"https:\/\/instytutpolski.pl\/wien\/pl\/\"},{\"@type\":\"ListItem\",\"position\":2,\"name\":\"Ausstellung: Photo | Brut. Feeling Photography von der Bruno Decharme Collection\"}]},{\"@type\":\"WebSite\",\"@id\":\"https:\/\/instytutpolski.pl\/wien\/#website\",\"url\":\"https:\/\/instytutpolski.pl\/wien\/\",\"name\":\"Instytut Polski w Wiedniu\",\"description\":\"Instytuty Polskie\",\"potentialAction\":[{\"@type\":\"SearchAction\",\"target\":{\"@type\":\"EntryPoint\",\"urlTemplate\":\"https:\/\/instytutpolski.pl\/wien\/?s={search_term_string}\"},\"query-input\":{\"@type\":\"PropertyValueSpecification\",\"valueRequired\":true,\"valueName\":\"search_term_string\"}}],\"inLanguage\":\"pl-PL\"},{\"@type\":\"Person\",\"@id\":\"https:\/\/instytutpolski.pl\/wien\/#\/schema\/person\/8d5323f296dd37d9db688cda4648396e\",\"name\":\"madanya\",\"image\":{\"@type\":\"ImageObject\",\"inLanguage\":\"pl-PL\",\"@id\":\"https:\/\/instytutpolski.pl\/wien\/#\/schema\/person\/image\/\",\"url\":\"https:\/\/secure.gravatar.com\/avatar\/61b0eec0056672c478378dcc8a9e8e56?s=96&d=mm&r=g\",\"contentUrl\":\"https:\/\/secure.gravatar.com\/avatar\/61b0eec0056672c478378dcc8a9e8e56?s=96&d=mm&r=g\",\"caption\":\"madanya\"},\"url\":\"https:\/\/instytutpolski.pl\/wien\/author\/madanya\/\"}]}<\/script>\n<!-- \/ Yoast SEO plugin. -->","yoast_head_json":{"title":"Ausstellung: Photo | Brut. Feeling Photography von der Bruno Decharme Collection - Instytut Polski w Wiedniu","robots":{"index":"index","follow":"follow","max-snippet":"max-snippet:-1","max-image-preview":"max-image-preview:large","max-video-preview":"max-video-preview:-1"},"canonical":"https:\/\/instytutpolski.pl\/wien\/2026\/04\/30\/ausstellung-photo-brut-feeling-photography-von-der-bruno-decharme-collection\/","og_locale":"pl_PL","og_type":"article","og_title":"Ausstellung: Photo | Brut. Feeling Photography von der Bruno Decharme Collection - Instytut Polski w Wiedniu","og_description":"Er\u00f6ffnung: Do, 21. Mai 2026, 19:00 UhrAusstellungsdauer: 22. Mai \u2013 6. September 2026 (\u00d6ffnungszeiten: Di \u2013 So: 11\u201319 Uhr)Ort: FOTO ARSENAL WIEN, Arsenal Objekt 19A, 1030 WienInfo und Karten: fotoarsenalwien.at Was, wenn jemand \u00fcber Jahrzehnte hinweg Fotografien mit kleinen Buchstaben beschriftet \u2013 nicht nur ein paar Bilder, sondern tausende? Was, wenn sich ein Automechaniker als [&hellip;]","og_url":"https:\/\/instytutpolski.pl\/wien\/2026\/04\/30\/ausstellung-photo-brut-feeling-photography-von-der-bruno-decharme-collection\/","og_site_name":"Instytut Polski w Wiedniu","article_published_time":"2026-04-30T09:57:21+00:00","article_modified_time":"2026-04-30T10:21:58+00:00","og_image":[{"width":3873,"height":815,"url":"https:\/\/instytutpolski.pl\/wien\/wp-content\/uploads\/sites\/2\/2026\/04\/FOTO_ARSENAL_WIEN_Logo_Lang_rgb.png","type":"image\/png"}],"author":"madanya","twitter_card":"summary_large_image","twitter_misc":{"Napisane przez":"madanya","Szacowany czas czytania":"2 minuty"},"schema":{"@context":"https:\/\/schema.org","@graph":[{"@type":"event","@id":"https:\/\/instytutpolski.pl\/wien\/2026\/04\/30\/ausstellung-photo-brut-feeling-photography-von-der-bruno-decharme-collection\/","url":"https:\/\/instytutpolski.pl\/wien\/2026\/04\/30\/ausstellung-photo-brut-feeling-photography-von-der-bruno-decharme-collection\/","name":"Ausstellung: Photo | Brut. Feeling Photography von der Bruno Decharme Collection","isPartOf":{"@id":"https:\/\/instytutpolski.pl\/wien\/#website"},"primaryImageOfPage":{"@id":"https:\/\/instytutpolski.pl\/wien\/2026\/04\/30\/ausstellung-photo-brut-feeling-photography-von-der-bruno-decharme-collection\/#primaryimage"},"image":["https:\/\/instytutpolski.pl\/wien\/wp-content\/uploads\/sites\/2\/2026\/04\/FOTO_ARSENAL_WIEN_Logo_Lang_rgb.png","https:\/\/instytutpolski.pl\/wien\/wp-content\/uploads\/sites\/2\/2026\/04\/FOTO_ARSENAL_WIEN_Logo_Lang_rgb-300x63.png","https:\/\/instytutpolski.pl\/wien\/wp-content\/uploads\/sites\/2\/2026\/04\/FOTO_ARSENAL_WIEN_Logo_Lang_rgb-1024x215.png","https:\/\/instytutpolski.pl\/wien\/wp-content\/uploads\/sites\/2\/2026\/04\/FOTO_ARSENAL_WIEN_Logo_Lang_rgb.png"],"thumbnailUrl":"https:\/\/instytutpolski.pl\/wien\/wp-content\/uploads\/sites\/2\/2026\/04\/FOTO_ARSENAL_WIEN_Logo_Lang_rgb.png","datePublished":"2026-04-30T09:57:21+02:00","dateModified":"2026-04-30T10:21:58+02:00","author":{"@id":"https:\/\/instytutpolski.pl\/wien\/#\/schema\/person\/8d5323f296dd37d9db688cda4648396e"},"breadcrumb":{"@id":"https:\/\/instytutpolski.pl\/wien\/2026\/04\/30\/ausstellung-photo-brut-feeling-photography-von-der-bruno-decharme-collection\/#breadcrumb"},"inLanguage":"pl-PL","potentialAction":[{"@type":"ReadAction","target":["https:\/\/instytutpolski.pl\/wien\/2026\/04\/30\/ausstellung-photo-brut-feeling-photography-von-der-bruno-decharme-collection\/"]}],"@context":"https:\/\/schema.org","startDate":"2026-05-21","endDate":"2026-09-06","eventStatus":"EventScheduled","eventAttendanceMode":"OfflineEventAttendanceMode","location":{"@type":"place","name":"","address":"","geo":{"@type":"GeoCoordinates","latitude":"","longitude":""}},"description":"Er\u00f6ffnung: Do, 21. Mai 2026, 19:00 UhrAusstellungsdauer: 22. Mai \u2013 6. September 2026 (\u00d6ffnungszeiten: Di \u2013 So: 11\u201319 Uhr)Ort: FOTO ARSENAL WIEN, Arsenal Objekt 19A, 1030 WienInfo und Karten: fotoarsenalwien.at\nWas, wenn jemand \u00fcber Jahrzehnte hinweg Fotografien mit kleinen Buchstaben beschriftet \u2013 nicht nur ein paar Bilder, sondern tausende? Was, wenn sich ein Automechaniker als Kleopatra, Stalin oder als Hollywoodstar f\u00fcr die Kamera verkleidet \u2013 nicht in einigen Rollen, sondern hunderten, tausenden?\nPhoto|Brut. Feeling Photography \u2013 from the Bruno Decharme Collection versteht solche leidenschaftlichen Auseinandersetzungen als k\u00fcnstlerische Prozesse von AutodidaktInnen, die jenseits eines normativen Kunstverst\u00e4ndnisses eigenst\u00e4ndige Kunst- und Bildwelten hervorbringen. Menschen mit psychischen oder physischen Einschr\u00e4nkungen, gesellschaftliche Au\u00dfenseiterInnen oder verborgene ProduzentInnen er\u00f6ffnen so neue k\u00fcnstlerische Fragestellungen und \u00e4sthetische Wege \u2013 frei von akademischen Einfl\u00fcssen, Kunstmarkt und Normen. So entstehen \u00fcber Jahrzehnte Werke von gro\u00dfer \u00e4sthetischer Relevanz.\nFOTO ARSENAL WIEN zeigt 150 Arbeiten \u2013 unter anderem vom polnischen K\u00fcnstler Tomasz Machci\u0144ski\u00a0\u2013 aus der Sammlung Bruno Decharme.Tomasz Machci\u0144ski schuf Tausende fotografische Selbstportr\u00e4ts. Dabei schl\u00fcpfte er in bekannte Figuren aus Geschichte, Literatur, Politik und Kultur, aber auch in von ihm selbst erfundene Menschentypen. Seinen eigenen K\u00f6rper nutzte er als Medium eines \u00fcber ein halbes Jahrhundert hinweg konsequent verfolgten k\u00fcnstlerischen Projekts, das als offenes Werk angelegt war. Zugleich war er Regisseur und Darsteller, Maskenbildner und Kost\u00fcmbildner sowie schlie\u00dflich K\u00fcnstler, Fotograf und Archivar seines eigenen Schaffens.\n\u00a0\nVeranstalter: FOTO ARSENAL WIENPartner: Polnisches Institut Wien, Capa Center, Gugging"},{"@type":"ImageObject","inLanguage":"pl-PL","@id":"https:\/\/instytutpolski.pl\/wien\/2026\/04\/30\/ausstellung-photo-brut-feeling-photography-von-der-bruno-decharme-collection\/#primaryimage","url":"https:\/\/instytutpolski.pl\/wien\/wp-content\/uploads\/sites\/2\/2026\/04\/FOTO_ARSENAL_WIEN_Logo_Lang_rgb.png","contentUrl":"https:\/\/instytutpolski.pl\/wien\/wp-content\/uploads\/sites\/2\/2026\/04\/FOTO_ARSENAL_WIEN_Logo_Lang_rgb.png","width":3873,"height":815},{"@type":"BreadcrumbList","@id":"https:\/\/instytutpolski.pl\/wien\/2026\/04\/30\/ausstellung-photo-brut-feeling-photography-von-der-bruno-decharme-collection\/#breadcrumb","itemListElement":[{"@type":"ListItem","position":1,"name":"Home","item":"https:\/\/instytutpolski.pl\/wien\/pl\/"},{"@type":"ListItem","position":2,"name":"Ausstellung: Photo | Brut. Feeling Photography von der Bruno Decharme Collection"}]},{"@type":"WebSite","@id":"https:\/\/instytutpolski.pl\/wien\/#website","url":"https:\/\/instytutpolski.pl\/wien\/","name":"Instytut Polski w Wiedniu","description":"Instytuty Polskie","potentialAction":[{"@type":"SearchAction","target":{"@type":"EntryPoint","urlTemplate":"https:\/\/instytutpolski.pl\/wien\/?s={search_term_string}"},"query-input":{"@type":"PropertyValueSpecification","valueRequired":true,"valueName":"search_term_string"}}],"inLanguage":"pl-PL"},{"@type":"Person","@id":"https:\/\/instytutpolski.pl\/wien\/#\/schema\/person\/8d5323f296dd37d9db688cda4648396e","name":"madanya","image":{"@type":"ImageObject","inLanguage":"pl-PL","@id":"https:\/\/instytutpolski.pl\/wien\/#\/schema\/person\/image\/","url":"https:\/\/secure.gravatar.com\/avatar\/61b0eec0056672c478378dcc8a9e8e56?s=96&d=mm&r=g","contentUrl":"https:\/\/secure.gravatar.com\/avatar\/61b0eec0056672c478378dcc8a9e8e56?s=96&d=mm&r=g","caption":"madanya"},"url":"https:\/\/instytutpolski.pl\/wien\/author\/madanya\/"}]}},"_links":{"self":[{"href":"https:\/\/instytutpolski.pl\/wien\/wp-json\/wp\/v2\/posts\/30658","targetHints":{"allow":["GET"]}}],"collection":[{"href":"https:\/\/instytutpolski.pl\/wien\/wp-json\/wp\/v2\/posts"}],"about":[{"href":"https:\/\/instytutpolski.pl\/wien\/wp-json\/wp\/v2\/types\/post"}],"author":[{"embeddable":true,"href":"https:\/\/instytutpolski.pl\/wien\/wp-json\/wp\/v2\/users\/154"}],"replies":[{"embeddable":true,"href":"https:\/\/instytutpolski.pl\/wien\/wp-json\/wp\/v2\/comments?post=30658"}],"version-history":[{"count":5,"href":"https:\/\/instytutpolski.pl\/wien\/wp-json\/wp\/v2\/posts\/30658\/revisions"}],"predecessor-version":[{"id":30670,"href":"https:\/\/instytutpolski.pl\/wien\/wp-json\/wp\/v2\/posts\/30658\/revisions\/30670"}],"wp:featuredmedia":[{"embeddable":true,"href":"https:\/\/instytutpolski.pl\/wien\/wp-json\/wp\/v2\/media\/30659"}],"wp:attachment":[{"href":"https:\/\/instytutpolski.pl\/wien\/wp-json\/wp\/v2\/media?parent=30658"}],"wp:term":[{"taxonomy":"category","embeddable":true,"href":"https:\/\/instytutpolski.pl\/wien\/wp-json\/wp\/v2\/categories?post=30658"},{"taxonomy":"post_tag","embeddable":true,"href":"https:\/\/instytutpolski.pl\/wien\/wp-json\/wp\/v2\/tags?post=30658"}],"curies":[{"name":"wp","href":"https:\/\/api.w.org\/{rel}","templated":true}]}}