{"id":30663,"date":"2026-04-30T11:57:21","date_gmt":"2026-04-30T09:57:21","guid":{"rendered":"https:\/\/instytutpolski.pl\/wien\/?p=30663"},"modified":"2026-04-30T12:21:26","modified_gmt":"2026-04-30T10:21:26","slug":"wystawa-photo-brut-feeling-photography-z-kolekcji-bruno-decharme","status":"publish","type":"post","link":"https:\/\/instytutpolski.pl\/wien\/pl\/2026\/04\/30\/wystawa-photo-brut-feeling-photography-z-kolekcji-bruno-decharme\/","title":{"rendered":"Wystawa: Photo | Brut. Feeling Photography z kolekcji Bruno Decharme"},"content":{"rendered":"\n<p data-start=\"38\" data-end=\"147\"><strong>Otwarcie wystawy: czw, 21 maja 2026, godz. 19:00<\/strong><br data-start=\"95\" data-end=\"98\" \/><strong>Czas trwania wystawy: 22 maja \u2013 6 wrze\u015bnia 2026<\/strong><\/p>\n<p data-start=\"149\" data-end=\"217\"><strong data-start=\"149\" data-end=\"161\">Miejsce: <\/strong>FOTO ARSENAL WIEN Arsenal Objekt 19A, 1030 Wiede\u0144<br \/><strong data-start=\"219\" data-end=\"243\">Informacje i bilety: <\/strong><a href=\"fotoarsenalwien.at\" target=\"_blank\" rel=\"noopener\">fotoarsenalwien.at <\/a><strong data-start=\"268\" data-end=\"289\">Godziny otwarcia: <\/strong>wtorek \u2013 niedziela: 11:00\u201319:00<\/p>\n<p style=\"text-align: justify\" data-start=\"332\" data-end=\"432\"><br data-start=\"349\" data-end=\"352\" \/>Co, je\u015bli kto\u015b przez dziesi\u0119ciolecia opisuje fotografie drobnym pismem \u2013 nie tylko kilka zdj\u0119\u0107, lecz tysi\u0105ce? Co, je\u015bli mechanik samochodowy przebiera si\u0119 przed obiektywem za Kleopatr\u0119, Stalina czy gwiazd\u0119 Hollywood \u2013 nie w kilku rolach, lecz w setkach, tysi\u0105cach?<\/p>\n<p style=\"text-align: justify\" data-start=\"702\" data-end=\"1258\"><em data-start=\"702\" data-end=\"774\">Photo | Brut. Feeling Photography \u2013 from the Bruno Decharme Collection<\/em> traktuje takie pe\u0142ne pasji dzia\u0142ania jako procesy artystyczne autodidakt\u00f3w, kt\u00f3rzy poza normatywnym rozumieniem sztuki tworz\u0105 w\u0142asne, niezale\u017cne \u015bwiaty wizualne. Osoby z niepe\u0142nosprawno\u015bciami psychicznymi lub fizycznymi, spo\u0142eczni outsiderzy czy ukryci tw\u00f3rcy otwieraj\u0105 w ten spos\u00f3b nowe perspektywy artystyczne i estetyczne \u2013 wolne od wp\u0142yw\u00f3w akademickich, rynku sztuki i obowi\u0105zuj\u0105cych norm. W efekcie powstaj\u0105 dzie\u0142a o du\u017cej warto\u015bci estetycznej, tworzone przez dziesi\u0119ciolecia.<\/p>\n<p style=\"text-align: justify\" data-start=\"1260\" data-end=\"1389\">FOTO ARSENAL WIEN prezentuje 150 prac \u2013 m.in. polskiego artysty Tomasza Machci\u0144skiego \u2013 pochodz\u0105cych z kolekcji Bruno Decharme.<\/p>\n<p data-start=\"1260\" data-end=\"1389\">\u00a0<\/p>\n<p data-start=\"1260\" data-end=\"1389\"><em>Tomasz Machci\u0144ski tworzy\u0142 tysi\u0105ce fotograficznych autoportret\u00f3w. Wciela\u0142 si\u0119 w znane postacie z historii, literatury, polityki, kultury, a tak\u017ce wymy\u015blone przez siebie typy ludzkie. Swoje cia\u0142o traktuj\u0105c jako medium trwaj\u0105cego ponad p\u00f3\u0142 wieku, konsekwentnie realizowanego projektu artystycznego, b\u0119d\u0105cego dzie\u0142em otwartym. By\u0142 zarazem re\u017cyserem i aktorem, charakteryzatorem i kostiumografem, wreszcie artyst\u0105 \u2013 fotografem i archiwist\u0105 w\u0142asnych dokona\u0144.<\/em><\/p>\n<p data-start=\"1260\" data-end=\"1389\">\u00a0<\/p>\n<hr \/>\n<p data-start=\"1391\" data-end=\"1490\" data-is-last-node=\"\" data-is-only-node=\"\"><strong data-start=\"1391\" data-end=\"1407\">Organizator:<\/strong> FOTO ARSENAL WIEN<br data-start=\"1425\" data-end=\"1428\" \/><strong data-start=\"1428\" data-end=\"1442\">Partnerzy:<\/strong> Instytut Polski w Wiedniu, Capa Center, Gugging<\/p>\n","protected":false},"excerpt":{"rendered":"<p>Otwarcie wystawy: czw, 21 maja 2026, godz. 19:00Czas trwania wystawy: 22 maja \u2013 6 wrze\u015bnia 2026 Miejsce: FOTO ARSENAL WIEN Arsenal Objekt 19A, 1030 Wiede\u0144Informacje i bilety: fotoarsenalwien.at Godziny otwarcia: wtorek \u2013 niedziela: 11:00\u201319:00 Co, je\u015bli kto\u015b przez dziesi\u0119ciolecia opisuje fotografie drobnym pismem \u2013 nie tylko kilka zdj\u0119\u0107, lecz tysi\u0105ce? Co, je\u015bli mechanik samochodowy przebiera [&hellip;]<\/p>\n","protected":false},"author":154,"featured_media":30659,"comment_status":"open","ping_status":"open","sticky":false,"template":"","format":"standard","meta":{"inline_featured_image":false,"_monsterinsights_skip_tracking":false,"_monsterinsights_sitenote_active":false,"_monsterinsights_sitenote_note":"","_monsterinsights_sitenote_category":0,"footnotes":""},"categories":[25,33],"tags":[],"class_list":["post-30663","post","type-post","status-publish","format-standard","has-post-thumbnail","hentry","category-program","category-sztuka"],"yoast_head":"<!-- This site is optimized with the Yoast SEO plugin v24.6 - https:\/\/yoast.com\/wordpress\/plugins\/seo\/ -->\n<title>Wystawa: Photo | Brut. Feeling Photography z kolekcji Bruno Decharme - Instytut Polski w Wiedniu<\/title>\n<meta name=\"robots\" content=\"index, follow, max-snippet:-1, max-image-preview:large, max-video-preview:-1\" \/>\n<link rel=\"canonical\" href=\"https:\/\/instytutpolski.pl\/wien\/pl\/2026\/04\/30\/wystawa-photo-brut-feeling-photography-z-kolekcji-bruno-decharme\/\" \/>\n<meta property=\"og:locale\" content=\"pl_PL\" \/>\n<meta property=\"og:type\" content=\"article\" \/>\n<meta property=\"og:title\" content=\"Wystawa: Photo | Brut. Feeling Photography z kolekcji Bruno Decharme - Instytut Polski w Wiedniu\" \/>\n<meta property=\"og:description\" content=\"Otwarcie wystawy: czw, 21 maja 2026, godz. 19:00Czas trwania wystawy: 22 maja \u2013 6 wrze\u015bnia 2026 Miejsce: FOTO ARSENAL WIEN Arsenal Objekt 19A, 1030 Wiede\u0144Informacje i bilety: fotoarsenalwien.at Godziny otwarcia: wtorek \u2013 niedziela: 11:00\u201319:00 Co, je\u015bli kto\u015b przez dziesi\u0119ciolecia opisuje fotografie drobnym pismem \u2013 nie tylko kilka zdj\u0119\u0107, lecz tysi\u0105ce? Co, je\u015bli mechanik samochodowy przebiera [&hellip;]\" \/>\n<meta property=\"og:url\" content=\"https:\/\/instytutpolski.pl\/wien\/pl\/2026\/04\/30\/wystawa-photo-brut-feeling-photography-z-kolekcji-bruno-decharme\/\" \/>\n<meta property=\"og:site_name\" content=\"Instytut Polski w Wiedniu\" \/>\n<meta property=\"article:published_time\" content=\"2026-04-30T09:57:21+00:00\" \/>\n<meta property=\"article:modified_time\" content=\"2026-04-30T10:21:26+00:00\" \/>\n<meta property=\"og:image\" content=\"https:\/\/instytutpolski.pl\/wien\/wp-content\/uploads\/sites\/2\/2026\/04\/FOTO_ARSENAL_WIEN_Logo_Lang_rgb.png\" \/>\n\t<meta property=\"og:image:width\" content=\"3873\" \/>\n\t<meta property=\"og:image:height\" content=\"815\" \/>\n\t<meta property=\"og:image:type\" content=\"image\/png\" \/>\n<meta name=\"author\" content=\"madanya\" \/>\n<meta name=\"twitter:card\" content=\"summary_large_image\" \/>\n<meta name=\"twitter:label1\" content=\"Napisane przez\" \/>\n\t<meta name=\"twitter:data1\" content=\"madanya\" \/>\n\t<meta name=\"twitter:label2\" content=\"Szacowany czas czytania\" \/>\n\t<meta name=\"twitter:data2\" content=\"2 minuty\" \/>\n<script type=\"application\/ld+json\" class=\"yoast-schema-graph\">{\"@context\":\"https:\/\/schema.org\",\"@graph\":[{\"@type\":\"event\",\"@id\":\"https:\/\/instytutpolski.pl\/wien\/pl\/2026\/04\/30\/wystawa-photo-brut-feeling-photography-z-kolekcji-bruno-decharme\/\",\"url\":\"https:\/\/instytutpolski.pl\/wien\/pl\/2026\/04\/30\/wystawa-photo-brut-feeling-photography-z-kolekcji-bruno-decharme\/\",\"name\":\"Wystawa: Photo | Brut. Feeling Photography z kolekcji Bruno Decharme\",\"isPartOf\":{\"@id\":\"https:\/\/instytutpolski.pl\/wien\/#website\"},\"primaryImageOfPage\":{\"@id\":\"https:\/\/instytutpolski.pl\/wien\/pl\/2026\/04\/30\/wystawa-photo-brut-feeling-photography-z-kolekcji-bruno-decharme\/#primaryimage\"},\"image\":[\"https:\/\/instytutpolski.pl\/wien\/wp-content\/uploads\/sites\/2\/2026\/04\/FOTO_ARSENAL_WIEN_Logo_Lang_rgb.png\",\"https:\/\/instytutpolski.pl\/wien\/wp-content\/uploads\/sites\/2\/2026\/04\/FOTO_ARSENAL_WIEN_Logo_Lang_rgb-300x63.png\",\"https:\/\/instytutpolski.pl\/wien\/wp-content\/uploads\/sites\/2\/2026\/04\/FOTO_ARSENAL_WIEN_Logo_Lang_rgb-1024x215.png\",\"https:\/\/instytutpolski.pl\/wien\/wp-content\/uploads\/sites\/2\/2026\/04\/FOTO_ARSENAL_WIEN_Logo_Lang_rgb.png\"],\"thumbnailUrl\":\"https:\/\/instytutpolski.pl\/wien\/wp-content\/uploads\/sites\/2\/2026\/04\/FOTO_ARSENAL_WIEN_Logo_Lang_rgb.png\",\"datePublished\":\"2026-04-30T09:57:21+02:00\",\"dateModified\":\"2026-04-30T10:21:26+02:00\",\"author\":{\"@id\":\"https:\/\/instytutpolski.pl\/wien\/#\/schema\/person\/8d5323f296dd37d9db688cda4648396e\"},\"breadcrumb\":{\"@id\":\"https:\/\/instytutpolski.pl\/wien\/pl\/2026\/04\/30\/wystawa-photo-brut-feeling-photography-z-kolekcji-bruno-decharme\/#breadcrumb\"},\"inLanguage\":\"pl-PL\",\"potentialAction\":[{\"@type\":\"ReadAction\",\"target\":[\"https:\/\/instytutpolski.pl\/wien\/pl\/2026\/04\/30\/wystawa-photo-brut-feeling-photography-z-kolekcji-bruno-decharme\/\"]}],\"@context\":\"https:\/\/schema.org\",\"startDate\":\"2026-05-21\",\"endDate\":\"2026-09-06\",\"eventStatus\":\"EventScheduled\",\"eventAttendanceMode\":\"OfflineEventAttendanceMode\",\"location\":{\"@type\":\"place\",\"name\":\"\",\"address\":\"\",\"geo\":{\"@type\":\"GeoCoordinates\",\"latitude\":\"\",\"longitude\":\"\"}},\"description\":\"Otwarcie wystawy: czw, 21 maja 2026, godz. 19:00Czas trwania wystawy: 22 maja \u2013 6 wrze\u015bnia 2026\\nMiejsce: FOTO ARSENAL WIEN Arsenal Objekt 19A, 1030 Wiede\u0144Informacje i bilety: fotoarsenalwien.at Godziny otwarcia: wtorek \u2013 niedziela: 11:00\u201319:00\\nCo, je\u015bli kto\u015b przez dziesi\u0119ciolecia opisuje fotografie drobnym pismem \u2013 nie tylko kilka zdj\u0119\u0107, lecz tysi\u0105ce? Co, je\u015bli mechanik samochodowy przebiera si\u0119 przed obiektywem za Kleopatr\u0119, Stalina czy gwiazd\u0119 Hollywood \u2013 nie w kilku rolach, lecz w setkach, tysi\u0105cach?\\nPhoto | Brut. Feeling Photography \u2013 from the Bruno Decharme Collection traktuje takie pe\u0142ne pasji dzia\u0142ania jako procesy artystyczne autodidakt\u00f3w, kt\u00f3rzy poza normatywnym rozumieniem sztuki tworz\u0105 w\u0142asne, niezale\u017cne \u015bwiaty wizualne. Osoby z niepe\u0142nosprawno\u015bciami psychicznymi lub fizycznymi, spo\u0142eczni outsiderzy czy ukryci tw\u00f3rcy otwieraj\u0105 w ten spos\u00f3b nowe perspektywy artystyczne i estetyczne \u2013 wolne od wp\u0142yw\u00f3w akademickich, rynku sztuki i obowi\u0105zuj\u0105cych norm. W efekcie powstaj\u0105 dzie\u0142a o du\u017cej warto\u015bci estetycznej, tworzone przez dziesi\u0119ciolecia.\\nFOTO ARSENAL WIEN prezentuje 150 prac \u2013 m.in. polskiego artysty Tomasza Machci\u0144skiego \u2013 pochodz\u0105cych z kolekcji Bruno Decharme.\\n\u00a0\\nTomasz Machci\u0144ski tworzy\u0142 tysi\u0105ce fotograficznych autoportret\u00f3w. Wciela\u0142 si\u0119 w znane postacie z historii, literatury, polityki, kultury, a tak\u017ce wymy\u015blone przez siebie typy ludzkie. Swoje cia\u0142o traktuj\u0105c jako medium trwaj\u0105cego ponad p\u00f3\u0142 wieku, konsekwentnie realizowanego projektu artystycznego, b\u0119d\u0105cego dzie\u0142em otwartym. By\u0142 zarazem re\u017cyserem i aktorem, charakteryzatorem i kostiumografem, wreszcie artyst\u0105 \u2013 fotografem i archiwist\u0105 w\u0142asnych dokona\u0144.\\n\u00a0\\nOrganizator: FOTO ARSENAL WIENPartnerzy: Instytut Polski w Wiedniu, Capa Center, Gugging\"},{\"@type\":\"ImageObject\",\"inLanguage\":\"pl-PL\",\"@id\":\"https:\/\/instytutpolski.pl\/wien\/pl\/2026\/04\/30\/wystawa-photo-brut-feeling-photography-z-kolekcji-bruno-decharme\/#primaryimage\",\"url\":\"https:\/\/instytutpolski.pl\/wien\/wp-content\/uploads\/sites\/2\/2026\/04\/FOTO_ARSENAL_WIEN_Logo_Lang_rgb.png\",\"contentUrl\":\"https:\/\/instytutpolski.pl\/wien\/wp-content\/uploads\/sites\/2\/2026\/04\/FOTO_ARSENAL_WIEN_Logo_Lang_rgb.png\",\"width\":3873,\"height\":815},{\"@type\":\"BreadcrumbList\",\"@id\":\"https:\/\/instytutpolski.pl\/wien\/pl\/2026\/04\/30\/wystawa-photo-brut-feeling-photography-z-kolekcji-bruno-decharme\/#breadcrumb\",\"itemListElement\":[{\"@type\":\"ListItem\",\"position\":1,\"name\":\"Home\",\"item\":\"https:\/\/instytutpolski.pl\/wien\/pl\/\"},{\"@type\":\"ListItem\",\"position\":2,\"name\":\"Wystawa: Photo | Brut. Feeling Photography z kolekcji Bruno Decharme\"}]},{\"@type\":\"WebSite\",\"@id\":\"https:\/\/instytutpolski.pl\/wien\/#website\",\"url\":\"https:\/\/instytutpolski.pl\/wien\/\",\"name\":\"Instytut Polski w Wiedniu\",\"description\":\"Instytuty Polskie\",\"potentialAction\":[{\"@type\":\"SearchAction\",\"target\":{\"@type\":\"EntryPoint\",\"urlTemplate\":\"https:\/\/instytutpolski.pl\/wien\/?s={search_term_string}\"},\"query-input\":{\"@type\":\"PropertyValueSpecification\",\"valueRequired\":true,\"valueName\":\"search_term_string\"}}],\"inLanguage\":\"pl-PL\"},{\"@type\":\"Person\",\"@id\":\"https:\/\/instytutpolski.pl\/wien\/#\/schema\/person\/8d5323f296dd37d9db688cda4648396e\",\"name\":\"madanya\",\"image\":{\"@type\":\"ImageObject\",\"inLanguage\":\"pl-PL\",\"@id\":\"https:\/\/instytutpolski.pl\/wien\/#\/schema\/person\/image\/\",\"url\":\"https:\/\/secure.gravatar.com\/avatar\/61b0eec0056672c478378dcc8a9e8e56?s=96&d=mm&r=g\",\"contentUrl\":\"https:\/\/secure.gravatar.com\/avatar\/61b0eec0056672c478378dcc8a9e8e56?s=96&d=mm&r=g\",\"caption\":\"madanya\"},\"url\":\"https:\/\/instytutpolski.pl\/wien\/author\/madanya\/\"}]}<\/script>\n<!-- \/ Yoast SEO plugin. -->","yoast_head_json":{"title":"Wystawa: Photo | Brut. Feeling Photography z kolekcji Bruno Decharme - Instytut Polski w Wiedniu","robots":{"index":"index","follow":"follow","max-snippet":"max-snippet:-1","max-image-preview":"max-image-preview:large","max-video-preview":"max-video-preview:-1"},"canonical":"https:\/\/instytutpolski.pl\/wien\/pl\/2026\/04\/30\/wystawa-photo-brut-feeling-photography-z-kolekcji-bruno-decharme\/","og_locale":"pl_PL","og_type":"article","og_title":"Wystawa: Photo | Brut. Feeling Photography z kolekcji Bruno Decharme - Instytut Polski w Wiedniu","og_description":"Otwarcie wystawy: czw, 21 maja 2026, godz. 19:00Czas trwania wystawy: 22 maja \u2013 6 wrze\u015bnia 2026 Miejsce: FOTO ARSENAL WIEN Arsenal Objekt 19A, 1030 Wiede\u0144Informacje i bilety: fotoarsenalwien.at Godziny otwarcia: wtorek \u2013 niedziela: 11:00\u201319:00 Co, je\u015bli kto\u015b przez dziesi\u0119ciolecia opisuje fotografie drobnym pismem \u2013 nie tylko kilka zdj\u0119\u0107, lecz tysi\u0105ce? Co, je\u015bli mechanik samochodowy przebiera [&hellip;]","og_url":"https:\/\/instytutpolski.pl\/wien\/pl\/2026\/04\/30\/wystawa-photo-brut-feeling-photography-z-kolekcji-bruno-decharme\/","og_site_name":"Instytut Polski w Wiedniu","article_published_time":"2026-04-30T09:57:21+00:00","article_modified_time":"2026-04-30T10:21:26+00:00","og_image":[{"width":3873,"height":815,"url":"https:\/\/instytutpolski.pl\/wien\/wp-content\/uploads\/sites\/2\/2026\/04\/FOTO_ARSENAL_WIEN_Logo_Lang_rgb.png","type":"image\/png"}],"author":"madanya","twitter_card":"summary_large_image","twitter_misc":{"Napisane przez":"madanya","Szacowany czas czytania":"2 minuty"},"schema":{"@context":"https:\/\/schema.org","@graph":[{"@type":"event","@id":"https:\/\/instytutpolski.pl\/wien\/pl\/2026\/04\/30\/wystawa-photo-brut-feeling-photography-z-kolekcji-bruno-decharme\/","url":"https:\/\/instytutpolski.pl\/wien\/pl\/2026\/04\/30\/wystawa-photo-brut-feeling-photography-z-kolekcji-bruno-decharme\/","name":"Wystawa: Photo | Brut. Feeling Photography z kolekcji Bruno Decharme","isPartOf":{"@id":"https:\/\/instytutpolski.pl\/wien\/#website"},"primaryImageOfPage":{"@id":"https:\/\/instytutpolski.pl\/wien\/pl\/2026\/04\/30\/wystawa-photo-brut-feeling-photography-z-kolekcji-bruno-decharme\/#primaryimage"},"image":["https:\/\/instytutpolski.pl\/wien\/wp-content\/uploads\/sites\/2\/2026\/04\/FOTO_ARSENAL_WIEN_Logo_Lang_rgb.png","https:\/\/instytutpolski.pl\/wien\/wp-content\/uploads\/sites\/2\/2026\/04\/FOTO_ARSENAL_WIEN_Logo_Lang_rgb-300x63.png","https:\/\/instytutpolski.pl\/wien\/wp-content\/uploads\/sites\/2\/2026\/04\/FOTO_ARSENAL_WIEN_Logo_Lang_rgb-1024x215.png","https:\/\/instytutpolski.pl\/wien\/wp-content\/uploads\/sites\/2\/2026\/04\/FOTO_ARSENAL_WIEN_Logo_Lang_rgb.png"],"thumbnailUrl":"https:\/\/instytutpolski.pl\/wien\/wp-content\/uploads\/sites\/2\/2026\/04\/FOTO_ARSENAL_WIEN_Logo_Lang_rgb.png","datePublished":"2026-04-30T09:57:21+02:00","dateModified":"2026-04-30T10:21:26+02:00","author":{"@id":"https:\/\/instytutpolski.pl\/wien\/#\/schema\/person\/8d5323f296dd37d9db688cda4648396e"},"breadcrumb":{"@id":"https:\/\/instytutpolski.pl\/wien\/pl\/2026\/04\/30\/wystawa-photo-brut-feeling-photography-z-kolekcji-bruno-decharme\/#breadcrumb"},"inLanguage":"pl-PL","potentialAction":[{"@type":"ReadAction","target":["https:\/\/instytutpolski.pl\/wien\/pl\/2026\/04\/30\/wystawa-photo-brut-feeling-photography-z-kolekcji-bruno-decharme\/"]}],"@context":"https:\/\/schema.org","startDate":"2026-05-21","endDate":"2026-09-06","eventStatus":"EventScheduled","eventAttendanceMode":"OfflineEventAttendanceMode","location":{"@type":"place","name":"","address":"","geo":{"@type":"GeoCoordinates","latitude":"","longitude":""}},"description":"Otwarcie wystawy: czw, 21 maja 2026, godz. 19:00Czas trwania wystawy: 22 maja \u2013 6 wrze\u015bnia 2026\nMiejsce: FOTO ARSENAL WIEN Arsenal Objekt 19A, 1030 Wiede\u0144Informacje i bilety: fotoarsenalwien.at Godziny otwarcia: wtorek \u2013 niedziela: 11:00\u201319:00\nCo, je\u015bli kto\u015b przez dziesi\u0119ciolecia opisuje fotografie drobnym pismem \u2013 nie tylko kilka zdj\u0119\u0107, lecz tysi\u0105ce? Co, je\u015bli mechanik samochodowy przebiera si\u0119 przed obiektywem za Kleopatr\u0119, Stalina czy gwiazd\u0119 Hollywood \u2013 nie w kilku rolach, lecz w setkach, tysi\u0105cach?\nPhoto | Brut. Feeling Photography \u2013 from the Bruno Decharme Collection traktuje takie pe\u0142ne pasji dzia\u0142ania jako procesy artystyczne autodidakt\u00f3w, kt\u00f3rzy poza normatywnym rozumieniem sztuki tworz\u0105 w\u0142asne, niezale\u017cne \u015bwiaty wizualne. Osoby z niepe\u0142nosprawno\u015bciami psychicznymi lub fizycznymi, spo\u0142eczni outsiderzy czy ukryci tw\u00f3rcy otwieraj\u0105 w ten spos\u00f3b nowe perspektywy artystyczne i estetyczne \u2013 wolne od wp\u0142yw\u00f3w akademickich, rynku sztuki i obowi\u0105zuj\u0105cych norm. W efekcie powstaj\u0105 dzie\u0142a o du\u017cej warto\u015bci estetycznej, tworzone przez dziesi\u0119ciolecia.\nFOTO ARSENAL WIEN prezentuje 150 prac \u2013 m.in. polskiego artysty Tomasza Machci\u0144skiego \u2013 pochodz\u0105cych z kolekcji Bruno Decharme.\n\u00a0\nTomasz Machci\u0144ski tworzy\u0142 tysi\u0105ce fotograficznych autoportret\u00f3w. Wciela\u0142 si\u0119 w znane postacie z historii, literatury, polityki, kultury, a tak\u017ce wymy\u015blone przez siebie typy ludzkie. Swoje cia\u0142o traktuj\u0105c jako medium trwaj\u0105cego ponad p\u00f3\u0142 wieku, konsekwentnie realizowanego projektu artystycznego, b\u0119d\u0105cego dzie\u0142em otwartym. By\u0142 zarazem re\u017cyserem i aktorem, charakteryzatorem i kostiumografem, wreszcie artyst\u0105 \u2013 fotografem i archiwist\u0105 w\u0142asnych dokona\u0144.\n\u00a0\nOrganizator: FOTO ARSENAL WIENPartnerzy: Instytut Polski w Wiedniu, Capa Center, Gugging"},{"@type":"ImageObject","inLanguage":"pl-PL","@id":"https:\/\/instytutpolski.pl\/wien\/pl\/2026\/04\/30\/wystawa-photo-brut-feeling-photography-z-kolekcji-bruno-decharme\/#primaryimage","url":"https:\/\/instytutpolski.pl\/wien\/wp-content\/uploads\/sites\/2\/2026\/04\/FOTO_ARSENAL_WIEN_Logo_Lang_rgb.png","contentUrl":"https:\/\/instytutpolski.pl\/wien\/wp-content\/uploads\/sites\/2\/2026\/04\/FOTO_ARSENAL_WIEN_Logo_Lang_rgb.png","width":3873,"height":815},{"@type":"BreadcrumbList","@id":"https:\/\/instytutpolski.pl\/wien\/pl\/2026\/04\/30\/wystawa-photo-brut-feeling-photography-z-kolekcji-bruno-decharme\/#breadcrumb","itemListElement":[{"@type":"ListItem","position":1,"name":"Home","item":"https:\/\/instytutpolski.pl\/wien\/pl\/"},{"@type":"ListItem","position":2,"name":"Wystawa: Photo | Brut. Feeling Photography z kolekcji Bruno Decharme"}]},{"@type":"WebSite","@id":"https:\/\/instytutpolski.pl\/wien\/#website","url":"https:\/\/instytutpolski.pl\/wien\/","name":"Instytut Polski w Wiedniu","description":"Instytuty Polskie","potentialAction":[{"@type":"SearchAction","target":{"@type":"EntryPoint","urlTemplate":"https:\/\/instytutpolski.pl\/wien\/?s={search_term_string}"},"query-input":{"@type":"PropertyValueSpecification","valueRequired":true,"valueName":"search_term_string"}}],"inLanguage":"pl-PL"},{"@type":"Person","@id":"https:\/\/instytutpolski.pl\/wien\/#\/schema\/person\/8d5323f296dd37d9db688cda4648396e","name":"madanya","image":{"@type":"ImageObject","inLanguage":"pl-PL","@id":"https:\/\/instytutpolski.pl\/wien\/#\/schema\/person\/image\/","url":"https:\/\/secure.gravatar.com\/avatar\/61b0eec0056672c478378dcc8a9e8e56?s=96&d=mm&r=g","contentUrl":"https:\/\/secure.gravatar.com\/avatar\/61b0eec0056672c478378dcc8a9e8e56?s=96&d=mm&r=g","caption":"madanya"},"url":"https:\/\/instytutpolski.pl\/wien\/author\/madanya\/"}]}},"_links":{"self":[{"href":"https:\/\/instytutpolski.pl\/wien\/wp-json\/wp\/v2\/posts\/30663","targetHints":{"allow":["GET"]}}],"collection":[{"href":"https:\/\/instytutpolski.pl\/wien\/wp-json\/wp\/v2\/posts"}],"about":[{"href":"https:\/\/instytutpolski.pl\/wien\/wp-json\/wp\/v2\/types\/post"}],"author":[{"embeddable":true,"href":"https:\/\/instytutpolski.pl\/wien\/wp-json\/wp\/v2\/users\/154"}],"replies":[{"embeddable":true,"href":"https:\/\/instytutpolski.pl\/wien\/wp-json\/wp\/v2\/comments?post=30663"}],"version-history":[{"count":3,"href":"https:\/\/instytutpolski.pl\/wien\/wp-json\/wp\/v2\/posts\/30663\/revisions"}],"predecessor-version":[{"id":30668,"href":"https:\/\/instytutpolski.pl\/wien\/wp-json\/wp\/v2\/posts\/30663\/revisions\/30668"}],"wp:featuredmedia":[{"embeddable":true,"href":"https:\/\/instytutpolski.pl\/wien\/wp-json\/wp\/v2\/media\/30659"}],"wp:attachment":[{"href":"https:\/\/instytutpolski.pl\/wien\/wp-json\/wp\/v2\/media?parent=30663"}],"wp:term":[{"taxonomy":"category","embeddable":true,"href":"https:\/\/instytutpolski.pl\/wien\/wp-json\/wp\/v2\/categories?post=30663"},{"taxonomy":"post_tag","embeddable":true,"href":"https:\/\/instytutpolski.pl\/wien\/wp-json\/wp\/v2\/tags?post=30663"}],"curies":[{"name":"wp","href":"https:\/\/api.w.org\/{rel}","templated":true}]}}