{"id":31506,"date":"2026-07-13T11:42:00","date_gmt":"2026-07-13T09:42:00","guid":{"rendered":"https:\/\/instytutpolski.pl\/wien\/?p=31506"},"modified":"2026-09-02T11:03:34","modified_gmt":"2026-09-02T09:03:34","slug":"czytanie-performance-spoken-word-natalia-panzer-unsafesounds-festival-2026","status":"publish","type":"post","link":"https:\/\/instytutpolski.pl\/wien\/pl\/2026\/07\/13\/czytanie-performance-spoken-word-natalia-panzer-unsafesounds-festival-2026\/","title":{"rendered":"Czytanie \/ performance spoken word: Natalia Panzer \u2013 Unsafe+Sounds Festival 2026"},"content":{"rendered":"\n<p><strong>Data i godzina: pi\u0105tek, 04.09.2026, godz. 19:00<br \/><\/strong><strong>Miejsce:<\/strong> <strong>Wotruba<\/strong><strong>\u00a0<\/strong><strong>Kirche Zur Hlst. Dreifaltigkeit, Ottillingerplatz 1, 1230 Wiede\u0144<br \/><\/strong><a href=\"https:\/\/kupfticket.com\/en\/shops\/unsafesounds-festival\" target=\"_blank\" rel=\"noopener\"><b>Info festiwal<\/b><\/a><\/p>\n\n\n\n<p class=\"isSelectedEnd\" style=\"text-align: justify\">W ramach <strong>Unsafe+Sounds Festival<\/strong> mieszkaj\u0105ca w Krakowie polska pisarka i artystka d\u017awi\u0119kowa <strong>Natalia Panzer<\/strong> zaprezentuje czytanie w jednym z wiede\u0144skich ko\u015bcio\u0142\u00f3w. W swoich performansach spoken word \u0142\u0105czy wra\u017cenia, spostrze\u017cenia i obserwacje otaczaj\u0105cej j\u0105 rzeczywisto\u015bci z \u0142agodnym, wyciszonym g\u0142osem i cz\u0119sto surrealistyczn\u0105 atmosfer\u0105.<\/p>\n<p style=\"text-align: justify\">Tw\u00f3rczo\u015b\u0107 Panzer sytuuje si\u0119 na pograniczu <strong>literatury, muzyki i d\u017awi\u0119ku<\/strong>. Od 2023 roku prowadzi comiesi\u0119czn\u0105 audycj\u0119 w <strong>NTS Radio<\/strong> i wsp\u00f3\u0142pracuje z r\u00f3\u017cnymi artystkami i artystami przy projektach muzycznych oraz wyst\u0119pach na \u017cywo. Bra\u0142a udzia\u0142 w wydarzeniach m.in. w Nieuwe Instituut w Rotterdamie, Kunstverein M\u00fcnchen oraz Kaje w Nowym Jorku. Jako autorka pisa\u0142a r\u00f3wnie\u017c dla mi\u0119dzynarodowych wytw\u00f3rni muzycznych, takich jak Freedom to Spend i Mexican Summer.<br \/><br \/><strong>Czas trwania<\/strong>: 30 minut<\/p>\n<hr \/>\n<p><strong>Organizatorzy: <\/strong>Unsafe+Sounds<br \/><strong>Partner: <\/strong>\u00a0Instytut Polski w Wiedniu<\/p>\n","protected":false},"excerpt":{"rendered":"<p>Data i godzina: pi\u0105tek, 04.09.2026, godz. 19:00Miejsce: Wotruba\u00a0Kirche Zur Hlst. Dreifaltigkeit, Ottillingerplatz 1, 1230 Wiede\u0144Info festiwal W ramach Unsafe+Sounds Festival mieszkaj\u0105ca w Krakowie polska pisarka i artystka d\u017awi\u0119kowa Natalia Panzer zaprezentuje czytanie w jednym z wiede\u0144skich ko\u015bcio\u0142\u00f3w. W swoich performansach spoken word \u0142\u0105czy wra\u017cenia, spostrze\u017cenia i obserwacje otaczaj\u0105cej j\u0105 rzeczywisto\u015bci z \u0142agodnym, wyciszonym g\u0142osem i [&hellip;]<\/p>\n","protected":false},"author":216,"featured_media":31498,"comment_status":"open","ping_status":"open","sticky":true,"template":"","format":"standard","meta":{"inline_featured_image":false,"_monsterinsights_skip_tracking":false,"_monsterinsights_sitenote_active":false,"_monsterinsights_sitenote_note":"","_monsterinsights_sitenote_category":0,"footnotes":""},"categories":[36,25],"tags":[],"class_list":["post-31506","post","type-post","status-publish","format-standard","has-post-thumbnail","hentry","category-muzyka","category-program"],"yoast_head":"<!-- This site is optimized with the Yoast SEO plugin v24.6 - https:\/\/yoast.com\/wordpress\/plugins\/seo\/ -->\n<title>Czytanie \/ performance spoken word: Natalia Panzer \u2013 Unsafe+Sounds Festival 2026 - Instytut Polski w Wiedniu<\/title>\n<meta name=\"robots\" content=\"index, follow, max-snippet:-1, max-image-preview:large, max-video-preview:-1\" \/>\n<link rel=\"canonical\" href=\"https:\/\/instytutpolski.pl\/wien\/pl\/2026\/07\/13\/czytanie-performance-spoken-word-natalia-panzer-unsafesounds-festival-2026\/\" \/>\n<meta property=\"og:locale\" content=\"pl_PL\" \/>\n<meta property=\"og:type\" content=\"article\" \/>\n<meta property=\"og:title\" content=\"Czytanie \/ performance spoken word: Natalia Panzer \u2013 Unsafe+Sounds Festival 2026 - Instytut Polski w Wiedniu\" \/>\n<meta property=\"og:description\" content=\"Data i godzina: pi\u0105tek, 04.09.2026, godz. 19:00Miejsce: Wotruba\u00a0Kirche Zur Hlst. Dreifaltigkeit, Ottillingerplatz 1, 1230 Wiede\u0144Info festiwal W ramach Unsafe+Sounds Festival mieszkaj\u0105ca w Krakowie polska pisarka i artystka d\u017awi\u0119kowa Natalia Panzer zaprezentuje czytanie w jednym z wiede\u0144skich ko\u015bcio\u0142\u00f3w. W swoich performansach spoken word \u0142\u0105czy wra\u017cenia, spostrze\u017cenia i obserwacje otaczaj\u0105cej j\u0105 rzeczywisto\u015bci z \u0142agodnym, wyciszonym g\u0142osem i [&hellip;]\" \/>\n<meta property=\"og:url\" content=\"https:\/\/instytutpolski.pl\/wien\/pl\/2026\/07\/13\/czytanie-performance-spoken-word-natalia-panzer-unsafesounds-festival-2026\/\" \/>\n<meta property=\"og:site_name\" content=\"Instytut Polski w Wiedniu\" \/>\n<meta property=\"article:published_time\" content=\"2026-07-13T09:42:00+00:00\" \/>\n<meta property=\"article:modified_time\" content=\"2026-09-02T09:03:34+00:00\" \/>\n<meta property=\"og:image\" content=\"https:\/\/instytutpolski.pl\/wien\/wp-content\/uploads\/sites\/2\/2026\/08\/778226503_18385444240201811_3523484080887360125_n.jpg\" \/>\n\t<meta property=\"og:image:width\" content=\"1890\" \/>\n\t<meta property=\"og:image:height\" content=\"2362\" \/>\n\t<meta property=\"og:image:type\" content=\"image\/jpeg\" \/>\n<meta name=\"author\" content=\"fabianskai\" \/>\n<meta name=\"twitter:card\" content=\"summary_large_image\" \/>\n<meta name=\"twitter:label1\" content=\"Napisane przez\" \/>\n\t<meta name=\"twitter:data1\" content=\"fabianskai\" \/>\n\t<meta name=\"twitter:label2\" content=\"Szacowany czas czytania\" \/>\n\t<meta name=\"twitter:data2\" content=\"2 minuty\" \/>\n<script type=\"application\/ld+json\" class=\"yoast-schema-graph\">{\"@context\":\"https:\/\/schema.org\",\"@graph\":[{\"@type\":\"event\",\"@id\":\"https:\/\/instytutpolski.pl\/wien\/pl\/2026\/07\/13\/czytanie-performance-spoken-word-natalia-panzer-unsafesounds-festival-2026\/\",\"url\":\"https:\/\/instytutpolski.pl\/wien\/pl\/2026\/07\/13\/czytanie-performance-spoken-word-natalia-panzer-unsafesounds-festival-2026\/\",\"name\":\"Czytanie \/ performance spoken word: Natalia Panzer \u2013 Unsafe+Sounds Festival 2026\",\"isPartOf\":{\"@id\":\"https:\/\/instytutpolski.pl\/wien\/#website\"},\"primaryImageOfPage\":{\"@id\":\"https:\/\/instytutpolski.pl\/wien\/pl\/2026\/07\/13\/czytanie-performance-spoken-word-natalia-panzer-unsafesounds-festival-2026\/#primaryimage\"},\"image\":[\"https:\/\/instytutpolski.pl\/wien\/wp-content\/uploads\/sites\/2\/2026\/08\/778226503_18385444240201811_3523484080887360125_n.jpg\",\"https:\/\/instytutpolski.pl\/wien\/wp-content\/uploads\/sites\/2\/2026\/08\/778226503_18385444240201811_3523484080887360125_n-240x300.jpg\",\"https:\/\/instytutpolski.pl\/wien\/wp-content\/uploads\/sites\/2\/2026\/08\/778226503_18385444240201811_3523484080887360125_n-819x1024.jpg\",\"https:\/\/instytutpolski.pl\/wien\/wp-content\/uploads\/sites\/2\/2026\/08\/778226503_18385444240201811_3523484080887360125_n.jpg\"],\"thumbnailUrl\":\"https:\/\/instytutpolski.pl\/wien\/wp-content\/uploads\/sites\/2\/2026\/08\/778226503_18385444240201811_3523484080887360125_n.jpg\",\"datePublished\":\"2026-07-13T09:42:00+02:00\",\"dateModified\":\"2026-09-02T09:03:34+02:00\",\"author\":{\"@id\":\"https:\/\/instytutpolski.pl\/wien\/#\/schema\/person\/f6f31f979736d8bebf0e5af2ab4517db\"},\"breadcrumb\":{\"@id\":\"https:\/\/instytutpolski.pl\/wien\/pl\/2026\/07\/13\/czytanie-performance-spoken-word-natalia-panzer-unsafesounds-festival-2026\/#breadcrumb\"},\"inLanguage\":\"pl-PL\",\"potentialAction\":[{\"@type\":\"ReadAction\",\"target\":[\"https:\/\/instytutpolski.pl\/wien\/pl\/2026\/07\/13\/czytanie-performance-spoken-word-natalia-panzer-unsafesounds-festival-2026\/\"]}],\"@context\":\"https:\/\/schema.org\",\"startDate\":\"2026-09-04T07:00:00+02:00\",\"endDate\":\"2026-09-04T07:30:00+02:00\",\"eventStatus\":\"EventScheduled\",\"eventAttendanceMode\":\"OfflineEventAttendanceMode\",\"location\":{\"@type\":\"place\",\"name\":\"\",\"address\":\"\",\"geo\":{\"@type\":\"GeoCoordinates\",\"latitude\":\"\",\"longitude\":\"\"}},\"description\":\"Data i godzina: pi\u0105tek, 04.09.2026, godz. 19:00Miejsce: Wotruba\u00a0Kirche Zur Hlst. Dreifaltigkeit, Ottillingerplatz 1, 1230 Wiede\u0144Info festiwal\\nW ramach Unsafe+Sounds Festival mieszkaj\u0105ca w Krakowie polska pisarka i artystka d\u017awi\u0119kowa Natalia Panzer zaprezentuje czytanie w jednym z wiede\u0144skich ko\u015bcio\u0142\u00f3w. W swoich performansach spoken word \u0142\u0105czy wra\u017cenia, spostrze\u017cenia i obserwacje otaczaj\u0105cej j\u0105 rzeczywisto\u015bci z \u0142agodnym, wyciszonym g\u0142osem i cz\u0119sto surrealistyczn\u0105 atmosfer\u0105.\\nTw\u00f3rczo\u015b\u0107 Panzer sytuuje si\u0119 na pograniczu literatury, muzyki i d\u017awi\u0119ku. Od 2023 roku prowadzi comiesi\u0119czn\u0105 audycj\u0119 w NTS Radio i wsp\u00f3\u0142pracuje z r\u00f3\u017cnymi artystkami i artystami przy projektach muzycznych oraz wyst\u0119pach na \u017cywo. Bra\u0142a udzia\u0142 w wydarzeniach m.in. w Nieuwe Instituut w Rotterdamie, Kunstverein M\u00fcnchen oraz Kaje w Nowym Jorku. Jako autorka pisa\u0142a r\u00f3wnie\u017c dla mi\u0119dzynarodowych wytw\u00f3rni muzycznych, takich jak Freedom to Spend i Mexican Summer.Czas trwania: 30 minut\\nOrganizatorzy: Unsafe+SoundsPartner: \u00a0Instytut Polski w Wiedniu\"},{\"@type\":\"ImageObject\",\"inLanguage\":\"pl-PL\",\"@id\":\"https:\/\/instytutpolski.pl\/wien\/pl\/2026\/07\/13\/czytanie-performance-spoken-word-natalia-panzer-unsafesounds-festival-2026\/#primaryimage\",\"url\":\"https:\/\/instytutpolski.pl\/wien\/wp-content\/uploads\/sites\/2\/2026\/08\/778226503_18385444240201811_3523484080887360125_n.jpg\",\"contentUrl\":\"https:\/\/instytutpolski.pl\/wien\/wp-content\/uploads\/sites\/2\/2026\/08\/778226503_18385444240201811_3523484080887360125_n.jpg\",\"width\":1890,\"height\":2362,\"caption\":\"\u00a9 Unsafe+Sounds Festival\"},{\"@type\":\"BreadcrumbList\",\"@id\":\"https:\/\/instytutpolski.pl\/wien\/pl\/2026\/07\/13\/czytanie-performance-spoken-word-natalia-panzer-unsafesounds-festival-2026\/#breadcrumb\",\"itemListElement\":[{\"@type\":\"ListItem\",\"position\":1,\"name\":\"Home\",\"item\":\"https:\/\/instytutpolski.pl\/wien\/pl\/\"},{\"@type\":\"ListItem\",\"position\":2,\"name\":\"Czytanie \/ performance spoken word: Natalia Panzer \u2013 Unsafe+Sounds Festival 2026\"}]},{\"@type\":\"WebSite\",\"@id\":\"https:\/\/instytutpolski.pl\/wien\/#website\",\"url\":\"https:\/\/instytutpolski.pl\/wien\/\",\"name\":\"Instytut Polski w Wiedniu\",\"description\":\"Instytuty Polskie\",\"potentialAction\":[{\"@type\":\"SearchAction\",\"target\":{\"@type\":\"EntryPoint\",\"urlTemplate\":\"https:\/\/instytutpolski.pl\/wien\/?s={search_term_string}\"},\"query-input\":{\"@type\":\"PropertyValueSpecification\",\"valueRequired\":true,\"valueName\":\"search_term_string\"}}],\"inLanguage\":\"pl-PL\"},{\"@type\":\"Person\",\"@id\":\"https:\/\/instytutpolski.pl\/wien\/#\/schema\/person\/f6f31f979736d8bebf0e5af2ab4517db\",\"name\":\"fabianskai\",\"image\":{\"@type\":\"ImageObject\",\"inLanguage\":\"pl-PL\",\"@id\":\"https:\/\/instytutpolski.pl\/wien\/#\/schema\/person\/image\/\",\"url\":\"https:\/\/secure.gravatar.com\/avatar\/156ecae343fbe263bf21ea2fc3d3d7c9?s=96&d=mm&r=g\",\"contentUrl\":\"https:\/\/secure.gravatar.com\/avatar\/156ecae343fbe263bf21ea2fc3d3d7c9?s=96&d=mm&r=g\",\"caption\":\"fabianskai\"},\"url\":\"https:\/\/instytutpolski.pl\/wien\/author\/fabianskai\/\"}]}<\/script>\n<!-- \/ Yoast SEO plugin. -->","yoast_head_json":{"title":"Czytanie \/ performance spoken word: Natalia Panzer \u2013 Unsafe+Sounds Festival 2026 - Instytut Polski w Wiedniu","robots":{"index":"index","follow":"follow","max-snippet":"max-snippet:-1","max-image-preview":"max-image-preview:large","max-video-preview":"max-video-preview:-1"},"canonical":"https:\/\/instytutpolski.pl\/wien\/pl\/2026\/07\/13\/czytanie-performance-spoken-word-natalia-panzer-unsafesounds-festival-2026\/","og_locale":"pl_PL","og_type":"article","og_title":"Czytanie \/ performance spoken word: Natalia Panzer \u2013 Unsafe+Sounds Festival 2026 - Instytut Polski w Wiedniu","og_description":"Data i godzina: pi\u0105tek, 04.09.2026, godz. 19:00Miejsce: Wotruba\u00a0Kirche Zur Hlst. Dreifaltigkeit, Ottillingerplatz 1, 1230 Wiede\u0144Info festiwal W ramach Unsafe+Sounds Festival mieszkaj\u0105ca w Krakowie polska pisarka i artystka d\u017awi\u0119kowa Natalia Panzer zaprezentuje czytanie w jednym z wiede\u0144skich ko\u015bcio\u0142\u00f3w. W swoich performansach spoken word \u0142\u0105czy wra\u017cenia, spostrze\u017cenia i obserwacje otaczaj\u0105cej j\u0105 rzeczywisto\u015bci z \u0142agodnym, wyciszonym g\u0142osem i [&hellip;]","og_url":"https:\/\/instytutpolski.pl\/wien\/pl\/2026\/07\/13\/czytanie-performance-spoken-word-natalia-panzer-unsafesounds-festival-2026\/","og_site_name":"Instytut Polski w Wiedniu","article_published_time":"2026-07-13T09:42:00+00:00","article_modified_time":"2026-09-02T09:03:34+00:00","og_image":[{"width":1890,"height":2362,"url":"https:\/\/instytutpolski.pl\/wien\/wp-content\/uploads\/sites\/2\/2026\/08\/778226503_18385444240201811_3523484080887360125_n.jpg","type":"image\/jpeg"}],"author":"fabianskai","twitter_card":"summary_large_image","twitter_misc":{"Napisane przez":"fabianskai","Szacowany czas czytania":"2 minuty"},"schema":{"@context":"https:\/\/schema.org","@graph":[{"@type":"event","@id":"https:\/\/instytutpolski.pl\/wien\/pl\/2026\/07\/13\/czytanie-performance-spoken-word-natalia-panzer-unsafesounds-festival-2026\/","url":"https:\/\/instytutpolski.pl\/wien\/pl\/2026\/07\/13\/czytanie-performance-spoken-word-natalia-panzer-unsafesounds-festival-2026\/","name":"Czytanie \/ performance spoken word: Natalia Panzer \u2013 Unsafe+Sounds Festival 2026","isPartOf":{"@id":"https:\/\/instytutpolski.pl\/wien\/#website"},"primaryImageOfPage":{"@id":"https:\/\/instytutpolski.pl\/wien\/pl\/2026\/07\/13\/czytanie-performance-spoken-word-natalia-panzer-unsafesounds-festival-2026\/#primaryimage"},"image":["https:\/\/instytutpolski.pl\/wien\/wp-content\/uploads\/sites\/2\/2026\/08\/778226503_18385444240201811_3523484080887360125_n.jpg","https:\/\/instytutpolski.pl\/wien\/wp-content\/uploads\/sites\/2\/2026\/08\/778226503_18385444240201811_3523484080887360125_n-240x300.jpg","https:\/\/instytutpolski.pl\/wien\/wp-content\/uploads\/sites\/2\/2026\/08\/778226503_18385444240201811_3523484080887360125_n-819x1024.jpg","https:\/\/instytutpolski.pl\/wien\/wp-content\/uploads\/sites\/2\/2026\/08\/778226503_18385444240201811_3523484080887360125_n.jpg"],"thumbnailUrl":"https:\/\/instytutpolski.pl\/wien\/wp-content\/uploads\/sites\/2\/2026\/08\/778226503_18385444240201811_3523484080887360125_n.jpg","datePublished":"2026-07-13T09:42:00+02:00","dateModified":"2026-09-02T09:03:34+02:00","author":{"@id":"https:\/\/instytutpolski.pl\/wien\/#\/schema\/person\/f6f31f979736d8bebf0e5af2ab4517db"},"breadcrumb":{"@id":"https:\/\/instytutpolski.pl\/wien\/pl\/2026\/07\/13\/czytanie-performance-spoken-word-natalia-panzer-unsafesounds-festival-2026\/#breadcrumb"},"inLanguage":"pl-PL","potentialAction":[{"@type":"ReadAction","target":["https:\/\/instytutpolski.pl\/wien\/pl\/2026\/07\/13\/czytanie-performance-spoken-word-natalia-panzer-unsafesounds-festival-2026\/"]}],"@context":"https:\/\/schema.org","startDate":"2026-09-04T07:00:00+02:00","endDate":"2026-09-04T07:30:00+02:00","eventStatus":"EventScheduled","eventAttendanceMode":"OfflineEventAttendanceMode","location":{"@type":"place","name":"","address":"","geo":{"@type":"GeoCoordinates","latitude":"","longitude":""}},"description":"Data i godzina: pi\u0105tek, 04.09.2026, godz. 19:00Miejsce: Wotruba\u00a0Kirche Zur Hlst. Dreifaltigkeit, Ottillingerplatz 1, 1230 Wiede\u0144Info festiwal\nW ramach Unsafe+Sounds Festival mieszkaj\u0105ca w Krakowie polska pisarka i artystka d\u017awi\u0119kowa Natalia Panzer zaprezentuje czytanie w jednym z wiede\u0144skich ko\u015bcio\u0142\u00f3w. W swoich performansach spoken word \u0142\u0105czy wra\u017cenia, spostrze\u017cenia i obserwacje otaczaj\u0105cej j\u0105 rzeczywisto\u015bci z \u0142agodnym, wyciszonym g\u0142osem i cz\u0119sto surrealistyczn\u0105 atmosfer\u0105.\nTw\u00f3rczo\u015b\u0107 Panzer sytuuje si\u0119 na pograniczu literatury, muzyki i d\u017awi\u0119ku. Od 2023 roku prowadzi comiesi\u0119czn\u0105 audycj\u0119 w NTS Radio i wsp\u00f3\u0142pracuje z r\u00f3\u017cnymi artystkami i artystami przy projektach muzycznych oraz wyst\u0119pach na \u017cywo. Bra\u0142a udzia\u0142 w wydarzeniach m.in. w Nieuwe Instituut w Rotterdamie, Kunstverein M\u00fcnchen oraz Kaje w Nowym Jorku. Jako autorka pisa\u0142a r\u00f3wnie\u017c dla mi\u0119dzynarodowych wytw\u00f3rni muzycznych, takich jak Freedom to Spend i Mexican Summer.Czas trwania: 30 minut\nOrganizatorzy: Unsafe+SoundsPartner: \u00a0Instytut Polski w Wiedniu"},{"@type":"ImageObject","inLanguage":"pl-PL","@id":"https:\/\/instytutpolski.pl\/wien\/pl\/2026\/07\/13\/czytanie-performance-spoken-word-natalia-panzer-unsafesounds-festival-2026\/#primaryimage","url":"https:\/\/instytutpolski.pl\/wien\/wp-content\/uploads\/sites\/2\/2026\/08\/778226503_18385444240201811_3523484080887360125_n.jpg","contentUrl":"https:\/\/instytutpolski.pl\/wien\/wp-content\/uploads\/sites\/2\/2026\/08\/778226503_18385444240201811_3523484080887360125_n.jpg","width":1890,"height":2362,"caption":"\u00a9 Unsafe+Sounds Festival"},{"@type":"BreadcrumbList","@id":"https:\/\/instytutpolski.pl\/wien\/pl\/2026\/07\/13\/czytanie-performance-spoken-word-natalia-panzer-unsafesounds-festival-2026\/#breadcrumb","itemListElement":[{"@type":"ListItem","position":1,"name":"Home","item":"https:\/\/instytutpolski.pl\/wien\/pl\/"},{"@type":"ListItem","position":2,"name":"Czytanie \/ performance spoken word: Natalia Panzer \u2013 Unsafe+Sounds Festival 2026"}]},{"@type":"WebSite","@id":"https:\/\/instytutpolski.pl\/wien\/#website","url":"https:\/\/instytutpolski.pl\/wien\/","name":"Instytut Polski w Wiedniu","description":"Instytuty Polskie","potentialAction":[{"@type":"SearchAction","target":{"@type":"EntryPoint","urlTemplate":"https:\/\/instytutpolski.pl\/wien\/?s={search_term_string}"},"query-input":{"@type":"PropertyValueSpecification","valueRequired":true,"valueName":"search_term_string"}}],"inLanguage":"pl-PL"},{"@type":"Person","@id":"https:\/\/instytutpolski.pl\/wien\/#\/schema\/person\/f6f31f979736d8bebf0e5af2ab4517db","name":"fabianskai","image":{"@type":"ImageObject","inLanguage":"pl-PL","@id":"https:\/\/instytutpolski.pl\/wien\/#\/schema\/person\/image\/","url":"https:\/\/secure.gravatar.com\/avatar\/156ecae343fbe263bf21ea2fc3d3d7c9?s=96&d=mm&r=g","contentUrl":"https:\/\/secure.gravatar.com\/avatar\/156ecae343fbe263bf21ea2fc3d3d7c9?s=96&d=mm&r=g","caption":"fabianskai"},"url":"https:\/\/instytutpolski.pl\/wien\/author\/fabianskai\/"}]}},"_links":{"self":[{"href":"https:\/\/instytutpolski.pl\/wien\/wp-json\/wp\/v2\/posts\/31506","targetHints":{"allow":["GET"]}}],"collection":[{"href":"https:\/\/instytutpolski.pl\/wien\/wp-json\/wp\/v2\/posts"}],"about":[{"href":"https:\/\/instytutpolski.pl\/wien\/wp-json\/wp\/v2\/types\/post"}],"author":[{"embeddable":true,"href":"https:\/\/instytutpolski.pl\/wien\/wp-json\/wp\/v2\/users\/216"}],"replies":[{"embeddable":true,"href":"https:\/\/instytutpolski.pl\/wien\/wp-json\/wp\/v2\/comments?post=31506"}],"version-history":[{"count":6,"href":"https:\/\/instytutpolski.pl\/wien\/wp-json\/wp\/v2\/posts\/31506\/revisions"}],"predecessor-version":[{"id":31567,"href":"https:\/\/instytutpolski.pl\/wien\/wp-json\/wp\/v2\/posts\/31506\/revisions\/31567"}],"wp:featuredmedia":[{"embeddable":true,"href":"https:\/\/instytutpolski.pl\/wien\/wp-json\/wp\/v2\/media\/31498"}],"wp:attachment":[{"href":"https:\/\/instytutpolski.pl\/wien\/wp-json\/wp\/v2\/media?parent=31506"}],"wp:term":[{"taxonomy":"category","embeddable":true,"href":"https:\/\/instytutpolski.pl\/wien\/wp-json\/wp\/v2\/categories?post=31506"},{"taxonomy":"post_tag","embeddable":true,"href":"https:\/\/instytutpolski.pl\/wien\/wp-json\/wp\/v2\/tags?post=31506"}],"curies":[{"name":"wp","href":"https:\/\/api.w.org\/{rel}","templated":true}]}}